{"id":128560,"date":"2026-04-30T12:20:00","date_gmt":"2026-04-30T15:20:00","guid":{"rendered":"https:\/\/www.uai.com.br\/uainoticias\/?p=128560"},"modified":"2026-04-29T14:50:40","modified_gmt":"2026-04-29T17:50:40","slug":"adeus-ao-teto-rebaixado-com-sanca-fechada-e-luz-indireta-as-tendencias-de-iluminacao-em-trilho-que-vao-dominar-em-2026","status":"publish","type":"post","link":"https:\/\/www.uai.com.br\/uainoticias\/2026\/04\/30\/adeus-ao-teto-rebaixado-com-sanca-fechada-e-luz-indireta-as-tendencias-de-iluminacao-em-trilho-que-vao-dominar-em-2026\/","title":{"rendered":"Adeus ao teto rebaixado com sanca fechada e luz indireta: as tend\u00eancias de ilumina\u00e7\u00e3o em trilho que v\u00e3o dominar em 2026"},"content":{"rendered":"\n<p>A transi\u00e7\u00e3o para projetos de ilumina\u00e7\u00e3o mais din\u00e2micos e industriais est\u00e1 eliminando a soberania dos tetos rebaixados com sancas de gesso. O uso de trilhos eletrificados surge como a principal tend\u00eancia para <strong>2026<\/strong>, priorizando a flexibilidade t\u00e9cnica.<\/p>\n\n\n\n<h2 class=\"wp-block-heading\">Por que o teto com sanca fechada est\u00e1 perdendo espa\u00e7o?<\/h2>\n\n\n\n<p>O excesso de gesso nas estruturas residenciais costuma reduzir o p\u00e9-direito e criar um visual pesado que n\u00e3o condiz com a arquitetura contempor\u00e2nea. Projetos modernos no <strong>Brasil<\/strong> buscam agora superf\u00edcies mais limpas e integradas com a estrutura original da laje.<\/p>\n\n\n\n<p>A manuten\u00e7\u00e3o de l\u00e2mpadas escondidas em sancas \u00e9 complexa e favorece o ac\u00famulo de poeira e res\u00edduos de insetos em \u00e1reas de dif\u00edcil acesso. Essa satura\u00e7\u00e3o est\u00e9tica leva designers a buscarem solu\u00e7\u00f5es que unam funcionalidade com uma instala\u00e7\u00e3o mais \u00e1gil.<\/p>\n\n\n\n<figure class=\"wp-block-image size-large\"><img decoding=\"async\" width=\"1024\" height=\"576\" src=\"https:\/\/www.uai.com.br\/uainoticias\/wp-content\/uploads\/2026\/04\/Projetos-de-iluminacao-2-1024x576.jpg\" alt=\"\" class=\"wp-image-128602\" srcset=\"https:\/\/www.uai.com.br\/uainoticias\/wp-content\/uploads\/2026\/04\/Projetos-de-iluminacao-2-1024x576.jpg 1024w, https:\/\/www.uai.com.br\/uainoticias\/wp-content\/uploads\/2026\/04\/Projetos-de-iluminacao-2-300x169.jpg 300w, https:\/\/www.uai.com.br\/uainoticias\/wp-content\/uploads\/2026\/04\/Projetos-de-iluminacao-2-768x432.jpg 768w, https:\/\/www.uai.com.br\/uainoticias\/wp-content\/uploads\/2026\/04\/Projetos-de-iluminacao-2-750x422.jpg 750w, https:\/\/www.uai.com.br\/uainoticias\/wp-content\/uploads\/2026\/04\/Projetos-de-iluminacao-2-1140x641.jpg 1140w, https:\/\/www.uai.com.br\/uainoticias\/wp-content\/uploads\/2026\/04\/Projetos-de-iluminacao-2.jpg 1280w\" sizes=\"(max-width: 1024px) 100vw, 1024px\" \/><figcaption class=\"wp-element-caption\">Ilumina\u00e7\u00e3o em trilho permite mudar pontos de luz, economiza energia e cria efeito visual moderno em qualquer ambiente &#8211; Cr\u00e9ditos: Imagem Ilustrativa<\/figcaption><\/figure>\n\n\n\n<p>Leia tamb\u00e9m: <strong><a href=\"https:\/\/www.uai.com.br\/uainoticias\/2026\/04\/29\/borrifar-vinagre-branco-e-agua-na-regiao-das-axilas-das-camisas-antes-de-lavar-para-que-serve-e-por-que-recomendam\/\" target=\"_blank\" rel=\"noreferrer noopener\">Borrifar vinagre branco e \u00e1gua na regi\u00e3o das axilas das camisas antes de lavar: para que serve e por que recomendam<\/a><\/strong><\/p>\n\n\n\n<h2 class=\"wp-block-heading\">Quais as vantagens t\u00e9cnicas dos trilhos eletrificados?<\/h2>\n\n\n\n<p>A versatilidade dos sistemas de trilhos permite que os pontos de luz sejam movidos ou adicionados conforme a mudan\u00e7a no layout do mobili\u00e1rio interno. Essa flexibilidade \u00e9 essencial para ambientes multifuncionais onde a necessidade de luz varia entre o trabalho e o descanso.<\/p>\n\n\n\n<p>Confira as especifica\u00e7\u00f5es t\u00e9cnicas e as vantagens funcionais de adotar este sistema de ilumina\u00e7\u00e3o moderna em sua resid\u00eancia:<\/p>\n\n\n\n<figure class=\"wp-block-image size-large\"><img decoding=\"async\" width=\"1024\" height=\"374\" src=\"https:\/\/www.uai.com.br\/uainoticias\/wp-content\/uploads\/2026\/04\/Projetos-de-iluminacao-tabela-1024x374.jpg\" alt=\"\" class=\"wp-image-128582\" srcset=\"https:\/\/www.uai.com.br\/uainoticias\/wp-content\/uploads\/2026\/04\/Projetos-de-iluminacao-tabela-1024x374.jpg 1024w, https:\/\/www.uai.com.br\/uainoticias\/wp-content\/uploads\/2026\/04\/Projetos-de-iluminacao-tabela-300x109.jpg 300w, https:\/\/www.uai.com.br\/uainoticias\/wp-content\/uploads\/2026\/04\/Projetos-de-iluminacao-tabela-768x280.jpg 768w, https:\/\/www.uai.com.br\/uainoticias\/wp-content\/uploads\/2026\/04\/Projetos-de-iluminacao-tabela-750x274.jpg 750w, https:\/\/www.uai.com.br\/uainoticias\/wp-content\/uploads\/2026\/04\/Projetos-de-iluminacao-tabela-1140x416.jpg 1140w, https:\/\/www.uai.com.br\/uainoticias\/wp-content\/uploads\/2026\/04\/Projetos-de-iluminacao-tabela.jpg 1280w\" sizes=\"(max-width: 1024px) 100vw, 1024px\" \/><\/figure>\n\n\n\n<h2 class=\"wp-block-heading\">Como a ilumina\u00e7\u00e3o em trilho amplia a percep\u00e7\u00e3o do p\u00e9-direito?<\/h2>\n\n\n\n<p>Ao fixar os trilhos diretamente na laje ou em um forro liso, a altura total do ambiente \u00e9 preservada, gerando uma sensa\u00e7\u00e3o de amplitude espacial imediata. Essa caracter\u00edstica \u00e9 fundamental para apartamentos compactos em grandes metr\u00f3poles como <strong>S\u00e3o Paulo<\/strong> ou <strong>Rio de Janeiro<\/strong>.<\/p>\n\n\n\n<p>O contraste entre o metal do trilho e o acabamento do teto cria linhas de fuga que direcionam o olhar, valorizando o volume do c\u00f4modo. Diferente da luz indireta da sanca, os spots permitem criar contrastes de luz e sombra mais sofisticados.<\/p>\n\n\n\n<p>Leia tamb\u00e9m: <strong><a href=\"https:\/\/www.uai.com.br\/uainoticias\/2026\/04\/29\/como-limpar-travesseiro-amarelado-de-suor-veja-como-deixa-lo-sem-manchas-e-branco-como-no-primeiro-dia\/\" target=\"_blank\" rel=\"noreferrer noopener\">Como limpar travesseiro amarelado de suor: veja como deix\u00e1-lo sem manchas e branco como no primeiro dia<\/a><\/strong><\/p>\n\n\n\n<h2 class=\"wp-block-heading\">Quais s\u00e3o as dicas para montar um sistema de trilho eficiente?<\/h2>\n\n\n\n<p>Planejar a distribui\u00e7\u00e3o dos trilhos exige aten\u00e7\u00e3o ao equil\u00edbrio entre a luz geral do ambiente e os focos de destaque em quadros ou m\u00f3veis. \u00c9 poss\u00edvel combinar diferentes modelos de spots e pendentes em um mesmo barramento met\u00e1lico para criar uma composi\u00e7\u00e3o exclusiva.<\/p>\n\n\n\n<p>Para garantir que a instala\u00e7\u00e3o seja funcional e siga os padr\u00f5es de design de interiores para <strong>2026<\/strong>, observe estes pontos fundamentais:<\/p>\n\n\n\n<ul class=\"wp-block-list\">\n<li>Utilize spots com diferentes \u00e2ngulos de abertura para criar camadas de luz personalizadas.<\/li>\n\n\n\n<li>Prefira trilhos na cor preta ou branca para garantir a harmonia crom\u00e1tica com o restante do forro.<\/li>\n\n\n\n<li>Instale dimmers para controlar a intensidade do fluxo luminoso de acordo com o hor\u00e1rio do dia.<\/li>\n\n\n\n<li>Escolha l\u00e2mpadas <strong>LED<\/strong> com alto \u00edndice de reprodu\u00e7\u00e3o de cor para valorizar os tons do ambiente.<\/li>\n<\/ul>\n\n\n\n<figure class=\"wp-block-image size-large\"><img decoding=\"async\" width=\"1024\" height=\"576\" src=\"https:\/\/www.uai.com.br\/uainoticias\/wp-content\/uploads\/2026\/04\/Projetos-de-iluminacao-3-1024x576.jpg\" alt=\"\" class=\"wp-image-128603\" srcset=\"https:\/\/www.uai.com.br\/uainoticias\/wp-content\/uploads\/2026\/04\/Projetos-de-iluminacao-3-1024x576.jpg 1024w, https:\/\/www.uai.com.br\/uainoticias\/wp-content\/uploads\/2026\/04\/Projetos-de-iluminacao-3-300x169.jpg 300w, https:\/\/www.uai.com.br\/uainoticias\/wp-content\/uploads\/2026\/04\/Projetos-de-iluminacao-3-768x432.jpg 768w, https:\/\/www.uai.com.br\/uainoticias\/wp-content\/uploads\/2026\/04\/Projetos-de-iluminacao-3-750x422.jpg 750w, https:\/\/www.uai.com.br\/uainoticias\/wp-content\/uploads\/2026\/04\/Projetos-de-iluminacao-3-1140x641.jpg 1140w, https:\/\/www.uai.com.br\/uainoticias\/wp-content\/uploads\/2026\/04\/Projetos-de-iluminacao-3.jpg 1280w\" sizes=\"(max-width: 1024px) 100vw, 1024px\" \/><figcaption class=\"wp-element-caption\">Tend\u00eancia 2026 elimina gesso pesado e aposta em trilhos LED que oferecem praticidade, est\u00e9tica e menor custo de obra &#8211; Cr\u00e9ditos: Imagem Ilustrativa<\/figcaption><\/figure>\n\n\n\n<h2 class=\"wp-block-heading\">Como integrar a ilumina\u00e7\u00e3o em trilho com diferentes estilos de decora\u00e7\u00e3o?<\/h2>\n\n\n\n<p>Embora tenha origem no estilo industrial, o trilho eletrificado se adapta perfeitamente ao minimalismo e at\u00e9 a ambientes com m\u00f3veis de madeira cl\u00e1ssica. A neutralidade das pe\u00e7as permite que a ilumina\u00e7\u00e3o seja o elemento de liga\u00e7\u00e3o entre os diferentes materiais utilizados no projeto.<\/p>\n\n\n\n<p>A substitui\u00e7\u00e3o do gesso por essa tecnologia reflete uma busca por obras mais r\u00e1pidas, limpas e com maior potencial de customiza\u00e7\u00e3o t\u00e9cnica. Adotar essa tend\u00eancia \u00e9 investir em um im\u00f3vel que valoriza a estrutura arquitet\u00f4nica e a efici\u00eancia luminosa contempor\u00e2nea.<\/p>\n","protected":false},"excerpt":{"rendered":"<p>A transi\u00e7\u00e3o para projetos de ilumina\u00e7\u00e3o mais din\u00e2micos e industriais est\u00e1 eliminando a soberania dos tetos rebaixados com sancas de gesso. O uso de trilhos eletrificados surge como a principal tend\u00eancia para 2026, priorizando a flexibilidade t\u00e9cnica. Por que o teto com sanca fechada est\u00e1 perdendo espa\u00e7o? O excesso de gesso nas estruturas residenciais costuma [&hellip;]<\/p>\n","protected":false},"author":29,"featured_media":128601,"comment_status":"open","ping_status":"open","sticky":false,"template":"","format":"standard","meta":{"jnews-multi-image_gallery":[],"jnews_single_post":{"format":"standard"},"jnews_primary_category":[],"jnews_social_meta":[],"jnews_override_counter":[],"footnotes":""},"categories":[11600],"tags":[1962,7693,23644],"class_list":["post-128560","post","type-post","status-publish","format-standard","has-post-thumbnail","hentry","category-dicas-de-casa","tag-casa","tag-luz-indireta","tag-projetos-de-iluminacao"],"yoast_head":"<!-- This site is optimized with the Yoast SEO plugin v26.5 - https:\/\/yoast.com\/wordpress\/plugins\/seo\/ -->\n<title>Adeus ao teto rebaixado com sanca fechada e luz indireta: as tend\u00eancias de ilumina\u00e7\u00e3o em trilho que v\u00e3o dominar em 2026 - UAI Not\u00edcias<\/title>\n<meta name=\"description\" content=\"Trilhos eletrificados substituem sancas de gesso, ampliam p\u00e9-direito e trazem ilumina\u00e7\u00e3o moderna e flex\u00edvel para 2026\" \/>\n<meta name=\"robots\" content=\"index, follow, max-snippet:-1, max-image-preview:large, max-video-preview:-1\" \/>\n<link rel=\"canonical\" href=\"https:\/\/www.uai.com.br\/uainoticias\/2026\/04\/30\/adeus-ao-teto-rebaixado-com-sanca-fechada-e-luz-indireta-as-tendencias-de-iluminacao-em-trilho-que-vao-dominar-em-2026\/\" \/>\n<meta property=\"og:locale\" content=\"pt_BR\" \/>\n<meta property=\"og:type\" content=\"article\" \/>\n<meta property=\"og:title\" content=\"Adeus ao teto rebaixado com sanca fechada e luz indireta: as tend\u00eancias de ilumina\u00e7\u00e3o em trilho que v\u00e3o dominar em 2026 - UAI Not\u00edcias\" \/>\n<meta property=\"og:description\" content=\"Trilhos eletrificados substituem sancas de gesso, ampliam p\u00e9-direito e trazem ilumina\u00e7\u00e3o moderna e flex\u00edvel para 2026\" \/>\n<meta property=\"og:url\" content=\"https:\/\/www.uai.com.br\/uainoticias\/2026\/04\/30\/adeus-ao-teto-rebaixado-com-sanca-fechada-e-luz-indireta-as-tendencias-de-iluminacao-em-trilho-que-vao-dominar-em-2026\/\" \/>\n<meta property=\"og:site_name\" content=\"UAI Not\u00edcias\" \/>\n<meta property=\"article:published_time\" content=\"2026-04-30T15:20:00+00:00\" \/>\n<meta property=\"og:image\" content=\"https:\/\/www.uai.com.br\/uainoticias\/wp-content\/uploads\/2026\/04\/Projetos-de-iluminacao-1.jpg\" \/>\n\t<meta property=\"og:image:width\" content=\"1280\" \/>\n\t<meta property=\"og:image:height\" content=\"720\" \/>\n\t<meta property=\"og:image:type\" content=\"image\/jpeg\" \/>\n<meta name=\"author\" content=\"Leonardo Nunes\" \/>\n<meta name=\"twitter:card\" content=\"summary_large_image\" \/>\n<meta name=\"twitter:label1\" content=\"Escrito por\" \/>\n\t<meta name=\"twitter:data1\" content=\"Leonardo Nunes\" \/>\n\t<meta name=\"twitter:label2\" content=\"Est. tempo de leitura\" \/>\n\t<meta name=\"twitter:data2\" content=\"5 minutos\" \/>\n<!-- \/ Yoast SEO plugin. -->","yoast_head_json":{"title":"Adeus ao teto rebaixado com sanca fechada e luz indireta: as tend\u00eancias de ilumina\u00e7\u00e3o em trilho que v\u00e3o dominar em 2026 - UAI Not\u00edcias","description":"Trilhos eletrificados substituem sancas de gesso, ampliam p\u00e9-direito e trazem ilumina\u00e7\u00e3o moderna e flex\u00edvel para 2026","robots":{"index":"index","follow":"follow","max-snippet":"max-snippet:-1","max-image-preview":"max-image-preview:large","max-video-preview":"max-video-preview:-1"},"canonical":"https:\/\/www.uai.com.br\/uainoticias\/2026\/04\/30\/adeus-ao-teto-rebaixado-com-sanca-fechada-e-luz-indireta-as-tendencias-de-iluminacao-em-trilho-que-vao-dominar-em-2026\/","og_locale":"pt_BR","og_type":"article","og_title":"Adeus ao teto rebaixado com sanca fechada e luz indireta: as tend\u00eancias de ilumina\u00e7\u00e3o em trilho que v\u00e3o dominar em 2026 - UAI Not\u00edcias","og_description":"Trilhos eletrificados substituem sancas de gesso, ampliam p\u00e9-direito e trazem ilumina\u00e7\u00e3o moderna e flex\u00edvel para 2026","og_url":"https:\/\/www.uai.com.br\/uainoticias\/2026\/04\/30\/adeus-ao-teto-rebaixado-com-sanca-fechada-e-luz-indireta-as-tendencias-de-iluminacao-em-trilho-que-vao-dominar-em-2026\/","og_site_name":"UAI Not\u00edcias","article_published_time":"2026-04-30T15:20:00+00:00","og_image":[{"width":1280,"height":720,"url":"https:\/\/www.uai.com.br\/uainoticias\/wp-content\/uploads\/2026\/04\/Projetos-de-iluminacao-1.jpg","type":"image\/jpeg"}],"author":"Leonardo Nunes","twitter_card":"summary_large_image","twitter_misc":{"Escrito por":"Leonardo Nunes","Est. tempo de leitura":"5 minutos"},"schema":{"@context":"https:\/\/schema.org","@graph":[{"@type":"WebPage","@id":"https:\/\/www.uai.com.br\/uainoticias\/2026\/04\/30\/adeus-ao-teto-rebaixado-com-sanca-fechada-e-luz-indireta-as-tendencias-de-iluminacao-em-trilho-que-vao-dominar-em-2026\/","url":"https:\/\/www.uai.com.br\/uainoticias\/2026\/04\/30\/adeus-ao-teto-rebaixado-com-sanca-fechada-e-luz-indireta-as-tendencias-de-iluminacao-em-trilho-que-vao-dominar-em-2026\/","name":"Adeus ao teto rebaixado com sanca fechada e luz indireta: as tend\u00eancias de ilumina\u00e7\u00e3o em trilho que v\u00e3o dominar em 2026 - UAI Not\u00edcias","isPartOf":{"@id":"https:\/\/www.uai.com.br\/uainoticias\/#website"},"primaryImageOfPage":{"@id":"https:\/\/www.uai.com.br\/uainoticias\/2026\/04\/30\/adeus-ao-teto-rebaixado-com-sanca-fechada-e-luz-indireta-as-tendencias-de-iluminacao-em-trilho-que-vao-dominar-em-2026\/#primaryimage"},"image":{"@id":"https:\/\/www.uai.com.br\/uainoticias\/2026\/04\/30\/adeus-ao-teto-rebaixado-com-sanca-fechada-e-luz-indireta-as-tendencias-de-iluminacao-em-trilho-que-vao-dominar-em-2026\/#primaryimage"},"thumbnailUrl":"https:\/\/www.uai.com.br\/uainoticias\/wp-content\/uploads\/2026\/04\/Projetos-de-iluminacao-1.jpg","datePublished":"2026-04-30T15:20:00+00:00","author":{"@id":"https:\/\/www.uai.com.br\/uainoticias\/#\/schema\/person\/f57cbcb79cae89ff53b4e2a7511676fb"},"description":"Trilhos eletrificados substituem sancas de gesso, ampliam p\u00e9-direito e trazem ilumina\u00e7\u00e3o moderna e flex\u00edvel para 2026","breadcrumb":{"@id":"https:\/\/www.uai.com.br\/uainoticias\/2026\/04\/30\/adeus-ao-teto-rebaixado-com-sanca-fechada-e-luz-indireta-as-tendencias-de-iluminacao-em-trilho-que-vao-dominar-em-2026\/#breadcrumb"},"inLanguage":"pt-BR","potentialAction":[{"@type":"ReadAction","target":["https:\/\/www.uai.com.br\/uainoticias\/2026\/04\/30\/adeus-ao-teto-rebaixado-com-sanca-fechada-e-luz-indireta-as-tendencias-de-iluminacao-em-trilho-que-vao-dominar-em-2026\/"]}]},{"@type":"ImageObject","inLanguage":"pt-BR","@id":"https:\/\/www.uai.com.br\/uainoticias\/2026\/04\/30\/adeus-ao-teto-rebaixado-com-sanca-fechada-e-luz-indireta-as-tendencias-de-iluminacao-em-trilho-que-vao-dominar-em-2026\/#primaryimage","url":"https:\/\/www.uai.com.br\/uainoticias\/wp-content\/uploads\/2026\/04\/Projetos-de-iluminacao-1.jpg","contentUrl":"https:\/\/www.uai.com.br\/uainoticias\/wp-content\/uploads\/2026\/04\/Projetos-de-iluminacao-1.jpg","width":1280,"height":720,"caption":"Entenda por que teto sem sanca valoriza espa\u00e7o, reduz manuten\u00e7\u00e3o e destaca ilumina\u00e7\u00e3o com trilhos ajust\u00e1veis - Cr\u00e9ditos: Imagem Ilustrativa"},{"@type":"BreadcrumbList","@id":"https:\/\/www.uai.com.br\/uainoticias\/2026\/04\/30\/adeus-ao-teto-rebaixado-com-sanca-fechada-e-luz-indireta-as-tendencias-de-iluminacao-em-trilho-que-vao-dominar-em-2026\/#breadcrumb","itemListElement":[{"@type":"ListItem","position":1,"name":"In\u00edcio","item":"https:\/\/www.uai.com.br\/uainoticias\/"},{"@type":"ListItem","position":2,"name":"Adeus ao teto rebaixado com sanca fechada e luz indireta: as tend\u00eancias de ilumina\u00e7\u00e3o em trilho que v\u00e3o dominar em 2026"}]},{"@type":"WebSite","@id":"https:\/\/www.uai.com.br\/uainoticias\/#website","url":"https:\/\/www.uai.com.br\/uainoticias\/","name":"UAI Not\u00edcias","description":"Acompanhe as \u00faltimas not\u00edcias e fique bem informado sobre tudo o que acontece no Brasil e no mundo.","potentialAction":[{"@type":"SearchAction","target":{"@type":"EntryPoint","urlTemplate":"https:\/\/www.uai.com.br\/uainoticias\/?s={search_term_string}"},"query-input":{"@type":"PropertyValueSpecification","valueRequired":true,"valueName":"search_term_string"}}],"inLanguage":"pt-BR"},{"@type":"Person","@id":"https:\/\/www.uai.com.br\/uainoticias\/#\/schema\/person\/f57cbcb79cae89ff53b4e2a7511676fb","name":"Leonardo Nunes","image":{"@type":"ImageObject","inLanguage":"pt-BR","@id":"https:\/\/www.uai.com.br\/uainoticias\/#\/schema\/person\/image\/","url":"https:\/\/secure.gravatar.com\/avatar\/bcbad95ea1da2f5458464789977fbb5ca8a5da4f7f82d946c83505ef5f769a9c?s=96&d=mm&r=g","contentUrl":"https:\/\/secure.gravatar.com\/avatar\/bcbad95ea1da2f5458464789977fbb5ca8a5da4f7f82d946c83505ef5f769a9c?s=96&d=mm&r=g","caption":"Leonardo Nunes"},"sameAs":["https:\/\/www.uai.com.br\/uainoticias\/"],"url":"https:\/\/www.uai.com.br\/uainoticias\/author\/leonardo-nunes\/"}]}},"_links":{"self":[{"href":"https:\/\/www.uai.com.br\/uainoticias\/wp-json\/wp\/v2\/posts\/128560","targetHints":{"allow":["GET"]}}],"collection":[{"href":"https:\/\/www.uai.com.br\/uainoticias\/wp-json\/wp\/v2\/posts"}],"about":[{"href":"https:\/\/www.uai.com.br\/uainoticias\/wp-json\/wp\/v2\/types\/post"}],"author":[{"embeddable":true,"href":"https:\/\/www.uai.com.br\/uainoticias\/wp-json\/wp\/v2\/users\/29"}],"replies":[{"embeddable":true,"href":"https:\/\/www.uai.com.br\/uainoticias\/wp-json\/wp\/v2\/comments?post=128560"}],"version-history":[{"count":2,"href":"https:\/\/www.uai.com.br\/uainoticias\/wp-json\/wp\/v2\/posts\/128560\/revisions"}],"predecessor-version":[{"id":128608,"href":"https:\/\/www.uai.com.br\/uainoticias\/wp-json\/wp\/v2\/posts\/128560\/revisions\/128608"}],"wp:featuredmedia":[{"embeddable":true,"href":"https:\/\/www.uai.com.br\/uainoticias\/wp-json\/wp\/v2\/media\/128601"}],"wp:attachment":[{"href":"https:\/\/www.uai.com.br\/uainoticias\/wp-json\/wp\/v2\/media?parent=128560"}],"wp:term":[{"taxonomy":"category","embeddable":true,"href":"https:\/\/www.uai.com.br\/uainoticias\/wp-json\/wp\/v2\/categories?post=128560"},{"taxonomy":"post_tag","embeddable":true,"href":"https:\/\/www.uai.com.br\/uainoticias\/wp-json\/wp\/v2\/tags?post=128560"}],"curies":[{"name":"wp","href":"https:\/\/api.w.org\/{rel}","templated":true}]}}