{"id":128550,"date":"2026-04-30T08:15:00","date_gmt":"2026-04-30T11:15:00","guid":{"rendered":"https:\/\/www.uai.com.br\/uainoticias\/?p=128550"},"modified":"2026-04-29T14:27:03","modified_gmt":"2026-04-29T17:27:03","slug":"criancas-mais-criativas-costumam-nascer-nesses-meses-do-ano-apontam-pesquisadores","status":"publish","type":"post","link":"https:\/\/www.uai.com.br\/uainoticias\/2026\/04\/30\/criancas-mais-criativas-costumam-nascer-nesses-meses-do-ano-apontam-pesquisadores\/","title":{"rendered":"Crian\u00e7as mais criativas costumam nascer nesses meses do ano, apontam pesquisadores"},"content":{"rendered":"\n<style>\n    @import url('https:\/\/fonts.googleapis.com\/css2?family=Inter:wght@400;700&display=swap');\n\n    .psico-card {\n        max-width: 550px;\n        background-color: #ffffff;\n        border: 1px solid #b3e5fc;\n        border-radius: 15px;\n        padding: 35px;\n        font-family: 'Inter', sans-serif;\n        color: #333;\n        box-shadow: 0 4px 12px rgba(0, 0, 0, 0.05);\n        margin: 20px auto;\n    }\n\n    .psico-card-header {\n        display: flex;\n        align-items: center;\n        justify-content: center;\n        margin-bottom: 30px;\n    }\n\n    .psico-card-header::before,\n    .psico-card-header::after {\n        content: \"\";\n        flex: 1;\n        height: 1px;\n        background-color: #e0f2f1;\n    }\n\n    .psico-card-header h2 {\n        font-size: 13px;\n        font-weight: 700;\n        color: #5AC8FA;\n        letter-spacing: 2.5px;\n        margin: 0 15px;\n        text-transform: uppercase;\n        white-space: nowrap;\n    }\n\n    .psico-list {\n        list-style: none;\n        padding: 0;\n        margin: 0;\n    }\n\n    .psico-item {\n        display: flex;\n        align-items: flex-start;\n        margin-bottom: 22px;\n        line-height: 1.6;\n    }\n\n    .psico-bullet {\n        min-width: 10px;\n        height: 10px;\n        background-color: #5AC8FA;\n        border-radius: 50%;\n        margin-top: 6px;\n        margin-right: 18px;\n    }\n\n    .psico-content {\n        font-size: 15px;\n        color: #444;\n    }\n\n    .psico-content strong {\n        font-weight: 700;\n        color: #1a1a1a;\n    }\n<\/style>\n\n<div class=\"psico-card\">\n    <div class=\"psico-card-header\">\n        <h2>Curiosidades da Psicologia<\/h2>\n    <\/div>\n    <ul class=\"psico-list\">\n        <li class=\"psico-item\">\n            <div class=\"psico-bullet\"><\/div>\n            <div class=\"psico-content\">\n                <strong>Biologia da Inova\u00e7\u00e3o<\/strong>: O m\u00eas de nascimento pode influenciar os n\u00edveis de dopamina no c\u00e9rebro, alterando a predisposi\u00e7\u00e3o para buscar novidades. Pessoas nascidas em per\u00edodos de alta exposi\u00e7\u00e3o solar tendem a desenvolver uma vis\u00e3o criativa mais expansiva e otimista.\n            <\/div>\n        <\/li>\n        <li class=\"psico-item\">\n            <div class=\"psico-bullet\"><\/div>\n            <div class=\"psico-content\">\n                <strong>Foco e Sazonalidade<\/strong>: Indiv\u00edduos que nascem no inverno costumam apresentar um padr\u00e3o criativo introspectivo e anal\u00edtico. Essa tend\u00eancia favorece atividades que exigem alto rigor t\u00e9cnico, profundidade emocional e concentra\u00e7\u00e3o em detalhes complexos.\n            <\/div>\n        <\/li>\n        <li class=\"psico-item\">\n            <div class=\"psico-bullet\"><\/div>\n            <div class=\"psico-content\">\n                <strong>Qu\u00edmica Mental Resiliente<\/strong>: A exposi\u00e7\u00e3o a nutrientes e ciclos de luz durante a gesta\u00e7\u00e3o molda a flexibilidade mental para lidar com desafios. Entender esse &#8220;rel\u00f3gio biol\u00f3gico&#8221; ajuda a alinhar a rotina de trabalho com os picos naturais de lucidez intelectual.\n            <\/div>\n        <\/li>\n    <\/ul>\n<\/div>\n\n\n\n<p>A rela\u00e7\u00e3o entre a data em que nascemos e o desenvolvimento das nossas habilidades cognitivas desperta a curiosidade de cientistas e entusiastas do comportamento humano. Estudos sugerem que o <strong>padr\u00e3o criativo<\/strong> pode ser moldado por fatores sazonais e ambientais que influenciam os primeiros meses de vida.<\/p>\n\n\n\n<h2 class=\"wp-block-heading\">Influ\u00eancia da sazonalidade no desenvolvimento da criatividade<\/h2>\n\n\n\n<p>O <strong>padr\u00e3o criativo<\/strong> est\u00e1 frequentemente ligado \u00e0 exposi\u00e7\u00e3o solar e aos n\u00edveis de dopamina que o rec\u00e9m-nascido recebe durante as primeiras fases de desenvolvimento. <a href=\"https:\/\/pmc.ncbi.nlm.nih.gov\/articles\/PMC8232405\/\" target=\"_blank\" rel=\"noreferrer noopener\">Pesquisas indicam<\/a> que pessoas nascidas em \u00e9pocas de transi\u00e7\u00e3o clim\u00e1tica tendem a apresentar uma maior facilidade para solucionar problemas complexos em <strong>Portugal<\/strong> ou no <strong>Brasil<\/strong>.<\/p>\n\n\n\n<p>O ambiente externo atua como um catalisador para a <strong>neuroplasticidade<\/strong>, permitindo que o c\u00e9rebro processe est\u00edmulos visuais de maneira distinta conforme a luminosidade dispon\u00edvel. Observar como essas vari\u00e1veis moldam o pensamento inovador ajuda a compreender por que certos perfis profissionais se destacam em \u00e1reas art\u00edsticas espec\u00edficas.<\/p>\n\n\n<div class=\"wp-block-image\">\n<figure class=\"aligncenter size-large\"><img decoding=\"async\" width=\"1024\" height=\"576\" src=\"https:\/\/www.uai.com.br\/uainoticias\/wp-content\/uploads\/2026\/04\/crianca-desenhando--1024x576.jpg\" alt=\"\" class=\"wp-image-125257\" srcset=\"https:\/\/www.uai.com.br\/uainoticias\/wp-content\/uploads\/2026\/04\/crianca-desenhando--1024x576.jpg 1024w, https:\/\/www.uai.com.br\/uainoticias\/wp-content\/uploads\/2026\/04\/crianca-desenhando--300x169.jpg 300w, https:\/\/www.uai.com.br\/uainoticias\/wp-content\/uploads\/2026\/04\/crianca-desenhando--768x432.jpg 768w, https:\/\/www.uai.com.br\/uainoticias\/wp-content\/uploads\/2026\/04\/crianca-desenhando--750x422.jpg 750w, https:\/\/www.uai.com.br\/uainoticias\/wp-content\/uploads\/2026\/04\/crianca-desenhando--1140x641.jpg 1140w, https:\/\/www.uai.com.br\/uainoticias\/wp-content\/uploads\/2026\/04\/crianca-desenhando-.jpg 1280w\" sizes=\"(max-width: 1024px) 100vw, 1024px\" \/><figcaption class=\"wp-element-caption\">O ato de segurar o l\u00e1pis e traduzir pensamentos em formas visuais estimula a neuroplasticidade <\/figcaption><\/figure><\/div>\n\n\n<h2 class=\"wp-block-heading\">M\u00eas de mar\u00e7o e a facilidade para inova\u00e7\u00e3o art\u00edstica<\/h2>\n\n\n\n<p>Indiv\u00edduos que celebram o anivers\u00e1rio em <strong>Mar\u00e7o<\/strong> costumam demonstrar uma inclina\u00e7\u00e3o natural para as artes visuais e a escrita devido \u00e0 transi\u00e7\u00e3o para a primavera no hemisf\u00e9rio norte. Esse <strong>perfil inovador<\/strong> \u00e9 caracterizado por uma sensibilidade agu\u00e7ada, facilitando a cria\u00e7\u00e3o de conex\u00f5es entre conceitos que parecem desconectados para a maioria das pessoas.<\/p>\n\n\n\n<p>A psicologia comportamental associa este m\u00eas a uma maior abertura a novas experi\u00eancias, o que \u00e9 fundamental para quem busca carreiras em design ou publicidade. Explorar essa tend\u00eancia permite que o profissional aproveite seus ciclos naturais de maior produtividade e insight criativo durante o cotidiano de trabalho.<\/p>\n\n\n\n<h2 class=\"wp-block-heading\">Impacto dos nascidos em junho no pensamento lateral<\/h2>\n\n\n\n<p>Quem nasce em <strong>Junho<\/strong> geralmente desenvolve um <strong>pensamento lateral<\/strong> robusto, sendo capaz de transitar entre a l\u00f3gica e a intui\u00e7\u00e3o com extrema facilidade. Essa caracter\u00edstica \u00e9 comum em grandes inventores da <strong>Fran\u00e7a<\/strong> e dos <strong>Estados Unidos<\/strong>, que utilizam o otimismo sazonal para impulsionar projetos de longo prazo.<\/p>\n\n\n\n<p>A capacidade de adapta\u00e7\u00e3o desses indiv\u00edduos permite que eles encontrem sa\u00eddas criativas em momentos de crise, transformando obst\u00e1culos em oportunidades reais de crescimento. Integrar essa agilidade mental em equipes multidisciplinares eleva o n\u00edvel de entrega e fomenta um ambiente de colabora\u00e7\u00e3o muito mais rico e diversificado.<\/p>\n\n\n<div class=\"wp-block-image\">\n<figure class=\"aligncenter size-large\"><img decoding=\"async\" width=\"1024\" height=\"576\" src=\"https:\/\/www.uai.com.br\/uainoticias\/wp-content\/uploads\/2026\/04\/criancas-1024x576.jpg\" alt=\"\" class=\"wp-image-123801\" srcset=\"https:\/\/www.uai.com.br\/uainoticias\/wp-content\/uploads\/2026\/04\/criancas-1024x576.jpg 1024w, https:\/\/www.uai.com.br\/uainoticias\/wp-content\/uploads\/2026\/04\/criancas-300x169.jpg 300w, https:\/\/www.uai.com.br\/uainoticias\/wp-content\/uploads\/2026\/04\/criancas-768x432.jpg 768w, https:\/\/www.uai.com.br\/uainoticias\/wp-content\/uploads\/2026\/04\/criancas-750x422.jpg 750w, https:\/\/www.uai.com.br\/uainoticias\/wp-content\/uploads\/2026\/04\/criancas-1140x641.jpg 1140w, https:\/\/www.uai.com.br\/uainoticias\/wp-content\/uploads\/2026\/04\/criancas.jpg 1280w\" sizes=\"(max-width: 1024px) 100vw, 1024px\" \/><figcaption class=\"wp-element-caption\">Quando uma crian\u00e7a pergunta o porqu\u00ea das coisas, ela est\u00e1 ativando regi\u00f5es do c\u00e9rebro respons\u00e1veis pela mem\u00f3ria de trabalho<\/figcaption><\/figure><\/div>\n\n\n<h2 class=\"wp-block-heading\">Nascidos em outubro e o equil\u00edbrio est\u00e9tico refinado<\/h2>\n\n\n\n<p>O m\u00eas de <strong>Outubro<\/strong> \u00e9 amplamente associado a um <strong>senso est\u00e9tico<\/strong> apurado e a uma busca incessante pela harmonia em todas as formas de express\u00e3o. Profissionais de arquitetura e moda nascidos neste per\u00edodo costumam apresentar um rigor t\u00e9cnico misturado a uma vis\u00e3o subjetiva muito peculiar e atraente.<\/p>\n\n\n\n<p>O equil\u00edbrio entre a forma e a fun\u00e7\u00e3o se torna uma segunda natureza, garantindo que o padr\u00e3o criativo seja aplicado de maneira pr\u00e1tica e eficiente. Utilizar esse talento para organizar fluxos de trabalho ou identidades visuais \u00e9 um diferencial estrat\u00e9gico para qualquer marca que deseje transmitir eleg\u00e2ncia e confian\u00e7a.<\/p>\n\n\n\n<h2 class=\"wp-block-heading\">Vantagens competitivas baseadas no perfil de nascimento<\/h2>\n\n\n\n<p>Entender o seu <strong>potencial criativo<\/strong> a partir do m\u00eas de nascimento serve como uma ferramenta de autoconhecimento para potencializar talentos ocultos e corrigir bloqueios mentais. Ao identificar as inclina\u00e7\u00f5es naturais, o indiv\u00edduo consegue direcionar seus esfor\u00e7os para \u00e1reas onde sua mente flui com menos resist\u00eancia e mais brilho.<\/p>\n\n\n\n<link href=\"https:\/\/fonts.googleapis.com\/css2?family=Inter:wght@400;600;700;800&#038;display=swap\" rel=\"stylesheet\">\n<style>\n\/* Prote\u00e7\u00e3o contra inje\u00e7\u00e3o do \"Veja Tamb\u00e9m\" (JNews inline related posts) *\/\n.rdp-pontos-wrapper .jnews_inline_related_post_wrapper,\n.rdp-pontos-wrapper .jnews_inline_related_post,\n.rdp-pontos-wrapper .jeg_postblock,\n.rdp-pontos-wrapper [class*=\"jnews_inline\"],\n.rdp-pontos-wrapper [class*=\"jeg_postblock\"],\n.rdp-pontos-wrapper [class*=\"jeg_block\"] {\n  display: none !important;\n  height: 0 !important;\n  max-height: 0 !important;\n  overflow: hidden !important;\n  visibility: hidden !important;\n  margin: 0 !important;\n  padding: 0 !important;\n  border: none !important;\n  font-size: 0 !important;\n  line-height: 0 !important;\n}\n.rdp-pontos-wrapper {\n  max-width: 100%;\n  margin: 32px 0;\n  background: #F8F9FA;\n  border: 1px solid #E0E0E0;\n  border-radius: 12px;\n  padding: 28px 28px 20px;\n  font-family: 'Inter', sans-serif;\n  box-shadow: 0 4px 20px rgba(47,195,238,0.12);\n  overflow: hidden;\n  contain: layout style;\n  isolation: isolate;\n  position: relative;\n  z-index: 1;\n}\n.rdp-pontos-wrapper > *:not(.rdp-pontos-title):not(.rdp-pontos-grid) {\n  display: none !important;\n  height: 0 !important;\n  overflow: hidden !important;\n  margin: 0 !important;\n  padding: 0 !important;\n  border: none !important;\n}\n.rdp-pontos-title {\n  font-family: 'Inter', sans-serif;\n  font-size: 20px;\n  font-weight: 800;\n  color: #1A1A1A;\n  margin: 0 0 20px 0;\n  line-height: 1.3;\n  text-align: center;\n}\n.rdp-pontos-grid {\n  display: grid;\n  grid-template-columns: repeat(3, 1fr);\n  gap: 18px;\n}\n.rdp-pontos-item {\n  background: #FFFFFF;\n  border: 1px solid #E0E0E0;\n  border-top: 3px solid #2FC3EE;\n  border-radius: 10px;\n  padding: 22px 20px;\n  box-shadow: 0 2px 10px rgba(47,195,238,0.10);\n  transition: box-shadow 0.3s ease, border-color 0.3s ease;\n  text-align: center;\n}\n.rdp-pontos-item:hover {\n  box-shadow: 0 4px 20px rgba(47,195,238,0.22);\n  border-color: #2FC3EE;\n}\n.rdp-pontos-emoji {\n  font-size: 32px;\n  line-height: 1;\n  margin-bottom: 12px;\n  display: block;\n  text-align: center;\n}\n.rdp-pontos-item-title {\n  font-size: 15px;\n  font-weight: 700;\n  color: #1A1A1A;\n  margin-bottom: 8px;\n  line-height: 1.3;\n}\n.rdp-pontos-item-desc {\n  font-size: 14px;\n  color: #333333;\n  line-height: 1.6;\n  margin: 0;\n}\n@media (max-width: 768px) {\n  .rdp-pontos-wrapper {\n    padding: 20px 16px 14px;\n  }\n  .rdp-pontos-grid {\n    grid-template-columns: 1fr;\n    gap: 14px;\n  }\n  .rdp-pontos-title {\n    font-size: 18px;\n  }\n}\n<\/style>\n\n<div class=\"rdp-pontos-wrapper\">\n  <div class=\"rdp-pontos-title\">Cronograma de Habilidades Estrat\u00e9gicas<\/div>\n  <div class=\"rdp-pontos-grid\">\n    <div class=\"rdp-pontos-item\">\n      <span class=\"rdp-pontos-emoji\">\ud83c\udf0a<\/span>\n      <div class=\"rdp-pontos-item-title\">Mar\u00e7o: Express\u00e3o<\/div>\n      <p class=\"rdp-pontos-item-desc\">Foco total em fluidez narrativa e no desenvolvimento de uma express\u00e3o emocional profunda.<\/p>\n    <\/div>\n    <div class=\"rdp-pontos-item\">\n      <span class=\"rdp-pontos-emoji\">\u26a1<\/span>\n      <div class=\"rdp-pontos-item-title\">Junho: Agilidade<\/div>\n      <p class=\"rdp-pontos-item-desc\">Dom\u00ednio do racioc\u00ednio r\u00e1pido aplicado \u00e0 cria\u00e7\u00e3o de solu\u00e7\u00f5es disruptivas e imediatas.<\/p>\n    <\/div>\n    <div class=\"rdp-pontos-item\">\n      <span class=\"rdp-pontos-emoji\">\ud83d\udcd0<\/span>\n      <div class=\"rdp-pontos-item-title\">Outubro: Design<\/div>\n      <p class=\"rdp-pontos-item-desc\">Expertise em simetria, curadoria visual refinada e aplica\u00e7\u00e3o de design estrat\u00e9gico.<\/p>\n    <\/div>\n  <\/div>\n<\/div>\n<div style=\"clear:both;height:0;overflow:hidden;\"><\/div>\n\n\n\n<p>Dica pr\u00e1tica: Tente realizar suas tarefas mais desafiadoras nos hor\u00e1rios em que a luz natural \u00e9 mais intensa para estimular os gatilhos biol\u00f3gicos de inova\u00e7\u00e3o. Ajustar o ambiente de trabalho conforme suas necessidades sensoriais pode triplicar a produ\u00e7\u00e3o de ideias originais em curto espa\u00e7o de tempo.<\/p>\n\n\n\n<h2 class=\"wp-block-heading\">Aproveitamento m\u00e1ximo das habilidades naturais para o sucesso<\/h2>\n\n\n\n<p>A combina\u00e7\u00e3o entre fatores gen\u00e9ticos e o <strong>contexto ambiental<\/strong> do nascimento cria uma assinatura \u00fanica para cada indiv\u00edduo, impactando diretamente no sucesso profissional. O <strong>padr\u00e3o criativo<\/strong> n\u00e3o \u00e9 uma regra imut\u00e1vel, mas sim uma tend\u00eancia que, quando bem trabalhada, se torna um ativo valioso no mercado competitivo.<\/p>\n\n\n\n<p>Investir no desenvolvimento dessas compet\u00eancias sazonais permite que voc\u00ea se destaque em nichos que exigem originalidade e vis\u00e3o de futuro constante. Aplicar esses conhecimentos no dia a dia transforma a maneira como interagimos com o mundo e como constru\u00edmos solu\u00e7\u00f5es que realmente fazem a diferen\u00e7a na sociedade moderna.<\/p>\n","protected":false},"excerpt":{"rendered":"<p>Curiosidades da Psicologia Biologia da Inova\u00e7\u00e3o: O m\u00eas de nascimento pode influenciar os n\u00edveis de dopamina no c\u00e9rebro, alterando a predisposi\u00e7\u00e3o para buscar novidades. Pessoas nascidas em per\u00edodos de alta exposi\u00e7\u00e3o solar tendem a desenvolver uma vis\u00e3o criativa mais expansiva e otimista. Foco e Sazonalidade: Indiv\u00edduos que nascem no inverno costumam apresentar um padr\u00e3o criativo [&hellip;]<\/p>\n","protected":false},"author":24,"featured_media":128564,"comment_status":"open","ping_status":"open","sticky":false,"template":"","format":"standard","meta":{"jnews-multi-image_gallery":[],"jnews_single_post":{"format":"standard"},"jnews_primary_category":[],"jnews_social_meta":[],"jnews_override_counter":[],"footnotes":""},"categories":[3046,475],"tags":[9144,5138,17751],"class_list":["post-128550","post","type-post","status-publish","format-standard","has-post-thumbnail","hentry","category-curiosidades","category-entretenimento","tag-crianca","tag-criatividade","tag-mes-de-nascimento"],"yoast_head":"<!-- This site is optimized with the Yoast SEO plugin v26.5 - https:\/\/yoast.com\/wordpress\/plugins\/seo\/ -->\n<title>Crian\u00e7as mais criativas costumam nascer nesses meses do ano, apontam pesquisadores - UAI Not\u00edcias<\/title>\n<meta name=\"description\" content=\"Estudos indicam que o m\u00eas de nascimento pode influenciar criatividade, comportamento e forma de pensar ao longo da vida.\" \/>\n<meta name=\"robots\" content=\"index, follow, max-snippet:-1, max-image-preview:large, max-video-preview:-1\" \/>\n<link rel=\"canonical\" href=\"https:\/\/www.uai.com.br\/uainoticias\/2026\/04\/30\/criancas-mais-criativas-costumam-nascer-nesses-meses-do-ano-apontam-pesquisadores\/\" \/>\n<meta property=\"og:locale\" content=\"pt_BR\" \/>\n<meta property=\"og:type\" content=\"article\" \/>\n<meta property=\"og:title\" content=\"Crian\u00e7as mais criativas costumam nascer nesses meses do ano, apontam pesquisadores - UAI Not\u00edcias\" \/>\n<meta property=\"og:description\" content=\"Estudos indicam que o m\u00eas de nascimento pode influenciar criatividade, comportamento e forma de pensar ao longo da vida.\" \/>\n<meta property=\"og:url\" content=\"https:\/\/www.uai.com.br\/uainoticias\/2026\/04\/30\/criancas-mais-criativas-costumam-nascer-nesses-meses-do-ano-apontam-pesquisadores\/\" \/>\n<meta property=\"og:site_name\" content=\"UAI Not\u00edcias\" \/>\n<meta property=\"article:published_time\" content=\"2026-04-30T11:15:00+00:00\" \/>\n<meta property=\"og:image\" content=\"https:\/\/www.uai.com.br\/uainoticias\/wp-content\/uploads\/2026\/04\/criancas-1-1.jpg\" \/>\n\t<meta property=\"og:image:width\" content=\"1280\" \/>\n\t<meta property=\"og:image:height\" content=\"720\" \/>\n\t<meta property=\"og:image:type\" content=\"image\/jpeg\" \/>\n<meta name=\"author\" content=\"Daniely Cardoso\" \/>\n<meta name=\"twitter:card\" content=\"summary_large_image\" \/>\n<meta name=\"twitter:label1\" content=\"Escrito por\" \/>\n\t<meta name=\"twitter:data1\" content=\"Daniely Cardoso\" \/>\n\t<meta name=\"twitter:label2\" content=\"Est. tempo de leitura\" \/>\n\t<meta name=\"twitter:data2\" content=\"6 minutos\" \/>\n<!-- \/ Yoast SEO plugin. -->","yoast_head_json":{"title":"Crian\u00e7as mais criativas costumam nascer nesses meses do ano, apontam pesquisadores - UAI Not\u00edcias","description":"Estudos indicam que o m\u00eas de nascimento pode influenciar criatividade, comportamento e forma de pensar ao longo da vida.","robots":{"index":"index","follow":"follow","max-snippet":"max-snippet:-1","max-image-preview":"max-image-preview:large","max-video-preview":"max-video-preview:-1"},"canonical":"https:\/\/www.uai.com.br\/uainoticias\/2026\/04\/30\/criancas-mais-criativas-costumam-nascer-nesses-meses-do-ano-apontam-pesquisadores\/","og_locale":"pt_BR","og_type":"article","og_title":"Crian\u00e7as mais criativas costumam nascer nesses meses do ano, apontam pesquisadores - UAI Not\u00edcias","og_description":"Estudos indicam que o m\u00eas de nascimento pode influenciar criatividade, comportamento e forma de pensar ao longo da vida.","og_url":"https:\/\/www.uai.com.br\/uainoticias\/2026\/04\/30\/criancas-mais-criativas-costumam-nascer-nesses-meses-do-ano-apontam-pesquisadores\/","og_site_name":"UAI Not\u00edcias","article_published_time":"2026-04-30T11:15:00+00:00","og_image":[{"width":1280,"height":720,"url":"https:\/\/www.uai.com.br\/uainoticias\/wp-content\/uploads\/2026\/04\/criancas-1-1.jpg","type":"image\/jpeg"}],"author":"Daniely Cardoso","twitter_card":"summary_large_image","twitter_misc":{"Escrito por":"Daniely Cardoso","Est. tempo de leitura":"6 minutos"},"schema":{"@context":"https:\/\/schema.org","@graph":[{"@type":"WebPage","@id":"https:\/\/www.uai.com.br\/uainoticias\/2026\/04\/30\/criancas-mais-criativas-costumam-nascer-nesses-meses-do-ano-apontam-pesquisadores\/","url":"https:\/\/www.uai.com.br\/uainoticias\/2026\/04\/30\/criancas-mais-criativas-costumam-nascer-nesses-meses-do-ano-apontam-pesquisadores\/","name":"Crian\u00e7as mais criativas costumam nascer nesses meses do ano, apontam pesquisadores - UAI Not\u00edcias","isPartOf":{"@id":"https:\/\/www.uai.com.br\/uainoticias\/#website"},"primaryImageOfPage":{"@id":"https:\/\/www.uai.com.br\/uainoticias\/2026\/04\/30\/criancas-mais-criativas-costumam-nascer-nesses-meses-do-ano-apontam-pesquisadores\/#primaryimage"},"image":{"@id":"https:\/\/www.uai.com.br\/uainoticias\/2026\/04\/30\/criancas-mais-criativas-costumam-nascer-nesses-meses-do-ano-apontam-pesquisadores\/#primaryimage"},"thumbnailUrl":"https:\/\/www.uai.com.br\/uainoticias\/wp-content\/uploads\/2026\/04\/criancas-1-1.jpg","datePublished":"2026-04-30T11:15:00+00:00","author":{"@id":"https:\/\/www.uai.com.br\/uainoticias\/#\/schema\/person\/b40f59cad9eb0656c8ae35fee468cc57"},"description":"Estudos indicam que o m\u00eas de nascimento pode influenciar criatividade, comportamento e forma de pensar ao longo da vida.","breadcrumb":{"@id":"https:\/\/www.uai.com.br\/uainoticias\/2026\/04\/30\/criancas-mais-criativas-costumam-nascer-nesses-meses-do-ano-apontam-pesquisadores\/#breadcrumb"},"inLanguage":"pt-BR","potentialAction":[{"@type":"ReadAction","target":["https:\/\/www.uai.com.br\/uainoticias\/2026\/04\/30\/criancas-mais-criativas-costumam-nascer-nesses-meses-do-ano-apontam-pesquisadores\/"]}]},{"@type":"ImageObject","inLanguage":"pt-BR","@id":"https:\/\/www.uai.com.br\/uainoticias\/2026\/04\/30\/criancas-mais-criativas-costumam-nascer-nesses-meses-do-ano-apontam-pesquisadores\/#primaryimage","url":"https:\/\/www.uai.com.br\/uainoticias\/wp-content\/uploads\/2026\/04\/criancas-1-1.jpg","contentUrl":"https:\/\/www.uai.com.br\/uainoticias\/wp-content\/uploads\/2026\/04\/criancas-1-1.jpg","width":1280,"height":720,"caption":"A capacidade de adapta\u00e7\u00e3o desses indiv\u00edduos permite que eles encontrem sa\u00eddas criativas em momentos de crise"},{"@type":"BreadcrumbList","@id":"https:\/\/www.uai.com.br\/uainoticias\/2026\/04\/30\/criancas-mais-criativas-costumam-nascer-nesses-meses-do-ano-apontam-pesquisadores\/#breadcrumb","itemListElement":[{"@type":"ListItem","position":1,"name":"In\u00edcio","item":"https:\/\/www.uai.com.br\/uainoticias\/"},{"@type":"ListItem","position":2,"name":"Crian\u00e7as mais criativas costumam nascer nesses meses do ano, apontam pesquisadores"}]},{"@type":"WebSite","@id":"https:\/\/www.uai.com.br\/uainoticias\/#website","url":"https:\/\/www.uai.com.br\/uainoticias\/","name":"UAI Not\u00edcias","description":"Acompanhe as \u00faltimas not\u00edcias e fique bem informado sobre tudo o que acontece no Brasil e no mundo.","potentialAction":[{"@type":"SearchAction","target":{"@type":"EntryPoint","urlTemplate":"https:\/\/www.uai.com.br\/uainoticias\/?s={search_term_string}"},"query-input":{"@type":"PropertyValueSpecification","valueRequired":true,"valueName":"search_term_string"}}],"inLanguage":"pt-BR"},{"@type":"Person","@id":"https:\/\/www.uai.com.br\/uainoticias\/#\/schema\/person\/b40f59cad9eb0656c8ae35fee468cc57","name":"Daniely Cardoso","image":{"@type":"ImageObject","inLanguage":"pt-BR","@id":"https:\/\/www.uai.com.br\/uainoticias\/#\/schema\/person\/image\/","url":"https:\/\/secure.gravatar.com\/avatar\/b43c203f79e2ee2d699e04567f61958ba1731d1c994abcd298aa4fee5f54cb3a?s=96&d=mm&r=g","contentUrl":"https:\/\/secure.gravatar.com\/avatar\/b43c203f79e2ee2d699e04567f61958ba1731d1c994abcd298aa4fee5f54cb3a?s=96&d=mm&r=g","caption":"Daniely Cardoso"},"sameAs":["https:\/\/www.uai.com.br\/uainoticias\/"],"url":"https:\/\/www.uai.com.br\/uainoticias\/author\/daniely-morais\/"}]}},"_links":{"self":[{"href":"https:\/\/www.uai.com.br\/uainoticias\/wp-json\/wp\/v2\/posts\/128550","targetHints":{"allow":["GET"]}}],"collection":[{"href":"https:\/\/www.uai.com.br\/uainoticias\/wp-json\/wp\/v2\/posts"}],"about":[{"href":"https:\/\/www.uai.com.br\/uainoticias\/wp-json\/wp\/v2\/types\/post"}],"author":[{"embeddable":true,"href":"https:\/\/www.uai.com.br\/uainoticias\/wp-json\/wp\/v2\/users\/24"}],"replies":[{"embeddable":true,"href":"https:\/\/www.uai.com.br\/uainoticias\/wp-json\/wp\/v2\/comments?post=128550"}],"version-history":[{"count":1,"href":"https:\/\/www.uai.com.br\/uainoticias\/wp-json\/wp\/v2\/posts\/128550\/revisions"}],"predecessor-version":[{"id":128565,"href":"https:\/\/www.uai.com.br\/uainoticias\/wp-json\/wp\/v2\/posts\/128550\/revisions\/128565"}],"wp:featuredmedia":[{"embeddable":true,"href":"https:\/\/www.uai.com.br\/uainoticias\/wp-json\/wp\/v2\/media\/128564"}],"wp:attachment":[{"href":"https:\/\/www.uai.com.br\/uainoticias\/wp-json\/wp\/v2\/media?parent=128550"}],"wp:term":[{"taxonomy":"category","embeddable":true,"href":"https:\/\/www.uai.com.br\/uainoticias\/wp-json\/wp\/v2\/categories?post=128550"},{"taxonomy":"post_tag","embeddable":true,"href":"https:\/\/www.uai.com.br\/uainoticias\/wp-json\/wp\/v2\/tags?post=128550"}],"curies":[{"name":"wp","href":"https:\/\/api.w.org\/{rel}","templated":true}]}}