{"id":128543,"date":"2026-04-30T11:15:00","date_gmt":"2026-04-30T14:15:00","guid":{"rendered":"https:\/\/www.uai.com.br\/uainoticias\/?p=128543"},"modified":"2026-04-29T13:25:10","modified_gmt":"2026-04-29T16:25:10","slug":"parmenides-defensor-do-ser-imutavel-e-critico-da-mudanca-o-ser-e-o-nao-ser-nao-e","status":"publish","type":"post","link":"https:\/\/www.uai.com.br\/uainoticias\/2026\/04\/30\/parmenides-defensor-do-ser-imutavel-e-critico-da-mudanca-o-ser-e-o-nao-ser-nao-e\/","title":{"rendered":"Parm\u00eanides, defensor do ser imut\u00e1vel e cr\u00edtico da mudan\u00e7a: \u201cO ser \u00e9, o n\u00e3o-ser n\u00e3o \u00e9\u201d"},"content":{"rendered":"\n<link href=\"https:\/\/fonts.googleapis.com\/css2?family=Merriweather:wght@700&#038;family=Open+Sans:wght@400;600;700&#038;display=swap\" rel=\"stylesheet\">\r\n<style>\r\n.rdp-resumo-wrapper {\r\n  max-width: 620px;\r\n  margin: 28px auto;\r\n  background: #FFFFFF;\r\n  border: 1px solid #D0D0D0;\r\n  border-radius: 6px;\r\n  padding: 28px 32px;\r\n  font-family: 'Open Sans', sans-serif;\r\n  box-shadow: 0 2px 12px rgba(0,0,0,0.08);\r\n}\r\n.rdp-resumo-header {\r\n  display: flex;\r\n  align-items: center;\r\n  gap: 16px;\r\n  margin-bottom: 22px;\r\n}\r\n.rdp-resumo-line {\r\n  flex: 1;\r\n  height: 1px;\r\n  background: #D0D0D0;\r\n}\r\n.rdp-resumo-title {\r\n  font-family: 'Merriweather', serif;\r\n  font-size: 13px;\r\n  font-weight: 700;\r\n  text-transform: uppercase;\r\n  letter-spacing: 3px;\r\n  color: #1A1A1A;\r\n  white-space: nowrap;\r\n}\r\n.rdp-resumo-list {\r\n  list-style: none;\r\n  padding: 0;\r\n  margin: 0;\r\n}\r\n.rdp-resumo-item {\r\n  padding: 0 0 18px 22px;\r\n  position: relative;\r\n  line-height: 1.7;\r\n}\r\n.rdp-resumo-item:last-child {\r\n  padding-bottom: 0;\r\n}\r\n.rdp-resumo-item::before {\r\n  content: \"\";\r\n  position: absolute;\r\n  left: 0;\r\n  top: 8px;\r\n  width: 8px;\r\n  height: 8px;\r\n  background: #2B5A83;\r\n  border-radius: 50%;\r\n}\r\n.rdp-resumo-item-title {\r\n  font-size: 15px;\r\n  font-weight: 700;\r\n  color: #1A1A1A;\r\n}\r\n.rdp-resumo-item-desc {\r\n  font-size: 15px;\r\n  color: #4A4A4A;\r\n  line-height: 1.7;\r\n}\r\n@media (max-width: 768px) {\r\n  .rdp-resumo-wrapper {\r\n    max-width: 100%;\r\n    margin: 20px 12px;\r\n    padding: 22px 20px;\r\n  }\r\n}\r\n<\/style>\r\n<div class=\"rdp-resumo-wrapper\">\r\n  <div class=\"rdp-resumo-header\">\r\n    <span class=\"rdp-resumo-line\"><\/span>\r\n    <span class=\"rdp-resumo-title\">Resumo<\/span>\r\n    <span class=\"rdp-resumo-line\"><\/span>\r\n  <\/div>\r\n  <ul class=\"rdp-resumo-list\">\r\n    <li class=\"rdp-resumo-item\">\r\n      <span class=\"rdp-resumo-item-title\">Pensamento filos\u00f3fico:<\/span> <span class=\"rdp-resumo-item-desc\">A frase de Parm\u00eanides sintetiza uma das ideias mais influentes da filosofia antiga sobre a natureza da realidade.<\/span>\r\n    <\/li>\r\n    <li class=\"rdp-resumo-item\">\r\n      <span class=\"rdp-resumo-item-title\">Ideia central:<\/span> <span class=\"rdp-resumo-item-desc\">A oposi\u00e7\u00e3o entre ser e n\u00e3o-ser questiona a mudan\u00e7a, o tempo e a percep\u00e7\u00e3o do mundo.<\/span>\r\n    <\/li>\r\n    <li class=\"rdp-resumo-item\">\r\n      <span class=\"rdp-resumo-item-title\">Origem do conceito:<\/span> <span class=\"rdp-resumo-item-desc\">A reflex\u00e3o surge em seu poema filos\u00f3fico, base da tradi\u00e7\u00e3o metaf\u00edsica ocidental.<\/span>\r\n    <\/li>\r\n  <\/ul>\r\n<\/div>\n\n\n\n<p>Na hist\u00f3ria da filosofia, poucas afirma\u00e7\u00f5es s\u00e3o t\u00e3o impactantes quanto a de Parm\u00eanides: <em>\u201cO ser \u00e9, o n\u00e3o-ser n\u00e3o \u00e9\u201d<\/em>. Mais do que um jogo de palavras, essa frase marca um ponto de ruptura no pensamento ocidental, influenciando profundamente conceitos de realidade, verdade e exist\u00eancia. No campo da cultura filos\u00f3fica, ela inaugura uma vis\u00e3o radical sobre o mundo, desafiando a percep\u00e7\u00e3o sensorial e colocando a raz\u00e3o no centro da an\u00e1lise.<\/p>\n\n\n\n<h2 class=\"wp-block-heading\">Quem \u00e9 Parm\u00eanides e por que sua voz importa<\/h2>\n\n\n\n<p>Parm\u00eanides foi um fil\u00f3sofo pr\u00e9-socr\u00e1tico grego, ativo no s\u00e9culo V a.C., considerado um dos fundadores da metaf\u00edsica. Sua obra mais conhecida, um poema filos\u00f3fico, apresenta uma investiga\u00e7\u00e3o rigorosa sobre o ser, utilizando linguagem po\u00e9tica e argumenta\u00e7\u00e3o l\u00f3gica.<\/p>\n\n\n\n<p>Na tradi\u00e7\u00e3o filos\u00f3fica, Parm\u00eanides se destaca por propor que a realidade verdadeira \u00e9 imut\u00e1vel e eterna. Sua influ\u00eancia atravessa s\u00e9culos, chegando a pensadores como Plat\u00e3o e Arist\u00f3teles, moldando o pensamento ocidental sobre exist\u00eancia e conhecimento.<\/p>\n\n\n\n<h2 class=\"wp-block-heading\">O que Parm\u00eanides quis dizer com essa frase<\/h2>\n\n\n\n<p>A frase <strong>\u201co ser \u00e9, o n\u00e3o-ser n\u00e3o \u00e9\u201d<\/strong> expressa uma ideia fundamental: s\u00f3 aquilo que existe pode ser pensado e conhecido. Para Parm\u00eanides, o n\u00e3o-ser \u00e9 imposs\u00edvel, pois n\u00e3o pode ser concebido nem descrito. Isso elimina a possibilidade de mudan\u00e7a, j\u00e1 que mudar implicaria deixar de ser algo para se tornar outra coisa.<\/p>\n\n\n\n<p>Essa l\u00f3gica radical desafia a experi\u00eancia cotidiana, onde tudo parece estar em constante transforma\u00e7\u00e3o. No entanto, para o fil\u00f3sofo, essas mudan\u00e7as s\u00e3o ilus\u00f5es dos sentidos, enquanto a raz\u00e3o revela uma realidade fixa e permanente.<\/p>\n\n\n\n<figure class=\"wp-block-embed is-type-video is-provider-youtube wp-block-embed-youtube wp-embed-aspect-16-9 wp-has-aspect-ratio\"><div class=\"wp-block-embed__wrapper\">\n<div class=\"jeg_video_container jeg_video_content\"><iframe loading=\"lazy\" title=\"PARM\u00caNIDES DE ELEIA - O SER \u00c9, O N\u00c3O SER N\u00c3O \u00c9\" width=\"500\" height=\"281\" src=\"https:\/\/www.youtube.com\/embed\/EPy9ftzGoQo?feature=oembed\" frameborder=\"0\" allow=\"accelerometer; autoplay; clipboard-write; encrypted-media; gyroscope; picture-in-picture; web-share\" referrerpolicy=\"strict-origin-when-cross-origin\" allowfullscreen><\/iframe><\/div>\n<\/div><\/figure>\n\n\n\n<h2 class=\"wp-block-heading\">O conceito de ser: o contexto por tr\u00e1s das palavras<\/h2>\n\n\n\n<p>O conceito de <strong>ser<\/strong> em Parm\u00eanides n\u00e3o se refere apenas \u00e0 exist\u00eancia f\u00edsica, mas \u00e0 ess\u00eancia da realidade. Ele prop\u00f5e que o ser \u00e9 \u00fanico, cont\u00ednuo, indivis\u00edvel e eterno, rejeitando qualquer ideia de multiplicidade ou transforma\u00e7\u00e3o.<\/p>\n\n\n\n<p>Essa vis\u00e3o se contrap\u00f5e diretamente a outros pensadores da \u00e9poca, como Her\u00e1clito, que defendia o fluxo constante das coisas. A tens\u00e3o entre essas perspectivas moldou debates fundamentais na filosofia e influenciou toda a tradi\u00e7\u00e3o metaf\u00edsica posterior.<\/p>\n\n\n\n<link href=\"https:\/\/fonts.googleapis.com\/css2?family=Merriweather:wght@700&#038;family=Open+Sans:wght@400;600;700&#038;display=swap\" rel=\"stylesheet\">\r\n<style>\r\n.rdp-cards-wrapper .jnews_inline_related_post_wrapper,\r\n.rdp-cards-wrapper .jnews_inline_related_post,\r\n.rdp-cards-wrapper .jeg_postblock,\r\n.rdp-cards-wrapper [class*=\"jnews_inline\"],\r\n.rdp-cards-wrapper [class*=\"jeg_postblock\"],\r\n.rdp-cards-wrapper [class*=\"jeg_block\"] {\r\n  display: none !important;\r\n  height: 0 !important;\r\n  max-height: 0 !important;\r\n  overflow: hidden !important;\r\n  visibility: hidden !important;\r\n  margin: 0 !important;\r\n  padding: 0 !important;\r\n  border: none !important;\r\n  font-size: 0 !important;\r\n  line-height: 0 !important;\r\n}\r\n.rdp-cards-wrapper {\r\n  max-width: 100%;\r\n  margin: 32px 0;\r\n  background: #F5F7FA;\r\n  border: 1px solid #E1E5EB;\r\n  border-radius: 10px;\r\n  padding: 28px 28px 20px;\r\n  font-family: 'Open Sans', sans-serif;\r\n  overflow: hidden;\r\n  contain: layout style;\r\n  isolation: isolate;\r\n  position: relative;\r\n  z-index: 1;\r\n}\r\n.rdp-cards-wrapper > *:not(.rdp-cards-title):not(.rdp-cards-grid) {\r\n  display: none !important;\r\n}\r\n.rdp-cards-title {\r\n  font-family: 'Merriweather', serif;\r\n  font-size: 20px;\r\n  font-weight: 700;\r\n  text-align: center;\r\n  margin-bottom: 20px;\r\n}\r\n.rdp-cards-grid {\r\n  display: grid;\r\n  grid-template-columns: repeat(3, 1fr);\r\n  gap: 18px;\r\n}\r\n.rdp-cards-item {\r\n  background: #FFFFFF;\r\n  border: 1px solid #E1E5EB;\r\n  border-top: 3px solid #2B5A83;\r\n  border-radius: 10px;\r\n  padding: 20px;\r\n}\r\n.rdp-cards-emoji {\r\n  font-size: 32px;\r\n  margin-bottom: 10px;\r\n}\r\n.rdp-cards-item-title {\r\n  font-weight: 700;\r\n  margin-bottom: 6px;\r\n}\r\n.rdp-cards-item-desc {\r\n  font-size: 14px;\r\n}\r\n@media (max-width: 768px) {\r\n  .rdp-cards-grid {\r\n    grid-template-columns: 1fr;\r\n  }\r\n}\r\n<\/style>\r\n<div class=\"rdp-cards-wrapper\">\r\n  <div class=\"rdp-cards-title\">Saiba mais sobre o tema<\/div>\r\n  <div class=\"rdp-cards-grid\">\r\n    <div class=\"rdp-cards-item\">\r\n      <span class=\"rdp-cards-emoji\">\ud83d\udcdc<\/span>\r\n      <div class=\"rdp-cards-item-title\">Poema filos\u00f3fico<\/div>\r\n      <p class=\"rdp-cards-item-desc\">A principal obra de Parm\u00eanides \u00e9 escrita em versos, unindo poesia e filosofia em uma estrutura \u00fanica.<\/p>\r\n    <\/div>\r\n    <div class=\"rdp-cards-item\">\r\n      <span class=\"rdp-cards-emoji\">\u2696\ufe0f<\/span>\r\n      <div class=\"rdp-cards-item-title\">Raz\u00e3o versus sentidos<\/div>\r\n      <p class=\"rdp-cards-item-desc\">O fil\u00f3sofo defendia que apenas a raz\u00e3o conduz \u00e0 verdade, enquanto os sentidos enganam.<\/p>\r\n    <\/div>\r\n    <div class=\"rdp-cards-item\">\r\n      <span class=\"rdp-cards-emoji\">\ud83c\udfdb\ufe0f<\/span>\r\n      <div class=\"rdp-cards-item-title\">Influ\u00eancia duradoura<\/div>\r\n      <p class=\"rdp-cards-item-desc\">Seu pensamento impactou profundamente Plat\u00e3o e toda a tradi\u00e7\u00e3o filos\u00f3fica ocidental.<\/p>\r\n    <\/div>\r\n  <\/div>\r\n<\/div>\r\n<div style=\"clear:both;height:0;overflow:hidden;\"><\/div>\n\n\n\n<h2 class=\"wp-block-heading\">Por que essa declara\u00e7\u00e3o repercutiu<\/h2>\n\n\n\n<p>A afirma\u00e7\u00e3o de Parm\u00eanides ganhou destaque por sua radicalidade e pela ruptura com explica\u00e7\u00f5es baseadas na experi\u00eancia sensorial. Em debates filos\u00f3ficos, ela se tornou um ponto de refer\u00eancia para discutir verdade, conhecimento e realidade.<\/p>\n\n\n\n<p>Mesmo hoje, a frase continua sendo analisada em cursos, livros e produ\u00e7\u00f5es culturais, servindo como base para reflex\u00f5es sobre identidade, perman\u00eancia e transforma\u00e7\u00e3o.<\/p>\n\n\n\n<h2 class=\"wp-block-heading\">O legado e a relev\u00e2ncia para a filosofia<\/h2>\n\n\n\n<p>O pensamento de Parm\u00eanides permanece central na filosofia contempor\u00e2nea, especialmente nas discuss\u00f5es sobre ontologia e metaf\u00edsica. Sua defesa do ser imut\u00e1vel desafia continuamente novas interpreta\u00e7\u00f5es sobre o mundo e a realidade.<\/p>\n\n\n\n<p>No campo da cultura filos\u00f3fica, sua frase segue provocando questionamentos essenciais sobre o que significa existir. Ao confrontar a ideia de mudan\u00e7a, Parm\u00eanides convida o leitor a olhar al\u00e9m das apar\u00eancias e buscar a ess\u00eancia do ser.<\/p>\n","protected":false},"excerpt":{"rendered":"<p>Resumo Pensamento filos\u00f3fico: A frase de Parm\u00eanides sintetiza uma das ideias mais influentes da filosofia antiga sobre a natureza da realidade. Ideia central: A oposi\u00e7\u00e3o entre ser e n\u00e3o-ser questiona a mudan\u00e7a, o tempo e a percep\u00e7\u00e3o do mundo. Origem do conceito: A reflex\u00e3o surge em seu poema filos\u00f3fico, base da tradi\u00e7\u00e3o metaf\u00edsica ocidental. Na [&hellip;]<\/p>\n","protected":false},"author":23,"featured_media":128544,"comment_status":"open","ping_status":"open","sticky":false,"template":"","format":"standard","meta":{"jnews-multi-image_gallery":[],"jnews_single_post":{"format":"standard"},"jnews_primary_category":[],"jnews_social_meta":[],"jnews_override_counter":[],"footnotes":""},"categories":[3046,475],"tags":[6518,22344,22601,23630],"class_list":["post-128543","post","type-post","status-publish","format-standard","has-post-thumbnail","hentry","category-curiosidades","category-entretenimento","tag-felicidade","tag-filosofia-de-vida","tag-parmenides","tag-ser-imutavel"],"yoast_head":"<!-- This site is optimized with the Yoast SEO plugin v26.5 - https:\/\/yoast.com\/wordpress\/plugins\/seo\/ -->\n<title>Parm\u00eanides, defensor do ser imut\u00e1vel e cr\u00edtico da mudan\u00e7a: \u201cO ser \u00e9, o n\u00e3o-ser n\u00e3o \u00e9\u201d - UAI Not\u00edcias<\/title>\n<meta name=\"description\" content=\"A frase de Parm\u00eanides sobre o ser intriga at\u00e9 hoje e revela uma vis\u00e3o surpreendente sobre a realidade que pode mudar sua forma de pensar\" \/>\n<meta name=\"robots\" content=\"index, follow, max-snippet:-1, max-image-preview:large, max-video-preview:-1\" \/>\n<link rel=\"canonical\" href=\"https:\/\/www.uai.com.br\/uainoticias\/2026\/04\/30\/parmenides-defensor-do-ser-imutavel-e-critico-da-mudanca-o-ser-e-o-nao-ser-nao-e\/\" \/>\n<meta property=\"og:locale\" content=\"pt_BR\" \/>\n<meta property=\"og:type\" content=\"article\" \/>\n<meta property=\"og:title\" content=\"Parm\u00eanides, defensor do ser imut\u00e1vel e cr\u00edtico da mudan\u00e7a: \u201cO ser \u00e9, o n\u00e3o-ser n\u00e3o \u00e9\u201d - UAI Not\u00edcias\" \/>\n<meta property=\"og:description\" content=\"A frase de Parm\u00eanides sobre o ser intriga at\u00e9 hoje e revela uma vis\u00e3o surpreendente sobre a realidade que pode mudar sua forma de pensar\" \/>\n<meta property=\"og:url\" content=\"https:\/\/www.uai.com.br\/uainoticias\/2026\/04\/30\/parmenides-defensor-do-ser-imutavel-e-critico-da-mudanca-o-ser-e-o-nao-ser-nao-e\/\" \/>\n<meta property=\"og:site_name\" content=\"UAI Not\u00edcias\" \/>\n<meta property=\"article:published_time\" content=\"2026-04-30T14:15:00+00:00\" \/>\n<meta property=\"og:image\" content=\"https:\/\/www.uai.com.br\/uainoticias\/wp-content\/uploads\/2026\/04\/Design_sem_nome-2026-04-29T132434.480.jpg\" \/>\n\t<meta property=\"og:image:width\" content=\"1280\" \/>\n\t<meta property=\"og:image:height\" content=\"720\" \/>\n\t<meta property=\"og:image:type\" content=\"image\/jpeg\" \/>\n<meta name=\"author\" content=\"Gustavo Trindade\" \/>\n<meta name=\"twitter:card\" content=\"summary_large_image\" \/>\n<meta name=\"twitter:label1\" content=\"Escrito por\" \/>\n\t<meta name=\"twitter:data1\" content=\"Gustavo Trindade\" \/>\n\t<meta name=\"twitter:label2\" content=\"Est. tempo de leitura\" \/>\n\t<meta name=\"twitter:data2\" content=\"4 minutos\" \/>\n<!-- \/ Yoast SEO plugin. -->","yoast_head_json":{"title":"Parm\u00eanides, defensor do ser imut\u00e1vel e cr\u00edtico da mudan\u00e7a: \u201cO ser \u00e9, o n\u00e3o-ser n\u00e3o \u00e9\u201d - UAI Not\u00edcias","description":"A frase de Parm\u00eanides sobre o ser intriga at\u00e9 hoje e revela uma vis\u00e3o surpreendente sobre a realidade que pode mudar sua forma de pensar","robots":{"index":"index","follow":"follow","max-snippet":"max-snippet:-1","max-image-preview":"max-image-preview:large","max-video-preview":"max-video-preview:-1"},"canonical":"https:\/\/www.uai.com.br\/uainoticias\/2026\/04\/30\/parmenides-defensor-do-ser-imutavel-e-critico-da-mudanca-o-ser-e-o-nao-ser-nao-e\/","og_locale":"pt_BR","og_type":"article","og_title":"Parm\u00eanides, defensor do ser imut\u00e1vel e cr\u00edtico da mudan\u00e7a: \u201cO ser \u00e9, o n\u00e3o-ser n\u00e3o \u00e9\u201d - UAI Not\u00edcias","og_description":"A frase de Parm\u00eanides sobre o ser intriga at\u00e9 hoje e revela uma vis\u00e3o surpreendente sobre a realidade que pode mudar sua forma de pensar","og_url":"https:\/\/www.uai.com.br\/uainoticias\/2026\/04\/30\/parmenides-defensor-do-ser-imutavel-e-critico-da-mudanca-o-ser-e-o-nao-ser-nao-e\/","og_site_name":"UAI Not\u00edcias","article_published_time":"2026-04-30T14:15:00+00:00","og_image":[{"width":1280,"height":720,"url":"https:\/\/www.uai.com.br\/uainoticias\/wp-content\/uploads\/2026\/04\/Design_sem_nome-2026-04-29T132434.480.jpg","type":"image\/jpeg"}],"author":"Gustavo Trindade","twitter_card":"summary_large_image","twitter_misc":{"Escrito por":"Gustavo Trindade","Est. tempo de leitura":"4 minutos"},"schema":{"@context":"https:\/\/schema.org","@graph":[{"@type":"WebPage","@id":"https:\/\/www.uai.com.br\/uainoticias\/2026\/04\/30\/parmenides-defensor-do-ser-imutavel-e-critico-da-mudanca-o-ser-e-o-nao-ser-nao-e\/","url":"https:\/\/www.uai.com.br\/uainoticias\/2026\/04\/30\/parmenides-defensor-do-ser-imutavel-e-critico-da-mudanca-o-ser-e-o-nao-ser-nao-e\/","name":"Parm\u00eanides, defensor do ser imut\u00e1vel e cr\u00edtico da mudan\u00e7a: \u201cO ser \u00e9, o n\u00e3o-ser n\u00e3o \u00e9\u201d - UAI Not\u00edcias","isPartOf":{"@id":"https:\/\/www.uai.com.br\/uainoticias\/#website"},"primaryImageOfPage":{"@id":"https:\/\/www.uai.com.br\/uainoticias\/2026\/04\/30\/parmenides-defensor-do-ser-imutavel-e-critico-da-mudanca-o-ser-e-o-nao-ser-nao-e\/#primaryimage"},"image":{"@id":"https:\/\/www.uai.com.br\/uainoticias\/2026\/04\/30\/parmenides-defensor-do-ser-imutavel-e-critico-da-mudanca-o-ser-e-o-nao-ser-nao-e\/#primaryimage"},"thumbnailUrl":"https:\/\/www.uai.com.br\/uainoticias\/wp-content\/uploads\/2026\/04\/Design_sem_nome-2026-04-29T132434.480.jpg","datePublished":"2026-04-30T14:15:00+00:00","author":{"@id":"https:\/\/www.uai.com.br\/uainoticias\/#\/schema\/person\/060f8bb02e250479c83590e2c4706fcc"},"description":"A frase de Parm\u00eanides sobre o ser intriga at\u00e9 hoje e revela uma vis\u00e3o surpreendente sobre a realidade que pode mudar sua forma de pensar","breadcrumb":{"@id":"https:\/\/www.uai.com.br\/uainoticias\/2026\/04\/30\/parmenides-defensor-do-ser-imutavel-e-critico-da-mudanca-o-ser-e-o-nao-ser-nao-e\/#breadcrumb"},"inLanguage":"pt-BR","potentialAction":[{"@type":"ReadAction","target":["https:\/\/www.uai.com.br\/uainoticias\/2026\/04\/30\/parmenides-defensor-do-ser-imutavel-e-critico-da-mudanca-o-ser-e-o-nao-ser-nao-e\/"]}]},{"@type":"ImageObject","inLanguage":"pt-BR","@id":"https:\/\/www.uai.com.br\/uainoticias\/2026\/04\/30\/parmenides-defensor-do-ser-imutavel-e-critico-da-mudanca-o-ser-e-o-nao-ser-nao-e\/#primaryimage","url":"https:\/\/www.uai.com.br\/uainoticias\/wp-content\/uploads\/2026\/04\/Design_sem_nome-2026-04-29T132434.480.jpg","contentUrl":"https:\/\/www.uai.com.br\/uainoticias\/wp-content\/uploads\/2026\/04\/Design_sem_nome-2026-04-29T132434.480.jpg","width":1280,"height":720,"caption":"Reflex\u00e3o filos\u00f3fica sobre a natureza imut\u00e1vel da realidade"},{"@type":"BreadcrumbList","@id":"https:\/\/www.uai.com.br\/uainoticias\/2026\/04\/30\/parmenides-defensor-do-ser-imutavel-e-critico-da-mudanca-o-ser-e-o-nao-ser-nao-e\/#breadcrumb","itemListElement":[{"@type":"ListItem","position":1,"name":"In\u00edcio","item":"https:\/\/www.uai.com.br\/uainoticias\/"},{"@type":"ListItem","position":2,"name":"Parm\u00eanides, defensor do ser imut\u00e1vel e cr\u00edtico da mudan\u00e7a: \u201cO ser \u00e9, o n\u00e3o-ser n\u00e3o \u00e9\u201d"}]},{"@type":"WebSite","@id":"https:\/\/www.uai.com.br\/uainoticias\/#website","url":"https:\/\/www.uai.com.br\/uainoticias\/","name":"UAI Not\u00edcias","description":"Acompanhe as \u00faltimas not\u00edcias e fique bem informado sobre tudo o que acontece no Brasil e no mundo.","potentialAction":[{"@type":"SearchAction","target":{"@type":"EntryPoint","urlTemplate":"https:\/\/www.uai.com.br\/uainoticias\/?s={search_term_string}"},"query-input":{"@type":"PropertyValueSpecification","valueRequired":true,"valueName":"search_term_string"}}],"inLanguage":"pt-BR"},{"@type":"Person","@id":"https:\/\/www.uai.com.br\/uainoticias\/#\/schema\/person\/060f8bb02e250479c83590e2c4706fcc","name":"Gustavo Trindade","image":{"@type":"ImageObject","inLanguage":"pt-BR","@id":"https:\/\/www.uai.com.br\/uainoticias\/#\/schema\/person\/image\/","url":"https:\/\/secure.gravatar.com\/avatar\/05714a54ada0bd2b20e75b2c72a9e7802581213945810c2354d320b79f27b427?s=96&d=mm&r=g","contentUrl":"https:\/\/secure.gravatar.com\/avatar\/05714a54ada0bd2b20e75b2c72a9e7802581213945810c2354d320b79f27b427?s=96&d=mm&r=g","caption":"Gustavo Trindade"},"sameAs":["https:\/\/www.uai.com.br\/uainoticias\/"],"url":"https:\/\/www.uai.com.br\/uainoticias\/author\/gustavotrindade\/"}]}},"_links":{"self":[{"href":"https:\/\/www.uai.com.br\/uainoticias\/wp-json\/wp\/v2\/posts\/128543","targetHints":{"allow":["GET"]}}],"collection":[{"href":"https:\/\/www.uai.com.br\/uainoticias\/wp-json\/wp\/v2\/posts"}],"about":[{"href":"https:\/\/www.uai.com.br\/uainoticias\/wp-json\/wp\/v2\/types\/post"}],"author":[{"embeddable":true,"href":"https:\/\/www.uai.com.br\/uainoticias\/wp-json\/wp\/v2\/users\/23"}],"replies":[{"embeddable":true,"href":"https:\/\/www.uai.com.br\/uainoticias\/wp-json\/wp\/v2\/comments?post=128543"}],"version-history":[{"count":1,"href":"https:\/\/www.uai.com.br\/uainoticias\/wp-json\/wp\/v2\/posts\/128543\/revisions"}],"predecessor-version":[{"id":128545,"href":"https:\/\/www.uai.com.br\/uainoticias\/wp-json\/wp\/v2\/posts\/128543\/revisions\/128545"}],"wp:featuredmedia":[{"embeddable":true,"href":"https:\/\/www.uai.com.br\/uainoticias\/wp-json\/wp\/v2\/media\/128544"}],"wp:attachment":[{"href":"https:\/\/www.uai.com.br\/uainoticias\/wp-json\/wp\/v2\/media?parent=128543"}],"wp:term":[{"taxonomy":"category","embeddable":true,"href":"https:\/\/www.uai.com.br\/uainoticias\/wp-json\/wp\/v2\/categories?post=128543"},{"taxonomy":"post_tag","embeddable":true,"href":"https:\/\/www.uai.com.br\/uainoticias\/wp-json\/wp\/v2\/tags?post=128543"}],"curies":[{"name":"wp","href":"https:\/\/api.w.org\/{rel}","templated":true}]}}