{"id":128536,"date":"2026-04-30T09:15:00","date_gmt":"2026-04-30T12:15:00","guid":{"rendered":"https:\/\/www.uai.com.br\/uainoticias\/?p=128536"},"modified":"2026-04-29T13:16:31","modified_gmt":"2026-04-29T16:16:31","slug":"nicolau-maquiavel-autor-de-o-principe-e-teorico-do-realismo-politico-e-melhor-ser-temido-do-que-amado","status":"publish","type":"post","link":"https:\/\/www.uai.com.br\/uainoticias\/2026\/04\/30\/nicolau-maquiavel-autor-de-o-principe-e-teorico-do-realismo-politico-e-melhor-ser-temido-do-que-amado\/","title":{"rendered":"Nicolau Maquiavel, autor de O Pr\u00edncipe e te\u00f3rico do realismo pol\u00edtico: \u201c\u00c9 melhor ser temido do que amado\u201d"},"content":{"rendered":"\n<link href=\"https:\/\/fonts.googleapis.com\/css2?family=Merriweather:wght@700&#038;family=Open+Sans:wght@400;600;700&#038;display=swap\" rel=\"stylesheet\">\r\n<style>\r\n.rdp-resumo-wrapper {\r\n  max-width: 620px;\r\n  margin: 28px auto;\r\n  background: #FFFFFF;\r\n  border: 1px solid #D0D0D0;\r\n  border-radius: 6px;\r\n  padding: 28px 32px;\r\n  font-family: 'Open Sans', sans-serif;\r\n  box-shadow: 0 2px 12px rgba(0,0,0,0.08);\r\n}\r\n.rdp-resumo-header {\r\n  display: flex;\r\n  align-items: center;\r\n  gap: 16px;\r\n  margin-bottom: 22px;\r\n}\r\n.rdp-resumo-line {\r\n  flex: 1;\r\n  height: 1px;\r\n  background: #D0D0D0;\r\n}\r\n.rdp-resumo-title {\r\n  font-family: 'Merriweather', serif;\r\n  font-size: 13px;\r\n  font-weight: 700;\r\n  text-transform: uppercase;\r\n  letter-spacing: 3px;\r\n  color: #1A1A1A;\r\n  white-space: nowrap;\r\n}\r\n.rdp-resumo-list {\r\n  list-style: none;\r\n  padding: 0;\r\n  margin: 0;\r\n}\r\n.rdp-resumo-item {\r\n  padding: 0 0 18px 22px;\r\n  position: relative;\r\n  line-height: 1.7;\r\n}\r\n.rdp-resumo-item:last-child {\r\n  padding-bottom: 0;\r\n}\r\n.rdp-resumo-item::before {\r\n  content: \"\";\r\n  position: absolute;\r\n  left: 0;\r\n  top: 8px;\r\n  width: 8px;\r\n  height: 8px;\r\n  background: #2B5A83;\r\n  border-radius: 50%;\r\n}\r\n.rdp-resumo-item-title {\r\n  font-size: 15px;\r\n  font-weight: 700;\r\n  color: #1A1A1A;\r\n}\r\n.rdp-resumo-item-desc {\r\n  font-size: 15px;\r\n  color: #4A4A4A;\r\n  line-height: 1.7;\r\n}\r\n@media (max-width: 768px) {\r\n  .rdp-resumo-wrapper {\r\n    max-width: 100%;\r\n    margin: 20px 12px;\r\n    padding: 22px 20px;\r\n  }\r\n}\r\n<\/style>\r\n<div class=\"rdp-resumo-wrapper\">\r\n  <div class=\"rdp-resumo-header\">\r\n    <span class=\"rdp-resumo-line\"><\/span>\r\n    <span class=\"rdp-resumo-title\">Resumo<\/span>\r\n    <span class=\"rdp-resumo-line\"><\/span>\r\n  <\/div>\r\n  <ul class=\"rdp-resumo-list\">\r\n    <li class=\"rdp-resumo-item\">\r\n      <span class=\"rdp-resumo-item-title\">Frase emblem\u00e1tica:<\/span> <span class=\"rdp-resumo-item-desc\">Maquiavel sintetiza sua vis\u00e3o de poder ao afirmar que o temor pode ser mais eficaz que o afeto na pol\u00edtica.<\/span>\r\n    <\/li>\r\n    <li class=\"rdp-resumo-item\">\r\n      <span class=\"rdp-resumo-item-title\">Contexto pol\u00edtico:<\/span> <span class=\"rdp-resumo-item-desc\">A ideia surge em \u201cO Pr\u00edncipe\u201d, obra central do pensamento renascentista sobre governan\u00e7a e estrat\u00e9gia de Estado.<\/span>\r\n    <\/li>\r\n    <li class=\"rdp-resumo-item\">\r\n      <span class=\"rdp-resumo-item-title\">Relev\u00e2ncia atual:<\/span> <span class=\"rdp-resumo-item-desc\">O debate sobre lideran\u00e7a, autoridade e controle social segue atual no cen\u00e1rio pol\u00edtico contempor\u00e2neo.<\/span>\r\n    <\/li>\r\n  <\/ul>\r\n<\/div>\n\n\n\n<p>A frase <em>\u201c\u00e9 melhor ser temido do que amado\u201d<\/em>, de Nicolau Maquiavel, permanece como uma das m\u00e1ximas mais debatidas da teoria pol\u00edtica. Inserida no universo da filosofia pol\u00edtica e da ci\u00eancia do poder, ela provoca reflex\u00f5es sobre lideran\u00e7a, governan\u00e7a e estrat\u00e9gia. Escrita no contexto de \u201cO Pr\u00edncipe\u201d, a declara\u00e7\u00e3o revela uma vis\u00e3o pragm\u00e1tica e realista sobre o exerc\u00edcio do poder.<\/p>\n\n\n\n<h2 class=\"wp-block-heading\">Quem \u00e9 Nicolau Maquiavel e por que sua voz importa<\/h2>\n\n\n\n<p>Nicolau Maquiavel foi um diplomata, fil\u00f3sofo e pensador pol\u00edtico do Renascimento italiano. Autor de <strong>\u201cO Pr\u00edncipe\u201d<\/strong>, ele analisou o funcionamento do Estado, a lideran\u00e7a e os mecanismos de poder com uma abordagem direta e estrat\u00e9gica.<\/p>\n\n\n\n<p>Sua obra se tornou um marco do realismo pol\u00edtico, influenciando governos, l\u00edderes e te\u00f3ricos ao longo dos s\u00e9culos. Ao observar a pol\u00edtica como ela \u00e9, e n\u00e3o como deveria ser, Maquiavel redefiniu o debate sobre autoridade e controle.<\/p>\n\n\n\n<h2 class=\"wp-block-heading\">O que Nicolau Maquiavel quis dizer com essa frase<\/h2>\n\n\n\n<p>Ao afirmar que \u00e9 melhor ser temido do que amado, Maquiavel n\u00e3o defendia a crueldade gratuita, mas sim a efic\u00e1cia no exerc\u00edcio do poder. Para ele, o governante deve priorizar a estabilidade do Estado e a manuten\u00e7\u00e3o da autoridade.<\/p>\n\n\n\n<p>Na an\u00e1lise pol\u00edtica, o amor \u00e9 inst\u00e1vel e depende da vontade popular, enquanto o temor pode ser controlado pelo governante. A frase, presente em \u201cO Pr\u00edncipe\u201d, mostra uma leitura estrat\u00e9gica das rela\u00e7\u00f5es de poder e da natureza humana.<\/p>\n\n\n\n<blockquote class=\"instagram-media\" data-instgrm-captioned data-instgrm-permalink=\"https:\/\/www.instagram.com\/reel\/DTn8xvcidaf\/?utm_source=ig_embed&amp;utm_campaign=loading\" data-instgrm-version=\"14\" style=\" background:#FFF; border:0; border-radius:3px; box-shadow:0 0 1px 0 rgba(0,0,0,0.5),0 1px 10px 0 rgba(0,0,0,0.15); margin: 1px; max-width:540px; min-width:326px; padding:0; width:99.375%; width:-webkit-calc(100% - 2px); width:calc(100% - 2px);\"><div style=\"padding:16px;\"> <a href=\"https:\/\/www.instagram.com\/reel\/DTn8xvcidaf\/?utm_source=ig_embed&amp;utm_campaign=loading\" style=\" background:#FFFFFF; line-height:0; padding:0 0; text-align:center; text-decoration:none; width:100%;\" target=\"_blank\"> <div style=\" display: flex; flex-direction: row; align-items: center;\"> <div style=\"background-color: #F4F4F4; border-radius: 50%; flex-grow: 0; height: 40px; margin-right: 14px; width: 40px;\"><\/div> <div style=\"display: flex; flex-direction: column; flex-grow: 1; justify-content: center;\"> <div style=\" background-color: #F4F4F4; border-radius: 4px; flex-grow: 0; height: 14px; margin-bottom: 6px; width: 100px;\"><\/div> <div style=\" background-color: #F4F4F4; border-radius: 4px; flex-grow: 0; height: 14px; width: 60px;\"><\/div><\/div><\/div><div style=\"padding: 19% 0;\"><\/div> <div style=\"display:block; height:50px; margin:0 auto 12px; width:50px;\"><svg width=\"50px\" height=\"50px\" viewBox=\"0 0 60 60\" version=\"1.1\" xmlns=\"https:\/\/www.w3.org\/2000\/svg\" xmlns:xlink=\"https:\/\/www.w3.org\/1999\/xlink\"><g stroke=\"none\" stroke-width=\"1\" fill=\"none\" fill-rule=\"evenodd\"><g transform=\"translate(-511.000000, -20.000000)\" fill=\"#000000\"><g><path d=\"M556.869,30.41 C554.814,30.41 553.148,32.076 553.148,34.131 C553.148,36.186 554.814,37.852 556.869,37.852 C558.924,37.852 560.59,36.186 560.59,34.131 C560.59,32.076 558.924,30.41 556.869,30.41 M541,60.657 C535.114,60.657 530.342,55.887 530.342,50 C530.342,44.114 535.114,39.342 541,39.342 C546.887,39.342 551.658,44.114 551.658,50 C551.658,55.887 546.887,60.657 541,60.657 M541,33.886 C532.1,33.886 524.886,41.1 524.886,50 C524.886,58.899 532.1,66.113 541,66.113 C549.9,66.113 557.115,58.899 557.115,50 C557.115,41.1 549.9,33.886 541,33.886 M565.378,62.101 C565.244,65.022 564.756,66.606 564.346,67.663 C563.803,69.06 563.154,70.057 562.106,71.106 C561.058,72.155 560.06,72.803 558.662,73.347 C557.607,73.757 556.021,74.244 553.102,74.378 C549.944,74.521 548.997,74.552 541,74.552 C533.003,74.552 532.056,74.521 528.898,74.378 C525.979,74.244 524.393,73.757 523.338,73.347 C521.94,72.803 520.942,72.155 519.894,71.106 C518.846,70.057 518.197,69.06 517.654,67.663 C517.244,66.606 516.755,65.022 516.623,62.101 C516.479,58.943 516.448,57.996 516.448,50 C516.448,42.003 516.479,41.056 516.623,37.899 C516.755,34.978 517.244,33.391 517.654,32.338 C518.197,30.938 518.846,29.942 519.894,28.894 C520.942,27.846 521.94,27.196 523.338,26.654 C524.393,26.244 525.979,25.756 528.898,25.623 C532.057,25.479 533.004,25.448 541,25.448 C548.997,25.448 549.943,25.479 553.102,25.623 C556.021,25.756 557.607,26.244 558.662,26.654 C560.06,27.196 561.058,27.846 562.106,28.894 C563.154,29.942 563.803,30.938 564.346,32.338 C564.756,33.391 565.244,34.978 565.378,37.899 C565.522,41.056 565.552,42.003 565.552,50 C565.552,57.996 565.522,58.943 565.378,62.101 M570.82,37.631 C570.674,34.438 570.167,32.258 569.425,30.349 C568.659,28.377 567.633,26.702 565.965,25.035 C564.297,23.368 562.623,22.342 560.652,21.575 C558.743,20.834 556.562,20.326 553.369,20.18 C550.169,20.033 549.148,20 541,20 C532.853,20 531.831,20.033 528.631,20.18 C525.438,20.326 523.257,20.834 521.349,21.575 C519.376,22.342 517.703,23.368 516.035,25.035 C514.368,26.702 513.342,28.377 512.574,30.349 C511.834,32.258 511.326,34.438 511.181,37.631 C511.035,40.831 511,41.851 511,50 C511,58.147 511.035,59.17 511.181,62.369 C511.326,65.562 511.834,67.743 512.574,69.651 C513.342,71.625 514.368,73.296 516.035,74.965 C517.703,76.634 519.376,77.658 521.349,78.425 C523.257,79.167 525.438,79.673 528.631,79.82 C531.831,79.965 532.853,80.001 541,80.001 C549.148,80.001 550.169,79.965 553.369,79.82 C556.562,79.673 558.743,79.167 560.652,78.425 C562.623,77.658 564.297,76.634 565.965,74.965 C567.633,73.296 568.659,71.625 569.425,69.651 C570.167,67.743 570.674,65.562 570.82,62.369 C570.966,59.17 571,58.147 571,50 C571,41.851 570.966,40.831 570.82,37.631\"><\/path><\/g><\/g><\/g><\/svg><\/div><div style=\"padding-top: 8px;\"> <div style=\" color:#3897f0; font-family:Arial,sans-serif; font-size:14px; font-style:normal; font-weight:550; line-height:18px;\">Ver essa foto no Instagram<\/div><\/div><div style=\"padding: 12.5% 0;\"><\/div> <div style=\"display: flex; flex-direction: row; margin-bottom: 14px; align-items: center;\"><div> <div style=\"background-color: #F4F4F4; border-radius: 50%; height: 12.5px; width: 12.5px; transform: translateX(0px) translateY(7px);\"><\/div> <div style=\"background-color: #F4F4F4; height: 12.5px; transform: rotate(-45deg) translateX(3px) translateY(1px); width: 12.5px; flex-grow: 0; margin-right: 14px; margin-left: 2px;\"><\/div> <div style=\"background-color: #F4F4F4; border-radius: 50%; height: 12.5px; width: 12.5px; transform: translateX(9px) translateY(-18px);\"><\/div><\/div><div style=\"margin-left: 8px;\"> <div style=\" background-color: #F4F4F4; border-radius: 50%; flex-grow: 0; height: 20px; width: 20px;\"><\/div> <div style=\" width: 0; height: 0; border-top: 2px solid transparent; border-left: 6px solid #f4f4f4; border-bottom: 2px solid transparent; transform: translateX(16px) translateY(-4px) rotate(30deg)\"><\/div><\/div><div style=\"margin-left: auto;\"> <div style=\" width: 0px; border-top: 8px solid #F4F4F4; border-right: 8px solid transparent; transform: translateY(16px);\"><\/div> <div style=\" background-color: #F4F4F4; flex-grow: 0; height: 12px; width: 16px; transform: translateY(-4px);\"><\/div> <div style=\" width: 0; height: 0; border-top: 8px solid #F4F4F4; border-left: 8px solid transparent; transform: translateY(-4px) translateX(8px);\"><\/div><\/div><\/div> <div style=\"display: flex; flex-direction: column; flex-grow: 1; justify-content: center; margin-bottom: 24px;\"> <div style=\" background-color: #F4F4F4; border-radius: 4px; flex-grow: 0; height: 14px; margin-bottom: 6px; width: 224px;\"><\/div> <div style=\" background-color: #F4F4F4; border-radius: 4px; flex-grow: 0; height: 14px; width: 144px;\"><\/div><\/div><\/a><p style=\" color:#c9c8cd; font-family:Arial,sans-serif; font-size:14px; line-height:17px; margin-bottom:0; margin-top:8px; overflow:hidden; padding:8px 0 7px; text-align:center; text-overflow:ellipsis; white-space:nowrap;\"><a href=\"https:\/\/www.instagram.com\/reel\/DTn8xvcidaf\/?utm_source=ig_embed&amp;utm_campaign=loading\" style=\" color:#c9c8cd; font-family:Arial,sans-serif; font-size:14px; font-style:normal; font-weight:normal; line-height:17px; text-decoration:none;\" target=\"_blank\">Um post compartilhado por Lucas Lobo (@1loboliterario)<\/a><\/p><\/div><\/blockquote>\n<script async src=\"\/\/www.instagram.com\/embed.js\"><\/script>\n\n\n\n<h2 class=\"wp-block-heading\">O Pr\u00edncipe: o contexto por tr\u00e1s das palavras<\/h2>\n\n\n\n<p>\u201cO Pr\u00edncipe\u201d foi escrito em um per\u00edodo de instabilidade pol\u00edtica na It\u00e1lia, marcado por disputas entre cidades-Estado e influ\u00eancias externas. Nesse cen\u00e1rio, Maquiavel buscou entender como l\u00edderes poderiam conquistar e manter o poder.<\/p>\n\n\n\n<p>A obra, que funciona como um manual pol\u00edtico, aborda temas como lideran\u00e7a, estrat\u00e9gia, guerra e governan\u00e7a. \u00c9 nela que a frase aparece, refletindo uma vis\u00e3o pragm\u00e1tica sobre autoridade e controle social.<\/p>\n\n\n\n<link href=\"https:\/\/fonts.googleapis.com\/css2?family=Merriweather:wght@700&#038;family=Open+Sans:wght@400;600;700&#038;display=swap\" rel=\"stylesheet\">\r\n<style>\r\n.rdp-cards-wrapper .jnews_inline_related_post_wrapper,\r\n.rdp-cards-wrapper .jnews_inline_related_post,\r\n.rdp-cards-wrapper .jeg_postblock,\r\n.rdp-cards-wrapper [class*=\"jnews_inline\"],\r\n.rdp-cards-wrapper [class*=\"jeg_postblock\"],\r\n.rdp-cards-wrapper [class*=\"jeg_block\"] {\r\n  display: none !important;\r\n  height: 0 !important;\r\n  max-height: 0 !important;\r\n  overflow: hidden !important;\r\n  visibility: hidden !important;\r\n  margin: 0 !important;\r\n  padding: 0 !important;\r\n  border: none !important;\r\n  font-size: 0 !important;\r\n  line-height: 0 !important;\r\n}\r\n.rdp-cards-wrapper {\r\n  max-width: 100%;\r\n  margin: 32px 0;\r\n  background: #F5F7FA;\r\n  border: 1px solid #E1E5EB;\r\n  border-radius: 10px;\r\n  padding: 28px 28px 20px;\r\n  font-family: 'Open Sans', sans-serif;\r\n  overflow: hidden;\r\n  contain: layout style;\r\n  isolation: isolate;\r\n  position: relative;\r\n  z-index: 1;\r\n}\r\n.rdp-cards-wrapper > *:not(.rdp-cards-title):not(.rdp-cards-grid) {\r\n  display: none !important;\r\n}\r\n.rdp-cards-title {\r\n  font-family: 'Merriweather', serif;\r\n  font-size: 20px;\r\n  font-weight: 700;\r\n  color: #1A1A1A;\r\n  margin-bottom: 20px;\r\n  text-align: center;\r\n}\r\n.rdp-cards-grid {\r\n  display: grid;\r\n  grid-template-columns: repeat(3, 1fr);\r\n  gap: 18px;\r\n}\r\n.rdp-cards-item {\r\n  background: #FFFFFF;\r\n  border: 1px solid #E1E5EB;\r\n  border-top: 3px solid #2B5A83;\r\n  border-radius: 10px;\r\n  padding: 22px 20px;\r\n}\r\n.rdp-cards-emoji {\r\n  font-size: 32px;\r\n  margin-bottom: 12px;\r\n}\r\n.rdp-cards-item-title {\r\n  font-weight: 700;\r\n  margin-bottom: 8px;\r\n}\r\n.rdp-cards-item-desc {\r\n  font-size: 14px;\r\n  color: #4A4A4A;\r\n}\r\n@media (max-width: 768px) {\r\n  .rdp-cards-grid {\r\n    grid-template-columns: 1fr;\r\n  }\r\n}\r\n<\/style>\r\n<div class=\"rdp-cards-wrapper\">\r\n  <div class=\"rdp-cards-title\">Saiba mais sobre o tema<\/div>\r\n  <div class=\"rdp-cards-grid\">\r\n    <div class=\"rdp-cards-item\">\r\n      <span class=\"rdp-cards-emoji\">\ud83d\udcda<\/span>\r\n      <div class=\"rdp-cards-item-title\">Obra influente<\/div>\r\n      <p class=\"rdp-cards-item-desc\">\u201cO Pr\u00edncipe\u201d \u00e9 considerado um dos livros mais importantes da ci\u00eancia pol\u00edtica e da filosofia do poder.<\/p>\r\n    <\/div>\r\n    <div class=\"rdp-cards-item\">\r\n      <span class=\"rdp-cards-emoji\">\ud83c\udfdb\ufe0f<\/span>\r\n      <div class=\"rdp-cards-item-title\">Contexto hist\u00f3rico<\/div>\r\n      <p class=\"rdp-cards-item-desc\">A It\u00e1lia fragmentada do s\u00e9culo XVI influenciou diretamente as reflex\u00f5es pol\u00edticas de Maquiavel.<\/p>\r\n    <\/div>\r\n    <div class=\"rdp-cards-item\">\r\n      <span class=\"rdp-cards-emoji\">\u2696\ufe0f<\/span>\r\n      <div class=\"rdp-cards-item-title\">Debate contempor\u00e2neo<\/div>\r\n      <p class=\"rdp-cards-item-desc\">A rela\u00e7\u00e3o entre autoridade e popularidade ainda \u00e9 discutida em democracias modernas.<\/p>\r\n    <\/div>\r\n  <\/div>\r\n<\/div>\r\n<div style=\"clear:both;height:0;overflow:hidden;\"><\/div>\n\n\n\n<h2 class=\"wp-block-heading\">Por que essa declara\u00e7\u00e3o repercutiu<\/h2>\n\n\n\n<p>A frase ganhou destaque ao longo dos s\u00e9culos por sintetizar uma vis\u00e3o direta e, por vezes, controversa da pol\u00edtica. Ela dialoga com temas como lideran\u00e7a, estrat\u00e9gia e controle, presentes em debates contempor\u00e2neos.<\/p>\n\n\n\n<p>Em um cen\u00e1rio onde l\u00edderes precisam equilibrar popularidade e autoridade, a ideia de Maquiavel continua sendo analisada por estudiosos, pol\u00edticos e comunicadores.<\/p>\n\n\n\n<h2 class=\"wp-block-heading\">O legado e a relev\u00e2ncia para a pol\u00edtica<\/h2>\n\n\n\n<p>O pensamento de Nicolau Maquiavel segue influente na ci\u00eancia pol\u00edtica e na an\u00e1lise de poder. Sua abordagem realista ajuda a compreender decis\u00f5es estrat\u00e9gicas e din\u00e2micas de lideran\u00e7a em diferentes contextos hist\u00f3ricos e contempor\u00e2neos.<\/p>\n\n\n\n<p>No fim, a reflex\u00e3o proposta por Maquiavel convida o leitor a pensar sobre os limites entre autoridade e empatia. No universo pol\u00edtico, entender essa tens\u00e3o continua sendo essencial para interpretar o comportamento dos l\u00edderes e o funcionamento das institui\u00e7\u00f5es.<\/p>\n","protected":false},"excerpt":{"rendered":"<p>Resumo Frase emblem\u00e1tica: Maquiavel sintetiza sua vis\u00e3o de poder ao afirmar que o temor pode ser mais eficaz que o afeto na pol\u00edtica. Contexto pol\u00edtico: A ideia surge em \u201cO Pr\u00edncipe\u201d, obra central do pensamento renascentista sobre governan\u00e7a e estrat\u00e9gia de Estado. Relev\u00e2ncia atual: O debate sobre lideran\u00e7a, autoridade e controle social segue atual no [&hellip;]<\/p>\n","protected":false},"author":23,"featured_media":128537,"comment_status":"open","ping_status":"open","sticky":false,"template":"","format":"standard","meta":{"jnews-multi-image_gallery":[],"jnews_single_post":{"format":"standard"},"jnews_primary_category":[],"jnews_social_meta":[],"jnews_override_counter":[],"footnotes":""},"categories":[3046,475],"tags":[8533,7416,23629,5520],"class_list":["post-128536","post","type-post","status-publish","format-standard","has-post-thumbnail","hentry","category-curiosidades","category-entretenimento","tag-filosofia","tag-medo","tag-nicolau-maquiavel","tag-respeito"],"yoast_head":"<!-- This site is optimized with the Yoast SEO plugin v26.5 - https:\/\/yoast.com\/wordpress\/plugins\/seo\/ -->\n<title>Nicolau Maquiavel, autor de O Pr\u00edncipe e te\u00f3rico do realismo pol\u00edtico: \u201c\u00c9 melhor ser temido do que amado\u201d - UAI Not\u00edcias<\/title>\n<meta name=\"description\" content=\"Uma ideia antiga sobre lideran\u00e7a voltou ao debate e revela como o poder funciona na pr\u00e1tica de forma surpreendente\" \/>\n<meta name=\"robots\" content=\"index, follow, max-snippet:-1, max-image-preview:large, max-video-preview:-1\" \/>\n<link rel=\"canonical\" href=\"https:\/\/www.uai.com.br\/uainoticias\/2026\/04\/30\/nicolau-maquiavel-autor-de-o-principe-e-teorico-do-realismo-politico-e-melhor-ser-temido-do-que-amado\/\" \/>\n<meta property=\"og:locale\" content=\"pt_BR\" \/>\n<meta property=\"og:type\" content=\"article\" \/>\n<meta property=\"og:title\" content=\"Nicolau Maquiavel, autor de O Pr\u00edncipe e te\u00f3rico do realismo pol\u00edtico: \u201c\u00c9 melhor ser temido do que amado\u201d - UAI Not\u00edcias\" \/>\n<meta property=\"og:description\" content=\"Uma ideia antiga sobre lideran\u00e7a voltou ao debate e revela como o poder funciona na pr\u00e1tica de forma surpreendente\" \/>\n<meta property=\"og:url\" content=\"https:\/\/www.uai.com.br\/uainoticias\/2026\/04\/30\/nicolau-maquiavel-autor-de-o-principe-e-teorico-do-realismo-politico-e-melhor-ser-temido-do-que-amado\/\" \/>\n<meta property=\"og:site_name\" content=\"UAI Not\u00edcias\" \/>\n<meta property=\"article:published_time\" content=\"2026-04-30T12:15:00+00:00\" \/>\n<meta property=\"og:image\" content=\"https:\/\/www.uai.com.br\/uainoticias\/wp-content\/uploads\/2026\/04\/Design_sem_nome-2026-04-29T131523.443.jpg\" \/>\n\t<meta property=\"og:image:width\" content=\"1280\" \/>\n\t<meta property=\"og:image:height\" content=\"720\" \/>\n\t<meta property=\"og:image:type\" content=\"image\/jpeg\" \/>\n<meta name=\"author\" content=\"Gustavo Trindade\" \/>\n<meta name=\"twitter:card\" content=\"summary_large_image\" \/>\n<meta name=\"twitter:label1\" content=\"Escrito por\" \/>\n\t<meta name=\"twitter:data1\" content=\"Gustavo Trindade\" \/>\n\t<meta name=\"twitter:label2\" content=\"Est. tempo de leitura\" \/>\n\t<meta name=\"twitter:data2\" content=\"4 minutos\" \/>\n<!-- \/ Yoast SEO plugin. -->","yoast_head_json":{"title":"Nicolau Maquiavel, autor de O Pr\u00edncipe e te\u00f3rico do realismo pol\u00edtico: \u201c\u00c9 melhor ser temido do que amado\u201d - UAI Not\u00edcias","description":"Uma ideia antiga sobre lideran\u00e7a voltou ao debate e revela como o poder funciona na pr\u00e1tica de forma surpreendente","robots":{"index":"index","follow":"follow","max-snippet":"max-snippet:-1","max-image-preview":"max-image-preview:large","max-video-preview":"max-video-preview:-1"},"canonical":"https:\/\/www.uai.com.br\/uainoticias\/2026\/04\/30\/nicolau-maquiavel-autor-de-o-principe-e-teorico-do-realismo-politico-e-melhor-ser-temido-do-que-amado\/","og_locale":"pt_BR","og_type":"article","og_title":"Nicolau Maquiavel, autor de O Pr\u00edncipe e te\u00f3rico do realismo pol\u00edtico: \u201c\u00c9 melhor ser temido do que amado\u201d - UAI Not\u00edcias","og_description":"Uma ideia antiga sobre lideran\u00e7a voltou ao debate e revela como o poder funciona na pr\u00e1tica de forma surpreendente","og_url":"https:\/\/www.uai.com.br\/uainoticias\/2026\/04\/30\/nicolau-maquiavel-autor-de-o-principe-e-teorico-do-realismo-politico-e-melhor-ser-temido-do-que-amado\/","og_site_name":"UAI Not\u00edcias","article_published_time":"2026-04-30T12:15:00+00:00","og_image":[{"width":1280,"height":720,"url":"https:\/\/www.uai.com.br\/uainoticias\/wp-content\/uploads\/2026\/04\/Design_sem_nome-2026-04-29T131523.443.jpg","type":"image\/jpeg"}],"author":"Gustavo Trindade","twitter_card":"summary_large_image","twitter_misc":{"Escrito por":"Gustavo Trindade","Est. tempo de leitura":"4 minutos"},"schema":{"@context":"https:\/\/schema.org","@graph":[{"@type":"WebPage","@id":"https:\/\/www.uai.com.br\/uainoticias\/2026\/04\/30\/nicolau-maquiavel-autor-de-o-principe-e-teorico-do-realismo-politico-e-melhor-ser-temido-do-que-amado\/","url":"https:\/\/www.uai.com.br\/uainoticias\/2026\/04\/30\/nicolau-maquiavel-autor-de-o-principe-e-teorico-do-realismo-politico-e-melhor-ser-temido-do-que-amado\/","name":"Nicolau Maquiavel, autor de O Pr\u00edncipe e te\u00f3rico do realismo pol\u00edtico: \u201c\u00c9 melhor ser temido do que amado\u201d - UAI Not\u00edcias","isPartOf":{"@id":"https:\/\/www.uai.com.br\/uainoticias\/#website"},"primaryImageOfPage":{"@id":"https:\/\/www.uai.com.br\/uainoticias\/2026\/04\/30\/nicolau-maquiavel-autor-de-o-principe-e-teorico-do-realismo-politico-e-melhor-ser-temido-do-que-amado\/#primaryimage"},"image":{"@id":"https:\/\/www.uai.com.br\/uainoticias\/2026\/04\/30\/nicolau-maquiavel-autor-de-o-principe-e-teorico-do-realismo-politico-e-melhor-ser-temido-do-que-amado\/#primaryimage"},"thumbnailUrl":"https:\/\/www.uai.com.br\/uainoticias\/wp-content\/uploads\/2026\/04\/Design_sem_nome-2026-04-29T131523.443.jpg","datePublished":"2026-04-30T12:15:00+00:00","author":{"@id":"https:\/\/www.uai.com.br\/uainoticias\/#\/schema\/person\/060f8bb02e250479c83590e2c4706fcc"},"description":"Uma ideia antiga sobre lideran\u00e7a voltou ao debate e revela como o poder funciona na pr\u00e1tica de forma surpreendente","breadcrumb":{"@id":"https:\/\/www.uai.com.br\/uainoticias\/2026\/04\/30\/nicolau-maquiavel-autor-de-o-principe-e-teorico-do-realismo-politico-e-melhor-ser-temido-do-que-amado\/#breadcrumb"},"inLanguage":"pt-BR","potentialAction":[{"@type":"ReadAction","target":["https:\/\/www.uai.com.br\/uainoticias\/2026\/04\/30\/nicolau-maquiavel-autor-de-o-principe-e-teorico-do-realismo-politico-e-melhor-ser-temido-do-que-amado\/"]}]},{"@type":"ImageObject","inLanguage":"pt-BR","@id":"https:\/\/www.uai.com.br\/uainoticias\/2026\/04\/30\/nicolau-maquiavel-autor-de-o-principe-e-teorico-do-realismo-politico-e-melhor-ser-temido-do-que-amado\/#primaryimage","url":"https:\/\/www.uai.com.br\/uainoticias\/wp-content\/uploads\/2026\/04\/Design_sem_nome-2026-04-29T131523.443.jpg","contentUrl":"https:\/\/www.uai.com.br\/uainoticias\/wp-content\/uploads\/2026\/04\/Design_sem_nome-2026-04-29T131523.443.jpg","width":1280,"height":720,"caption":"Vis\u00e3o realista da lideran\u00e7a focada em autoridade e governan\u00e7a"},{"@type":"BreadcrumbList","@id":"https:\/\/www.uai.com.br\/uainoticias\/2026\/04\/30\/nicolau-maquiavel-autor-de-o-principe-e-teorico-do-realismo-politico-e-melhor-ser-temido-do-que-amado\/#breadcrumb","itemListElement":[{"@type":"ListItem","position":1,"name":"In\u00edcio","item":"https:\/\/www.uai.com.br\/uainoticias\/"},{"@type":"ListItem","position":2,"name":"Nicolau Maquiavel, autor de O Pr\u00edncipe e te\u00f3rico do realismo pol\u00edtico: \u201c\u00c9 melhor ser temido do que amado\u201d"}]},{"@type":"WebSite","@id":"https:\/\/www.uai.com.br\/uainoticias\/#website","url":"https:\/\/www.uai.com.br\/uainoticias\/","name":"UAI Not\u00edcias","description":"Acompanhe as \u00faltimas not\u00edcias e fique bem informado sobre tudo o que acontece no Brasil e no mundo.","potentialAction":[{"@type":"SearchAction","target":{"@type":"EntryPoint","urlTemplate":"https:\/\/www.uai.com.br\/uainoticias\/?s={search_term_string}"},"query-input":{"@type":"PropertyValueSpecification","valueRequired":true,"valueName":"search_term_string"}}],"inLanguage":"pt-BR"},{"@type":"Person","@id":"https:\/\/www.uai.com.br\/uainoticias\/#\/schema\/person\/060f8bb02e250479c83590e2c4706fcc","name":"Gustavo Trindade","image":{"@type":"ImageObject","inLanguage":"pt-BR","@id":"https:\/\/www.uai.com.br\/uainoticias\/#\/schema\/person\/image\/","url":"https:\/\/secure.gravatar.com\/avatar\/05714a54ada0bd2b20e75b2c72a9e7802581213945810c2354d320b79f27b427?s=96&d=mm&r=g","contentUrl":"https:\/\/secure.gravatar.com\/avatar\/05714a54ada0bd2b20e75b2c72a9e7802581213945810c2354d320b79f27b427?s=96&d=mm&r=g","caption":"Gustavo Trindade"},"sameAs":["https:\/\/www.uai.com.br\/uainoticias\/"],"url":"https:\/\/www.uai.com.br\/uainoticias\/author\/gustavotrindade\/"}]}},"_links":{"self":[{"href":"https:\/\/www.uai.com.br\/uainoticias\/wp-json\/wp\/v2\/posts\/128536","targetHints":{"allow":["GET"]}}],"collection":[{"href":"https:\/\/www.uai.com.br\/uainoticias\/wp-json\/wp\/v2\/posts"}],"about":[{"href":"https:\/\/www.uai.com.br\/uainoticias\/wp-json\/wp\/v2\/types\/post"}],"author":[{"embeddable":true,"href":"https:\/\/www.uai.com.br\/uainoticias\/wp-json\/wp\/v2\/users\/23"}],"replies":[{"embeddable":true,"href":"https:\/\/www.uai.com.br\/uainoticias\/wp-json\/wp\/v2\/comments?post=128536"}],"version-history":[{"count":1,"href":"https:\/\/www.uai.com.br\/uainoticias\/wp-json\/wp\/v2\/posts\/128536\/revisions"}],"predecessor-version":[{"id":128538,"href":"https:\/\/www.uai.com.br\/uainoticias\/wp-json\/wp\/v2\/posts\/128536\/revisions\/128538"}],"wp:featuredmedia":[{"embeddable":true,"href":"https:\/\/www.uai.com.br\/uainoticias\/wp-json\/wp\/v2\/media\/128537"}],"wp:attachment":[{"href":"https:\/\/www.uai.com.br\/uainoticias\/wp-json\/wp\/v2\/media?parent=128536"}],"wp:term":[{"taxonomy":"category","embeddable":true,"href":"https:\/\/www.uai.com.br\/uainoticias\/wp-json\/wp\/v2\/categories?post=128536"},{"taxonomy":"post_tag","embeddable":true,"href":"https:\/\/www.uai.com.br\/uainoticias\/wp-json\/wp\/v2\/tags?post=128536"}],"curies":[{"name":"wp","href":"https:\/\/api.w.org\/{rel}","templated":true}]}}