{"id":128524,"date":"2026-04-30T06:15:00","date_gmt":"2026-04-30T09:15:00","guid":{"rendered":"https:\/\/www.uai.com.br\/uainoticias\/?p=128524"},"modified":"2026-04-29T15:56:06","modified_gmt":"2026-04-29T18:56:06","slug":"me-mudei-para-uma-vila-de-mini-casas-aos-37-com-meu-filho-a-infancia-dele-e-tao-livre-que-ficamos-por-7-anos","status":"publish","type":"post","link":"https:\/\/www.uai.com.br\/uainoticias\/2026\/04\/30\/me-mudei-para-uma-vila-de-mini-casas-aos-37-com-meu-filho-a-infancia-dele-e-tao-livre-que-ficamos-por-7-anos\/","title":{"rendered":"Me mudei para uma vila de mini casas aos 37 com meu filho. A inf\u00e2ncia dele \u00e9 t\u00e3o livre que ficamos por 7 anos"},"content":{"rendered":"\n<link href=\"https:\/\/fonts.googleapis.com\/css2?family=Inter:wght@400;600;700;800&#038;display=swap\" rel=\"stylesheet\">\r\n<style>\r\n\/* Prote\u00e7\u00e3o contra inje\u00e7\u00e3o do \"Veja Tamb\u00e9m\" (JNews inline related posts) *\/\r\n.rdp-curiosidades-wrapper .jnews_inline_related_post_wrapper,\r\n.rdp-curiosidades-wrapper .jnews_inline_related_post,\r\n.rdp-curiosidades-wrapper .jeg_postblock,\r\n.rdp-curiosidades-wrapper [class*=\"jnews_inline\"],\r\n.rdp-curiosidades-wrapper [class*=\"jeg_postblock\"],\r\n.rdp-curiosidades-wrapper [class*=\"jeg_block\"] {\r\n  display: none !important;\r\n  height: 0 !important;\r\n  max-height: 0 !important;\r\n  overflow: hidden !important;\r\n  visibility: hidden !important;\r\n  margin: 0 !important;\r\n  padding: 0 !important;\r\n  border: none !important;\r\n  font-size: 0 !important;\r\n  line-height: 0 !important;\r\n}\r\n.rdp-curiosidades-wrapper {\r\n  max-width: 620px;\r\n  margin: 28px auto;\r\n  background: #FFFFFF;\r\n  border: 1px solid #E0E0E0;\r\n  border-top: 3px solid #2FC3EE;\r\n  border-radius: 12px;\r\n  padding: 28px 32px;\r\n  font-family: 'Inter', sans-serif;\r\n  box-shadow: 0 4px 20px rgba(47,195,238,0.18);\r\n  overflow: hidden;\r\n  contain: layout style;\r\n  isolation: isolate;\r\n  position: relative;\r\n  z-index: 1;\r\n}\r\n.rdp-curiosidades-wrapper > *:not(.rdp-curiosidades-header):not(.rdp-curiosidades-list) {\r\n  display: none !important;\r\n  height: 0 !important;\r\n  overflow: hidden !important;\r\n  margin: 0 !important;\r\n  padding: 0 !important;\r\n  border: none !important;\r\n}\r\n.rdp-curiosidades-header {\r\n  display: flex;\r\n  align-items: center;\r\n  justify-content: center;\r\n  gap: 16px;\r\n  margin-bottom: 24px;\r\n}\r\n.rdp-curiosidades-line {\r\n  flex: 1;\r\n  height: 1px;\r\n  background: #E0E0E0;\r\n}\r\n.rdp-curiosidades-title {\r\n  font-family: 'Inter', sans-serif;\r\n  font-size: 12px;\r\n  font-weight: 800;\r\n  text-transform: uppercase;\r\n  letter-spacing: 4px;\r\n  color: #1A1A1A;\r\n  white-space: nowrap;\r\n}\r\n.rdp-curiosidades-list {\r\n  list-style: none;\r\n  padding: 0;\r\n  margin: 0;\r\n  text-align: center;\r\n}\r\n.rdp-curiosidades-item {\r\n  padding: 0 0 18px 0;\r\n  line-height: 1.7;\r\n}\r\n.rdp-curiosidades-item:last-child {\r\n  padding-bottom: 0;\r\n}\r\n.rdp-curiosidades-item-bullet {\r\n  display: inline-block;\r\n  width: 8px;\r\n  height: 8px;\r\n  background: #2FC3EE;\r\n  border-radius: 50%;\r\n  box-shadow: 0 0 6px rgba(47,195,238,0.40);\r\n  margin-right: 10px;\r\n  vertical-align: middle;\r\n}\r\n.rdp-curiosidades-item-title {\r\n  font-size: 15px;\r\n  font-weight: 700;\r\n  color: #1A1A1A;\r\n}\r\n.rdp-curiosidades-item-desc {\r\n  font-size: 15px;\r\n  color: #333333;\r\n  line-height: 1.7;\r\n}\r\n@media (max-width: 768px) {\r\n  .rdp-curiosidades-wrapper {\r\n    max-width: 100%;\r\n    margin: 20px 12px;\r\n    padding: 22px 20px;\r\n  }\r\n}\r\n<\/style>\r\n<div class=\"rdp-curiosidades-wrapper\">\r\n  <div class=\"rdp-curiosidades-header\">\r\n    <span class=\"rdp-curiosidades-line\"><\/span>\r\n    <span class=\"rdp-curiosidades-title\">Curiosidades da hist\u00f3ria<\/span>\r\n    <span class=\"rdp-curiosidades-line\"><\/span>\r\n  <\/div>\r\n  <ul class=\"rdp-curiosidades-list\">\r\n    <li class=\"rdp-curiosidades-item\">\r\n      <span class=\"rdp-curiosidades-item-bullet\"><\/span><span class=\"rdp-curiosidades-item-title\">Uma chance inesperada:<\/span> <span class=\"rdp-curiosidades-item-desc\">Ele perdeu a casa e, em poucas semanas, ganhou uma nova vida ao vencer uma esp\u00e9cie de \u201csorteio\u201d por um lar.<\/span>\r\n    <\/li>\r\n    <li class=\"rdp-curiosidades-item\">\r\n      <span class=\"rdp-curiosidades-item-bullet\"><\/span><span class=\"rdp-curiosidades-item-title\">Festa que virou uni\u00e3o:<\/span> <span class=\"rdp-curiosidades-item-desc\">O anivers\u00e1rio do filho virou um mini festival, com vizinhos ajudando e celebrando juntos.<\/span>\r\n    <\/li>\r\n    <li class=\"rdp-curiosidades-item\">\r\n      <span class=\"rdp-curiosidades-item-bullet\"><\/span><span class=\"rdp-curiosidades-item-title\">Uma escolha que ficou:<\/span> <span class=\"rdp-curiosidades-item-desc\">Depois de sete anos, ele nunca pensou em ir embora, porque encontrou ali algo raro, pertencimento.<\/span>\r\n    <\/li>\r\n  <\/ul>\r\n<\/div>\r\n<div style=\"clear:both;height:0;overflow:hidden;\"><\/div>\n\n\n\n<p>Hist\u00f3rias reais como a de <strong>Matthijs van der Ham<\/strong> mostram como a vida pode surpreender quando menos esperamos. O que come\u00e7ou como uma preocupa\u00e7\u00e3o com moradia acabou se transformando em um relato cheio de emo\u00e7\u00e3o, pertencimento e novas possibilidades. \u00c9 aquele tipo de hist\u00f3ria que faz a gente parar e pensar em como pequenos caminhos podem mudar tudo.<\/p>\n\n\n\n<h2 class=\"wp-block-heading\">Como tudo come\u00e7ou:<\/h2>\n\n\n\n<p><strong>Matthijs van der Ham<\/strong> vivia com o filho em um apartamento simples quando recebeu a not\u00edcia de que precisaria sair. Era uma situa\u00e7\u00e3o comum, daquelas que deixam qualquer pai preocupado com o futuro da fam\u00edlia.<\/p>\n\n\n\n<p>Foi ent\u00e3o que surgiu a oportunidade de uma tiny house em uma comunidade chamada Minitopia. Ele j\u00e1 conhecia o lugar e, com um pouco de sorte, acabou sendo escolhido entre muitas pessoas. Em poucas semanas, a vida dos dois mudou completamente.<\/p>\n\n\n\n<figure class=\"wp-block-image aligncenter size-large\"><img decoding=\"async\" width=\"1024\" height=\"576\" src=\"https:\/\/www.uai.com.br\/uainoticias\/wp-content\/uploads\/2026\/04\/Design_sem_nome-2026-04-29T125919.813-1024x576.jpg\" alt=\"Me mudei para uma vila de mini casas aos 37 com meu filho. A inf\u00e2ncia dele \u00e9 t\u00e3o livre que ficamos por 7 anos.\" class=\"wp-image-128525\" srcset=\"https:\/\/www.uai.com.br\/uainoticias\/wp-content\/uploads\/2026\/04\/Design_sem_nome-2026-04-29T125919.813-1024x576.jpg 1024w, https:\/\/www.uai.com.br\/uainoticias\/wp-content\/uploads\/2026\/04\/Design_sem_nome-2026-04-29T125919.813-300x169.jpg 300w, https:\/\/www.uai.com.br\/uainoticias\/wp-content\/uploads\/2026\/04\/Design_sem_nome-2026-04-29T125919.813-768x432.jpg 768w, https:\/\/www.uai.com.br\/uainoticias\/wp-content\/uploads\/2026\/04\/Design_sem_nome-2026-04-29T125919.813-750x422.jpg 750w, https:\/\/www.uai.com.br\/uainoticias\/wp-content\/uploads\/2026\/04\/Design_sem_nome-2026-04-29T125919.813-1140x641.jpg 1140w, https:\/\/www.uai.com.br\/uainoticias\/wp-content\/uploads\/2026\/04\/Design_sem_nome-2026-04-29T125919.813.jpg 1280w\" sizes=\"(max-width: 1024px) 100vw, 1024px\" \/><figcaption class=\"wp-element-caption\">Matthijs van der Ham mora em uma pequena casa na Holanda. Samira Kafala para BI\n<\/figcaption><\/figure>\n\n\n\n<h2 class=\"wp-block-heading\">O momento que mudou tudo:<\/h2>\n\n\n\n<p>Ao chegar em Minitopia, <strong>Matthijs van der Ham<\/strong> percebeu que aquele n\u00e3o era um bairro comum. N\u00e3o havia cercas r\u00edgidas, nem aquela divis\u00e3o fria entre espa\u00e7os. Tudo parecia mais leve, mais aberto, mais humano.<\/p>\n\n\n\n<p>Com o tempo, ele come\u00e7ou a plantar \u00e1rvores, criar arte com madeira e viver de um jeito mais livre. Era como se o ambiente tivesse despertado uma nova forma de enxergar a vida, mais simples e cheia de significado.<\/p>\n\n\n\n<figure class=\"wp-block-image aligncenter size-large\"><img decoding=\"async\" width=\"1024\" height=\"576\" src=\"https:\/\/www.uai.com.br\/uainoticias\/wp-content\/uploads\/2026\/04\/Design_sem_nome-2026-04-29T125943.236-1024x576.jpg\" alt=\"Me mudei para uma vila de mini casas aos 37 com meu filho. A inf\u00e2ncia dele \u00e9 t\u00e3o livre que ficamos por 7 anos.\" class=\"wp-image-128527\" srcset=\"https:\/\/www.uai.com.br\/uainoticias\/wp-content\/uploads\/2026\/04\/Design_sem_nome-2026-04-29T125943.236-1024x576.jpg 1024w, https:\/\/www.uai.com.br\/uainoticias\/wp-content\/uploads\/2026\/04\/Design_sem_nome-2026-04-29T125943.236-300x169.jpg 300w, https:\/\/www.uai.com.br\/uainoticias\/wp-content\/uploads\/2026\/04\/Design_sem_nome-2026-04-29T125943.236-768x432.jpg 768w, https:\/\/www.uai.com.br\/uainoticias\/wp-content\/uploads\/2026\/04\/Design_sem_nome-2026-04-29T125943.236-750x422.jpg 750w, https:\/\/www.uai.com.br\/uainoticias\/wp-content\/uploads\/2026\/04\/Design_sem_nome-2026-04-29T125943.236-1140x641.jpg 1140w, https:\/\/www.uai.com.br\/uainoticias\/wp-content\/uploads\/2026\/04\/Design_sem_nome-2026-04-29T125943.236.jpg 1280w\" sizes=\"(max-width: 1024px) 100vw, 1024px\" \/><figcaption class=\"wp-element-caption\">Existem aldeias Minitopia em toda a regi\u00e3o de Brabante do Norte, na Holanda.  Samira Kafala para BI\n<\/figcaption><\/figure>\n\n\n\n<h2 class=\"wp-block-heading\">A conviv\u00eancia na Minitopia: o que mais chamou aten\u00e7\u00e3o no relato:<\/h2>\n\n\n\n<p>Um dos pontos mais marcantes da hist\u00f3ria de <strong>Matthijs van der Ham<\/strong> foi a conviv\u00eancia com os vizinhos. Em vez de reclama\u00e7\u00f5es, havia apoio e curiosidade. As pessoas se ajudavam e celebravam juntas.<\/p>\n\n\n\n<p>O anivers\u00e1rio do filho \u00e9 um exemplo lindo disso. O que seria uma festa simples virou um evento coletivo, com m\u00fasica, comida e participa\u00e7\u00e3o de todos. \u00c9 aquele tipo de cena que aquece o cora\u00e7\u00e3o e lembra a gente de como a comunidade faz diferen\u00e7a.<\/p>\n\n\n\n<link href=\"https:\/\/fonts.googleapis.com\/css2?family=Inter:wght@400;600;700;800&#038;display=swap\" rel=\"stylesheet\">\r\n<style>\r\n\/* Prote\u00e7\u00e3o contra inje\u00e7\u00e3o do \"Veja Tamb\u00e9m\" (JNews inline related posts) *\/\r\n.rdp-pontos-wrapper .jnews_inline_related_post_wrapper,\r\n.rdp-pontos-wrapper .jnews_inline_related_post,\r\n.rdp-pontos-wrapper .jeg_postblock,\r\n.rdp-pontos-wrapper [class*=\"jnews_inline\"],\r\n.rdp-pontos-wrapper [class*=\"jeg_postblock\"],\r\n.rdp-pontos-wrapper [class*=\"jeg_block\"] {\r\n  display: none !important;\r\n  height: 0 !important;\r\n  max-height: 0 !important;\r\n  overflow: hidden !important;\r\n  visibility: hidden !important;\r\n  margin: 0 !important;\r\n  padding: 0 !important;\r\n  border: none !important;\r\n  font-size: 0 !important;\r\n  line-height: 0 !important;\r\n}\r\n.rdp-pontos-wrapper {\r\n  max-width: 100%;\r\n  margin: 32px 0;\r\n  background: #F8F9FA;\r\n  border: 1px solid #E0E0E0;\r\n  border-radius: 12px;\r\n  padding: 28px 28px 20px;\r\n  font-family: 'Inter', sans-serif;\r\n  box-shadow: 0 4px 20px rgba(47,195,238,0.12);\r\n  overflow: hidden;\r\n  contain: layout style;\r\n  isolation: isolate;\r\n  position: relative;\r\n  z-index: 1;\r\n}\r\n.rdp-pontos-wrapper > *:not(.rdp-pontos-title):not(.rdp-pontos-grid) {\r\n  display: none !important;\r\n  height: 0 !important;\r\n  overflow: hidden !important;\r\n  margin: 0 !important;\r\n  padding: 0 !important;\r\n  border: none !important;\r\n}\r\n.rdp-pontos-title {\r\n  font-family: 'Inter', sans-serif;\r\n  font-size: 20px;\r\n  font-weight: 800;\r\n  color: #1A1A1A;\r\n  margin: 0 0 20px 0;\r\n  line-height: 1.3;\r\n  text-align: center;\r\n}\r\n.rdp-pontos-grid {\r\n  display: grid;\r\n  grid-template-columns: repeat(3, 1fr);\r\n  gap: 18px;\r\n}\r\n.rdp-pontos-item {\r\n  background: #FFFFFF;\r\n  border: 1px solid #E0E0E0;\r\n  border-top: 3px solid #2FC3EE;\r\n  border-radius: 10px;\r\n  padding: 22px 20px;\r\n  box-shadow: 0 2px 10px rgba(47,195,238,0.10);\r\n  text-align: center;\r\n}\r\n.rdp-pontos-emoji {\r\n  font-size: 32px;\r\n  margin-bottom: 12px;\r\n}\r\n.rdp-pontos-item-title {\r\n  font-size: 15px;\r\n  font-weight: 700;\r\n  color: #1A1A1A;\r\n  margin-bottom: 8px;\r\n}\r\n.rdp-pontos-item-desc {\r\n  font-size: 14px;\r\n  color: #333333;\r\n}\r\n<\/style>\r\n<div class=\"rdp-pontos-wrapper\">\r\n  <div class=\"rdp-pontos-title\">Pontos marcantes do relato<\/div>\r\n  <div class=\"rdp-pontos-grid\">\r\n    <div class=\"rdp-pontos-item\">\r\n      <span class=\"rdp-pontos-emoji\">\ud83d\udcac<\/span>\r\n      <div class=\"rdp-pontos-item-title\">Mudan\u00e7a inesperada<\/div>\r\n      <p class=\"rdp-pontos-item-desc\">Ap\u00f3s perder o apartamento, ele encontrou uma nova oportunidade em uma tiny house por meio de um sorteio.<\/p>\r\n    <\/div>\r\n    <div class=\"rdp-pontos-item\">\r\n      <span class=\"rdp-pontos-emoji\">\u2764\ufe0f<\/span>\r\n      <div class=\"rdp-pontos-item-title\">Nova forma de viver<\/div>\r\n      <p class=\"rdp-pontos-item-desc\">A vida em comunidade trouxe liberdade, criatividade e uma rotina mais leve para ele e seu filho.<\/p>\r\n    <\/div>\r\n    <div class=\"rdp-pontos-item\">\r\n      <span class=\"rdp-pontos-emoji\">\u2728<\/span>\r\n      <div class=\"rdp-pontos-item-title\">Comunidade acolhedora<\/div>\r\n      <p class=\"rdp-pontos-item-desc\">Vizinhos transformaram momentos simples em experi\u00eancias coletivas cheias de uni\u00e3o e alegria.<\/p>\r\n    <\/div>\r\n  <\/div>\r\n<\/div>\r\n<div style=\"clear:both;height:0;overflow:hidden;\"><\/div>\n\n\n\n<h2 class=\"wp-block-heading\">Por que essa hist\u00f3ria tocou tanta gente:<\/h2>\n\n\n\n<p>A trajet\u00f3ria de <strong>Matthijs van der Ham<\/strong> emociona porque mostra algo que muita gente sente falta hoje em dia, conex\u00e3o de verdade. Em um mundo t\u00e3o corrido, encontrar um lugar seguro e acolhedor para criar um filho \u00e9 algo muito valioso.<\/p>\n\n\n\n<p>Al\u00e9m disso, o relato traz aquela sensa\u00e7\u00e3o de esperan\u00e7a, de que mudan\u00e7as inesperadas podem trazer coisas boas. \u00c9 uma lembran\u00e7a de que a vida pode surpreender de formas bonitas.<\/p>\n\n\n\n<h2 class=\"wp-block-heading\">O que aconteceu depois:<\/h2>\n\n\n\n<p>Depois de sete anos vivendo na comunidade, <strong>Matthijs van der Ham<\/strong> continua no mesmo lugar, feliz com a escolha que fez. Ele segue cuidando da casa, criando arte e aproveitando a conviv\u00eancia com os vizinhos.<\/p>\n\n\n\n<p>Essa hist\u00f3ria real mostra que, \u00e0s vezes, o que parece um problema pode ser o come\u00e7o de uma transforma\u00e7\u00e3o bonita. E no meio de tudo isso, ficam as mem\u00f3rias, os encontros e a sensa\u00e7\u00e3o de estar exatamente onde se deveria estar.<\/p>\n","protected":false},"excerpt":{"rendered":"<p>Curiosidades da hist\u00f3ria Uma chance inesperada: Ele perdeu a casa e, em poucas semanas, ganhou uma nova vida ao vencer uma esp\u00e9cie de \u201csorteio\u201d por um lar. Festa que virou uni\u00e3o: O anivers\u00e1rio do filho virou um mini festival, com vizinhos ajudando e celebrando juntos. Uma escolha que ficou: Depois de sete anos, ele nunca [&hellip;]<\/p>\n","protected":false},"author":23,"featured_media":128525,"comment_status":"open","ping_status":"open","sticky":false,"template":"","format":"standard","meta":{"jnews-multi-image_gallery":[],"jnews_single_post":{"format":"standard"},"jnews_primary_category":[],"jnews_social_meta":[],"jnews_override_counter":[],"footnotes":""},"categories":[11601],"tags":[1051,2567,23628,23627],"class_list":["post-128524","post","type-post","status-publish","format-standard","has-post-thumbnail","hentry","category-noticia","tag-amor","tag-infancia","tag-mini-casa","tag-perdeu-a-casa"],"yoast_head":"<!-- This site is optimized with the Yoast SEO plugin v26.5 - https:\/\/yoast.com\/wordpress\/plugins\/seo\/ -->\n<title>Me mudei para uma vila de mini casas aos 37 com meu filho. A inf\u00e2ncia dele \u00e9 t\u00e3o livre que ficamos por 7 anos - UAI Not\u00edcias<\/title>\n<meta name=\"description\" content=\"Ele perdeu a casa e encontrou um novo jeito de viver em comunidade e os detalhes dessa escolha chamam aten\u00e7\u00e3o\" \/>\n<meta name=\"robots\" content=\"index, follow, max-snippet:-1, max-image-preview:large, max-video-preview:-1\" \/>\n<link rel=\"canonical\" href=\"https:\/\/www.uai.com.br\/uainoticias\/2026\/04\/30\/me-mudei-para-uma-vila-de-mini-casas-aos-37-com-meu-filho-a-infancia-dele-e-tao-livre-que-ficamos-por-7-anos\/\" \/>\n<meta property=\"og:locale\" content=\"pt_BR\" \/>\n<meta property=\"og:type\" content=\"article\" \/>\n<meta property=\"og:title\" content=\"Me mudei para uma vila de mini casas aos 37 com meu filho. A inf\u00e2ncia dele \u00e9 t\u00e3o livre que ficamos por 7 anos - UAI Not\u00edcias\" \/>\n<meta property=\"og:description\" content=\"Ele perdeu a casa e encontrou um novo jeito de viver em comunidade e os detalhes dessa escolha chamam aten\u00e7\u00e3o\" \/>\n<meta property=\"og:url\" content=\"https:\/\/www.uai.com.br\/uainoticias\/2026\/04\/30\/me-mudei-para-uma-vila-de-mini-casas-aos-37-com-meu-filho-a-infancia-dele-e-tao-livre-que-ficamos-por-7-anos\/\" \/>\n<meta property=\"og:site_name\" content=\"UAI Not\u00edcias\" \/>\n<meta property=\"article:published_time\" content=\"2026-04-30T09:15:00+00:00\" \/>\n<meta property=\"og:image\" content=\"https:\/\/www.uai.com.br\/uainoticias\/wp-content\/uploads\/2026\/04\/Design_sem_nome-2026-04-29T125919.813.jpg\" \/>\n\t<meta property=\"og:image:width\" content=\"1280\" \/>\n\t<meta property=\"og:image:height\" content=\"720\" \/>\n\t<meta property=\"og:image:type\" content=\"image\/jpeg\" \/>\n<meta name=\"author\" content=\"Gustavo Trindade\" \/>\n<meta name=\"twitter:card\" content=\"summary_large_image\" \/>\n<meta name=\"twitter:label1\" content=\"Escrito por\" \/>\n\t<meta name=\"twitter:data1\" content=\"Gustavo Trindade\" \/>\n\t<meta name=\"twitter:label2\" content=\"Est. tempo de leitura\" \/>\n\t<meta name=\"twitter:data2\" content=\"5 minutos\" \/>\n<!-- \/ Yoast SEO plugin. -->","yoast_head_json":{"title":"Me mudei para uma vila de mini casas aos 37 com meu filho. A inf\u00e2ncia dele \u00e9 t\u00e3o livre que ficamos por 7 anos - UAI Not\u00edcias","description":"Ele perdeu a casa e encontrou um novo jeito de viver em comunidade e os detalhes dessa escolha chamam aten\u00e7\u00e3o","robots":{"index":"index","follow":"follow","max-snippet":"max-snippet:-1","max-image-preview":"max-image-preview:large","max-video-preview":"max-video-preview:-1"},"canonical":"https:\/\/www.uai.com.br\/uainoticias\/2026\/04\/30\/me-mudei-para-uma-vila-de-mini-casas-aos-37-com-meu-filho-a-infancia-dele-e-tao-livre-que-ficamos-por-7-anos\/","og_locale":"pt_BR","og_type":"article","og_title":"Me mudei para uma vila de mini casas aos 37 com meu filho. A inf\u00e2ncia dele \u00e9 t\u00e3o livre que ficamos por 7 anos - UAI Not\u00edcias","og_description":"Ele perdeu a casa e encontrou um novo jeito de viver em comunidade e os detalhes dessa escolha chamam aten\u00e7\u00e3o","og_url":"https:\/\/www.uai.com.br\/uainoticias\/2026\/04\/30\/me-mudei-para-uma-vila-de-mini-casas-aos-37-com-meu-filho-a-infancia-dele-e-tao-livre-que-ficamos-por-7-anos\/","og_site_name":"UAI Not\u00edcias","article_published_time":"2026-04-30T09:15:00+00:00","og_image":[{"width":1280,"height":720,"url":"https:\/\/www.uai.com.br\/uainoticias\/wp-content\/uploads\/2026\/04\/Design_sem_nome-2026-04-29T125919.813.jpg","type":"image\/jpeg"}],"author":"Gustavo Trindade","twitter_card":"summary_large_image","twitter_misc":{"Escrito por":"Gustavo Trindade","Est. tempo de leitura":"5 minutos"},"schema":{"@context":"https:\/\/schema.org","@graph":[{"@type":"WebPage","@id":"https:\/\/www.uai.com.br\/uainoticias\/2026\/04\/30\/me-mudei-para-uma-vila-de-mini-casas-aos-37-com-meu-filho-a-infancia-dele-e-tao-livre-que-ficamos-por-7-anos\/","url":"https:\/\/www.uai.com.br\/uainoticias\/2026\/04\/30\/me-mudei-para-uma-vila-de-mini-casas-aos-37-com-meu-filho-a-infancia-dele-e-tao-livre-que-ficamos-por-7-anos\/","name":"Me mudei para uma vila de mini casas aos 37 com meu filho. A inf\u00e2ncia dele \u00e9 t\u00e3o livre que ficamos por 7 anos - UAI Not\u00edcias","isPartOf":{"@id":"https:\/\/www.uai.com.br\/uainoticias\/#website"},"primaryImageOfPage":{"@id":"https:\/\/www.uai.com.br\/uainoticias\/2026\/04\/30\/me-mudei-para-uma-vila-de-mini-casas-aos-37-com-meu-filho-a-infancia-dele-e-tao-livre-que-ficamos-por-7-anos\/#primaryimage"},"image":{"@id":"https:\/\/www.uai.com.br\/uainoticias\/2026\/04\/30\/me-mudei-para-uma-vila-de-mini-casas-aos-37-com-meu-filho-a-infancia-dele-e-tao-livre-que-ficamos-por-7-anos\/#primaryimage"},"thumbnailUrl":"https:\/\/www.uai.com.br\/uainoticias\/wp-content\/uploads\/2026\/04\/Design_sem_nome-2026-04-29T125919.813.jpg","datePublished":"2026-04-30T09:15:00+00:00","author":{"@id":"https:\/\/www.uai.com.br\/uainoticias\/#\/schema\/person\/060f8bb02e250479c83590e2c4706fcc"},"description":"Ele perdeu a casa e encontrou um novo jeito de viver em comunidade e os detalhes dessa escolha chamam aten\u00e7\u00e3o","breadcrumb":{"@id":"https:\/\/www.uai.com.br\/uainoticias\/2026\/04\/30\/me-mudei-para-uma-vila-de-mini-casas-aos-37-com-meu-filho-a-infancia-dele-e-tao-livre-que-ficamos-por-7-anos\/#breadcrumb"},"inLanguage":"pt-BR","potentialAction":[{"@type":"ReadAction","target":["https:\/\/www.uai.com.br\/uainoticias\/2026\/04\/30\/me-mudei-para-uma-vila-de-mini-casas-aos-37-com-meu-filho-a-infancia-dele-e-tao-livre-que-ficamos-por-7-anos\/"]}]},{"@type":"ImageObject","inLanguage":"pt-BR","@id":"https:\/\/www.uai.com.br\/uainoticias\/2026\/04\/30\/me-mudei-para-uma-vila-de-mini-casas-aos-37-com-meu-filho-a-infancia-dele-e-tao-livre-que-ficamos-por-7-anos\/#primaryimage","url":"https:\/\/www.uai.com.br\/uainoticias\/wp-content\/uploads\/2026\/04\/Design_sem_nome-2026-04-29T125919.813.jpg","contentUrl":"https:\/\/www.uai.com.br\/uainoticias\/wp-content\/uploads\/2026\/04\/Design_sem_nome-2026-04-29T125919.813.jpg","width":1280,"height":720,"caption":"Matthijs van der Ham mora em uma pequena casa na Holanda. Samira Kafala para BI"},{"@type":"BreadcrumbList","@id":"https:\/\/www.uai.com.br\/uainoticias\/2026\/04\/30\/me-mudei-para-uma-vila-de-mini-casas-aos-37-com-meu-filho-a-infancia-dele-e-tao-livre-que-ficamos-por-7-anos\/#breadcrumb","itemListElement":[{"@type":"ListItem","position":1,"name":"In\u00edcio","item":"https:\/\/www.uai.com.br\/uainoticias\/"},{"@type":"ListItem","position":2,"name":"Me mudei para uma vila de mini casas aos 37 com meu filho. A inf\u00e2ncia dele \u00e9 t\u00e3o livre que ficamos por 7 anos"}]},{"@type":"WebSite","@id":"https:\/\/www.uai.com.br\/uainoticias\/#website","url":"https:\/\/www.uai.com.br\/uainoticias\/","name":"UAI Not\u00edcias","description":"Acompanhe as \u00faltimas not\u00edcias e fique bem informado sobre tudo o que acontece no Brasil e no mundo.","potentialAction":[{"@type":"SearchAction","target":{"@type":"EntryPoint","urlTemplate":"https:\/\/www.uai.com.br\/uainoticias\/?s={search_term_string}"},"query-input":{"@type":"PropertyValueSpecification","valueRequired":true,"valueName":"search_term_string"}}],"inLanguage":"pt-BR"},{"@type":"Person","@id":"https:\/\/www.uai.com.br\/uainoticias\/#\/schema\/person\/060f8bb02e250479c83590e2c4706fcc","name":"Gustavo Trindade","image":{"@type":"ImageObject","inLanguage":"pt-BR","@id":"https:\/\/www.uai.com.br\/uainoticias\/#\/schema\/person\/image\/","url":"https:\/\/secure.gravatar.com\/avatar\/05714a54ada0bd2b20e75b2c72a9e7802581213945810c2354d320b79f27b427?s=96&d=mm&r=g","contentUrl":"https:\/\/secure.gravatar.com\/avatar\/05714a54ada0bd2b20e75b2c72a9e7802581213945810c2354d320b79f27b427?s=96&d=mm&r=g","caption":"Gustavo Trindade"},"sameAs":["https:\/\/www.uai.com.br\/uainoticias\/"],"url":"https:\/\/www.uai.com.br\/uainoticias\/author\/gustavotrindade\/"}]}},"_links":{"self":[{"href":"https:\/\/www.uai.com.br\/uainoticias\/wp-json\/wp\/v2\/posts\/128524","targetHints":{"allow":["GET"]}}],"collection":[{"href":"https:\/\/www.uai.com.br\/uainoticias\/wp-json\/wp\/v2\/posts"}],"about":[{"href":"https:\/\/www.uai.com.br\/uainoticias\/wp-json\/wp\/v2\/types\/post"}],"author":[{"embeddable":true,"href":"https:\/\/www.uai.com.br\/uainoticias\/wp-json\/wp\/v2\/users\/23"}],"replies":[{"embeddable":true,"href":"https:\/\/www.uai.com.br\/uainoticias\/wp-json\/wp\/v2\/comments?post=128524"}],"version-history":[{"count":2,"href":"https:\/\/www.uai.com.br\/uainoticias\/wp-json\/wp\/v2\/posts\/128524\/revisions"}],"predecessor-version":[{"id":128686,"href":"https:\/\/www.uai.com.br\/uainoticias\/wp-json\/wp\/v2\/posts\/128524\/revisions\/128686"}],"wp:featuredmedia":[{"embeddable":true,"href":"https:\/\/www.uai.com.br\/uainoticias\/wp-json\/wp\/v2\/media\/128525"}],"wp:attachment":[{"href":"https:\/\/www.uai.com.br\/uainoticias\/wp-json\/wp\/v2\/media?parent=128524"}],"wp:term":[{"taxonomy":"category","embeddable":true,"href":"https:\/\/www.uai.com.br\/uainoticias\/wp-json\/wp\/v2\/categories?post=128524"},{"taxonomy":"post_tag","embeddable":true,"href":"https:\/\/www.uai.com.br\/uainoticias\/wp-json\/wp\/v2\/tags?post=128524"}],"curies":[{"name":"wp","href":"https:\/\/api.w.org\/{rel}","templated":true}]}}