{"id":128518,"date":"2026-04-30T06:45:00","date_gmt":"2026-04-30T09:45:00","guid":{"rendered":"https:\/\/www.uai.com.br\/uainoticias\/?p=128518"},"modified":"2026-04-29T14:22:15","modified_gmt":"2026-04-29T17:22:15","slug":"a-psicologia-explica-por-que-criancas-que-brincavam-ao-ar-livre-desenvolveram-mais-resiliencia-emocional","status":"publish","type":"post","link":"https:\/\/www.uai.com.br\/uainoticias\/2026\/04\/30\/a-psicologia-explica-por-que-criancas-que-brincavam-ao-ar-livre-desenvolveram-mais-resiliencia-emocional\/","title":{"rendered":"A psicologia explica por que crian\u00e7as que brincavam ao ar livre desenvolveram mais resili\u00eancia emocional"},"content":{"rendered":"\n<style>\n    @import url('https:\/\/fonts.googleapis.com\/css2?family=Inter:wght@400;700&display=swap');\n\n    .psico-card {\n        max-width: 500px;\n        background-color: #ffffff;\n        border: 1px solid #b3e5fc;\n        border-radius: 15px;\n        padding: 30px;\n        font-family: 'Inter', sans-serif;\n        color: #333;\n        box-shadow: 0 4px 15px rgba(0, 0, 0, 0.05);\n        margin: 20px auto;\n    }\n\n    .psico-card-header {\n        display: flex;\n        align-items: center;\n        justify-content: center;\n        margin-bottom: 25px;\n    }\n\n    .psico-card-header::before,\n    .psico-card-header::after {\n        content: \"\";\n        flex: 1;\n        height: 1px;\n        background-color: #e0e0e0;\n    }\n\n    .psico-card-header h2 {\n        font-size: 14px;\n        font-weight: 700;\n        color: #5AC8FA;\n        letter-spacing: 2px;\n        margin: 0 15px;\n        text-transform: uppercase;\n        white-space: nowrap;\n    }\n\n    .psico-list {\n        list-style: none;\n        padding: 0;\n        margin: 0;\n    }\n\n    .psico-item {\n        display: flex;\n        align-items: flex-start;\n        margin-bottom: 20px;\n        line-height: 1.6;\n    }\n\n    .psico-bullet {\n        min-width: 10px;\n        height: 10px;\n        background-color: #5AC8FA;\n        border-radius: 50%;\n        margin-top: 7px;\n        margin-right: 15px;\n    }\n\n    .psico-content {\n        font-size: 15px;\n    }\n\n    .psico-content strong {\n        font-weight: 700;\n        color: #1a1a1a;\n    }\n<\/style>\n\n<div class=\"psico-card\">\n    <div class=\"psico-card-header\">\n        <h2>Curiosidades da Psicologia<\/h2>\n    <\/div>\n    <ul class=\"psico-list\">\n        <li class=\"psico-item\">\n            <div class=\"psico-bullet\"><\/div>\n            <div class=\"psico-content\">\n                <strong>Brinquedos n\u00e3o estruturados<\/strong>: Elementos naturais como gravetos e pedras estimulam a resolu\u00e7\u00e3o de problemas ao exigir que a crian\u00e7a adapte o cen\u00e1rio \u00e0s suas necessidades l\u00fadicas. Essa liberdade criativa \u00e9 a base para o desenvolvimento da autonomia e da intelig\u00eancia cognitiva.\n            <\/div>\n        <\/li>\n        <li class=\"psico-item\">\n            <div class=\"psico-bullet\"><\/div>\n            <div class=\"psico-content\">\n                <strong>Regula\u00e7\u00e3o natural de cortisol<\/strong>: O contato com ambientes verdes reduz significativamente os n\u00edveis de estresse e sintomas de hiperatividade infantil. Os sons org\u00e2nicos da natureza favorecem a aten\u00e7\u00e3o plena, uma habilidade essencial para o foco em um mundo saturado de telas.\n            <\/div>\n        <\/li>\n        <li class=\"psico-item\">\n            <div class=\"psico-bullet\"><\/div>\n            <div class=\"psico-content\">\n                <strong>Matura\u00e7\u00e3o do sistema imune<\/strong>: Al\u00e9m dos benef\u00edcios mentais, a exposi\u00e7\u00e3o a microrganismos naturais auxilia na defesa do organismo contra alergias. O h\u00e1bito de brincar com o &#8220;p\u00e9 no ch\u00e3o&#8221; promove um equil\u00edbrio f\u00edsico e emocional integrado desde os primeiros anos.\n            <\/div>\n        <\/li>\n    <\/ul>\n<\/div>\n\n\n\n<p>O contato direto com o meio ambiente oferece est\u00edmulos sensoriais que nenhum dispositivo eletr\u00f4nico \u00e9 capaz de replicar durante os primeiros anos de vida. Ao explorar espa\u00e7os abertos, a crian\u00e7a inicia uma jornada de descobertas que fortalece tanto a sa\u00fade f\u00edsica quanto o equil\u00edbrio emocional de forma <strong>integrada e natural<\/strong>.<\/p>\n\n\n\n<h2 class=\"wp-block-heading\">Benef\u00edcios do brincar ao ar livre para a sa\u00fade f\u00edsica infantil<\/h2>\n\n\n\n<p>A exposi\u00e7\u00e3o solar controlada \u00e9 fundamental para a s\u00edntese da <strong>vitamina D<\/strong>, um componente vital para o fortalecimento \u00f3sseo e do sistema imunol\u00f3gico em crescimento. Correr, subir em \u00e1rvores e manipular elementos como terra e \u00e1gua estimulam o <strong>desenvolvimento motor<\/strong> e a coordena\u00e7\u00e3o, prevenindo problemas como a obesidade infantil e o sedentarismo precoce.<\/p>\n\n\n\n<p>Al\u00e9m dos ganhos musculares, o contato com microrganismos presentes no ambiente natural auxilia na matura\u00e7\u00e3o das defesas do organismo contra alergias comuns. Institui\u00e7\u00f5es de sa\u00fade no <strong>Brasil<\/strong> e nos <strong>Estados Unidos<\/strong> refor\u00e7am que o &#8220;p\u00e9 no ch\u00e3o&#8221; \u00e9 um excelente rem\u00e9dio para promover o bem-estar sist\u00eamico e a <strong>vitalidade biol\u00f3gica<\/strong> desde cedo.<\/p>\n\n\n<div class=\"wp-block-image\">\n<figure class=\"aligncenter size-large\"><img decoding=\"async\" width=\"1024\" height=\"576\" src=\"https:\/\/www.uai.com.br\/uainoticias\/wp-content\/uploads\/2026\/04\/autonomia-de-uma-crianca-dos-anos-70-1-1024x576.jpg\" alt=\"\" class=\"wp-image-121188\" srcset=\"https:\/\/www.uai.com.br\/uainoticias\/wp-content\/uploads\/2026\/04\/autonomia-de-uma-crianca-dos-anos-70-1-1024x576.jpg 1024w, https:\/\/www.uai.com.br\/uainoticias\/wp-content\/uploads\/2026\/04\/autonomia-de-uma-crianca-dos-anos-70-1-300x169.jpg 300w, https:\/\/www.uai.com.br\/uainoticias\/wp-content\/uploads\/2026\/04\/autonomia-de-uma-crianca-dos-anos-70-1-768x432.jpg 768w, https:\/\/www.uai.com.br\/uainoticias\/wp-content\/uploads\/2026\/04\/autonomia-de-uma-crianca-dos-anos-70-1-750x422.jpg 750w, https:\/\/www.uai.com.br\/uainoticias\/wp-content\/uploads\/2026\/04\/autonomia-de-uma-crianca-dos-anos-70-1-1140x641.jpg 1140w, https:\/\/www.uai.com.br\/uainoticias\/wp-content\/uploads\/2026\/04\/autonomia-de-uma-crianca-dos-anos-70-1.jpg 1280w\" sizes=\"(max-width: 1024px) 100vw, 1024px\" \/><figcaption class=\"wp-element-caption\">Atualmente, esses profissionais ocupam cargos de lideran\u00e7a e frequentemente entram em conflito com gera\u00e7\u00f5es<\/figcaption><\/figure><\/div>\n\n\n<h2 class=\"wp-block-heading\">Est\u00edmulo \u00e0 criatividade e resolu\u00e7\u00e3o de problemas em ambientes naturais<\/h2>\n\n\n\n<p>Diferente dos brinquedos estruturados que possuem fun\u00e7\u00f5es pr\u00e9-definidas, os elementos da natureza s\u00e3o convites abertos \u00e0 <strong>imagina\u00e7\u00e3o ilimitada<\/strong> da crian\u00e7a. Um simples graveto pode se transformar em uma ferramenta, um pincel ou um personagem, exigindo que o pequeno utilize o <strong>racioc\u00ednio l\u00f3gico<\/strong> para adaptar o cen\u00e1rio \u00e0s suas necessidades l\u00fadicas.<\/p>\n\n\n\n<p><a href=\"https:\/\/www.nature.com\/articles\/s41598-019-44097-3\" target=\"_blank\" rel=\"noreferrer noopener\">Essa liberdade de explora\u00e7\u00e3o favorece a autonomia<\/a> e a capacidade de tomada de decis\u00e3o, compet\u00eancias que formam a base da <strong>intelig\u00eancia cognitiva<\/strong> moderna. Observar o ciclo de vida de plantas e insetos desperta a curiosidade cient\u00edfica, transformando o quintal ou o parque em um laborat\u00f3rio vivo de <strong>aprendizado pr\u00e1tico<\/strong> e constante.<\/p>\n\n\n\n<h2 class=\"wp-block-heading\">Redu\u00e7\u00e3o do estresse e melhoria da sa\u00fade mental nas crian\u00e7as<\/h2>\n\n\n\n<p>O ambiente verde atua como um regulador natural dos n\u00edveis de cortisol, reduzindo significativamente a ansiedade e os sintomas de <strong>hiperatividade infantil<\/strong>. O sil\u00eancio da natureza, intercalado com sons org\u00e2nicos, permite que a crian\u00e7a desenvolva a <strong>capacidade de foco<\/strong> e a aten\u00e7\u00e3o plena, habilidades raras em um mundo saturado por telas e notifica\u00e7\u00f5es.<\/p>\n\n\n\n<p>Momentos de contempla\u00e7\u00e3o ao ar livre ajudam na autorregula\u00e7\u00e3o emocional, permitindo que os pequenos processem sentimentos complexos de maneira mais calma. Pais que residem em grandes centros urbanos, como <strong>S\u00e3o Paulo<\/strong> ou <strong>Lisboa<\/strong>, percebem uma mudan\u00e7a imediata no humor dos <a href=\"https:\/\/www.uai.com.br\/uainoticias\/2026\/04\/28\/ela-criou-15-filhos-e-o-que-aprendeu-sobre-sucesso-vai-contra-tudo-que-a-maioria-pensa\/\" target=\"_blank\" rel=\"noreferrer noopener\">filhos <\/a>ap\u00f3s um dia de intera\u00e7\u00e3o com a <strong>biodiversidade local<\/strong>.<\/p>\n\n\n<div class=\"wp-block-image\">\n<figure class=\"aligncenter size-large\"><img decoding=\"async\" width=\"1024\" height=\"576\" src=\"https:\/\/www.uai.com.br\/uainoticias\/wp-content\/uploads\/2026\/04\/autonomia-de-uma-crianca-1024x576.jpg\" alt=\"\" class=\"wp-image-121185\" srcset=\"https:\/\/www.uai.com.br\/uainoticias\/wp-content\/uploads\/2026\/04\/autonomia-de-uma-crianca-1024x576.jpg 1024w, https:\/\/www.uai.com.br\/uainoticias\/wp-content\/uploads\/2026\/04\/autonomia-de-uma-crianca-300x169.jpg 300w, https:\/\/www.uai.com.br\/uainoticias\/wp-content\/uploads\/2026\/04\/autonomia-de-uma-crianca-768x432.jpg 768w, https:\/\/www.uai.com.br\/uainoticias\/wp-content\/uploads\/2026\/04\/autonomia-de-uma-crianca-750x422.jpg 750w, https:\/\/www.uai.com.br\/uainoticias\/wp-content\/uploads\/2026\/04\/autonomia-de-uma-crianca-1140x641.jpg 1140w, https:\/\/www.uai.com.br\/uainoticias\/wp-content\/uploads\/2026\/04\/autonomia-de-uma-crianca.jpg 1280w\" sizes=\"(max-width: 1024px) 100vw, 1024px\" \/><figcaption class=\"wp-element-caption\">Diferente do incentivo direto \u00e0 autoconfian\u00e7a, esse cen\u00e1rio gerou uma autossufici\u00eancia baseada na aus\u00eancia de alternativas<\/figcaption><\/figure><\/div>\n\n\n<h2 class=\"wp-block-heading\">Desenvolvimento da consci\u00eancia ambiental e empatia pelo mundo vivo<\/h2>\n\n\n\n<p>Criar la\u00e7os afetivos com a fauna e a flora desde a tenra idade \u00e9 o caminho mais curto para formar cidad\u00e3os conscientes e respons\u00e1veis. A <strong>educa\u00e7\u00e3o ambiental<\/strong> pr\u00e1tica ensina o valor da preserva\u00e7\u00e3o e o respeito por todas as formas de vida, cultivando uma <strong>empatia profunda<\/strong> que ser\u00e1 levada para a vida adulta e para as rela\u00e7\u00f5es sociais.<\/p>\n\n\n\n<ul class=\"wp-block-list\">\n<li><strong>Promova trilhas em fam\u00edlia<\/strong> para explorar diferentes texturas, cores e cheiros que apenas a floresta oferece.<\/li>\n\n\n\n<li><strong>Crie uma horta caseira<\/strong> para que a crian\u00e7a entenda o tempo de crescimento dos alimentos e o valor da paci\u00eancia.<\/li>\n\n\n\n<li><strong>Estimule a coleta de sementes<\/strong> e pedras interessantes para criar um museu particular da natureza em casa.<\/li>\n\n\n\n<li><strong>Priorize parques naturais<\/strong> em vez de shoppings durante os finais de semana para garantir ar puro e liberdade.<\/li>\n<\/ul>\n\n\n\n<h2 class=\"wp-block-heading\">A natureza como pilar fundamental para uma forma\u00e7\u00e3o humana completa<\/h2>\n\n\n\n<p>O resgate da inf\u00e2ncia &#8220;p\u00e9 na terra&#8221; \u00e9 uma necessidade urgente diante do avan\u00e7o desenfreado do isolamento tecnol\u00f3gico em que vivemos atualmente. Garantir que os pequenos tenham tempo de qualidade sob o c\u00e9u aberto \u00e9 investir diretamente em uma <strong>sa\u00fade mental robusta<\/strong> e em uma vis\u00e3o de mundo muito mais equilibrada e sustent\u00e1vel.<\/p>\n\n\n\n<p>Ao proporcionar essas experi\u00eancias, os cuidadores entregam as ferramentas necess\u00e1rias para que a crian\u00e7a se torne um adulto resiliente e conectado com sua pr\u00f3pria <strong>ess\u00eancia humana<\/strong>. Valorizar o verde \u00e9, acima de tudo, garantir um futuro onde a tecnologia e a vida org\u00e2nica coexistam de maneira harmoniosa e <strong>profundamente saud\u00e1vel<\/strong>.<\/p>\n","protected":false},"excerpt":{"rendered":"<p>Curiosidades da Psicologia Brinquedos n\u00e3o estruturados: Elementos naturais como gravetos e pedras estimulam a resolu\u00e7\u00e3o de problemas ao exigir que a crian\u00e7a adapte o cen\u00e1rio \u00e0s suas necessidades l\u00fadicas. Essa liberdade criativa \u00e9 a base para o desenvolvimento da autonomia e da intelig\u00eancia cognitiva. Regula\u00e7\u00e3o natural de cortisol: O contato com ambientes verdes reduz significativamente [&hellip;]<\/p>\n","protected":false},"author":24,"featured_media":128551,"comment_status":"open","ping_status":"open","sticky":false,"template":"","format":"standard","meta":{"jnews-multi-image_gallery":[],"jnews_single_post":{"format":"standard"},"jnews_primary_category":[],"jnews_social_meta":[],"jnews_override_counter":[],"footnotes":""},"categories":[3046,475],"tags":[450,11904,23631],"class_list":["post-128518","post","type-post","status-publish","format-standard","has-post-thumbnail","hentry","category-curiosidades","category-entretenimento","tag-criancas","tag-resiliencia-emocional","tag-saude-fisica-infantil"],"yoast_head":"<!-- This site is optimized with the Yoast SEO plugin v26.5 - https:\/\/yoast.com\/wordpress\/plugins\/seo\/ -->\n<title>A psicologia explica por que crian\u00e7as que brincavam ao ar livre desenvolveram mais resili\u00eancia emocional - UAI Not\u00edcias<\/title>\n<meta name=\"description\" content=\"Contato com a natureza fortalece imunidade, estimula criatividade e melhora o equil\u00edbrio emocional no desenvolvimento infantil.\" \/>\n<meta name=\"robots\" content=\"index, follow, max-snippet:-1, max-image-preview:large, max-video-preview:-1\" \/>\n<link rel=\"canonical\" href=\"https:\/\/www.uai.com.br\/uainoticias\/2026\/04\/30\/a-psicologia-explica-por-que-criancas-que-brincavam-ao-ar-livre-desenvolveram-mais-resiliencia-emocional\/\" \/>\n<meta property=\"og:locale\" content=\"pt_BR\" \/>\n<meta property=\"og:type\" content=\"article\" \/>\n<meta property=\"og:title\" content=\"A psicologia explica por que crian\u00e7as que brincavam ao ar livre desenvolveram mais resili\u00eancia emocional - UAI Not\u00edcias\" \/>\n<meta property=\"og:description\" content=\"Contato com a natureza fortalece imunidade, estimula criatividade e melhora o equil\u00edbrio emocional no desenvolvimento infantil.\" \/>\n<meta property=\"og:url\" content=\"https:\/\/www.uai.com.br\/uainoticias\/2026\/04\/30\/a-psicologia-explica-por-que-criancas-que-brincavam-ao-ar-livre-desenvolveram-mais-resiliencia-emocional\/\" \/>\n<meta property=\"og:site_name\" content=\"UAI Not\u00edcias\" \/>\n<meta property=\"article:published_time\" content=\"2026-04-30T09:45:00+00:00\" \/>\n<meta property=\"og:image\" content=\"https:\/\/www.uai.com.br\/uainoticias\/wp-content\/uploads\/2026\/04\/criancas-2.jpg\" \/>\n\t<meta property=\"og:image:width\" content=\"1280\" \/>\n\t<meta property=\"og:image:height\" content=\"720\" \/>\n\t<meta property=\"og:image:type\" content=\"image\/jpeg\" \/>\n<meta name=\"author\" content=\"Daniely Cardoso\" \/>\n<meta name=\"twitter:card\" content=\"summary_large_image\" \/>\n<meta name=\"twitter:label1\" content=\"Escrito por\" \/>\n\t<meta name=\"twitter:data1\" content=\"Daniely Cardoso\" \/>\n\t<meta name=\"twitter:label2\" content=\"Est. tempo de leitura\" \/>\n\t<meta name=\"twitter:data2\" content=\"5 minutos\" \/>\n<!-- \/ Yoast SEO plugin. -->","yoast_head_json":{"title":"A psicologia explica por que crian\u00e7as que brincavam ao ar livre desenvolveram mais resili\u00eancia emocional - UAI Not\u00edcias","description":"Contato com a natureza fortalece imunidade, estimula criatividade e melhora o equil\u00edbrio emocional no desenvolvimento infantil.","robots":{"index":"index","follow":"follow","max-snippet":"max-snippet:-1","max-image-preview":"max-image-preview:large","max-video-preview":"max-video-preview:-1"},"canonical":"https:\/\/www.uai.com.br\/uainoticias\/2026\/04\/30\/a-psicologia-explica-por-que-criancas-que-brincavam-ao-ar-livre-desenvolveram-mais-resiliencia-emocional\/","og_locale":"pt_BR","og_type":"article","og_title":"A psicologia explica por que crian\u00e7as que brincavam ao ar livre desenvolveram mais resili\u00eancia emocional - UAI Not\u00edcias","og_description":"Contato com a natureza fortalece imunidade, estimula criatividade e melhora o equil\u00edbrio emocional no desenvolvimento infantil.","og_url":"https:\/\/www.uai.com.br\/uainoticias\/2026\/04\/30\/a-psicologia-explica-por-que-criancas-que-brincavam-ao-ar-livre-desenvolveram-mais-resiliencia-emocional\/","og_site_name":"UAI Not\u00edcias","article_published_time":"2026-04-30T09:45:00+00:00","og_image":[{"width":1280,"height":720,"url":"https:\/\/www.uai.com.br\/uainoticias\/wp-content\/uploads\/2026\/04\/criancas-2.jpg","type":"image\/jpeg"}],"author":"Daniely Cardoso","twitter_card":"summary_large_image","twitter_misc":{"Escrito por":"Daniely Cardoso","Est. tempo de leitura":"5 minutos"},"schema":{"@context":"https:\/\/schema.org","@graph":[{"@type":"WebPage","@id":"https:\/\/www.uai.com.br\/uainoticias\/2026\/04\/30\/a-psicologia-explica-por-que-criancas-que-brincavam-ao-ar-livre-desenvolveram-mais-resiliencia-emocional\/","url":"https:\/\/www.uai.com.br\/uainoticias\/2026\/04\/30\/a-psicologia-explica-por-que-criancas-que-brincavam-ao-ar-livre-desenvolveram-mais-resiliencia-emocional\/","name":"A psicologia explica por que crian\u00e7as que brincavam ao ar livre desenvolveram mais resili\u00eancia emocional - UAI Not\u00edcias","isPartOf":{"@id":"https:\/\/www.uai.com.br\/uainoticias\/#website"},"primaryImageOfPage":{"@id":"https:\/\/www.uai.com.br\/uainoticias\/2026\/04\/30\/a-psicologia-explica-por-que-criancas-que-brincavam-ao-ar-livre-desenvolveram-mais-resiliencia-emocional\/#primaryimage"},"image":{"@id":"https:\/\/www.uai.com.br\/uainoticias\/2026\/04\/30\/a-psicologia-explica-por-que-criancas-que-brincavam-ao-ar-livre-desenvolveram-mais-resiliencia-emocional\/#primaryimage"},"thumbnailUrl":"https:\/\/www.uai.com.br\/uainoticias\/wp-content\/uploads\/2026\/04\/criancas-2.jpg","datePublished":"2026-04-30T09:45:00+00:00","author":{"@id":"https:\/\/www.uai.com.br\/uainoticias\/#\/schema\/person\/b40f59cad9eb0656c8ae35fee468cc57"},"description":"Contato com a natureza fortalece imunidade, estimula criatividade e melhora o equil\u00edbrio emocional no desenvolvimento infantil.","breadcrumb":{"@id":"https:\/\/www.uai.com.br\/uainoticias\/2026\/04\/30\/a-psicologia-explica-por-que-criancas-que-brincavam-ao-ar-livre-desenvolveram-mais-resiliencia-emocional\/#breadcrumb"},"inLanguage":"pt-BR","potentialAction":[{"@type":"ReadAction","target":["https:\/\/www.uai.com.br\/uainoticias\/2026\/04\/30\/a-psicologia-explica-por-que-criancas-que-brincavam-ao-ar-livre-desenvolveram-mais-resiliencia-emocional\/"]}]},{"@type":"ImageObject","inLanguage":"pt-BR","@id":"https:\/\/www.uai.com.br\/uainoticias\/2026\/04\/30\/a-psicologia-explica-por-que-criancas-que-brincavam-ao-ar-livre-desenvolveram-mais-resiliencia-emocional\/#primaryimage","url":"https:\/\/www.uai.com.br\/uainoticias\/wp-content\/uploads\/2026\/04\/criancas-2.jpg","contentUrl":"https:\/\/www.uai.com.br\/uainoticias\/wp-content\/uploads\/2026\/04\/criancas-2.jpg","width":1280,"height":720,"caption":"A exposi\u00e7\u00e3o solar controlada \u00e9 fundamental para a s\u00edntese da vitamina D"},{"@type":"BreadcrumbList","@id":"https:\/\/www.uai.com.br\/uainoticias\/2026\/04\/30\/a-psicologia-explica-por-que-criancas-que-brincavam-ao-ar-livre-desenvolveram-mais-resiliencia-emocional\/#breadcrumb","itemListElement":[{"@type":"ListItem","position":1,"name":"In\u00edcio","item":"https:\/\/www.uai.com.br\/uainoticias\/"},{"@type":"ListItem","position":2,"name":"A psicologia explica por que crian\u00e7as que brincavam ao ar livre desenvolveram mais resili\u00eancia emocional"}]},{"@type":"WebSite","@id":"https:\/\/www.uai.com.br\/uainoticias\/#website","url":"https:\/\/www.uai.com.br\/uainoticias\/","name":"UAI Not\u00edcias","description":"Acompanhe as \u00faltimas not\u00edcias e fique bem informado sobre tudo o que acontece no Brasil e no mundo.","potentialAction":[{"@type":"SearchAction","target":{"@type":"EntryPoint","urlTemplate":"https:\/\/www.uai.com.br\/uainoticias\/?s={search_term_string}"},"query-input":{"@type":"PropertyValueSpecification","valueRequired":true,"valueName":"search_term_string"}}],"inLanguage":"pt-BR"},{"@type":"Person","@id":"https:\/\/www.uai.com.br\/uainoticias\/#\/schema\/person\/b40f59cad9eb0656c8ae35fee468cc57","name":"Daniely Cardoso","image":{"@type":"ImageObject","inLanguage":"pt-BR","@id":"https:\/\/www.uai.com.br\/uainoticias\/#\/schema\/person\/image\/","url":"https:\/\/secure.gravatar.com\/avatar\/b43c203f79e2ee2d699e04567f61958ba1731d1c994abcd298aa4fee5f54cb3a?s=96&d=mm&r=g","contentUrl":"https:\/\/secure.gravatar.com\/avatar\/b43c203f79e2ee2d699e04567f61958ba1731d1c994abcd298aa4fee5f54cb3a?s=96&d=mm&r=g","caption":"Daniely Cardoso"},"sameAs":["https:\/\/www.uai.com.br\/uainoticias\/"],"url":"https:\/\/www.uai.com.br\/uainoticias\/author\/daniely-morais\/"}]}},"_links":{"self":[{"href":"https:\/\/www.uai.com.br\/uainoticias\/wp-json\/wp\/v2\/posts\/128518","targetHints":{"allow":["GET"]}}],"collection":[{"href":"https:\/\/www.uai.com.br\/uainoticias\/wp-json\/wp\/v2\/posts"}],"about":[{"href":"https:\/\/www.uai.com.br\/uainoticias\/wp-json\/wp\/v2\/types\/post"}],"author":[{"embeddable":true,"href":"https:\/\/www.uai.com.br\/uainoticias\/wp-json\/wp\/v2\/users\/24"}],"replies":[{"embeddable":true,"href":"https:\/\/www.uai.com.br\/uainoticias\/wp-json\/wp\/v2\/comments?post=128518"}],"version-history":[{"count":1,"href":"https:\/\/www.uai.com.br\/uainoticias\/wp-json\/wp\/v2\/posts\/128518\/revisions"}],"predecessor-version":[{"id":128552,"href":"https:\/\/www.uai.com.br\/uainoticias\/wp-json\/wp\/v2\/posts\/128518\/revisions\/128552"}],"wp:featuredmedia":[{"embeddable":true,"href":"https:\/\/www.uai.com.br\/uainoticias\/wp-json\/wp\/v2\/media\/128551"}],"wp:attachment":[{"href":"https:\/\/www.uai.com.br\/uainoticias\/wp-json\/wp\/v2\/media?parent=128518"}],"wp:term":[{"taxonomy":"category","embeddable":true,"href":"https:\/\/www.uai.com.br\/uainoticias\/wp-json\/wp\/v2\/categories?post=128518"},{"taxonomy":"post_tag","embeddable":true,"href":"https:\/\/www.uai.com.br\/uainoticias\/wp-json\/wp\/v2\/tags?post=128518"}],"curies":[{"name":"wp","href":"https:\/\/api.w.org\/{rel}","templated":true}]}}