{"id":128508,"date":"2026-04-30T03:15:00","date_gmt":"2026-04-30T06:15:00","guid":{"rendered":"https:\/\/www.uai.com.br\/uainoticias\/?p=128508"},"modified":"2026-04-29T12:52:56","modified_gmt":"2026-04-29T15:52:56","slug":"a-psicologia-explica-por-que-criancas-que-cresceram-sem-tecnologia-desenvolvem-mais-inteligencia-emocional-e-empatia","status":"publish","type":"post","link":"https:\/\/www.uai.com.br\/uainoticias\/2026\/04\/30\/a-psicologia-explica-por-que-criancas-que-cresceram-sem-tecnologia-desenvolvem-mais-inteligencia-emocional-e-empatia\/","title":{"rendered":"A psicologia explica por que crian\u00e7as que cresceram sem tecnologia desenvolvem mais intelig\u00eancia emocional e empatia"},"content":{"rendered":"\n<p>A onipresen\u00e7a de dispositivos digitais transformou profundamente a maneira como as pessoas estabelecem conex\u00f5es e interpretam sinais interpessoais no cotidiano. Embora a tecnologia facilite o contato instant\u00e2neo, o impacto do tempo de tela na <strong>comunica\u00e7\u00e3o n\u00e3o verbal<\/strong> e na empatia levanta quest\u00f5es cruciais sobre a qualidade das nossas intera\u00e7\u00f5es futuras.<\/p>\n\n\n\n<h2 class=\"wp-block-heading\">Impacto do tempo digital na interpreta\u00e7\u00e3o de express\u00f5es faciais<\/h2>\n\n\n\n<p>O conv\u00edvio constante mediado por interfaces reduz a exposi\u00e7\u00e3o ao <strong>contato visual direto<\/strong>, elemento fundamental para decifrar emo\u00e7\u00f5es e inten\u00e7\u00f5es alheias de forma precisa. Quando a <strong>intera\u00e7\u00e3o humana<\/strong> \u00e9 substitu\u00edda por \u00edcones ou mensagens de texto, o c\u00e9rebro deixa de praticar a leitura de microexpress\u00f5es que validam a confian\u00e7a m\u00edmica.<\/p>\n\n\n\n<p><a href=\"https:\/\/news.umich.edu\/empathy-college-students-don-t-have-as-much-as-they-used-to\/\" target=\"_blank\" rel=\"noreferrer noopener\">Especialistas em psicologia do desenvolvimento<\/a>, alertam que a falta de est\u00edmulos f\u00edsicos pode atrofiar a percep\u00e7\u00e3o social em jovens. Manter um equil\u00edbrio entre o digital e o presencial ajuda a preservar a <strong>intelig\u00eancia emocional<\/strong> necess\u00e1ria para navegar em ambientes sociais complexos e desafiadores.<\/p>\n\n\n<div class=\"wp-block-image\">\n<figure class=\"aligncenter size-large\"><img decoding=\"async\" width=\"1024\" height=\"576\" src=\"https:\/\/www.uai.com.br\/uainoticias\/wp-content\/uploads\/2026\/04\/crianca-desenhando-1-1024x576.jpg\" alt=\"\" class=\"wp-image-125258\" srcset=\"https:\/\/www.uai.com.br\/uainoticias\/wp-content\/uploads\/2026\/04\/crianca-desenhando-1-1024x576.jpg 1024w, https:\/\/www.uai.com.br\/uainoticias\/wp-content\/uploads\/2026\/04\/crianca-desenhando-1-300x169.jpg 300w, https:\/\/www.uai.com.br\/uainoticias\/wp-content\/uploads\/2026\/04\/crianca-desenhando-1-768x432.jpg 768w, https:\/\/www.uai.com.br\/uainoticias\/wp-content\/uploads\/2026\/04\/crianca-desenhando-1-750x422.jpg 750w, https:\/\/www.uai.com.br\/uainoticias\/wp-content\/uploads\/2026\/04\/crianca-desenhando-1-1140x641.jpg 1140w, https:\/\/www.uai.com.br\/uainoticias\/wp-content\/uploads\/2026\/04\/crianca-desenhando-1.jpg 1280w\" sizes=\"(max-width: 1024px) 100vw, 1024px\" \/><figcaption class=\"wp-element-caption\">A consolida\u00e7\u00e3o dessas compet\u00eancias cognitivas garante que a pr\u00f3xima gera\u00e7\u00e3o esteja preparada para desafios<\/figcaption><\/figure><\/div>\n\n\n<h2 class=\"wp-block-heading\">Dificuldade de manter conversas profundas em ambientes hiperconectados<\/h2>\n\n\n\n<p>A gratifica\u00e7\u00e3o instant\u00e2nea das redes sociais molda um <a href=\"https:\/\/www.uai.com.br\/uainoticias\/2026\/04\/27\/evitar-conflitos-e-fraqueza-a-psicologia-explica-o-que-realmente-esta-por-tras-desse-comportamento-silencioso\/\" target=\"_blank\" rel=\"noreferrer noopener\">comportamento <\/a>de busca por est\u00edmulos r\u00e1pidos, o que prejudica a <strong>capacidade de escuta ativa<\/strong> durante di\u00e1logos longos. Esse fen\u00f4meno compromete a <strong>profundidade das rela\u00e7\u00f5es<\/strong>, j\u00e1 que a paci\u00eancia para compreender nuances e pausas naturais de uma fala acaba sendo substitu\u00edda pela urg\u00eancia do pr\u00f3ximo clique.<\/p>\n\n\n\n<p>Ao priorizar notifica\u00e7\u00f5es em vez do interlocutor presente, as pessoas criam barreiras invis\u00edveis que impedem a constru\u00e7\u00e3o de <strong>v\u00ednculos afetivos s\u00f3lidos<\/strong> e duradouros no mundo real. Uma estrat\u00e9gia valiosa para reverter esse quadro \u00e9 estabelecer momentos de desconex\u00e3o total durante refei\u00e7\u00f5es ou reuni\u00f5es para priorizar quem est\u00e1 fisicamente em <strong>Portugal<\/strong>, no <strong>Brasil<\/strong> ou em qualquer lugar do globo.<\/p>\n\n\n\n<h2 class=\"wp-block-heading\">Redu\u00e7\u00e3o da empatia cognitiva atrav\u00e9s do isolamento digital<\/h2>\n\n\n\n<p>O anonimato e a dist\u00e2ncia f\u00edsica proporcionados pela internet muitas vezes resultam em uma diminui\u00e7\u00e3o da <strong>sensibilidade social<\/strong> e do filtro \u00e9tico nas comunica\u00e7\u00f5es. Sem observar a rea\u00e7\u00e3o imediata do outro, a <strong>empatia cognitiva<\/strong> tende a diminuir, facilitando mal-entendidos e comportamentos impulsivos que n\u00e3o ocorreriam em um encontro face a face.<\/p>\n\n\n\n<p>Estudos indicam que a depend\u00eancia de dispositivos eletr\u00f4nicos pode gerar um sentimento de solid\u00e3o cr\u00f4nica, mesmo quando o indiv\u00edduo est\u00e1 inserido em <strong>grandes redes virtuais<\/strong>. Praticar a alteridade exige esfor\u00e7o consciente e presen\u00e7a, algo que as telas, por mais avan\u00e7adas que sejam, ainda n\u00e3o conseguem replicar com a mesma <strong>autenticidade humana<\/strong>.<\/p>\n\n\n<div class=\"wp-block-image\">\n<figure class=\"aligncenter size-large\"><img decoding=\"async\" width=\"1024\" height=\"576\" src=\"https:\/\/www.uai.com.br\/uainoticias\/wp-content\/uploads\/2026\/04\/crianca-desenhando--1024x576.jpg\" alt=\"\" class=\"wp-image-125257\" srcset=\"https:\/\/www.uai.com.br\/uainoticias\/wp-content\/uploads\/2026\/04\/crianca-desenhando--1024x576.jpg 1024w, https:\/\/www.uai.com.br\/uainoticias\/wp-content\/uploads\/2026\/04\/crianca-desenhando--300x169.jpg 300w, https:\/\/www.uai.com.br\/uainoticias\/wp-content\/uploads\/2026\/04\/crianca-desenhando--768x432.jpg 768w, https:\/\/www.uai.com.br\/uainoticias\/wp-content\/uploads\/2026\/04\/crianca-desenhando--750x422.jpg 750w, https:\/\/www.uai.com.br\/uainoticias\/wp-content\/uploads\/2026\/04\/crianca-desenhando--1140x641.jpg 1140w, https:\/\/www.uai.com.br\/uainoticias\/wp-content\/uploads\/2026\/04\/crianca-desenhando-.jpg 1280w\" sizes=\"(max-width: 1024px) 100vw, 1024px\" \/><figcaption class=\"wp-element-caption\">O ato de segurar o l\u00e1pis e traduzir pensamentos em formas visuais estimula a neuroplasticidade <\/figcaption><\/figure><\/div>\n\n\n<h2 class=\"wp-block-heading\">Benef\u00edcios da desconex\u00e3o programada para o conv\u00edvio social<\/h2>\n\n\n\n<p>Implementar per\u00edodos de pausa digital permite que o sistema nervoso descanse da sobrecarga de informa\u00e7\u00f5es e recupere o foco na <strong>comunica\u00e7\u00e3o interpessoal<\/strong>. Ao reduzir o volume de est\u00edmulos artificiais, o indiv\u00edduo consegue demonstrar maior <strong>disponibilidade emocional<\/strong> para os amigos e familiares que comp\u00f5em seu c\u00edrculo de apoio direto.<\/p>\n\n\n\n<ul class=\"wp-block-list\">\n<li><strong>Pratique o &#8216;phubbing&#8217; reverso<\/strong> deixando o celular longe da mesa durante intera\u00e7\u00f5es importantes.<\/li>\n\n\n\n<li><strong>Priorize chamadas de v\u00eddeo<\/strong> ou encontros presenciais em vez de apenas mensagens curtas de texto.<\/li>\n\n\n\n<li><strong>Estimule jogos de tabuleiro<\/strong> ou atividades em grupo que exijam coordena\u00e7\u00e3o e di\u00e1logo constante.<\/li>\n\n\n\n<li><strong>Estabele\u00e7a limites claros<\/strong> para o uso de redes sociais antes de eventos sociais coletivos.<\/li>\n<\/ul>\n\n\n\n<h2 class=\"wp-block-heading\">Estrat\u00e9gias eficazes para resgatar a proximidade no mundo real<\/h2>\n\n\n\n<p>O resgate das <strong>habilidades de conversa\u00e7\u00e3o<\/strong> passa pela valoriza\u00e7\u00e3o de momentos simples, como o compartilhamento de experi\u00eancias sem a necessidade de registro para as redes. Marcas globais como a <strong>Google<\/strong> e a <strong>Apple<\/strong> j\u00e1 introduziram ferramentas de bem-estar digital para auxiliar o usu\u00e1rio a monitorar e reduzir o <strong>tempo de exposi\u00e7\u00e3o<\/strong> prejudicial.<\/p>\n\n\n\n<p>Entender que a tecnologia deve servir como uma ponte, e n\u00e3o como um muro, \u00e9 o primeiro passo para fortalecer a <strong>coes\u00e3o social<\/strong> contempor\u00e2nea. Ao dominar o uso das ferramentas digitais com consci\u00eancia, garantimos que a nossa ess\u00eancia comunicativa e a <strong>capacidade de conex\u00e3o<\/strong> real permane\u00e7am preservadas para as pr\u00f3ximas gera\u00e7\u00f5es.<\/p>\n","protected":false},"excerpt":{"rendered":"<p>A onipresen\u00e7a de dispositivos digitais transformou profundamente a maneira como as pessoas estabelecem conex\u00f5es e interpretam sinais interpessoais no cotidiano. Embora a tecnologia facilite o contato instant\u00e2neo, o impacto do tempo de tela na comunica\u00e7\u00e3o n\u00e3o verbal e na empatia levanta quest\u00f5es cruciais sobre a qualidade das nossas intera\u00e7\u00f5es futuras. Impacto do tempo digital na [&hellip;]<\/p>\n","protected":false},"author":24,"featured_media":126718,"comment_status":"open","ping_status":"open","sticky":false,"template":"","format":"standard","meta":{"jnews-multi-image_gallery":[],"jnews_single_post":{"format":"standard"},"jnews_primary_category":[],"jnews_social_meta":[],"jnews_override_counter":[],"footnotes":""},"categories":[3046,475],"tags":[4097,5774,23623],"class_list":["post-128508","post","type-post","status-publish","format-standard","has-post-thumbnail","hentry","category-curiosidades","category-entretenimento","tag-empatia","tag-expressoes-faciais","tag-isolamento-digital"],"yoast_head":"<!-- This site is optimized with the Yoast SEO plugin v26.5 - https:\/\/yoast.com\/wordpress\/plugins\/seo\/ -->\n<title>A psicologia explica por que crian\u00e7as que cresceram sem tecnologia desenvolvem mais intelig\u00eancia emocional e empatia - UAI Not\u00edcias<\/title>\n<meta name=\"description\" content=\"Tempo de tela excessivo reduz empatia, prejudica conversas profundas e altera a percep\u00e7\u00e3o social no dia a dia.\" \/>\n<meta name=\"robots\" content=\"index, follow, max-snippet:-1, max-image-preview:large, max-video-preview:-1\" \/>\n<link rel=\"canonical\" href=\"https:\/\/www.uai.com.br\/uainoticias\/2026\/04\/30\/a-psicologia-explica-por-que-criancas-que-cresceram-sem-tecnologia-desenvolvem-mais-inteligencia-emocional-e-empatia\/\" \/>\n<meta property=\"og:locale\" content=\"pt_BR\" \/>\n<meta property=\"og:type\" content=\"article\" \/>\n<meta property=\"og:title\" content=\"A psicologia explica por que crian\u00e7as que cresceram sem tecnologia desenvolvem mais intelig\u00eancia emocional e empatia - UAI Not\u00edcias\" \/>\n<meta property=\"og:description\" content=\"Tempo de tela excessivo reduz empatia, prejudica conversas profundas e altera a percep\u00e7\u00e3o social no dia a dia.\" \/>\n<meta property=\"og:url\" content=\"https:\/\/www.uai.com.br\/uainoticias\/2026\/04\/30\/a-psicologia-explica-por-que-criancas-que-cresceram-sem-tecnologia-desenvolvem-mais-inteligencia-emocional-e-empatia\/\" \/>\n<meta property=\"og:site_name\" content=\"UAI Not\u00edcias\" \/>\n<meta property=\"article:published_time\" content=\"2026-04-30T06:15:00+00:00\" \/>\n<meta property=\"og:image\" content=\"https:\/\/www.uai.com.br\/uainoticias\/wp-content\/uploads\/2026\/04\/crianca-atividade-fisica_1776971016207.jpg\" \/>\n\t<meta property=\"og:image:width\" content=\"1280\" \/>\n\t<meta property=\"og:image:height\" content=\"720\" \/>\n\t<meta property=\"og:image:type\" content=\"image\/jpeg\" \/>\n<meta name=\"author\" content=\"Daniely Cardoso\" \/>\n<meta name=\"twitter:card\" content=\"summary_large_image\" \/>\n<meta name=\"twitter:label1\" content=\"Escrito por\" \/>\n\t<meta name=\"twitter:data1\" content=\"Daniely Cardoso\" \/>\n\t<meta name=\"twitter:label2\" content=\"Est. tempo de leitura\" \/>\n\t<meta name=\"twitter:data2\" content=\"5 minutos\" \/>\n<!-- \/ Yoast SEO plugin. -->","yoast_head_json":{"title":"A psicologia explica por que crian\u00e7as que cresceram sem tecnologia desenvolvem mais intelig\u00eancia emocional e empatia - UAI Not\u00edcias","description":"Tempo de tela excessivo reduz empatia, prejudica conversas profundas e altera a percep\u00e7\u00e3o social no dia a dia.","robots":{"index":"index","follow":"follow","max-snippet":"max-snippet:-1","max-image-preview":"max-image-preview:large","max-video-preview":"max-video-preview:-1"},"canonical":"https:\/\/www.uai.com.br\/uainoticias\/2026\/04\/30\/a-psicologia-explica-por-que-criancas-que-cresceram-sem-tecnologia-desenvolvem-mais-inteligencia-emocional-e-empatia\/","og_locale":"pt_BR","og_type":"article","og_title":"A psicologia explica por que crian\u00e7as que cresceram sem tecnologia desenvolvem mais intelig\u00eancia emocional e empatia - UAI Not\u00edcias","og_description":"Tempo de tela excessivo reduz empatia, prejudica conversas profundas e altera a percep\u00e7\u00e3o social no dia a dia.","og_url":"https:\/\/www.uai.com.br\/uainoticias\/2026\/04\/30\/a-psicologia-explica-por-que-criancas-que-cresceram-sem-tecnologia-desenvolvem-mais-inteligencia-emocional-e-empatia\/","og_site_name":"UAI Not\u00edcias","article_published_time":"2026-04-30T06:15:00+00:00","og_image":[{"width":1280,"height":720,"url":"https:\/\/www.uai.com.br\/uainoticias\/wp-content\/uploads\/2026\/04\/crianca-atividade-fisica_1776971016207.jpg","type":"image\/jpeg"}],"author":"Daniely Cardoso","twitter_card":"summary_large_image","twitter_misc":{"Escrito por":"Daniely Cardoso","Est. tempo de leitura":"5 minutos"},"schema":{"@context":"https:\/\/schema.org","@graph":[{"@type":"WebPage","@id":"https:\/\/www.uai.com.br\/uainoticias\/2026\/04\/30\/a-psicologia-explica-por-que-criancas-que-cresceram-sem-tecnologia-desenvolvem-mais-inteligencia-emocional-e-empatia\/","url":"https:\/\/www.uai.com.br\/uainoticias\/2026\/04\/30\/a-psicologia-explica-por-que-criancas-que-cresceram-sem-tecnologia-desenvolvem-mais-inteligencia-emocional-e-empatia\/","name":"A psicologia explica por que crian\u00e7as que cresceram sem tecnologia desenvolvem mais intelig\u00eancia emocional e empatia - UAI Not\u00edcias","isPartOf":{"@id":"https:\/\/www.uai.com.br\/uainoticias\/#website"},"primaryImageOfPage":{"@id":"https:\/\/www.uai.com.br\/uainoticias\/2026\/04\/30\/a-psicologia-explica-por-que-criancas-que-cresceram-sem-tecnologia-desenvolvem-mais-inteligencia-emocional-e-empatia\/#primaryimage"},"image":{"@id":"https:\/\/www.uai.com.br\/uainoticias\/2026\/04\/30\/a-psicologia-explica-por-que-criancas-que-cresceram-sem-tecnologia-desenvolvem-mais-inteligencia-emocional-e-empatia\/#primaryimage"},"thumbnailUrl":"https:\/\/www.uai.com.br\/uainoticias\/wp-content\/uploads\/2026\/04\/crianca-atividade-fisica_1776971016207.jpg","datePublished":"2026-04-30T06:15:00+00:00","author":{"@id":"https:\/\/www.uai.com.br\/uainoticias\/#\/schema\/person\/b40f59cad9eb0656c8ae35fee468cc57"},"description":"Tempo de tela excessivo reduz empatia, prejudica conversas profundas e altera a percep\u00e7\u00e3o social no dia a dia.","breadcrumb":{"@id":"https:\/\/www.uai.com.br\/uainoticias\/2026\/04\/30\/a-psicologia-explica-por-que-criancas-que-cresceram-sem-tecnologia-desenvolvem-mais-inteligencia-emocional-e-empatia\/#breadcrumb"},"inLanguage":"pt-BR","potentialAction":[{"@type":"ReadAction","target":["https:\/\/www.uai.com.br\/uainoticias\/2026\/04\/30\/a-psicologia-explica-por-que-criancas-que-cresceram-sem-tecnologia-desenvolvem-mais-inteligencia-emocional-e-empatia\/"]}]},{"@type":"ImageObject","inLanguage":"pt-BR","@id":"https:\/\/www.uai.com.br\/uainoticias\/2026\/04\/30\/a-psicologia-explica-por-que-criancas-que-cresceram-sem-tecnologia-desenvolvem-mais-inteligencia-emocional-e-empatia\/#primaryimage","url":"https:\/\/www.uai.com.br\/uainoticias\/wp-content\/uploads\/2026\/04\/crianca-atividade-fisica_1776971016207.jpg","contentUrl":"https:\/\/www.uai.com.br\/uainoticias\/wp-content\/uploads\/2026\/04\/crianca-atividade-fisica_1776971016207.jpg","width":1280,"height":720,"caption":"Manter o corpo em movimento ajuda a reduzir os n\u00edveis de cortisol - Cr\u00e9ditos: depositphotos.com \/ ZigicDrazen"},{"@type":"BreadcrumbList","@id":"https:\/\/www.uai.com.br\/uainoticias\/2026\/04\/30\/a-psicologia-explica-por-que-criancas-que-cresceram-sem-tecnologia-desenvolvem-mais-inteligencia-emocional-e-empatia\/#breadcrumb","itemListElement":[{"@type":"ListItem","position":1,"name":"In\u00edcio","item":"https:\/\/www.uai.com.br\/uainoticias\/"},{"@type":"ListItem","position":2,"name":"A psicologia explica por que crian\u00e7as que cresceram sem tecnologia desenvolvem mais intelig\u00eancia emocional e empatia"}]},{"@type":"WebSite","@id":"https:\/\/www.uai.com.br\/uainoticias\/#website","url":"https:\/\/www.uai.com.br\/uainoticias\/","name":"UAI Not\u00edcias","description":"Acompanhe as \u00faltimas not\u00edcias e fique bem informado sobre tudo o que acontece no Brasil e no mundo.","potentialAction":[{"@type":"SearchAction","target":{"@type":"EntryPoint","urlTemplate":"https:\/\/www.uai.com.br\/uainoticias\/?s={search_term_string}"},"query-input":{"@type":"PropertyValueSpecification","valueRequired":true,"valueName":"search_term_string"}}],"inLanguage":"pt-BR"},{"@type":"Person","@id":"https:\/\/www.uai.com.br\/uainoticias\/#\/schema\/person\/b40f59cad9eb0656c8ae35fee468cc57","name":"Daniely Cardoso","image":{"@type":"ImageObject","inLanguage":"pt-BR","@id":"https:\/\/www.uai.com.br\/uainoticias\/#\/schema\/person\/image\/","url":"https:\/\/secure.gravatar.com\/avatar\/b43c203f79e2ee2d699e04567f61958ba1731d1c994abcd298aa4fee5f54cb3a?s=96&d=mm&r=g","contentUrl":"https:\/\/secure.gravatar.com\/avatar\/b43c203f79e2ee2d699e04567f61958ba1731d1c994abcd298aa4fee5f54cb3a?s=96&d=mm&r=g","caption":"Daniely Cardoso"},"sameAs":["https:\/\/www.uai.com.br\/uainoticias\/"],"url":"https:\/\/www.uai.com.br\/uainoticias\/author\/daniely-morais\/"}]}},"_links":{"self":[{"href":"https:\/\/www.uai.com.br\/uainoticias\/wp-json\/wp\/v2\/posts\/128508","targetHints":{"allow":["GET"]}}],"collection":[{"href":"https:\/\/www.uai.com.br\/uainoticias\/wp-json\/wp\/v2\/posts"}],"about":[{"href":"https:\/\/www.uai.com.br\/uainoticias\/wp-json\/wp\/v2\/types\/post"}],"author":[{"embeddable":true,"href":"https:\/\/www.uai.com.br\/uainoticias\/wp-json\/wp\/v2\/users\/24"}],"replies":[{"embeddable":true,"href":"https:\/\/www.uai.com.br\/uainoticias\/wp-json\/wp\/v2\/comments?post=128508"}],"version-history":[{"count":1,"href":"https:\/\/www.uai.com.br\/uainoticias\/wp-json\/wp\/v2\/posts\/128508\/revisions"}],"predecessor-version":[{"id":128514,"href":"https:\/\/www.uai.com.br\/uainoticias\/wp-json\/wp\/v2\/posts\/128508\/revisions\/128514"}],"wp:featuredmedia":[{"embeddable":true,"href":"https:\/\/www.uai.com.br\/uainoticias\/wp-json\/wp\/v2\/media\/126718"}],"wp:attachment":[{"href":"https:\/\/www.uai.com.br\/uainoticias\/wp-json\/wp\/v2\/media?parent=128508"}],"wp:term":[{"taxonomy":"category","embeddable":true,"href":"https:\/\/www.uai.com.br\/uainoticias\/wp-json\/wp\/v2\/categories?post=128508"},{"taxonomy":"post_tag","embeddable":true,"href":"https:\/\/www.uai.com.br\/uainoticias\/wp-json\/wp\/v2\/tags?post=128508"}],"curies":[{"name":"wp","href":"https:\/\/api.w.org\/{rel}","templated":true}]}}