{"id":128453,"date":"2026-05-01T08:08:00","date_gmt":"2026-05-01T11:08:00","guid":{"rendered":"https:\/\/www.uai.com.br\/uainoticias\/?p=128453"},"modified":"2026-04-29T07:02:55","modified_gmt":"2026-04-29T10:02:55","slug":"a-frutinha-escura-e-doce-que-marcou-as-tardes-de-brincadeira-da-nossa-infancia-e-esta-voltando-aos-lares-urbanos-porque-se-adaptou-perfeitamente-ao-plantio-em-vasos","status":"publish","type":"post","link":"https:\/\/www.uai.com.br\/uainoticias\/2026\/05\/01\/a-frutinha-escura-e-doce-que-marcou-as-tardes-de-brincadeira-da-nossa-infancia-e-esta-voltando-aos-lares-urbanos-porque-se-adaptou-perfeitamente-ao-plantio-em-vasos\/","title":{"rendered":"A frutinha escura e doce que marcou as tardes de brincadeira da nossa inf\u00e2ncia e est\u00e1 voltando aos lares urbanos porque se adaptou perfeitamente ao plantio em vasos"},"content":{"rendered":"\n<div style=\"background:#f8f8f8;border-radius:12px;padding:1.25rem 1.5rem;max-width:560px;margin:0 auto 1.5rem;border:0.5px solid #e0e0e0;font-family:'Inter',sans-serif;text-align:center;\">\r\n  <p style=\"font-size:12px;font-weight:600;letter-spacing:0.08em;color:#888;margin:0 0 0.85rem;text-transform:uppercase;\">Destaques<\/p>\r\n  <div style=\"display:flex;flex-direction:column;gap:0.6rem;\">\r\n    <div style=\"background:#fff;border-radius:8px;border:0.5px solid #dce8f7;padding:0.65rem 1rem;font-size:14px;color:#222;text-align:left;\">\ud83c\udf31 <strong>A jabuticabeira se adapta bem a vasos grandes<\/strong>, com bom resultado mesmo em apartamentos e varandas pequenas<\/div>\r\n    <div style=\"background:#fff;border-radius:8px;border:0.5px solid #dce8f7;padding:0.65rem 1rem;font-size:14px;color:#222;text-align:left;\">\ud83c\udf47 <strong>A fruta nasce diretamente no tronco<\/strong>, um fen\u00f4meno chamado caulifloria, que impressiona quem v\u00ea pela primeira vez<\/div>\r\n    <div style=\"background:#fff;border-radius:8px;border:0.5px solid #dce8f7;padding:0.65rem 1rem;font-size:14px;color:#222;text-align:left;\">\ud83c\udf3f <strong>Rica em antocianinas e vitamina C<\/strong>, a jabuticaba \u00e9 uma das frutas nativas do Brasil com mais benef\u00edcios documentados<\/div>\r\n  <\/div>\r\n<\/div>\n\n\n\n<p>Tem gente que fecha os olhos e ainda consegue sentir o gosto daquela frutinha roxa que a gente arrancava direto do p\u00e9 no quintal da av\u00f3. A <strong>jabuticaba<\/strong> \u00e9 dessas comidas que carregam afeto, e agora ela voltou com for\u00e7a para os lares urbanos, desta vez em vasos, sem precisar de terreiro nem de ro\u00e7a.<\/p>\n\n\n\n<h2 class=\"wp-block-heading\">A fruta que nasce no tronco, n\u00e3o no galho<\/h2>\n\n\n\n<p>A <strong>jabuticaba<\/strong> tem uma caracter\u00edstica que chama aten\u00e7\u00e3o de todo mundo que v\u00ea pela primeira vez: os frutos nascem diretamente no tronco e nos galhos mais grossos da \u00e1rvore, n\u00e3o nas pontas como na maioria das plantas. Esse comportamento tem um nome t\u00e9cnico, <strong>caulifloria<\/strong>, e \u00e9 o que faz a jabuticabeira parecer coberta de bolinhas roxas e brilhantes na \u00e9poca da safra.<\/p>\n\n\n\n<p>Esp\u00e9cie nativa da Mata Atl\u00e2ntica, ela pertence ao g\u00eanero <em>Plinia<\/em> e \u00e9 exclusiva do Brasil. Isso significa que quando voc\u00ea planta uma jabuticabeira, est\u00e1 cultivando um peda\u00e7o genu\u00edno da biodiversidade brasileira dentro de casa.<\/p>\n\n\n\n<figure class=\"wp-block-image size-large\"><img decoding=\"async\" width=\"1024\" height=\"576\" src=\"https:\/\/www.uai.com.br\/uainoticias\/wp-content\/uploads\/2026\/04\/frutinha-escura-e-doce-1-1024x576.jpg\" alt=\"A frutinha escura e doce que marcou as tardes de brincadeira da nossa inf\u00e2ncia e est\u00e1 voltando aos lares urbanos porque se adaptou perfeitamente ao plantio em vasos\" class=\"wp-image-128457\" srcset=\"https:\/\/www.uai.com.br\/uainoticias\/wp-content\/uploads\/2026\/04\/frutinha-escura-e-doce-1-1024x576.jpg 1024w, https:\/\/www.uai.com.br\/uainoticias\/wp-content\/uploads\/2026\/04\/frutinha-escura-e-doce-1-300x169.jpg 300w, https:\/\/www.uai.com.br\/uainoticias\/wp-content\/uploads\/2026\/04\/frutinha-escura-e-doce-1-768x432.jpg 768w, https:\/\/www.uai.com.br\/uainoticias\/wp-content\/uploads\/2026\/04\/frutinha-escura-e-doce-1-750x422.jpg 750w, https:\/\/www.uai.com.br\/uainoticias\/wp-content\/uploads\/2026\/04\/frutinha-escura-e-doce-1-1140x641.jpg 1140w, https:\/\/www.uai.com.br\/uainoticias\/wp-content\/uploads\/2026\/04\/frutinha-escura-e-doce-1.jpg 1280w\" sizes=\"(max-width: 1024px) 100vw, 1024px\" \/><figcaption class=\"wp-element-caption\">A fruta nasce direto no tronco e chama aten\u00e7\u00e3o.<\/figcaption><\/figure>\n\n\n\n<h2 class=\"wp-block-heading\">Plantio em vaso: o que muda na pr\u00e1tica<\/h2>\n\n\n\n<p>A boa not\u00edcia para quem mora em apartamento ou tem pouco espa\u00e7o \u00e9 que a <strong>jabuticabeira em vaso<\/strong> se desenvolve muito bem quando as condi\u00e7\u00f5es certas s\u00e3o oferecidas. O crescimento dela \u00e9 naturalmente lento, o que, nesse caso, \u00e9 uma vantagem: a planta fica menor, mais manej\u00e1vel, e ainda produz frutos.<\/p>\n\n\n\n<p>Para ter sucesso no <strong>cultivo em vaso<\/strong>, alguns cuidados fazem toda a diferen\u00e7a. Veja o que os especialistas em frut\u00edferas indicam:<\/p>\n\n\n\n<ul class=\"wp-block-list\">\n<li><strong>Vaso grande, pelo menos 50 litros:<\/strong> a raiz da jabuticabeira precisa de espa\u00e7o para se expandir e sustentar a copa<\/li>\n\n\n\n<li><strong>Sol direto por pelo menos 6 horas:<\/strong> em varandas voltadas para o norte ou leste, a planta se desenvolve melhor<\/li>\n\n\n\n<li><strong>Solo \u00e1cido e bem drenado:<\/strong> misture terra com substrato para plantas frut\u00edferas e mantenha o pH entre 4,5 e 5,5<\/li>\n\n\n\n<li><strong>Rega regular, sem encharcar:<\/strong> a jabuticabeira gosta de umidade constante, mas raiz encharcada causa doen\u00e7as f\u00fangicas<\/li>\n\n\n\n<li><strong>Aduba\u00e7\u00e3o a cada dois meses:<\/strong> use adubo org\u00e2nico ou fertilizante para frut\u00edferas, especialmente na fase de flora\u00e7\u00e3o<\/li>\n<\/ul>\n\n\n\n<h2 class=\"wp-block-heading\">Por dentro da fruta: o que a jabuticaba tem de especial<\/h2>\n\n\n\n<p>Al\u00e9m do sabor adocicado e levemente \u00e1cido que todo brasileiro conhece, a <strong>jabuticaba<\/strong> \u00e9 uma fruta com alto valor nutricional. A casca roxa-escura \u00e9 rica em <strong>antocianinas<\/strong>, os mesmos compostos que d\u00e3o cor a frutas como o mirtilo e a amora, e que t\u00eam a\u00e7\u00e3o antioxidante documentada em estudos cient\u00edficos.<\/p>\n\n\n\n<p>A fruta tamb\u00e9m \u00e9 fonte de <strong>vitamina C<\/strong>, pot\u00e1ssio e fibras. No Brasil, pesquisadores de universidades como a USP e a UNICAMP j\u00e1 investigaram as propriedades da jabuticaba para fins funcionais, e os resultados s\u00e3o promissores no campo da nutri\u00e7\u00e3o preventiva.<\/p>\n\n\n\n<div style=\"background:#f8f8f8;border-radius:12px;padding:1.25rem 1.5rem;max-width:560px;margin:1.5rem auto;border:0.5px solid #e0e0e0;font-family:'Inter',sans-serif;text-align:center;\">\r\n  <p style=\"font-size:12px;font-weight:600;letter-spacing:0.08em;color:#888;margin:0 0 0.85rem;text-transform:uppercase;\">Pontos-chave<\/p>\r\n  <div style=\"display:flex;flex-direction:column;gap:0.6rem;\">\r\n    <div style=\"background:#fff;border-radius:8px;border:0.5px solid #dce8f7;padding:0.65rem 1rem;font-size:14px;color:#222;text-align:left;\">\ud83e\udeb4 <strong>Vaso m\u00ednimo de 50 litros<\/strong> \u00e9 o ponto de partida para quem quer cultivar jabuticaba com produ\u00e7\u00e3o real de frutos<\/div>\r\n    <div style=\"background:#fff;border-radius:8px;border:0.5px solid #dce8f7;padding:0.65rem 1rem;font-size:14px;color:#222;text-align:left;\">\ud83c\udf77 <strong>A casca tem mais nutrientes do que a polpa<\/strong>, por isso comer a fruta inteira, ou us\u00e1-la em geleias, aproveita melhor seus compostos<\/div>\r\n    <div style=\"background:#fff;border-radius:8px;border:0.5px solid #dce8f7;padding:0.65rem 1rem;font-size:14px;color:#222;text-align:left;\">\u23f3 <strong>Paci\u00eancia \u00e9 parte do cultivo:<\/strong> a jabuticabeira em vaso costuma levar de 3 a 5 anos para produzir os primeiros frutos<\/div>\r\n  <\/div>\r\n<\/div>\n\n\n\n<h2 class=\"wp-block-heading\">Varanda produtiva: tend\u00eancia que veio para ficar<\/h2>\n\n\n\n<p>O interesse por <strong>frut\u00edferas em vaso<\/strong> cresceu muito nos \u00faltimos anos, especialmente depois das mudan\u00e7as de h\u00e1bito trazidas pela pandemia. Cultivar o pr\u00f3prio alimento, mesmo em espa\u00e7os pequenos, virou uma forma de conex\u00e3o com a natureza e de controle sobre o que se come. A jabuticaba se encaixa perfeitamente nesse movimento porque \u00e9 uma planta resistente, de baixa manuten\u00e7\u00e3o depois de estabelecida, e que produz uma fruta genuinamente brasileira.<\/p>\n\n\n\n<p>Grupos de cultivo urbano em redes sociais j\u00e1 re\u00fanem milhares de entusiastas trocando dicas sobre jabuticabeiras, e o mercado de mudas dessa esp\u00e9cie aqueceu de forma consistente nos \u00faltimos anos, com produtores relatando aumento expressivo na procura por variedades compactas, ideais para vaso.<\/p>\n\n\n\n<h2 class=\"wp-block-heading\">Do quintal da av\u00f3 para a janela do apartamento<\/h2>\n\n\n\n<p>A <strong>jabuticaba<\/strong> sempre foi um s\u00edmbolo da inf\u00e2ncia brasileira, daquele tempo em que subir no p\u00e9 de fruta era parte natural do dia. Traz\u00ea-la de volta para dentro de casa, agora em um vaso na varanda de um apartamento urbano, tem algo de resgate afetivo, e tamb\u00e9m de escolha consciente por um cultivo que valoriza o que \u00e9 nosso.<\/p>\n\n\n\n<p>Quem planta uma jabuticabeira hoje sabe que vai esperar alguns anos pelos primeiros frutos, mas tamb\u00e9m sabe que, quando eles chegarem, v\u00e3o saber exatamente como na mem\u00f3ria: doces, roxos e imposs\u00edveis de comer s\u00f3 um.<\/p>\n\n\n\n<p>Se esse conte\u00fado despertou vontade de ter uma jabuticabeira em casa ou te trouxe aquela mem\u00f3ria boa da inf\u00e2ncia, compartilhe com algu\u00e9m que tamb\u00e9m vai se lembrar da frutinha do quintal.<\/p>\n","protected":false},"excerpt":{"rendered":"<p>Destaques \ud83c\udf31 A jabuticabeira se adapta bem a vasos grandes, com bom resultado mesmo em apartamentos e varandas pequenas \ud83c\udf47 A fruta nasce diretamente no tronco, um fen\u00f4meno chamado caulifloria, que impressiona quem v\u00ea pela primeira vez \ud83c\udf3f Rica em antocianinas e vitamina C, a jabuticaba \u00e9 uma das frutas nativas do Brasil com mais [&hellip;]<\/p>\n","protected":false},"author":6,"featured_media":128458,"comment_status":"open","ping_status":"open","sticky":false,"template":"","format":"standard","meta":{"jnews-multi-image_gallery":[],"jnews_single_post":{"format":"standard"},"jnews_primary_category":[],"jnews_social_meta":[],"jnews_override_counter":[],"footnotes":""},"categories":[475,11599],"tags":[23607,3255,23608,23609],"class_list":["post-128453","post","type-post","status-publish","format-standard","has-post-thumbnail","hentry","category-entretenimento","category-jardinagem","tag-cultivo-em-apartamento","tag-jabuticaba","tag-jabuticabeira-em-vaso","tag-plantas-frutiferas-2"],"yoast_head":"<!-- This site is optimized with the Yoast SEO plugin v26.5 - https:\/\/yoast.com\/wordpress\/plugins\/seo\/ -->\n<title>A frutinha escura e doce que marcou as tardes de brincadeira da nossa inf\u00e2ncia e est\u00e1 voltando aos lares urbanos porque se adaptou perfeitamente ao plantio em vasos - UAI Not\u00edcias<\/title>\n<meta name=\"description\" content=\"Um h\u00e1bito antigo reaparece de forma diferente e conquista quem busca algo simples, bonito e cheio de hist\u00f3ria dentro de casa.\" \/>\n<meta name=\"robots\" content=\"index, follow, max-snippet:-1, max-image-preview:large, max-video-preview:-1\" \/>\n<link rel=\"canonical\" href=\"https:\/\/www.uai.com.br\/uainoticias\/2026\/05\/01\/a-frutinha-escura-e-doce-que-marcou-as-tardes-de-brincadeira-da-nossa-infancia-e-esta-voltando-aos-lares-urbanos-porque-se-adaptou-perfeitamente-ao-plantio-em-vasos\/\" \/>\n<meta property=\"og:locale\" content=\"pt_BR\" \/>\n<meta property=\"og:type\" content=\"article\" \/>\n<meta property=\"og:title\" content=\"A frutinha escura e doce que marcou as tardes de brincadeira da nossa inf\u00e2ncia e est\u00e1 voltando aos lares urbanos porque se adaptou perfeitamente ao plantio em vasos - UAI Not\u00edcias\" \/>\n<meta property=\"og:description\" content=\"Um h\u00e1bito antigo reaparece de forma diferente e conquista quem busca algo simples, bonito e cheio de hist\u00f3ria dentro de casa.\" \/>\n<meta property=\"og:url\" content=\"https:\/\/www.uai.com.br\/uainoticias\/2026\/05\/01\/a-frutinha-escura-e-doce-que-marcou-as-tardes-de-brincadeira-da-nossa-infancia-e-esta-voltando-aos-lares-urbanos-porque-se-adaptou-perfeitamente-ao-plantio-em-vasos\/\" \/>\n<meta property=\"og:site_name\" content=\"UAI Not\u00edcias\" \/>\n<meta property=\"article:published_time\" content=\"2026-05-01T11:08:00+00:00\" \/>\n<meta property=\"og:image\" content=\"https:\/\/www.uai.com.br\/uainoticias\/wp-content\/uploads\/2026\/04\/frutinha-escura-e-doce.jpg\" \/>\n\t<meta property=\"og:image:width\" content=\"1280\" \/>\n\t<meta property=\"og:image:height\" content=\"720\" \/>\n\t<meta property=\"og:image:type\" content=\"image\/jpeg\" \/>\n<meta name=\"author\" content=\"Nubia Rangel\" \/>\n<meta name=\"twitter:card\" content=\"summary_large_image\" \/>\n<meta name=\"twitter:label1\" content=\"Escrito por\" \/>\n\t<meta name=\"twitter:data1\" content=\"Nubia Rangel\" \/>\n\t<meta name=\"twitter:label2\" content=\"Est. tempo de leitura\" \/>\n\t<meta name=\"twitter:data2\" content=\"5 minutos\" \/>\n<!-- \/ Yoast SEO plugin. -->","yoast_head_json":{"title":"A frutinha escura e doce que marcou as tardes de brincadeira da nossa inf\u00e2ncia e est\u00e1 voltando aos lares urbanos porque se adaptou perfeitamente ao plantio em vasos - UAI Not\u00edcias","description":"Um h\u00e1bito antigo reaparece de forma diferente e conquista quem busca algo simples, bonito e cheio de hist\u00f3ria dentro de casa.","robots":{"index":"index","follow":"follow","max-snippet":"max-snippet:-1","max-image-preview":"max-image-preview:large","max-video-preview":"max-video-preview:-1"},"canonical":"https:\/\/www.uai.com.br\/uainoticias\/2026\/05\/01\/a-frutinha-escura-e-doce-que-marcou-as-tardes-de-brincadeira-da-nossa-infancia-e-esta-voltando-aos-lares-urbanos-porque-se-adaptou-perfeitamente-ao-plantio-em-vasos\/","og_locale":"pt_BR","og_type":"article","og_title":"A frutinha escura e doce que marcou as tardes de brincadeira da nossa inf\u00e2ncia e est\u00e1 voltando aos lares urbanos porque se adaptou perfeitamente ao plantio em vasos - UAI Not\u00edcias","og_description":"Um h\u00e1bito antigo reaparece de forma diferente e conquista quem busca algo simples, bonito e cheio de hist\u00f3ria dentro de casa.","og_url":"https:\/\/www.uai.com.br\/uainoticias\/2026\/05\/01\/a-frutinha-escura-e-doce-que-marcou-as-tardes-de-brincadeira-da-nossa-infancia-e-esta-voltando-aos-lares-urbanos-porque-se-adaptou-perfeitamente-ao-plantio-em-vasos\/","og_site_name":"UAI Not\u00edcias","article_published_time":"2026-05-01T11:08:00+00:00","og_image":[{"width":1280,"height":720,"url":"https:\/\/www.uai.com.br\/uainoticias\/wp-content\/uploads\/2026\/04\/frutinha-escura-e-doce.jpg","type":"image\/jpeg"}],"author":"Nubia Rangel","twitter_card":"summary_large_image","twitter_misc":{"Escrito por":"Nubia Rangel","Est. tempo de leitura":"5 minutos"},"schema":{"@context":"https:\/\/schema.org","@graph":[{"@type":"WebPage","@id":"https:\/\/www.uai.com.br\/uainoticias\/2026\/05\/01\/a-frutinha-escura-e-doce-que-marcou-as-tardes-de-brincadeira-da-nossa-infancia-e-esta-voltando-aos-lares-urbanos-porque-se-adaptou-perfeitamente-ao-plantio-em-vasos\/","url":"https:\/\/www.uai.com.br\/uainoticias\/2026\/05\/01\/a-frutinha-escura-e-doce-que-marcou-as-tardes-de-brincadeira-da-nossa-infancia-e-esta-voltando-aos-lares-urbanos-porque-se-adaptou-perfeitamente-ao-plantio-em-vasos\/","name":"A frutinha escura e doce que marcou as tardes de brincadeira da nossa inf\u00e2ncia e est\u00e1 voltando aos lares urbanos porque se adaptou perfeitamente ao plantio em vasos - UAI Not\u00edcias","isPartOf":{"@id":"https:\/\/www.uai.com.br\/uainoticias\/#website"},"primaryImageOfPage":{"@id":"https:\/\/www.uai.com.br\/uainoticias\/2026\/05\/01\/a-frutinha-escura-e-doce-que-marcou-as-tardes-de-brincadeira-da-nossa-infancia-e-esta-voltando-aos-lares-urbanos-porque-se-adaptou-perfeitamente-ao-plantio-em-vasos\/#primaryimage"},"image":{"@id":"https:\/\/www.uai.com.br\/uainoticias\/2026\/05\/01\/a-frutinha-escura-e-doce-que-marcou-as-tardes-de-brincadeira-da-nossa-infancia-e-esta-voltando-aos-lares-urbanos-porque-se-adaptou-perfeitamente-ao-plantio-em-vasos\/#primaryimage"},"thumbnailUrl":"https:\/\/www.uai.com.br\/uainoticias\/wp-content\/uploads\/2026\/04\/frutinha-escura-e-doce.jpg","datePublished":"2026-05-01T11:08:00+00:00","author":{"@id":"https:\/\/www.uai.com.br\/uainoticias\/#\/schema\/person\/d70e886a4103e1e8683d36d868d7aa74"},"description":"Um h\u00e1bito antigo reaparece de forma diferente e conquista quem busca algo simples, bonito e cheio de hist\u00f3ria dentro de casa.","breadcrumb":{"@id":"https:\/\/www.uai.com.br\/uainoticias\/2026\/05\/01\/a-frutinha-escura-e-doce-que-marcou-as-tardes-de-brincadeira-da-nossa-infancia-e-esta-voltando-aos-lares-urbanos-porque-se-adaptou-perfeitamente-ao-plantio-em-vasos\/#breadcrumb"},"inLanguage":"pt-BR","potentialAction":[{"@type":"ReadAction","target":["https:\/\/www.uai.com.br\/uainoticias\/2026\/05\/01\/a-frutinha-escura-e-doce-que-marcou-as-tardes-de-brincadeira-da-nossa-infancia-e-esta-voltando-aos-lares-urbanos-porque-se-adaptou-perfeitamente-ao-plantio-em-vasos\/"]}]},{"@type":"ImageObject","inLanguage":"pt-BR","@id":"https:\/\/www.uai.com.br\/uainoticias\/2026\/05\/01\/a-frutinha-escura-e-doce-que-marcou-as-tardes-de-brincadeira-da-nossa-infancia-e-esta-voltando-aos-lares-urbanos-porque-se-adaptou-perfeitamente-ao-plantio-em-vasos\/#primaryimage","url":"https:\/\/www.uai.com.br\/uainoticias\/wp-content\/uploads\/2026\/04\/frutinha-escura-e-doce.jpg","contentUrl":"https:\/\/www.uai.com.br\/uainoticias\/wp-content\/uploads\/2026\/04\/frutinha-escura-e-doce.jpg","width":1280,"height":720,"caption":"Jabuticabeira cresce bem em vaso e surpreende."},{"@type":"BreadcrumbList","@id":"https:\/\/www.uai.com.br\/uainoticias\/2026\/05\/01\/a-frutinha-escura-e-doce-que-marcou-as-tardes-de-brincadeira-da-nossa-infancia-e-esta-voltando-aos-lares-urbanos-porque-se-adaptou-perfeitamente-ao-plantio-em-vasos\/#breadcrumb","itemListElement":[{"@type":"ListItem","position":1,"name":"In\u00edcio","item":"https:\/\/www.uai.com.br\/uainoticias\/"},{"@type":"ListItem","position":2,"name":"A frutinha escura e doce que marcou as tardes de brincadeira da nossa inf\u00e2ncia e est\u00e1 voltando aos lares urbanos porque se adaptou perfeitamente ao plantio em vasos"}]},{"@type":"WebSite","@id":"https:\/\/www.uai.com.br\/uainoticias\/#website","url":"https:\/\/www.uai.com.br\/uainoticias\/","name":"UAI Not\u00edcias","description":"Acompanhe as \u00faltimas not\u00edcias e fique bem informado sobre tudo o que acontece no Brasil e no mundo.","potentialAction":[{"@type":"SearchAction","target":{"@type":"EntryPoint","urlTemplate":"https:\/\/www.uai.com.br\/uainoticias\/?s={search_term_string}"},"query-input":{"@type":"PropertyValueSpecification","valueRequired":true,"valueName":"search_term_string"}}],"inLanguage":"pt-BR"},{"@type":"Person","@id":"https:\/\/www.uai.com.br\/uainoticias\/#\/schema\/person\/d70e886a4103e1e8683d36d868d7aa74","name":"Nubia Rangel","image":{"@type":"ImageObject","inLanguage":"pt-BR","@id":"https:\/\/www.uai.com.br\/uainoticias\/#\/schema\/person\/image\/","url":"https:\/\/secure.gravatar.com\/avatar\/252f169abe8ee815746433e68b4eaf99c7f991aa4da64e1bc97505ca39ff93e4?s=96&d=mm&r=g","contentUrl":"https:\/\/secure.gravatar.com\/avatar\/252f169abe8ee815746433e68b4eaf99c7f991aa4da64e1bc97505ca39ff93e4?s=96&d=mm&r=g","caption":"Nubia Rangel"},"sameAs":["https:\/\/www.uai.com.br\/uainoticias\/"],"url":"https:\/\/www.uai.com.br\/uainoticias\/author\/nubiamyth\/"}]}},"_links":{"self":[{"href":"https:\/\/www.uai.com.br\/uainoticias\/wp-json\/wp\/v2\/posts\/128453","targetHints":{"allow":["GET"]}}],"collection":[{"href":"https:\/\/www.uai.com.br\/uainoticias\/wp-json\/wp\/v2\/posts"}],"about":[{"href":"https:\/\/www.uai.com.br\/uainoticias\/wp-json\/wp\/v2\/types\/post"}],"author":[{"embeddable":true,"href":"https:\/\/www.uai.com.br\/uainoticias\/wp-json\/wp\/v2\/users\/6"}],"replies":[{"embeddable":true,"href":"https:\/\/www.uai.com.br\/uainoticias\/wp-json\/wp\/v2\/comments?post=128453"}],"version-history":[{"count":2,"href":"https:\/\/www.uai.com.br\/uainoticias\/wp-json\/wp\/v2\/posts\/128453\/revisions"}],"predecessor-version":[{"id":128459,"href":"https:\/\/www.uai.com.br\/uainoticias\/wp-json\/wp\/v2\/posts\/128453\/revisions\/128459"}],"wp:featuredmedia":[{"embeddable":true,"href":"https:\/\/www.uai.com.br\/uainoticias\/wp-json\/wp\/v2\/media\/128458"}],"wp:attachment":[{"href":"https:\/\/www.uai.com.br\/uainoticias\/wp-json\/wp\/v2\/media?parent=128453"}],"wp:term":[{"taxonomy":"category","embeddable":true,"href":"https:\/\/www.uai.com.br\/uainoticias\/wp-json\/wp\/v2\/categories?post=128453"},{"taxonomy":"post_tag","embeddable":true,"href":"https:\/\/www.uai.com.br\/uainoticias\/wp-json\/wp\/v2\/tags?post=128453"}],"curies":[{"name":"wp","href":"https:\/\/api.w.org\/{rel}","templated":true}]}}