{"id":128326,"date":"2026-04-29T19:20:00","date_gmt":"2026-04-29T22:20:00","guid":{"rendered":"https:\/\/www.uai.com.br\/uainoticias\/?p=128326"},"modified":"2026-04-28T17:01:35","modified_gmt":"2026-04-28T20:01:35","slug":"o-arbusto-que-virou-o-favorito-do-paisagismo-classico-porque-aceita-qualquer-formato-de-poda-e-nao-exige-regas-constantes","status":"publish","type":"post","link":"https:\/\/www.uai.com.br\/uainoticias\/2026\/04\/29\/o-arbusto-que-virou-o-favorito-do-paisagismo-classico-porque-aceita-qualquer-formato-de-poda-e-nao-exige-regas-constantes\/","title":{"rendered":"O arbusto que virou o favorito do paisagismo cl\u00e1ssico porque aceita qualquer formato de poda e n\u00e3o exige regas constantes"},"content":{"rendered":"\n<p>O <strong>Buxinho<\/strong> consolidou-se como a esp\u00e9cie indispens\u00e1vel para jardins que buscam ordem e eleg\u00e2ncia t\u00e9cnica. Sua versatilidade permite desde a cria\u00e7\u00e3o de cercas vivas compactas at\u00e9 esculturas complexas atrav\u00e9s da arte da topiaria.<\/p>\n\n\n\n<h2 class=\"wp-block-heading\">Por que o buxinho \u00e9 considerado o rei da topiaria no paisagismo?<\/h2>\n\n\n\n<p>A estrutura densa e o crescimento lento de suas folhas pequenas permitem que o arbusto mantenha o formato esculpido por longos per\u00edodos. Diferente de esp\u00e9cies de crescimento r\u00e1pido, ele n\u00e3o perde a defini\u00e7\u00e3o da poda com facilidade, exigindo pouca manuten\u00e7\u00e3o est\u00e9tica.<\/p>\n\n\n\n<p>Sua capacidade de brota\u00e7\u00e3o intensa ap\u00f3s o corte permite que o jardineiro realize interven\u00e7\u00f5es dr\u00e1sticas sem comprometer a sa\u00fade da planta. Essa resili\u00eancia t\u00e9cnica faz dele a escolha prim\u00e1ria para delimitar caminhos e criar eixos visuais em projetos arquitet\u00f4nicos.<\/p>\n\n\n\n<p>Assista ao v\u00eddeo do canal <strong>O Jardineiro Eden<\/strong>, que conta com <strong>25,2 mil<\/strong> inscritos. O v\u00eddeo ensina o passo a passo completo para o plantio correto de <strong>buxinhos<\/strong>, mostrando desde a prepara\u00e7\u00e3o do solo e o espa\u00e7amento ideal at\u00e9 as t\u00e9cnicas de manuten\u00e7\u00e3o para garantir que as plantas cres\u00e7am saud\u00e1veis e com o formato ornamental desejado:<\/p>\n\n\n\n<figure class=\"wp-block-embed is-type-video is-provider-youtube wp-block-embed-youtube wp-embed-aspect-16-9 wp-has-aspect-ratio\"><div class=\"wp-block-embed__wrapper\">\n<div class=\"jeg_video_container jeg_video_content\"><iframe loading=\"lazy\" title=\"COMO PLANTAR LINDO BUXINHOS - PASSO A PASSO\" width=\"500\" height=\"281\" src=\"https:\/\/www.youtube.com\/embed\/cRHQesanw50?feature=oembed\" frameborder=\"0\" allow=\"accelerometer; autoplay; clipboard-write; encrypted-media; gyroscope; picture-in-picture; web-share\" referrerpolicy=\"strict-origin-when-cross-origin\" allowfullscreen><\/iframe><\/div>\n<\/div><\/figure>\n\n\n\n<p>Leia tamb\u00e9m: <strong><a href=\"https:\/\/www.uai.com.br\/uainoticias\/2026\/03\/12\/sem-fertilizantes-ou-podas-o-truque-simples-de-jardinagem-para-evitar-que-as-plantas-de-interior-murchem\/\" target=\"_blank\" rel=\"noreferrer noopener\">Sem fertilizantes ou podas: o truque simples de jardinagem para evitar que as plantas de interior murchem<\/a><\/strong><\/p>\n\n\n\n<h2 class=\"wp-block-heading\">Quais s\u00e3o as condi\u00e7\u00f5es de solo e clima ideais para o cultivo?<\/h2>\n\n\n\n<p>Embora seja uma planta extremamente r\u00fastica, o sucesso no desenvolvimento depende de um solo que ofere\u00e7a excelente drenagem para evitar o apodrecimento das ra\u00edzes. O arbusto apresenta alta toler\u00e2ncia tanto ao sol pleno quanto \u00e0 meia-sombra, adaptando-se a diversos microclimas.<\/p>\n\n\n\n<p>Abaixo, apresentamos os dados estruturados sobre as exig\u00eancias t\u00e9cnicas para garantir que o arbusto permane\u00e7a com a folhagem verde e vigorosa durante todo o ano:<\/p>\n\n\n\n<figure class=\"wp-block-image size-large\"><img decoding=\"async\" width=\"1024\" height=\"374\" src=\"https:\/\/www.uai.com.br\/uainoticias\/wp-content\/uploads\/2026\/04\/Buxinho-tabela-1024x374.jpg\" alt=\"\" class=\"wp-image-128344\" srcset=\"https:\/\/www.uai.com.br\/uainoticias\/wp-content\/uploads\/2026\/04\/Buxinho-tabela-1024x374.jpg 1024w, https:\/\/www.uai.com.br\/uainoticias\/wp-content\/uploads\/2026\/04\/Buxinho-tabela-300x109.jpg 300w, https:\/\/www.uai.com.br\/uainoticias\/wp-content\/uploads\/2026\/04\/Buxinho-tabela-768x280.jpg 768w, https:\/\/www.uai.com.br\/uainoticias\/wp-content\/uploads\/2026\/04\/Buxinho-tabela-750x274.jpg 750w, https:\/\/www.uai.com.br\/uainoticias\/wp-content\/uploads\/2026\/04\/Buxinho-tabela-1140x416.jpg 1140w, https:\/\/www.uai.com.br\/uainoticias\/wp-content\/uploads\/2026\/04\/Buxinho-tabela.jpg 1280w\" sizes=\"(max-width: 1024px) 100vw, 1024px\" \/><\/figure>\n\n\n\n<h2 class=\"wp-block-heading\">Como realizar a poda de forma\u00e7\u00e3o sem prejudicar o arbusto?<\/h2>\n\n\n\n<p>O segredo para um formato perfeito reside na regularidade das interven\u00e7\u00f5es e no uso de ferramentas de corte com l\u00e2minas perfeitamente afiadas. Cortes limpos evitam o esmagamento das pontas das folhas, o que costuma causar um aspecto amarelado e seco ap\u00f3s a poda.<\/p>\n\n\n\n<p>Para garantir que o seu projeto de paisagismo mantenha a simetria e a vitalidade, existem recomenda\u00e7\u00f5es t\u00e9cnicas que devem ser seguidas durante o manejo da esp\u00e9cie:<\/p>\n\n\n\n<ul class=\"wp-block-list\">\n<li>Realize a poda preferencialmente no final do inverno ou in\u00edcio da primavera.<\/li>\n\n\n\n<li>Utilize moldes de madeira ou arame para garantir a precis\u00e3o em formas geom\u00e9tricas.<\/li>\n\n\n\n<li>Remova galhos internos secos para melhorar a circula\u00e7\u00e3o de ar no centro da planta.<\/li>\n\n\n\n<li>Limpe as ferramentas com \u00e1lcool para evitar a propaga\u00e7\u00e3o de pragas entre os arbustos.<\/li>\n<\/ul>\n\n\n\n<p>Leia tamb\u00e9m: <strong><a href=\"https:\/\/www.uai.com.br\/uainoticias\/2026\/03\/14\/a-planta-quase-impossivel-de-matar-que-virou-queridinha-de-quem-comeca-na-jardinagem\/\" target=\"_blank\" rel=\"noreferrer noopener\">A planta quase imposs\u00edvel de matar que virou queridinha de quem come\u00e7a na jardinagem<\/a><\/strong><\/p>\n\n\n\n<h2 class=\"wp-block-heading\">Por que a resist\u00eancia \u00e0 seca \u00e9 uma vantagem econ\u00f4mica no jardim?<\/h2>\n\n\n\n<p>Uma vez estabelecido, o sistema radicular do arbusto consegue extrair umidade das camadas mais profundas do solo, reduzindo a necessidade de sistemas de irriga\u00e7\u00e3o complexos. Essa caracter\u00edstica t\u00e9cnica diminui o custo operacional de manuten\u00e7\u00e3o em grandes \u00e1reas verdes.<\/p>\n\n\n\n<p>Essa economia de \u00e1gua n\u00e3o compromete a est\u00e9tica da planta, que mant\u00e9m sua colora\u00e7\u00e3o verde-escura mesmo em per\u00edodos de estiagem moderada. \u00c9 a solu\u00e7\u00e3o ideal para jardins sustent\u00e1veis que priorizam a baixa demanda por recursos h\u00eddricos.<\/p>\n\n\n\n<figure class=\"wp-block-image size-large\"><img decoding=\"async\" width=\"1024\" height=\"576\" src=\"https:\/\/www.uai.com.br\/uainoticias\/wp-content\/uploads\/2026\/04\/Buxinho-arbusto-2-1024x576.jpg\" alt=\"\" class=\"wp-image-128352\" srcset=\"https:\/\/www.uai.com.br\/uainoticias\/wp-content\/uploads\/2026\/04\/Buxinho-arbusto-2-1024x576.jpg 1024w, https:\/\/www.uai.com.br\/uainoticias\/wp-content\/uploads\/2026\/04\/Buxinho-arbusto-2-300x169.jpg 300w, https:\/\/www.uai.com.br\/uainoticias\/wp-content\/uploads\/2026\/04\/Buxinho-arbusto-2-768x432.jpg 768w, https:\/\/www.uai.com.br\/uainoticias\/wp-content\/uploads\/2026\/04\/Buxinho-arbusto-2-750x422.jpg 750w, https:\/\/www.uai.com.br\/uainoticias\/wp-content\/uploads\/2026\/04\/Buxinho-arbusto-2-1140x641.jpg 1140w, https:\/\/www.uai.com.br\/uainoticias\/wp-content\/uploads\/2026\/04\/Buxinho-arbusto-2.jpg 1280w\" sizes=\"(max-width: 1024px) 100vw, 1024px\" \/><figcaption class=\"wp-element-caption\">Substrato com musgo e areia garante drenagem, acidez ideal e evita danos \u00e0s ra\u00edzes da planta carn\u00edvora sens\u00edvel &#8211; Cr\u00e9ditos: Imagem Ilustrativa<\/figcaption><\/figure>\n\n\n\n<h2 class=\"wp-block-heading\">Quais pragas podem amea\u00e7ar a integridade da folhagem densa?<\/h2>\n\n\n\n<p>A densidade das folhas pode favorecer o aparecimento de fungos caso a planta esteja em um local sem ventila\u00e7\u00e3o ou com excesso de umidade. Inspe\u00e7\u00f5es regulares no interior da copa ajudam a identificar precocemente a presen\u00e7a de cochonilhas ou \u00e1caros.<\/p>\n\n\n\n<p>O tratamento preventivo com \u00f3leo de neem costuma ser suficiente para manter o arbusto livre de invasores. Com esses cuidados t\u00e9cnicos e podas precisas, o seu jardim apresentar\u00e1 um visual cl\u00e1ssico e sofisticado por muitas d\u00e9cadas.<\/p>\n","protected":false},"excerpt":{"rendered":"<p>O Buxinho consolidou-se como a esp\u00e9cie indispens\u00e1vel para jardins que buscam ordem e eleg\u00e2ncia t\u00e9cnica. Sua versatilidade permite desde a cria\u00e7\u00e3o de cercas vivas compactas at\u00e9 esculturas complexas atrav\u00e9s da arte da topiaria. Por que o buxinho \u00e9 considerado o rei da topiaria no paisagismo? A estrutura densa e o crescimento lento de suas folhas [&hellip;]<\/p>\n","protected":false},"author":29,"featured_media":128351,"comment_status":"open","ping_status":"open","sticky":false,"template":"","format":"standard","meta":{"jnews-multi-image_gallery":[],"jnews_single_post":{"format":"standard"},"jnews_primary_category":[],"jnews_social_meta":[],"jnews_override_counter":[],"footnotes":""},"categories":[11599],"tags":[23590,23591,3075],"class_list":["post-128326","post","type-post","status-publish","format-standard","has-post-thumbnail","hentry","category-jardinagem","tag-arbusto","tag-buxinho","tag-plantar"],"yoast_head":"<!-- This site is optimized with the Yoast SEO plugin v26.5 - https:\/\/yoast.com\/wordpress\/plugins\/seo\/ -->\n<title>O arbusto que virou o favorito do paisagismo cl\u00e1ssico porque aceita qualquer formato de poda e n\u00e3o exige regas constantes - UAI Not\u00edcias<\/title>\n<meta name=\"description\" content=\"Buxinho \u00e9 ideal para topiaria, mant\u00e9m formas precisas, cresce lentamente e garante jardins elegantes e duradouros\" \/>\n<meta name=\"robots\" content=\"index, follow, max-snippet:-1, max-image-preview:large, max-video-preview:-1\" \/>\n<link rel=\"canonical\" href=\"https:\/\/www.uai.com.br\/uainoticias\/2026\/04\/29\/o-arbusto-que-virou-o-favorito-do-paisagismo-classico-porque-aceita-qualquer-formato-de-poda-e-nao-exige-regas-constantes\/\" \/>\n<meta property=\"og:locale\" content=\"pt_BR\" \/>\n<meta property=\"og:type\" content=\"article\" \/>\n<meta property=\"og:title\" content=\"O arbusto que virou o favorito do paisagismo cl\u00e1ssico porque aceita qualquer formato de poda e n\u00e3o exige regas constantes - UAI Not\u00edcias\" \/>\n<meta property=\"og:description\" content=\"Buxinho \u00e9 ideal para topiaria, mant\u00e9m formas precisas, cresce lentamente e garante jardins elegantes e duradouros\" \/>\n<meta property=\"og:url\" content=\"https:\/\/www.uai.com.br\/uainoticias\/2026\/04\/29\/o-arbusto-que-virou-o-favorito-do-paisagismo-classico-porque-aceita-qualquer-formato-de-poda-e-nao-exige-regas-constantes\/\" \/>\n<meta property=\"og:site_name\" content=\"UAI Not\u00edcias\" \/>\n<meta property=\"article:published_time\" content=\"2026-04-29T22:20:00+00:00\" \/>\n<meta property=\"og:image\" content=\"https:\/\/www.uai.com.br\/uainoticias\/wp-content\/uploads\/2026\/04\/Buxinho-arbusto-1.jpg\" \/>\n\t<meta property=\"og:image:width\" content=\"1280\" \/>\n\t<meta property=\"og:image:height\" content=\"720\" \/>\n\t<meta property=\"og:image:type\" content=\"image\/jpeg\" \/>\n<meta name=\"author\" content=\"Leonardo Nunes\" \/>\n<meta name=\"twitter:card\" content=\"summary_large_image\" \/>\n<meta name=\"twitter:label1\" content=\"Escrito por\" \/>\n\t<meta name=\"twitter:data1\" content=\"Leonardo Nunes\" \/>\n\t<meta name=\"twitter:label2\" content=\"Est. tempo de leitura\" \/>\n\t<meta name=\"twitter:data2\" content=\"5 minutos\" \/>\n<!-- \/ Yoast SEO plugin. -->","yoast_head_json":{"title":"O arbusto que virou o favorito do paisagismo cl\u00e1ssico porque aceita qualquer formato de poda e n\u00e3o exige regas constantes - UAI Not\u00edcias","description":"Buxinho \u00e9 ideal para topiaria, mant\u00e9m formas precisas, cresce lentamente e garante jardins elegantes e duradouros","robots":{"index":"index","follow":"follow","max-snippet":"max-snippet:-1","max-image-preview":"max-image-preview:large","max-video-preview":"max-video-preview:-1"},"canonical":"https:\/\/www.uai.com.br\/uainoticias\/2026\/04\/29\/o-arbusto-que-virou-o-favorito-do-paisagismo-classico-porque-aceita-qualquer-formato-de-poda-e-nao-exige-regas-constantes\/","og_locale":"pt_BR","og_type":"article","og_title":"O arbusto que virou o favorito do paisagismo cl\u00e1ssico porque aceita qualquer formato de poda e n\u00e3o exige regas constantes - UAI Not\u00edcias","og_description":"Buxinho \u00e9 ideal para topiaria, mant\u00e9m formas precisas, cresce lentamente e garante jardins elegantes e duradouros","og_url":"https:\/\/www.uai.com.br\/uainoticias\/2026\/04\/29\/o-arbusto-que-virou-o-favorito-do-paisagismo-classico-porque-aceita-qualquer-formato-de-poda-e-nao-exige-regas-constantes\/","og_site_name":"UAI Not\u00edcias","article_published_time":"2026-04-29T22:20:00+00:00","og_image":[{"width":1280,"height":720,"url":"https:\/\/www.uai.com.br\/uainoticias\/wp-content\/uploads\/2026\/04\/Buxinho-arbusto-1.jpg","type":"image\/jpeg"}],"author":"Leonardo Nunes","twitter_card":"summary_large_image","twitter_misc":{"Escrito por":"Leonardo Nunes","Est. tempo de leitura":"5 minutos"},"schema":{"@context":"https:\/\/schema.org","@graph":[{"@type":"WebPage","@id":"https:\/\/www.uai.com.br\/uainoticias\/2026\/04\/29\/o-arbusto-que-virou-o-favorito-do-paisagismo-classico-porque-aceita-qualquer-formato-de-poda-e-nao-exige-regas-constantes\/","url":"https:\/\/www.uai.com.br\/uainoticias\/2026\/04\/29\/o-arbusto-que-virou-o-favorito-do-paisagismo-classico-porque-aceita-qualquer-formato-de-poda-e-nao-exige-regas-constantes\/","name":"O arbusto que virou o favorito do paisagismo cl\u00e1ssico porque aceita qualquer formato de poda e n\u00e3o exige regas constantes - UAI Not\u00edcias","isPartOf":{"@id":"https:\/\/www.uai.com.br\/uainoticias\/#website"},"primaryImageOfPage":{"@id":"https:\/\/www.uai.com.br\/uainoticias\/2026\/04\/29\/o-arbusto-que-virou-o-favorito-do-paisagismo-classico-porque-aceita-qualquer-formato-de-poda-e-nao-exige-regas-constantes\/#primaryimage"},"image":{"@id":"https:\/\/www.uai.com.br\/uainoticias\/2026\/04\/29\/o-arbusto-que-virou-o-favorito-do-paisagismo-classico-porque-aceita-qualquer-formato-de-poda-e-nao-exige-regas-constantes\/#primaryimage"},"thumbnailUrl":"https:\/\/www.uai.com.br\/uainoticias\/wp-content\/uploads\/2026\/04\/Buxinho-arbusto-1.jpg","datePublished":"2026-04-29T22:20:00+00:00","author":{"@id":"https:\/\/www.uai.com.br\/uainoticias\/#\/schema\/person\/f57cbcb79cae89ff53b4e2a7511676fb"},"description":"Buxinho \u00e9 ideal para topiaria, mant\u00e9m formas precisas, cresce lentamente e garante jardins elegantes e duradouros","breadcrumb":{"@id":"https:\/\/www.uai.com.br\/uainoticias\/2026\/04\/29\/o-arbusto-que-virou-o-favorito-do-paisagismo-classico-porque-aceita-qualquer-formato-de-poda-e-nao-exige-regas-constantes\/#breadcrumb"},"inLanguage":"pt-BR","potentialAction":[{"@type":"ReadAction","target":["https:\/\/www.uai.com.br\/uainoticias\/2026\/04\/29\/o-arbusto-que-virou-o-favorito-do-paisagismo-classico-porque-aceita-qualquer-formato-de-poda-e-nao-exige-regas-constantes\/"]}]},{"@type":"ImageObject","inLanguage":"pt-BR","@id":"https:\/\/www.uai.com.br\/uainoticias\/2026\/04\/29\/o-arbusto-que-virou-o-favorito-do-paisagismo-classico-porque-aceita-qualquer-formato-de-poda-e-nao-exige-regas-constantes\/#primaryimage","url":"https:\/\/www.uai.com.br\/uainoticias\/wp-content\/uploads\/2026\/04\/Buxinho-arbusto-1.jpg","contentUrl":"https:\/\/www.uai.com.br\/uainoticias\/wp-content\/uploads\/2026\/04\/Buxinho-arbusto-1.jpg","width":1280,"height":720,"caption":"Buxinho se destaca no paisagismo pela folhagem densa, f\u00e1cil poda e alta resist\u00eancia para cercas vivas e esculturas - Cr\u00e9ditos: Imagem Ilustrativa"},{"@type":"BreadcrumbList","@id":"https:\/\/www.uai.com.br\/uainoticias\/2026\/04\/29\/o-arbusto-que-virou-o-favorito-do-paisagismo-classico-porque-aceita-qualquer-formato-de-poda-e-nao-exige-regas-constantes\/#breadcrumb","itemListElement":[{"@type":"ListItem","position":1,"name":"In\u00edcio","item":"https:\/\/www.uai.com.br\/uainoticias\/"},{"@type":"ListItem","position":2,"name":"O arbusto que virou o favorito do paisagismo cl\u00e1ssico porque aceita qualquer formato de poda e n\u00e3o exige regas constantes"}]},{"@type":"WebSite","@id":"https:\/\/www.uai.com.br\/uainoticias\/#website","url":"https:\/\/www.uai.com.br\/uainoticias\/","name":"UAI Not\u00edcias","description":"Acompanhe as \u00faltimas not\u00edcias e fique bem informado sobre tudo o que acontece no Brasil e no mundo.","potentialAction":[{"@type":"SearchAction","target":{"@type":"EntryPoint","urlTemplate":"https:\/\/www.uai.com.br\/uainoticias\/?s={search_term_string}"},"query-input":{"@type":"PropertyValueSpecification","valueRequired":true,"valueName":"search_term_string"}}],"inLanguage":"pt-BR"},{"@type":"Person","@id":"https:\/\/www.uai.com.br\/uainoticias\/#\/schema\/person\/f57cbcb79cae89ff53b4e2a7511676fb","name":"Leonardo Nunes","image":{"@type":"ImageObject","inLanguage":"pt-BR","@id":"https:\/\/www.uai.com.br\/uainoticias\/#\/schema\/person\/image\/","url":"https:\/\/secure.gravatar.com\/avatar\/bcbad95ea1da2f5458464789977fbb5ca8a5da4f7f82d946c83505ef5f769a9c?s=96&d=mm&r=g","contentUrl":"https:\/\/secure.gravatar.com\/avatar\/bcbad95ea1da2f5458464789977fbb5ca8a5da4f7f82d946c83505ef5f769a9c?s=96&d=mm&r=g","caption":"Leonardo Nunes"},"sameAs":["https:\/\/www.uai.com.br\/uainoticias\/"],"url":"https:\/\/www.uai.com.br\/uainoticias\/author\/leonardo-nunes\/"}]}},"_links":{"self":[{"href":"https:\/\/www.uai.com.br\/uainoticias\/wp-json\/wp\/v2\/posts\/128326","targetHints":{"allow":["GET"]}}],"collection":[{"href":"https:\/\/www.uai.com.br\/uainoticias\/wp-json\/wp\/v2\/posts"}],"about":[{"href":"https:\/\/www.uai.com.br\/uainoticias\/wp-json\/wp\/v2\/types\/post"}],"author":[{"embeddable":true,"href":"https:\/\/www.uai.com.br\/uainoticias\/wp-json\/wp\/v2\/users\/29"}],"replies":[{"embeddable":true,"href":"https:\/\/www.uai.com.br\/uainoticias\/wp-json\/wp\/v2\/comments?post=128326"}],"version-history":[{"count":2,"href":"https:\/\/www.uai.com.br\/uainoticias\/wp-json\/wp\/v2\/posts\/128326\/revisions"}],"predecessor-version":[{"id":128356,"href":"https:\/\/www.uai.com.br\/uainoticias\/wp-json\/wp\/v2\/posts\/128326\/revisions\/128356"}],"wp:featuredmedia":[{"embeddable":true,"href":"https:\/\/www.uai.com.br\/uainoticias\/wp-json\/wp\/v2\/media\/128351"}],"wp:attachment":[{"href":"https:\/\/www.uai.com.br\/uainoticias\/wp-json\/wp\/v2\/media?parent=128326"}],"wp:term":[{"taxonomy":"category","embeddable":true,"href":"https:\/\/www.uai.com.br\/uainoticias\/wp-json\/wp\/v2\/categories?post=128326"},{"taxonomy":"post_tag","embeddable":true,"href":"https:\/\/www.uai.com.br\/uainoticias\/wp-json\/wp\/v2\/tags?post=128326"}],"curies":[{"name":"wp","href":"https:\/\/api.w.org\/{rel}","templated":true}]}}