{"id":128325,"date":"2026-04-29T07:20:00","date_gmt":"2026-04-29T10:20:00","guid":{"rendered":"https:\/\/www.uai.com.br\/uainoticias\/?p=128325"},"modified":"2026-04-28T16:43:22","modified_gmt":"2026-04-28T19:43:22","slug":"a-fruta-azeda-dos-doces-que-marcou-a-infancia-dos-nossos-pais-e-pode-ser-cultivada-a-partir-de-sementes-no-seu-jardim","status":"publish","type":"post","link":"https:\/\/www.uai.com.br\/uainoticias\/2026\/04\/29\/a-fruta-azeda-dos-doces-que-marcou-a-infancia-dos-nossos-pais-e-pode-ser-cultivada-a-partir-de-sementes-no-seu-jardim\/","title":{"rendered":"A fruta azeda dos doces que marcou a inf\u00e2ncia dos nossos pais e pode ser cultivada a partir de sementes no seu jardim"},"content":{"rendered":"\n<p>O tamarindo \u00e9 uma \u00e1rvore majestosa que evoca mem\u00f3rias afetivas atrav\u00e9s de seus frutos de sabor agridoce inconfund\u00edvel. Cultivar essa esp\u00e9cie a partir de sementes \u00e9 um processo gratificante que permite introduzir um elemento de longevidade e sombra generosa ao seu jardim.<\/p>\n\n\n\n<h2 class=\"wp-block-heading\">Por que o tamarindo \u00e9 uma esp\u00e9cie ideal para o clima do Brasil?<\/h2>\n\n\n\n<p>Origin\u00e1rio de regi\u00f5es tropicais, o tamarindeiro se adaptou perfeitamente \u00e0s condi\u00e7\u00f5es t\u00e9rmicas das terras brasileiras devido \u00e0 sua alta resist\u00eancia \u00e0 seca. Sua estrutura robusta permite que a \u00e1rvore prospere mesmo em solos com baixa fertilidade, desde que haja incid\u00eancia solar direta.<\/p>\n\n\n\n<p>Al\u00e9m do valor gastron\u00f4mico, a \u00e1rvore possui propriedades ornamentais com sua copa densa e folhas delicadas que se fecham ao anoitecer. O cultivo dom\u00e9stico garante o acesso a um fruto org\u00e2nico, livre de conservantes, ideal para o preparo de sucos, doces e molhos sofisticados.<\/p>\n\n\n\n<figure class=\"wp-block-image size-large\"><img decoding=\"async\" width=\"1024\" height=\"576\" src=\"https:\/\/www.uai.com.br\/uainoticias\/wp-content\/uploads\/2026\/04\/Tamarindo-2-1024x576.jpg\" alt=\"\" class=\"wp-image-128331\" srcset=\"https:\/\/www.uai.com.br\/uainoticias\/wp-content\/uploads\/2026\/04\/Tamarindo-2-1024x576.jpg 1024w, https:\/\/www.uai.com.br\/uainoticias\/wp-content\/uploads\/2026\/04\/Tamarindo-2-300x169.jpg 300w, https:\/\/www.uai.com.br\/uainoticias\/wp-content\/uploads\/2026\/04\/Tamarindo-2-768x432.jpg 768w, https:\/\/www.uai.com.br\/uainoticias\/wp-content\/uploads\/2026\/04\/Tamarindo-2-750x422.jpg 750w, https:\/\/www.uai.com.br\/uainoticias\/wp-content\/uploads\/2026\/04\/Tamarindo-2-1140x641.jpg 1140w, https:\/\/www.uai.com.br\/uainoticias\/wp-content\/uploads\/2026\/04\/Tamarindo-2.jpg 1280w\" sizes=\"(max-width: 1024px) 100vw, 1024px\" \/><figcaption class=\"wp-element-caption\">Tamarindeiro cresce bem no Brasil, resiste \u00e0 seca e produz frutos ap\u00f3s anos com manejo correto e sol pleno direto\n &#8211; Cr\u00e9ditos: Imagem Ilustrativa<\/figcaption><\/figure>\n\n\n\n<p>Leia tamb\u00e9m: <strong><a href=\"https:\/\/www.uai.com.br\/uainoticias\/2026\/03\/12\/sem-fertilizantes-ou-podas-o-truque-simples-de-jardinagem-para-evitar-que-as-plantas-de-interior-murchem\/\" target=\"_blank\" rel=\"noreferrer noopener\">Sem fertilizantes ou podas: o truque simples de jardinagem para evitar que as plantas de interior murchem<\/a><\/strong><\/p>\n\n\n\n<h2 class=\"wp-block-heading\">Quais s\u00e3o as etapas t\u00e9cnicas para germinar a semente de tamarindo?<\/h2>\n\n\n\n<p>O sucesso da germina\u00e7\u00e3o depende da quebra de dorm\u00eancia da semente, que possui um tegumento extremamente r\u00edgido e imperme\u00e1vel. Sem esse tratamento inicial, o embri\u00e3o pode levar meses para despertar ou acabar apodrecendo no substrato antes de emergir.<\/p>\n\n\n\n<p>Abaixo, apresentamos os dados t\u00e9cnicos para realizar o procedimento de prepara\u00e7\u00e3o e semeio de forma eficiente para garantir o nascimento de uma muda vigorosa em sua resid\u00eancia:<\/p>\n\n\n\n<figure class=\"wp-block-image size-large\"><img decoding=\"async\" width=\"1024\" height=\"374\" src=\"https:\/\/www.uai.com.br\/uainoticias\/wp-content\/uploads\/2026\/04\/Tamarindo-tabela-1024x374.jpg\" alt=\"\" class=\"wp-image-128327\" srcset=\"https:\/\/www.uai.com.br\/uainoticias\/wp-content\/uploads\/2026\/04\/Tamarindo-tabela-1024x374.jpg 1024w, https:\/\/www.uai.com.br\/uainoticias\/wp-content\/uploads\/2026\/04\/Tamarindo-tabela-300x109.jpg 300w, https:\/\/www.uai.com.br\/uainoticias\/wp-content\/uploads\/2026\/04\/Tamarindo-tabela-768x280.jpg 768w, https:\/\/www.uai.com.br\/uainoticias\/wp-content\/uploads\/2026\/04\/Tamarindo-tabela-750x274.jpg 750w, https:\/\/www.uai.com.br\/uainoticias\/wp-content\/uploads\/2026\/04\/Tamarindo-tabela-1140x416.jpg 1140w, https:\/\/www.uai.com.br\/uainoticias\/wp-content\/uploads\/2026\/04\/Tamarindo-tabela.jpg 1280w\" sizes=\"(max-width: 1024px) 100vw, 1024px\" \/><\/figure>\n\n\n\n<h2 class=\"wp-block-heading\">Qual o substrato mais indicado para o desenvolvimento inicial da muda?<\/h2>\n\n\n\n<p>O tamarindo exige um solo que ofere\u00e7a boa drenagem para evitar o apodrecimento das ra\u00edzes prim\u00e1rias durante a fase de crescimento em vasos. Uma mistura de terra vegetal com areia grossa e composto org\u00e2nico fornece os nutrientes e a porosidade necess\u00e1rios.<\/p>\n\n\n\n<p>Para garantir que a planta jovem se desenvolva com sa\u00fade e firmeza em seu jardim, siga estas recomenda\u00e7\u00f5es t\u00e9cnicas de manejo nas primeiras semanas de vida:<\/p>\n\n\n\n<ul class=\"wp-block-list\">\n<li>Mantenha o substrato sempre \u00famido, mas nunca encharcado, para estimular a raiz.<\/li>\n\n\n\n<li>Coloque o vaso em local com luz solar indireta at\u00e9 que a muda atinja dez cent\u00edmetros.<\/li>\n\n\n\n<li>Utilize recipientes profundos para acomodar a raiz pivotante que cresce rapidamente.<\/li>\n\n\n\n<li>Adicione h\u00famus de minhoca mensalmente para fortalecer o sistema imunol\u00f3gico da planta.<\/li>\n<\/ul>\n\n\n\n<p>Leia tamb\u00e9m: <strong><a href=\"https:\/\/www.uai.com.br\/uainoticias\/2026\/03\/14\/a-planta-quase-impossivel-de-matar-que-virou-queridinha-de-quem-comeca-na-jardinagem\/\" target=\"_blank\" rel=\"noreferrer noopener\">A planta quase imposs\u00edvel de matar que virou queridinha de quem come\u00e7a na jardinagem<\/a><\/strong><\/p>\n\n\n\n<h2 class=\"wp-block-heading\">Quanto tempo demora para o tamarindeiro come\u00e7ar a produzir frutos?<\/h2>\n\n\n\n<p>Por ser uma \u00e1rvore de crescimento moderado a lento, a produ\u00e7\u00e3o de frutos a partir de sementes costuma iniciar entre o s\u00e9timo e o d\u00e9cimo ano. No entanto, o vigor da planta e as condi\u00e7\u00f5es de nutri\u00e7\u00e3o do solo podem antecipar esse ciclo produtivo.<\/p>\n\n\n\n<p>A flora\u00e7\u00e3o ocorre geralmente durante o ver\u00e3o, resultando em vagens alongadas que amadurecem no outono. A colheita deve ser feita quando a casca externa se torna quebradi\u00e7a e a polpa interna atinge a colora\u00e7\u00e3o marrom caracter\u00edstica e o sabor equilibrado.<\/p>\n\n\n\n<p>Assista ao v\u00eddeo do canal <strong>KARLOS A.L OFICIAL<\/strong>, que conta com <strong>18,8 mil <\/strong>inscritos. O v\u00eddeo ensina o passo a passo de como plantar sementes de <strong>tamarindo<\/strong>, demonstrando uma t\u00e9cnica de germina\u00e7\u00e3o r\u00e1pida que permite ver os primeiros resultados em menos de 15 dias, al\u00e9m de orientar sobre os cuidados iniciais com a muda:<\/p>\n\n\n\n<figure class=\"wp-block-embed is-type-video is-provider-youtube wp-block-embed-youtube wp-embed-aspect-16-9 wp-has-aspect-ratio\"><div class=\"wp-block-embed__wrapper\">\n<div class=\"jeg_video_container jeg_video_content\"><iframe loading=\"lazy\" title=\"COMO PLANTAR TAMARINDO Por Semente Em Menos de 15 Dias Passo a Passo\" width=\"500\" height=\"281\" src=\"https:\/\/www.youtube.com\/embed\/GWcS6HCi3PI?feature=oembed\" frameborder=\"0\" allow=\"accelerometer; autoplay; clipboard-write; encrypted-media; gyroscope; picture-in-picture; web-share\" referrerpolicy=\"strict-origin-when-cross-origin\" allowfullscreen><\/iframe><\/div>\n<\/div><\/figure>\n\n\n\n<h2 class=\"wp-block-heading\">Como realizar a poda de condu\u00e7\u00e3o para manter a \u00e1rvore saud\u00e1vel?<\/h2>\n\n\n\n<p>A poda \u00e9 fundamental nos primeiros anos para definir a arquitetura da copa e eliminar galhos secos ou mal posicionados. Remover os brotos que surgem na base do tronco ajuda a direcionar a energia da planta para o crescimento vertical e a frutifica\u00e7\u00e3o.<\/p>\n\n\n\n<p>Manter a \u00e1rea sob a copa livre de ervas daninhas reduz a competi\u00e7\u00e3o por nutrientes e melhora a ventila\u00e7\u00e3o do solo. Com esses cuidados t\u00e9cnicos, o tamarindeiro se tornar\u00e1 um patrim\u00f4nio vivo no seu jardim, produzindo frutos deliciosos para as pr\u00f3ximas gera\u00e7\u00f5es.<\/p>\n","protected":false},"excerpt":{"rendered":"<p>O tamarindo \u00e9 uma \u00e1rvore majestosa que evoca mem\u00f3rias afetivas atrav\u00e9s de seus frutos de sabor agridoce inconfund\u00edvel. Cultivar essa esp\u00e9cie a partir de sementes \u00e9 um processo gratificante que permite introduzir um elemento de longevidade e sombra generosa ao seu jardim. Por que o tamarindo \u00e9 uma esp\u00e9cie ideal para o clima do Brasil? [&hellip;]<\/p>\n","protected":false},"author":29,"featured_media":128330,"comment_status":"open","ping_status":"open","sticky":false,"template":"","format":"standard","meta":{"jnews-multi-image_gallery":[],"jnews_single_post":{"format":"standard"},"jnews_primary_category":[],"jnews_social_meta":[],"jnews_override_counter":[],"footnotes":""},"categories":[11599],"tags":[1022,3075,23586],"class_list":["post-128325","post","type-post","status-publish","format-standard","has-post-thumbnail","hentry","category-jardinagem","tag-fruta","tag-plantar","tag-tamarindo"],"yoast_head":"<!-- This site is optimized with the Yoast SEO plugin v26.5 - https:\/\/yoast.com\/wordpress\/plugins\/seo\/ -->\n<title>A fruta azeda dos doces que marcou a inf\u00e2ncia dos nossos pais e pode ser cultivada a partir de sementes no seu jardim - UAI Not\u00edcias<\/title>\n<meta name=\"description\" content=\"Como plantar tamarindo em casa com sementes, germina\u00e7\u00e3o correta e cultivo saud\u00e1vel em clima tropical brasileiro\" \/>\n<meta name=\"robots\" content=\"index, follow, max-snippet:-1, max-image-preview:large, max-video-preview:-1\" \/>\n<link rel=\"canonical\" href=\"https:\/\/www.uai.com.br\/uainoticias\/2026\/04\/29\/a-fruta-azeda-dos-doces-que-marcou-a-infancia-dos-nossos-pais-e-pode-ser-cultivada-a-partir-de-sementes-no-seu-jardim\/\" \/>\n<meta property=\"og:locale\" content=\"pt_BR\" \/>\n<meta property=\"og:type\" content=\"article\" \/>\n<meta property=\"og:title\" content=\"A fruta azeda dos doces que marcou a inf\u00e2ncia dos nossos pais e pode ser cultivada a partir de sementes no seu jardim - UAI Not\u00edcias\" \/>\n<meta property=\"og:description\" content=\"Como plantar tamarindo em casa com sementes, germina\u00e7\u00e3o correta e cultivo saud\u00e1vel em clima tropical brasileiro\" \/>\n<meta property=\"og:url\" content=\"https:\/\/www.uai.com.br\/uainoticias\/2026\/04\/29\/a-fruta-azeda-dos-doces-que-marcou-a-infancia-dos-nossos-pais-e-pode-ser-cultivada-a-partir-de-sementes-no-seu-jardim\/\" \/>\n<meta property=\"og:site_name\" content=\"UAI Not\u00edcias\" \/>\n<meta property=\"article:published_time\" content=\"2026-04-29T10:20:00+00:00\" \/>\n<meta property=\"og:image\" content=\"https:\/\/www.uai.com.br\/uainoticias\/wp-content\/uploads\/2026\/04\/Tamarindo-1.jpg\" \/>\n\t<meta property=\"og:image:width\" content=\"1280\" \/>\n\t<meta property=\"og:image:height\" content=\"720\" \/>\n\t<meta property=\"og:image:type\" content=\"image\/jpeg\" \/>\n<meta name=\"author\" content=\"Leonardo Nunes\" \/>\n<meta name=\"twitter:card\" content=\"summary_large_image\" \/>\n<meta name=\"twitter:label1\" content=\"Escrito por\" \/>\n\t<meta name=\"twitter:data1\" content=\"Leonardo Nunes\" \/>\n\t<meta name=\"twitter:label2\" content=\"Est. tempo de leitura\" \/>\n\t<meta name=\"twitter:data2\" content=\"5 minutos\" \/>\n<!-- \/ Yoast SEO plugin. -->","yoast_head_json":{"title":"A fruta azeda dos doces que marcou a inf\u00e2ncia dos nossos pais e pode ser cultivada a partir de sementes no seu jardim - UAI Not\u00edcias","description":"Como plantar tamarindo em casa com sementes, germina\u00e7\u00e3o correta e cultivo saud\u00e1vel em clima tropical brasileiro","robots":{"index":"index","follow":"follow","max-snippet":"max-snippet:-1","max-image-preview":"max-image-preview:large","max-video-preview":"max-video-preview:-1"},"canonical":"https:\/\/www.uai.com.br\/uainoticias\/2026\/04\/29\/a-fruta-azeda-dos-doces-que-marcou-a-infancia-dos-nossos-pais-e-pode-ser-cultivada-a-partir-de-sementes-no-seu-jardim\/","og_locale":"pt_BR","og_type":"article","og_title":"A fruta azeda dos doces que marcou a inf\u00e2ncia dos nossos pais e pode ser cultivada a partir de sementes no seu jardim - UAI Not\u00edcias","og_description":"Como plantar tamarindo em casa com sementes, germina\u00e7\u00e3o correta e cultivo saud\u00e1vel em clima tropical brasileiro","og_url":"https:\/\/www.uai.com.br\/uainoticias\/2026\/04\/29\/a-fruta-azeda-dos-doces-que-marcou-a-infancia-dos-nossos-pais-e-pode-ser-cultivada-a-partir-de-sementes-no-seu-jardim\/","og_site_name":"UAI Not\u00edcias","article_published_time":"2026-04-29T10:20:00+00:00","og_image":[{"width":1280,"height":720,"url":"https:\/\/www.uai.com.br\/uainoticias\/wp-content\/uploads\/2026\/04\/Tamarindo-1.jpg","type":"image\/jpeg"}],"author":"Leonardo Nunes","twitter_card":"summary_large_image","twitter_misc":{"Escrito por":"Leonardo Nunes","Est. tempo de leitura":"5 minutos"},"schema":{"@context":"https:\/\/schema.org","@graph":[{"@type":"WebPage","@id":"https:\/\/www.uai.com.br\/uainoticias\/2026\/04\/29\/a-fruta-azeda-dos-doces-que-marcou-a-infancia-dos-nossos-pais-e-pode-ser-cultivada-a-partir-de-sementes-no-seu-jardim\/","url":"https:\/\/www.uai.com.br\/uainoticias\/2026\/04\/29\/a-fruta-azeda-dos-doces-que-marcou-a-infancia-dos-nossos-pais-e-pode-ser-cultivada-a-partir-de-sementes-no-seu-jardim\/","name":"A fruta azeda dos doces que marcou a inf\u00e2ncia dos nossos pais e pode ser cultivada a partir de sementes no seu jardim - UAI Not\u00edcias","isPartOf":{"@id":"https:\/\/www.uai.com.br\/uainoticias\/#website"},"primaryImageOfPage":{"@id":"https:\/\/www.uai.com.br\/uainoticias\/2026\/04\/29\/a-fruta-azeda-dos-doces-que-marcou-a-infancia-dos-nossos-pais-e-pode-ser-cultivada-a-partir-de-sementes-no-seu-jardim\/#primaryimage"},"image":{"@id":"https:\/\/www.uai.com.br\/uainoticias\/2026\/04\/29\/a-fruta-azeda-dos-doces-que-marcou-a-infancia-dos-nossos-pais-e-pode-ser-cultivada-a-partir-de-sementes-no-seu-jardim\/#primaryimage"},"thumbnailUrl":"https:\/\/www.uai.com.br\/uainoticias\/wp-content\/uploads\/2026\/04\/Tamarindo-1.jpg","datePublished":"2026-04-29T10:20:00+00:00","author":{"@id":"https:\/\/www.uai.com.br\/uainoticias\/#\/schema\/person\/f57cbcb79cae89ff53b4e2a7511676fb"},"description":"Como plantar tamarindo em casa com sementes, germina\u00e7\u00e3o correta e cultivo saud\u00e1vel em clima tropical brasileiro","breadcrumb":{"@id":"https:\/\/www.uai.com.br\/uainoticias\/2026\/04\/29\/a-fruta-azeda-dos-doces-que-marcou-a-infancia-dos-nossos-pais-e-pode-ser-cultivada-a-partir-de-sementes-no-seu-jardim\/#breadcrumb"},"inLanguage":"pt-BR","potentialAction":[{"@type":"ReadAction","target":["https:\/\/www.uai.com.br\/uainoticias\/2026\/04\/29\/a-fruta-azeda-dos-doces-que-marcou-a-infancia-dos-nossos-pais-e-pode-ser-cultivada-a-partir-de-sementes-no-seu-jardim\/"]}]},{"@type":"ImageObject","inLanguage":"pt-BR","@id":"https:\/\/www.uai.com.br\/uainoticias\/2026\/04\/29\/a-fruta-azeda-dos-doces-que-marcou-a-infancia-dos-nossos-pais-e-pode-ser-cultivada-a-partir-de-sementes-no-seu-jardim\/#primaryimage","url":"https:\/\/www.uai.com.br\/uainoticias\/wp-content\/uploads\/2026\/04\/Tamarindo-1.jpg","contentUrl":"https:\/\/www.uai.com.br\/uainoticias\/wp-content\/uploads\/2026\/04\/Tamarindo-1.jpg","width":1280,"height":720,"caption":"Germinar tamarindo exige escarifica\u00e7\u00e3o, hidrata\u00e7\u00e3o e solo drenado para garantir mudas fortes e crescimento saud\u00e1vel - Cr\u00e9ditos: Imagem Ilustrativa"},{"@type":"BreadcrumbList","@id":"https:\/\/www.uai.com.br\/uainoticias\/2026\/04\/29\/a-fruta-azeda-dos-doces-que-marcou-a-infancia-dos-nossos-pais-e-pode-ser-cultivada-a-partir-de-sementes-no-seu-jardim\/#breadcrumb","itemListElement":[{"@type":"ListItem","position":1,"name":"In\u00edcio","item":"https:\/\/www.uai.com.br\/uainoticias\/"},{"@type":"ListItem","position":2,"name":"A fruta azeda dos doces que marcou a inf\u00e2ncia dos nossos pais e pode ser cultivada a partir de sementes no seu jardim"}]},{"@type":"WebSite","@id":"https:\/\/www.uai.com.br\/uainoticias\/#website","url":"https:\/\/www.uai.com.br\/uainoticias\/","name":"UAI Not\u00edcias","description":"Acompanhe as \u00faltimas not\u00edcias e fique bem informado sobre tudo o que acontece no Brasil e no mundo.","potentialAction":[{"@type":"SearchAction","target":{"@type":"EntryPoint","urlTemplate":"https:\/\/www.uai.com.br\/uainoticias\/?s={search_term_string}"},"query-input":{"@type":"PropertyValueSpecification","valueRequired":true,"valueName":"search_term_string"}}],"inLanguage":"pt-BR"},{"@type":"Person","@id":"https:\/\/www.uai.com.br\/uainoticias\/#\/schema\/person\/f57cbcb79cae89ff53b4e2a7511676fb","name":"Leonardo Nunes","image":{"@type":"ImageObject","inLanguage":"pt-BR","@id":"https:\/\/www.uai.com.br\/uainoticias\/#\/schema\/person\/image\/","url":"https:\/\/secure.gravatar.com\/avatar\/bcbad95ea1da2f5458464789977fbb5ca8a5da4f7f82d946c83505ef5f769a9c?s=96&d=mm&r=g","contentUrl":"https:\/\/secure.gravatar.com\/avatar\/bcbad95ea1da2f5458464789977fbb5ca8a5da4f7f82d946c83505ef5f769a9c?s=96&d=mm&r=g","caption":"Leonardo Nunes"},"sameAs":["https:\/\/www.uai.com.br\/uainoticias\/"],"url":"https:\/\/www.uai.com.br\/uainoticias\/author\/leonardo-nunes\/"}]}},"_links":{"self":[{"href":"https:\/\/www.uai.com.br\/uainoticias\/wp-json\/wp\/v2\/posts\/128325","targetHints":{"allow":["GET"]}}],"collection":[{"href":"https:\/\/www.uai.com.br\/uainoticias\/wp-json\/wp\/v2\/posts"}],"about":[{"href":"https:\/\/www.uai.com.br\/uainoticias\/wp-json\/wp\/v2\/types\/post"}],"author":[{"embeddable":true,"href":"https:\/\/www.uai.com.br\/uainoticias\/wp-json\/wp\/v2\/users\/29"}],"replies":[{"embeddable":true,"href":"https:\/\/www.uai.com.br\/uainoticias\/wp-json\/wp\/v2\/comments?post=128325"}],"version-history":[{"count":2,"href":"https:\/\/www.uai.com.br\/uainoticias\/wp-json\/wp\/v2\/posts\/128325\/revisions"}],"predecessor-version":[{"id":128339,"href":"https:\/\/www.uai.com.br\/uainoticias\/wp-json\/wp\/v2\/posts\/128325\/revisions\/128339"}],"wp:featuredmedia":[{"embeddable":true,"href":"https:\/\/www.uai.com.br\/uainoticias\/wp-json\/wp\/v2\/media\/128330"}],"wp:attachment":[{"href":"https:\/\/www.uai.com.br\/uainoticias\/wp-json\/wp\/v2\/media?parent=128325"}],"wp:term":[{"taxonomy":"category","embeddable":true,"href":"https:\/\/www.uai.com.br\/uainoticias\/wp-json\/wp\/v2\/categories?post=128325"},{"taxonomy":"post_tag","embeddable":true,"href":"https:\/\/www.uai.com.br\/uainoticias\/wp-json\/wp\/v2\/tags?post=128325"}],"curies":[{"name":"wp","href":"https:\/\/api.w.org\/{rel}","templated":true}]}}