{"id":128267,"date":"2026-04-29T08:20:00","date_gmt":"2026-04-29T11:20:00","guid":{"rendered":"https:\/\/www.uai.com.br\/uainoticias\/?p=128267"},"modified":"2026-04-28T16:15:29","modified_gmt":"2026-04-28T19:15:29","slug":"o-micro-ondas-gigante-sobre-a-bancada-esta-com-os-dias-contados-conheca-a-torre-quente-que-otimiza-o-espaco-da-cozinha","status":"publish","type":"post","link":"https:\/\/www.uai.com.br\/uainoticias\/2026\/04\/29\/o-micro-ondas-gigante-sobre-a-bancada-esta-com-os-dias-contados-conheca-a-torre-quente-que-otimiza-o-espaco-da-cozinha\/","title":{"rendered":"O micro-ondas gigante sobre a bancada est\u00e1 com os dias contados: conhe\u00e7a a torre quente que otimiza o espa\u00e7o da cozinha"},"content":{"rendered":"\n<p>A substitui\u00e7\u00e3o de eletrodom\u00e9sticos robustos por solu\u00e7\u00f5es planejadas est\u00e1 transformando a ergonomia das cozinhas modernas no <strong>Brasil<\/strong>. A torre quente surge como a principal alternativa para otimizar bancadas sobrecarregadas.<\/p>\n\n\n\n<h2 class=\"wp-block-heading\">Por que a torre quente \u00e9 a melhor solu\u00e7\u00e3o para cozinhas pequenas?<\/h2>\n\n\n\n<p>O uso de m\u00f3dulos verticais permite que fornos e micro-ondas sejam acomodados sem ocupar o espa\u00e7o de preparo das refei\u00e7\u00f5es. Essa estrat\u00e9gia arquitet\u00f4nica libera \u00e1reas de trabalho essenciais para o cotidiano.<\/p>\n\n\n\n<p>A organiza\u00e7\u00e3o em coluna facilita o fluxo de atividades e cria um visual muito mais limpo e sofisticado no ambiente. Projetos que seguem as normas da <strong>ABNT<\/strong> garantem a seguran\u00e7a dos m\u00f3veis planejados.<\/p>\n\n\n\n<figure class=\"wp-block-image size-large\"><img decoding=\"async\" width=\"1024\" height=\"576\" src=\"https:\/\/www.uai.com.br\/uainoticias\/wp-content\/uploads\/2026\/04\/Eletrodomesticos-robustos-2-1024x576.jpg\" alt=\"\" class=\"wp-image-128298\" srcset=\"https:\/\/www.uai.com.br\/uainoticias\/wp-content\/uploads\/2026\/04\/Eletrodomesticos-robustos-2-1024x576.jpg 1024w, https:\/\/www.uai.com.br\/uainoticias\/wp-content\/uploads\/2026\/04\/Eletrodomesticos-robustos-2-300x169.jpg 300w, https:\/\/www.uai.com.br\/uainoticias\/wp-content\/uploads\/2026\/04\/Eletrodomesticos-robustos-2-768x432.jpg 768w, https:\/\/www.uai.com.br\/uainoticias\/wp-content\/uploads\/2026\/04\/Eletrodomesticos-robustos-2-750x422.jpg 750w, https:\/\/www.uai.com.br\/uainoticias\/wp-content\/uploads\/2026\/04\/Eletrodomesticos-robustos-2-1140x641.jpg 1140w, https:\/\/www.uai.com.br\/uainoticias\/wp-content\/uploads\/2026\/04\/Eletrodomesticos-robustos-2.jpg 1280w\" sizes=\"(max-width: 1024px) 100vw, 1024px\" \/><figcaption class=\"wp-element-caption\">Medidas corretas da torre quente garantem ventila\u00e7\u00e3o, seguran\u00e7a e encaixe perfeito de forno e micro-ondas embutidos &#8211; Cr\u00e9ditos: Imagem Ilustrativa<\/figcaption><\/figure>\n\n\n\n<p>Leia tamb\u00e9m: <strong><a href=\"https:\/\/www.uai.com.br\/uainoticias\/2026\/04\/28\/adeus-ao-lustre-de-cristal-na-sala-de-jantar-as-tendencias-minimalistas-que-vao-dominar-em-2026\/\" target=\"_blank\" rel=\"noreferrer noopener\">Adeus ao lustre de cristal na sala de jantar: as tend\u00eancias minimalistas que v\u00e3o dominar em 2026<\/a><\/strong><\/p>\n\n\n\n<h2 class=\"wp-block-heading\">Quais s\u00e3o as dimens\u00f5es ideais para instalar uma torre quente funcional?<\/h2>\n\n\n\n<p>O planejamento t\u00e9cnico de uma marcenaria eficiente exige que as medidas internas sejam rigorosamente respeitadas para garantir a ventila\u00e7\u00e3o adequada dos aparelhos embutidos. \u00c9 fundamental considerar o calor gerado por equipamentos de marcas como <strong>Brastemp<\/strong> para evitar danos permanentes aos m\u00f3dulos de madeira.<\/p>\n\n\n\n<p>Confira os par\u00e2metros t\u00e9cnicos recomendados para garantir que sua cozinha planejada tenha o melhor aproveitamento de espa\u00e7o poss\u00edvel dentro de sua resid\u00eancia:<\/p>\n\n\n\n<figure class=\"wp-block-image size-large\"><img decoding=\"async\" width=\"1024\" height=\"374\" src=\"https:\/\/www.uai.com.br\/uainoticias\/wp-content\/uploads\/2026\/04\/Eletrodomesticos-robustos-tabela-1024x374.jpg\" alt=\"\" class=\"wp-image-128275\" srcset=\"https:\/\/www.uai.com.br\/uainoticias\/wp-content\/uploads\/2026\/04\/Eletrodomesticos-robustos-tabela-1024x374.jpg 1024w, https:\/\/www.uai.com.br\/uainoticias\/wp-content\/uploads\/2026\/04\/Eletrodomesticos-robustos-tabela-300x109.jpg 300w, https:\/\/www.uai.com.br\/uainoticias\/wp-content\/uploads\/2026\/04\/Eletrodomesticos-robustos-tabela-768x280.jpg 768w, https:\/\/www.uai.com.br\/uainoticias\/wp-content\/uploads\/2026\/04\/Eletrodomesticos-robustos-tabela-750x274.jpg 750w, https:\/\/www.uai.com.br\/uainoticias\/wp-content\/uploads\/2026\/04\/Eletrodomesticos-robustos-tabela-1140x416.jpg 1140w, https:\/\/www.uai.com.br\/uainoticias\/wp-content\/uploads\/2026\/04\/Eletrodomesticos-robustos-tabela.jpg 1280w\" sizes=\"(max-width: 1024px) 100vw, 1024px\" \/><\/figure>\n\n\n\n<h2 class=\"wp-block-heading\">Como organizar os aparelhos dentro da estrutura vertical de forma ergon\u00f4mica?<\/h2>\n\n\n\n<p>A altura de instala\u00e7\u00e3o de cada equipamento deve considerar a linha de vis\u00e3o e o alcance confort\u00e1vel dos bra\u00e7os para evitar acidentes com pratos quentes. Posicionar o micro-ondas acima do forno el\u00e9trico \u00e9 a configura\u00e7\u00e3o mais comum e pr\u00e1tica encontrada no mercado brasileiro para facilitar o uso de aparelhos da <strong>Samsung<\/strong> ou <strong>LG<\/strong>.<\/p>\n\n\n\n<p>Veja os pontos cruciais para definir o posicionamento dos eletrodom\u00e9sticos e garantir a m\u00e1xima praticidade durante o uso di\u00e1rio em sua cozinha planejada:<\/p>\n\n\n\n<ul class=\"wp-block-list\">\n<li>Instale o forno principal na altura do tronco para facilitar o manuseio de bandejas pesadas.<\/li>\n\n\n\n<li>Mantenha um nicho superior para o micro-ondas para liberar totalmente a vis\u00e3o da bancada.<\/li>\n\n\n\n<li>Preveja tomadas independentes para evitar a sobrecarga indesejada da rede el\u00e9trica residencial.<\/li>\n\n\n\n<li>Deixe um espa\u00e7o de respiro lateral para prolongar a vida \u00fatil de todos os componentes.<\/li>\n<\/ul>\n\n\n\n<h2 class=\"wp-block-heading\">Quais materiais s\u00e3o recomendados para suportar o calor dos eletrodom\u00e9sticos?<\/h2>\n\n\n\n<p>A utiliza\u00e7\u00e3o de <strong>MDF<\/strong> com revestimento resistente a altas temperaturas \u00e9 fundamental para evitar o empenamento das chapas ao longo do tempo. O calor constante exige materiais que suportem o uso intenso.<\/p>\n\n\n\n<p>Pain\u00e9is com certifica\u00e7\u00e3o de qualidade garantem que a estrutura n\u00e3o sofra danos mesmo com o uso frequente de fornos potentes. O acabamento correto protege a est\u00e9tica do m\u00f3vel por muitos anos.<\/p>\n\n\n\n<figure class=\"wp-block-image size-large\"><img decoding=\"async\" width=\"1024\" height=\"576\" src=\"https:\/\/www.uai.com.br\/uainoticias\/wp-content\/uploads\/2026\/04\/Eletrodomesticos-robustos-3-1024x576.jpg\" alt=\"\" class=\"wp-image-128299\" srcset=\"https:\/\/www.uai.com.br\/uainoticias\/wp-content\/uploads\/2026\/04\/Eletrodomesticos-robustos-3-1024x576.jpg 1024w, https:\/\/www.uai.com.br\/uainoticias\/wp-content\/uploads\/2026\/04\/Eletrodomesticos-robustos-3-300x169.jpg 300w, https:\/\/www.uai.com.br\/uainoticias\/wp-content\/uploads\/2026\/04\/Eletrodomesticos-robustos-3-768x432.jpg 768w, https:\/\/www.uai.com.br\/uainoticias\/wp-content\/uploads\/2026\/04\/Eletrodomesticos-robustos-3-750x422.jpg 750w, https:\/\/www.uai.com.br\/uainoticias\/wp-content\/uploads\/2026\/04\/Eletrodomesticos-robustos-3-1140x641.jpg 1140w, https:\/\/www.uai.com.br\/uainoticias\/wp-content\/uploads\/2026\/04\/Eletrodomesticos-robustos-3.jpg 1280w\" sizes=\"(max-width: 1024px) 100vw, 1024px\" \/><figcaption class=\"wp-element-caption\">Organiza\u00e7\u00e3o ergon\u00f4mica na torre quente facilita uso di\u00e1rio, evita riscos e melhora o desempenho dos aparelhos &#8211; Cr\u00e9ditos: Imagem Ilustrativa<\/figcaption><\/figure>\n\n\n\n<p>Leia tamb\u00e9m: <strong><a href=\"https:\/\/www.uai.com.br\/uainoticias\/2026\/04\/28\/enrolar-um-pano-com-vinagre-no-bocal-do-chuveiro-a-noite-um-truque-inteligente-para-desentupir-os-furos-dagua\/\" target=\"_blank\" rel=\"noreferrer noopener\">Enrolar um pano com vinagre no bocal do chuveiro \u00e0 noite: um truque inteligente para desentupir os furos d&#8217;\u00e1gua<\/a><\/strong><\/p>\n\n\n\n<h2 class=\"wp-block-heading\">Como a torre quente valoriza o im\u00f3vel no mercado imobili\u00e1rio?<\/h2>\n\n\n\n<p>Cozinhas bem equipadas e organizadas s\u00e3o pontos de destaque em avalia\u00e7\u00f5es de propriedades residenciais de alto padr\u00e3o no <strong>Brasil<\/strong>. A percep\u00e7\u00e3o de luxo est\u00e1 ligada \u00e0 funcionalidade e ao aproveitamento de espa\u00e7o.<\/p>\n\n\n\n<p>Investir em uma marcenaria inteligente demonstra cuidado com os detalhes e atrai compradores que buscam praticidade imediata. Uma cozinha moderna \u00e9 um diferencial competitivo essencial em qualquer negocia\u00e7\u00e3o de venda.<\/p>\n","protected":false},"excerpt":{"rendered":"<p>A substitui\u00e7\u00e3o de eletrodom\u00e9sticos robustos por solu\u00e7\u00f5es planejadas est\u00e1 transformando a ergonomia das cozinhas modernas no Brasil. A torre quente surge como a principal alternativa para otimizar bancadas sobrecarregadas. Por que a torre quente \u00e9 a melhor solu\u00e7\u00e3o para cozinhas pequenas? O uso de m\u00f3dulos verticais permite que fornos e micro-ondas sejam acomodados sem ocupar [&hellip;]<\/p>\n","protected":false},"author":29,"featured_media":128297,"comment_status":"open","ping_status":"open","sticky":false,"template":"","format":"standard","meta":{"jnews-multi-image_gallery":[],"jnews_single_post":{"format":"standard"},"jnews_primary_category":[],"jnews_social_meta":[],"jnews_override_counter":[],"footnotes":""},"categories":[11600],"tags":[1962,738,4903],"class_list":["post-128267","post","type-post","status-publish","format-standard","has-post-thumbnail","hentry","category-dicas-de-casa","tag-casa","tag-eletrodomesticos","tag-micro-ondas"],"yoast_head":"<!-- This site is optimized with the Yoast SEO plugin v26.5 - https:\/\/yoast.com\/wordpress\/plugins\/seo\/ -->\n<title>O micro-ondas gigante sobre a bancada est\u00e1 com os dias contados: conhe\u00e7a a torre quente que otimiza o espa\u00e7o da cozinha - UAI Not\u00edcias<\/title>\n<meta name=\"description\" content=\"Torre quente otimiza cozinhas pequenas, libera bancada e organiza eletrodom\u00e9sticos com ergonomia e design moderno\" \/>\n<meta name=\"robots\" content=\"index, follow, max-snippet:-1, max-image-preview:large, max-video-preview:-1\" \/>\n<link rel=\"canonical\" href=\"https:\/\/www.uai.com.br\/uainoticias\/2026\/04\/29\/o-micro-ondas-gigante-sobre-a-bancada-esta-com-os-dias-contados-conheca-a-torre-quente-que-otimiza-o-espaco-da-cozinha\/\" \/>\n<meta property=\"og:locale\" content=\"pt_BR\" \/>\n<meta property=\"og:type\" content=\"article\" \/>\n<meta property=\"og:title\" content=\"O micro-ondas gigante sobre a bancada est\u00e1 com os dias contados: conhe\u00e7a a torre quente que otimiza o espa\u00e7o da cozinha - UAI Not\u00edcias\" \/>\n<meta property=\"og:description\" content=\"Torre quente otimiza cozinhas pequenas, libera bancada e organiza eletrodom\u00e9sticos com ergonomia e design moderno\" \/>\n<meta property=\"og:url\" content=\"https:\/\/www.uai.com.br\/uainoticias\/2026\/04\/29\/o-micro-ondas-gigante-sobre-a-bancada-esta-com-os-dias-contados-conheca-a-torre-quente-que-otimiza-o-espaco-da-cozinha\/\" \/>\n<meta property=\"og:site_name\" content=\"UAI Not\u00edcias\" \/>\n<meta property=\"article:published_time\" content=\"2026-04-29T11:20:00+00:00\" \/>\n<meta property=\"og:image\" content=\"https:\/\/www.uai.com.br\/uainoticias\/wp-content\/uploads\/2026\/04\/Eletrodomesticos-robustos-1.jpg\" \/>\n\t<meta property=\"og:image:width\" content=\"1280\" \/>\n\t<meta property=\"og:image:height\" content=\"720\" \/>\n\t<meta property=\"og:image:type\" content=\"image\/jpeg\" \/>\n<meta name=\"author\" content=\"Leonardo Nunes\" \/>\n<meta name=\"twitter:card\" content=\"summary_large_image\" \/>\n<meta name=\"twitter:label1\" content=\"Escrito por\" \/>\n\t<meta name=\"twitter:data1\" content=\"Leonardo Nunes\" \/>\n\t<meta name=\"twitter:label2\" content=\"Est. tempo de leitura\" \/>\n\t<meta name=\"twitter:data2\" content=\"4 minutos\" \/>\n<!-- \/ Yoast SEO plugin. -->","yoast_head_json":{"title":"O micro-ondas gigante sobre a bancada est\u00e1 com os dias contados: conhe\u00e7a a torre quente que otimiza o espa\u00e7o da cozinha - UAI Not\u00edcias","description":"Torre quente otimiza cozinhas pequenas, libera bancada e organiza eletrodom\u00e9sticos com ergonomia e design moderno","robots":{"index":"index","follow":"follow","max-snippet":"max-snippet:-1","max-image-preview":"max-image-preview:large","max-video-preview":"max-video-preview:-1"},"canonical":"https:\/\/www.uai.com.br\/uainoticias\/2026\/04\/29\/o-micro-ondas-gigante-sobre-a-bancada-esta-com-os-dias-contados-conheca-a-torre-quente-que-otimiza-o-espaco-da-cozinha\/","og_locale":"pt_BR","og_type":"article","og_title":"O micro-ondas gigante sobre a bancada est\u00e1 com os dias contados: conhe\u00e7a a torre quente que otimiza o espa\u00e7o da cozinha - UAI Not\u00edcias","og_description":"Torre quente otimiza cozinhas pequenas, libera bancada e organiza eletrodom\u00e9sticos com ergonomia e design moderno","og_url":"https:\/\/www.uai.com.br\/uainoticias\/2026\/04\/29\/o-micro-ondas-gigante-sobre-a-bancada-esta-com-os-dias-contados-conheca-a-torre-quente-que-otimiza-o-espaco-da-cozinha\/","og_site_name":"UAI Not\u00edcias","article_published_time":"2026-04-29T11:20:00+00:00","og_image":[{"width":1280,"height":720,"url":"https:\/\/www.uai.com.br\/uainoticias\/wp-content\/uploads\/2026\/04\/Eletrodomesticos-robustos-1.jpg","type":"image\/jpeg"}],"author":"Leonardo Nunes","twitter_card":"summary_large_image","twitter_misc":{"Escrito por":"Leonardo Nunes","Est. tempo de leitura":"4 minutos"},"schema":{"@context":"https:\/\/schema.org","@graph":[{"@type":"WebPage","@id":"https:\/\/www.uai.com.br\/uainoticias\/2026\/04\/29\/o-micro-ondas-gigante-sobre-a-bancada-esta-com-os-dias-contados-conheca-a-torre-quente-que-otimiza-o-espaco-da-cozinha\/","url":"https:\/\/www.uai.com.br\/uainoticias\/2026\/04\/29\/o-micro-ondas-gigante-sobre-a-bancada-esta-com-os-dias-contados-conheca-a-torre-quente-que-otimiza-o-espaco-da-cozinha\/","name":"O micro-ondas gigante sobre a bancada est\u00e1 com os dias contados: conhe\u00e7a a torre quente que otimiza o espa\u00e7o da cozinha - UAI Not\u00edcias","isPartOf":{"@id":"https:\/\/www.uai.com.br\/uainoticias\/#website"},"primaryImageOfPage":{"@id":"https:\/\/www.uai.com.br\/uainoticias\/2026\/04\/29\/o-micro-ondas-gigante-sobre-a-bancada-esta-com-os-dias-contados-conheca-a-torre-quente-que-otimiza-o-espaco-da-cozinha\/#primaryimage"},"image":{"@id":"https:\/\/www.uai.com.br\/uainoticias\/2026\/04\/29\/o-micro-ondas-gigante-sobre-a-bancada-esta-com-os-dias-contados-conheca-a-torre-quente-que-otimiza-o-espaco-da-cozinha\/#primaryimage"},"thumbnailUrl":"https:\/\/www.uai.com.br\/uainoticias\/wp-content\/uploads\/2026\/04\/Eletrodomesticos-robustos-1.jpg","datePublished":"2026-04-29T11:20:00+00:00","author":{"@id":"https:\/\/www.uai.com.br\/uainoticias\/#\/schema\/person\/f57cbcb79cae89ff53b4e2a7511676fb"},"description":"Torre quente otimiza cozinhas pequenas, libera bancada e organiza eletrodom\u00e9sticos com ergonomia e design moderno","breadcrumb":{"@id":"https:\/\/www.uai.com.br\/uainoticias\/2026\/04\/29\/o-micro-ondas-gigante-sobre-a-bancada-esta-com-os-dias-contados-conheca-a-torre-quente-que-otimiza-o-espaco-da-cozinha\/#breadcrumb"},"inLanguage":"pt-BR","potentialAction":[{"@type":"ReadAction","target":["https:\/\/www.uai.com.br\/uainoticias\/2026\/04\/29\/o-micro-ondas-gigante-sobre-a-bancada-esta-com-os-dias-contados-conheca-a-torre-quente-que-otimiza-o-espaco-da-cozinha\/"]}]},{"@type":"ImageObject","inLanguage":"pt-BR","@id":"https:\/\/www.uai.com.br\/uainoticias\/2026\/04\/29\/o-micro-ondas-gigante-sobre-a-bancada-esta-com-os-dias-contados-conheca-a-torre-quente-que-otimiza-o-espaco-da-cozinha\/#primaryimage","url":"https:\/\/www.uai.com.br\/uainoticias\/wp-content\/uploads\/2026\/04\/Eletrodomesticos-robustos-1.jpg","contentUrl":"https:\/\/www.uai.com.br\/uainoticias\/wp-content\/uploads\/2026\/04\/Eletrodomesticos-robustos-1.jpg","width":1280,"height":720,"caption":"M\u00f3dulos verticais com torre quente melhoram fluxo, ampliam espa\u00e7o \u00fatil e trazem sofistica\u00e7\u00e3o \u00e0 cozinha planejada - Cr\u00e9ditos: Imagem Ilustrativa"},{"@type":"BreadcrumbList","@id":"https:\/\/www.uai.com.br\/uainoticias\/2026\/04\/29\/o-micro-ondas-gigante-sobre-a-bancada-esta-com-os-dias-contados-conheca-a-torre-quente-que-otimiza-o-espaco-da-cozinha\/#breadcrumb","itemListElement":[{"@type":"ListItem","position":1,"name":"In\u00edcio","item":"https:\/\/www.uai.com.br\/uainoticias\/"},{"@type":"ListItem","position":2,"name":"O micro-ondas gigante sobre a bancada est\u00e1 com os dias contados: conhe\u00e7a a torre quente que otimiza o espa\u00e7o da cozinha"}]},{"@type":"WebSite","@id":"https:\/\/www.uai.com.br\/uainoticias\/#website","url":"https:\/\/www.uai.com.br\/uainoticias\/","name":"UAI Not\u00edcias","description":"Acompanhe as \u00faltimas not\u00edcias e fique bem informado sobre tudo o que acontece no Brasil e no mundo.","potentialAction":[{"@type":"SearchAction","target":{"@type":"EntryPoint","urlTemplate":"https:\/\/www.uai.com.br\/uainoticias\/?s={search_term_string}"},"query-input":{"@type":"PropertyValueSpecification","valueRequired":true,"valueName":"search_term_string"}}],"inLanguage":"pt-BR"},{"@type":"Person","@id":"https:\/\/www.uai.com.br\/uainoticias\/#\/schema\/person\/f57cbcb79cae89ff53b4e2a7511676fb","name":"Leonardo Nunes","image":{"@type":"ImageObject","inLanguage":"pt-BR","@id":"https:\/\/www.uai.com.br\/uainoticias\/#\/schema\/person\/image\/","url":"https:\/\/secure.gravatar.com\/avatar\/bcbad95ea1da2f5458464789977fbb5ca8a5da4f7f82d946c83505ef5f769a9c?s=96&d=mm&r=g","contentUrl":"https:\/\/secure.gravatar.com\/avatar\/bcbad95ea1da2f5458464789977fbb5ca8a5da4f7f82d946c83505ef5f769a9c?s=96&d=mm&r=g","caption":"Leonardo Nunes"},"sameAs":["https:\/\/www.uai.com.br\/uainoticias\/"],"url":"https:\/\/www.uai.com.br\/uainoticias\/author\/leonardo-nunes\/"}]}},"_links":{"self":[{"href":"https:\/\/www.uai.com.br\/uainoticias\/wp-json\/wp\/v2\/posts\/128267","targetHints":{"allow":["GET"]}}],"collection":[{"href":"https:\/\/www.uai.com.br\/uainoticias\/wp-json\/wp\/v2\/posts"}],"about":[{"href":"https:\/\/www.uai.com.br\/uainoticias\/wp-json\/wp\/v2\/types\/post"}],"author":[{"embeddable":true,"href":"https:\/\/www.uai.com.br\/uainoticias\/wp-json\/wp\/v2\/users\/29"}],"replies":[{"embeddable":true,"href":"https:\/\/www.uai.com.br\/uainoticias\/wp-json\/wp\/v2\/comments?post=128267"}],"version-history":[{"count":2,"href":"https:\/\/www.uai.com.br\/uainoticias\/wp-json\/wp\/v2\/posts\/128267\/revisions"}],"predecessor-version":[{"id":128305,"href":"https:\/\/www.uai.com.br\/uainoticias\/wp-json\/wp\/v2\/posts\/128267\/revisions\/128305"}],"wp:featuredmedia":[{"embeddable":true,"href":"https:\/\/www.uai.com.br\/uainoticias\/wp-json\/wp\/v2\/media\/128297"}],"wp:attachment":[{"href":"https:\/\/www.uai.com.br\/uainoticias\/wp-json\/wp\/v2\/media?parent=128267"}],"wp:term":[{"taxonomy":"category","embeddable":true,"href":"https:\/\/www.uai.com.br\/uainoticias\/wp-json\/wp\/v2\/categories?post=128267"},{"taxonomy":"post_tag","embeddable":true,"href":"https:\/\/www.uai.com.br\/uainoticias\/wp-json\/wp\/v2\/tags?post=128267"}],"curies":[{"name":"wp","href":"https:\/\/api.w.org\/{rel}","templated":true}]}}