{"id":128256,"date":"2026-04-29T21:15:00","date_gmt":"2026-04-30T00:15:00","guid":{"rendered":"https:\/\/www.uai.com.br\/uainoticias\/?p=128256"},"modified":"2026-04-28T15:34:13","modified_gmt":"2026-04-28T18:34:13","slug":"tenho-83-anos-e-criei-netos-e-bisnetos-trabalho-meio-periodo-para-ter-uma-renda-extra-e-espero-me-aposentar-ate-os-90","status":"publish","type":"post","link":"https:\/\/www.uai.com.br\/uainoticias\/2026\/04\/29\/tenho-83-anos-e-criei-netos-e-bisnetos-trabalho-meio-periodo-para-ter-uma-renda-extra-e-espero-me-aposentar-ate-os-90\/","title":{"rendered":"Tenho 83 anos e criei netos e bisnetos. Trabalho meio per\u00edodo para ter uma renda extra e espero me aposentar at\u00e9 os 90."},"content":{"rendered":"\n<link href=\"https:\/\/fonts.googleapis.com\/css2?family=Inter:wght@400;600;700;800&#038;display=swap\" rel=\"stylesheet\">\r\n<style>\r\n\/* Prote\u00e7\u00e3o contra inje\u00e7\u00e3o do \"Veja Tamb\u00e9m\" (JNews inline related posts) *\/\r\n.rdp-curiosidades-wrapper .jnews_inline_related_post_wrapper,\r\n.rdp-curiosidades-wrapper .jnews_inline_related_post,\r\n.rdp-curiosidades-wrapper .jeg_postblock,\r\n.rdp-curiosidades-wrapper [class*=\"jnews_inline\"],\r\n.rdp-curiosidades-wrapper [class*=\"jeg_postblock\"],\r\n.rdp-curiosidades-wrapper [class*=\"jeg_block\"] {\r\n  display: none !important;\r\n  height: 0 !important;\r\n  max-height: 0 !important;\r\n  overflow: hidden !important;\r\n  visibility: hidden !important;\r\n  margin: 0 !important;\r\n  padding: 0 !important;\r\n  border: none !important;\r\n  font-size: 0 !important;\r\n  line-height: 0 !important;\r\n}\r\n.rdp-curiosidades-wrapper {\r\n  max-width: 620px;\r\n  margin: 28px auto;\r\n  background: #FFFFFF;\r\n  border: 1px solid #E0E0E0;\r\n  border-top: 3px solid #2FC3EE;\r\n  border-radius: 12px;\r\n  padding: 28px 32px;\r\n  font-family: 'Inter', sans-serif;\r\n  box-shadow: 0 4px 20px rgba(47,195,238,0.18);\r\n  overflow: hidden;\r\n  contain: layout style;\r\n  isolation: isolate;\r\n  position: relative;\r\n  z-index: 1;\r\n}\r\n.rdp-curiosidades-wrapper > *:not(.rdp-curiosidades-header):not(.rdp-curiosidades-list) {\r\n  display: none !important;\r\n  height: 0 !important;\r\n  overflow: hidden !important;\r\n  margin: 0 !important;\r\n  padding: 0 !important;\r\n  border: none !important;\r\n}\r\n.rdp-curiosidades-header {\r\n  display: flex;\r\n  align-items: center;\r\n  justify-content: center;\r\n  gap: 16px;\r\n  margin-bottom: 24px;\r\n}\r\n.rdp-curiosidades-line {\r\n  flex: 1;\r\n  height: 1px;\r\n  background: #E0E0E0;\r\n}\r\n.rdp-curiosidades-title {\r\n  font-family: 'Inter', sans-serif;\r\n  font-size: 12px;\r\n  font-weight: 800;\r\n  text-transform: uppercase;\r\n  letter-spacing: 4px;\r\n  color: #1A1A1A;\r\n  white-space: nowrap;\r\n}\r\n.rdp-curiosidades-list {\r\n  list-style: none;\r\n  padding: 0;\r\n  margin: 0;\r\n  text-align: center;\r\n}\r\n.rdp-curiosidades-item {\r\n  padding: 0 0 18px 0;\r\n  line-height: 1.7;\r\n}\r\n.rdp-curiosidades-item:last-child {\r\n  padding-bottom: 0;\r\n}\r\n.rdp-curiosidades-item-bullet {\r\n  display: inline-block;\r\n  width: 8px;\r\n  height: 8px;\r\n  background: #2FC3EE;\r\n  border-radius: 50%;\r\n  box-shadow: 0 0 6px rgba(47,195,238,0.40);\r\n  margin-right: 10px;\r\n  vertical-align: middle;\r\n}\r\n.rdp-curiosidades-item-title {\r\n  font-size: 15px;\r\n  font-weight: 700;\r\n  color: #1A1A1A;\r\n}\r\n.rdp-curiosidades-item-desc {\r\n  font-size: 15px;\r\n  color: #333333;\r\n  line-height: 1.7;\r\n}\r\n@media (max-width: 768px) {\r\n  .rdp-curiosidades-wrapper {\r\n    max-width: 100%;\r\n    margin: 20px 12px;\r\n    padding: 22px 20px;\r\n  }\r\n}\r\n<\/style>\r\n<div class=\"rdp-curiosidades-wrapper\">\r\n  <div class=\"rdp-curiosidades-header\">\r\n    <span class=\"rdp-curiosidades-line\"><\/span>\r\n    <span class=\"rdp-curiosidades-title\">Curiosidades da hist\u00f3ria<\/span>\r\n    <span class=\"rdp-curiosidades-line\"><\/span>\r\n  <\/div>\r\n  <ul class=\"rdp-curiosidades-list\">\r\n    <li class=\"rdp-curiosidades-item\">\r\n      <span class=\"rdp-curiosidades-item-bullet\"><\/span><span class=\"rdp-curiosidades-item-title\">Uma vida de luta:<\/span> <span class=\"rdp-curiosidades-item-desc\">Sue criou filhos, netos e bisnetos praticamente sozinha, enfrentando desafios que muita gente nem imagina.<\/span>\r\n    <\/li>\r\n    <li class=\"rdp-curiosidades-item\">\r\n      <span class=\"rdp-curiosidades-item-bullet\"><\/span><span class=\"rdp-curiosidades-item-title\">Amor que acolhe:<\/span> <span class=\"rdp-curiosidades-item-desc\">A casa dela sempre esteve aberta, com regras simples e muito carinho para todos que precisaram.<\/span>\r\n    <\/li>\r\n    <li class=\"rdp-curiosidades-item\">\r\n      <span class=\"rdp-curiosidades-item-bullet\"><\/span><span class=\"rdp-curiosidades-item-title\">For\u00e7a at\u00e9 hoje:<\/span> <span class=\"rdp-curiosidades-item-desc\">Mesmo com c\u00e2ncer, ela continua ativa e sonha em viver at\u00e9 os 100 anos por causa do neto.<\/span>\r\n    <\/li>\r\n  <\/ul>\r\n<\/div>\r\n<div style=\"clear:both;height:0;overflow:hidden;\"><\/div>\n\n\n\n<p>A hist\u00f3ria de <strong>Sue Miller<\/strong>, uma mulher de 83 anos, \u00e9 daquelas que a gente escuta e fica pensando em tudo que ela viveu. \u00c9 um relato real cheio de desafios, escolhas dif\u00edceis e muito amor pela fam\u00edlia. Ao longo da vida, ela precisou enfrentar situa\u00e7\u00f5es que exigiram coragem, paci\u00eancia e uma for\u00e7a que impressiona qualquer pessoa.<\/p>\n\n\n\n<h2 class=\"wp-block-heading\">Como tudo come\u00e7ou<\/h2>\n\n\n\n<p>Sue Miller teve tr\u00eas filhos muito pr\u00f3ximos de idade, em uma rotina intensa e cheia de responsabilidades. Um deles, David, \u00e9 autista, o que trouxe ainda mais desafios no dia a dia. As noites mal dormidas e a correria eram constantes, mas ela nunca deixou de seguir em frente.<\/p>\n\n\n\n<p>Depois do div\u00f3rcio, Sue precisou recome\u00e7ar praticamente do zero. Mudou de estado, buscou trabalho e encontrou maneiras de sustentar a fam\u00edlia. Mesmo sem forma\u00e7\u00e3o universit\u00e1ria, conseguiu empregos e construiu uma vida com esfor\u00e7o e dedica\u00e7\u00e3o.<\/p>\n\n\n\n<figure class=\"wp-block-image aligncenter size-large\"><img decoding=\"async\" width=\"1024\" height=\"576\" src=\"https:\/\/www.uai.com.br\/uainoticias\/wp-content\/uploads\/2026\/04\/Design_sem_nome-2026-04-28T153116.098-1024x576.jpg\" alt=\"Tenho 83 anos e criei netos e bisnetos. Trabalho meio per\u00edodo para ter uma renda extra e espero me aposentar at\u00e9 os 90.\" class=\"wp-image-128258\" srcset=\"https:\/\/www.uai.com.br\/uainoticias\/wp-content\/uploads\/2026\/04\/Design_sem_nome-2026-04-28T153116.098-1024x576.jpg 1024w, https:\/\/www.uai.com.br\/uainoticias\/wp-content\/uploads\/2026\/04\/Design_sem_nome-2026-04-28T153116.098-300x169.jpg 300w, https:\/\/www.uai.com.br\/uainoticias\/wp-content\/uploads\/2026\/04\/Design_sem_nome-2026-04-28T153116.098-768x432.jpg 768w, https:\/\/www.uai.com.br\/uainoticias\/wp-content\/uploads\/2026\/04\/Design_sem_nome-2026-04-28T153116.098-750x422.jpg 750w, https:\/\/www.uai.com.br\/uainoticias\/wp-content\/uploads\/2026\/04\/Design_sem_nome-2026-04-28T153116.098-1140x641.jpg 1140w, https:\/\/www.uai.com.br\/uainoticias\/wp-content\/uploads\/2026\/04\/Design_sem_nome-2026-04-28T153116.098.jpg 1280w\" sizes=\"(max-width: 1024px) 100vw, 1024px\" \/><figcaption class=\"wp-element-caption\">Sue Miller criou filhos, netos e bisnetos. Sue Miller\n<\/figcaption><\/figure>\n\n\n\n<h2 class=\"wp-block-heading\">O momento que mudou tudo<\/h2>\n\n\n\n<p>Um dos momentos mais marcantes foi quando Sue decidiu se mudar para cuidar melhor dos filhos, mesmo tendo que deixar David em outro lugar por falta de estrutura adequada. Foi uma escolha dif\u00edcil, cheia de emo\u00e7\u00e3o e preocupa\u00e7\u00e3o.<\/p>\n\n\n\n<p>Ao longo dos anos, ela tamb\u00e9m acolheu netos e at\u00e9 bisnetos em casa. Sua casa virou um verdadeiro porto seguro, onde todos encontravam apoio, regras e, principalmente, amor. Esse papel transformou completamente sua trajet\u00f3ria.<\/p>\n\n\n\n<h2 class=\"wp-block-heading\">A casa sempre cheia de amor: o que mais chamou aten\u00e7\u00e3o no relato<\/h2>\n\n\n\n<p>O que mais chama aten\u00e7\u00e3o na hist\u00f3ria de Sue Miller \u00e9 como ela sempre manteve sua casa aberta. Netos que precisaram voltar, filhos em dificuldades, todos encontraram nela um apoio firme e acolhedor.<\/p>\n\n\n\n<p>Mesmo com regras simples, como manter a casa organizada e ajudar nas tarefas, ela criou um ambiente cheio de carinho. Esse equil\u00edbrio entre disciplina e amor fez com que muitos a vissem como uma verdadeira m\u00e3e, mesmo sendo av\u00f3.<\/p>\n\n\n\n<link href=\"https:\/\/fonts.googleapis.com\/css2?family=Inter:wght@400;600;700;800&#038;display=swap\" rel=\"stylesheet\">\r\n<style>\r\n\/* Prote\u00e7\u00e3o contra inje\u00e7\u00e3o do \"Veja Tamb\u00e9m\" (JNews inline related posts) *\/\r\n.rdp-pontos-wrapper .jnews_inline_related_post_wrapper,\r\n.rdp-pontos-wrapper .jnews_inline_related_post,\r\n.rdp-pontos-wrapper .jeg_postblock,\r\n.rdp-pontos-wrapper [class*=\"jnews_inline\"],\r\n.rdp-pontos-wrapper [class*=\"jeg_postblock\"],\r\n.rdp-pontos-wrapper [class*=\"jeg_block\"] {\r\n  display: none !important;\r\n  height: 0 !important;\r\n  max-height: 0 !important;\r\n  overflow: hidden !important;\r\n  visibility: hidden !important;\r\n  margin: 0 !important;\r\n  padding: 0 !important;\r\n  border: none !important;\r\n  font-size: 0 !important;\r\n  line-height: 0 !important;\r\n}\r\n.rdp-pontos-wrapper {\r\n  max-width: 100%;\r\n  margin: 32px 0;\r\n  background: #F8F9FA;\r\n  border: 1px solid #E0E0E0;\r\n  border-radius: 12px;\r\n  padding: 28px 28px 20px;\r\n  font-family: 'Inter', sans-serif;\r\n  box-shadow: 0 4px 20px rgba(47,195,238,0.12);\r\n  overflow: hidden;\r\n  contain: layout style;\r\n  isolation: isolate;\r\n  position: relative;\r\n  z-index: 1;\r\n}\r\n.rdp-pontos-wrapper > *:not(.rdp-pontos-title):not(.rdp-pontos-grid) {\r\n  display: none !important;\r\n  height: 0 !important;\r\n  overflow: hidden !important;\r\n  margin: 0 !important;\r\n  padding: 0 !important;\r\n  border: none !important;\r\n}\r\n.rdp-pontos-title {\r\n  font-size: 20px;\r\n  font-weight: 800;\r\n  color: #1A1A1A;\r\n  margin: 0 0 20px 0;\r\n  text-align: center;\r\n}\r\n.rdp-pontos-grid {\r\n  display: grid;\r\n  grid-template-columns: repeat(3, 1fr);\r\n  gap: 18px;\r\n}\r\n.rdp-pontos-item {\r\n  background: #FFFFFF;\r\n  border: 1px solid #E0E0E0;\r\n  border-top: 3px solid #2FC3EE;\r\n  border-radius: 10px;\r\n  padding: 22px 20px;\r\n  text-align: center;\r\n}\r\n.rdp-pontos-emoji {\r\n  font-size: 32px;\r\n  margin-bottom: 12px;\r\n}\r\n.rdp-pontos-item-title {\r\n  font-size: 15px;\r\n  font-weight: 700;\r\n  color: #1A1A1A;\r\n}\r\n.rdp-pontos-item-desc {\r\n  font-size: 14px;\r\n  color: #333333;\r\n}\r\n@media (max-width: 768px) {\r\n  .rdp-pontos-grid {\r\n    grid-template-columns: 1fr;\r\n  }\r\n}\r\n<\/style>\r\n<div class=\"rdp-pontos-wrapper\">\r\n  <div class=\"rdp-pontos-title\">Pontos marcantes do relato<\/div>\r\n  <div class=\"rdp-pontos-grid\">\r\n    <div class=\"rdp-pontos-item\">\r\n      <span class=\"rdp-pontos-emoji\">\ud83d\udcac<\/span>\r\n      <div class=\"rdp-pontos-item-title\">In\u00edcio desafiador<\/div>\r\n      <p class=\"rdp-pontos-item-desc\">Sue enfrentou a cria\u00e7\u00e3o dos filhos praticamente sozinha, com muitas dificuldades e poucas horas de descanso.<\/p>\r\n    <\/div>\r\n    <div class=\"rdp-pontos-item\">\r\n      <span class=\"rdp-pontos-emoji\">\u2764\ufe0f<\/span>\r\n      <div class=\"rdp-pontos-item-title\">Decis\u00f5es dif\u00edceis<\/div>\r\n      <p class=\"rdp-pontos-item-desc\">Mudan\u00e7as de cidade e escolhas complicadas marcaram a vida dela em busca de melhores condi\u00e7\u00f5es.<\/p>\r\n    <\/div>\r\n    <div class=\"rdp-pontos-item\">\r\n      <span class=\"rdp-pontos-emoji\">\u2728<\/span>\r\n      <div class=\"rdp-pontos-item-title\">Casa acolhedora<\/div>\r\n      <p class=\"rdp-pontos-item-desc\">A casa de Sue virou um ref\u00fagio para filhos, netos e bisnetos ao longo dos anos.<\/p>\r\n    <\/div>\r\n  <\/div>\r\n<\/div>\r\n<div style=\"clear:both;height:0;overflow:hidden;\"><\/div>\n\n\n\n<h2 class=\"wp-block-heading\">Por que essa hist\u00f3ria tocou tanta gente<\/h2>\n\n\n\n<p>A trajet\u00f3ria de Sue Miller emociona porque mostra algo muito presente na vida real, aquela for\u00e7a silenciosa de quem faz tudo pela fam\u00edlia. \u00c9 uma hist\u00f3ria de supera\u00e7\u00e3o, mas tamb\u00e9m de escolhas simples, como cuidar, acolher e seguir em frente.<\/p>\n\n\n\n<p>Muita gente se identifica com esse tipo de relato, porque lembra m\u00e3es, av\u00f3s e pessoas pr\u00f3ximas que tamb\u00e9m carregam responsabilidades sem reclamar. \u00c9 o tipo de hist\u00f3ria que faz a gente refletir sobre amor e dedica\u00e7\u00e3o.<\/p>\n\n\n\n<h2 class=\"wp-block-heading\">O que aconteceu depois<\/h2>\n\n\n\n<p>Hoje, Sue continua ativa, trabalhando meio per\u00edodo como merendeira escolar e mantendo uma rotina saud\u00e1vel. Mesmo enfrentando um c\u00e2ncer, ela segue firme, com um objetivo especial, viver muitos anos para estar ao lado do neto. :contentReference[oaicite:0]{index=0}<\/p>\n\n\n\n<p>No fim das contas, a hist\u00f3ria de Sue Miller \u00e9 um lembrete simples e poderoso de que a vida \u00e9 feita de pequenos gestos de cuidado e coragem que, somados, constroem algo realmente especial.<\/p>\n","protected":false},"excerpt":{"rendered":"<p>Curiosidades da hist\u00f3ria Uma vida de luta: Sue criou filhos, netos e bisnetos praticamente sozinha, enfrentando desafios que muita gente nem imagina. Amor que acolhe: A casa dela sempre esteve aberta, com regras simples e muito carinho para todos que precisaram. For\u00e7a at\u00e9 hoje: Mesmo com c\u00e2ncer, ela continua ativa e sonha em viver at\u00e9 [&hellip;]<\/p>\n","protected":false},"author":23,"featured_media":128258,"comment_status":"open","ping_status":"open","sticky":false,"template":"","format":"standard","meta":{"jnews-multi-image_gallery":[],"jnews_single_post":{"format":"standard"},"jnews_primary_category":[],"jnews_social_meta":[],"jnews_override_counter":[],"footnotes":""},"categories":[11601],"tags":[380,22675,23580,1367],"class_list":["post-128256","post","type-post","status-publish","format-standard","has-post-thumbnail","hentry","category-noticia","tag-aposentadoria","tag-avo-2","tag-cuidar-da-familia","tag-trabalho"],"yoast_head":"<!-- This site is optimized with the Yoast SEO plugin v26.5 - https:\/\/yoast.com\/wordpress\/plugins\/seo\/ -->\n<title>Tenho 83 anos e criei netos e bisnetos. Trabalho meio per\u00edodo para ter uma renda extra e espero me aposentar at\u00e9 os 90. - UAI Not\u00edcias<\/title>\n<meta name=\"description\" content=\"A hist\u00f3ria de Sue Miller mostra como uma av\u00f3 enfrentou desafios por d\u00e9cadas e o que ela faz hoje surpreende muita gente\" \/>\n<meta name=\"robots\" content=\"index, follow, max-snippet:-1, max-image-preview:large, max-video-preview:-1\" \/>\n<link rel=\"canonical\" href=\"https:\/\/www.uai.com.br\/uainoticias\/2026\/04\/29\/tenho-83-anos-e-criei-netos-e-bisnetos-trabalho-meio-periodo-para-ter-uma-renda-extra-e-espero-me-aposentar-ate-os-90\/\" \/>\n<meta property=\"og:locale\" content=\"pt_BR\" \/>\n<meta property=\"og:type\" content=\"article\" \/>\n<meta property=\"og:title\" content=\"Tenho 83 anos e criei netos e bisnetos. Trabalho meio per\u00edodo para ter uma renda extra e espero me aposentar at\u00e9 os 90. - UAI Not\u00edcias\" \/>\n<meta property=\"og:description\" content=\"A hist\u00f3ria de Sue Miller mostra como uma av\u00f3 enfrentou desafios por d\u00e9cadas e o que ela faz hoje surpreende muita gente\" \/>\n<meta property=\"og:url\" content=\"https:\/\/www.uai.com.br\/uainoticias\/2026\/04\/29\/tenho-83-anos-e-criei-netos-e-bisnetos-trabalho-meio-periodo-para-ter-uma-renda-extra-e-espero-me-aposentar-ate-os-90\/\" \/>\n<meta property=\"og:site_name\" content=\"UAI Not\u00edcias\" \/>\n<meta property=\"article:published_time\" content=\"2026-04-30T00:15:00+00:00\" \/>\n<meta property=\"og:image\" content=\"https:\/\/www.uai.com.br\/uainoticias\/wp-content\/uploads\/2026\/04\/Design_sem_nome-2026-04-28T153116.098.jpg\" \/>\n\t<meta property=\"og:image:width\" content=\"1280\" \/>\n\t<meta property=\"og:image:height\" content=\"720\" \/>\n\t<meta property=\"og:image:type\" content=\"image\/jpeg\" \/>\n<meta name=\"author\" content=\"Gustavo Trindade\" \/>\n<meta name=\"twitter:card\" content=\"summary_large_image\" \/>\n<meta name=\"twitter:label1\" content=\"Escrito por\" \/>\n\t<meta name=\"twitter:data1\" content=\"Gustavo Trindade\" \/>\n\t<meta name=\"twitter:label2\" content=\"Est. tempo de leitura\" \/>\n\t<meta name=\"twitter:data2\" content=\"4 minutos\" \/>\n<!-- \/ Yoast SEO plugin. -->","yoast_head_json":{"title":"Tenho 83 anos e criei netos e bisnetos. Trabalho meio per\u00edodo para ter uma renda extra e espero me aposentar at\u00e9 os 90. - UAI Not\u00edcias","description":"A hist\u00f3ria de Sue Miller mostra como uma av\u00f3 enfrentou desafios por d\u00e9cadas e o que ela faz hoje surpreende muita gente","robots":{"index":"index","follow":"follow","max-snippet":"max-snippet:-1","max-image-preview":"max-image-preview:large","max-video-preview":"max-video-preview:-1"},"canonical":"https:\/\/www.uai.com.br\/uainoticias\/2026\/04\/29\/tenho-83-anos-e-criei-netos-e-bisnetos-trabalho-meio-periodo-para-ter-uma-renda-extra-e-espero-me-aposentar-ate-os-90\/","og_locale":"pt_BR","og_type":"article","og_title":"Tenho 83 anos e criei netos e bisnetos. Trabalho meio per\u00edodo para ter uma renda extra e espero me aposentar at\u00e9 os 90. - UAI Not\u00edcias","og_description":"A hist\u00f3ria de Sue Miller mostra como uma av\u00f3 enfrentou desafios por d\u00e9cadas e o que ela faz hoje surpreende muita gente","og_url":"https:\/\/www.uai.com.br\/uainoticias\/2026\/04\/29\/tenho-83-anos-e-criei-netos-e-bisnetos-trabalho-meio-periodo-para-ter-uma-renda-extra-e-espero-me-aposentar-ate-os-90\/","og_site_name":"UAI Not\u00edcias","article_published_time":"2026-04-30T00:15:00+00:00","og_image":[{"width":1280,"height":720,"url":"https:\/\/www.uai.com.br\/uainoticias\/wp-content\/uploads\/2026\/04\/Design_sem_nome-2026-04-28T153116.098.jpg","type":"image\/jpeg"}],"author":"Gustavo Trindade","twitter_card":"summary_large_image","twitter_misc":{"Escrito por":"Gustavo Trindade","Est. tempo de leitura":"4 minutos"},"schema":{"@context":"https:\/\/schema.org","@graph":[{"@type":"WebPage","@id":"https:\/\/www.uai.com.br\/uainoticias\/2026\/04\/29\/tenho-83-anos-e-criei-netos-e-bisnetos-trabalho-meio-periodo-para-ter-uma-renda-extra-e-espero-me-aposentar-ate-os-90\/","url":"https:\/\/www.uai.com.br\/uainoticias\/2026\/04\/29\/tenho-83-anos-e-criei-netos-e-bisnetos-trabalho-meio-periodo-para-ter-uma-renda-extra-e-espero-me-aposentar-ate-os-90\/","name":"Tenho 83 anos e criei netos e bisnetos. Trabalho meio per\u00edodo para ter uma renda extra e espero me aposentar at\u00e9 os 90. - UAI Not\u00edcias","isPartOf":{"@id":"https:\/\/www.uai.com.br\/uainoticias\/#website"},"primaryImageOfPage":{"@id":"https:\/\/www.uai.com.br\/uainoticias\/2026\/04\/29\/tenho-83-anos-e-criei-netos-e-bisnetos-trabalho-meio-periodo-para-ter-uma-renda-extra-e-espero-me-aposentar-ate-os-90\/#primaryimage"},"image":{"@id":"https:\/\/www.uai.com.br\/uainoticias\/2026\/04\/29\/tenho-83-anos-e-criei-netos-e-bisnetos-trabalho-meio-periodo-para-ter-uma-renda-extra-e-espero-me-aposentar-ate-os-90\/#primaryimage"},"thumbnailUrl":"https:\/\/www.uai.com.br\/uainoticias\/wp-content\/uploads\/2026\/04\/Design_sem_nome-2026-04-28T153116.098.jpg","datePublished":"2026-04-30T00:15:00+00:00","author":{"@id":"https:\/\/www.uai.com.br\/uainoticias\/#\/schema\/person\/060f8bb02e250479c83590e2c4706fcc"},"description":"A hist\u00f3ria de Sue Miller mostra como uma av\u00f3 enfrentou desafios por d\u00e9cadas e o que ela faz hoje surpreende muita gente","breadcrumb":{"@id":"https:\/\/www.uai.com.br\/uainoticias\/2026\/04\/29\/tenho-83-anos-e-criei-netos-e-bisnetos-trabalho-meio-periodo-para-ter-uma-renda-extra-e-espero-me-aposentar-ate-os-90\/#breadcrumb"},"inLanguage":"pt-BR","potentialAction":[{"@type":"ReadAction","target":["https:\/\/www.uai.com.br\/uainoticias\/2026\/04\/29\/tenho-83-anos-e-criei-netos-e-bisnetos-trabalho-meio-periodo-para-ter-uma-renda-extra-e-espero-me-aposentar-ate-os-90\/"]}]},{"@type":"ImageObject","inLanguage":"pt-BR","@id":"https:\/\/www.uai.com.br\/uainoticias\/2026\/04\/29\/tenho-83-anos-e-criei-netos-e-bisnetos-trabalho-meio-periodo-para-ter-uma-renda-extra-e-espero-me-aposentar-ate-os-90\/#primaryimage","url":"https:\/\/www.uai.com.br\/uainoticias\/wp-content\/uploads\/2026\/04\/Design_sem_nome-2026-04-28T153116.098.jpg","contentUrl":"https:\/\/www.uai.com.br\/uainoticias\/wp-content\/uploads\/2026\/04\/Design_sem_nome-2026-04-28T153116.098.jpg","width":1280,"height":720,"caption":"Sue Miller criou filhos, netos e bisnetos. Sue Miller"},{"@type":"BreadcrumbList","@id":"https:\/\/www.uai.com.br\/uainoticias\/2026\/04\/29\/tenho-83-anos-e-criei-netos-e-bisnetos-trabalho-meio-periodo-para-ter-uma-renda-extra-e-espero-me-aposentar-ate-os-90\/#breadcrumb","itemListElement":[{"@type":"ListItem","position":1,"name":"In\u00edcio","item":"https:\/\/www.uai.com.br\/uainoticias\/"},{"@type":"ListItem","position":2,"name":"Tenho 83 anos e criei netos e bisnetos. Trabalho meio per\u00edodo para ter uma renda extra e espero me aposentar at\u00e9 os 90."}]},{"@type":"WebSite","@id":"https:\/\/www.uai.com.br\/uainoticias\/#website","url":"https:\/\/www.uai.com.br\/uainoticias\/","name":"UAI Not\u00edcias","description":"Acompanhe as \u00faltimas not\u00edcias e fique bem informado sobre tudo o que acontece no Brasil e no mundo.","potentialAction":[{"@type":"SearchAction","target":{"@type":"EntryPoint","urlTemplate":"https:\/\/www.uai.com.br\/uainoticias\/?s={search_term_string}"},"query-input":{"@type":"PropertyValueSpecification","valueRequired":true,"valueName":"search_term_string"}}],"inLanguage":"pt-BR"},{"@type":"Person","@id":"https:\/\/www.uai.com.br\/uainoticias\/#\/schema\/person\/060f8bb02e250479c83590e2c4706fcc","name":"Gustavo Trindade","image":{"@type":"ImageObject","inLanguage":"pt-BR","@id":"https:\/\/www.uai.com.br\/uainoticias\/#\/schema\/person\/image\/","url":"https:\/\/secure.gravatar.com\/avatar\/05714a54ada0bd2b20e75b2c72a9e7802581213945810c2354d320b79f27b427?s=96&d=mm&r=g","contentUrl":"https:\/\/secure.gravatar.com\/avatar\/05714a54ada0bd2b20e75b2c72a9e7802581213945810c2354d320b79f27b427?s=96&d=mm&r=g","caption":"Gustavo Trindade"},"sameAs":["https:\/\/www.uai.com.br\/uainoticias\/"],"url":"https:\/\/www.uai.com.br\/uainoticias\/author\/gustavotrindade\/"}]}},"_links":{"self":[{"href":"https:\/\/www.uai.com.br\/uainoticias\/wp-json\/wp\/v2\/posts\/128256","targetHints":{"allow":["GET"]}}],"collection":[{"href":"https:\/\/www.uai.com.br\/uainoticias\/wp-json\/wp\/v2\/posts"}],"about":[{"href":"https:\/\/www.uai.com.br\/uainoticias\/wp-json\/wp\/v2\/types\/post"}],"author":[{"embeddable":true,"href":"https:\/\/www.uai.com.br\/uainoticias\/wp-json\/wp\/v2\/users\/23"}],"replies":[{"embeddable":true,"href":"https:\/\/www.uai.com.br\/uainoticias\/wp-json\/wp\/v2\/comments?post=128256"}],"version-history":[{"count":1,"href":"https:\/\/www.uai.com.br\/uainoticias\/wp-json\/wp\/v2\/posts\/128256\/revisions"}],"predecessor-version":[{"id":128260,"href":"https:\/\/www.uai.com.br\/uainoticias\/wp-json\/wp\/v2\/posts\/128256\/revisions\/128260"}],"wp:featuredmedia":[{"embeddable":true,"href":"https:\/\/www.uai.com.br\/uainoticias\/wp-json\/wp\/v2\/media\/128258"}],"wp:attachment":[{"href":"https:\/\/www.uai.com.br\/uainoticias\/wp-json\/wp\/v2\/media?parent=128256"}],"wp:term":[{"taxonomy":"category","embeddable":true,"href":"https:\/\/www.uai.com.br\/uainoticias\/wp-json\/wp\/v2\/categories?post=128256"},{"taxonomy":"post_tag","embeddable":true,"href":"https:\/\/www.uai.com.br\/uainoticias\/wp-json\/wp\/v2\/tags?post=128256"}],"curies":[{"name":"wp","href":"https:\/\/api.w.org\/{rel}","templated":true}]}}