{"id":128245,"date":"2026-04-29T18:45:00","date_gmt":"2026-04-29T21:45:00","guid":{"rendered":"https:\/\/www.uai.com.br\/uainoticias\/?p=128245"},"modified":"2026-04-28T15:21:58","modified_gmt":"2026-04-28T18:21:58","slug":"tomas-de-aquino-sistematizador-da-escolastica-e-autor-da-suma-teologica-para-quem-tem-fe-nenhuma-explicacao-e-necessaria","status":"publish","type":"post","link":"https:\/\/www.uai.com.br\/uainoticias\/2026\/04\/29\/tomas-de-aquino-sistematizador-da-escolastica-e-autor-da-suma-teologica-para-quem-tem-fe-nenhuma-explicacao-e-necessaria\/","title":{"rendered":"Tom\u00e1s de Aquino, sistematizador da escol\u00e1stica e autor da Suma Teol\u00f3gica: \u201cPara quem tem f\u00e9, nenhuma explica\u00e7\u00e3o \u00e9 necess\u00e1ria\u201d"},"content":{"rendered":"\n<link href=\"https:\/\/fonts.googleapis.com\/css2?family=Merriweather:wght@700&#038;family=Open+Sans:wght@400;600;700&#038;display=swap\" rel=\"stylesheet\">\r\n<style>\r\n.rdp-resumo-wrapper {\r\n  max-width: 620px;\r\n  margin: 28px auto;\r\n  background: #FFFFFF;\r\n  border: 1px solid #D0D0D0;\r\n  border-radius: 6px;\r\n  padding: 28px 32px;\r\n  font-family: 'Open Sans', sans-serif;\r\n  box-shadow: 0 2px 12px rgba(0,0,0,0.08);\r\n}\r\n.rdp-resumo-header {\r\n  display: flex;\r\n  align-items: center;\r\n  gap: 16px;\r\n  margin-bottom: 22px;\r\n}\r\n.rdp-resumo-line {\r\n  flex: 1;\r\n  height: 1px;\r\n  background: #D0D0D0;\r\n}\r\n.rdp-resumo-title {\r\n  font-family: 'Merriweather', serif;\r\n  font-size: 13px;\r\n  font-weight: 700;\r\n  text-transform: uppercase;\r\n  letter-spacing: 3px;\r\n  color: #1A1A1A;\r\n  white-space: nowrap;\r\n}\r\n.rdp-resumo-list {\r\n  list-style: none;\r\n  padding: 0;\r\n  margin: 0;\r\n}\r\n.rdp-resumo-item {\r\n  padding: 0 0 18px 22px;\r\n  position: relative;\r\n  line-height: 1.7;\r\n}\r\n.rdp-resumo-item:last-child {\r\n  padding-bottom: 0;\r\n}\r\n.rdp-resumo-item::before {\r\n  content: \"\";\r\n  position: absolute;\r\n  left: 0;\r\n  top: 8px;\r\n  width: 8px;\r\n  height: 8px;\r\n  background: #2B5A83;\r\n  border-radius: 50%;\r\n}\r\n.rdp-resumo-item-title {\r\n  font-size: 15px;\r\n  font-weight: 700;\r\n  color: #1A1A1A;\r\n}\r\n.rdp-resumo-item-desc {\r\n  font-size: 15px;\r\n  color: #4A4A4A;\r\n  line-height: 1.7;\r\n}\r\n@media (max-width: 768px) {\r\n  .rdp-resumo-wrapper {\r\n    max-width: 100%;\r\n    margin: 20px 12px;\r\n    padding: 22px 20px;\r\n  }\r\n}\r\n<\/style>\r\n<div class=\"rdp-resumo-wrapper\">\r\n  <div class=\"rdp-resumo-header\">\r\n    <span class=\"rdp-resumo-line\"><\/span>\r\n    <span class=\"rdp-resumo-title\">Resumo<\/span>\r\n    <span class=\"rdp-resumo-line\"><\/span>\r\n  <\/div>\r\n  <ul class=\"rdp-resumo-list\">\r\n    <li class=\"rdp-resumo-item\">\r\n      <span class=\"rdp-resumo-item-title\">Pensamento cl\u00e1ssico:<\/span> <span class=\"rdp-resumo-item-desc\">A frase de Tom\u00e1s de Aquino sintetiza a rela\u00e7\u00e3o entre f\u00e9 e raz\u00e3o na tradi\u00e7\u00e3o filos\u00f3fica crist\u00e3.<\/span>\r\n    <\/li>\r\n    <li class=\"rdp-resumo-item\">\r\n      <span class=\"rdp-resumo-item-title\">Tema central:<\/span> <span class=\"rdp-resumo-item-desc\">A confian\u00e7a absoluta na f\u00e9 como algo que transcende explica\u00e7\u00f5es racionais e l\u00f3gicas.<\/span>\r\n    <\/li>\r\n    <li class=\"rdp-resumo-item\">\r\n      <span class=\"rdp-resumo-item-title\">Relev\u00e2ncia cultural:<\/span> <span class=\"rdp-resumo-item-desc\">O pensamento escol\u00e1stico segue influente nos debates contempor\u00e2neos sobre religi\u00e3o, filosofia e espiritualidade.<\/span>\r\n    <\/li>\r\n  <\/ul>\r\n<\/div>\n\n\n\n<p>A frase <em>\u201cPara quem tem f\u00e9, nenhuma explica\u00e7\u00e3o \u00e9 necess\u00e1ria\u201d<\/em>, atribu\u00edda a Tom\u00e1s de Aquino, atravessa s\u00e9culos como um dos pilares do pensamento religioso e filos\u00f3fico ocidental. No campo da cultura e da filosofia crist\u00e3, ela expressa um conceito central da escol\u00e1stica medieval, onde f\u00e9 e raz\u00e3o dialogam, mas n\u00e3o necessariamente competem. Mais do que uma afirma\u00e7\u00e3o teol\u00f3gica, trata-se de uma reflex\u00e3o profunda sobre o papel da cren\u00e7a na experi\u00eancia humana.<\/p>\n\n\n\n<h2 class=\"wp-block-heading\">Quem \u00e9 Tom\u00e1s de Aquino e por que sua voz importa<\/h2>\n\n\n\n<p>Tom\u00e1s de Aquino foi um dos maiores fil\u00f3sofos e te\u00f3logos da Idade M\u00e9dia, conhecido por sistematizar a escol\u00e1stica, corrente que buscava conciliar a f\u00e9 crist\u00e3 com a filosofia aristot\u00e9lica. Sua obra mais emblem\u00e1tica, a <strong>Suma Teol\u00f3gica<\/strong>, \u00e9 considerada um dos textos fundamentais do pensamento religioso ocidental.<\/p>\n\n\n\n<p>Inserido no contexto cultural medieval, Aquino construiu uma base intelectual s\u00f3lida para o cristianismo, influenciando universidades, doutrinas e debates filos\u00f3ficos at\u00e9 hoje. Sua abordagem racional da f\u00e9 tornou seu pensamento uma refer\u00eancia duradoura na hist\u00f3ria da filosofia.<\/p>\n\n\n\n<figure class=\"wp-block-embed is-type-video is-provider-youtube wp-block-embed-youtube wp-embed-aspect-16-9 wp-has-aspect-ratio\"><div class=\"wp-block-embed__wrapper\">\n<div class=\"jeg_video_container jeg_video_content\"><iframe loading=\"lazy\" title=\"ESCOL\u00c1STICA: entenda TOM\u00c1S DE AQUINO (5 vias)\" width=\"500\" height=\"281\" src=\"https:\/\/www.youtube.com\/embed\/6C4_ltcebJA?feature=oembed\" frameborder=\"0\" allow=\"accelerometer; autoplay; clipboard-write; encrypted-media; gyroscope; picture-in-picture; web-share\" referrerpolicy=\"strict-origin-when-cross-origin\" allowfullscreen><\/iframe><\/div>\n<\/div><\/figure>\n\n\n\n<h2 class=\"wp-block-heading\">O que Tom\u00e1s de Aquino quis dizer com essa frase<\/h2>\n\n\n\n<p>A frase reflete uma ideia central na teologia de Aquino: a f\u00e9, quando genu\u00edna, n\u00e3o depende de comprova\u00e7\u00e3o racional para se sustentar. Para ele, a raz\u00e3o pode apoiar a cren\u00e7a, mas n\u00e3o \u00e9 indispens\u00e1vel para quem j\u00e1 alcan\u00e7ou a convic\u00e7\u00e3o espiritual.<\/p>\n\n\n\n<p>No contexto cultural e religioso, essa vis\u00e3o n\u00e3o rejeita a l\u00f3gica, mas a posiciona como complementar. A f\u00e9 seria uma forma de conhecimento superior, capaz de transcender argumentos e explica\u00e7\u00f5es, especialmente em quest\u00f5es metaf\u00edsicas e divinas.<\/p>\n\n\n\n<h2 class=\"wp-block-heading\">F\u00e9 e escol\u00e1stica: o contexto por tr\u00e1s das palavras<\/h2>\n\n\n\n<p>A escol\u00e1stica, movimento intelectual dominante na Idade M\u00e9dia, buscava harmonizar filosofia e religi\u00e3o. Nesse cen\u00e1rio, a f\u00e9 crist\u00e3 era frequentemente analisada por meio da l\u00f3gica aristot\u00e9lica, criando um di\u00e1logo entre cren\u00e7a e raz\u00e3o.<\/p>\n\n\n\n<p>Tom\u00e1s de Aquino destacou-se ao propor que ambas poderiam coexistir sem conflito. A frase refor\u00e7a esse equil\u00edbrio, mostrando que, embora a raz\u00e3o seja importante no debate filos\u00f3fico, a experi\u00eancia da f\u00e9 ultrapassa os limites do racioc\u00ednio humano.<\/p>\n\n\n\n<link href=\"https:\/\/fonts.googleapis.com\/css2?family=Merriweather:wght@700&#038;family=Open+Sans:wght@400;600;700&#038;display=swap\" rel=\"stylesheet\">\r\n<style>\r\n.rdp-cards-wrapper .jnews_inline_related_post_wrapper,\r\n.rdp-cards-wrapper .jnews_inline_related_post,\r\n.rdp-cards-wrapper .jeg_postblock,\r\n.rdp-cards-wrapper [class*=\"jnews_inline\"],\r\n.rdp-cards-wrapper [class*=\"jeg_postblock\"],\r\n.rdp-cards-wrapper [class*=\"jeg_block\"] {\r\n  display: none !important;\r\n  height: 0 !important;\r\n  max-height: 0 !important;\r\n  overflow: hidden !important;\r\n  visibility: hidden !important;\r\n  margin: 0 !important;\r\n  padding: 0 !important;\r\n  border: none !important;\r\n  font-size: 0 !important;\r\n  line-height: 0 !important;\r\n}\r\n.rdp-cards-wrapper {\r\n  max-width: 100%;\r\n  margin: 32px 0;\r\n  background: #F5F7FA;\r\n  border: 1px solid #E1E5EB;\r\n  border-radius: 10px;\r\n  padding: 28px 28px 20px;\r\n  font-family: 'Open Sans', sans-serif;\r\n  overflow: hidden;\r\n  contain: layout style;\r\n  isolation: isolate;\r\n  position: relative;\r\n  z-index: 1;\r\n}\r\n.rdp-cards-wrapper > *:not(.rdp-cards-title):not(.rdp-cards-grid) {\r\n  display: none !important;\r\n}\r\n.rdp-cards-title {\r\n  font-family: 'Merriweather', serif;\r\n  font-size: 20px;\r\n  font-weight: 700;\r\n  text-align: center;\r\n  margin-bottom: 20px;\r\n}\r\n.rdp-cards-grid {\r\n  display: grid;\r\n  grid-template-columns: repeat(3, 1fr);\r\n  gap: 18px;\r\n}\r\n.rdp-cards-item {\r\n  background: #FFFFFF;\r\n  border: 1px solid #E1E5EB;\r\n  border-top: 3px solid #2B5A83;\r\n  border-radius: 10px;\r\n  padding: 20px;\r\n}\r\n.rdp-cards-emoji {\r\n  font-size: 32px;\r\n  margin-bottom: 10px;\r\n}\r\n.rdp-cards-item-title {\r\n  font-weight: 700;\r\n  margin-bottom: 8px;\r\n}\r\n.rdp-cards-item-desc {\r\n  font-size: 14px;\r\n  color: #4A4A4A;\r\n}\r\n@media (max-width: 768px) {\r\n  .rdp-cards-grid {\r\n    grid-template-columns: 1fr;\r\n  }\r\n}\r\n<\/style>\r\n<div class=\"rdp-cards-wrapper\">\r\n  <div class=\"rdp-cards-title\">Saiba mais sobre o tema<\/div>\r\n  <div class=\"rdp-cards-grid\">\r\n    <div class=\"rdp-cards-item\">\r\n      <span class=\"rdp-cards-emoji\">\ud83d\udcda<\/span>\r\n      <div class=\"rdp-cards-item-title\">Suma Teol\u00f3gica<\/div>\r\n      <p class=\"rdp-cards-item-desc\">A principal obra de Aquino re\u00fane argumentos filos\u00f3ficos e teol\u00f3gicos que influenciam o pensamento ocidental at\u00e9 hoje.<\/p>\r\n    <\/div>\r\n    <div class=\"rdp-cards-item\">\r\n      <span class=\"rdp-cards-emoji\">\u26ea<\/span>\r\n      <div class=\"rdp-cards-item-title\">Escol\u00e1stica medieval<\/div>\r\n      <p class=\"rdp-cards-item-desc\">Movimento intelectual que dominou as universidades europeias, unindo f\u00e9 crist\u00e3 e filosofia cl\u00e1ssica.<\/p>\r\n    <\/div>\r\n    <div class=\"rdp-cards-item\">\r\n      <span class=\"rdp-cards-emoji\">\ud83e\udde0<\/span>\r\n      <div class=\"rdp-cards-item-title\">F\u00e9 e raz\u00e3o<\/div>\r\n      <p class=\"rdp-cards-item-desc\">Aquino defendia que ambas coexistem, mas que a f\u00e9 pode ultrapassar os limites da raz\u00e3o humana.<\/p>\r\n    <\/div>\r\n  <\/div>\r\n<\/div>\r\n<div style=\"clear:both;height:0;overflow:hidden;\"><\/div>\n\n\n\n<h2 class=\"wp-block-heading\">Por que essa declara\u00e7\u00e3o repercutiu<\/h2>\n\n\n\n<p>A frase continua sendo amplamente citada em debates culturais e religiosos porque sintetiza um dilema ainda presente: at\u00e9 que ponto a raz\u00e3o explica a f\u00e9. Em tempos de ci\u00eancia e racionalidade, a afirma\u00e7\u00e3o provoca reflex\u00e3o sobre limites do conhecimento humano.<\/p>\n\n\n\n<p>Ela tamb\u00e9m ecoa em discursos contempor\u00e2neos sobre espiritualidade, mostrando como ideias medievais permanecem relevantes. Em entrevistas, publica\u00e7\u00f5es e discuss\u00f5es teol\u00f3gicas, a cita\u00e7\u00e3o surge como um lembrete da dimens\u00e3o subjetiva da cren\u00e7a.<\/p>\n\n\n\n<h2 class=\"wp-block-heading\">O legado e a relev\u00e2ncia para a cultura<\/h2>\n\n\n\n<p>O pensamento de Tom\u00e1s de Aquino permanece central na cultura filos\u00f3fica e religiosa. Sua capacidade de integrar l\u00f3gica, teologia e reflex\u00e3o continua influenciando o modo como a f\u00e9 \u00e9 debatida no cen\u00e1rio intelectual e cultural contempor\u00e2neo.<\/p>\n\n\n\n<p>No fim, a frase n\u00e3o encerra um debate, ela o amplia. Entre raz\u00e3o e f\u00e9, o leitor \u00e9 convidado a refletir sobre aquilo que explica o mundo e aquilo que simplesmente se acredita.<\/p>\n","protected":false},"excerpt":{"rendered":"<p>Resumo Pensamento cl\u00e1ssico: A frase de Tom\u00e1s de Aquino sintetiza a rela\u00e7\u00e3o entre f\u00e9 e raz\u00e3o na tradi\u00e7\u00e3o filos\u00f3fica crist\u00e3. Tema central: A confian\u00e7a absoluta na f\u00e9 como algo que transcende explica\u00e7\u00f5es racionais e l\u00f3gicas. Relev\u00e2ncia cultural: O pensamento escol\u00e1stico segue influente nos debates contempor\u00e2neos sobre religi\u00e3o, filosofia e espiritualidade. A frase \u201cPara quem tem [&hellip;]<\/p>\n","protected":false},"author":23,"featured_media":128246,"comment_status":"open","ping_status":"open","sticky":false,"template":"","format":"standard","meta":{"jnews-multi-image_gallery":[],"jnews_single_post":{"format":"standard"},"jnews_primary_category":[],"jnews_social_meta":[],"jnews_override_counter":[],"footnotes":""},"categories":[3046,475],"tags":[1015,8533,23579],"class_list":["post-128245","post","type-post","status-publish","format-standard","has-post-thumbnail","hentry","category-curiosidades","category-entretenimento","tag-fe","tag-filosofia","tag-tomas-de-aquino"],"yoast_head":"<!-- This site is optimized with the Yoast SEO plugin v26.5 - https:\/\/yoast.com\/wordpress\/plugins\/seo\/ -->\n<title>Tom\u00e1s de Aquino, sistematizador da escol\u00e1stica e autor da Suma Teol\u00f3gica: \u201cPara quem tem f\u00e9, nenhuma explica\u00e7\u00e3o \u00e9 necess\u00e1ria\u201d - UAI Not\u00edcias<\/title>\n<meta name=\"description\" content=\"O pensamento de Tom\u00e1s de Aquino sobre f\u00e9 atravessa s\u00e9culos e revela uma vis\u00e3o que ainda provoca reflex\u00e3o nos dias atuais\" \/>\n<meta name=\"robots\" content=\"index, follow, max-snippet:-1, max-image-preview:large, max-video-preview:-1\" \/>\n<link rel=\"canonical\" href=\"https:\/\/www.uai.com.br\/uainoticias\/2026\/04\/29\/tomas-de-aquino-sistematizador-da-escolastica-e-autor-da-suma-teologica-para-quem-tem-fe-nenhuma-explicacao-e-necessaria\/\" \/>\n<meta property=\"og:locale\" content=\"pt_BR\" \/>\n<meta property=\"og:type\" content=\"article\" \/>\n<meta property=\"og:title\" content=\"Tom\u00e1s de Aquino, sistematizador da escol\u00e1stica e autor da Suma Teol\u00f3gica: \u201cPara quem tem f\u00e9, nenhuma explica\u00e7\u00e3o \u00e9 necess\u00e1ria\u201d - UAI Not\u00edcias\" \/>\n<meta property=\"og:description\" content=\"O pensamento de Tom\u00e1s de Aquino sobre f\u00e9 atravessa s\u00e9culos e revela uma vis\u00e3o que ainda provoca reflex\u00e3o nos dias atuais\" \/>\n<meta property=\"og:url\" content=\"https:\/\/www.uai.com.br\/uainoticias\/2026\/04\/29\/tomas-de-aquino-sistematizador-da-escolastica-e-autor-da-suma-teologica-para-quem-tem-fe-nenhuma-explicacao-e-necessaria\/\" \/>\n<meta property=\"og:site_name\" content=\"UAI Not\u00edcias\" \/>\n<meta property=\"article:published_time\" content=\"2026-04-29T21:45:00+00:00\" \/>\n<meta property=\"og:image\" content=\"https:\/\/www.uai.com.br\/uainoticias\/wp-content\/uploads\/2026\/04\/Design_sem_nome-2026-04-28T152059.467.jpg\" \/>\n\t<meta property=\"og:image:width\" content=\"1280\" \/>\n\t<meta property=\"og:image:height\" content=\"720\" \/>\n\t<meta property=\"og:image:type\" content=\"image\/jpeg\" \/>\n<meta name=\"author\" content=\"Gustavo Trindade\" \/>\n<meta name=\"twitter:card\" content=\"summary_large_image\" \/>\n<meta name=\"twitter:label1\" content=\"Escrito por\" \/>\n\t<meta name=\"twitter:data1\" content=\"Gustavo Trindade\" \/>\n\t<meta name=\"twitter:label2\" content=\"Est. tempo de leitura\" \/>\n\t<meta name=\"twitter:data2\" content=\"4 minutos\" \/>\n<!-- \/ Yoast SEO plugin. -->","yoast_head_json":{"title":"Tom\u00e1s de Aquino, sistematizador da escol\u00e1stica e autor da Suma Teol\u00f3gica: \u201cPara quem tem f\u00e9, nenhuma explica\u00e7\u00e3o \u00e9 necess\u00e1ria\u201d - UAI Not\u00edcias","description":"O pensamento de Tom\u00e1s de Aquino sobre f\u00e9 atravessa s\u00e9culos e revela uma vis\u00e3o que ainda provoca reflex\u00e3o nos dias atuais","robots":{"index":"index","follow":"follow","max-snippet":"max-snippet:-1","max-image-preview":"max-image-preview:large","max-video-preview":"max-video-preview:-1"},"canonical":"https:\/\/www.uai.com.br\/uainoticias\/2026\/04\/29\/tomas-de-aquino-sistematizador-da-escolastica-e-autor-da-suma-teologica-para-quem-tem-fe-nenhuma-explicacao-e-necessaria\/","og_locale":"pt_BR","og_type":"article","og_title":"Tom\u00e1s de Aquino, sistematizador da escol\u00e1stica e autor da Suma Teol\u00f3gica: \u201cPara quem tem f\u00e9, nenhuma explica\u00e7\u00e3o \u00e9 necess\u00e1ria\u201d - UAI Not\u00edcias","og_description":"O pensamento de Tom\u00e1s de Aquino sobre f\u00e9 atravessa s\u00e9culos e revela uma vis\u00e3o que ainda provoca reflex\u00e3o nos dias atuais","og_url":"https:\/\/www.uai.com.br\/uainoticias\/2026\/04\/29\/tomas-de-aquino-sistematizador-da-escolastica-e-autor-da-suma-teologica-para-quem-tem-fe-nenhuma-explicacao-e-necessaria\/","og_site_name":"UAI Not\u00edcias","article_published_time":"2026-04-29T21:45:00+00:00","og_image":[{"width":1280,"height":720,"url":"https:\/\/www.uai.com.br\/uainoticias\/wp-content\/uploads\/2026\/04\/Design_sem_nome-2026-04-28T152059.467.jpg","type":"image\/jpeg"}],"author":"Gustavo Trindade","twitter_card":"summary_large_image","twitter_misc":{"Escrito por":"Gustavo Trindade","Est. tempo de leitura":"4 minutos"},"schema":{"@context":"https:\/\/schema.org","@graph":[{"@type":"WebPage","@id":"https:\/\/www.uai.com.br\/uainoticias\/2026\/04\/29\/tomas-de-aquino-sistematizador-da-escolastica-e-autor-da-suma-teologica-para-quem-tem-fe-nenhuma-explicacao-e-necessaria\/","url":"https:\/\/www.uai.com.br\/uainoticias\/2026\/04\/29\/tomas-de-aquino-sistematizador-da-escolastica-e-autor-da-suma-teologica-para-quem-tem-fe-nenhuma-explicacao-e-necessaria\/","name":"Tom\u00e1s de Aquino, sistematizador da escol\u00e1stica e autor da Suma Teol\u00f3gica: \u201cPara quem tem f\u00e9, nenhuma explica\u00e7\u00e3o \u00e9 necess\u00e1ria\u201d - UAI Not\u00edcias","isPartOf":{"@id":"https:\/\/www.uai.com.br\/uainoticias\/#website"},"primaryImageOfPage":{"@id":"https:\/\/www.uai.com.br\/uainoticias\/2026\/04\/29\/tomas-de-aquino-sistematizador-da-escolastica-e-autor-da-suma-teologica-para-quem-tem-fe-nenhuma-explicacao-e-necessaria\/#primaryimage"},"image":{"@id":"https:\/\/www.uai.com.br\/uainoticias\/2026\/04\/29\/tomas-de-aquino-sistematizador-da-escolastica-e-autor-da-suma-teologica-para-quem-tem-fe-nenhuma-explicacao-e-necessaria\/#primaryimage"},"thumbnailUrl":"https:\/\/www.uai.com.br\/uainoticias\/wp-content\/uploads\/2026\/04\/Design_sem_nome-2026-04-28T152059.467.jpg","datePublished":"2026-04-29T21:45:00+00:00","author":{"@id":"https:\/\/www.uai.com.br\/uainoticias\/#\/schema\/person\/060f8bb02e250479c83590e2c4706fcc"},"description":"O pensamento de Tom\u00e1s de Aquino sobre f\u00e9 atravessa s\u00e9culos e revela uma vis\u00e3o que ainda provoca reflex\u00e3o nos dias atuais","breadcrumb":{"@id":"https:\/\/www.uai.com.br\/uainoticias\/2026\/04\/29\/tomas-de-aquino-sistematizador-da-escolastica-e-autor-da-suma-teologica-para-quem-tem-fe-nenhuma-explicacao-e-necessaria\/#breadcrumb"},"inLanguage":"pt-BR","potentialAction":[{"@type":"ReadAction","target":["https:\/\/www.uai.com.br\/uainoticias\/2026\/04\/29\/tomas-de-aquino-sistematizador-da-escolastica-e-autor-da-suma-teologica-para-quem-tem-fe-nenhuma-explicacao-e-necessaria\/"]}]},{"@type":"ImageObject","inLanguage":"pt-BR","@id":"https:\/\/www.uai.com.br\/uainoticias\/2026\/04\/29\/tomas-de-aquino-sistematizador-da-escolastica-e-autor-da-suma-teologica-para-quem-tem-fe-nenhuma-explicacao-e-necessaria\/#primaryimage","url":"https:\/\/www.uai.com.br\/uainoticias\/wp-content\/uploads\/2026\/04\/Design_sem_nome-2026-04-28T152059.467.jpg","contentUrl":"https:\/\/www.uai.com.br\/uainoticias\/wp-content\/uploads\/2026\/04\/Design_sem_nome-2026-04-28T152059.467.jpg","width":1280,"height":720,"caption":"Reflex\u00e3o filos\u00f3fica sobre f\u00e9 que ultrapassa a l\u00f3gica racional"},{"@type":"BreadcrumbList","@id":"https:\/\/www.uai.com.br\/uainoticias\/2026\/04\/29\/tomas-de-aquino-sistematizador-da-escolastica-e-autor-da-suma-teologica-para-quem-tem-fe-nenhuma-explicacao-e-necessaria\/#breadcrumb","itemListElement":[{"@type":"ListItem","position":1,"name":"In\u00edcio","item":"https:\/\/www.uai.com.br\/uainoticias\/"},{"@type":"ListItem","position":2,"name":"Tom\u00e1s de Aquino, sistematizador da escol\u00e1stica e autor da Suma Teol\u00f3gica: \u201cPara quem tem f\u00e9, nenhuma explica\u00e7\u00e3o \u00e9 necess\u00e1ria\u201d"}]},{"@type":"WebSite","@id":"https:\/\/www.uai.com.br\/uainoticias\/#website","url":"https:\/\/www.uai.com.br\/uainoticias\/","name":"UAI Not\u00edcias","description":"Acompanhe as \u00faltimas not\u00edcias e fique bem informado sobre tudo o que acontece no Brasil e no mundo.","potentialAction":[{"@type":"SearchAction","target":{"@type":"EntryPoint","urlTemplate":"https:\/\/www.uai.com.br\/uainoticias\/?s={search_term_string}"},"query-input":{"@type":"PropertyValueSpecification","valueRequired":true,"valueName":"search_term_string"}}],"inLanguage":"pt-BR"},{"@type":"Person","@id":"https:\/\/www.uai.com.br\/uainoticias\/#\/schema\/person\/060f8bb02e250479c83590e2c4706fcc","name":"Gustavo Trindade","image":{"@type":"ImageObject","inLanguage":"pt-BR","@id":"https:\/\/www.uai.com.br\/uainoticias\/#\/schema\/person\/image\/","url":"https:\/\/secure.gravatar.com\/avatar\/05714a54ada0bd2b20e75b2c72a9e7802581213945810c2354d320b79f27b427?s=96&d=mm&r=g","contentUrl":"https:\/\/secure.gravatar.com\/avatar\/05714a54ada0bd2b20e75b2c72a9e7802581213945810c2354d320b79f27b427?s=96&d=mm&r=g","caption":"Gustavo Trindade"},"sameAs":["https:\/\/www.uai.com.br\/uainoticias\/"],"url":"https:\/\/www.uai.com.br\/uainoticias\/author\/gustavotrindade\/"}]}},"_links":{"self":[{"href":"https:\/\/www.uai.com.br\/uainoticias\/wp-json\/wp\/v2\/posts\/128245","targetHints":{"allow":["GET"]}}],"collection":[{"href":"https:\/\/www.uai.com.br\/uainoticias\/wp-json\/wp\/v2\/posts"}],"about":[{"href":"https:\/\/www.uai.com.br\/uainoticias\/wp-json\/wp\/v2\/types\/post"}],"author":[{"embeddable":true,"href":"https:\/\/www.uai.com.br\/uainoticias\/wp-json\/wp\/v2\/users\/23"}],"replies":[{"embeddable":true,"href":"https:\/\/www.uai.com.br\/uainoticias\/wp-json\/wp\/v2\/comments?post=128245"}],"version-history":[{"count":1,"href":"https:\/\/www.uai.com.br\/uainoticias\/wp-json\/wp\/v2\/posts\/128245\/revisions"}],"predecessor-version":[{"id":128247,"href":"https:\/\/www.uai.com.br\/uainoticias\/wp-json\/wp\/v2\/posts\/128245\/revisions\/128247"}],"wp:featuredmedia":[{"embeddable":true,"href":"https:\/\/www.uai.com.br\/uainoticias\/wp-json\/wp\/v2\/media\/128246"}],"wp:attachment":[{"href":"https:\/\/www.uai.com.br\/uainoticias\/wp-json\/wp\/v2\/media?parent=128245"}],"wp:term":[{"taxonomy":"category","embeddable":true,"href":"https:\/\/www.uai.com.br\/uainoticias\/wp-json\/wp\/v2\/categories?post=128245"},{"taxonomy":"post_tag","embeddable":true,"href":"https:\/\/www.uai.com.br\/uainoticias\/wp-json\/wp\/v2\/tags?post=128245"}],"curies":[{"name":"wp","href":"https:\/\/api.w.org\/{rel}","templated":true}]}}