{"id":128232,"date":"2026-04-29T18:15:00","date_gmt":"2026-04-29T21:15:00","guid":{"rendered":"https:\/\/www.uai.com.br\/uainoticias\/?p=128232"},"modified":"2026-04-28T15:18:46","modified_gmt":"2026-04-28T18:18:46","slug":"por-que-a-vitamina-d-vai-muito-alem-dos-ossos-e-pode-afetar-sua-imunidade","status":"publish","type":"post","link":"https:\/\/www.uai.com.br\/uainoticias\/2026\/04\/29\/por-que-a-vitamina-d-vai-muito-alem-dos-ossos-e-pode-afetar-sua-imunidade\/","title":{"rendered":"Por que a vitamina D vai muito al\u00e9m dos ossos e pode afetar sua imunidade"},"content":{"rendered":"\n<link href=\"https:\/\/fonts.googleapis.com\/css2?family=Inter:wght@400;600;700;800&#038;display=swap\" rel=\"stylesheet\">\r\n<style>\r\n\/* Prote\u00e7\u00e3o contra inje\u00e7\u00e3o do \"Veja Tamb\u00e9m\" (JNews inline related posts) *\/\r\n.rdp-curiosidades-wrapper .jnews_inline_related_post_wrapper,\r\n.rdp-curiosidades-wrapper .jnews_inline_related_post,\r\n.rdp-curiosidades-wrapper .jeg_postblock,\r\n.rdp-curiosidades-wrapper [class*=\"jnews_inline\"],\r\n.rdp-curiosidades-wrapper [class*=\"jeg_postblock\"],\r\n.rdp-curiosidades-wrapper [class*=\"jeg_block\"] {\r\n  display: none !important;\r\n  height: 0 !important;\r\n  max-height: 0 !important;\r\n  overflow: hidden !important;\r\n  visibility: hidden !important;\r\n  margin: 0 !important;\r\n  padding: 0 !important;\r\n  border: none !important;\r\n  font-size: 0 !important;\r\n  line-height: 0 !important;\r\n}\r\n.rdp-curiosidades-wrapper {\r\n  max-width: 620px;\r\n  margin: 28px auto;\r\n  background: #FFFFFF;\r\n  border: 1px solid #E0E0E0;\r\n  border-top: 3px solid #2FC3EE;\r\n  border-radius: 12px;\r\n  padding: 28px 32px;\r\n  font-family: 'Inter', sans-serif;\r\n  box-shadow: 0 4px 20px rgba(47,195,238,0.18);\r\n  overflow: hidden;\r\n  contain: layout style;\r\n  isolation: isolate;\r\n  position: relative;\r\n  z-index: 1;\r\n}\r\n.rdp-curiosidades-wrapper > *:not(.rdp-curiosidades-header):not(.rdp-curiosidades-list) {\r\n  display: none !important;\r\n  height: 0 !important;\r\n  overflow: hidden !important;\r\n  margin: 0 !important;\r\n  padding: 0 !important;\r\n  border: none !important;\r\n}\r\n.rdp-curiosidades-header {\r\n  display: flex;\r\n  align-items: center;\r\n  justify-content: center;\r\n  gap: 16px;\r\n  margin-bottom: 24px;\r\n}\r\n.rdp-curiosidades-line {\r\n  flex: 1;\r\n  height: 1px;\r\n  background: #E0E0E0;\r\n}\r\n.rdp-curiosidades-title {\r\n  font-family: 'Inter', sans-serif;\r\n  font-size: 12px;\r\n  font-weight: 800;\r\n  text-transform: uppercase;\r\n  letter-spacing: 4px;\r\n  color: #1A1A1A;\r\n  white-space: nowrap;\r\n}\r\n.rdp-curiosidades-list {\r\n  list-style: none;\r\n  padding: 0;\r\n  margin: 0;\r\n  text-align: center;\r\n}\r\n.rdp-curiosidades-item {\r\n  padding: 0 0 18px 0;\r\n  line-height: 1.7;\r\n}\r\n.rdp-curiosidades-item:last-child {\r\n  padding-bottom: 0;\r\n}\r\n.rdp-curiosidades-item-bullet {\r\n  display: inline-block;\r\n  width: 8px;\r\n  height: 8px;\r\n  background: #2FC3EE;\r\n  border-radius: 50%;\r\n  box-shadow: 0 0 6px rgba(47,195,238,0.40);\r\n  margin-right: 10px;\r\n  vertical-align: middle;\r\n}\r\n.rdp-curiosidades-item-title {\r\n  font-size: 15px;\r\n  font-weight: 700;\r\n  color: #1A1A1A;\r\n}\r\n.rdp-curiosidades-item-desc {\r\n  font-size: 15px;\r\n  color: #333333;\r\n  line-height: 1.7;\r\n}\r\n@media (max-width: 768px) {\r\n  .rdp-curiosidades-wrapper {\r\n    max-width: 100%;\r\n    margin: 20px 12px;\r\n    padding: 22px 20px;\r\n  }\r\n}\r\n<\/style>\r\n<div class=\"rdp-curiosidades-wrapper\">\r\n  <div class=\"rdp-curiosidades-header\">\r\n    <span class=\"rdp-curiosidades-line\"><\/span>\r\n    <span class=\"rdp-curiosidades-title\">Curiosidades<\/span>\r\n    <span class=\"rdp-curiosidades-line\"><\/span>\r\n  <\/div>\r\n  <ul class=\"rdp-curiosidades-list\">\r\n    <li class=\"rdp-curiosidades-item\">\r\n      <span class=\"rdp-curiosidades-item-bullet\"><\/span><span class=\"rdp-curiosidades-item-title\">Muito al\u00e9m dos ossos:<\/span> <span class=\"rdp-curiosidades-item-desc\">A vitamina D atua diretamente no sistema imunol\u00f3gico e pode influenciar inflama\u00e7\u00f5es no corpo inteiro.<\/span>\r\n    <\/li>\r\n    <li class=\"rdp-curiosidades-item\">\r\n      <span class=\"rdp-curiosidades-item-bullet\"><\/span><span class=\"rdp-curiosidades-item-title\">Impacto no dia a dia:<\/span> <span class=\"rdp-curiosidades-item-desc\">N\u00edveis baixos podem afetar desde a energia at\u00e9 a capacidade do organismo reagir a infec\u00e7\u00f5es comuns.<\/span>\r\n    <\/li>\r\n    <li class=\"rdp-curiosidades-item\">\r\n      <span class=\"rdp-curiosidades-item-bullet\"><\/span><span class=\"rdp-curiosidades-item-title\">Descoberta cient\u00edfica:<\/span> <span class=\"rdp-curiosidades-item-desc\">Pesquisas mostram que a vitamina D regula c\u00e9lulas de defesa e processos inflamat\u00f3rios complexos.<\/span>\r\n    <\/li>\r\n  <\/ul>\r\n<\/div>\r\n<div style=\"clear:both;height:0;overflow:hidden;\"><\/div>\n\n\n\n<p>A <strong>vitamina D<\/strong> \u00e9 frequentemente lembrada como a \u201cvitamina do sol\u201d, mas a ci\u00eancia tem mostrado que seu papel vai muito al\u00e9m de fortalecer ossos. Ela est\u00e1 diretamente ligada \u00e0 <strong>imunidade<\/strong>, \u00e0 sa\u00fade celular e at\u00e9 ao controle da <strong>inflama\u00e7\u00e3o sist\u00eamica<\/strong>, funcionando quase como um regulador silencioso do organismo. E o mais curioso, muita gente tem n\u00edveis baixos sem nem perceber.<\/p>\n\n\n\n<h2 class=\"wp-block-heading\">O que a ci\u00eancia descobriu sobre vitamina D<\/h2>\n\n\n\n<p>A ci\u00eancia tem investigado a <strong>vitamina D<\/strong> como um horm\u00f4nio ativo no corpo, capaz de influenciar genes e c\u00e9lulas. Estudos mostram que ela participa diretamente da resposta do <strong>sistema imunol\u00f3gico<\/strong>, ajudando o organismo a reconhecer e combater v\u00edrus e bact\u00e9rias.<\/p>\n\n\n\n<p>Al\u00e9m disso, a vitamina D regula a absor\u00e7\u00e3o de c\u00e1lcio e f\u00f3sforo, essenciais para a sa\u00fade \u00f3ssea. Mas o mais interessante \u00e9 que ela tamb\u00e9m atua em processos inflamat\u00f3rios, podendo reduzir respostas exageradas do corpo, algo ligado a v\u00e1rias doen\u00e7as modernas.<\/p>\n\n\n<div class=\"wp-block-image\">\n<figure class=\"aligncenter size-large\"><img decoding=\"async\" width=\"1024\" height=\"576\" src=\"https:\/\/www.uai.com.br\/uainoticias\/wp-content\/uploads\/2026\/04\/Design_sem_nome-2026-04-28T151759.019-1024x576.jpg\" alt=\"Por que a vitamina D vai muito al\u00e9m dos ossos e pode afetar sua imunidade\" class=\"wp-image-128241\" srcset=\"https:\/\/www.uai.com.br\/uainoticias\/wp-content\/uploads\/2026\/04\/Design_sem_nome-2026-04-28T151759.019-1024x576.jpg 1024w, https:\/\/www.uai.com.br\/uainoticias\/wp-content\/uploads\/2026\/04\/Design_sem_nome-2026-04-28T151759.019-300x169.jpg 300w, https:\/\/www.uai.com.br\/uainoticias\/wp-content\/uploads\/2026\/04\/Design_sem_nome-2026-04-28T151759.019-768x432.jpg 768w, https:\/\/www.uai.com.br\/uainoticias\/wp-content\/uploads\/2026\/04\/Design_sem_nome-2026-04-28T151759.019-750x422.jpg 750w, https:\/\/www.uai.com.br\/uainoticias\/wp-content\/uploads\/2026\/04\/Design_sem_nome-2026-04-28T151759.019-1140x641.jpg 1140w, https:\/\/www.uai.com.br\/uainoticias\/wp-content\/uploads\/2026\/04\/Design_sem_nome-2026-04-28T151759.019.jpg 1280w\" sizes=\"(max-width: 1024px) 100vw, 1024px\" \/><figcaption class=\"wp-element-caption\">Controle da inflama\u00e7\u00e3o sist\u00eamica e equil\u00edbrio celular<\/figcaption><\/figure><\/div>\n\n\n<h2 class=\"wp-block-heading\">Como isso funciona na pr\u00e1tica<\/h2>\n\n\n\n<p>No dia a dia, a <strong>vitamina D<\/strong> funciona como um \u201cajuste fino\u201d do organismo. Quando os n\u00edveis est\u00e3o adequados, o sistema imune responde melhor a infec\u00e7\u00f5es, como gripes e outras doen\u00e7as respirat\u00f3rias, algo que muita gente percebe sem associar diretamente.<\/p>\n\n\n\n<p>Por outro lado, n\u00edveis baixos podem deixar o corpo mais vulner\u00e1vel e at\u00e9 favorecer inflama\u00e7\u00f5es silenciosas. \u00c9 como se o organismo ficasse \u201cdesregulado\u201d, reagindo de forma menos eficiente ou at\u00e9 exagerada em algumas situa\u00e7\u00f5es.<\/p>\n\n\n\n<figure class=\"wp-block-embed is-type-video is-provider-youtube wp-block-embed-youtube wp-embed-aspect-16-9 wp-has-aspect-ratio\"><div class=\"wp-block-embed__wrapper\">\n<div class=\"jeg_video_container jeg_video_content\"><iframe loading=\"lazy\" title=\"Como a VITAMINA D melhora sua IMUNIDADE | Dra Ingrid Serafim\" width=\"500\" height=\"281\" src=\"https:\/\/www.youtube.com\/embed\/81IAPmnr6zE?feature=oembed\" frameborder=\"0\" allow=\"accelerometer; autoplay; clipboard-write; encrypted-media; gyroscope; picture-in-picture; web-share\" referrerpolicy=\"strict-origin-when-cross-origin\" allowfullscreen><\/iframe><\/div>\n<\/div><\/figure>\n\n\n\n<h2 class=\"wp-block-heading\">Inflama\u00e7\u00e3o sist\u00eamica: o que mais os pesquisadores encontraram<\/h2>\n\n\n\n<p>Um dos pontos mais fascinantes \u00e9 a rela\u00e7\u00e3o entre <strong>vitamina D<\/strong> e <strong>inflama\u00e7\u00e3o sist\u00eamica<\/strong>. Pesquisas indicam que ela ajuda a controlar subst\u00e2ncias inflamat\u00f3rias no sangue, o que pode impactar doen\u00e7as cr\u00f4nicas como diabetes e problemas cardiovasculares.<\/p>\n\n\n\n<p>Isso acontece porque a vitamina D atua em c\u00e9lulas espec\u00edficas do sistema imune, modulando a produ\u00e7\u00e3o de citocinas, mol\u00e9culas que coordenam a inflama\u00e7\u00e3o. Em n\u00edveis equilibrados, o corpo mant\u00e9m um estado mais est\u00e1vel e saud\u00e1vel.<\/p>\n\n\n\n<link href=\"https:\/\/fonts.googleapis.com\/css2?family=Inter:wght@400;600;700;800&#038;display=swap\" rel=\"stylesheet\">\r\n<style>\r\n\/* Prote\u00e7\u00e3o contra inje\u00e7\u00e3o do \"Veja Tamb\u00e9m\" (JNews inline related posts) *\/\r\n.rdp-pontos-wrapper .jnews_inline_related_post_wrapper,\r\n.rdp-pontos-wrapper .jnews_inline_related_post,\r\n.rdp-pontos-wrapper .jeg_postblock,\r\n.rdp-pontos-wrapper [class*=\"jnews_inline\"],\r\n.rdp-pontos-wrapper [class*=\"jeg_postblock\"],\r\n.rdp-pontos-wrapper [class*=\"jeg_block\"] {\r\n  display: none !important;\r\n  height: 0 !important;\r\n  max-height: 0 !important;\r\n  overflow: hidden !important;\r\n  visibility: hidden !important;\r\n  margin: 0 !important;\r\n  padding: 0 !important;\r\n  border: none !important;\r\n  font-size: 0 !important;\r\n  line-height: 0 !important;\r\n}\r\n.rdp-pontos-wrapper {\r\n  max-width: 100%;\r\n  margin: 32px 0;\r\n  background: #F8F9FA;\r\n  border: 1px solid #E0E0E0;\r\n  border-radius: 12px;\r\n  padding: 28px 28px 20px;\r\n  font-family: 'Inter', sans-serif;\r\n  box-shadow: 0 4px 20px rgba(47,195,238,0.12);\r\n  overflow: hidden;\r\n  contain: layout style;\r\n  isolation: isolate;\r\n  position: relative;\r\n  z-index: 1;\r\n}\r\n.rdp-pontos-wrapper > *:not(.rdp-pontos-title):not(.rdp-pontos-grid) {\r\n  display: none !important;\r\n  height: 0 !important;\r\n  overflow: hidden !important;\r\n  margin: 0 !important;\r\n  padding: 0 !important;\r\n  border: none !important;\r\n}\r\n.rdp-pontos-title {\r\n  font-family: 'Inter', sans-serif;\r\n  font-size: 20px;\r\n  font-weight: 800;\r\n  color: #1A1A1A;\r\n  margin: 0 0 20px 0;\r\n  line-height: 1.3;\r\n  text-align: center;\r\n}\r\n.rdp-pontos-grid {\r\n  display: grid;\r\n  grid-template-columns: repeat(3, 1fr);\r\n  gap: 18px;\r\n}\r\n.rdp-pontos-item {\r\n  background: #FFFFFF;\r\n  border: 1px solid #E0E0E0;\r\n  border-top: 3px solid #2FC3EE;\r\n  border-radius: 10px;\r\n  padding: 22px 20px;\r\n  box-shadow: 0 2px 10px rgba(47,195,238,0.10);\r\n  text-align: center;\r\n}\r\n.rdp-pontos-emoji {\r\n  font-size: 32px;\r\n  margin-bottom: 12px;\r\n}\r\n.rdp-pontos-item-title {\r\n  font-size: 15px;\r\n  font-weight: 700;\r\n  color: #1A1A1A;\r\n  margin-bottom: 8px;\r\n}\r\n.rdp-pontos-item-desc {\r\n  font-size: 14px;\r\n  color: #333333;\r\n}\r\n<\/style>\r\n<div class=\"rdp-pontos-wrapper\">\r\n  <div class=\"rdp-pontos-title\">Pontos-chave do estudo<\/div>\r\n  <div class=\"rdp-pontos-grid\">\r\n    <div class=\"rdp-pontos-item\">\r\n      <span class=\"rdp-pontos-emoji\">\ud83d\udd2c<\/span>\r\n      <div class=\"rdp-pontos-item-title\">Fun\u00e7\u00e3o imunol\u00f3gica<\/div>\r\n      <p class=\"rdp-pontos-item-desc\">A vitamina D regula c\u00e9lulas do sistema imune e ajuda na defesa contra infec\u00e7\u00f5es.<\/p>\r\n    <\/div>\r\n    <div class=\"rdp-pontos-item\">\r\n      <span class=\"rdp-pontos-emoji\">\ud83e\udde0<\/span>\r\n      <div class=\"rdp-pontos-item-title\">Equil\u00edbrio corporal<\/div>\r\n      <p class=\"rdp-pontos-item-desc\">Ela atua como reguladora de processos inflamat\u00f3rios e do funcionamento do organismo.<\/p>\r\n    <\/div>\r\n    <div class=\"rdp-pontos-item\">\r\n      <span class=\"rdp-pontos-emoji\">\ud83c\udf0d<\/span>\r\n      <div class=\"rdp-pontos-item-title\">Impacto na sa\u00fade<\/div>\r\n      <p class=\"rdp-pontos-item-desc\">Baixos n\u00edveis podem estar ligados a doen\u00e7as cr\u00f4nicas e maior vulnerabilidade.<\/p>\r\n    <\/div>\r\n  <\/div>\r\n<\/div>\r\n<div style=\"clear:both;height:0;overflow:hidden;\"><\/div>\n\n\n\n<p>Os mecanismos por tr\u00e1s dessas descobertas est\u00e3o descritos em pesquisas cient\u00edficas, como a <a href=\"https:\/\/pubmed.ncbi.nlm.nih.gov\/23306192\/\" target=\"_blank\" rel=\"noreferrer noopener\">revis\u00e3o publicada no PubMed sobre vitamina D e sistema imunol\u00f3gico<\/a>, que detalha como essa vitamina atua em diferentes c\u00e9lulas do corpo.<\/p>\n\n\n\n<h2 class=\"wp-block-heading\">Por que essa descoberta importa para voc\u00ea<\/h2>\n\n\n\n<p>Entender o papel da <strong>vitamina D<\/strong> muda a forma como vemos a sa\u00fade. N\u00e3o se trata apenas de ossos fortes, mas de manter o corpo equilibrado, com um sistema imune eficiente e uma resposta inflamat\u00f3ria controlada.<\/p>\n\n\n\n<p>Isso ajuda a explicar por que m\u00e9dicos frequentemente investigam seus n\u00edveis em exames de rotina. Pequenos ajustes, como exposi\u00e7\u00e3o ao sol ou alimenta\u00e7\u00e3o adequada, podem fazer diferen\u00e7a no bem-estar geral.<\/p>\n\n\n\n<h2 class=\"wp-block-heading\">O que mais a ci\u00eancia est\u00e1 investigando sobre vitamina D<\/h2>\n\n\n\n<p>A ci\u00eancia continua explorando como a <strong>vitamina D<\/strong> pode influenciar doen\u00e7as autoimunes, sa\u00fade mental e at\u00e9 envelhecimento. Novos estudos buscam entender exatamente quais n\u00edveis s\u00e3o ideais e como personalizar recomenda\u00e7\u00f5es para cada pessoa.<\/p>\n\n\n\n<p>No fim das contas, a <strong>vitamina D<\/strong> mostra como algo simples, como tomar sol, pode ter efeitos profundos no organismo. E quanto mais a ci\u00eancia investiga, mais fica claro que o corpo humano \u00e9 um sistema conectado e cheio de surpresas.<\/p>\n\n\n\n<p><strong><em>ATEN\u00c7\u00c3O: As informa\u00e7\u00f5es apresentadas neste conte\u00fado t\u00eam car\u00e1ter exclusivamente informativo e n\u00e3o substituem avalia\u00e7\u00e3o, diagn\u00f3stico ou acompanhamento realizado por profissionais da sa\u00fade. N\u00e3o tome medicamentos, n\u00e3o altere doses e n\u00e3o inicie qualquer tipo de tratamento sem orienta\u00e7\u00e3o m\u00e9dica ou de outro especialista habilitado. Em caso de sintomas, d\u00favidas ou necessidade de cuidados espec\u00edficos, procure atendimento profissional.<\/em><\/strong><\/p>\n","protected":false},"excerpt":{"rendered":"<p>Curiosidades Muito al\u00e9m dos ossos: A vitamina D atua diretamente no sistema imunol\u00f3gico e pode influenciar inflama\u00e7\u00f5es no corpo inteiro. Impacto no dia a dia: N\u00edveis baixos podem afetar desde a energia at\u00e9 a capacidade do organismo reagir a infec\u00e7\u00f5es comuns. Descoberta cient\u00edfica: Pesquisas mostram que a vitamina D regula c\u00e9lulas de defesa e processos [&hellip;]<\/p>\n","protected":false},"author":23,"featured_media":128242,"comment_status":"open","ping_status":"open","sticky":false,"template":"","format":"standard","meta":{"jnews-multi-image_gallery":[],"jnews_single_post":{"format":"standard"},"jnews_primary_category":[],"jnews_social_meta":[],"jnews_override_counter":[],"footnotes":""},"categories":[3046,475],"tags":[4976,4663,327,3594],"class_list":["post-128232","post","type-post","status-publish","format-standard","has-post-thumbnail","hentry","category-curiosidades","category-entretenimento","tag-imunidade","tag-inflamacao","tag-saude","tag-vitamina-d"],"yoast_head":"<!-- This site is optimized with the Yoast SEO plugin v26.5 - https:\/\/yoast.com\/wordpress\/plugins\/seo\/ -->\n<title>Por que a vitamina D vai muito al\u00e9m dos ossos e pode afetar sua imunidade - UAI Not\u00edcias<\/title>\n<meta name=\"description\" content=\"A vitamina D influencia muito mais que os ossos e pode afetar sua imunidade de formas que voc\u00ea nem imagina descubra os sinais\" \/>\n<meta name=\"robots\" content=\"index, follow, max-snippet:-1, max-image-preview:large, max-video-preview:-1\" \/>\n<link rel=\"canonical\" href=\"https:\/\/www.uai.com.br\/uainoticias\/2026\/04\/29\/por-que-a-vitamina-d-vai-muito-alem-dos-ossos-e-pode-afetar-sua-imunidade\/\" \/>\n<meta property=\"og:locale\" content=\"pt_BR\" \/>\n<meta property=\"og:type\" content=\"article\" \/>\n<meta property=\"og:title\" content=\"Por que a vitamina D vai muito al\u00e9m dos ossos e pode afetar sua imunidade - UAI Not\u00edcias\" \/>\n<meta property=\"og:description\" content=\"A vitamina D influencia muito mais que os ossos e pode afetar sua imunidade de formas que voc\u00ea nem imagina descubra os sinais\" \/>\n<meta property=\"og:url\" content=\"https:\/\/www.uai.com.br\/uainoticias\/2026\/04\/29\/por-que-a-vitamina-d-vai-muito-alem-dos-ossos-e-pode-afetar-sua-imunidade\/\" \/>\n<meta property=\"og:site_name\" content=\"UAI Not\u00edcias\" \/>\n<meta property=\"article:published_time\" content=\"2026-04-29T21:15:00+00:00\" \/>\n<meta property=\"og:image\" content=\"https:\/\/www.uai.com.br\/uainoticias\/wp-content\/uploads\/2026\/04\/Design_sem_nome-2026-04-28T151749.539.jpg\" \/>\n\t<meta property=\"og:image:width\" content=\"1280\" \/>\n\t<meta property=\"og:image:height\" content=\"720\" \/>\n\t<meta property=\"og:image:type\" content=\"image\/jpeg\" \/>\n<meta name=\"author\" content=\"Gustavo Trindade\" \/>\n<meta name=\"twitter:card\" content=\"summary_large_image\" \/>\n<meta name=\"twitter:label1\" content=\"Escrito por\" \/>\n\t<meta name=\"twitter:data1\" content=\"Gustavo Trindade\" \/>\n\t<meta name=\"twitter:label2\" content=\"Est. tempo de leitura\" \/>\n\t<meta name=\"twitter:data2\" content=\"5 minutos\" \/>\n<!-- \/ Yoast SEO plugin. -->","yoast_head_json":{"title":"Por que a vitamina D vai muito al\u00e9m dos ossos e pode afetar sua imunidade - UAI Not\u00edcias","description":"A vitamina D influencia muito mais que os ossos e pode afetar sua imunidade de formas que voc\u00ea nem imagina descubra os sinais","robots":{"index":"index","follow":"follow","max-snippet":"max-snippet:-1","max-image-preview":"max-image-preview:large","max-video-preview":"max-video-preview:-1"},"canonical":"https:\/\/www.uai.com.br\/uainoticias\/2026\/04\/29\/por-que-a-vitamina-d-vai-muito-alem-dos-ossos-e-pode-afetar-sua-imunidade\/","og_locale":"pt_BR","og_type":"article","og_title":"Por que a vitamina D vai muito al\u00e9m dos ossos e pode afetar sua imunidade - UAI Not\u00edcias","og_description":"A vitamina D influencia muito mais que os ossos e pode afetar sua imunidade de formas que voc\u00ea nem imagina descubra os sinais","og_url":"https:\/\/www.uai.com.br\/uainoticias\/2026\/04\/29\/por-que-a-vitamina-d-vai-muito-alem-dos-ossos-e-pode-afetar-sua-imunidade\/","og_site_name":"UAI Not\u00edcias","article_published_time":"2026-04-29T21:15:00+00:00","og_image":[{"width":1280,"height":720,"url":"https:\/\/www.uai.com.br\/uainoticias\/wp-content\/uploads\/2026\/04\/Design_sem_nome-2026-04-28T151749.539.jpg","type":"image\/jpeg"}],"author":"Gustavo Trindade","twitter_card":"summary_large_image","twitter_misc":{"Escrito por":"Gustavo Trindade","Est. tempo de leitura":"5 minutos"},"schema":{"@context":"https:\/\/schema.org","@graph":[{"@type":"WebPage","@id":"https:\/\/www.uai.com.br\/uainoticias\/2026\/04\/29\/por-que-a-vitamina-d-vai-muito-alem-dos-ossos-e-pode-afetar-sua-imunidade\/","url":"https:\/\/www.uai.com.br\/uainoticias\/2026\/04\/29\/por-que-a-vitamina-d-vai-muito-alem-dos-ossos-e-pode-afetar-sua-imunidade\/","name":"Por que a vitamina D vai muito al\u00e9m dos ossos e pode afetar sua imunidade - UAI Not\u00edcias","isPartOf":{"@id":"https:\/\/www.uai.com.br\/uainoticias\/#website"},"primaryImageOfPage":{"@id":"https:\/\/www.uai.com.br\/uainoticias\/2026\/04\/29\/por-que-a-vitamina-d-vai-muito-alem-dos-ossos-e-pode-afetar-sua-imunidade\/#primaryimage"},"image":{"@id":"https:\/\/www.uai.com.br\/uainoticias\/2026\/04\/29\/por-que-a-vitamina-d-vai-muito-alem-dos-ossos-e-pode-afetar-sua-imunidade\/#primaryimage"},"thumbnailUrl":"https:\/\/www.uai.com.br\/uainoticias\/wp-content\/uploads\/2026\/04\/Design_sem_nome-2026-04-28T151749.539.jpg","datePublished":"2026-04-29T21:15:00+00:00","author":{"@id":"https:\/\/www.uai.com.br\/uainoticias\/#\/schema\/person\/060f8bb02e250479c83590e2c4706fcc"},"description":"A vitamina D influencia muito mais que os ossos e pode afetar sua imunidade de formas que voc\u00ea nem imagina descubra os sinais","breadcrumb":{"@id":"https:\/\/www.uai.com.br\/uainoticias\/2026\/04\/29\/por-que-a-vitamina-d-vai-muito-alem-dos-ossos-e-pode-afetar-sua-imunidade\/#breadcrumb"},"inLanguage":"pt-BR","potentialAction":[{"@type":"ReadAction","target":["https:\/\/www.uai.com.br\/uainoticias\/2026\/04\/29\/por-que-a-vitamina-d-vai-muito-alem-dos-ossos-e-pode-afetar-sua-imunidade\/"]}]},{"@type":"ImageObject","inLanguage":"pt-BR","@id":"https:\/\/www.uai.com.br\/uainoticias\/2026\/04\/29\/por-que-a-vitamina-d-vai-muito-alem-dos-ossos-e-pode-afetar-sua-imunidade\/#primaryimage","url":"https:\/\/www.uai.com.br\/uainoticias\/wp-content\/uploads\/2026\/04\/Design_sem_nome-2026-04-28T151749.539.jpg","contentUrl":"https:\/\/www.uai.com.br\/uainoticias\/wp-content\/uploads\/2026\/04\/Design_sem_nome-2026-04-28T151749.539.jpg","width":1280,"height":720,"caption":"Regula\u00e7\u00e3o do sistema imunol\u00f3gico essencial para defesa do organismo"},{"@type":"BreadcrumbList","@id":"https:\/\/www.uai.com.br\/uainoticias\/2026\/04\/29\/por-que-a-vitamina-d-vai-muito-alem-dos-ossos-e-pode-afetar-sua-imunidade\/#breadcrumb","itemListElement":[{"@type":"ListItem","position":1,"name":"In\u00edcio","item":"https:\/\/www.uai.com.br\/uainoticias\/"},{"@type":"ListItem","position":2,"name":"Por que a vitamina D vai muito al\u00e9m dos ossos e pode afetar sua imunidade"}]},{"@type":"WebSite","@id":"https:\/\/www.uai.com.br\/uainoticias\/#website","url":"https:\/\/www.uai.com.br\/uainoticias\/","name":"UAI Not\u00edcias","description":"Acompanhe as \u00faltimas not\u00edcias e fique bem informado sobre tudo o que acontece no Brasil e no mundo.","potentialAction":[{"@type":"SearchAction","target":{"@type":"EntryPoint","urlTemplate":"https:\/\/www.uai.com.br\/uainoticias\/?s={search_term_string}"},"query-input":{"@type":"PropertyValueSpecification","valueRequired":true,"valueName":"search_term_string"}}],"inLanguage":"pt-BR"},{"@type":"Person","@id":"https:\/\/www.uai.com.br\/uainoticias\/#\/schema\/person\/060f8bb02e250479c83590e2c4706fcc","name":"Gustavo Trindade","image":{"@type":"ImageObject","inLanguage":"pt-BR","@id":"https:\/\/www.uai.com.br\/uainoticias\/#\/schema\/person\/image\/","url":"https:\/\/secure.gravatar.com\/avatar\/05714a54ada0bd2b20e75b2c72a9e7802581213945810c2354d320b79f27b427?s=96&d=mm&r=g","contentUrl":"https:\/\/secure.gravatar.com\/avatar\/05714a54ada0bd2b20e75b2c72a9e7802581213945810c2354d320b79f27b427?s=96&d=mm&r=g","caption":"Gustavo Trindade"},"sameAs":["https:\/\/www.uai.com.br\/uainoticias\/"],"url":"https:\/\/www.uai.com.br\/uainoticias\/author\/gustavotrindade\/"}]}},"_links":{"self":[{"href":"https:\/\/www.uai.com.br\/uainoticias\/wp-json\/wp\/v2\/posts\/128232","targetHints":{"allow":["GET"]}}],"collection":[{"href":"https:\/\/www.uai.com.br\/uainoticias\/wp-json\/wp\/v2\/posts"}],"about":[{"href":"https:\/\/www.uai.com.br\/uainoticias\/wp-json\/wp\/v2\/types\/post"}],"author":[{"embeddable":true,"href":"https:\/\/www.uai.com.br\/uainoticias\/wp-json\/wp\/v2\/users\/23"}],"replies":[{"embeddable":true,"href":"https:\/\/www.uai.com.br\/uainoticias\/wp-json\/wp\/v2\/comments?post=128232"}],"version-history":[{"count":1,"href":"https:\/\/www.uai.com.br\/uainoticias\/wp-json\/wp\/v2\/posts\/128232\/revisions"}],"predecessor-version":[{"id":128243,"href":"https:\/\/www.uai.com.br\/uainoticias\/wp-json\/wp\/v2\/posts\/128232\/revisions\/128243"}],"wp:featuredmedia":[{"embeddable":true,"href":"https:\/\/www.uai.com.br\/uainoticias\/wp-json\/wp\/v2\/media\/128242"}],"wp:attachment":[{"href":"https:\/\/www.uai.com.br\/uainoticias\/wp-json\/wp\/v2\/media?parent=128232"}],"wp:term":[{"taxonomy":"category","embeddable":true,"href":"https:\/\/www.uai.com.br\/uainoticias\/wp-json\/wp\/v2\/categories?post=128232"},{"taxonomy":"post_tag","embeddable":true,"href":"https:\/\/www.uai.com.br\/uainoticias\/wp-json\/wp\/v2\/tags?post=128232"}],"curies":[{"name":"wp","href":"https:\/\/api.w.org\/{rel}","templated":true}]}}