{"id":128227,"date":"2026-04-29T17:15:00","date_gmt":"2026-04-29T20:15:00","guid":{"rendered":"https:\/\/www.uai.com.br\/uainoticias\/?p=128227"},"modified":"2026-04-28T15:12:42","modified_gmt":"2026-04-28T18:12:42","slug":"deficiencia-de-ferro-3-sinais-no-corpo-que-aparecem-no-espelho-e-quase-ninguem-percebe","status":"publish","type":"post","link":"https:\/\/www.uai.com.br\/uainoticias\/2026\/04\/29\/deficiencia-de-ferro-3-sinais-no-corpo-que-aparecem-no-espelho-e-quase-ninguem-percebe\/","title":{"rendered":"Defici\u00eancia de ferro: 3 sinais no corpo que aparecem no espelho e quase ningu\u00e9m percebe"},"content":{"rendered":"\n<link href=\"https:\/\/fonts.googleapis.com\/css2?family=Inter:wght@400;600;700;800&#038;display=swap\" rel=\"stylesheet\">\r\n<style>\r\n\/* Prote\u00e7\u00e3o contra inje\u00e7\u00e3o do \"Veja Tamb\u00e9m\" (JNews inline related posts) *\/\r\n.rdp-curiosidades-wrapper .jnews_inline_related_post_wrapper,\r\n.rdp-curiosidades-wrapper .jnews_inline_related_post,\r\n.rdp-curiosidades-wrapper .jeg_postblock,\r\n.rdp-curiosidades-wrapper [class*=\"jnews_inline\"],\r\n.rdp-curiosidades-wrapper [class*=\"jeg_postblock\"],\r\n.rdp-curiosidades-wrapper [class*=\"jeg_block\"] {\r\n  display: none !important;\r\n  height: 0 !important;\r\n  max-height: 0 !important;\r\n  overflow: hidden !important;\r\n  visibility: hidden !important;\r\n  margin: 0 !important;\r\n  padding: 0 !important;\r\n  border: none !important;\r\n  font-size: 0 !important;\r\n  line-height: 0 !important;\r\n}\r\n.rdp-curiosidades-wrapper {\r\n  max-width: 620px;\r\n  margin: 28px auto;\r\n  background: #FFFFFF;\r\n  border: 1px solid #E0E0E0;\r\n  border-top: 3px solid #2FC3EE;\r\n  border-radius: 12px;\r\n  padding: 28px 32px;\r\n  font-family: 'Inter', sans-serif;\r\n  box-shadow: 0 4px 20px rgba(47,195,238,0.18);\r\n  overflow: hidden;\r\n  contain: layout style;\r\n  isolation: isolate;\r\n  position: relative;\r\n  z-index: 1;\r\n}\r\n.rdp-curiosidades-wrapper > *:not(.rdp-curiosidades-header):not(.rdp-curiosidades-list) {\r\n  display: none !important;\r\n  height: 0 !important;\r\n  overflow: hidden !important;\r\n  margin: 0 !important;\r\n  padding: 0 !important;\r\n  border: none !important;\r\n}\r\n.rdp-curiosidades-header {\r\n  display: flex;\r\n  align-items: center;\r\n  justify-content: center;\r\n  gap: 16px;\r\n  margin-bottom: 24px;\r\n}\r\n.rdp-curiosidades-line {\r\n  flex: 1;\r\n  height: 1px;\r\n  background: #E0E0E0;\r\n}\r\n.rdp-curiosidades-title {\r\n  font-family: 'Inter', sans-serif;\r\n  font-size: 12px;\r\n  font-weight: 800;\r\n  text-transform: uppercase;\r\n  letter-spacing: 4px;\r\n  color: #1A1A1A;\r\n  white-space: nowrap;\r\n}\r\n.rdp-curiosidades-list {\r\n  list-style: none;\r\n  padding: 0;\r\n  margin: 0;\r\n  text-align: center;\r\n}\r\n.rdp-curiosidades-item {\r\n  padding: 0 0 18px 0;\r\n  line-height: 1.7;\r\n}\r\n.rdp-curiosidades-item:last-child {\r\n  padding-bottom: 0;\r\n}\r\n.rdp-curiosidades-item-bullet {\r\n  display: inline-block;\r\n  width: 8px;\r\n  height: 8px;\r\n  background: #2FC3EE;\r\n  border-radius: 50%;\r\n  box-shadow: 0 0 6px rgba(47,195,238,0.40);\r\n  margin-right: 10px;\r\n  vertical-align: middle;\r\n}\r\n.rdp-curiosidades-item-title {\r\n  font-size: 15px;\r\n  font-weight: 700;\r\n  color: #1A1A1A;\r\n}\r\n.rdp-curiosidades-item-desc {\r\n  font-size: 15px;\r\n  color: #333333;\r\n  line-height: 1.7;\r\n}\r\n@media (max-width: 768px) {\r\n  .rdp-curiosidades-wrapper {\r\n    max-width: 100%;\r\n    margin: 20px 12px;\r\n    padding: 22px 20px;\r\n  }\r\n}\r\n<\/style>\r\n<div class=\"rdp-curiosidades-wrapper\">\r\n  <div class=\"rdp-curiosidades-header\">\r\n    <span class=\"rdp-curiosidades-line\"><\/span>\r\n    <span class=\"rdp-curiosidades-title\">Curiosidades<\/span>\r\n    <span class=\"rdp-curiosidades-line\"><\/span>\r\n  <\/div>\r\n  <ul class=\"rdp-curiosidades-list\">\r\n    <li class=\"rdp-curiosidades-item\">\r\n      <span class=\"rdp-curiosidades-item-bullet\"><\/span><span class=\"rdp-curiosidades-item-title\">Sinal escondido nos olhos:<\/span> <span class=\"rdp-curiosidades-item-desc\">A parte interna da p\u00e1lpebra inferior pode ficar mais p\u00e1lida quando h\u00e1 defici\u00eancia de ferro.<\/span>\r\n    <\/li>\r\n    <li class=\"rdp-curiosidades-item\">\r\n      <span class=\"rdp-curiosidades-item-bullet\"><\/span><span class=\"rdp-curiosidades-item-title\">Unhas reveladoras:<\/span> <span class=\"rdp-curiosidades-item-desc\">Unhas fracas, quebradi\u00e7as ou com formato alterado podem indicar baixos n\u00edveis de ferro no organismo.<\/span>\r\n    <\/li>\r\n    <li class=\"rdp-curiosidades-item\">\r\n      <span class=\"rdp-curiosidades-item-bullet\"><\/span><span class=\"rdp-curiosidades-item-title\">Diagn\u00f3stico precoce:<\/span> <span class=\"rdp-curiosidades-item-desc\">Esses sinais simples ajudam m\u00e9dicos a identificar anemia ferropriva antes de exames laboratoriais.<\/span>\r\n    <\/li>\r\n  <\/ul>\r\n<\/div>\r\n<div style=\"clear:both;height:0;overflow:hidden;\"><\/div>\n\n\n\n<p>Voc\u00ea j\u00e1 reparou na cor da parte interna da sua p\u00e1lpebra ou na resist\u00eancia das suas unhas? Esses detalhes, que passam despercebidos no dia a dia, podem ser pistas importantes de <strong>defici\u00eancia de ferro<\/strong>, um problema comum que afeta a produ\u00e7\u00e3o de hemoglobina e pode levar \u00e0 anemia ferropriva. A ci\u00eancia mostra que o corpo costuma dar sinais vis\u00edveis antes mesmo de um diagn\u00f3stico cl\u00ednico.<\/p>\n\n\n\n<h2 class=\"wp-block-heading\">O que a ci\u00eancia descobriu sobre a defici\u00eancia de ferro<\/h2>\n\n\n\n<p>A <strong>defici\u00eancia de ferro<\/strong> ocorre quando o organismo n\u00e3o tem ferro suficiente para produzir hemoglobina, prote\u00edna respons\u00e1vel por transportar oxig\u00eanio no sangue. Pesquisadores observaram que a colora\u00e7\u00e3o das p\u00e1lpebras inferiores pode indicar isso, j\u00e1 que a regi\u00e3o tende a ficar mais p\u00e1lida quando h\u00e1 menos circula\u00e7\u00e3o de oxig\u00eanio.<\/p>\n\n\n\n<p>Al\u00e9m disso, estudos cl\u00ednicos apontam que altera\u00e7\u00f5es nas unhas, como fragilidade, descama\u00e7\u00e3o ou at\u00e9 formato c\u00f4ncavo, s\u00e3o sinais frequentes em pessoas com baixos n\u00edveis de ferro. Esses indicadores fazem parte de uma avalia\u00e7\u00e3o m\u00e9dica inicial importante.<\/p>\n\n\n\n<figure class=\"wp-block-image aligncenter size-large\"><img decoding=\"async\" width=\"1024\" height=\"576\" src=\"https:\/\/www.uai.com.br\/uainoticias\/wp-content\/uploads\/2026\/04\/Design_sem_nome-2026-04-28T151146.091-1024x576.jpg\" alt=\"Defici\u00eancia de ferro: 3 sinais no corpo que aparecem no espelho e quase ningu\u00e9m percebe\" class=\"wp-image-128229\" srcset=\"https:\/\/www.uai.com.br\/uainoticias\/wp-content\/uploads\/2026\/04\/Design_sem_nome-2026-04-28T151146.091-1024x576.jpg 1024w, https:\/\/www.uai.com.br\/uainoticias\/wp-content\/uploads\/2026\/04\/Design_sem_nome-2026-04-28T151146.091-300x169.jpg 300w, https:\/\/www.uai.com.br\/uainoticias\/wp-content\/uploads\/2026\/04\/Design_sem_nome-2026-04-28T151146.091-768x432.jpg 768w, https:\/\/www.uai.com.br\/uainoticias\/wp-content\/uploads\/2026\/04\/Design_sem_nome-2026-04-28T151146.091-750x422.jpg 750w, https:\/\/www.uai.com.br\/uainoticias\/wp-content\/uploads\/2026\/04\/Design_sem_nome-2026-04-28T151146.091-1140x641.jpg 1140w, https:\/\/www.uai.com.br\/uainoticias\/wp-content\/uploads\/2026\/04\/Design_sem_nome-2026-04-28T151146.091.jpg 1280w\" sizes=\"(max-width: 1024px) 100vw, 1024px\" \/><figcaption class=\"wp-element-caption\">Sinais vis\u00edveis no corpo que ajudam a identificar defici\u00eancia de ferro\n<\/figcaption><\/figure>\n\n\n\n<h2 class=\"wp-block-heading\">Como isso funciona na pr\u00e1tica<\/h2>\n\n\n\n<p>Na pr\u00e1tica, m\u00e9dicos podem observar a parte interna da p\u00e1lpebra, chamada conjuntiva, durante uma consulta simples. Quando ela apresenta uma colora\u00e7\u00e3o mais clara que o normal, pode indicar redu\u00e7\u00e3o na oxigena\u00e7\u00e3o do sangue, um sinal cl\u00e1ssico de anemia.<\/p>\n\n\n\n<p>J\u00e1 as unhas funcionam como um \u201cterm\u00f4metro\u201d da sa\u00fade. Se est\u00e3o fracas, quebradi\u00e7as ou com crescimento irregular, isso pode refletir uma defici\u00eancia nutricional, incluindo a falta de ferro. \u00c9 como se o corpo mostrasse sinais externos do que est\u00e1 acontecendo internamente.<\/p>\n\n\n\n<iframe loading=\"lazy\" width=\"627\" height=\"1115\" src=\"https:\/\/www.youtube.com\/embed\/x1SqekeNMj4\" title=\"Teste de Anemia \ud83d\ude31#medicina #medico #enfermagem #enfermeira #enfermeiro #dicas  como saber se tenho\" frameborder=\"0\" allow=\"accelerometer; autoplay; clipboard-write; encrypted-media; gyroscope; picture-in-picture; web-share\" referrerpolicy=\"strict-origin-when-cross-origin\" allowfullscreen><\/iframe>\n\n\n\n<h2 class=\"wp-block-heading\">Sinais vis\u00edveis no corpo: o que mais os pesquisadores encontraram<\/h2>\n\n\n\n<p>Al\u00e9m das p\u00e1lpebras e unhas, a <strong>defici\u00eancia de ferro<\/strong> pode causar sintomas como cansa\u00e7o, tontura, falta de ar e palidez na pele. Esses sinais aparecem porque o corpo n\u00e3o consegue transportar oxig\u00eanio de forma eficiente para os tecidos.<\/p>\n\n\n\n<p>Os pesquisadores tamb\u00e9m destacam que esses sinais podem surgir de forma gradual, o que faz muita gente ignorar os sintomas. Por isso, observar mudan\u00e7as sutis no corpo pode ser essencial para buscar ajuda m\u00e9dica no momento certo.<\/p>\n\n\n\n<link href=\"https:\/\/fonts.googleapis.com\/css2?family=Inter:wght@400;600;700;800&#038;display=swap\" rel=\"stylesheet\">\r\n<style>\r\n\/* Prote\u00e7\u00e3o contra inje\u00e7\u00e3o do \"Veja Tamb\u00e9m\" (JNews inline related posts) *\/\r\n.rdp-pontos-wrapper .jnews_inline_related_post_wrapper,\r\n.rdp-pontos-wrapper .jnews_inline_related_post,\r\n.rdp-pontos-wrapper .jeg_postblock,\r\n.rdp-pontos-wrapper [class*=\"jnews_inline\"],\r\n.rdp-pontos-wrapper [class*=\"jeg_postblock\"],\r\n.rdp-pontos-wrapper [class*=\"jeg_block\"] {\r\n  display: none !important;\r\n  height: 0 !important;\r\n  max-height: 0 !important;\r\n  overflow: hidden !important;\r\n  visibility: hidden !important;\r\n  margin: 0 !important;\r\n  padding: 0 !important;\r\n  border: none !important;\r\n  font-size: 0 !important;\r\n  line-height: 0 !important;\r\n}\r\n.rdp-pontos-wrapper {\r\n  max-width: 100%;\r\n  margin: 32px 0;\r\n  background: #F8F9FA;\r\n  border: 1px solid #E0E0E0;\r\n  border-radius: 12px;\r\n  padding: 28px 28px 20px;\r\n  font-family: 'Inter', sans-serif;\r\n  box-shadow: 0 4px 20px rgba(47,195,238,0.12);\r\n  overflow: hidden;\r\n  contain: layout style;\r\n  isolation: isolate;\r\n  position: relative;\r\n  z-index: 1;\r\n}\r\n.rdp-pontos-wrapper > *:not(.rdp-pontos-title):not(.rdp-pontos-grid) {\r\n  display: none !important;\r\n  height: 0 !important;\r\n  overflow: hidden !important;\r\n  margin: 0 !important;\r\n  padding: 0 !important;\r\n  border: none !important;\r\n}\r\n.rdp-pontos-title {\r\n  font-family: 'Inter', sans-serif;\r\n  font-size: 20px;\r\n  font-weight: 800;\r\n  color: #1A1A1A;\r\n  margin: 0 0 20px 0;\r\n  line-height: 1.3;\r\n  text-align: center;\r\n}\r\n.rdp-pontos-grid {\r\n  display: grid;\r\n  grid-template-columns: repeat(3, 1fr);\r\n  gap: 18px;\r\n}\r\n.rdp-pontos-item {\r\n  background: #FFFFFF;\r\n  border: 1px solid #E0E0E0;\r\n  border-top: 3px solid #2FC3EE;\r\n  border-radius: 10px;\r\n  padding: 22px 20px;\r\n  box-shadow: 0 2px 10px rgba(47,195,238,0.10);\r\n  transition: box-shadow 0.3s ease, border-color 0.3s ease;\r\n  text-align: center;\r\n}\r\n.rdp-pontos-item:hover {\r\n  box-shadow: 0 4px 20px rgba(47,195,238,0.22);\r\n  border-color: #2FC3EE;\r\n}\r\n.rdp-pontos-emoji {\r\n  font-size: 32px;\r\n  line-height: 1;\r\n  margin-bottom: 12px;\r\n  display: block;\r\n  text-align: center;\r\n}\r\n.rdp-pontos-item-title {\r\n  font-size: 15px;\r\n  font-weight: 700;\r\n  color: #1A1A1A;\r\n  margin-bottom: 8px;\r\n  line-height: 1.3;\r\n}\r\n.rdp-pontos-item-desc {\r\n  font-size: 14px;\r\n  color: #333333;\r\n  line-height: 1.6;\r\n  margin: 0;\r\n}\r\n@media (max-width: 768px) {\r\n  .rdp-pontos-wrapper {\r\n    padding: 20px 16px 14px;\r\n  }\r\n  .rdp-pontos-grid {\r\n    grid-template-columns: 1fr;\r\n    gap: 14px;\r\n  }\r\n  .rdp-pontos-title {\r\n    font-size: 18px;\r\n  }\r\n}\r\n<\/style>\r\n<div class=\"rdp-pontos-wrapper\">\r\n  <div class=\"rdp-pontos-title\">Pontos-chave do estudo<\/div>\r\n  <div class=\"rdp-pontos-grid\">\r\n    <div class=\"rdp-pontos-item\">\r\n      <span class=\"rdp-pontos-emoji\">\ud83d\udd2c<\/span>\r\n      <div class=\"rdp-pontos-item-title\">Sinais nas p\u00e1lpebras<\/div>\r\n      <p class=\"rdp-pontos-item-desc\">A colora\u00e7\u00e3o mais p\u00e1lida da p\u00e1lpebra inferior pode indicar baixa oxigena\u00e7\u00e3o causada pela falta de ferro.<\/p>\r\n    <\/div>\r\n    <div class=\"rdp-pontos-item\">\r\n      <span class=\"rdp-pontos-emoji\">\ud83d\udc85<\/span>\r\n      <div class=\"rdp-pontos-item-title\">Altera\u00e7\u00f5es nas unhas<\/div>\r\n      <p class=\"rdp-pontos-item-desc\">Unhas fr\u00e1geis e deformadas podem ser um reflexo direto da defici\u00eancia de ferro no organismo.<\/p>\r\n    <\/div>\r\n    <div class=\"rdp-pontos-item\">\r\n      <span class=\"rdp-pontos-emoji\">\ud83e\uddea<\/span>\r\n      <div class=\"rdp-pontos-item-title\">Avalia\u00e7\u00e3o cl\u00ednica inicial<\/div>\r\n      <p class=\"rdp-pontos-item-desc\">Esses sinais ajudam m\u00e9dicos a suspeitar de anemia antes mesmo de exames laboratoriais detalhados.<\/p>\r\n    <\/div>\r\n  <\/div>\r\n<\/div>\r\n<div style=\"clear:both;height:0;overflow:hidden;\"><\/div>\n\n\n\n<p>Os mecanismos da anemia ferropriva s\u00e3o amplamente estudados na medicina. Um exemplo \u00e9 a <a href=\"https:\/\/pubmed.ncbi.nlm.nih.gov\/20308668\/\" target=\"_blank\" rel=\"noreferrer noopener\">revis\u00e3o cient\u00edfica dispon\u00edvel no PubMed<\/a>, que detalha como a defici\u00eancia de ferro afeta a produ\u00e7\u00e3o de hemoglobina e provoca sinais cl\u00ednicos vis\u00edveis no corpo.<\/p>\n\n\n\n<h2 class=\"wp-block-heading\">Por que essa descoberta importa para voc\u00ea<\/h2>\n\n\n\n<p>Entender os sinais da <strong>defici\u00eancia de ferro<\/strong> pode fazer toda a diferen\u00e7a na sua sa\u00fade. Muitas vezes, a pessoa convive com cansa\u00e7o constante e n\u00e3o percebe que pode estar com anemia. Observar detalhes simples, como olhos e unhas, pode ajudar a identificar o problema mais cedo.<\/p>\n\n\n\n<p>Com diagn\u00f3stico precoce, o tratamento costuma ser simples, incluindo ajustes na alimenta\u00e7\u00e3o ou suplementa\u00e7\u00e3o. Isso melhora rapidamente a qualidade de vida e evita complica\u00e7\u00f5es mais s\u00e9rias.<\/p>\n\n\n\n<h2 class=\"wp-block-heading\">O que mais a ci\u00eancia est\u00e1 investigando sobre a defici\u00eancia de ferro<\/h2>\n\n\n\n<p>Pesquisadores continuam investigando novas formas de diagn\u00f3stico precoce da defici\u00eancia de ferro, incluindo exames mais r\u00e1pidos e m\u00e9todos n\u00e3o invasivos. A ideia \u00e9 facilitar a identifica\u00e7\u00e3o do problema antes que ele evolua para quadros mais graves de anemia.<\/p>\n\n\n\n<p>No fim das contas, o corpo sempre d\u00e1 sinais. Prestar aten\u00e7\u00e3o nesses pequenos detalhes pode ser o primeiro passo para cuidar melhor da sa\u00fade e entender como a ci\u00eancia est\u00e1 cada vez mais pr\u00f3xima do nosso dia a dia.<\/p>\n\n\n\n<p><strong><em>ATEN\u00c7\u00c3O: As informa\u00e7\u00f5es apresentadas neste conte\u00fado t\u00eam car\u00e1ter exclusivamente informativo e n\u00e3o substituem avalia\u00e7\u00e3o, diagn\u00f3stico ou acompanhamento realizado por profissionais da sa\u00fade. N\u00e3o tome medicamentos, n\u00e3o altere doses e n\u00e3o inicie qualquer tipo de tratamento sem orienta\u00e7\u00e3o m\u00e9dica ou de outro especialista habilitado. Em caso de sintomas, d\u00favidas ou necessidade de cuidados espec\u00edficos, procure atendimento profissional.<\/em><\/strong><\/p>\n","protected":false},"excerpt":{"rendered":"<p>Curiosidades Sinal escondido nos olhos: A parte interna da p\u00e1lpebra inferior pode ficar mais p\u00e1lida quando h\u00e1 defici\u00eancia de ferro. Unhas reveladoras: Unhas fracas, quebradi\u00e7as ou com formato alterado podem indicar baixos n\u00edveis de ferro no organismo. Diagn\u00f3stico precoce: Esses sinais simples ajudam m\u00e9dicos a identificar anemia ferropriva antes de exames laboratoriais. Voc\u00ea j\u00e1 reparou [&hellip;]<\/p>\n","protected":false},"author":23,"featured_media":128228,"comment_status":"open","ping_status":"open","sticky":false,"template":"","format":"standard","meta":{"jnews-multi-image_gallery":[],"jnews_single_post":{"format":"standard"},"jnews_primary_category":[],"jnews_social_meta":[],"jnews_override_counter":[],"footnotes":""},"categories":[3046,475],"tags":[8726,23576,23577],"class_list":["post-128227","post","type-post","status-publish","format-standard","has-post-thumbnail","hentry","category-curiosidades","category-entretenimento","tag-ferro","tag-palpebras","tag-unhas-frageis"],"yoast_head":"<!-- This site is optimized with the Yoast SEO plugin v26.5 - https:\/\/yoast.com\/wordpress\/plugins\/seo\/ -->\n<title>Defici\u00eancia de ferro: 3 sinais no corpo que aparecem no espelho e quase ningu\u00e9m percebe - UAI Not\u00edcias<\/title>\n<meta name=\"description\" content=\"A defici\u00eancia de ferro pode dar sinais vis\u00edveis no corpo e um deles aparece nos olhos de forma surpreendente\" \/>\n<meta name=\"robots\" content=\"index, follow, max-snippet:-1, max-image-preview:large, max-video-preview:-1\" \/>\n<link rel=\"canonical\" href=\"https:\/\/www.uai.com.br\/uainoticias\/2026\/04\/29\/deficiencia-de-ferro-3-sinais-no-corpo-que-aparecem-no-espelho-e-quase-ninguem-percebe\/\" \/>\n<meta property=\"og:locale\" content=\"pt_BR\" \/>\n<meta property=\"og:type\" content=\"article\" \/>\n<meta property=\"og:title\" content=\"Defici\u00eancia de ferro: 3 sinais no corpo que aparecem no espelho e quase ningu\u00e9m percebe - UAI Not\u00edcias\" \/>\n<meta property=\"og:description\" content=\"A defici\u00eancia de ferro pode dar sinais vis\u00edveis no corpo e um deles aparece nos olhos de forma surpreendente\" \/>\n<meta property=\"og:url\" content=\"https:\/\/www.uai.com.br\/uainoticias\/2026\/04\/29\/deficiencia-de-ferro-3-sinais-no-corpo-que-aparecem-no-espelho-e-quase-ninguem-percebe\/\" \/>\n<meta property=\"og:site_name\" content=\"UAI Not\u00edcias\" \/>\n<meta property=\"article:published_time\" content=\"2026-04-29T20:15:00+00:00\" \/>\n<meta property=\"og:image\" content=\"https:\/\/www.uai.com.br\/uainoticias\/wp-content\/uploads\/2026\/04\/Design_sem_nome-2026-04-28T151157.649.jpg\" \/>\n\t<meta property=\"og:image:width\" content=\"1280\" \/>\n\t<meta property=\"og:image:height\" content=\"720\" \/>\n\t<meta property=\"og:image:type\" content=\"image\/jpeg\" \/>\n<meta name=\"author\" content=\"Gustavo Trindade\" \/>\n<meta name=\"twitter:card\" content=\"summary_large_image\" \/>\n<meta name=\"twitter:label1\" content=\"Escrito por\" \/>\n\t<meta name=\"twitter:data1\" content=\"Gustavo Trindade\" \/>\n\t<meta name=\"twitter:label2\" content=\"Est. tempo de leitura\" \/>\n\t<meta name=\"twitter:data2\" content=\"5 minutos\" \/>\n<!-- \/ Yoast SEO plugin. -->","yoast_head_json":{"title":"Defici\u00eancia de ferro: 3 sinais no corpo que aparecem no espelho e quase ningu\u00e9m percebe - UAI Not\u00edcias","description":"A defici\u00eancia de ferro pode dar sinais vis\u00edveis no corpo e um deles aparece nos olhos de forma surpreendente","robots":{"index":"index","follow":"follow","max-snippet":"max-snippet:-1","max-image-preview":"max-image-preview:large","max-video-preview":"max-video-preview:-1"},"canonical":"https:\/\/www.uai.com.br\/uainoticias\/2026\/04\/29\/deficiencia-de-ferro-3-sinais-no-corpo-que-aparecem-no-espelho-e-quase-ninguem-percebe\/","og_locale":"pt_BR","og_type":"article","og_title":"Defici\u00eancia de ferro: 3 sinais no corpo que aparecem no espelho e quase ningu\u00e9m percebe - UAI Not\u00edcias","og_description":"A defici\u00eancia de ferro pode dar sinais vis\u00edveis no corpo e um deles aparece nos olhos de forma surpreendente","og_url":"https:\/\/www.uai.com.br\/uainoticias\/2026\/04\/29\/deficiencia-de-ferro-3-sinais-no-corpo-que-aparecem-no-espelho-e-quase-ninguem-percebe\/","og_site_name":"UAI Not\u00edcias","article_published_time":"2026-04-29T20:15:00+00:00","og_image":[{"width":1280,"height":720,"url":"https:\/\/www.uai.com.br\/uainoticias\/wp-content\/uploads\/2026\/04\/Design_sem_nome-2026-04-28T151157.649.jpg","type":"image\/jpeg"}],"author":"Gustavo Trindade","twitter_card":"summary_large_image","twitter_misc":{"Escrito por":"Gustavo Trindade","Est. tempo de leitura":"5 minutos"},"schema":{"@context":"https:\/\/schema.org","@graph":[{"@type":"WebPage","@id":"https:\/\/www.uai.com.br\/uainoticias\/2026\/04\/29\/deficiencia-de-ferro-3-sinais-no-corpo-que-aparecem-no-espelho-e-quase-ninguem-percebe\/","url":"https:\/\/www.uai.com.br\/uainoticias\/2026\/04\/29\/deficiencia-de-ferro-3-sinais-no-corpo-que-aparecem-no-espelho-e-quase-ninguem-percebe\/","name":"Defici\u00eancia de ferro: 3 sinais no corpo que aparecem no espelho e quase ningu\u00e9m percebe - UAI Not\u00edcias","isPartOf":{"@id":"https:\/\/www.uai.com.br\/uainoticias\/#website"},"primaryImageOfPage":{"@id":"https:\/\/www.uai.com.br\/uainoticias\/2026\/04\/29\/deficiencia-de-ferro-3-sinais-no-corpo-que-aparecem-no-espelho-e-quase-ninguem-percebe\/#primaryimage"},"image":{"@id":"https:\/\/www.uai.com.br\/uainoticias\/2026\/04\/29\/deficiencia-de-ferro-3-sinais-no-corpo-que-aparecem-no-espelho-e-quase-ninguem-percebe\/#primaryimage"},"thumbnailUrl":"https:\/\/www.uai.com.br\/uainoticias\/wp-content\/uploads\/2026\/04\/Design_sem_nome-2026-04-28T151157.649.jpg","datePublished":"2026-04-29T20:15:00+00:00","author":{"@id":"https:\/\/www.uai.com.br\/uainoticias\/#\/schema\/person\/060f8bb02e250479c83590e2c4706fcc"},"description":"A defici\u00eancia de ferro pode dar sinais vis\u00edveis no corpo e um deles aparece nos olhos de forma surpreendente","breadcrumb":{"@id":"https:\/\/www.uai.com.br\/uainoticias\/2026\/04\/29\/deficiencia-de-ferro-3-sinais-no-corpo-que-aparecem-no-espelho-e-quase-ninguem-percebe\/#breadcrumb"},"inLanguage":"pt-BR","potentialAction":[{"@type":"ReadAction","target":["https:\/\/www.uai.com.br\/uainoticias\/2026\/04\/29\/deficiencia-de-ferro-3-sinais-no-corpo-que-aparecem-no-espelho-e-quase-ninguem-percebe\/"]}]},{"@type":"ImageObject","inLanguage":"pt-BR","@id":"https:\/\/www.uai.com.br\/uainoticias\/2026\/04\/29\/deficiencia-de-ferro-3-sinais-no-corpo-que-aparecem-no-espelho-e-quase-ninguem-percebe\/#primaryimage","url":"https:\/\/www.uai.com.br\/uainoticias\/wp-content\/uploads\/2026\/04\/Design_sem_nome-2026-04-28T151157.649.jpg","contentUrl":"https:\/\/www.uai.com.br\/uainoticias\/wp-content\/uploads\/2026\/04\/Design_sem_nome-2026-04-28T151157.649.jpg","width":1280,"height":720,"caption":"Altera\u00e7\u00f5es na p\u00e1lpebra que indicam baixa oxigena\u00e7\u00e3o no sangue"},{"@type":"BreadcrumbList","@id":"https:\/\/www.uai.com.br\/uainoticias\/2026\/04\/29\/deficiencia-de-ferro-3-sinais-no-corpo-que-aparecem-no-espelho-e-quase-ninguem-percebe\/#breadcrumb","itemListElement":[{"@type":"ListItem","position":1,"name":"In\u00edcio","item":"https:\/\/www.uai.com.br\/uainoticias\/"},{"@type":"ListItem","position":2,"name":"Defici\u00eancia de ferro: 3 sinais no corpo que aparecem no espelho e quase ningu\u00e9m percebe"}]},{"@type":"WebSite","@id":"https:\/\/www.uai.com.br\/uainoticias\/#website","url":"https:\/\/www.uai.com.br\/uainoticias\/","name":"UAI Not\u00edcias","description":"Acompanhe as \u00faltimas not\u00edcias e fique bem informado sobre tudo o que acontece no Brasil e no mundo.","potentialAction":[{"@type":"SearchAction","target":{"@type":"EntryPoint","urlTemplate":"https:\/\/www.uai.com.br\/uainoticias\/?s={search_term_string}"},"query-input":{"@type":"PropertyValueSpecification","valueRequired":true,"valueName":"search_term_string"}}],"inLanguage":"pt-BR"},{"@type":"Person","@id":"https:\/\/www.uai.com.br\/uainoticias\/#\/schema\/person\/060f8bb02e250479c83590e2c4706fcc","name":"Gustavo Trindade","image":{"@type":"ImageObject","inLanguage":"pt-BR","@id":"https:\/\/www.uai.com.br\/uainoticias\/#\/schema\/person\/image\/","url":"https:\/\/secure.gravatar.com\/avatar\/05714a54ada0bd2b20e75b2c72a9e7802581213945810c2354d320b79f27b427?s=96&d=mm&r=g","contentUrl":"https:\/\/secure.gravatar.com\/avatar\/05714a54ada0bd2b20e75b2c72a9e7802581213945810c2354d320b79f27b427?s=96&d=mm&r=g","caption":"Gustavo Trindade"},"sameAs":["https:\/\/www.uai.com.br\/uainoticias\/"],"url":"https:\/\/www.uai.com.br\/uainoticias\/author\/gustavotrindade\/"}]}},"_links":{"self":[{"href":"https:\/\/www.uai.com.br\/uainoticias\/wp-json\/wp\/v2\/posts\/128227","targetHints":{"allow":["GET"]}}],"collection":[{"href":"https:\/\/www.uai.com.br\/uainoticias\/wp-json\/wp\/v2\/posts"}],"about":[{"href":"https:\/\/www.uai.com.br\/uainoticias\/wp-json\/wp\/v2\/types\/post"}],"author":[{"embeddable":true,"href":"https:\/\/www.uai.com.br\/uainoticias\/wp-json\/wp\/v2\/users\/23"}],"replies":[{"embeddable":true,"href":"https:\/\/www.uai.com.br\/uainoticias\/wp-json\/wp\/v2\/comments?post=128227"}],"version-history":[{"count":1,"href":"https:\/\/www.uai.com.br\/uainoticias\/wp-json\/wp\/v2\/posts\/128227\/revisions"}],"predecessor-version":[{"id":128230,"href":"https:\/\/www.uai.com.br\/uainoticias\/wp-json\/wp\/v2\/posts\/128227\/revisions\/128230"}],"wp:featuredmedia":[{"embeddable":true,"href":"https:\/\/www.uai.com.br\/uainoticias\/wp-json\/wp\/v2\/media\/128228"}],"wp:attachment":[{"href":"https:\/\/www.uai.com.br\/uainoticias\/wp-json\/wp\/v2\/media?parent=128227"}],"wp:term":[{"taxonomy":"category","embeddable":true,"href":"https:\/\/www.uai.com.br\/uainoticias\/wp-json\/wp\/v2\/categories?post=128227"},{"taxonomy":"post_tag","embeddable":true,"href":"https:\/\/www.uai.com.br\/uainoticias\/wp-json\/wp\/v2\/tags?post=128227"}],"curies":[{"name":"wp","href":"https:\/\/api.w.org\/{rel}","templated":true}]}}