{"id":128215,"date":"2026-04-29T14:15:00","date_gmt":"2026-04-29T17:15:00","guid":{"rendered":"https:\/\/www.uai.com.br\/uainoticias\/?p=128215"},"modified":"2026-04-28T14:58:10","modified_gmt":"2026-04-28T17:58:10","slug":"john-stuart-mill-defensor-da-liberdade-individual-e-autor-de-sobre-a-liberdade-a-liberdade-de-um-termina-onde-comeca-a-do-outro","status":"publish","type":"post","link":"https:\/\/www.uai.com.br\/uainoticias\/2026\/04\/29\/john-stuart-mill-defensor-da-liberdade-individual-e-autor-de-sobre-a-liberdade-a-liberdade-de-um-termina-onde-comeca-a-do-outro\/","title":{"rendered":"John Stuart Mill, defensor da liberdade individual e autor de Sobre a Liberdade: \u201cA liberdade de um termina onde come\u00e7a a do outro\u201d"},"content":{"rendered":"\n<link href=\"https:\/\/fonts.googleapis.com\/css2?family=Merriweather:wght@700&#038;family=Open+Sans:wght@400;600;700&#038;display=swap\" rel=\"stylesheet\">\r\n<style>\r\n.rdp-resumo-wrapper {\r\n  max-width: 620px;\r\n  margin: 28px auto;\r\n  background: #FFFFFF;\r\n  border: 1px solid #D0D0D0;\r\n  border-radius: 6px;\r\n  padding: 28px 32px;\r\n  font-family: 'Open Sans', sans-serif;\r\n  box-shadow: 0 2px 12px rgba(0,0,0,0.08);\r\n}\r\n.rdp-resumo-header {\r\n  display: flex;\r\n  align-items: center;\r\n  gap: 16px;\r\n  margin-bottom: 22px;\r\n}\r\n.rdp-resumo-line {\r\n  flex: 1;\r\n  height: 1px;\r\n  background: #D0D0D0;\r\n}\r\n.rdp-resumo-title {\r\n  font-family: 'Merriweather', serif;\r\n  font-size: 13px;\r\n  font-weight: 700;\r\n  text-transform: uppercase;\r\n  letter-spacing: 3px;\r\n  color: #1A1A1A;\r\n  white-space: nowrap;\r\n}\r\n.rdp-resumo-list {\r\n  list-style: none;\r\n  padding: 0;\r\n  margin: 0;\r\n}\r\n.rdp-resumo-item {\r\n  padding: 0 0 18px 22px;\r\n  position: relative;\r\n  line-height: 1.7;\r\n}\r\n.rdp-resumo-item:last-child {\r\n  padding-bottom: 0;\r\n}\r\n.rdp-resumo-item::before {\r\n  content: \"\";\r\n  position: absolute;\r\n  left: 0;\r\n  top: 8px;\r\n  width: 8px;\r\n  height: 8px;\r\n  background: #2B5A83;\r\n  border-radius: 50%;\r\n}\r\n.rdp-resumo-item-title {\r\n  font-size: 15px;\r\n  font-weight: 700;\r\n  color: #1A1A1A;\r\n}\r\n.rdp-resumo-item-desc {\r\n  font-size: 15px;\r\n  color: #4A4A4A;\r\n  line-height: 1.7;\r\n}\r\n@media (max-width: 768px) {\r\n  .rdp-resumo-wrapper {\r\n    max-width: 100%;\r\n    margin: 20px 12px;\r\n    padding: 22px 20px;\r\n  }\r\n}\r\n<\/style>\r\n<div class=\"rdp-resumo-wrapper\">\r\n  <div class=\"rdp-resumo-header\">\r\n    <span class=\"rdp-resumo-line\"><\/span>\r\n    <span class=\"rdp-resumo-title\">Resumo<\/span>\r\n    <span class=\"rdp-resumo-line\"><\/span>\r\n  <\/div>\r\n  <ul class=\"rdp-resumo-list\">\r\n    <li class=\"rdp-resumo-item\">\r\n      <span class=\"rdp-resumo-item-title\">Princ\u00edpio da liberdade:<\/span> <span class=\"rdp-resumo-item-desc\">John Stuart Mill sintetiza o limite da a\u00e7\u00e3o individual em uma frase que atravessa s\u00e9culos do pensamento pol\u00edtico.<\/span>\r\n    <\/li>\r\n    <li class=\"rdp-resumo-item\">\r\n      <span class=\"rdp-resumo-item-title\">Debate filos\u00f3fico:<\/span> <span class=\"rdp-resumo-item-desc\">A ideia conecta liberdade individual e responsabilidade social dentro da tradi\u00e7\u00e3o liberal.<\/span>\r\n    <\/li>\r\n    <li class=\"rdp-resumo-item\">\r\n      <span class=\"rdp-resumo-item-title\">Impacto contempor\u00e2neo:<\/span> <span class=\"rdp-resumo-item-desc\">O conceito segue central em discuss\u00f5es sobre direitos, democracia e conviv\u00eancia em sociedade.<\/span>\r\n    <\/li>\r\n  <\/ul>\r\n<\/div>\n\n\n\n<p>A frase <em>\u201cA liberdade de um termina onde come\u00e7a a do outro\u201d<\/em>, frequentemente associada a John Stuart Mill, ecoa como um dos pilares da filosofia pol\u00edtica moderna. No campo do pensamento liberal, essa m\u00e1xima se tornou refer\u00eancia para debates sobre direitos individuais, \u00e9tica social e limites do Estado. Ao analisar essa ideia, entramos em um universo conceitual que atravessa teoria pol\u00edtica, cidadania e conviv\u00eancia democr\u00e1tica.<\/p>\n\n\n\n<h2 class=\"wp-block-heading\">Quem \u00e9 John Stuart Mill e por que sua voz importa<\/h2>\n\n\n\n<p><strong>John Stuart Mill<\/strong> foi um fil\u00f3sofo, economista e pensador pol\u00edtico brit\u00e2nico do s\u00e9culo XIX, amplamente reconhecido por sua defesa da liberdade individual. Sua obra mais influente, <strong>Sobre a Liberdade<\/strong>, consolidou princ\u00edpios fundamentais do liberalismo cl\u00e1ssico.<\/p>\n\n\n\n<p>Mill atuou como intelectual e parlamentar, defendendo causas como liberdade de express\u00e3o, igualdade de g\u00eanero e limita\u00e7\u00e3o do poder estatal. Sua produ\u00e7\u00e3o te\u00f3rica continua sendo estudada em universidades e debates pol\u00edticos ao redor do mundo.<\/p>\n\n\n\n<h2 class=\"wp-block-heading\">O que John Stuart Mill quis dizer com essa frase<\/h2>\n\n\n\n<p>A ideia central da frase est\u00e1 no chamado <strong>princ\u00edpio do dano<\/strong>, conceito fundamental na obra de Mill. Segundo ele, o indiv\u00edduo deve ser livre para agir como quiser, desde que suas a\u00e7\u00f5es n\u00e3o prejudiquem outras pessoas.<\/p>\n\n\n\n<p>Esse pensamento estabelece um equil\u00edbrio entre autonomia e responsabilidade, delimitando o espa\u00e7o onde o Estado pode intervir. Em termos filos\u00f3ficos, trata-se de uma base para discutir \u00e9tica, justi\u00e7a e direitos civis dentro de uma sociedade plural.<\/p>\n\n\n\n<figure class=\"wp-block-embed is-type-video is-provider-youtube wp-block-embed-youtube wp-embed-aspect-16-9 wp-has-aspect-ratio\"><div class=\"wp-block-embed__wrapper\">\n<div class=\"jeg_video_container jeg_video_content\"><iframe loading=\"lazy\" title=\"SOBRE A LIBERDADE \u2014 JOHN STUART MILL | Resenha do Livro\" width=\"500\" height=\"281\" src=\"https:\/\/www.youtube.com\/embed\/rLC1_BPBBoM?feature=oembed\" frameborder=\"0\" allow=\"accelerometer; autoplay; clipboard-write; encrypted-media; gyroscope; picture-in-picture; web-share\" referrerpolicy=\"strict-origin-when-cross-origin\" allowfullscreen><\/iframe><\/div>\n<\/div><\/figure>\n\n\n\n<h2 class=\"wp-block-heading\">Liberdade individual: o contexto por tr\u00e1s das palavras<\/h2>\n\n\n\n<p>A <strong>liberdade individual<\/strong> \u00e9 um dos conceitos centrais da filosofia pol\u00edtica liberal. Ela envolve o direito de express\u00e3o, de escolha e de a\u00e7\u00e3o, sendo considerada essencial para o desenvolvimento humano e social.<\/p>\n\n\n\n<p>No contexto hist\u00f3rico de Mill, o s\u00e9culo XIX vivia intensas transforma\u00e7\u00f5es sociais e pol\u00edticas. A defesa da liberdade individual surgia como resposta a governos autorit\u00e1rios e \u00e0 necessidade de garantir direitos em sociedades em moderniza\u00e7\u00e3o.<\/p>\n\n\n\n<link href=\"https:\/\/fonts.googleapis.com\/css2?family=Merriweather:wght@700&#038;family=Open+Sans:wght@400;600;700&#038;display=swap\" rel=\"stylesheet\">\r\n<style>\r\n.rdp-cards-wrapper .jnews_inline_related_post_wrapper,\r\n.rdp-cards-wrapper .jnews_inline_related_post,\r\n.rdp-cards-wrapper .jeg_postblock,\r\n.rdp-cards-wrapper [class*=\"jnews_inline\"],\r\n.rdp-cards-wrapper [class*=\"jeg_postblock\"],\r\n.rdp-cards-wrapper [class*=\"jeg_block\"] {\r\n  display: none !important;\r\n  height: 0 !important;\r\n  max-height: 0 !important;\r\n  overflow: hidden !important;\r\n  visibility: hidden !important;\r\n  margin: 0 !important;\r\n  padding: 0 !important;\r\n  border: none !important;\r\n  font-size: 0 !important;\r\n  line-height: 0 !important;\r\n}\r\n.rdp-cards-wrapper {\r\n  max-width: 100%;\r\n  margin: 32px 0;\r\n  background: #F5F7FA;\r\n  border: 1px solid #E1E5EB;\r\n  border-radius: 10px;\r\n  padding: 28px 28px 20px;\r\n  font-family: 'Open Sans', sans-serif;\r\n  overflow: hidden;\r\n  contain: layout style;\r\n  isolation: isolate;\r\n  position: relative;\r\n  z-index: 1;\r\n}\r\n.rdp-cards-wrapper > *:not(.rdp-cards-title):not(.rdp-cards-grid) {\r\n  display: none !important;\r\n}\r\n.rdp-cards-title {\r\n  font-family: 'Merriweather', serif;\r\n  font-size: 20px;\r\n  text-align: center;\r\n  margin-bottom: 20px;\r\n}\r\n.rdp-cards-grid {\r\n  display: grid;\r\n  grid-template-columns: repeat(3, 1fr);\r\n  gap: 18px;\r\n}\r\n.rdp-cards-item {\r\n  background: #FFFFFF;\r\n  border: 1px solid #E1E5EB;\r\n  border-top: 3px solid #2B5A83;\r\n  border-radius: 10px;\r\n  padding: 20px;\r\n}\r\n.rdp-cards-emoji {\r\n  font-size: 32px;\r\n  margin-bottom: 10px;\r\n}\r\n.rdp-cards-item-title {\r\n  font-weight: 700;\r\n  margin-bottom: 6px;\r\n}\r\n.rdp-cards-item-desc {\r\n  font-size: 14px;\r\n}\r\n@media (max-width: 768px) {\r\n  .rdp-cards-grid {\r\n    grid-template-columns: 1fr;\r\n  }\r\n}\r\n<\/style>\r\n<div class=\"rdp-cards-wrapper\">\r\n  <div class=\"rdp-cards-title\">Saiba mais sobre o tema<\/div>\r\n  <div class=\"rdp-cards-grid\">\r\n    <div class=\"rdp-cards-item\">\r\n      <span class=\"rdp-cards-emoji\">\ud83d\udcda<\/span>\r\n      <div class=\"rdp-cards-item-title\">Obra fundamental<\/div>\r\n      <p class=\"rdp-cards-item-desc\">&#8220;Sobre a Liberdade&#8221;, publicado em 1859, \u00e9 considerado um dos textos mais influentes da teoria pol\u00edtica liberal.<\/p>\r\n    <\/div>\r\n    <div class=\"rdp-cards-item\">\r\n      <span class=\"rdp-cards-emoji\">\u2696\ufe0f<\/span>\r\n      <div class=\"rdp-cards-item-title\">Princ\u00edpio do dano<\/div>\r\n      <p class=\"rdp-cards-item-desc\">Mill defende que a \u00fanica justificativa para limitar a liberdade \u00e9 evitar preju\u00edzo a terceiros.<\/p>\r\n    <\/div>\r\n    <div class=\"rdp-cards-item\">\r\n      <span class=\"rdp-cards-emoji\">\ud83c\udf0d<\/span>\r\n      <div class=\"rdp-cards-item-title\">Influ\u00eancia global<\/div>\r\n      <p class=\"rdp-cards-item-desc\">As ideias de Mill moldaram constitui\u00e7\u00f5es, sistemas democr\u00e1ticos e debates sobre direitos humanos.<\/p>\r\n    <\/div>\r\n  <\/div>\r\n<\/div>\r\n<div style=\"clear:both;height:0;overflow:hidden;\"><\/div>\n\n\n\n<h2 class=\"wp-block-heading\">Por que essa declara\u00e7\u00e3o repercutiu<\/h2>\n\n\n\n<p>A frase ganhou for\u00e7a ao longo do tempo por sua clareza e aplicabilidade em diferentes contextos sociais e pol\u00edticos. Em debates contempor\u00e2neos sobre liberdade de express\u00e3o, direitos civis e conviv\u00eancia digital, ela continua sendo citada como refer\u00eancia.<\/p>\n\n\n\n<p>Mesmo sem uma fonte espec\u00edfica como entrevista ou evento pontual, sua associa\u00e7\u00e3o com a obra de Mill refor\u00e7a seu peso hist\u00f3rico e filos\u00f3fico dentro do pensamento pol\u00edtico ocidental.<\/p>\n\n\n\n<h2 class=\"wp-block-heading\">O legado e a relev\u00e2ncia para a filosofia pol\u00edtica<\/h2>\n\n\n\n<p>O pensamento de John Stuart Mill permanece essencial para compreender os limites entre liberdade e responsabilidade. Sua contribui\u00e7\u00e3o molda at\u00e9 hoje debates sobre democracia, cidadania e direitos fundamentais.<\/p>\n\n\n\n<p>Ao refletir sobre essa m\u00e1xima, o leitor \u00e9 convidado a reconsiderar o equil\u00edbrio entre autonomia individual e respeito coletivo, um tema central na filosofia pol\u00edtica e na vida em sociedade.<\/p>\n","protected":false},"excerpt":{"rendered":"<p>Resumo Princ\u00edpio da liberdade: John Stuart Mill sintetiza o limite da a\u00e7\u00e3o individual em uma frase que atravessa s\u00e9culos do pensamento pol\u00edtico. Debate filos\u00f3fico: A ideia conecta liberdade individual e responsabilidade social dentro da tradi\u00e7\u00e3o liberal. Impacto contempor\u00e2neo: O conceito segue central em discuss\u00f5es sobre direitos, democracia e conviv\u00eancia em sociedade. A frase \u201cA liberdade [&hellip;]<\/p>\n","protected":false},"author":23,"featured_media":128216,"comment_status":"open","ping_status":"open","sticky":false,"template":"","format":"standard","meta":{"jnews-multi-image_gallery":[],"jnews_single_post":{"format":"standard"},"jnews_primary_category":[],"jnews_social_meta":[],"jnews_override_counter":[],"footnotes":""},"categories":[3046,475],"tags":[10226,23256,22730],"class_list":["post-128215","post","type-post","status-publish","format-standard","has-post-thumbnail","hentry","category-curiosidades","category-entretenimento","tag-direitos","tag-filososfia","tag-john-stuart-mill"],"yoast_head":"<!-- This site is optimized with the Yoast SEO plugin v26.5 - https:\/\/yoast.com\/wordpress\/plugins\/seo\/ -->\n<title>John Stuart Mill, defensor da liberdade individual e autor de Sobre a Liberdade: \u201cA liberdade de um termina onde come\u00e7a a do outro\u201d - UAI Not\u00edcias<\/title>\n<meta name=\"description\" content=\"Essa ideia sobre liberdade individual continua influenciando decis\u00f5es pol\u00edticas e sociais e o verdadeiro significado pode surpreender voc\u00ea\" \/>\n<meta name=\"robots\" content=\"index, follow, max-snippet:-1, max-image-preview:large, max-video-preview:-1\" \/>\n<link rel=\"canonical\" href=\"https:\/\/www.uai.com.br\/uainoticias\/2026\/04\/29\/john-stuart-mill-defensor-da-liberdade-individual-e-autor-de-sobre-a-liberdade-a-liberdade-de-um-termina-onde-comeca-a-do-outro\/\" \/>\n<meta property=\"og:locale\" content=\"pt_BR\" \/>\n<meta property=\"og:type\" content=\"article\" \/>\n<meta property=\"og:title\" content=\"John Stuart Mill, defensor da liberdade individual e autor de Sobre a Liberdade: \u201cA liberdade de um termina onde come\u00e7a a do outro\u201d - UAI Not\u00edcias\" \/>\n<meta property=\"og:description\" content=\"Essa ideia sobre liberdade individual continua influenciando decis\u00f5es pol\u00edticas e sociais e o verdadeiro significado pode surpreender voc\u00ea\" \/>\n<meta property=\"og:url\" content=\"https:\/\/www.uai.com.br\/uainoticias\/2026\/04\/29\/john-stuart-mill-defensor-da-liberdade-individual-e-autor-de-sobre-a-liberdade-a-liberdade-de-um-termina-onde-comeca-a-do-outro\/\" \/>\n<meta property=\"og:site_name\" content=\"UAI Not\u00edcias\" \/>\n<meta property=\"article:published_time\" content=\"2026-04-29T17:15:00+00:00\" \/>\n<meta property=\"og:image\" content=\"https:\/\/www.uai.com.br\/uainoticias\/wp-content\/uploads\/2026\/04\/Design_sem_nome-2026-04-28T145640.430.jpg\" \/>\n\t<meta property=\"og:image:width\" content=\"1280\" \/>\n\t<meta property=\"og:image:height\" content=\"720\" \/>\n\t<meta property=\"og:image:type\" content=\"image\/jpeg\" \/>\n<meta name=\"author\" content=\"Gustavo Trindade\" \/>\n<meta name=\"twitter:card\" content=\"summary_large_image\" \/>\n<meta name=\"twitter:label1\" content=\"Escrito por\" \/>\n\t<meta name=\"twitter:data1\" content=\"Gustavo Trindade\" \/>\n\t<meta name=\"twitter:label2\" content=\"Est. tempo de leitura\" \/>\n\t<meta name=\"twitter:data2\" content=\"4 minutos\" \/>\n<!-- \/ Yoast SEO plugin. -->","yoast_head_json":{"title":"John Stuart Mill, defensor da liberdade individual e autor de Sobre a Liberdade: \u201cA liberdade de um termina onde come\u00e7a a do outro\u201d - UAI Not\u00edcias","description":"Essa ideia sobre liberdade individual continua influenciando decis\u00f5es pol\u00edticas e sociais e o verdadeiro significado pode surpreender voc\u00ea","robots":{"index":"index","follow":"follow","max-snippet":"max-snippet:-1","max-image-preview":"max-image-preview:large","max-video-preview":"max-video-preview:-1"},"canonical":"https:\/\/www.uai.com.br\/uainoticias\/2026\/04\/29\/john-stuart-mill-defensor-da-liberdade-individual-e-autor-de-sobre-a-liberdade-a-liberdade-de-um-termina-onde-comeca-a-do-outro\/","og_locale":"pt_BR","og_type":"article","og_title":"John Stuart Mill, defensor da liberdade individual e autor de Sobre a Liberdade: \u201cA liberdade de um termina onde come\u00e7a a do outro\u201d - UAI Not\u00edcias","og_description":"Essa ideia sobre liberdade individual continua influenciando decis\u00f5es pol\u00edticas e sociais e o verdadeiro significado pode surpreender voc\u00ea","og_url":"https:\/\/www.uai.com.br\/uainoticias\/2026\/04\/29\/john-stuart-mill-defensor-da-liberdade-individual-e-autor-de-sobre-a-liberdade-a-liberdade-de-um-termina-onde-comeca-a-do-outro\/","og_site_name":"UAI Not\u00edcias","article_published_time":"2026-04-29T17:15:00+00:00","og_image":[{"width":1280,"height":720,"url":"https:\/\/www.uai.com.br\/uainoticias\/wp-content\/uploads\/2026\/04\/Design_sem_nome-2026-04-28T145640.430.jpg","type":"image\/jpeg"}],"author":"Gustavo Trindade","twitter_card":"summary_large_image","twitter_misc":{"Escrito por":"Gustavo Trindade","Est. tempo de leitura":"4 minutos"},"schema":{"@context":"https:\/\/schema.org","@graph":[{"@type":"WebPage","@id":"https:\/\/www.uai.com.br\/uainoticias\/2026\/04\/29\/john-stuart-mill-defensor-da-liberdade-individual-e-autor-de-sobre-a-liberdade-a-liberdade-de-um-termina-onde-comeca-a-do-outro\/","url":"https:\/\/www.uai.com.br\/uainoticias\/2026\/04\/29\/john-stuart-mill-defensor-da-liberdade-individual-e-autor-de-sobre-a-liberdade-a-liberdade-de-um-termina-onde-comeca-a-do-outro\/","name":"John Stuart Mill, defensor da liberdade individual e autor de Sobre a Liberdade: \u201cA liberdade de um termina onde come\u00e7a a do outro\u201d - UAI Not\u00edcias","isPartOf":{"@id":"https:\/\/www.uai.com.br\/uainoticias\/#website"},"primaryImageOfPage":{"@id":"https:\/\/www.uai.com.br\/uainoticias\/2026\/04\/29\/john-stuart-mill-defensor-da-liberdade-individual-e-autor-de-sobre-a-liberdade-a-liberdade-de-um-termina-onde-comeca-a-do-outro\/#primaryimage"},"image":{"@id":"https:\/\/www.uai.com.br\/uainoticias\/2026\/04\/29\/john-stuart-mill-defensor-da-liberdade-individual-e-autor-de-sobre-a-liberdade-a-liberdade-de-um-termina-onde-comeca-a-do-outro\/#primaryimage"},"thumbnailUrl":"https:\/\/www.uai.com.br\/uainoticias\/wp-content\/uploads\/2026\/04\/Design_sem_nome-2026-04-28T145640.430.jpg","datePublished":"2026-04-29T17:15:00+00:00","author":{"@id":"https:\/\/www.uai.com.br\/uainoticias\/#\/schema\/person\/060f8bb02e250479c83590e2c4706fcc"},"description":"Essa ideia sobre liberdade individual continua influenciando decis\u00f5es pol\u00edticas e sociais e o verdadeiro significado pode surpreender voc\u00ea","breadcrumb":{"@id":"https:\/\/www.uai.com.br\/uainoticias\/2026\/04\/29\/john-stuart-mill-defensor-da-liberdade-individual-e-autor-de-sobre-a-liberdade-a-liberdade-de-um-termina-onde-comeca-a-do-outro\/#breadcrumb"},"inLanguage":"pt-BR","potentialAction":[{"@type":"ReadAction","target":["https:\/\/www.uai.com.br\/uainoticias\/2026\/04\/29\/john-stuart-mill-defensor-da-liberdade-individual-e-autor-de-sobre-a-liberdade-a-liberdade-de-um-termina-onde-comeca-a-do-outro\/"]}]},{"@type":"ImageObject","inLanguage":"pt-BR","@id":"https:\/\/www.uai.com.br\/uainoticias\/2026\/04\/29\/john-stuart-mill-defensor-da-liberdade-individual-e-autor-de-sobre-a-liberdade-a-liberdade-de-um-termina-onde-comeca-a-do-outro\/#primaryimage","url":"https:\/\/www.uai.com.br\/uainoticias\/wp-content\/uploads\/2026\/04\/Design_sem_nome-2026-04-28T145640.430.jpg","contentUrl":"https:\/\/www.uai.com.br\/uainoticias\/wp-content\/uploads\/2026\/04\/Design_sem_nome-2026-04-28T145640.430.jpg","width":1280,"height":720,"caption":"Princ\u00edpio da liberdade individual aplicado \u00e0 conviv\u00eancia social"},{"@type":"BreadcrumbList","@id":"https:\/\/www.uai.com.br\/uainoticias\/2026\/04\/29\/john-stuart-mill-defensor-da-liberdade-individual-e-autor-de-sobre-a-liberdade-a-liberdade-de-um-termina-onde-comeca-a-do-outro\/#breadcrumb","itemListElement":[{"@type":"ListItem","position":1,"name":"In\u00edcio","item":"https:\/\/www.uai.com.br\/uainoticias\/"},{"@type":"ListItem","position":2,"name":"John Stuart Mill, defensor da liberdade individual e autor de Sobre a Liberdade: \u201cA liberdade de um termina onde come\u00e7a a do outro\u201d"}]},{"@type":"WebSite","@id":"https:\/\/www.uai.com.br\/uainoticias\/#website","url":"https:\/\/www.uai.com.br\/uainoticias\/","name":"UAI Not\u00edcias","description":"Acompanhe as \u00faltimas not\u00edcias e fique bem informado sobre tudo o que acontece no Brasil e no mundo.","potentialAction":[{"@type":"SearchAction","target":{"@type":"EntryPoint","urlTemplate":"https:\/\/www.uai.com.br\/uainoticias\/?s={search_term_string}"},"query-input":{"@type":"PropertyValueSpecification","valueRequired":true,"valueName":"search_term_string"}}],"inLanguage":"pt-BR"},{"@type":"Person","@id":"https:\/\/www.uai.com.br\/uainoticias\/#\/schema\/person\/060f8bb02e250479c83590e2c4706fcc","name":"Gustavo Trindade","image":{"@type":"ImageObject","inLanguage":"pt-BR","@id":"https:\/\/www.uai.com.br\/uainoticias\/#\/schema\/person\/image\/","url":"https:\/\/secure.gravatar.com\/avatar\/05714a54ada0bd2b20e75b2c72a9e7802581213945810c2354d320b79f27b427?s=96&d=mm&r=g","contentUrl":"https:\/\/secure.gravatar.com\/avatar\/05714a54ada0bd2b20e75b2c72a9e7802581213945810c2354d320b79f27b427?s=96&d=mm&r=g","caption":"Gustavo Trindade"},"sameAs":["https:\/\/www.uai.com.br\/uainoticias\/"],"url":"https:\/\/www.uai.com.br\/uainoticias\/author\/gustavotrindade\/"}]}},"_links":{"self":[{"href":"https:\/\/www.uai.com.br\/uainoticias\/wp-json\/wp\/v2\/posts\/128215","targetHints":{"allow":["GET"]}}],"collection":[{"href":"https:\/\/www.uai.com.br\/uainoticias\/wp-json\/wp\/v2\/posts"}],"about":[{"href":"https:\/\/www.uai.com.br\/uainoticias\/wp-json\/wp\/v2\/types\/post"}],"author":[{"embeddable":true,"href":"https:\/\/www.uai.com.br\/uainoticias\/wp-json\/wp\/v2\/users\/23"}],"replies":[{"embeddable":true,"href":"https:\/\/www.uai.com.br\/uainoticias\/wp-json\/wp\/v2\/comments?post=128215"}],"version-history":[{"count":1,"href":"https:\/\/www.uai.com.br\/uainoticias\/wp-json\/wp\/v2\/posts\/128215\/revisions"}],"predecessor-version":[{"id":128217,"href":"https:\/\/www.uai.com.br\/uainoticias\/wp-json\/wp\/v2\/posts\/128215\/revisions\/128217"}],"wp:featuredmedia":[{"embeddable":true,"href":"https:\/\/www.uai.com.br\/uainoticias\/wp-json\/wp\/v2\/media\/128216"}],"wp:attachment":[{"href":"https:\/\/www.uai.com.br\/uainoticias\/wp-json\/wp\/v2\/media?parent=128215"}],"wp:term":[{"taxonomy":"category","embeddable":true,"href":"https:\/\/www.uai.com.br\/uainoticias\/wp-json\/wp\/v2\/categories?post=128215"},{"taxonomy":"post_tag","embeddable":true,"href":"https:\/\/www.uai.com.br\/uainoticias\/wp-json\/wp\/v2\/tags?post=128215"}],"curies":[{"name":"wp","href":"https:\/\/api.w.org\/{rel}","templated":true}]}}