{"id":128209,"date":"2026-04-29T13:16:00","date_gmt":"2026-04-29T16:16:00","guid":{"rendered":"https:\/\/www.uai.com.br\/uainoticias\/?p=128209"},"modified":"2026-04-28T14:54:16","modified_gmt":"2026-04-28T17:54:16","slug":"meus-avos-tem-87-e-90-anos-ainda-cuidam-dos-meus-7-filhos-e-todo-ano-fazem-uma-festa-do-pijama-para-os-primos","status":"publish","type":"post","link":"https:\/\/www.uai.com.br\/uainoticias\/2026\/04\/29\/meus-avos-tem-87-e-90-anos-ainda-cuidam-dos-meus-7-filhos-e-todo-ano-fazem-uma-festa-do-pijama-para-os-primos\/","title":{"rendered":"Meus av\u00f3s t\u00eam 87 e 90 anos. Ainda cuidam dos meus 7 filhos e todo ano fazem uma festa do pijama para os primos."},"content":{"rendered":"\n<link href=\"https:\/\/fonts.googleapis.com\/css2?family=Inter:wght@400;600;700;800&#038;display=swap\" rel=\"stylesheet\">\r\n<style>\r\n\/* Prote\u00e7\u00e3o contra inje\u00e7\u00e3o do \"Veja Tamb\u00e9m\" (JNews inline related posts) *\/\r\n.rdp-curiosidades-wrapper .jnews_inline_related_post_wrapper,\r\n.rdp-curiosidades-wrapper .jnews_inline_related_post,\r\n.rdp-curiosidades-wrapper .jeg_postblock,\r\n.rdp-curiosidades-wrapper [class*=\"jnews_inline\"],\r\n.rdp-curiosidades-wrapper [class*=\"jeg_postblock\"],\r\n.rdp-curiosidades-wrapper [class*=\"jeg_block\"] {\r\n  display: none !important;\r\n  height: 0 !important;\r\n  max-height: 0 !important;\r\n  overflow: hidden !important;\r\n  visibility: hidden !important;\r\n  margin: 0 !important;\r\n  padding: 0 !important;\r\n  border: none !important;\r\n  font-size: 0 !important;\r\n  line-height: 0 !important;\r\n}\r\n.rdp-curiosidades-wrapper {\r\n  max-width: 620px;\r\n  margin: 28px auto;\r\n  background: #FFFFFF;\r\n  border: 1px solid #E0E0E0;\r\n  border-top: 3px solid #2FC3EE;\r\n  border-radius: 12px;\r\n  padding: 28px 32px;\r\n  font-family: 'Inter', sans-serif;\r\n  box-shadow: 0 4px 20px rgba(47,195,238,0.18);\r\n  overflow: hidden;\r\n  contain: layout style;\r\n  isolation: isolate;\r\n  position: relative;\r\n  z-index: 1;\r\n}\r\n.rdp-curiosidades-wrapper > *:not(.rdp-curiosidades-header):not(.rdp-curiosidades-list) {\r\n  display: none !important;\r\n  height: 0 !important;\r\n  overflow: hidden !important;\r\n  margin: 0 !important;\r\n  padding: 0 !important;\r\n  border: none !important;\r\n}\r\n.rdp-curiosidades-header {\r\n  display: flex;\r\n  align-items: center;\r\n  justify-content: center;\r\n  gap: 16px;\r\n  margin-bottom: 24px;\r\n}\r\n.rdp-curiosidades-line {\r\n  flex: 1;\r\n  height: 1px;\r\n  background: #E0E0E0;\r\n}\r\n.rdp-curiosidades-title {\r\n  font-family: 'Inter', sans-serif;\r\n  font-size: 12px;\r\n  font-weight: 800;\r\n  text-transform: uppercase;\r\n  letter-spacing: 4px;\r\n  color: #1A1A1A;\r\n  white-space: nowrap;\r\n}\r\n.rdp-curiosidades-list {\r\n  list-style: none;\r\n  padding: 0;\r\n  margin: 0;\r\n  text-align: center;\r\n}\r\n.rdp-curiosidades-item {\r\n  padding: 0 0 18px 0;\r\n  line-height: 1.7;\r\n}\r\n.rdp-curiosidades-item:last-child {\r\n  padding-bottom: 0;\r\n}\r\n.rdp-curiosidades-item-bullet {\r\n  display: inline-block;\r\n  width: 8px;\r\n  height: 8px;\r\n  background: #2FC3EE;\r\n  border-radius: 50%;\r\n  box-shadow: 0 0 6px rgba(47,195,238,0.40);\r\n  margin-right: 10px;\r\n  vertical-align: middle;\r\n}\r\n.rdp-curiosidades-item-title {\r\n  font-size: 15px;\r\n  font-weight: 700;\r\n  color: #1A1A1A;\r\n}\r\n.rdp-curiosidades-item-desc {\r\n  font-size: 15px;\r\n  color: #333333;\r\n  line-height: 1.7;\r\n}\r\n@media (max-width: 768px) {\r\n  .rdp-curiosidades-wrapper {\r\n    max-width: 100%;\r\n    margin: 20px 12px;\r\n    padding: 22px 20px;\r\n  }\r\n}\r\n<\/style>\r\n<div class=\"rdp-curiosidades-wrapper\">\r\n  <div class=\"rdp-curiosidades-header\">\r\n    <span class=\"rdp-curiosidades-line\"><\/span>\r\n    <span class=\"rdp-curiosidades-title\">Curiosidades da hist\u00f3ria<\/span>\r\n    <span class=\"rdp-curiosidades-line\"><\/span>\r\n  <\/div>\r\n  <ul class=\"rdp-curiosidades-list\">\r\n    <li class=\"rdp-curiosidades-item\">\r\n      <span class=\"rdp-curiosidades-item-bullet\"><\/span><span class=\"rdp-curiosidades-item-title\">Natal inesquec\u00edvel:<\/span> <span class=\"rdp-curiosidades-item-desc\">Av\u00f3s com mais de 80 anos receberam 9 bisnetos para dormir em casa com energia de sobra.<\/span>\r\n    <\/li>\r\n    <li class=\"rdp-curiosidades-item\">\r\n      <span class=\"rdp-curiosidades-item-bullet\"><\/span><span class=\"rdp-curiosidades-item-title\">Presen\u00e7a constante:<\/span> <span class=\"rdp-curiosidades-item-desc\">Eles participaram de todos os momentos importantes da fam\u00edlia, desde sempre.<\/span>\r\n    <\/li>\r\n    <li class=\"rdp-curiosidades-item\">\r\n      <span class=\"rdp-curiosidades-item-bullet\"><\/span><span class=\"rdp-curiosidades-item-title\">Amor sem medida:<\/span> <span class=\"rdp-curiosidades-item-desc\">A dedica\u00e7\u00e3o deles virou exemplo de vida e marcou gera\u00e7\u00f5es inteiras.<\/span>\r\n    <\/li>\r\n  <\/ul>\r\n<\/div>\r\n<div style=\"clear:both;height:0;overflow:hidden;\"><\/div>\n\n\n\n<p>Hist\u00f3rias de fam\u00edlia t\u00eam um jeito especial de aquecer o cora\u00e7\u00e3o, e a de <strong>Lauren Brusie<\/strong> com seus av\u00f3s, <strong>Doris e Jerry<\/strong>, \u00e9 daquelas que a gente guarda com carinho. \u00c9 um relato verdadeiro cheio de amor, presen\u00e7a e conex\u00e3o entre gera\u00e7\u00f5es, daqueles que fazem a gente refletir sobre o valor das pequenas coisas do dia a dia.<\/p>\n\n\n\n<h2 class=\"wp-block-heading\">Como tudo come\u00e7ou<\/h2>\n\n\n\n<p>A hist\u00f3ria de Lauren Brusie com seus av\u00f3s Doris e Jerry come\u00e7ou muito antes dela ter seus pr\u00f3prios filhos. Desde pequena, ela j\u00e1 vivia cercada por esse amor constante, com os av\u00f3s presentes em cada momento importante, desde jogos escolares at\u00e9 finais de semana em fam\u00edlia.<\/p>\n\n\n\n<p>Esse v\u00ednculo forte atravessou gera\u00e7\u00f5es. Quando Lauren se tornou m\u00e3e de sete filhos, percebeu que seus filhos estavam vivendo a mesma experi\u00eancia. Eles cresceram pr\u00f3ximos dos bisav\u00f3s, com conviv\u00eancia di\u00e1ria e uma rela\u00e7\u00e3o cheia de afeto e confian\u00e7a.<\/p>\n\n\n\n<figure class=\"wp-block-image aligncenter size-large\"><img decoding=\"async\" width=\"1024\" height=\"576\" src=\"https:\/\/www.uai.com.br\/uainoticias\/wp-content\/uploads\/2026\/04\/Design_sem_nome-2026-04-28T145252.056-1024x576.jpg\" alt=\"Meus av\u00f3s t\u00eam 87 e 90 anos. Ainda cuidam dos meus 7 filhos e todo ano fazem uma festa do pijama para os primos.\" class=\"wp-image-128211\" srcset=\"https:\/\/www.uai.com.br\/uainoticias\/wp-content\/uploads\/2026\/04\/Design_sem_nome-2026-04-28T145252.056-1024x576.jpg 1024w, https:\/\/www.uai.com.br\/uainoticias\/wp-content\/uploads\/2026\/04\/Design_sem_nome-2026-04-28T145252.056-300x169.jpg 300w, https:\/\/www.uai.com.br\/uainoticias\/wp-content\/uploads\/2026\/04\/Design_sem_nome-2026-04-28T145252.056-768x432.jpg 768w, https:\/\/www.uai.com.br\/uainoticias\/wp-content\/uploads\/2026\/04\/Design_sem_nome-2026-04-28T145252.056-750x422.jpg 750w, https:\/\/www.uai.com.br\/uainoticias\/wp-content\/uploads\/2026\/04\/Design_sem_nome-2026-04-28T145252.056-1140x641.jpg 1140w, https:\/\/www.uai.com.br\/uainoticias\/wp-content\/uploads\/2026\/04\/Design_sem_nome-2026-04-28T145252.056.jpg 1280w\" sizes=\"(max-width: 1024px) 100vw, 1024px\" \/><figcaption class=\"wp-element-caption\">Os av\u00f3s de Lauren Brusie (centro) est\u00e3o muito envolvidos na vida dos bisnetos. Cortesia de Lauren Brusie\n<\/figcaption><\/figure>\n\n\n\n<h2 class=\"wp-block-heading\">O momento que mudou tudo<\/h2>\n\n\n\n<p>Um dos momentos mais marcantes dessa hist\u00f3ria aconteceu em um Natal especial. Mesmo com 87 e 90 anos, Doris e Jerry receberam nove bisnetos para uma noite inteira em sua casa, com direito a brincadeiras, filmes, doces e muita alegria.<\/p>\n\n\n\n<p>No dia seguinte, acordaram cedo e ainda prepararam o caf\u00e9 da manh\u00e3 para todos, com um sorriso no rosto. Esse epis\u00f3dio mostrou, de forma emocionante, o quanto o amor deles \u00e9 ativo e cheio de energia.<\/p>\n\n\n\n<h2 class=\"wp-block-heading\">Uma presen\u00e7a que atravessa gera\u00e7\u00f5es: o que mais chamou aten\u00e7\u00e3o no relato<\/h2>\n\n\n\n<p>O que mais chama aten\u00e7\u00e3o na hist\u00f3ria de Lauren Brusie \u00e9 a const\u00e2ncia desse amor. Doris e Jerry n\u00e3o apenas estiveram presentes na vida dos netos, mas continuam participando ativamente da vida dos bisnetos, indo a eventos, ajudando na rotina e criando tradi\u00e7\u00f5es.<\/p>\n\n\n\n<p>Um detalhe tocante \u00e9 o h\u00e1bito de levarem cada bisneto para um passeio especial de anivers\u00e1rio. Esse gesto simples cria mem\u00f3rias \u00fanicas e refor\u00e7a o v\u00ednculo individual com cada crian\u00e7a.<\/p>\n\n\n\n<link href=\"https:\/\/fonts.googleapis.com\/css2?family=Inter:wght@400;600;700;800&#038;display=swap\" rel=\"stylesheet\">\r\n<style>\r\n\/* Prote\u00e7\u00e3o contra inje\u00e7\u00e3o do \"Veja Tamb\u00e9m\" (JNews inline related posts) *\/\r\n.rdp-pontos-wrapper .jnews_inline_related_post_wrapper,\r\n.rdp-pontos-wrapper .jnews_inline_related_post,\r\n.rdp-pontos-wrapper .jeg_postblock,\r\n.rdp-pontos-wrapper [class*=\"jnews_inline\"],\r\n.rdp-pontos-wrapper [class*=\"jeg_postblock\"],\r\n.rdp-pontos-wrapper [class*=\"jeg_block\"] {\r\n  display: none !important;\r\n  height: 0 !important;\r\n  max-height: 0 !important;\r\n  overflow: hidden !important;\r\n  visibility: hidden !important;\r\n  margin: 0 !important;\r\n  padding: 0 !important;\r\n  border: none !important;\r\n  font-size: 0 !important;\r\n  line-height: 0 !important;\r\n}\r\n.rdp-pontos-wrapper {\r\n  max-width: 100%;\r\n  margin: 32px 0;\r\n  background: #F8F9FA;\r\n  border: 1px solid #E0E0E0;\r\n  border-radius: 12px;\r\n  padding: 28px 28px 20px;\r\n  font-family: 'Inter', sans-serif;\r\n  box-shadow: 0 4px 20px rgba(47,195,238,0.12);\r\n  overflow: hidden;\r\n  contain: layout style;\r\n  isolation: isolate;\r\n  position: relative;\r\n  z-index: 1;\r\n}\r\n.rdp-pontos-wrapper > *:not(.rdp-pontos-title):not(.rdp-pontos-grid) {\r\n  display: none !important;\r\n}\r\n.rdp-pontos-title {\r\n  font-size: 20px;\r\n  font-weight: 800;\r\n  color: #1A1A1A;\r\n  text-align: center;\r\n  margin-bottom: 20px;\r\n}\r\n.rdp-pontos-grid {\r\n  display: grid;\r\n  grid-template-columns: repeat(3, 1fr);\r\n  gap: 18px;\r\n}\r\n.rdp-pontos-item {\r\n  background: #FFFFFF;\r\n  border: 1px solid #E0E0E0;\r\n  border-top: 3px solid #2FC3EE;\r\n  border-radius: 10px;\r\n  padding: 22px;\r\n  text-align: center;\r\n}\r\n.rdp-pontos-emoji {\r\n  font-size: 32px;\r\n  margin-bottom: 10px;\r\n}\r\n.rdp-pontos-item-title {\r\n  font-weight: 700;\r\n  color: #1A1A1A;\r\n}\r\n.rdp-pontos-item-desc {\r\n  font-size: 14px;\r\n  color: #333333;\r\n}\r\n@media (max-width: 768px) {\r\n  .rdp-pontos-grid {\r\n    grid-template-columns: 1fr;\r\n  }\r\n}\r\n<\/style>\r\n<div class=\"rdp-pontos-wrapper\">\r\n  <div class=\"rdp-pontos-title\">Pontos marcantes do relato<\/div>\r\n  <div class=\"rdp-pontos-grid\">\r\n    <div class=\"rdp-pontos-item\">\r\n      <span class=\"rdp-pontos-emoji\">\ud83d\udcac<\/span>\r\n      <div class=\"rdp-pontos-item-title\">Inf\u00e2ncia cheia de presen\u00e7a<\/div>\r\n      <p class=\"rdp-pontos-item-desc\">Lauren cresceu com os av\u00f3s sempre por perto, participando de todos os momentos importantes.<\/p>\r\n    <\/div>\r\n    <div class=\"rdp-pontos-item\">\r\n      <span class=\"rdp-pontos-emoji\">\u2764\ufe0f<\/span>\r\n      <div class=\"rdp-pontos-item-title\">Natal inesquec\u00edvel<\/div>\r\n      <p class=\"rdp-pontos-item-desc\">Mesmo idosos, os av\u00f3s organizaram uma noite especial para v\u00e1rios bisnetos com alegria e disposi\u00e7\u00e3o.<\/p>\r\n    <\/div>\r\n    <div class=\"rdp-pontos-item\">\r\n      <span class=\"rdp-pontos-emoji\">\u2728<\/span>\r\n      <div class=\"rdp-pontos-item-title\">La\u00e7os individuais fortes<\/div>\r\n      <p class=\"rdp-pontos-item-desc\">Cada bisneto ganha momentos \u00fanicos com os av\u00f3s, fortalecendo v\u00ednculos afetivos duradouros.<\/p>\r\n    <\/div>\r\n  <\/div>\r\n<\/div>\r\n<div style=\"clear:both;height:0;overflow:hidden;\"><\/div>\n\n\n\n<h2 class=\"wp-block-heading\">Por que essa hist\u00f3ria tocou tanta gente<\/h2>\n\n\n\n<p>O relato de Lauren Brusie emociona porque mostra algo que muitas fam\u00edlias desejam, mas nem sempre conseguem viver, que \u00e9 a presen\u00e7a ativa entre gera\u00e7\u00f5es. \u00c9 uma hist\u00f3ria de amor simples, mas poderosa, que revela como pequenos gestos podem marcar vidas inteiras.<\/p>\n\n\n\n<p>Al\u00e9m disso, inspira pela vitalidade de Doris e Jerry, que mostram que o envelhecimento pode ser vivido com alegria, prop\u00f3sito e conex\u00e3o com quem se ama.<\/p>\n\n\n\n<h2 class=\"wp-block-heading\">O que aconteceu depois<\/h2>\n\n\n\n<p>Mesmo com a rotina mais corrida, Lauren continua priorizando a conviv\u00eancia com seus av\u00f3s. Eles seguem presentes na vida dos bisnetos, participando de eventos, ajudando no dia a dia e mantendo tradi\u00e7\u00f5es que fortalecem ainda mais essa hist\u00f3ria de fam\u00edlia.<\/p>\n\n\n\n<p>No fim das contas, essa hist\u00f3ria real nos lembra que o tempo passa r\u00e1pido, mas o amor e a presen\u00e7a deixam marcas que ficam para sempre. E talvez seja isso que faz esse relato tocar t\u00e3o fundo em quem l\u00ea. :contentReference[oaicite:0]{index=0}<\/p>\n","protected":false},"excerpt":{"rendered":"<p>Curiosidades da hist\u00f3ria Natal inesquec\u00edvel: Av\u00f3s com mais de 80 anos receberam 9 bisnetos para dormir em casa com energia de sobra. Presen\u00e7a constante: Eles participaram de todos os momentos importantes da fam\u00edlia, desde sempre. Amor sem medida: A dedica\u00e7\u00e3o deles virou exemplo de vida e marcou gera\u00e7\u00f5es inteiras. Hist\u00f3rias de fam\u00edlia t\u00eam um jeito [&hellip;]<\/p>\n","protected":false},"author":23,"featured_media":128211,"comment_status":"open","ping_status":"open","sticky":false,"template":"","format":"standard","meta":{"jnews-multi-image_gallery":[],"jnews_single_post":{"format":"standard"},"jnews_primary_category":[],"jnews_social_meta":[],"jnews_override_counter":[],"footnotes":""},"categories":[11601],"tags":[1051,14876,252,23574],"class_list":["post-128209","post","type-post","status-publish","format-standard","has-post-thumbnail","hentry","category-noticia","tag-amor","tag-avos","tag-familia","tag-festa-do-pijama"],"yoast_head":"<!-- This site is optimized with the Yoast SEO plugin v26.5 - https:\/\/yoast.com\/wordpress\/plugins\/seo\/ -->\n<title>Meus av\u00f3s t\u00eam 87 e 90 anos. Ainda cuidam dos meus 7 filhos e todo ano fazem uma festa do pijama para os primos. - UAI Not\u00edcias<\/title>\n<meta name=\"description\" content=\"A rotina dessa fam\u00edlia com av\u00f3s idosos envolvidos no dia a dia dos netos chama aten\u00e7\u00e3o por um detalhe que poucos vivem hoje\" \/>\n<meta name=\"robots\" content=\"index, follow, max-snippet:-1, max-image-preview:large, max-video-preview:-1\" \/>\n<link rel=\"canonical\" href=\"https:\/\/www.uai.com.br\/uainoticias\/2026\/04\/29\/meus-avos-tem-87-e-90-anos-ainda-cuidam-dos-meus-7-filhos-e-todo-ano-fazem-uma-festa-do-pijama-para-os-primos\/\" \/>\n<meta property=\"og:locale\" content=\"pt_BR\" \/>\n<meta property=\"og:type\" content=\"article\" \/>\n<meta property=\"og:title\" content=\"Meus av\u00f3s t\u00eam 87 e 90 anos. Ainda cuidam dos meus 7 filhos e todo ano fazem uma festa do pijama para os primos. - UAI Not\u00edcias\" \/>\n<meta property=\"og:description\" content=\"A rotina dessa fam\u00edlia com av\u00f3s idosos envolvidos no dia a dia dos netos chama aten\u00e7\u00e3o por um detalhe que poucos vivem hoje\" \/>\n<meta property=\"og:url\" content=\"https:\/\/www.uai.com.br\/uainoticias\/2026\/04\/29\/meus-avos-tem-87-e-90-anos-ainda-cuidam-dos-meus-7-filhos-e-todo-ano-fazem-uma-festa-do-pijama-para-os-primos\/\" \/>\n<meta property=\"og:site_name\" content=\"UAI Not\u00edcias\" \/>\n<meta property=\"article:published_time\" content=\"2026-04-29T16:16:00+00:00\" \/>\n<meta property=\"og:image\" content=\"https:\/\/www.uai.com.br\/uainoticias\/wp-content\/uploads\/2026\/04\/Design_sem_nome-2026-04-28T145252.056.jpg\" \/>\n\t<meta property=\"og:image:width\" content=\"1280\" \/>\n\t<meta property=\"og:image:height\" content=\"720\" \/>\n\t<meta property=\"og:image:type\" content=\"image\/jpeg\" \/>\n<meta name=\"author\" content=\"Gustavo Trindade\" \/>\n<meta name=\"twitter:card\" content=\"summary_large_image\" \/>\n<meta name=\"twitter:label1\" content=\"Escrito por\" \/>\n\t<meta name=\"twitter:data1\" content=\"Gustavo Trindade\" \/>\n\t<meta name=\"twitter:label2\" content=\"Est. tempo de leitura\" \/>\n\t<meta name=\"twitter:data2\" content=\"4 minutos\" \/>\n<!-- \/ Yoast SEO plugin. -->","yoast_head_json":{"title":"Meus av\u00f3s t\u00eam 87 e 90 anos. Ainda cuidam dos meus 7 filhos e todo ano fazem uma festa do pijama para os primos. - UAI Not\u00edcias","description":"A rotina dessa fam\u00edlia com av\u00f3s idosos envolvidos no dia a dia dos netos chama aten\u00e7\u00e3o por um detalhe que poucos vivem hoje","robots":{"index":"index","follow":"follow","max-snippet":"max-snippet:-1","max-image-preview":"max-image-preview:large","max-video-preview":"max-video-preview:-1"},"canonical":"https:\/\/www.uai.com.br\/uainoticias\/2026\/04\/29\/meus-avos-tem-87-e-90-anos-ainda-cuidam-dos-meus-7-filhos-e-todo-ano-fazem-uma-festa-do-pijama-para-os-primos\/","og_locale":"pt_BR","og_type":"article","og_title":"Meus av\u00f3s t\u00eam 87 e 90 anos. Ainda cuidam dos meus 7 filhos e todo ano fazem uma festa do pijama para os primos. - UAI Not\u00edcias","og_description":"A rotina dessa fam\u00edlia com av\u00f3s idosos envolvidos no dia a dia dos netos chama aten\u00e7\u00e3o por um detalhe que poucos vivem hoje","og_url":"https:\/\/www.uai.com.br\/uainoticias\/2026\/04\/29\/meus-avos-tem-87-e-90-anos-ainda-cuidam-dos-meus-7-filhos-e-todo-ano-fazem-uma-festa-do-pijama-para-os-primos\/","og_site_name":"UAI Not\u00edcias","article_published_time":"2026-04-29T16:16:00+00:00","og_image":[{"width":1280,"height":720,"url":"https:\/\/www.uai.com.br\/uainoticias\/wp-content\/uploads\/2026\/04\/Design_sem_nome-2026-04-28T145252.056.jpg","type":"image\/jpeg"}],"author":"Gustavo Trindade","twitter_card":"summary_large_image","twitter_misc":{"Escrito por":"Gustavo Trindade","Est. tempo de leitura":"4 minutos"},"schema":{"@context":"https:\/\/schema.org","@graph":[{"@type":"WebPage","@id":"https:\/\/www.uai.com.br\/uainoticias\/2026\/04\/29\/meus-avos-tem-87-e-90-anos-ainda-cuidam-dos-meus-7-filhos-e-todo-ano-fazem-uma-festa-do-pijama-para-os-primos\/","url":"https:\/\/www.uai.com.br\/uainoticias\/2026\/04\/29\/meus-avos-tem-87-e-90-anos-ainda-cuidam-dos-meus-7-filhos-e-todo-ano-fazem-uma-festa-do-pijama-para-os-primos\/","name":"Meus av\u00f3s t\u00eam 87 e 90 anos. Ainda cuidam dos meus 7 filhos e todo ano fazem uma festa do pijama para os primos. - UAI Not\u00edcias","isPartOf":{"@id":"https:\/\/www.uai.com.br\/uainoticias\/#website"},"primaryImageOfPage":{"@id":"https:\/\/www.uai.com.br\/uainoticias\/2026\/04\/29\/meus-avos-tem-87-e-90-anos-ainda-cuidam-dos-meus-7-filhos-e-todo-ano-fazem-uma-festa-do-pijama-para-os-primos\/#primaryimage"},"image":{"@id":"https:\/\/www.uai.com.br\/uainoticias\/2026\/04\/29\/meus-avos-tem-87-e-90-anos-ainda-cuidam-dos-meus-7-filhos-e-todo-ano-fazem-uma-festa-do-pijama-para-os-primos\/#primaryimage"},"thumbnailUrl":"https:\/\/www.uai.com.br\/uainoticias\/wp-content\/uploads\/2026\/04\/Design_sem_nome-2026-04-28T145252.056.jpg","datePublished":"2026-04-29T16:16:00+00:00","author":{"@id":"https:\/\/www.uai.com.br\/uainoticias\/#\/schema\/person\/060f8bb02e250479c83590e2c4706fcc"},"description":"A rotina dessa fam\u00edlia com av\u00f3s idosos envolvidos no dia a dia dos netos chama aten\u00e7\u00e3o por um detalhe que poucos vivem hoje","breadcrumb":{"@id":"https:\/\/www.uai.com.br\/uainoticias\/2026\/04\/29\/meus-avos-tem-87-e-90-anos-ainda-cuidam-dos-meus-7-filhos-e-todo-ano-fazem-uma-festa-do-pijama-para-os-primos\/#breadcrumb"},"inLanguage":"pt-BR","potentialAction":[{"@type":"ReadAction","target":["https:\/\/www.uai.com.br\/uainoticias\/2026\/04\/29\/meus-avos-tem-87-e-90-anos-ainda-cuidam-dos-meus-7-filhos-e-todo-ano-fazem-uma-festa-do-pijama-para-os-primos\/"]}]},{"@type":"ImageObject","inLanguage":"pt-BR","@id":"https:\/\/www.uai.com.br\/uainoticias\/2026\/04\/29\/meus-avos-tem-87-e-90-anos-ainda-cuidam-dos-meus-7-filhos-e-todo-ano-fazem-uma-festa-do-pijama-para-os-primos\/#primaryimage","url":"https:\/\/www.uai.com.br\/uainoticias\/wp-content\/uploads\/2026\/04\/Design_sem_nome-2026-04-28T145252.056.jpg","contentUrl":"https:\/\/www.uai.com.br\/uainoticias\/wp-content\/uploads\/2026\/04\/Design_sem_nome-2026-04-28T145252.056.jpg","width":1280,"height":720,"caption":"Os av\u00f3s de Lauren Brusie (centro) est\u00e3o muito envolvidos na vida dos bisnetos. Cortesia de Lauren Brusie"},{"@type":"BreadcrumbList","@id":"https:\/\/www.uai.com.br\/uainoticias\/2026\/04\/29\/meus-avos-tem-87-e-90-anos-ainda-cuidam-dos-meus-7-filhos-e-todo-ano-fazem-uma-festa-do-pijama-para-os-primos\/#breadcrumb","itemListElement":[{"@type":"ListItem","position":1,"name":"In\u00edcio","item":"https:\/\/www.uai.com.br\/uainoticias\/"},{"@type":"ListItem","position":2,"name":"Meus av\u00f3s t\u00eam 87 e 90 anos. Ainda cuidam dos meus 7 filhos e todo ano fazem uma festa do pijama para os primos."}]},{"@type":"WebSite","@id":"https:\/\/www.uai.com.br\/uainoticias\/#website","url":"https:\/\/www.uai.com.br\/uainoticias\/","name":"UAI Not\u00edcias","description":"Acompanhe as \u00faltimas not\u00edcias e fique bem informado sobre tudo o que acontece no Brasil e no mundo.","potentialAction":[{"@type":"SearchAction","target":{"@type":"EntryPoint","urlTemplate":"https:\/\/www.uai.com.br\/uainoticias\/?s={search_term_string}"},"query-input":{"@type":"PropertyValueSpecification","valueRequired":true,"valueName":"search_term_string"}}],"inLanguage":"pt-BR"},{"@type":"Person","@id":"https:\/\/www.uai.com.br\/uainoticias\/#\/schema\/person\/060f8bb02e250479c83590e2c4706fcc","name":"Gustavo Trindade","image":{"@type":"ImageObject","inLanguage":"pt-BR","@id":"https:\/\/www.uai.com.br\/uainoticias\/#\/schema\/person\/image\/","url":"https:\/\/secure.gravatar.com\/avatar\/05714a54ada0bd2b20e75b2c72a9e7802581213945810c2354d320b79f27b427?s=96&d=mm&r=g","contentUrl":"https:\/\/secure.gravatar.com\/avatar\/05714a54ada0bd2b20e75b2c72a9e7802581213945810c2354d320b79f27b427?s=96&d=mm&r=g","caption":"Gustavo Trindade"},"sameAs":["https:\/\/www.uai.com.br\/uainoticias\/"],"url":"https:\/\/www.uai.com.br\/uainoticias\/author\/gustavotrindade\/"}]}},"_links":{"self":[{"href":"https:\/\/www.uai.com.br\/uainoticias\/wp-json\/wp\/v2\/posts\/128209","targetHints":{"allow":["GET"]}}],"collection":[{"href":"https:\/\/www.uai.com.br\/uainoticias\/wp-json\/wp\/v2\/posts"}],"about":[{"href":"https:\/\/www.uai.com.br\/uainoticias\/wp-json\/wp\/v2\/types\/post"}],"author":[{"embeddable":true,"href":"https:\/\/www.uai.com.br\/uainoticias\/wp-json\/wp\/v2\/users\/23"}],"replies":[{"embeddable":true,"href":"https:\/\/www.uai.com.br\/uainoticias\/wp-json\/wp\/v2\/comments?post=128209"}],"version-history":[{"count":1,"href":"https:\/\/www.uai.com.br\/uainoticias\/wp-json\/wp\/v2\/posts\/128209\/revisions"}],"predecessor-version":[{"id":128214,"href":"https:\/\/www.uai.com.br\/uainoticias\/wp-json\/wp\/v2\/posts\/128209\/revisions\/128214"}],"wp:featuredmedia":[{"embeddable":true,"href":"https:\/\/www.uai.com.br\/uainoticias\/wp-json\/wp\/v2\/media\/128211"}],"wp:attachment":[{"href":"https:\/\/www.uai.com.br\/uainoticias\/wp-json\/wp\/v2\/media?parent=128209"}],"wp:term":[{"taxonomy":"category","embeddable":true,"href":"https:\/\/www.uai.com.br\/uainoticias\/wp-json\/wp\/v2\/categories?post=128209"},{"taxonomy":"post_tag","embeddable":true,"href":"https:\/\/www.uai.com.br\/uainoticias\/wp-json\/wp\/v2\/tags?post=128209"}],"curies":[{"name":"wp","href":"https:\/\/api.w.org\/{rel}","templated":true}]}}