{"id":128206,"date":"2026-04-29T21:45:00","date_gmt":"2026-04-30T00:45:00","guid":{"rendered":"https:\/\/www.uai.com.br\/uainoticias\/?p=128206"},"modified":"2026-04-28T14:54:14","modified_gmt":"2026-04-28T17:54:14","slug":"a-psicologia-afirma-que-quem-rejeita-cuidado-na-doenca-nao-e-independente-apenas-aprendeu-cedo-que-precisar-de-alguem-pode-levar-ao-abandono","status":"publish","type":"post","link":"https:\/\/www.uai.com.br\/uainoticias\/2026\/04\/29\/a-psicologia-afirma-que-quem-rejeita-cuidado-na-doenca-nao-e-independente-apenas-aprendeu-cedo-que-precisar-de-alguem-pode-levar-ao-abandono\/","title":{"rendered":"A psicologia afirma que quem rejeita cuidado na doen\u00e7a n\u00e3o \u00e9 independente, apenas aprendeu cedo que precisar de algu\u00e9m pode levar ao abandono"},"content":{"rendered":"\n<p>Muitas pessoas, ao ficarem doentes, manifestam uma resist\u00eancia extrema em aceitar ajuda, preferindo o isolamento ou o esfor\u00e7o herc\u00faleo de se cuidarem sozinhas. A psicologia revela que essa postura n\u00e3o \u00e9 uma prova de independ\u00eancia real, mas sim o reflexo de uma cren\u00e7a antiga de que demonstrar vulnerabilidade \u00e9 o caminho mais r\u00e1pido para ser abandonado.<\/p>\n\n\n\n<h2 class=\"wp-block-heading\">O trauma do cuidado condicional e a autossufici\u00eancia como defesa<\/h2>\n\n\n\n<p>A recusa em receber aux\u00edlio durante momentos de fragilidade f\u00edsica geralmente tem ra\u00edzes em<a href=\"https:\/\/greatergood.berkeley.edu\/article\/item\/does_attachment_research_focus_too_much_on_moms\" target=\"_blank\" rel=\"noreferrer noopener\"> experi\u00eancias da inf\u00e2ncia <\/a>onde o <strong>afeto<\/strong> era condicionado \u00e0 for\u00e7a e \u00e0 utilidade. Para esses indiv\u00edduos, precisar de algu\u00e9m gera uma ansiedade profunda, pois o subconsciente associa o estado de car\u00eancia ao risco iminente de <strong>rejei\u00e7\u00e3o<\/strong> ou de ser um fardo insuport\u00e1vel para os outros.<\/p>\n\n\n\n<p>Essa &#8220;autossufici\u00eancia t\u00f3xica&#8221; funciona como uma armadura que protege a <strong>sa\u00fade mental<\/strong> contra a dor de uma poss\u00edvel decep\u00e7\u00e3o afetiva. No entanto, ao evitar o cuidado, a pessoa acaba refor\u00e7ando um ciclo de solid\u00e3o que impede a constru\u00e7\u00e3o de conex\u00f5es profundas e baseadas na <strong>reciprocidade<\/strong> emocional necess\u00e1ria para o bem-estar humano.<\/p>\n\n\n<div class=\"wp-block-image\">\n<figure class=\"aligncenter size-large\"><img decoding=\"async\" width=\"1024\" height=\"576\" src=\"https:\/\/www.uai.com.br\/uainoticias\/wp-content\/uploads\/2026\/04\/recusando-favor-2-1024x576.jpg\" alt=\"\" class=\"wp-image-123318\" srcset=\"https:\/\/www.uai.com.br\/uainoticias\/wp-content\/uploads\/2026\/04\/recusando-favor-2-1024x576.jpg 1024w, https:\/\/www.uai.com.br\/uainoticias\/wp-content\/uploads\/2026\/04\/recusando-favor-2-300x169.jpg 300w, https:\/\/www.uai.com.br\/uainoticias\/wp-content\/uploads\/2026\/04\/recusando-favor-2-768x432.jpg 768w, https:\/\/www.uai.com.br\/uainoticias\/wp-content\/uploads\/2026\/04\/recusando-favor-2-750x422.jpg 750w, https:\/\/www.uai.com.br\/uainoticias\/wp-content\/uploads\/2026\/04\/recusando-favor-2-1140x641.jpg 1140w, https:\/\/www.uai.com.br\/uainoticias\/wp-content\/uploads\/2026\/04\/recusando-favor-2.jpg 1280w\" sizes=\"(max-width: 1024px) 100vw, 1024px\" \/><figcaption class=\"wp-element-caption\">A recusa em receber aux\u00edlio durante momentos de fragilidade f\u00edsica geralmente tem ra\u00edzes em experi\u00eancias da inf\u00e2ncia <\/figcaption><\/figure><\/div>\n\n\n<h2 class=\"wp-block-heading\">Por que a vulnerabilidade \u00e9 vista como um perigo para o ego<\/h2>\n\n\n\n<p>Para quem carrega a ferida do abandono, estar acamado ou dependente de terceiros \u00e9 uma exposi\u00e7\u00e3o perigosa que retira o controle sobre a pr\u00f3pria imagem de <strong>for\u00e7a<\/strong>. A cren\u00e7a de que o valor pessoal est\u00e1 ligado \u00e0 capacidade de resolver tudo sozinho faz com que a doen\u00e7a seja encarada como uma falha de car\u00e1ter e n\u00e3o como um processo biol\u00f3gico natural.<\/p>\n\n\n\n<p>Aceitar uma sopa, um rem\u00e9dio ou um simples repouso exige uma <strong>seguran\u00e7a emocional<\/strong> que esses indiv\u00edduos ainda n\u00e3o consolidaram em sua trajet\u00f3ria. O medo de que o parceiro ou amigo se canse da sua &#8220;fraqueza&#8221;, sobrep\u00f5e-se \u00e0 necessidade real de suporte, gerando um estresse adicional que retarda a recupera\u00e7\u00e3o f\u00edsica.<\/p>\n\n\n\n<h2 class=\"wp-block-heading\">Sinais de que voc\u00ea associa necessidade com risco de isolamento<\/h2>\n\n\n\n<p>Identificar esse padr\u00e3o exige uma an\u00e1lise sobre como voc\u00ea reage quando as pessoas tentam se aproximar em momentos de crise. Se o seu primeiro impulso \u00e9 dizer &#8220;est\u00e1 tudo bem&#8221; enquanto voc\u00ea claramente precisa de ajuda, ou se voc\u00ea sente uma culpa avassaladora ao ser servido, sua <strong>personalidade<\/strong> est\u00e1 operando sob o modo de defesa contra o abandono.<\/p>\n\n\n<div class=\"wp-block-image\">\n<figure class=\"aligncenter size-large\"><img decoding=\"async\" width=\"1024\" height=\"576\" src=\"https:\/\/www.uai.com.br\/uainoticias\/wp-content\/uploads\/2026\/04\/negar-ajuda-1024x576.jpg\" alt=\"\" class=\"wp-image-121676\" srcset=\"https:\/\/www.uai.com.br\/uainoticias\/wp-content\/uploads\/2026\/04\/negar-ajuda-1024x576.jpg 1024w, https:\/\/www.uai.com.br\/uainoticias\/wp-content\/uploads\/2026\/04\/negar-ajuda-300x169.jpg 300w, https:\/\/www.uai.com.br\/uainoticias\/wp-content\/uploads\/2026\/04\/negar-ajuda-768x432.jpg 768w, https:\/\/www.uai.com.br\/uainoticias\/wp-content\/uploads\/2026\/04\/negar-ajuda-750x422.jpg 750w, https:\/\/www.uai.com.br\/uainoticias\/wp-content\/uploads\/2026\/04\/negar-ajuda-1140x641.jpg 1140w, https:\/\/www.uai.com.br\/uainoticias\/wp-content\/uploads\/2026\/04\/negar-ajuda.jpg 1280w\" sizes=\"(max-width: 1024px) 100vw, 1024px\" \/><figcaption class=\"wp-element-caption\">Muitos adultos independentes cresceram sob a \u00e9gide da autossufici\u00eancia<\/figcaption><\/figure><\/div>\n\n\n<p><em>Dica r\u00e1pida<\/em>: Observe se voc\u00ea se sente mais confort\u00e1vel cuidando dos outros do que sendo cuidado; essa assimetria \u00e9 um forte ind\u00edcio de que voc\u00ea usa a presta\u00e7\u00e3o de servi\u00e7o como garantia de <strong>pertencimento<\/strong>. Aprender a receber sem precisar retribuir imediatamente \u00e9 um exerc\u00edcio fundamental de cura para quem passou a vida tentando ser indispens\u00e1vel para n\u00e3o ser esquecido.<\/p>\n\n\n\n<h2 class=\"wp-block-heading\">Como desconstruir a cren\u00e7a de que precisar de algu\u00e9m \u00e9 perigoso<\/h2>\n\n\n\n<p>Mudar essa mentalidade requer a compreens\u00e3o de que a verdadeira <a href=\"https:\/\/www.uai.com.br\/uainoticias\/2026\/04\/28\/ha-uma-solidao-silenciosa-em-pessoas-afetuosas-nao-vem-da-falta-de-companhia-mas-do-fato-de-parecerem-sempre-bem-a-ponto-de-ninguem-perguntar-se-estao-realmente-bem\/\" target=\"_blank\" rel=\"noreferrer noopener\">intimidade <\/a>s\u00f3 floresce quando ambas as partes se permitem ser vulner\u00e1veis e cuidadas. Romper o h\u00e1bito de se esconder na doen\u00e7a permite que os relacionamentos alcancem um novo n\u00edvel de confian\u00e7a, onde o suporte m\u00fatuo \u00e9 visto como um privil\u00e9gio e n\u00e3o como uma transa\u00e7\u00e3o comercial ou um fardo pesado.<\/p>\n\n\n\n<link href=\"https:\/\/fonts.googleapis.com\/css2?family=Inter:wght@400;600;700;800&#038;display=swap\" rel=\"stylesheet\">\n<style>\n\/* Prote\u00e7\u00e3o contra inje\u00e7\u00e3o do \"Veja Tamb\u00e9m\" (JNews inline related posts) *\/\n.rdp-pontos-wrapper .jnews_inline_related_post_wrapper,\n.rdp-pontos-wrapper .jnews_inline_related_post,\n.rdp-pontos-wrapper .jeg_postblock,\n.rdp-pontos-wrapper [class*=\"jnews_inline\"],\n.rdp-pontos-wrapper [class*=\"jeg_postblock\"],\n.rdp-pontos-wrapper [class*=\"jeg_block\"] {\n  display: none !important;\n  height: 0 !important;\n  max-height: 0 !important;\n  overflow: hidden !important;\n  visibility: hidden !important;\n  margin: 0 !important;\n  padding: 0 !important;\n  border: none !important;\n  font-size: 0 !important;\n  line-height: 0 !important;\n}\n.rdp-pontos-wrapper {\n  max-width: 100%;\n  margin: 32px 0;\n  background: #F8F9FA;\n  border: 1px solid #E0E0E0;\n  border-radius: 12px;\n  padding: 28px 28px 20px;\n  font-family: 'Inter', sans-serif;\n  box-shadow: 0 4px 20px rgba(47,195,238,0.12);\n  overflow: hidden;\n  contain: layout style;\n  isolation: isolate;\n  position: relative;\n  z-index: 1;\n}\n.rdp-pontos-wrapper > *:not(.rdp-pontos-title):not(.rdp-pontos-grid) {\n  display: none !important;\n  height: 0 !important;\n  overflow: hidden !important;\n  margin: 0 !important;\n  padding: 0 !important;\n  border: none !important;\n}\n.rdp-pontos-title {\n  font-family: 'Inter', sans-serif;\n  font-size: 20px;\n  font-weight: 800;\n  color: #1A1A1A;\n  margin: 0 0 20px 0;\n  line-height: 1.3;\n  text-align: center;\n}\n.rdp-pontos-grid {\n  display: grid;\n  grid-template-columns: repeat(3, 1fr);\n  gap: 18px;\n}\n.rdp-pontos-item {\n  background: #FFFFFF;\n  border: 1px solid #E0E0E0;\n  border-top: 3px solid #2FC3EE;\n  border-radius: 10px;\n  padding: 22px 20px;\n  box-shadow: 0 2px 10px rgba(47,195,238,0.10);\n  transition: box-shadow 0.3s ease, border-color 0.3s ease;\n  text-align: center;\n}\n.rdp-pontos-item:hover {\n  box-shadow: 0 4px 20px rgba(47,195,238,0.22);\n  border-color: #2FC3EE;\n}\n.rdp-pontos-emoji {\n  font-size: 32px;\n  line-height: 1;\n  margin-bottom: 12px;\n  display: block;\n  text-align: center;\n}\n.rdp-pontos-item-title {\n  font-size: 15px;\n  font-weight: 700;\n  color: #1A1A1A;\n  margin-bottom: 8px;\n  line-height: 1.3;\n}\n.rdp-pontos-item-desc {\n  font-size: 14px;\n  color: #333333;\n  line-height: 1.6;\n  margin: 0;\n}\n@media (max-width: 768px) {\n  .rdp-pontos-wrapper {\n    padding: 20px 16px 14px;\n  }\n  .rdp-pontos-grid {\n    grid-template-columns: 1fr;\n    gap: 14px;\n  }\n  .rdp-pontos-title {\n    font-size: 18px;\n  }\n}\n<\/style>\n\n<div class=\"rdp-pontos-wrapper\">\n  <div class=\"rdp-pontos-title\">Princ\u00edpios de Autocompaix\u00e3o e Cuidado<\/div>\n  <div class=\"rdp-pontos-grid\">\n    <div class=\"rdp-pontos-item\">\n      <span class=\"rdp-pontos-emoji\">\ud83e\udd32<\/span>\n      <div class=\"rdp-pontos-item-title\">Aceitar Gestos<\/div>\n      <p class=\"rdp-pontos-item-desc\">Comece aceitando pequenos gestos de ajuda, como um copo de \u00e1gua, sem se desculpar por isso.<\/p>\n    <\/div>\n    <div class=\"rdp-pontos-item\">\n      <span class=\"rdp-pontos-emoji\">\ud83d\udcac<\/span>\n      <div class=\"rdp-pontos-item-title\">Comunica\u00e7\u00e3o Honesta<\/div>\n      <p class=\"rdp-pontos-item-desc\">Comunique seus medos de forma aberta, explicando que voc\u00ea tem dificuldade em ser cuidado.<\/p>\n    <\/div>\n    <div class=\"rdp-pontos-item\">\n      <span class=\"rdp-pontos-emoji\">\ud83e\udde1<\/span>\n      <div class=\"rdp-pontos-item-title\">Vulnerabilidade Humana<\/div>\n      <p class=\"rdp-pontos-item-desc\">Entenda que a vulnerabilidade f\u00edsica \u00e9 uma parte inevit\u00e1vel e digna da experi\u00eancia humana.<\/p>\n    <\/div>\n    <div class=\"rdp-pontos-item\">\n      <span class=\"rdp-pontos-emoji\">\ud83e\udde0<\/span>\n      <div class=\"rdp-pontos-item-title\">Questionar a Voz Interna<\/div>\n      <p class=\"rdp-pontos-item-desc\">Desafie a ideia de que voc\u00ea s\u00f3 ter\u00e1 valor se for produtivo ou forte o tempo todo.<\/p>\n    <\/div>\n    <div class=\"rdp-pontos-item\">\n      <span class=\"rdp-pontos-emoji\">\ud83e\uddd8<\/span>\n      <div class=\"rdp-pontos-item-title\">Descanso como Resili\u00eancia<\/div>\n      <p class=\"rdp-pontos-item-desc\">Valorize o repouso como uma ferramenta de resili\u00eancia e n\u00e3o como sinal de pregui\u00e7a ou derrota.<\/p>\n    <\/div>\n  <\/div>\n<\/div>\n<div style=\"clear:both;height:0;overflow:hidden;\"><\/div>\n\n\n\n<p>Ao permitir que os outros entrem em seu espa\u00e7o de fragilidade, voc\u00ea descobre quem realmente valoriza sua <strong>ess\u00eancia<\/strong> acima da sua utilidade. Esse processo fortalece o seu sistema imunol\u00f3gico e emocional, criando uma base s\u00f3lida para que a <strong>qualidade de vida<\/strong> seja pautada pela seguran\u00e7a de ser amado exatamente por quem voc\u00ea \u00e9, inclusive nos seus dias mais dif\u00edceis.<\/p>\n\n\n\n<h2 class=\"wp-block-heading\">A liberta\u00e7\u00e3o emocional de aceitar o cuidado sem medo do amanh\u00e3<\/h2>\n\n\n\n<p>Entender que precisar de algu\u00e9m n\u00e3o acelera o abandono, mas sim fortalece os v\u00ednculos, \u00e9 o passo definitivo para a <strong>liberta\u00e7\u00e3o pessoal<\/strong>. A cura come\u00e7a no momento em que voc\u00ea abaixa a guarda e percebe que o amor verdadeiro n\u00e3o foge diante da doen\u00e7a, mas se manifesta com mais for\u00e7a atrav\u00e9s da presen\u00e7a e da dedica\u00e7\u00e3o silenciosa.<\/p>\n\n\n\n<p>Escolher ser cuidado \u00e9 um ato de coragem que desafia traumas antigos e abre as portas para uma vida com menos peso e mais acolhimento. Ao final do dia, a maior for\u00e7a reside na capacidade de ser humano, aceitando que a <strong>interdepend\u00eancia<\/strong> \u00e9 o que nos mant\u00e9m conectados e seguros em meio \u00e0s incertezas e desafios da jornada da vida.<\/p>\n","protected":false},"excerpt":{"rendered":"<p>Muitas pessoas, ao ficarem doentes, manifestam uma resist\u00eancia extrema em aceitar ajuda, preferindo o isolamento ou o esfor\u00e7o herc\u00faleo de se cuidarem sozinhas. A psicologia revela que essa postura n\u00e3o \u00e9 uma prova de independ\u00eancia real, mas sim o reflexo de uma cren\u00e7a antiga de que demonstrar vulnerabilidade \u00e9 o caminho mais r\u00e1pido para ser [&hellip;]<\/p>\n","protected":false},"author":24,"featured_media":128207,"comment_status":"open","ping_status":"open","sticky":false,"template":"","format":"standard","meta":{"jnews-multi-image_gallery":[],"jnews_single_post":{"format":"standard"},"jnews_primary_category":[],"jnews_social_meta":[],"jnews_override_counter":[],"footnotes":""},"categories":[3046,475],"tags":[2004,23573],"class_list":["post-128206","post","type-post","status-publish","format-standard","has-post-thumbnail","hentry","category-curiosidades","category-entretenimento","tag-pessoas","tag-rejeitar-ajuda"],"yoast_head":"<!-- This site is optimized with the Yoast SEO plugin v26.5 - https:\/\/yoast.com\/wordpress\/plugins\/seo\/ -->\n<title>A psicologia afirma que quem rejeita cuidado na doen\u00e7a n\u00e3o \u00e9 independente, apenas aprendeu cedo que precisar de algu\u00e9m pode levar ao abandono - UAI Not\u00edcias<\/title>\n<meta name=\"description\" content=\"A psicologia explica por que algumas pessoas rejeitam ajuda na doen\u00e7a por medo antigo de abandono e dificuldade em aceitar vulnerabilidade.\" \/>\n<meta name=\"robots\" content=\"index, follow, max-snippet:-1, max-image-preview:large, max-video-preview:-1\" \/>\n<link rel=\"canonical\" href=\"https:\/\/www.uai.com.br\/uainoticias\/2026\/04\/29\/a-psicologia-afirma-que-quem-rejeita-cuidado-na-doenca-nao-e-independente-apenas-aprendeu-cedo-que-precisar-de-alguem-pode-levar-ao-abandono\/\" \/>\n<meta property=\"og:locale\" content=\"pt_BR\" \/>\n<meta property=\"og:type\" content=\"article\" \/>\n<meta property=\"og:title\" content=\"A psicologia afirma que quem rejeita cuidado na doen\u00e7a n\u00e3o \u00e9 independente, apenas aprendeu cedo que precisar de algu\u00e9m pode levar ao abandono - UAI Not\u00edcias\" \/>\n<meta property=\"og:description\" content=\"A psicologia explica por que algumas pessoas rejeitam ajuda na doen\u00e7a por medo antigo de abandono e dificuldade em aceitar vulnerabilidade.\" \/>\n<meta property=\"og:url\" content=\"https:\/\/www.uai.com.br\/uainoticias\/2026\/04\/29\/a-psicologia-afirma-que-quem-rejeita-cuidado-na-doenca-nao-e-independente-apenas-aprendeu-cedo-que-precisar-de-alguem-pode-levar-ao-abandono\/\" \/>\n<meta property=\"og:site_name\" content=\"UAI Not\u00edcias\" \/>\n<meta property=\"article:published_time\" content=\"2026-04-30T00:45:00+00:00\" \/>\n<meta property=\"og:image\" content=\"https:\/\/www.uai.com.br\/uainoticias\/wp-content\/uploads\/2026\/04\/rejeitar-ajuda.jpg\" \/>\n\t<meta property=\"og:image:width\" content=\"1280\" \/>\n\t<meta property=\"og:image:height\" content=\"720\" \/>\n\t<meta property=\"og:image:type\" content=\"image\/jpeg\" \/>\n<meta name=\"author\" content=\"Daniely Cardoso\" \/>\n<meta name=\"twitter:card\" content=\"summary_large_image\" \/>\n<meta name=\"twitter:label1\" content=\"Escrito por\" \/>\n\t<meta name=\"twitter:data1\" content=\"Daniely Cardoso\" \/>\n\t<meta name=\"twitter:label2\" content=\"Est. tempo de leitura\" \/>\n\t<meta name=\"twitter:data2\" content=\"6 minutos\" \/>\n<!-- \/ Yoast SEO plugin. -->","yoast_head_json":{"title":"A psicologia afirma que quem rejeita cuidado na doen\u00e7a n\u00e3o \u00e9 independente, apenas aprendeu cedo que precisar de algu\u00e9m pode levar ao abandono - UAI Not\u00edcias","description":"A psicologia explica por que algumas pessoas rejeitam ajuda na doen\u00e7a por medo antigo de abandono e dificuldade em aceitar vulnerabilidade.","robots":{"index":"index","follow":"follow","max-snippet":"max-snippet:-1","max-image-preview":"max-image-preview:large","max-video-preview":"max-video-preview:-1"},"canonical":"https:\/\/www.uai.com.br\/uainoticias\/2026\/04\/29\/a-psicologia-afirma-que-quem-rejeita-cuidado-na-doenca-nao-e-independente-apenas-aprendeu-cedo-que-precisar-de-alguem-pode-levar-ao-abandono\/","og_locale":"pt_BR","og_type":"article","og_title":"A psicologia afirma que quem rejeita cuidado na doen\u00e7a n\u00e3o \u00e9 independente, apenas aprendeu cedo que precisar de algu\u00e9m pode levar ao abandono - UAI Not\u00edcias","og_description":"A psicologia explica por que algumas pessoas rejeitam ajuda na doen\u00e7a por medo antigo de abandono e dificuldade em aceitar vulnerabilidade.","og_url":"https:\/\/www.uai.com.br\/uainoticias\/2026\/04\/29\/a-psicologia-afirma-que-quem-rejeita-cuidado-na-doenca-nao-e-independente-apenas-aprendeu-cedo-que-precisar-de-alguem-pode-levar-ao-abandono\/","og_site_name":"UAI Not\u00edcias","article_published_time":"2026-04-30T00:45:00+00:00","og_image":[{"width":1280,"height":720,"url":"https:\/\/www.uai.com.br\/uainoticias\/wp-content\/uploads\/2026\/04\/rejeitar-ajuda.jpg","type":"image\/jpeg"}],"author":"Daniely Cardoso","twitter_card":"summary_large_image","twitter_misc":{"Escrito por":"Daniely Cardoso","Est. tempo de leitura":"6 minutos"},"schema":{"@context":"https:\/\/schema.org","@graph":[{"@type":"WebPage","@id":"https:\/\/www.uai.com.br\/uainoticias\/2026\/04\/29\/a-psicologia-afirma-que-quem-rejeita-cuidado-na-doenca-nao-e-independente-apenas-aprendeu-cedo-que-precisar-de-alguem-pode-levar-ao-abandono\/","url":"https:\/\/www.uai.com.br\/uainoticias\/2026\/04\/29\/a-psicologia-afirma-que-quem-rejeita-cuidado-na-doenca-nao-e-independente-apenas-aprendeu-cedo-que-precisar-de-alguem-pode-levar-ao-abandono\/","name":"A psicologia afirma que quem rejeita cuidado na doen\u00e7a n\u00e3o \u00e9 independente, apenas aprendeu cedo que precisar de algu\u00e9m pode levar ao abandono - UAI Not\u00edcias","isPartOf":{"@id":"https:\/\/www.uai.com.br\/uainoticias\/#website"},"primaryImageOfPage":{"@id":"https:\/\/www.uai.com.br\/uainoticias\/2026\/04\/29\/a-psicologia-afirma-que-quem-rejeita-cuidado-na-doenca-nao-e-independente-apenas-aprendeu-cedo-que-precisar-de-alguem-pode-levar-ao-abandono\/#primaryimage"},"image":{"@id":"https:\/\/www.uai.com.br\/uainoticias\/2026\/04\/29\/a-psicologia-afirma-que-quem-rejeita-cuidado-na-doenca-nao-e-independente-apenas-aprendeu-cedo-que-precisar-de-alguem-pode-levar-ao-abandono\/#primaryimage"},"thumbnailUrl":"https:\/\/www.uai.com.br\/uainoticias\/wp-content\/uploads\/2026\/04\/rejeitar-ajuda.jpg","datePublished":"2026-04-30T00:45:00+00:00","author":{"@id":"https:\/\/www.uai.com.br\/uainoticias\/#\/schema\/person\/b40f59cad9eb0656c8ae35fee468cc57"},"description":"A psicologia explica por que algumas pessoas rejeitam ajuda na doen\u00e7a por medo antigo de abandono e dificuldade em aceitar vulnerabilidade.","breadcrumb":{"@id":"https:\/\/www.uai.com.br\/uainoticias\/2026\/04\/29\/a-psicologia-afirma-que-quem-rejeita-cuidado-na-doenca-nao-e-independente-apenas-aprendeu-cedo-que-precisar-de-alguem-pode-levar-ao-abandono\/#breadcrumb"},"inLanguage":"pt-BR","potentialAction":[{"@type":"ReadAction","target":["https:\/\/www.uai.com.br\/uainoticias\/2026\/04\/29\/a-psicologia-afirma-que-quem-rejeita-cuidado-na-doenca-nao-e-independente-apenas-aprendeu-cedo-que-precisar-de-alguem-pode-levar-ao-abandono\/"]}]},{"@type":"ImageObject","inLanguage":"pt-BR","@id":"https:\/\/www.uai.com.br\/uainoticias\/2026\/04\/29\/a-psicologia-afirma-que-quem-rejeita-cuidado-na-doenca-nao-e-independente-apenas-aprendeu-cedo-que-precisar-de-alguem-pode-levar-ao-abandono\/#primaryimage","url":"https:\/\/www.uai.com.br\/uainoticias\/wp-content\/uploads\/2026\/04\/rejeitar-ajuda.jpg","contentUrl":"https:\/\/www.uai.com.br\/uainoticias\/wp-content\/uploads\/2026\/04\/rejeitar-ajuda.jpg","width":1280,"height":720,"caption":"Entender que precisar de algu\u00e9m n\u00e3o acelera o abandono, mas sim fortalece os v\u00ednculos, \u00e9 o passo definitivo para a liberta\u00e7\u00e3o pessoal"},{"@type":"BreadcrumbList","@id":"https:\/\/www.uai.com.br\/uainoticias\/2026\/04\/29\/a-psicologia-afirma-que-quem-rejeita-cuidado-na-doenca-nao-e-independente-apenas-aprendeu-cedo-que-precisar-de-alguem-pode-levar-ao-abandono\/#breadcrumb","itemListElement":[{"@type":"ListItem","position":1,"name":"In\u00edcio","item":"https:\/\/www.uai.com.br\/uainoticias\/"},{"@type":"ListItem","position":2,"name":"A psicologia afirma que quem rejeita cuidado na doen\u00e7a n\u00e3o \u00e9 independente, apenas aprendeu cedo que precisar de algu\u00e9m pode levar ao abandono"}]},{"@type":"WebSite","@id":"https:\/\/www.uai.com.br\/uainoticias\/#website","url":"https:\/\/www.uai.com.br\/uainoticias\/","name":"UAI Not\u00edcias","description":"Acompanhe as \u00faltimas not\u00edcias e fique bem informado sobre tudo o que acontece no Brasil e no mundo.","potentialAction":[{"@type":"SearchAction","target":{"@type":"EntryPoint","urlTemplate":"https:\/\/www.uai.com.br\/uainoticias\/?s={search_term_string}"},"query-input":{"@type":"PropertyValueSpecification","valueRequired":true,"valueName":"search_term_string"}}],"inLanguage":"pt-BR"},{"@type":"Person","@id":"https:\/\/www.uai.com.br\/uainoticias\/#\/schema\/person\/b40f59cad9eb0656c8ae35fee468cc57","name":"Daniely Cardoso","image":{"@type":"ImageObject","inLanguage":"pt-BR","@id":"https:\/\/www.uai.com.br\/uainoticias\/#\/schema\/person\/image\/","url":"https:\/\/secure.gravatar.com\/avatar\/b43c203f79e2ee2d699e04567f61958ba1731d1c994abcd298aa4fee5f54cb3a?s=96&d=mm&r=g","contentUrl":"https:\/\/secure.gravatar.com\/avatar\/b43c203f79e2ee2d699e04567f61958ba1731d1c994abcd298aa4fee5f54cb3a?s=96&d=mm&r=g","caption":"Daniely Cardoso"},"sameAs":["https:\/\/www.uai.com.br\/uainoticias\/"],"url":"https:\/\/www.uai.com.br\/uainoticias\/author\/daniely-morais\/"}]}},"_links":{"self":[{"href":"https:\/\/www.uai.com.br\/uainoticias\/wp-json\/wp\/v2\/posts\/128206","targetHints":{"allow":["GET"]}}],"collection":[{"href":"https:\/\/www.uai.com.br\/uainoticias\/wp-json\/wp\/v2\/posts"}],"about":[{"href":"https:\/\/www.uai.com.br\/uainoticias\/wp-json\/wp\/v2\/types\/post"}],"author":[{"embeddable":true,"href":"https:\/\/www.uai.com.br\/uainoticias\/wp-json\/wp\/v2\/users\/24"}],"replies":[{"embeddable":true,"href":"https:\/\/www.uai.com.br\/uainoticias\/wp-json\/wp\/v2\/comments?post=128206"}],"version-history":[{"count":3,"href":"https:\/\/www.uai.com.br\/uainoticias\/wp-json\/wp\/v2\/posts\/128206\/revisions"}],"predecessor-version":[{"id":128213,"href":"https:\/\/www.uai.com.br\/uainoticias\/wp-json\/wp\/v2\/posts\/128206\/revisions\/128213"}],"wp:featuredmedia":[{"embeddable":true,"href":"https:\/\/www.uai.com.br\/uainoticias\/wp-json\/wp\/v2\/media\/128207"}],"wp:attachment":[{"href":"https:\/\/www.uai.com.br\/uainoticias\/wp-json\/wp\/v2\/media?parent=128206"}],"wp:term":[{"taxonomy":"category","embeddable":true,"href":"https:\/\/www.uai.com.br\/uainoticias\/wp-json\/wp\/v2\/categories?post=128206"},{"taxonomy":"post_tag","embeddable":true,"href":"https:\/\/www.uai.com.br\/uainoticias\/wp-json\/wp\/v2\/tags?post=128206"}],"curies":[{"name":"wp","href":"https:\/\/api.w.org\/{rel}","templated":true}]}}