{"id":128197,"date":"2026-04-29T18:35:00","date_gmt":"2026-04-29T21:35:00","guid":{"rendered":"https:\/\/www.uai.com.br\/uainoticias\/?p=128197"},"modified":"2026-04-28T15:00:29","modified_gmt":"2026-04-28T18:00:29","slug":"a-psicologia-revela-que-o-mais-dificil-da-aposentadoria-nao-e-parar-de-trabalhar-mas-deixar-de-ser-visto-como-relevante","status":"publish","type":"post","link":"https:\/\/www.uai.com.br\/uainoticias\/2026\/04\/29\/a-psicologia-revela-que-o-mais-dificil-da-aposentadoria-nao-e-parar-de-trabalhar-mas-deixar-de-ser-visto-como-relevante\/","title":{"rendered":"A psicologia revela que o mais dif\u00edcil da aposentadoria n\u00e3o \u00e9 parar de trabalhar, mas deixar de ser visto como relevante"},"content":{"rendered":"\n<p>A chegada da aposentadoria costuma ser idealizada como um per\u00edodo de descanso merecido, mas a psicologia identifica uma forma de solid\u00e3o \u00fanica que surge nesse est\u00e1gio. N\u00e3o se trata apenas da falta de colegas de trabalho ou do sil\u00eancio das manh\u00e3s, mas da compreens\u00e3o de que a imagem que o mundo validava sobre voc\u00ea desapareceu subitamente.<\/p>\n\n\n\n<h2 class=\"wp-block-heading\">O vazio da identidade quando o espelho social deixa de refletir seu valor<\/h2>\n\n\n\n<p>Durante d\u00e9cadas, a carreira profissional serviu como um sistema de suporte invis\u00edvel que confirmava sua import\u00e2ncia, intelig\u00eancia e utilidade para a sociedade. Quando esse ciclo se encerra, a <strong>solid\u00e3o na aposentadoria<\/strong> manifesta-se como a perda do feedback externo que moldava sua <strong>autoestima<\/strong> e senso de pertencimento no mundo produtivo.<\/p>\n\n\n\n<p><a href=\"https:\/\/www.psychologytoday.com\/ie\/blog\/the-search-for-meaning-after-age-50\/202505\/how-the-village-can-help-us-find-meaning-in\" target=\"_blank\" rel=\"noreferrer noopener\">Essa sensa\u00e7\u00e3o de invisibilidade <\/a>ocorre porque a cultura moderna foca excessivamente no &#8220;fazer&#8221; em detrimento do &#8220;ser&#8221;, deixando o rec\u00e9m-aposentado sem uma <strong>identidade social<\/strong> clara. O indiv\u00edduo precisa ent\u00e3o enfrentar o desafio psicol\u00f3gico de se reconhecer em um cen\u00e1rio onde seus t\u00edtulos e conquistas passadas parecem n\u00e3o ter mais o mesmo peso nas intera\u00e7\u00f5es cotidianas.<\/p>\n\n\n<div class=\"wp-block-image\">\n<figure class=\"aligncenter size-large\"><img decoding=\"async\" width=\"1024\" height=\"576\" src=\"https:\/\/www.uai.com.br\/uainoticias\/wp-content\/uploads\/2026\/04\/envelhecer_1777395371439-1024x576.jpg\" alt=\"\" class=\"wp-image-128190\" srcset=\"https:\/\/www.uai.com.br\/uainoticias\/wp-content\/uploads\/2026\/04\/envelhecer_1777395371439-1024x576.jpg 1024w, https:\/\/www.uai.com.br\/uainoticias\/wp-content\/uploads\/2026\/04\/envelhecer_1777395371439-300x169.jpg 300w, https:\/\/www.uai.com.br\/uainoticias\/wp-content\/uploads\/2026\/04\/envelhecer_1777395371439-768x432.jpg 768w, https:\/\/www.uai.com.br\/uainoticias\/wp-content\/uploads\/2026\/04\/envelhecer_1777395371439-750x422.jpg 750w, https:\/\/www.uai.com.br\/uainoticias\/wp-content\/uploads\/2026\/04\/envelhecer_1777395371439-1140x641.jpg 1140w, https:\/\/www.uai.com.br\/uainoticias\/wp-content\/uploads\/2026\/04\/envelhecer_1777395371439.jpg 1280w\" sizes=\"(max-width: 1024px) 100vw, 1024px\" \/><figcaption class=\"wp-element-caption\">Para a psicologia moderna, o sofrimento de quem ultrapassa os 60 anos est\u00e1 profundamente ligado ao utilitarismo que rege as rela\u00e7\u00f5es humanas atuais &#8211; Cr\u00e9ditos: depositphotos.com \/ Artanika<\/figcaption><\/figure><\/div>\n\n\n<h2 class=\"wp-block-heading\">A transi\u00e7\u00e3o do reconhecimento p\u00fablico para a valida\u00e7\u00e3o interna<\/h2>\n\n\n\n<p>O maior desafio emocional ap\u00f3s os sessenta anos n\u00e3o \u00e9 preencher o tempo livre, mas aprender a validar a pr\u00f3pria exist\u00eancia sem a necessidade de aplausos externos. O <strong>isolamento existencial<\/strong> surge quando percebemos que a vers\u00e3o de n\u00f3s mesmos que o mundo conhecia era apenas uma faceta ligada ao desempenho econ\u00f4mico e profissional.<\/p>\n\n\n\n<p>Reconstruir a <strong>sa\u00fade mental<\/strong> nesta fase exige coragem para mergulhar no <strong>autoconhecimento<\/strong> e descobrir talentos que foram sufocados por anos de obriga\u00e7\u00f5es laborais. Em cidades grandes onde os la\u00e7os familiares e comunit\u00e1rios s\u00e3o fortes, essa transi\u00e7\u00e3o pode ser amenizada, mas o trabalho de redescoberta da ess\u00eancia pessoal permanece sendo uma jornada individual e profunda.<\/p>\n\n\n\n<h2 class=\"wp-block-heading\">Sinais de que a solid\u00e3o existencial est\u00e1 afetando seu amadurecimento<\/h2>\n\n\n\n<p>Diferente da tristeza comum, essa <a href=\"https:\/\/www.uai.com.br\/uainoticias\/2026\/04\/09\/pessoas-que-se-conectam-rapido-e-depois-se-afastam-silenciosamente-muitas-vezes-sentem-solidao-sem-perceber\/\" target=\"_blank\" rel=\"noreferrer noopener\">solid\u00e3o <\/a>se manifesta como um desinteresse por atividades que antes eram prazerosas, pois elas n\u00e3o oferecem o mesmo &#8220;retorno de status&#8221;. Se voc\u00ea sente que suas conversas se tornaram irrelevantes ou que sua presen\u00e7a n\u00e3o altera mais o ambiente ao redor, voc\u00ea est\u00e1 vivenciando o luto pela <strong>vers\u00e3o de si<\/strong> que o mercado de trabalho confirmava.<\/p>\n\n\n<div class=\"wp-block-image\">\n<figure class=\"aligncenter size-large\"><img decoding=\"async\" width=\"1024\" height=\"576\" src=\"https:\/\/www.uai.com.br\/uainoticias\/wp-content\/uploads\/2026\/04\/solidao-idoso_1776454101313-1024x576.jpg\" alt=\"\" class=\"wp-image-124607\" srcset=\"https:\/\/www.uai.com.br\/uainoticias\/wp-content\/uploads\/2026\/04\/solidao-idoso_1776454101313-1024x576.jpg 1024w, https:\/\/www.uai.com.br\/uainoticias\/wp-content\/uploads\/2026\/04\/solidao-idoso_1776454101313-300x169.jpg 300w, https:\/\/www.uai.com.br\/uainoticias\/wp-content\/uploads\/2026\/04\/solidao-idoso_1776454101313-768x432.jpg 768w, https:\/\/www.uai.com.br\/uainoticias\/wp-content\/uploads\/2026\/04\/solidao-idoso_1776454101313-750x422.jpg 750w, https:\/\/www.uai.com.br\/uainoticias\/wp-content\/uploads\/2026\/04\/solidao-idoso_1776454101313-1140x641.jpg 1140w, https:\/\/www.uai.com.br\/uainoticias\/wp-content\/uploads\/2026\/04\/solidao-idoso_1776454101313.jpg 1280w\" sizes=\"(max-width: 1024px) 100vw, 1024px\" \/><figcaption class=\"wp-element-caption\">A transi\u00e7\u00e3o de uma resid\u00eancia repleta de vida para o sil\u00eancio total representa um desafio emocional &#8211; Cr\u00e9ditos: depositphotos.com \/ dimaberkut<\/figcaption><\/figure><\/div>\n\n\n<p><em>Nota importante<\/em>: Esse sentimento n\u00e3o \u00e9 um sinal de depress\u00e3o cl\u00ednica imediata, mas um convite da psique para abandonar m\u00e1scaras sociais antigas. Entender que o <strong>bem-estar<\/strong> agora depende da qualidade das conex\u00f5es internas e n\u00e3o da quantidade de e-mails ou reuni\u00f5es \u00e9 o segredo para atravessar essa ponte com dignidade e paz interior.<\/p>\n\n\n\n<h2 class=\"wp-block-heading\">Estrat\u00e9gias para resgatar o prop\u00f3sito e fortalecer a nova identidade<\/h2>\n\n\n\n<p>Superar o vazio deixado pela carreira exige a cria\u00e7\u00e3o de uma rotina que priorize o significado sobre a produtividade vazia. \u00c9 o momento ideal para investir em <strong>rela\u00e7\u00f5es aut\u00eanticas<\/strong> e hobbies que foram negligenciados, transformando a liberdade rec\u00e9m-conquistada em um laborat\u00f3rio de novas experi\u00eancias que tragam alegria real e duradoura para o cotidiano.<\/p>\n\n\n\n<link href=\"https:\/\/fonts.googleapis.com\/css2?family=Inter:wght@400;600;700;800&#038;display=swap\" rel=\"stylesheet\">\n<style>\n\/* Prote\u00e7\u00e3o contra inje\u00e7\u00e3o do \"Veja Tamb\u00e9m\" (JNews inline related posts) *\/\n.rdp-pontos-wrapper .jnews_inline_related_post_wrapper,\n.rdp-pontos-wrapper .jnews_inline_related_post,\n.rdp-pontos-wrapper .jeg_postblock,\n.rdp-pontos-wrapper [class*=\"jnews_inline\"],\n.rdp-pontos-wrapper [class*=\"jeg_postblock\"],\n.rdp-pontos-wrapper [class*=\"jeg_block\"] {\n  display: none !important;\n  height: 0 !important;\n  max-height: 0 !important;\n  overflow: hidden !important;\n  visibility: hidden !important;\n  margin: 0 !important;\n  padding: 0 !important;\n  border: none !important;\n  font-size: 0 !important;\n  line-height: 0 !important;\n}\n.rdp-pontos-wrapper {\n  max-width: 100%;\n  margin: 32px 0;\n  background: #F8F9FA;\n  border: 1px solid #E0E0E0;\n  border-radius: 12px;\n  padding: 28px 28px 20px;\n  font-family: 'Inter', sans-serif;\n  box-shadow: 0 4px 20px rgba(47,195,238,0.12);\n  overflow: hidden;\n  contain: layout style;\n  isolation: isolate;\n  position: relative;\n  z-index: 1;\n}\n.rdp-pontos-wrapper > *:not(.rdp-pontos-title):not(.rdp-pontos-grid) {\n  display: none !important;\n  height: 0 !important;\n  overflow: hidden !important;\n  margin: 0 !important;\n  padding: 0 !important;\n  border: none !important;\n}\n.rdp-pontos-title {\n  font-family: 'Inter', sans-serif;\n  font-size: 20px;\n  font-weight: 800;\n  color: #1A1A1A;\n  margin: 0 0 20px 0;\n  line-height: 1.3;\n  text-align: center;\n}\n.rdp-pontos-grid {\n  display: grid;\n  grid-template-columns: repeat(3, 1fr);\n  gap: 18px;\n}\n.rdp-pontos-item {\n  background: #FFFFFF;\n  border: 1px solid #E0E0E0;\n  border-top: 3px solid #2FC3EE;\n  border-radius: 10px;\n  padding: 22px 20px;\n  box-shadow: 0 2px 10px rgba(47,195,238,0.10);\n  transition: box-shadow 0.3s ease, border-color 0.3s ease;\n  text-align: center;\n}\n.rdp-pontos-item:hover {\n  box-shadow: 0 4px 20px rgba(47,195,238,0.22);\n  border-color: #2FC3EE;\n}\n.rdp-pontos-emoji {\n  font-size: 32px;\n  line-height: 1;\n  margin-bottom: 12px;\n  display: block;\n  text-align: center;\n}\n.rdp-pontos-item-title {\n  font-size: 15px;\n  font-weight: 700;\n  color: #1A1A1A;\n  margin-bottom: 8px;\n  line-height: 1.3;\n}\n.rdp-pontos-item-desc {\n  font-size: 14px;\n  color: #333333;\n  line-height: 1.6;\n  margin: 0;\n}\n@media (max-width: 768px) {\n  .rdp-pontos-wrapper {\n    padding: 20px 16px 14px;\n  }\n  .rdp-pontos-grid {\n    grid-template-columns: 1fr;\n    gap: 14px;\n  }\n  .rdp-pontos-title {\n    font-size: 18px;\n  }\n}\n<\/style>\n\n<div class=\"rdp-pontos-wrapper\">\n  <div class=\"rdp-pontos-title\">Diretrizes para Legado e Sabedoria<\/div>\n  <div class=\"rdp-pontos-grid\">\n    <div class=\"rdp-pontos-item\">\n      <span class=\"rdp-pontos-emoji\">\u270d\ufe0f<\/span>\n      <div class=\"rdp-pontos-item-title\">Registro de Mem\u00f3rias<\/div>\n      <p class=\"rdp-pontos-item-desc\">Dedique tempo para registrar sua trajet\u00f3ria, transformando mem\u00f3rias em um legado para as novas gera\u00e7\u00f5es.<\/p>\n    <\/div>\n    <div class=\"rdp-pontos-item\">\n      <span class=\"rdp-pontos-emoji\">\ud83e\udd1d<\/span>\n      <div class=\"rdp-pontos-item-title\">Troca de Sabedoria<\/div>\n      <p class=\"rdp-pontos-item-desc\">Participe de grupos onde o foco seja o compartilhamento de experi\u00eancias e n\u00e3o a hierarquia.<\/p>\n    <\/div>\n    <div class=\"rdp-pontos-item\">\n      <span class=\"rdp-pontos-emoji\">\ud83e\uddd8<\/span>\n      <div class=\"rdp-pontos-item-title\">Aten\u00e7\u00e3o Plena<\/div>\n      <p class=\"rdp-pontos-item-desc\">Pratique o desfrute do presente sem a ansiedade de produzir resultados constantes.<\/p>\n    <\/div>\n    <div class=\"rdp-pontos-item\">\n      <span class=\"rdp-pontos-emoji\">\ud83c\udfaf<\/span>\n      <div class=\"rdp-pontos-item-title\">Metas de Bem-estar<\/div>\n      <p class=\"rdp-pontos-item-desc\">Estabele\u00e7a novos objetivos pessoais focados em sa\u00fade e expans\u00e3o intelectual sem cobran\u00e7as externas.<\/p>\n    <\/div>\n    <div class=\"rdp-pontos-item\">\n      <span class=\"rdp-pontos-emoji\">\ud83c\udf0d<\/span>\n      <div class=\"rdp-pontos-item-title\">Impacto Comunit\u00e1rio<\/div>\n      <p class=\"rdp-pontos-item-desc\">Busque formas de voluntariado que utilizem sua experi\u00eancia de vida para impactar positivamente a comunidade.<\/p>\n    <\/div>\n  <\/div>\n<\/div>\n<div style=\"clear:both;height:0;overflow:hidden;\"><\/div>\n\n\n\n<p>Ao focar nessas a\u00e7\u00f5es, a necessidade de valida\u00e7\u00e3o externa diminui e a <strong>autonomia emocional<\/strong> ganha for\u00e7a, permitindo que voc\u00ea habite sua nova vers\u00e3o com orgulho. A solid\u00e3o d\u00e1 lugar a uma solitude rica, onde o valor de ser quem voc\u00ea \u00e9 supera qualquer cargo que voc\u00ea j\u00e1 tenha ocupado no passado profissional.<\/p>\n\n\n\n<h2 class=\"wp-block-heading\">A descoberta da liberdade aut\u00eantica al\u00e9m do status e do desempenho<\/h2>\n\n\n\n<p>Entender que a sua ess\u00eancia \u00e9 independente do seu curr\u00edculo \u00e9 o passo definitivo para uma <strong>longevidade saud\u00e1vel<\/strong> e vibrante. A vida ap\u00f3s a aposentadoria pode ser a fase mais aut\u00eantica de todas, pois permite que voc\u00ea se conecte com o mundo de forma desinteressada, baseando suas escolhas apenas no que nutre sua alma e seu esp\u00edrito.<\/p>\n\n\n\n<p>A verdadeira <strong>liberta\u00e7\u00e3o<\/strong> ocorre quando paramos de lamentar a pessoa que o mundo esqueceu e passamos a celebrar o ser humano completo que finalmente tem tempo para se amar. Ao abra\u00e7ar essa nova fase, voc\u00ea descobre que a \u00fanica confirma\u00e7\u00e3o necess\u00e1ria para sua exist\u00eancia \u00e9 a satisfa\u00e7\u00e3o silenciosa de estar em paz com a sua pr\u00f3pria hist\u00f3ria e com o seu presente.<\/p>\n","protected":false},"excerpt":{"rendered":"<p>A chegada da aposentadoria costuma ser idealizada como um per\u00edodo de descanso merecido, mas a psicologia identifica uma forma de solid\u00e3o \u00fanica que surge nesse est\u00e1gio. N\u00e3o se trata apenas da falta de colegas de trabalho ou do sil\u00eancio das manh\u00e3s, mas da compreens\u00e3o de que a imagem que o mundo validava sobre voc\u00ea desapareceu [&hellip;]<\/p>\n","protected":false},"author":24,"featured_media":128198,"comment_status":"open","ping_status":"open","sticky":false,"template":"","format":"standard","meta":{"jnews-multi-image_gallery":[],"jnews_single_post":{"format":"standard"},"jnews_primary_category":[],"jnews_social_meta":[],"jnews_override_counter":[],"footnotes":""},"categories":[3046,475],"tags":[380,23571],"class_list":["post-128197","post","type-post","status-publish","format-standard","has-post-thumbnail","hentry","category-curiosidades","category-entretenimento","tag-aposentadoria","tag-solidao-emocional"],"yoast_head":"<!-- This site is optimized with the Yoast SEO plugin v26.5 - https:\/\/yoast.com\/wordpress\/plugins\/seo\/ -->\n<title>A psicologia revela que o mais dif\u00edcil da aposentadoria n\u00e3o \u00e9 parar de trabalhar, mas deixar de ser visto como relevante - UAI Not\u00edcias<\/title>\n<meta name=\"description\" content=\"A psicologia explica a solid\u00e3o emocional que pode surgir na aposentadoria e como a perda da identidade profissional afeta o bem-estar.\" \/>\n<meta name=\"robots\" content=\"index, follow, max-snippet:-1, max-image-preview:large, max-video-preview:-1\" \/>\n<link rel=\"canonical\" href=\"https:\/\/www.uai.com.br\/uainoticias\/2026\/04\/29\/a-psicologia-revela-que-o-mais-dificil-da-aposentadoria-nao-e-parar-de-trabalhar-mas-deixar-de-ser-visto-como-relevante\/\" \/>\n<meta property=\"og:locale\" content=\"pt_BR\" \/>\n<meta property=\"og:type\" content=\"article\" \/>\n<meta property=\"og:title\" content=\"A psicologia revela que o mais dif\u00edcil da aposentadoria n\u00e3o \u00e9 parar de trabalhar, mas deixar de ser visto como relevante - UAI Not\u00edcias\" \/>\n<meta property=\"og:description\" content=\"A psicologia explica a solid\u00e3o emocional que pode surgir na aposentadoria e como a perda da identidade profissional afeta o bem-estar.\" \/>\n<meta property=\"og:url\" content=\"https:\/\/www.uai.com.br\/uainoticias\/2026\/04\/29\/a-psicologia-revela-que-o-mais-dificil-da-aposentadoria-nao-e-parar-de-trabalhar-mas-deixar-de-ser-visto-como-relevante\/\" \/>\n<meta property=\"og:site_name\" content=\"UAI Not\u00edcias\" \/>\n<meta property=\"article:published_time\" content=\"2026-04-29T21:35:00+00:00\" \/>\n<meta property=\"og:image\" content=\"https:\/\/www.uai.com.br\/uainoticias\/wp-content\/uploads\/2026\/04\/idoso-_1777396996269.jpg\" \/>\n\t<meta property=\"og:image:width\" content=\"1280\" \/>\n\t<meta property=\"og:image:height\" content=\"720\" \/>\n\t<meta property=\"og:image:type\" content=\"image\/jpeg\" \/>\n<meta name=\"author\" content=\"Daniely Cardoso\" \/>\n<meta name=\"twitter:card\" content=\"summary_large_image\" \/>\n<meta name=\"twitter:label1\" content=\"Escrito por\" \/>\n\t<meta name=\"twitter:data1\" content=\"Daniely Cardoso\" \/>\n\t<meta name=\"twitter:label2\" content=\"Est. tempo de leitura\" \/>\n\t<meta name=\"twitter:data2\" content=\"6 minutos\" \/>\n<!-- \/ Yoast SEO plugin. -->","yoast_head_json":{"title":"A psicologia revela que o mais dif\u00edcil da aposentadoria n\u00e3o \u00e9 parar de trabalhar, mas deixar de ser visto como relevante - UAI Not\u00edcias","description":"A psicologia explica a solid\u00e3o emocional que pode surgir na aposentadoria e como a perda da identidade profissional afeta o bem-estar.","robots":{"index":"index","follow":"follow","max-snippet":"max-snippet:-1","max-image-preview":"max-image-preview:large","max-video-preview":"max-video-preview:-1"},"canonical":"https:\/\/www.uai.com.br\/uainoticias\/2026\/04\/29\/a-psicologia-revela-que-o-mais-dificil-da-aposentadoria-nao-e-parar-de-trabalhar-mas-deixar-de-ser-visto-como-relevante\/","og_locale":"pt_BR","og_type":"article","og_title":"A psicologia revela que o mais dif\u00edcil da aposentadoria n\u00e3o \u00e9 parar de trabalhar, mas deixar de ser visto como relevante - UAI Not\u00edcias","og_description":"A psicologia explica a solid\u00e3o emocional que pode surgir na aposentadoria e como a perda da identidade profissional afeta o bem-estar.","og_url":"https:\/\/www.uai.com.br\/uainoticias\/2026\/04\/29\/a-psicologia-revela-que-o-mais-dificil-da-aposentadoria-nao-e-parar-de-trabalhar-mas-deixar-de-ser-visto-como-relevante\/","og_site_name":"UAI Not\u00edcias","article_published_time":"2026-04-29T21:35:00+00:00","og_image":[{"width":1280,"height":720,"url":"https:\/\/www.uai.com.br\/uainoticias\/wp-content\/uploads\/2026\/04\/idoso-_1777396996269.jpg","type":"image\/jpeg"}],"author":"Daniely Cardoso","twitter_card":"summary_large_image","twitter_misc":{"Escrito por":"Daniely Cardoso","Est. tempo de leitura":"6 minutos"},"schema":{"@context":"https:\/\/schema.org","@graph":[{"@type":"WebPage","@id":"https:\/\/www.uai.com.br\/uainoticias\/2026\/04\/29\/a-psicologia-revela-que-o-mais-dificil-da-aposentadoria-nao-e-parar-de-trabalhar-mas-deixar-de-ser-visto-como-relevante\/","url":"https:\/\/www.uai.com.br\/uainoticias\/2026\/04\/29\/a-psicologia-revela-que-o-mais-dificil-da-aposentadoria-nao-e-parar-de-trabalhar-mas-deixar-de-ser-visto-como-relevante\/","name":"A psicologia revela que o mais dif\u00edcil da aposentadoria n\u00e3o \u00e9 parar de trabalhar, mas deixar de ser visto como relevante - UAI Not\u00edcias","isPartOf":{"@id":"https:\/\/www.uai.com.br\/uainoticias\/#website"},"primaryImageOfPage":{"@id":"https:\/\/www.uai.com.br\/uainoticias\/2026\/04\/29\/a-psicologia-revela-que-o-mais-dificil-da-aposentadoria-nao-e-parar-de-trabalhar-mas-deixar-de-ser-visto-como-relevante\/#primaryimage"},"image":{"@id":"https:\/\/www.uai.com.br\/uainoticias\/2026\/04\/29\/a-psicologia-revela-que-o-mais-dificil-da-aposentadoria-nao-e-parar-de-trabalhar-mas-deixar-de-ser-visto-como-relevante\/#primaryimage"},"thumbnailUrl":"https:\/\/www.uai.com.br\/uainoticias\/wp-content\/uploads\/2026\/04\/idoso-_1777396996269.jpg","datePublished":"2026-04-29T21:35:00+00:00","author":{"@id":"https:\/\/www.uai.com.br\/uainoticias\/#\/schema\/person\/b40f59cad9eb0656c8ae35fee468cc57"},"description":"A psicologia explica a solid\u00e3o emocional que pode surgir na aposentadoria e como a perda da identidade profissional afeta o bem-estar.","breadcrumb":{"@id":"https:\/\/www.uai.com.br\/uainoticias\/2026\/04\/29\/a-psicologia-revela-que-o-mais-dificil-da-aposentadoria-nao-e-parar-de-trabalhar-mas-deixar-de-ser-visto-como-relevante\/#breadcrumb"},"inLanguage":"pt-BR","potentialAction":[{"@type":"ReadAction","target":["https:\/\/www.uai.com.br\/uainoticias\/2026\/04\/29\/a-psicologia-revela-que-o-mais-dificil-da-aposentadoria-nao-e-parar-de-trabalhar-mas-deixar-de-ser-visto-como-relevante\/"]}]},{"@type":"ImageObject","inLanguage":"pt-BR","@id":"https:\/\/www.uai.com.br\/uainoticias\/2026\/04\/29\/a-psicologia-revela-que-o-mais-dificil-da-aposentadoria-nao-e-parar-de-trabalhar-mas-deixar-de-ser-visto-como-relevante\/#primaryimage","url":"https:\/\/www.uai.com.br\/uainoticias\/wp-content\/uploads\/2026\/04\/idoso-_1777396996269.jpg","contentUrl":"https:\/\/www.uai.com.br\/uainoticias\/wp-content\/uploads\/2026\/04\/idoso-_1777396996269.jpg","width":1280,"height":720,"caption":"Durante d\u00e9cadas, a carreira profissional serviu como um sistema de suporte invis\u00edvel que confirmava sua import\u00e2ncia - Cr\u00e9ditos: depositphotos.com \/ VitalikRadko"},{"@type":"BreadcrumbList","@id":"https:\/\/www.uai.com.br\/uainoticias\/2026\/04\/29\/a-psicologia-revela-que-o-mais-dificil-da-aposentadoria-nao-e-parar-de-trabalhar-mas-deixar-de-ser-visto-como-relevante\/#breadcrumb","itemListElement":[{"@type":"ListItem","position":1,"name":"In\u00edcio","item":"https:\/\/www.uai.com.br\/uainoticias\/"},{"@type":"ListItem","position":2,"name":"A psicologia revela que o mais dif\u00edcil da aposentadoria n\u00e3o \u00e9 parar de trabalhar, mas deixar de ser visto como relevante"}]},{"@type":"WebSite","@id":"https:\/\/www.uai.com.br\/uainoticias\/#website","url":"https:\/\/www.uai.com.br\/uainoticias\/","name":"UAI Not\u00edcias","description":"Acompanhe as \u00faltimas not\u00edcias e fique bem informado sobre tudo o que acontece no Brasil e no mundo.","potentialAction":[{"@type":"SearchAction","target":{"@type":"EntryPoint","urlTemplate":"https:\/\/www.uai.com.br\/uainoticias\/?s={search_term_string}"},"query-input":{"@type":"PropertyValueSpecification","valueRequired":true,"valueName":"search_term_string"}}],"inLanguage":"pt-BR"},{"@type":"Person","@id":"https:\/\/www.uai.com.br\/uainoticias\/#\/schema\/person\/b40f59cad9eb0656c8ae35fee468cc57","name":"Daniely Cardoso","image":{"@type":"ImageObject","inLanguage":"pt-BR","@id":"https:\/\/www.uai.com.br\/uainoticias\/#\/schema\/person\/image\/","url":"https:\/\/secure.gravatar.com\/avatar\/b43c203f79e2ee2d699e04567f61958ba1731d1c994abcd298aa4fee5f54cb3a?s=96&d=mm&r=g","contentUrl":"https:\/\/secure.gravatar.com\/avatar\/b43c203f79e2ee2d699e04567f61958ba1731d1c994abcd298aa4fee5f54cb3a?s=96&d=mm&r=g","caption":"Daniely Cardoso"},"sameAs":["https:\/\/www.uai.com.br\/uainoticias\/"],"url":"https:\/\/www.uai.com.br\/uainoticias\/author\/daniely-morais\/"}]}},"_links":{"self":[{"href":"https:\/\/www.uai.com.br\/uainoticias\/wp-json\/wp\/v2\/posts\/128197","targetHints":{"allow":["GET"]}}],"collection":[{"href":"https:\/\/www.uai.com.br\/uainoticias\/wp-json\/wp\/v2\/posts"}],"about":[{"href":"https:\/\/www.uai.com.br\/uainoticias\/wp-json\/wp\/v2\/types\/post"}],"author":[{"embeddable":true,"href":"https:\/\/www.uai.com.br\/uainoticias\/wp-json\/wp\/v2\/users\/24"}],"replies":[{"embeddable":true,"href":"https:\/\/www.uai.com.br\/uainoticias\/wp-json\/wp\/v2\/comments?post=128197"}],"version-history":[{"count":2,"href":"https:\/\/www.uai.com.br\/uainoticias\/wp-json\/wp\/v2\/posts\/128197\/revisions"}],"predecessor-version":[{"id":128200,"href":"https:\/\/www.uai.com.br\/uainoticias\/wp-json\/wp\/v2\/posts\/128197\/revisions\/128200"}],"wp:featuredmedia":[{"embeddable":true,"href":"https:\/\/www.uai.com.br\/uainoticias\/wp-json\/wp\/v2\/media\/128198"}],"wp:attachment":[{"href":"https:\/\/www.uai.com.br\/uainoticias\/wp-json\/wp\/v2\/media?parent=128197"}],"wp:term":[{"taxonomy":"category","embeddable":true,"href":"https:\/\/www.uai.com.br\/uainoticias\/wp-json\/wp\/v2\/categories?post=128197"},{"taxonomy":"post_tag","embeddable":true,"href":"https:\/\/www.uai.com.br\/uainoticias\/wp-json\/wp\/v2\/tags?post=128197"}],"curies":[{"name":"wp","href":"https:\/\/api.w.org\/{rel}","templated":true}]}}