{"id":128189,"date":"2026-04-29T14:45:00","date_gmt":"2026-04-29T17:45:00","guid":{"rendered":"https:\/\/www.uai.com.br\/uainoticias\/?p=128189"},"modified":"2026-04-28T15:00:04","modified_gmt":"2026-04-28T18:00:04","slug":"a-psicologia-explica-que-o-maior-sofrimento-apos-os-60-nao-e-envelhecer-mas-perceber-que-o-mundo-parou-de-enxergar-voce","status":"publish","type":"post","link":"https:\/\/www.uai.com.br\/uainoticias\/2026\/04\/29\/a-psicologia-explica-que-o-maior-sofrimento-apos-os-60-nao-e-envelhecer-mas-perceber-que-o-mundo-parou-de-enxergar-voce\/","title":{"rendered":"A psicologia explica que o maior sofrimento ap\u00f3s os 60 n\u00e3o \u00e9 envelhecer, mas perceber que o mundo parou de enxergar voc\u00ea"},"content":{"rendered":"\n<p>A transi\u00e7\u00e3o para a maturidade ap\u00f3s os sessenta anos revela uma faceta cruel da sociedade contempor\u00e2nea que vai al\u00e9m do decl\u00ednio f\u00edsico natural. O verdadeiro obst\u00e1culo enfrentado por quem atinge essa fase \u00e9 a aus\u00eancia de um modelo cultural que confira dignidade ao indiv\u00edduo que n\u00e3o est\u00e1 mais gerando valor financeiro direto.<\/p>\n\n\n\n<h2 class=\"wp-block-heading\">A invisibilidade social ap\u00f3s o encerramento do ciclo produtivo<\/h2>\n\n\n\n<p><a href=\"https:\/\/pubmed.ncbi.nlm.nih.gov\/35673268\/\" target=\"_blank\" rel=\"noreferrer noopener\">Para a psicologia moderna<\/a>, o sofrimento de quem ultrapassa os <strong>60 anos<\/strong> est\u00e1 profundamente ligado ao utilitarismo que rege as rela\u00e7\u00f5es humanas atuais. Quando uma pessoa deixa de ocupar um cargo ativo, ela perde n\u00e3o apenas o sal\u00e1rio, mas o <strong>reconhecimento social<\/strong> de sua exist\u00eancia, tornando-se quase invis\u00edvel em um mundo que prioriza a agilidade e o consumo desenfreado.<\/p>\n\n\n\n<p>Essa falta de estrutura para a <strong>dignidade sem produtividade<\/strong> cria um v\u00e1cuo existencial onde o idoso \u00e9 empurrado para as margens da relev\u00e2ncia coletiva. Sem o r\u00f3tulo de &#8220;produtor&#8221;, o indiv\u00edduo precisa lutar contra a percep\u00e7\u00e3o interna e externa de que sua vida perdeu o sentido, afetando diretamente sua <strong>sa\u00fade mental<\/strong> e o prazer de conviver em sociedade.<\/p>\n\n\n<div class=\"wp-block-image\">\n<figure class=\"aligncenter size-large\"><img decoding=\"async\" width=\"1024\" height=\"576\" src=\"https:\/\/www.uai.com.br\/uainoticias\/wp-content\/uploads\/2026\/04\/solidao-idoso_1775678208698-1024x576.jpg\" alt=\"\" class=\"wp-image-122392\" srcset=\"https:\/\/www.uai.com.br\/uainoticias\/wp-content\/uploads\/2026\/04\/solidao-idoso_1775678208698-1024x576.jpg 1024w, https:\/\/www.uai.com.br\/uainoticias\/wp-content\/uploads\/2026\/04\/solidao-idoso_1775678208698-300x169.jpg 300w, https:\/\/www.uai.com.br\/uainoticias\/wp-content\/uploads\/2026\/04\/solidao-idoso_1775678208698-768x432.jpg 768w, https:\/\/www.uai.com.br\/uainoticias\/wp-content\/uploads\/2026\/04\/solidao-idoso_1775678208698-750x422.jpg 750w, https:\/\/www.uai.com.br\/uainoticias\/wp-content\/uploads\/2026\/04\/solidao-idoso_1775678208698-1140x641.jpg 1140w, https:\/\/www.uai.com.br\/uainoticias\/wp-content\/uploads\/2026\/04\/solidao-idoso_1775678208698.jpg 1280w\" sizes=\"(max-width: 1024px) 100vw, 1024px\" \/><figcaption class=\"wp-element-caption\">A solid\u00e3o na terceira idade n\u00e3o \u00e9 s\u00f3 estar fisicamente sozinho &#8211; Cr\u00e9ditos: depositphotos.com \/ dimaberkut<\/figcaption><\/figure><\/div>\n\n\n<h2 class=\"wp-block-heading\">O conflito entre a sabedoria acumulada e o descarte geracional<\/h2>\n\n\n\n<p>Vivemos em uma era onde o conhecimento t\u00e9cnico imediato \u00e9 mais valorizado do que a <strong>sabedoria de vida<\/strong> acumulada ao longo de d\u00e9cadas. A cultura moderna descarta rapidamente o que n\u00e3o produz lucro, ignorando que o <strong>amadurecimento saud\u00e1vel<\/strong> exige um espa\u00e7o de respeito que independe de metas batidas ou de participa\u00e7\u00e3o ativa no mercado de trabalho em cidades como <strong>S\u00e3o Paulo<\/strong> ou <strong>Londres<\/strong>.<\/p>\n\n\n\n<p>Essa din\u00e2mica de descarte gera um sentimento de desamparo, pois o indiv\u00edduo sente que sua bagagem emocional e intelectual n\u00e3o possui mais &#8220;compradores&#8221; interessados. \u00c9 necess\u00e1rio subverter essa l\u00f3gica para entender que o <strong>valor humano<\/strong> \u00e9 intr\u00ednseco e n\u00e3o pode ser medido por tabelas de produtividade ou pela capacidade de gerar novos recursos econ\u00f4micos para o sistema.<\/p>\n\n\n\n<h2 class=\"wp-block-heading\">Sinais de que o utilitarismo cultural est\u00e1 afetando seu bem-estar<\/h2>\n\n\n\n<p>Sentir-se culpado por momentos de descanso ou sentir a necessidade de justificar constantemente sua relev\u00e2ncia para <a href=\"https:\/\/www.uai.com.br\/uainoticias\/2026\/04\/10\/a-psicologia-sugere-que-preferir-ouvir-os-outros-em-silencio-a-falar-sobre-si-mesmo-na-roda-de-amigos-e-caracteristico-desse-tipo-de-pessoa\/\" target=\"_blank\" rel=\"noreferrer noopener\">amigos <\/a>e familiares s\u00e3o sinais de alerta claros. Quando a <strong>autoestima<\/strong> est\u00e1 condicionada ao que voc\u00ea faz e n\u00e3o ao que voc\u00ea \u00e9, qualquer redu\u00e7\u00e3o no ritmo de atividades gera uma ansiedade profunda e um sentimento de inutilidade paralisante.<\/p>\n\n\n<div class=\"wp-block-image\">\n<figure class=\"aligncenter size-large\"><img decoding=\"async\" width=\"1024\" height=\"576\" src=\"https:\/\/www.uai.com.br\/uainoticias\/wp-content\/uploads\/2026\/04\/pessoa-madura-feliz_1777312624368-1024x576.jpg\" alt=\"\" class=\"wp-image-127756\" srcset=\"https:\/\/www.uai.com.br\/uainoticias\/wp-content\/uploads\/2026\/04\/pessoa-madura-feliz_1777312624368-1024x576.jpg 1024w, https:\/\/www.uai.com.br\/uainoticias\/wp-content\/uploads\/2026\/04\/pessoa-madura-feliz_1777312624368-300x169.jpg 300w, https:\/\/www.uai.com.br\/uainoticias\/wp-content\/uploads\/2026\/04\/pessoa-madura-feliz_1777312624368-768x432.jpg 768w, https:\/\/www.uai.com.br\/uainoticias\/wp-content\/uploads\/2026\/04\/pessoa-madura-feliz_1777312624368-750x422.jpg 750w, https:\/\/www.uai.com.br\/uainoticias\/wp-content\/uploads\/2026\/04\/pessoa-madura-feliz_1777312624368-1140x641.jpg 1140w, https:\/\/www.uai.com.br\/uainoticias\/wp-content\/uploads\/2026\/04\/pessoa-madura-feliz_1777312624368.jpg 1280w\" sizes=\"(max-width: 1024px) 100vw, 1024px\" \/><figcaption class=\"wp-element-caption\">A fase dos 60 anos costuma ser o marco onde a necessidade de aprova\u00e7\u00e3o externa perde sua for\u00e7a motriz &#8211; Cr\u00e9ditos: depositphotos.com \/ hannamonika<\/figcaption><\/figure><\/div>\n\n\n<p><em>Ponto de reflex\u00e3o<\/em>: Se voc\u00ea se sente compelido a estar sempre ocupado para provar que ainda &#8220;vale a pena&#8221;, voc\u00ea est\u00e1 sendo v\u00edtima de um sistema que n\u00e3o tolera a contempla\u00e7\u00e3o. Redescobrir o prazer de apenas existir, sem a press\u00e3o de ser \u00fatil para o capital, \u00e9 o primeiro passo para uma <strong>liberdade emocional<\/strong> aut\u00eantica e necess\u00e1ria para atravessar essa etapa da vida.<\/p>\n\n\n\n<h2 class=\"wp-block-heading\">Como reconstruir a no\u00e7\u00e3o de dignidade e prop\u00f3sito na maturidade<\/h2>\n\n\n\n<p>Resgatar a dignidade exige a cria\u00e7\u00e3o de novos marcos de sucesso que n\u00e3o envolvam o ac\u00famulo de bens ou o prest\u00edgio profissional de outrora. Focar no <strong>autoconhecimento<\/strong> e no desenvolvimento de atividades que nutram a alma permite que a pessoa recupere o protagonismo de sua pr\u00f3pria hist\u00f3ria, independentemente do que dita o senso comum sobre utilidade.<\/p>\n\n\n\n<link href=\"https:\/\/fonts.googleapis.com\/css2?family=Inter:wght@400;600;700;800&#038;display=swap\" rel=\"stylesheet\">\n<style>\n\/* Prote\u00e7\u00e3o contra inje\u00e7\u00e3o do \"Veja Tamb\u00e9m\" (JNews inline related posts) *\/\n.rdp-pontos-wrapper .jnews_inline_related_post_wrapper,\n.rdp-pontos-wrapper .jnews_inline_related_post,\n.rdp-pontos-wrapper .jeg_postblock,\n.rdp-pontos-wrapper [class*=\"jnews_inline\"],\n.rdp-pontos-wrapper [class*=\"jeg_postblock\"],\n.rdp-pontos-wrapper [class*=\"jeg_block\"] {\n  display: none !important;\n  height: 0 !important;\n  max-height: 0 !important;\n  overflow: hidden !important;\n  visibility: hidden !important;\n  margin: 0 !important;\n  padding: 0 !important;\n  border: none !important;\n  font-size: 0 !important;\n  line-height: 0 !important;\n}\n.rdp-pontos-wrapper {\n  max-width: 100%;\n  margin: 32px 0;\n  background: #F8F9FA;\n  border: 1px solid #E0E0E0;\n  border-radius: 12px;\n  padding: 28px 28px 20px;\n  font-family: 'Inter', sans-serif;\n  box-shadow: 0 4px 20px rgba(47,195,238,0.12);\n  overflow: hidden;\n  contain: layout style;\n  isolation: isolate;\n  position: relative;\n  z-index: 1;\n}\n.rdp-pontos-wrapper > *:not(.rdp-pontos-title):not(.rdp-pontos-grid) {\n  display: none !important;\n  height: 0 !important;\n  overflow: hidden !important;\n  margin: 0 !important;\n  padding: 0 !important;\n  border: none !important;\n}\n.rdp-pontos-title {\n  font-family: 'Inter', sans-serif;\n  font-size: 20px;\n  font-weight: 800;\n  color: #1A1A1A;\n  margin: 0 0 20px 0;\n  line-height: 1.3;\n  text-align: center;\n}\n.rdp-pontos-grid {\n  display: grid;\n  grid-template-columns: repeat(3, 1fr);\n  gap: 18px;\n}\n.rdp-pontos-item {\n  background: #FFFFFF;\n  border: 1px solid #E0E0E0;\n  border-top: 3px solid #2FC3EE;\n  border-radius: 10px;\n  padding: 22px 20px;\n  box-shadow: 0 2px 10px rgba(47,195,238,0.10);\n  transition: box-shadow 0.3s ease, border-color 0.3s ease;\n  text-align: center;\n}\n.rdp-pontos-item:hover {\n  box-shadow: 0 4px 20px rgba(47,195,238,0.22);\n  border-color: #2FC3EE;\n}\n.rdp-pontos-emoji {\n  font-size: 32px;\n  line-height: 1;\n  margin-bottom: 12px;\n  display: block;\n  text-align: center;\n}\n.rdp-pontos-item-title {\n  font-size: 15px;\n  font-weight: 700;\n  color: #1A1A1A;\n  margin-bottom: 8px;\n  line-height: 1.3;\n}\n.rdp-pontos-item-desc {\n  font-size: 14px;\n  color: #333333;\n  line-height: 1.6;\n  margin: 0;\n}\n@media (max-width: 768px) {\n  .rdp-pontos-wrapper {\n    padding: 20px 16px 14px;\n  }\n  .rdp-pontos-grid {\n    grid-template-columns: 1fr;\n    gap: 14px;\n  }\n  .rdp-pontos-title {\n    font-size: 18px;\n  }\n}\n<\/style>\n\n<div class=\"rdp-pontos-wrapper\">\n  <div class=\"rdp-pontos-title\">Pilares para Fortalecimento da Autonomia<\/div>\n  <div class=\"rdp-pontos-grid\">\n    <div class=\"rdp-pontos-item\">\n      <span class=\"rdp-pontos-emoji\">\ud83e\uddf1<\/span>\n      <div class=\"rdp-pontos-item-title\">Alicerce Identit\u00e1rio<\/div>\n      <p class=\"rdp-pontos-item-desc\">Valorize suas experi\u00eancias passadas como bases de uma identidade inalien\u00e1vel.<\/p>\n    <\/div>\n    <div class=\"rdp-pontos-item\">\n      <span class=\"rdp-pontos-emoji\">\ud83e\udd1d<\/span>\n      <div class=\"rdp-pontos-item-title\">Mentoria Informal<\/div>\n      <p class=\"rdp-pontos-item-desc\">Engaje-se em transmitir conhecimentos que humanizam as rela\u00e7\u00f5es ao seu redor.<\/p>\n    <\/div>\n    <div class=\"rdp-pontos-item\">\n      <span class=\"rdp-pontos-emoji\">\ud83c\udf3f<\/span>\n      <div class=\"rdp-pontos-item-title\">Comunidade Afetiva<\/div>\n      <p class=\"rdp-pontos-item-desc\">Busque espa\u00e7os que celebrem a conviv\u00eancia e a troca acima de status ou performance.<\/p>\n    <\/div>\n    <div class=\"rdp-pontos-item\">\n      <span class=\"rdp-pontos-emoji\">\ud83d\udcd8<\/span>\n      <div class=\"rdp-pontos-item-title\">Prazer de Aprender<\/div>\n      <p class=\"rdp-pontos-item-desc\">Permita-se aprender algo novo apenas pelo saber, sem obriga\u00e7\u00f5es comerciais.<\/p>\n    <\/div>\n    <div class=\"rdp-pontos-item\">\n      <span class=\"rdp-pontos-emoji\">\ud83d\udee1\ufe0f<\/span>\n      <div class=\"rdp-pontos-item-title\">Limites Claros<\/div>\n      <p class=\"rdp-pontos-item-desc\">Estabele\u00e7a barreiras contra discursos que infantilizam ou invalidam sua autonomia e desejos.<\/p>\n    <\/div>\n  <\/div>\n<\/div>\n<div style=\"clear:both;height:0;overflow:hidden;\"><\/div>\n\n\n\n<p>Ao adotar essas pr\u00e1ticas, o foco sai da falta de produtividade e migra para a <strong>qualidade das conex\u00f5es<\/strong> e para a riqueza da vida interior. Essa mudan\u00e7a de perspectiva fortalece a resili\u00eancia psicol\u00f3gica e abre caminho para uma fase marcada pela <strong>integridade pessoal<\/strong>, onde o tempo \u00e9 visto como um aliado da evolu\u00e7\u00e3o espiritual e n\u00e3o como um cron\u00f4metro contra o rel\u00f3gio social.<\/p>\n\n\n\n<h2 class=\"wp-block-heading\">A urg\u00eancia de um novo paradigma para o envelhecimento com respeito<\/h2>\n\n\n\n<p>Mudar a forma como encaramos os sessenta anos \u00e9 um dever coletivo que come\u00e7a pela recusa em aceitar a <strong>obsolesc\u00eancia humana<\/strong> programada pela cultura. A dignidade deve ser o fundamento de toda exist\u00eancia, sendo sustentada pela simples presen\u00e7a e pela capacidade de sentir, amar e compartilhar vis\u00f5es de mundo \u00fanicas que s\u00f3 o tempo proporciona.<\/p>\n\n\n\n<p>Ao desvincular o valor pessoal da capacidade de produ\u00e7\u00e3o, criamos um futuro mais acolhedor para todas as gera\u00e7\u00f5es que, inevitavelmente, trilhar\u00e3o o mesmo caminho. A verdadeira <strong>liberta\u00e7\u00e3o<\/strong> surge quando paramos de pedir permiss\u00e3o para sermos importantes e passamos a ocupar nosso espa\u00e7o com a altivez de quem sabe que o melhor da vida n\u00e3o tem pre\u00e7o nem prazo de validade.<\/p>\n","protected":false},"excerpt":{"rendered":"<p>A transi\u00e7\u00e3o para a maturidade ap\u00f3s os sessenta anos revela uma faceta cruel da sociedade contempor\u00e2nea que vai al\u00e9m do decl\u00ednio f\u00edsico natural. O verdadeiro obst\u00e1culo enfrentado por quem atinge essa fase \u00e9 a aus\u00eancia de um modelo cultural que confira dignidade ao indiv\u00edduo que n\u00e3o est\u00e1 mais gerando valor financeiro direto. A invisibilidade social [&hellip;]<\/p>\n","protected":false},"author":24,"featured_media":128190,"comment_status":"open","ping_status":"open","sticky":false,"template":"","format":"standard","meta":{"jnews-multi-image_gallery":[],"jnews_single_post":{"format":"standard"},"jnews_primary_category":[],"jnews_social_meta":[],"jnews_override_counter":[],"footnotes":""},"categories":[3046,475],"tags":[23569,22026,851],"class_list":["post-128189","post","type-post","status-publish","format-standard","has-post-thumbnail","hentry","category-curiosidades","category-entretenimento","tag-descarte-geracional","tag-envelhecer","tag-idosos"],"yoast_head":"<!-- This site is optimized with the Yoast SEO plugin v26.5 - https:\/\/yoast.com\/wordpress\/plugins\/seo\/ -->\n<title>A psicologia explica que o maior sofrimento ap\u00f3s os 60 n\u00e3o \u00e9 envelhecer, mas perceber que o mundo parou de enxergar voc\u00ea - UAI Not\u00edcias<\/title>\n<meta name=\"description\" content=\"A psicologia revela por que muitas pessoas se sentem invis\u00edveis ap\u00f3s os 60 e como isso impacta autoestima e prop\u00f3sito.\" \/>\n<meta name=\"robots\" content=\"index, follow, max-snippet:-1, max-image-preview:large, max-video-preview:-1\" \/>\n<link rel=\"canonical\" href=\"https:\/\/www.uai.com.br\/uainoticias\/2026\/04\/29\/a-psicologia-explica-que-o-maior-sofrimento-apos-os-60-nao-e-envelhecer-mas-perceber-que-o-mundo-parou-de-enxergar-voce\/\" \/>\n<meta property=\"og:locale\" content=\"pt_BR\" \/>\n<meta property=\"og:type\" content=\"article\" \/>\n<meta property=\"og:title\" content=\"A psicologia explica que o maior sofrimento ap\u00f3s os 60 n\u00e3o \u00e9 envelhecer, mas perceber que o mundo parou de enxergar voc\u00ea - UAI Not\u00edcias\" \/>\n<meta property=\"og:description\" content=\"A psicologia revela por que muitas pessoas se sentem invis\u00edveis ap\u00f3s os 60 e como isso impacta autoestima e prop\u00f3sito.\" \/>\n<meta property=\"og:url\" content=\"https:\/\/www.uai.com.br\/uainoticias\/2026\/04\/29\/a-psicologia-explica-que-o-maior-sofrimento-apos-os-60-nao-e-envelhecer-mas-perceber-que-o-mundo-parou-de-enxergar-voce\/\" \/>\n<meta property=\"og:site_name\" content=\"UAI Not\u00edcias\" \/>\n<meta property=\"article:published_time\" content=\"2026-04-29T17:45:00+00:00\" \/>\n<meta property=\"og:image\" content=\"https:\/\/www.uai.com.br\/uainoticias\/wp-content\/uploads\/2026\/04\/envelhecer_1777395371439.jpg\" \/>\n\t<meta property=\"og:image:width\" content=\"1280\" \/>\n\t<meta property=\"og:image:height\" content=\"720\" \/>\n\t<meta property=\"og:image:type\" content=\"image\/jpeg\" \/>\n<meta name=\"author\" content=\"Daniely Cardoso\" \/>\n<meta name=\"twitter:card\" content=\"summary_large_image\" \/>\n<meta name=\"twitter:label1\" content=\"Escrito por\" \/>\n\t<meta name=\"twitter:data1\" content=\"Daniely Cardoso\" \/>\n\t<meta name=\"twitter:label2\" content=\"Est. tempo de leitura\" \/>\n\t<meta name=\"twitter:data2\" content=\"6 minutos\" \/>\n<!-- \/ Yoast SEO plugin. -->","yoast_head_json":{"title":"A psicologia explica que o maior sofrimento ap\u00f3s os 60 n\u00e3o \u00e9 envelhecer, mas perceber que o mundo parou de enxergar voc\u00ea - UAI Not\u00edcias","description":"A psicologia revela por que muitas pessoas se sentem invis\u00edveis ap\u00f3s os 60 e como isso impacta autoestima e prop\u00f3sito.","robots":{"index":"index","follow":"follow","max-snippet":"max-snippet:-1","max-image-preview":"max-image-preview:large","max-video-preview":"max-video-preview:-1"},"canonical":"https:\/\/www.uai.com.br\/uainoticias\/2026\/04\/29\/a-psicologia-explica-que-o-maior-sofrimento-apos-os-60-nao-e-envelhecer-mas-perceber-que-o-mundo-parou-de-enxergar-voce\/","og_locale":"pt_BR","og_type":"article","og_title":"A psicologia explica que o maior sofrimento ap\u00f3s os 60 n\u00e3o \u00e9 envelhecer, mas perceber que o mundo parou de enxergar voc\u00ea - UAI Not\u00edcias","og_description":"A psicologia revela por que muitas pessoas se sentem invis\u00edveis ap\u00f3s os 60 e como isso impacta autoestima e prop\u00f3sito.","og_url":"https:\/\/www.uai.com.br\/uainoticias\/2026\/04\/29\/a-psicologia-explica-que-o-maior-sofrimento-apos-os-60-nao-e-envelhecer-mas-perceber-que-o-mundo-parou-de-enxergar-voce\/","og_site_name":"UAI Not\u00edcias","article_published_time":"2026-04-29T17:45:00+00:00","og_image":[{"width":1280,"height":720,"url":"https:\/\/www.uai.com.br\/uainoticias\/wp-content\/uploads\/2026\/04\/envelhecer_1777395371439.jpg","type":"image\/jpeg"}],"author":"Daniely Cardoso","twitter_card":"summary_large_image","twitter_misc":{"Escrito por":"Daniely Cardoso","Est. tempo de leitura":"6 minutos"},"schema":{"@context":"https:\/\/schema.org","@graph":[{"@type":"WebPage","@id":"https:\/\/www.uai.com.br\/uainoticias\/2026\/04\/29\/a-psicologia-explica-que-o-maior-sofrimento-apos-os-60-nao-e-envelhecer-mas-perceber-que-o-mundo-parou-de-enxergar-voce\/","url":"https:\/\/www.uai.com.br\/uainoticias\/2026\/04\/29\/a-psicologia-explica-que-o-maior-sofrimento-apos-os-60-nao-e-envelhecer-mas-perceber-que-o-mundo-parou-de-enxergar-voce\/","name":"A psicologia explica que o maior sofrimento ap\u00f3s os 60 n\u00e3o \u00e9 envelhecer, mas perceber que o mundo parou de enxergar voc\u00ea - UAI Not\u00edcias","isPartOf":{"@id":"https:\/\/www.uai.com.br\/uainoticias\/#website"},"primaryImageOfPage":{"@id":"https:\/\/www.uai.com.br\/uainoticias\/2026\/04\/29\/a-psicologia-explica-que-o-maior-sofrimento-apos-os-60-nao-e-envelhecer-mas-perceber-que-o-mundo-parou-de-enxergar-voce\/#primaryimage"},"image":{"@id":"https:\/\/www.uai.com.br\/uainoticias\/2026\/04\/29\/a-psicologia-explica-que-o-maior-sofrimento-apos-os-60-nao-e-envelhecer-mas-perceber-que-o-mundo-parou-de-enxergar-voce\/#primaryimage"},"thumbnailUrl":"https:\/\/www.uai.com.br\/uainoticias\/wp-content\/uploads\/2026\/04\/envelhecer_1777395371439.jpg","datePublished":"2026-04-29T17:45:00+00:00","author":{"@id":"https:\/\/www.uai.com.br\/uainoticias\/#\/schema\/person\/b40f59cad9eb0656c8ae35fee468cc57"},"description":"A psicologia revela por que muitas pessoas se sentem invis\u00edveis ap\u00f3s os 60 e como isso impacta autoestima e prop\u00f3sito.","breadcrumb":{"@id":"https:\/\/www.uai.com.br\/uainoticias\/2026\/04\/29\/a-psicologia-explica-que-o-maior-sofrimento-apos-os-60-nao-e-envelhecer-mas-perceber-que-o-mundo-parou-de-enxergar-voce\/#breadcrumb"},"inLanguage":"pt-BR","potentialAction":[{"@type":"ReadAction","target":["https:\/\/www.uai.com.br\/uainoticias\/2026\/04\/29\/a-psicologia-explica-que-o-maior-sofrimento-apos-os-60-nao-e-envelhecer-mas-perceber-que-o-mundo-parou-de-enxergar-voce\/"]}]},{"@type":"ImageObject","inLanguage":"pt-BR","@id":"https:\/\/www.uai.com.br\/uainoticias\/2026\/04\/29\/a-psicologia-explica-que-o-maior-sofrimento-apos-os-60-nao-e-envelhecer-mas-perceber-que-o-mundo-parou-de-enxergar-voce\/#primaryimage","url":"https:\/\/www.uai.com.br\/uainoticias\/wp-content\/uploads\/2026\/04\/envelhecer_1777395371439.jpg","contentUrl":"https:\/\/www.uai.com.br\/uainoticias\/wp-content\/uploads\/2026\/04\/envelhecer_1777395371439.jpg","width":1280,"height":720,"caption":"Para a psicologia moderna, o sofrimento de quem ultrapassa os 60 anos est\u00e1 profundamente ligado ao utilitarismo que rege as rela\u00e7\u00f5es humanas atuais - Cr\u00e9ditos: depositphotos.com \/ Artanika"},{"@type":"BreadcrumbList","@id":"https:\/\/www.uai.com.br\/uainoticias\/2026\/04\/29\/a-psicologia-explica-que-o-maior-sofrimento-apos-os-60-nao-e-envelhecer-mas-perceber-que-o-mundo-parou-de-enxergar-voce\/#breadcrumb","itemListElement":[{"@type":"ListItem","position":1,"name":"In\u00edcio","item":"https:\/\/www.uai.com.br\/uainoticias\/"},{"@type":"ListItem","position":2,"name":"A psicologia explica que o maior sofrimento ap\u00f3s os 60 n\u00e3o \u00e9 envelhecer, mas perceber que o mundo parou de enxergar voc\u00ea"}]},{"@type":"WebSite","@id":"https:\/\/www.uai.com.br\/uainoticias\/#website","url":"https:\/\/www.uai.com.br\/uainoticias\/","name":"UAI Not\u00edcias","description":"Acompanhe as \u00faltimas not\u00edcias e fique bem informado sobre tudo o que acontece no Brasil e no mundo.","potentialAction":[{"@type":"SearchAction","target":{"@type":"EntryPoint","urlTemplate":"https:\/\/www.uai.com.br\/uainoticias\/?s={search_term_string}"},"query-input":{"@type":"PropertyValueSpecification","valueRequired":true,"valueName":"search_term_string"}}],"inLanguage":"pt-BR"},{"@type":"Person","@id":"https:\/\/www.uai.com.br\/uainoticias\/#\/schema\/person\/b40f59cad9eb0656c8ae35fee468cc57","name":"Daniely Cardoso","image":{"@type":"ImageObject","inLanguage":"pt-BR","@id":"https:\/\/www.uai.com.br\/uainoticias\/#\/schema\/person\/image\/","url":"https:\/\/secure.gravatar.com\/avatar\/b43c203f79e2ee2d699e04567f61958ba1731d1c994abcd298aa4fee5f54cb3a?s=96&d=mm&r=g","contentUrl":"https:\/\/secure.gravatar.com\/avatar\/b43c203f79e2ee2d699e04567f61958ba1731d1c994abcd298aa4fee5f54cb3a?s=96&d=mm&r=g","caption":"Daniely Cardoso"},"sameAs":["https:\/\/www.uai.com.br\/uainoticias\/"],"url":"https:\/\/www.uai.com.br\/uainoticias\/author\/daniely-morais\/"}]}},"_links":{"self":[{"href":"https:\/\/www.uai.com.br\/uainoticias\/wp-json\/wp\/v2\/posts\/128189","targetHints":{"allow":["GET"]}}],"collection":[{"href":"https:\/\/www.uai.com.br\/uainoticias\/wp-json\/wp\/v2\/posts"}],"about":[{"href":"https:\/\/www.uai.com.br\/uainoticias\/wp-json\/wp\/v2\/types\/post"}],"author":[{"embeddable":true,"href":"https:\/\/www.uai.com.br\/uainoticias\/wp-json\/wp\/v2\/users\/24"}],"replies":[{"embeddable":true,"href":"https:\/\/www.uai.com.br\/uainoticias\/wp-json\/wp\/v2\/comments?post=128189"}],"version-history":[{"count":2,"href":"https:\/\/www.uai.com.br\/uainoticias\/wp-json\/wp\/v2\/posts\/128189\/revisions"}],"predecessor-version":[{"id":128192,"href":"https:\/\/www.uai.com.br\/uainoticias\/wp-json\/wp\/v2\/posts\/128189\/revisions\/128192"}],"wp:featuredmedia":[{"embeddable":true,"href":"https:\/\/www.uai.com.br\/uainoticias\/wp-json\/wp\/v2\/media\/128190"}],"wp:attachment":[{"href":"https:\/\/www.uai.com.br\/uainoticias\/wp-json\/wp\/v2\/media?parent=128189"}],"wp:term":[{"taxonomy":"category","embeddable":true,"href":"https:\/\/www.uai.com.br\/uainoticias\/wp-json\/wp\/v2\/categories?post=128189"},{"taxonomy":"post_tag","embeddable":true,"href":"https:\/\/www.uai.com.br\/uainoticias\/wp-json\/wp\/v2\/tags?post=128189"}],"curies":[{"name":"wp","href":"https:\/\/api.w.org\/{rel}","templated":true}]}}