{"id":128172,"date":"2026-04-29T10:45:00","date_gmt":"2026-04-29T13:45:00","guid":{"rendered":"https:\/\/www.uai.com.br\/uainoticias\/?p=128172"},"modified":"2026-04-28T14:59:35","modified_gmt":"2026-04-28T17:59:35","slug":"a-psicologia-mostra-que-o-vazio-da-aposentadoria-nao-vem-da-ausencia-de-trabalho-mas-da-perda-da-identidade-que-era-reconhecida-todos-os-dias","status":"publish","type":"post","link":"https:\/\/www.uai.com.br\/uainoticias\/2026\/04\/29\/a-psicologia-mostra-que-o-vazio-da-aposentadoria-nao-vem-da-ausencia-de-trabalho-mas-da-perda-da-identidade-que-era-reconhecida-todos-os-dias\/","title":{"rendered":"A psicologia mostra que o vazio da aposentadoria n\u00e3o vem da aus\u00eancia de trabalho, mas da perda da identidade que era reconhecida todos os dias"},"content":{"rendered":"\n<p>A transi\u00e7\u00e3o para a inatividade profissional costuma ser encarada como o \u00e1pice da liberdade, mas para muitos, ela traz um sentimento de desola\u00e7\u00e3o inesperado. A psicologia revela que esse vazio n\u00e3o nasce da falta das tarefas laborais, mas sim da dor de perder a vers\u00e3o de si mesmo que a sociedade validava constantemente.<\/p>\n\n\n\n<h2 class=\"wp-block-heading\">O fim da valida\u00e7\u00e3o externa e o impacto na autoestima do aposentado<\/h2>\n\n\n\n<p>Durante d\u00e9cadas, o mercado de trabalho atua como um espelho que confirma nossas compet\u00eancias, intelig\u00eancia e utilidade social de forma ininterrupta. Quando esse ciclo termina, o indiv\u00edduo perde o <strong>reconhecimento social<\/strong> que sustentava sua imagem, enfrentando a dura percep\u00e7\u00e3o de que aquela persona produtiva n\u00e3o possui mais uma confirma\u00e7\u00e3o externa no cotidiano.<\/p>\n\n\n\n<p>Esse fen\u00f4meno gera um <strong>luto de identidade<\/strong> profundo, onde a pessoa se sente invis\u00edvel por n\u00e3o ocupar mais um cargo ou fun\u00e7\u00e3o de relev\u00e2ncia p\u00fablica. A aus\u00eancia de metas e feedbacks profissionais cria um v\u00e1cuo na <a href=\"https:\/\/www.uai.com.br\/uainoticias\/2026\/04\/13\/a-psicologia-explica-por-que-pessoas-que-revisitam-o-passado-constantemente-podem-estar-presas-a-ruminacao-mental\/\" target=\"_blank\" rel=\"noreferrer noopener\">sa\u00fade mental<\/a>, exigindo que o rec\u00e9m-aposentado aprenda a se validar sem depender de aplausos corporativos ou da autoridade que o crach\u00e1 conferia.<\/p>\n\n\n<div class=\"wp-block-image\">\n<figure class=\"aligncenter size-large\"><img decoding=\"async\" width=\"1024\" height=\"576\" src=\"https:\/\/www.uai.com.br\/uainoticias\/wp-content\/uploads\/2026\/04\/idosos_1777394319251-1024x576.jpg\" alt=\"\" class=\"wp-image-128185\" srcset=\"https:\/\/www.uai.com.br\/uainoticias\/wp-content\/uploads\/2026\/04\/idosos_1777394319251-1024x576.jpg 1024w, https:\/\/www.uai.com.br\/uainoticias\/wp-content\/uploads\/2026\/04\/idosos_1777394319251-300x169.jpg 300w, https:\/\/www.uai.com.br\/uainoticias\/wp-content\/uploads\/2026\/04\/idosos_1777394319251-768x432.jpg 768w, https:\/\/www.uai.com.br\/uainoticias\/wp-content\/uploads\/2026\/04\/idosos_1777394319251-750x422.jpg 750w, https:\/\/www.uai.com.br\/uainoticias\/wp-content\/uploads\/2026\/04\/idosos_1777394319251-1140x641.jpg 1140w, https:\/\/www.uai.com.br\/uainoticias\/wp-content\/uploads\/2026\/04\/idosos_1777394319251.jpg 1280w\" sizes=\"(max-width: 1024px) 100vw, 1024px\" \/><figcaption class=\"wp-element-caption\">Muitas vezes, passamos tanto tempo moldando nossa personalidade para atender \u00e0s demandas do trabalho que esquecemos &#8211; Cr\u00e9ditos: depositphotos.com \/ IgorVetushko<\/figcaption><\/figure><\/div>\n\n\n<h2 class=\"wp-block-heading\">Por que sentimos falta do personagem que interpretamos na carreira<\/h2>\n\n\n\n<p>Muitas vezes, passamos tanto tempo moldando nossa personalidade para atender \u00e0s demandas do trabalho que esquecemos quem somos fora dele. A <strong>psicologia comportamental<\/strong> explica que a ang\u00fastia da aposentadoria surge porque o mundo exterior para de alimentar o personagem que criamos, for\u00e7ando um encontro s\u00fabito com a nossa <strong>ess\u00eancia pessoal<\/strong> muitas vezes negligenciada.<\/p>\n\n\n\n<p>Esse processo de despedida de uma vers\u00e3o de sucesso \u00e9 doloroso porque o <strong>status profissional<\/strong> costuma ser a \u00e2ncora emocional de muitos adultos na <strong>maturidade<\/strong>. Aceitar que a vida continua sem o t\u00edtulo de &#8220;diretor&#8221;, &#8220;gerente&#8221; ou &#8220;especialista&#8221; \u00e9 o maior desafio para quem busca um envelhecimento ativo e emocionalmente equilibrado.<\/p>\n\n\n\n<h2 class=\"wp-block-heading\">Sinais de que o luto pela identidade est\u00e1 afetando o seu presente<\/h2>\n\n\n\n<p>A nostalgia excessiva e o sentimento de desvaloriza\u00e7\u00e3o s\u00e3o sintomas claros de que o indiv\u00edduo est\u00e1 preso a uma imagem que n\u00e3o existe mais na pr\u00e1tica. Se voc\u00ea sente que suas opini\u00f5es perderam o peso ou que o seu tempo agora \u00e9 menos valioso, voc\u00ea est\u00e1 sofrendo com a falta de <strong>confirma\u00e7\u00e3o social<\/strong> da sua antiga import\u00e2ncia hier\u00e1rquica.<\/p>\n\n\n\n\n\n<p><em>Dica r\u00e1pida<\/em>: Tente observar se voc\u00ea ainda se apresenta pelo cargo que ocupava ou se consegue falar de si apenas atrav\u00e9s de seus gostos e valores atuais. O desapego das gl\u00f3rias passadas \u00e9 fundamental para que o <strong>bem-estar<\/strong> retorne e voc\u00ea consiga enxergar novas oportunidades de ser \u00fatil e feliz nesta fase de transi\u00e7\u00e3o total.<\/p>\n\n\n\n<h2 class=\"wp-block-heading\">Estrat\u00e9gias para reconstruir o self e encontrar um novo prop\u00f3sito<\/h2>\n\n\n\n<p>Superar o vazio exige a constru\u00e7\u00e3o de uma nova base de sustenta\u00e7\u00e3o que n\u00e3o dependa da produtividade econ\u00f4mica para ter valor real. \u00c9 o momento de investir no <strong>autoconhecimento<\/strong> e descobrir quais partes da sua personalidade foram sufocadas pelas exig\u00eancias da carreira, permitindo que elas flores\u00e7am em um ambiente sem cobran\u00e7as por resultados imediatos.<\/p>\n\n\n\n<link href=\"https:\/\/fonts.googleapis.com\/css2?family=Inter:wght@400;600;700;800&#038;display=swap\" rel=\"stylesheet\">\n<style>\n\/* Prote\u00e7\u00e3o contra inje\u00e7\u00e3o do \"Veja Tamb\u00e9m\" (JNews inline related posts) *\/\n.rdp-pontos-wrapper .jnews_inline_related_post_wrapper,\n.rdp-pontos-wrapper .jnews_inline_related_post,\n.rdp-pontos-wrapper .jeg_postblock,\n.rdp-pontos-wrapper [class*=\"jnews_inline\"],\n.rdp-pontos-wrapper [class*=\"jeg_postblock\"],\n.rdp-pontos-wrapper [class*=\"jeg_block\"] {\n  display: none !important;\n  height: 0 !important;\n  max-height: 0 !important;\n  overflow: hidden !important;\n  visibility: hidden !important;\n  margin: 0 !important;\n  padding: 0 !important;\n  border: none !important;\n  font-size: 0 !important;\n  line-height: 0 !important;\n}\n.rdp-pontos-wrapper {\n  max-width: 100%;\n  margin: 32px 0;\n  background: #F8F9FA;\n  border: 1px solid #E0E0E0;\n  border-radius: 12px;\n  padding: 28px 28px 20px;\n  font-family: 'Inter', sans-serif;\n  box-shadow: 0 4px 20px rgba(47,195,238,0.12);\n  overflow: hidden;\n  contain: layout style;\n  isolation: isolate;\n  position: relative;\n  z-index: 1;\n}\n.rdp-pontos-wrapper > *:not(.rdp-pontos-title):not(.rdp-pontos-grid) {\n  display: none !important;\n  height: 0 !important;\n  overflow: hidden !important;\n  margin: 0 !important;\n  padding: 0 !important;\n  border: none !important;\n}\n.rdp-pontos-title {\n  font-family: 'Inter', sans-serif;\n  font-size: 20px;\n  font-weight: 800;\n  color: #1A1A1A;\n  margin: 0 0 20px 0;\n  line-height: 1.3;\n  text-align: center;\n}\n.rdp-pontos-grid {\n  display: grid;\n  grid-template-columns: repeat(3, 1fr);\n  gap: 18px;\n}\n.rdp-pontos-item {\n  background: #FFFFFF;\n  border: 1px solid #E0E0E0;\n  border-top: 3px solid #2FC3EE;\n  border-radius: 10px;\n  padding: 22px 20px;\n  box-shadow: 0 2px 10px rgba(47,195,238,0.10);\n  transition: box-shadow 0.3s ease, border-color 0.3s ease;\n  text-align: center;\n}\n.rdp-pontos-item:hover {\n  box-shadow: 0 4px 20px rgba(47,195,238,0.22);\n  border-color: #2FC3EE;\n}\n.rdp-pontos-emoji {\n  font-size: 32px;\n  line-height: 1;\n  margin-bottom: 12px;\n  display: block;\n  text-align: center;\n}\n.rdp-pontos-item-title {\n  font-size: 15px;\n  font-weight: 700;\n  color: #1A1A1A;\n  margin-bottom: 8px;\n  line-height: 1.3;\n}\n.rdp-pontos-item-desc {\n  font-size: 14px;\n  color: #333333;\n  line-height: 1.6;\n  margin: 0;\n}\n@media (max-width: 768px) {\n  .rdp-pontos-wrapper {\n    padding: 20px 16px 14px;\n  }\n  .rdp-pontos-grid {\n    grid-template-columns: 1fr;\n    gap: 14px;\n  }\n  .rdp-pontos-title {\n    font-size: 18px;\n  }\n}\n<\/style>\n\n<div class=\"rdp-pontos-wrapper\">\n  <div class=\"rdp-pontos-title\">Diretrizes para a Transi\u00e7\u00e3o de Identidade Social<\/div>\n  <div class=\"rdp-pontos-grid\">\n    <div class=\"rdp-pontos-item\">\n      <span class=\"rdp-pontos-emoji\">\ud83d\udca1<\/span>\n      <div class=\"rdp-pontos-item-title\">Projetos Pessoais<\/div>\n      <p class=\"rdp-pontos-item-desc\">Desenvolva projetos onde o prazer da execu\u00e7\u00e3o seja superior \u00e0 necessidade de aprova\u00e7\u00e3o alheia.<\/p>\n    <\/div>\n    <div class=\"rdp-pontos-item\">\n      <span class=\"rdp-pontos-emoji\">\ud83d\udcdc<\/span>\n      <div class=\"rdp-pontos-item-title\">Valoriza\u00e7\u00e3o da Sabedoria<\/div>\n      <p class=\"rdp-pontos-item-desc\">Mantenha conex\u00f5es que valorizem sua hist\u00f3ria de vida, e n\u00e3o apenas seus contatos profissionais.<\/p>\n    <\/div>\n    <div class=\"rdp-pontos-item\">\n      <span class=\"rdp-pontos-emoji\">\ud83e\udde1<\/span>\n      <div class=\"rdp-pontos-item-title\">Autocompaix\u00e3o<\/div>\n      <p class=\"rdp-pontos-item-desc\">Pratique o acolhimento ao perceber que a transi\u00e7\u00e3o de identidade social exige tempo e paci\u00eancia.<\/p>\n    <\/div>\n    <div class=\"rdp-pontos-item\">\n      <span class=\"rdp-pontos-emoji\">\ud83c\udf0d<\/span>\n      <div class=\"rdp-pontos-item-title\">Nova \u00d3tica Humana<\/div>\n      <p class=\"rdp-pontos-item-desc\">Busque formas de contribui\u00e7\u00e3o comunit\u00e1ria que reafirmem sua utilidade sob uma perspectiva humanizada.<\/p>\n    <\/div>\n    <div class=\"rdp-pontos-item\">\n      <span class=\"rdp-pontos-emoji\">\ud83e\uddd8<\/span>\n      <div class=\"rdp-pontos-item-title\">\u00d3cio sem Culpa<\/div>\n      <p class=\"rdp-pontos-item-desc\">Reserve momentos para o \u00f3cio criativo, reaprendendo a desfrutar da pr\u00f3pria companhia sem sentimentos de culpa.<\/p>\n    <\/div>\n  <\/div>\n<\/div>\n<div style=\"clear:both;height:0;overflow:hidden;\"><\/div>\n\n\n\n<p>Ao focar nessas a\u00e7\u00f5es, a necessidade de ter uma vers\u00e3o &#8220;confirmada&#8221; pelo mundo exterior diminui drasticamente, dando lugar a uma <strong>liberdade emocional<\/strong> sem precedentes. A constru\u00e7\u00e3o de uma nova rotina baseada em desejos aut\u00eanticos fortalece o <strong>equil\u00edbrio psicol\u00f3gico<\/strong> e prepara o terreno para uma longevidade muito mais rica em significado e satisfa\u00e7\u00e3o interna.<\/p>\n\n\n\n<h2 class=\"wp-block-heading\">A aceita\u00e7\u00e3o da nova vers\u00e3o de si como caminho para a plenitude<\/h2>\n\n\n\n<p>Entender que a sua exist\u00eancia \u00e9 muito mais vasta do que qualquer cargo ocupado \u00e9 a chave para transformar o vazio em plenitude. A <strong>aposentadoria<\/strong> n\u00e3o \u00e9 o fim da sua relev\u00e2ncia, mas o in\u00edcio de uma etapa onde voc\u00ea define as regras e escolhe quais partes da sua hist\u00f3ria deseja continuar escrevendo com autonomia.<\/p>\n\n\n\n<p><a href=\"https:\/\/engagedscholarship.csuohio.edu\/etdarchive\/514\" target=\"_blank\" rel=\"noreferrer noopener\">A liberta\u00e7\u00e3o da necessidade de valida\u00e7\u00e3o externa<\/a> permite que voc\u00ea viva com uma autenticidade que o ambiente de trabalho raramente autorizava. Ao acolher a pessoa que voc\u00ea se tornou, voc\u00ea descobre que a melhor vers\u00e3o de si mesmo n\u00e3o \u00e9 aquela que o mundo confirma, mas aquela que voc\u00ea se orgulha de ser, independentemente das circunst\u00e2ncias externas.<\/p>\n","protected":false},"excerpt":{"rendered":"<p>A transi\u00e7\u00e3o para a inatividade profissional costuma ser encarada como o \u00e1pice da liberdade, mas para muitos, ela traz um sentimento de desola\u00e7\u00e3o inesperado. A psicologia revela que esse vazio n\u00e3o nasce da falta das tarefas laborais, mas sim da dor de perder a vers\u00e3o de si mesmo que a sociedade validava constantemente. O fim [&hellip;]<\/p>\n","protected":false},"author":24,"featured_media":128184,"comment_status":"open","ping_status":"open","sticky":false,"template":"","format":"standard","meta":{"jnews-multi-image_gallery":[],"jnews_single_post":{"format":"standard"},"jnews_primary_category":[],"jnews_social_meta":[],"jnews_override_counter":[],"footnotes":""},"categories":[3046,475],"tags":[15579,694,23566],"class_list":["post-128172","post","type-post","status-publish","format-standard","has-post-thumbnail","hentry","category-curiosidades","category-entretenimento","tag-aposentado","tag-autoestima","tag-perda-de-identidade"],"yoast_head":"<!-- This site is optimized with the Yoast SEO plugin v26.5 - https:\/\/yoast.com\/wordpress\/plugins\/seo\/ -->\n<title>A psicologia mostra que o vazio da aposentadoria n\u00e3o vem da aus\u00eancia de trabalho, mas da perda da identidade que era reconhecida todos os dias - UAI Not\u00edcias<\/title>\n<meta name=\"description\" content=\"A aposentadoria pode gerar perda de identidade e autoestima, exigindo adapta\u00e7\u00e3o emocional e redescoberta de prop\u00f3sito para manter o equil\u00edbrio.\" \/>\n<meta name=\"robots\" content=\"index, follow, max-snippet:-1, max-image-preview:large, max-video-preview:-1\" \/>\n<link rel=\"canonical\" href=\"https:\/\/www.uai.com.br\/uainoticias\/2026\/04\/29\/a-psicologia-mostra-que-o-vazio-da-aposentadoria-nao-vem-da-ausencia-de-trabalho-mas-da-perda-da-identidade-que-era-reconhecida-todos-os-dias\/\" \/>\n<meta property=\"og:locale\" content=\"pt_BR\" \/>\n<meta property=\"og:type\" content=\"article\" \/>\n<meta property=\"og:title\" content=\"A psicologia mostra que o vazio da aposentadoria n\u00e3o vem da aus\u00eancia de trabalho, mas da perda da identidade que era reconhecida todos os dias - UAI Not\u00edcias\" \/>\n<meta property=\"og:description\" content=\"A aposentadoria pode gerar perda de identidade e autoestima, exigindo adapta\u00e7\u00e3o emocional e redescoberta de prop\u00f3sito para manter o equil\u00edbrio.\" \/>\n<meta property=\"og:url\" content=\"https:\/\/www.uai.com.br\/uainoticias\/2026\/04\/29\/a-psicologia-mostra-que-o-vazio-da-aposentadoria-nao-vem-da-ausencia-de-trabalho-mas-da-perda-da-identidade-que-era-reconhecida-todos-os-dias\/\" \/>\n<meta property=\"og:site_name\" content=\"UAI Not\u00edcias\" \/>\n<meta property=\"article:published_time\" content=\"2026-04-29T13:45:00+00:00\" \/>\n<meta property=\"og:image\" content=\"https:\/\/www.uai.com.br\/uainoticias\/wp-content\/uploads\/2026\/04\/idosos_1777394292813.jpg\" \/>\n\t<meta property=\"og:image:width\" content=\"1280\" \/>\n\t<meta property=\"og:image:height\" content=\"720\" \/>\n\t<meta property=\"og:image:type\" content=\"image\/jpeg\" \/>\n<meta name=\"author\" content=\"Daniely Cardoso\" \/>\n<meta name=\"twitter:card\" content=\"summary_large_image\" \/>\n<meta name=\"twitter:label1\" content=\"Escrito por\" \/>\n\t<meta name=\"twitter:data1\" content=\"Daniely Cardoso\" \/>\n\t<meta name=\"twitter:label2\" content=\"Est. tempo de leitura\" \/>\n\t<meta name=\"twitter:data2\" content=\"5 minutos\" \/>\n<!-- \/ Yoast SEO plugin. -->","yoast_head_json":{"title":"A psicologia mostra que o vazio da aposentadoria n\u00e3o vem da aus\u00eancia de trabalho, mas da perda da identidade que era reconhecida todos os dias - UAI Not\u00edcias","description":"A aposentadoria pode gerar perda de identidade e autoestima, exigindo adapta\u00e7\u00e3o emocional e redescoberta de prop\u00f3sito para manter o equil\u00edbrio.","robots":{"index":"index","follow":"follow","max-snippet":"max-snippet:-1","max-image-preview":"max-image-preview:large","max-video-preview":"max-video-preview:-1"},"canonical":"https:\/\/www.uai.com.br\/uainoticias\/2026\/04\/29\/a-psicologia-mostra-que-o-vazio-da-aposentadoria-nao-vem-da-ausencia-de-trabalho-mas-da-perda-da-identidade-que-era-reconhecida-todos-os-dias\/","og_locale":"pt_BR","og_type":"article","og_title":"A psicologia mostra que o vazio da aposentadoria n\u00e3o vem da aus\u00eancia de trabalho, mas da perda da identidade que era reconhecida todos os dias - UAI Not\u00edcias","og_description":"A aposentadoria pode gerar perda de identidade e autoestima, exigindo adapta\u00e7\u00e3o emocional e redescoberta de prop\u00f3sito para manter o equil\u00edbrio.","og_url":"https:\/\/www.uai.com.br\/uainoticias\/2026\/04\/29\/a-psicologia-mostra-que-o-vazio-da-aposentadoria-nao-vem-da-ausencia-de-trabalho-mas-da-perda-da-identidade-que-era-reconhecida-todos-os-dias\/","og_site_name":"UAI Not\u00edcias","article_published_time":"2026-04-29T13:45:00+00:00","og_image":[{"width":1280,"height":720,"url":"https:\/\/www.uai.com.br\/uainoticias\/wp-content\/uploads\/2026\/04\/idosos_1777394292813.jpg","type":"image\/jpeg"}],"author":"Daniely Cardoso","twitter_card":"summary_large_image","twitter_misc":{"Escrito por":"Daniely Cardoso","Est. tempo de leitura":"5 minutos"},"schema":{"@context":"https:\/\/schema.org","@graph":[{"@type":"WebPage","@id":"https:\/\/www.uai.com.br\/uainoticias\/2026\/04\/29\/a-psicologia-mostra-que-o-vazio-da-aposentadoria-nao-vem-da-ausencia-de-trabalho-mas-da-perda-da-identidade-que-era-reconhecida-todos-os-dias\/","url":"https:\/\/www.uai.com.br\/uainoticias\/2026\/04\/29\/a-psicologia-mostra-que-o-vazio-da-aposentadoria-nao-vem-da-ausencia-de-trabalho-mas-da-perda-da-identidade-que-era-reconhecida-todos-os-dias\/","name":"A psicologia mostra que o vazio da aposentadoria n\u00e3o vem da aus\u00eancia de trabalho, mas da perda da identidade que era reconhecida todos os dias - UAI Not\u00edcias","isPartOf":{"@id":"https:\/\/www.uai.com.br\/uainoticias\/#website"},"primaryImageOfPage":{"@id":"https:\/\/www.uai.com.br\/uainoticias\/2026\/04\/29\/a-psicologia-mostra-que-o-vazio-da-aposentadoria-nao-vem-da-ausencia-de-trabalho-mas-da-perda-da-identidade-que-era-reconhecida-todos-os-dias\/#primaryimage"},"image":{"@id":"https:\/\/www.uai.com.br\/uainoticias\/2026\/04\/29\/a-psicologia-mostra-que-o-vazio-da-aposentadoria-nao-vem-da-ausencia-de-trabalho-mas-da-perda-da-identidade-que-era-reconhecida-todos-os-dias\/#primaryimage"},"thumbnailUrl":"https:\/\/www.uai.com.br\/uainoticias\/wp-content\/uploads\/2026\/04\/idosos_1777394292813.jpg","datePublished":"2026-04-29T13:45:00+00:00","author":{"@id":"https:\/\/www.uai.com.br\/uainoticias\/#\/schema\/person\/b40f59cad9eb0656c8ae35fee468cc57"},"description":"A aposentadoria pode gerar perda de identidade e autoestima, exigindo adapta\u00e7\u00e3o emocional e redescoberta de prop\u00f3sito para manter o equil\u00edbrio.","breadcrumb":{"@id":"https:\/\/www.uai.com.br\/uainoticias\/2026\/04\/29\/a-psicologia-mostra-que-o-vazio-da-aposentadoria-nao-vem-da-ausencia-de-trabalho-mas-da-perda-da-identidade-que-era-reconhecida-todos-os-dias\/#breadcrumb"},"inLanguage":"pt-BR","potentialAction":[{"@type":"ReadAction","target":["https:\/\/www.uai.com.br\/uainoticias\/2026\/04\/29\/a-psicologia-mostra-que-o-vazio-da-aposentadoria-nao-vem-da-ausencia-de-trabalho-mas-da-perda-da-identidade-que-era-reconhecida-todos-os-dias\/"]}]},{"@type":"ImageObject","inLanguage":"pt-BR","@id":"https:\/\/www.uai.com.br\/uainoticias\/2026\/04\/29\/a-psicologia-mostra-que-o-vazio-da-aposentadoria-nao-vem-da-ausencia-de-trabalho-mas-da-perda-da-identidade-que-era-reconhecida-todos-os-dias\/#primaryimage","url":"https:\/\/www.uai.com.br\/uainoticias\/wp-content\/uploads\/2026\/04\/idosos_1777394292813.jpg","contentUrl":"https:\/\/www.uai.com.br\/uainoticias\/wp-content\/uploads\/2026\/04\/idosos_1777394292813.jpg","width":1280,"height":720,"caption":"Durante d\u00e9cadas, o mercado de trabalho atua como um espelho que confirma nossas compet\u00eancias - Cr\u00e9ditos: depositphotos.com \/ Artanika"},{"@type":"BreadcrumbList","@id":"https:\/\/www.uai.com.br\/uainoticias\/2026\/04\/29\/a-psicologia-mostra-que-o-vazio-da-aposentadoria-nao-vem-da-ausencia-de-trabalho-mas-da-perda-da-identidade-que-era-reconhecida-todos-os-dias\/#breadcrumb","itemListElement":[{"@type":"ListItem","position":1,"name":"In\u00edcio","item":"https:\/\/www.uai.com.br\/uainoticias\/"},{"@type":"ListItem","position":2,"name":"A psicologia mostra que o vazio da aposentadoria n\u00e3o vem da aus\u00eancia de trabalho, mas da perda da identidade que era reconhecida todos os dias"}]},{"@type":"WebSite","@id":"https:\/\/www.uai.com.br\/uainoticias\/#website","url":"https:\/\/www.uai.com.br\/uainoticias\/","name":"UAI Not\u00edcias","description":"Acompanhe as \u00faltimas not\u00edcias e fique bem informado sobre tudo o que acontece no Brasil e no mundo.","potentialAction":[{"@type":"SearchAction","target":{"@type":"EntryPoint","urlTemplate":"https:\/\/www.uai.com.br\/uainoticias\/?s={search_term_string}"},"query-input":{"@type":"PropertyValueSpecification","valueRequired":true,"valueName":"search_term_string"}}],"inLanguage":"pt-BR"},{"@type":"Person","@id":"https:\/\/www.uai.com.br\/uainoticias\/#\/schema\/person\/b40f59cad9eb0656c8ae35fee468cc57","name":"Daniely Cardoso","image":{"@type":"ImageObject","inLanguage":"pt-BR","@id":"https:\/\/www.uai.com.br\/uainoticias\/#\/schema\/person\/image\/","url":"https:\/\/secure.gravatar.com\/avatar\/b43c203f79e2ee2d699e04567f61958ba1731d1c994abcd298aa4fee5f54cb3a?s=96&d=mm&r=g","contentUrl":"https:\/\/secure.gravatar.com\/avatar\/b43c203f79e2ee2d699e04567f61958ba1731d1c994abcd298aa4fee5f54cb3a?s=96&d=mm&r=g","caption":"Daniely Cardoso"},"sameAs":["https:\/\/www.uai.com.br\/uainoticias\/"],"url":"https:\/\/www.uai.com.br\/uainoticias\/author\/daniely-morais\/"}]}},"_links":{"self":[{"href":"https:\/\/www.uai.com.br\/uainoticias\/wp-json\/wp\/v2\/posts\/128172","targetHints":{"allow":["GET"]}}],"collection":[{"href":"https:\/\/www.uai.com.br\/uainoticias\/wp-json\/wp\/v2\/posts"}],"about":[{"href":"https:\/\/www.uai.com.br\/uainoticias\/wp-json\/wp\/v2\/types\/post"}],"author":[{"embeddable":true,"href":"https:\/\/www.uai.com.br\/uainoticias\/wp-json\/wp\/v2\/users\/24"}],"replies":[{"embeddable":true,"href":"https:\/\/www.uai.com.br\/uainoticias\/wp-json\/wp\/v2\/comments?post=128172"}],"version-history":[{"count":1,"href":"https:\/\/www.uai.com.br\/uainoticias\/wp-json\/wp\/v2\/posts\/128172\/revisions"}],"predecessor-version":[{"id":128186,"href":"https:\/\/www.uai.com.br\/uainoticias\/wp-json\/wp\/v2\/posts\/128172\/revisions\/128186"}],"wp:featuredmedia":[{"embeddable":true,"href":"https:\/\/www.uai.com.br\/uainoticias\/wp-json\/wp\/v2\/media\/128184"}],"wp:attachment":[{"href":"https:\/\/www.uai.com.br\/uainoticias\/wp-json\/wp\/v2\/media?parent=128172"}],"wp:term":[{"taxonomy":"category","embeddable":true,"href":"https:\/\/www.uai.com.br\/uainoticias\/wp-json\/wp\/v2\/categories?post=128172"},{"taxonomy":"post_tag","embeddable":true,"href":"https:\/\/www.uai.com.br\/uainoticias\/wp-json\/wp\/v2\/tags?post=128172"}],"curies":[{"name":"wp","href":"https:\/\/api.w.org\/{rel}","templated":true}]}}