{"id":128167,"date":"2026-04-29T09:15:00","date_gmt":"2026-04-29T12:15:00","guid":{"rendered":"https:\/\/www.uai.com.br\/uainoticias\/?p=128167"},"modified":"2026-04-28T13:21:13","modified_gmt":"2026-04-28T16:21:13","slug":"jean-francois-lyotard-teorico-da-pos-modernidade-e-critico-das-metanarrativas-incredulidade-em-relacao-as-metanarrativas","status":"publish","type":"post","link":"https:\/\/www.uai.com.br\/uainoticias\/2026\/04\/29\/jean-francois-lyotard-teorico-da-pos-modernidade-e-critico-das-metanarrativas-incredulidade-em-relacao-as-metanarrativas\/","title":{"rendered":"Jean-Fran\u00e7ois Lyotard, te\u00f3rico da p\u00f3s-modernidade e cr\u00edtico das metanarrativas: \u201cIncredulidade em rela\u00e7\u00e3o \u00e0s metanarrativas\u201d"},"content":{"rendered":"\n<link href=\"https:\/\/fonts.googleapis.com\/css2?family=Merriweather:wght@700&#038;family=Open+Sans:wght@400;600;700&#038;display=swap\" rel=\"stylesheet\">\r\n<style>\r\n.rdp-resumo-wrapper {\r\n  max-width: 620px;\r\n  margin: 28px auto;\r\n  background: #FFFFFF;\r\n  border: 1px solid #D0D0D0;\r\n  border-radius: 6px;\r\n  padding: 28px 32px;\r\n  font-family: 'Open Sans', sans-serif;\r\n  box-shadow: 0 2px 12px rgba(0,0,0,0.08);\r\n}\r\n.rdp-resumo-header {\r\n  display: flex;\r\n  align-items: center;\r\n  gap: 16px;\r\n  margin-bottom: 22px;\r\n}\r\n.rdp-resumo-line {\r\n  flex: 1;\r\n  height: 1px;\r\n  background: #D0D0D0;\r\n}\r\n.rdp-resumo-title {\r\n  font-family: 'Merriweather', serif;\r\n  font-size: 13px;\r\n  font-weight: 700;\r\n  text-transform: uppercase;\r\n  letter-spacing: 3px;\r\n  color: #1A1A1A;\r\n  white-space: nowrap;\r\n}\r\n.rdp-resumo-list {\r\n  list-style: none;\r\n  padding: 0;\r\n  margin: 0;\r\n}\r\n.rdp-resumo-item {\r\n  padding: 0 0 18px 22px;\r\n  position: relative;\r\n  line-height: 1.7;\r\n}\r\n.rdp-resumo-item:last-child {\r\n  padding-bottom: 0;\r\n}\r\n.rdp-resumo-item::before {\r\n  content: \"\";\r\n  position: absolute;\r\n  left: 0;\r\n  top: 8px;\r\n  width: 8px;\r\n  height: 8px;\r\n  background: #2B5A83;\r\n  border-radius: 50%;\r\n}\r\n.rdp-resumo-item-title {\r\n  font-size: 15px;\r\n  font-weight: 700;\r\n  color: #1A1A1A;\r\n}\r\n.rdp-resumo-item-desc {\r\n  font-size: 15px;\r\n  color: #4A4A4A;\r\n  line-height: 1.7;\r\n}\r\n@media (max-width: 768px) {\r\n  .rdp-resumo-wrapper {\r\n    max-width: 100%;\r\n    margin: 20px 12px;\r\n    padding: 22px 20px;\r\n  }\r\n}\r\n<\/style>\r\n<div class=\"rdp-resumo-wrapper\">\r\n  <div class=\"rdp-resumo-header\">\r\n    <span class=\"rdp-resumo-line\"><\/span>\r\n    <span class=\"rdp-resumo-title\">Resumo<\/span>\r\n    <span class=\"rdp-resumo-line\"><\/span>\r\n  <\/div>\r\n  <ul class=\"rdp-resumo-list\">\r\n    <li class=\"rdp-resumo-item\">\r\n      <span class=\"rdp-resumo-item-title\">Pensamento central:<\/span> <span class=\"rdp-resumo-item-desc\">A ideia de incredulidade em rela\u00e7\u00e3o \u00e0s metanarrativas sintetiza a cr\u00edtica de Lyotard \u00e0 verdade universal.<\/span>\r\n    <\/li>\r\n    <li class=\"rdp-resumo-item\">\r\n      <span class=\"rdp-resumo-item-title\">Conceito-chave:<\/span> <span class=\"rdp-resumo-item-desc\">A p\u00f3s-modernidade rompe com grandes narrativas e valoriza m\u00faltiplas perspectivas culturais e sociais.<\/span>\r\n    <\/li>\r\n    <li class=\"rdp-resumo-item\">\r\n      <span class=\"rdp-resumo-item-title\">Relev\u00e2ncia atual:<\/span> <span class=\"rdp-resumo-item-desc\">O pensamento influencia debates contempor\u00e2neos sobre cultura, pol\u00edtica e produ\u00e7\u00e3o de conhecimento.<\/span>\r\n    <\/li>\r\n  <\/ul>\r\n<\/div>\n\n\n\n<p>A frase <em>\u201cIncredulidade em rela\u00e7\u00e3o \u00e0s metanarrativas\u201d<\/em>, formulada por Jean-Fran\u00e7ois Lyotard, tornou-se um marco no pensamento filos\u00f3fico e cultural da p\u00f3s-modernidade. Inserida no debate intelectual contempor\u00e2neo, especialmente a partir de sua obra \u201cA condi\u00e7\u00e3o p\u00f3s-moderna\u201d, a express\u00e3o sintetiza uma mudan\u00e7a profunda na forma como entendemos a cultura, a narrativa e o conhecimento. Mais do que um conceito abstrato, trata-se de um diagn\u00f3stico sobre a crise das grandes verdades universais no mundo contempor\u00e2neo.<\/p>\n\n\n\n<h2 class=\"wp-block-heading\">Quem \u00e9 Jean-Fran\u00e7ois Lyotard e por que sua voz importa<\/h2>\n\n\n\n<p><strong><a href=\"https:\/\/pt.wikipedia.org\/wiki\/Jean-Fran%C3%A7ois_Lyotard\" target=\"_blank\" rel=\"noreferrer noopener\">Jean-Fran\u00e7ois Lyotard<\/a><\/strong> foi um fil\u00f3sofo franc\u00eas central para o debate da p\u00f3s-modernidade, especialmente a partir da d\u00e9cada de 1970. Seu trabalho transitou entre filosofia, teoria cultural e cr\u00edtica social, influenciando profundamente \u00e1reas como literatura, artes visuais e teoria pol\u00edtica.<\/p>\n\n\n\n<p>Autor de \u201cA condi\u00e7\u00e3o p\u00f3s-moderna\u201d, Lyotard ganhou notoriedade ao analisar a transforma\u00e7\u00e3o do saber nas sociedades contempor\u00e2neas. Sua reflex\u00e3o cr\u00edtica sobre a ci\u00eancia, a linguagem e as institui\u00e7\u00f5es ajudou a redefinir o papel da cultura em um mundo fragmentado.<\/p>\n\n\n\n<h2 class=\"wp-block-heading\">O que Jean-Fran\u00e7ois Lyotard quis dizer com essa frase<\/h2>\n\n\n\n<p>Ao falar em <strong>incredulidade em rela\u00e7\u00e3o \u00e0s metanarrativas<\/strong>, Lyotard se refere \u00e0 desconfian\u00e7a crescente diante de discursos totalizantes. Essas metanarrativas, como o progresso cient\u00edfico ou a emancipa\u00e7\u00e3o humana, historicamente buscavam explicar o mundo de forma universal.<\/p>\n\n\n\n<p>No contexto de sua obra, publicada originalmente como um relat\u00f3rio sobre o saber contempor\u00e2neo, Lyotard argumenta que essas grandes narrativas perderam credibilidade. A sociedade p\u00f3s-moderna, segundo ele, valoriza narrativas locais, fragmentadas e m\u00faltiplas, rompendo com a ideia de uma verdade \u00fanica.<\/p>\n\n\n<div class=\"wp-block-image\">\n<figure class=\"aligncenter size-large\"><img decoding=\"async\" width=\"1024\" height=\"576\" src=\"https:\/\/www.uai.com.br\/uainoticias\/wp-content\/uploads\/2026\/04\/Design_sem_nome-2026-04-28T132038.038-1024x576.jpg\" alt=\"Jean-Fran\u00e7ois Lyotard, te\u00f3rico da p\u00f3s-modernidade e cr\u00edtico das metanarrativas: \u201cIncredulidade em rela\u00e7\u00e3o \u00e0s metanarrativas\u201d\" class=\"wp-image-128169\" srcset=\"https:\/\/www.uai.com.br\/uainoticias\/wp-content\/uploads\/2026\/04\/Design_sem_nome-2026-04-28T132038.038-1024x576.jpg 1024w, https:\/\/www.uai.com.br\/uainoticias\/wp-content\/uploads\/2026\/04\/Design_sem_nome-2026-04-28T132038.038-300x169.jpg 300w, https:\/\/www.uai.com.br\/uainoticias\/wp-content\/uploads\/2026\/04\/Design_sem_nome-2026-04-28T132038.038-768x432.jpg 768w, https:\/\/www.uai.com.br\/uainoticias\/wp-content\/uploads\/2026\/04\/Design_sem_nome-2026-04-28T132038.038-750x422.jpg 750w, https:\/\/www.uai.com.br\/uainoticias\/wp-content\/uploads\/2026\/04\/Design_sem_nome-2026-04-28T132038.038-1140x641.jpg 1140w, https:\/\/www.uai.com.br\/uainoticias\/wp-content\/uploads\/2026\/04\/Design_sem_nome-2026-04-28T132038.038.jpg 1280w\" sizes=\"(max-width: 1024px) 100vw, 1024px\" \/><figcaption class=\"wp-element-caption\">Questionamento das verdades universais na sociedade atual<\/figcaption><\/figure><\/div>\n\n\n<h2 class=\"wp-block-heading\">P\u00f3s-modernidade: o contexto por tr\u00e1s das palavras<\/h2>\n\n\n\n<p>A p\u00f3s-modernidade \u00e9 o cen\u00e1rio te\u00f3rico em que a frase de Lyotard ganha sentido. Trata-se de um per\u00edodo marcado pela pluralidade cultural, pela crise das institui\u00e7\u00f5es tradicionais e pela descentraliza\u00e7\u00e3o do conhecimento. Nesse contexto, a arte, a literatura e o pensamento cr\u00edtico passam a rejeitar estruturas r\u00edgidas e narrativas absolutas.<\/p>\n\n\n\n<p>Dentro da cultura contempor\u00e2nea, essa mudan\u00e7a impacta desde a produ\u00e7\u00e3o art\u00edstica at\u00e9 a forma como interpretamos a hist\u00f3ria e a pol\u00edtica. A incredulidade nas metanarrativas abre espa\u00e7o para novas vozes e perspectivas, redefinindo o papel do indiv\u00edduo na constru\u00e7\u00e3o do sentido.<\/p>\n\n\n\n<link href=\"https:\/\/fonts.googleapis.com\/css2?family=Merriweather:wght@700&#038;family=Open+Sans:wght@400;600;700&#038;display=swap\" rel=\"stylesheet\">\r\n<style>\r\n.rdp-cards-wrapper .jnews_inline_related_post_wrapper,\r\n.rdp-cards-wrapper .jnews_inline_related_post,\r\n.rdp-cards-wrapper .jeg_postblock,\r\n.rdp-cards-wrapper [class*=\"jnews_inline\"],\r\n.rdp-cards-wrapper [class*=\"jeg_postblock\"],\r\n.rdp-cards-wrapper [class*=\"jeg_block\"] {\r\n  display: none !important;\r\n  height: 0 !important;\r\n  max-height: 0 !important;\r\n  overflow: hidden !important;\r\n  visibility: hidden !important;\r\n  margin: 0 !important;\r\n  padding: 0 !important;\r\n  border: none !important;\r\n  font-size: 0 !important;\r\n  line-height: 0 !important;\r\n}\r\n.rdp-cards-wrapper {\r\n  max-width: 100%;\r\n  margin: 32px 0;\r\n  background: #F5F7FA;\r\n  border: 1px solid #E1E5EB;\r\n  border-radius: 10px;\r\n  padding: 28px 28px 20px;\r\n  font-family: 'Open Sans', sans-serif;\r\n  overflow: hidden;\r\n  contain: layout style;\r\n  isolation: isolate;\r\n  position: relative;\r\n  z-index: 1;\r\n}\r\n.rdp-cards-wrapper > *:not(.rdp-cards-title):not(.rdp-cards-grid) {\r\n  display: none !important;\r\n}\r\n.rdp-cards-title {\r\n  font-family: 'Merriweather', serif;\r\n  font-size: 20px;\r\n  font-weight: 700;\r\n  text-align: center;\r\n  margin-bottom: 20px;\r\n}\r\n.rdp-cards-grid {\r\n  display: grid;\r\n  grid-template-columns: repeat(3, 1fr);\r\n  gap: 18px;\r\n}\r\n.rdp-cards-item {\r\n  background: #FFFFFF;\r\n  border: 1px solid #E1E5EB;\r\n  border-top: 3px solid #2B5A83;\r\n  border-radius: 10px;\r\n  padding: 22px 20px;\r\n}\r\n.rdp-cards-emoji {\r\n  font-size: 32px;\r\n  margin-bottom: 12px;\r\n}\r\n.rdp-cards-item-title {\r\n  font-weight: 700;\r\n  margin-bottom: 8px;\r\n}\r\n.rdp-cards-item-desc {\r\n  font-size: 14px;\r\n  color: #4A4A4A;\r\n}\r\n@media (max-width: 768px) {\r\n  .rdp-cards-grid {\r\n    grid-template-columns: 1fr;\r\n  }\r\n}\r\n<\/style>\r\n<div class=\"rdp-cards-wrapper\">\r\n  <div class=\"rdp-cards-title\">Saiba mais sobre o tema<\/div>\r\n  <div class=\"rdp-cards-grid\">\r\n    <div class=\"rdp-cards-item\">\r\n      <span class=\"rdp-cards-emoji\">\ud83d\udcda<\/span>\r\n      <div class=\"rdp-cards-item-title\">Obra fundamental<\/div>\r\n      <p class=\"rdp-cards-item-desc\">\u201cA condi\u00e7\u00e3o p\u00f3s-moderna\u201d \u00e9 considerada uma das principais an\u00e1lises sobre o saber contempor\u00e2neo.<\/p>\r\n    <\/div>\r\n    <div class=\"rdp-cards-item\">\r\n      <span class=\"rdp-cards-emoji\">\ud83c\udfad<\/span>\r\n      <div class=\"rdp-cards-item-title\">Impacto cultural<\/div>\r\n      <p class=\"rdp-cards-item-desc\">A teoria influenciou diretamente artes, cinema e literatura, valorizando narrativas fragmentadas.<\/p>\r\n    <\/div>\r\n    <div class=\"rdp-cards-item\">\r\n      <span class=\"rdp-cards-emoji\">\ud83c\udf10<\/span>\r\n      <div class=\"rdp-cards-item-title\">Atualidade do conceito<\/div>\r\n      <p class=\"rdp-cards-item-desc\">A cr\u00edtica \u00e0s metanarrativas dialoga com a era digital e a multiplicidade de vozes na internet.<\/p>\r\n    <\/div>\r\n  <\/div>\r\n<\/div>\r\n<div style=\"clear:both;height:0;overflow:hidden;\"><\/div>\n\n\n\n<h2 class=\"wp-block-heading\">Por que essa declara\u00e7\u00e3o repercutiu<\/h2>\n\n\n\n<p>A formula\u00e7\u00e3o de Lyotard ganhou destaque por sintetizar um sentimento difuso na cultura contempor\u00e2nea. Em um mundo marcado por crises pol\u00edticas, transforma\u00e7\u00f5es tecnol\u00f3gicas e diversidade cultural, a ideia de uma \u00fanica narrativa dominante passou a ser questionada.<\/p>\n\n\n\n<p>Al\u00e9m disso, a frase ecoa em debates atuais sobre verdade, informa\u00e7\u00e3o e discurso. Em tempos de redes sociais e m\u00faltiplas fontes de conhecimento, a incredulidade nas metanarrativas se torna ainda mais evidente e relevante.<\/p>\n\n\n\n<h2 class=\"wp-block-heading\">O legado e a relev\u00e2ncia para a categoria<\/h2>\n\n\n\n<p>No campo da cultura e da teoria cr\u00edtica, o pensamento de Lyotard permanece essencial. Sua an\u00e1lise da p\u00f3s-modernidade continua a orientar reflex\u00f5es sobre arte, comunica\u00e7\u00e3o e produ\u00e7\u00e3o de sentido em uma sociedade cada vez mais plural e descentralizada.<\/p>\n\n\n\n<p>A frase de Lyotard segue provocando questionamentos sobre como constru\u00edmos nossas narrativas e quais verdades escolhemos aceitar. Em um cen\u00e1rio cultural em constante transforma\u00e7\u00e3o, ela permanece como um convite \u00e0 reflex\u00e3o cr\u00edtica e \u00e0 valoriza\u00e7\u00e3o da diversidade de perspectivas.<\/p>\n","protected":false},"excerpt":{"rendered":"<p>Resumo Pensamento central: A ideia de incredulidade em rela\u00e7\u00e3o \u00e0s metanarrativas sintetiza a cr\u00edtica de Lyotard \u00e0 verdade universal. Conceito-chave: A p\u00f3s-modernidade rompe com grandes narrativas e valoriza m\u00faltiplas perspectivas culturais e sociais. Relev\u00e2ncia atual: O pensamento influencia debates contempor\u00e2neos sobre cultura, pol\u00edtica e produ\u00e7\u00e3o de conhecimento. A frase \u201cIncredulidade em rela\u00e7\u00e3o \u00e0s metanarrativas\u201d, formulada [&hellip;]<\/p>\n","protected":false},"author":23,"featured_media":128168,"comment_status":"open","ping_status":"open","sticky":false,"template":"","format":"standard","meta":{"jnews-multi-image_gallery":[],"jnews_single_post":{"format":"standard"},"jnews_primary_category":[],"jnews_social_meta":[],"jnews_override_counter":[],"footnotes":""},"categories":[3046,475],"tags":[8533,23565,23564,4482],"class_list":["post-128167","post","type-post","status-publish","format-standard","has-post-thumbnail","hentry","category-curiosidades","category-entretenimento","tag-filosofia","tag-incredulidade","tag-jean-francois-lyotard","tag-modernidade"],"yoast_head":"<!-- This site is optimized with the Yoast SEO plugin v26.5 - https:\/\/yoast.com\/wordpress\/plugins\/seo\/ -->\n<title>Jean-Fran\u00e7ois Lyotard, te\u00f3rico da p\u00f3s-modernidade e cr\u00edtico das metanarrativas: \u201cIncredulidade em rela\u00e7\u00e3o \u00e0s metanarrativas\u201d - UAI Not\u00edcias<\/title>\n<meta name=\"description\" content=\"O conceito de incredulidade nas metanarrativas revela um novo olhar sobre a realidade e entender isso pode surpreender voc\u00ea\" \/>\n<meta name=\"robots\" content=\"index, follow, max-snippet:-1, max-image-preview:large, max-video-preview:-1\" \/>\n<link rel=\"canonical\" href=\"https:\/\/www.uai.com.br\/uainoticias\/2026\/04\/29\/jean-francois-lyotard-teorico-da-pos-modernidade-e-critico-das-metanarrativas-incredulidade-em-relacao-as-metanarrativas\/\" \/>\n<meta property=\"og:locale\" content=\"pt_BR\" \/>\n<meta property=\"og:type\" content=\"article\" \/>\n<meta property=\"og:title\" content=\"Jean-Fran\u00e7ois Lyotard, te\u00f3rico da p\u00f3s-modernidade e cr\u00edtico das metanarrativas: \u201cIncredulidade em rela\u00e7\u00e3o \u00e0s metanarrativas\u201d - UAI Not\u00edcias\" \/>\n<meta property=\"og:description\" content=\"O conceito de incredulidade nas metanarrativas revela um novo olhar sobre a realidade e entender isso pode surpreender voc\u00ea\" \/>\n<meta property=\"og:url\" content=\"https:\/\/www.uai.com.br\/uainoticias\/2026\/04\/29\/jean-francois-lyotard-teorico-da-pos-modernidade-e-critico-das-metanarrativas-incredulidade-em-relacao-as-metanarrativas\/\" \/>\n<meta property=\"og:site_name\" content=\"UAI Not\u00edcias\" \/>\n<meta property=\"article:published_time\" content=\"2026-04-29T12:15:00+00:00\" \/>\n<meta property=\"og:image\" content=\"https:\/\/www.uai.com.br\/uainoticias\/wp-content\/uploads\/2026\/04\/Design_sem_nome-2026-04-28T131929.254.jpg\" \/>\n\t<meta property=\"og:image:width\" content=\"1280\" \/>\n\t<meta property=\"og:image:height\" content=\"720\" \/>\n\t<meta property=\"og:image:type\" content=\"image\/jpeg\" \/>\n<meta name=\"author\" content=\"Gustavo Trindade\" \/>\n<meta name=\"twitter:card\" content=\"summary_large_image\" \/>\n<meta name=\"twitter:label1\" content=\"Escrito por\" \/>\n\t<meta name=\"twitter:data1\" content=\"Gustavo Trindade\" \/>\n\t<meta name=\"twitter:label2\" content=\"Est. tempo de leitura\" \/>\n\t<meta name=\"twitter:data2\" content=\"4 minutos\" \/>\n<!-- \/ Yoast SEO plugin. -->","yoast_head_json":{"title":"Jean-Fran\u00e7ois Lyotard, te\u00f3rico da p\u00f3s-modernidade e cr\u00edtico das metanarrativas: \u201cIncredulidade em rela\u00e7\u00e3o \u00e0s metanarrativas\u201d - UAI Not\u00edcias","description":"O conceito de incredulidade nas metanarrativas revela um novo olhar sobre a realidade e entender isso pode surpreender voc\u00ea","robots":{"index":"index","follow":"follow","max-snippet":"max-snippet:-1","max-image-preview":"max-image-preview:large","max-video-preview":"max-video-preview:-1"},"canonical":"https:\/\/www.uai.com.br\/uainoticias\/2026\/04\/29\/jean-francois-lyotard-teorico-da-pos-modernidade-e-critico-das-metanarrativas-incredulidade-em-relacao-as-metanarrativas\/","og_locale":"pt_BR","og_type":"article","og_title":"Jean-Fran\u00e7ois Lyotard, te\u00f3rico da p\u00f3s-modernidade e cr\u00edtico das metanarrativas: \u201cIncredulidade em rela\u00e7\u00e3o \u00e0s metanarrativas\u201d - UAI Not\u00edcias","og_description":"O conceito de incredulidade nas metanarrativas revela um novo olhar sobre a realidade e entender isso pode surpreender voc\u00ea","og_url":"https:\/\/www.uai.com.br\/uainoticias\/2026\/04\/29\/jean-francois-lyotard-teorico-da-pos-modernidade-e-critico-das-metanarrativas-incredulidade-em-relacao-as-metanarrativas\/","og_site_name":"UAI Not\u00edcias","article_published_time":"2026-04-29T12:15:00+00:00","og_image":[{"width":1280,"height":720,"url":"https:\/\/www.uai.com.br\/uainoticias\/wp-content\/uploads\/2026\/04\/Design_sem_nome-2026-04-28T131929.254.jpg","type":"image\/jpeg"}],"author":"Gustavo Trindade","twitter_card":"summary_large_image","twitter_misc":{"Escrito por":"Gustavo Trindade","Est. tempo de leitura":"4 minutos"},"schema":{"@context":"https:\/\/schema.org","@graph":[{"@type":"WebPage","@id":"https:\/\/www.uai.com.br\/uainoticias\/2026\/04\/29\/jean-francois-lyotard-teorico-da-pos-modernidade-e-critico-das-metanarrativas-incredulidade-em-relacao-as-metanarrativas\/","url":"https:\/\/www.uai.com.br\/uainoticias\/2026\/04\/29\/jean-francois-lyotard-teorico-da-pos-modernidade-e-critico-das-metanarrativas-incredulidade-em-relacao-as-metanarrativas\/","name":"Jean-Fran\u00e7ois Lyotard, te\u00f3rico da p\u00f3s-modernidade e cr\u00edtico das metanarrativas: \u201cIncredulidade em rela\u00e7\u00e3o \u00e0s metanarrativas\u201d - UAI Not\u00edcias","isPartOf":{"@id":"https:\/\/www.uai.com.br\/uainoticias\/#website"},"primaryImageOfPage":{"@id":"https:\/\/www.uai.com.br\/uainoticias\/2026\/04\/29\/jean-francois-lyotard-teorico-da-pos-modernidade-e-critico-das-metanarrativas-incredulidade-em-relacao-as-metanarrativas\/#primaryimage"},"image":{"@id":"https:\/\/www.uai.com.br\/uainoticias\/2026\/04\/29\/jean-francois-lyotard-teorico-da-pos-modernidade-e-critico-das-metanarrativas-incredulidade-em-relacao-as-metanarrativas\/#primaryimage"},"thumbnailUrl":"https:\/\/www.uai.com.br\/uainoticias\/wp-content\/uploads\/2026\/04\/Design_sem_nome-2026-04-28T131929.254.jpg","datePublished":"2026-04-29T12:15:00+00:00","author":{"@id":"https:\/\/www.uai.com.br\/uainoticias\/#\/schema\/person\/060f8bb02e250479c83590e2c4706fcc"},"description":"O conceito de incredulidade nas metanarrativas revela um novo olhar sobre a realidade e entender isso pode surpreender voc\u00ea","breadcrumb":{"@id":"https:\/\/www.uai.com.br\/uainoticias\/2026\/04\/29\/jean-francois-lyotard-teorico-da-pos-modernidade-e-critico-das-metanarrativas-incredulidade-em-relacao-as-metanarrativas\/#breadcrumb"},"inLanguage":"pt-BR","potentialAction":[{"@type":"ReadAction","target":["https:\/\/www.uai.com.br\/uainoticias\/2026\/04\/29\/jean-francois-lyotard-teorico-da-pos-modernidade-e-critico-das-metanarrativas-incredulidade-em-relacao-as-metanarrativas\/"]}]},{"@type":"ImageObject","inLanguage":"pt-BR","@id":"https:\/\/www.uai.com.br\/uainoticias\/2026\/04\/29\/jean-francois-lyotard-teorico-da-pos-modernidade-e-critico-das-metanarrativas-incredulidade-em-relacao-as-metanarrativas\/#primaryimage","url":"https:\/\/www.uai.com.br\/uainoticias\/wp-content\/uploads\/2026\/04\/Design_sem_nome-2026-04-28T131929.254.jpg","contentUrl":"https:\/\/www.uai.com.br\/uainoticias\/wp-content\/uploads\/2026\/04\/Design_sem_nome-2026-04-28T131929.254.jpg","width":1280,"height":720,"caption":"Crise das grandes narrativas na cultura contempor\u00e2nea"},{"@type":"BreadcrumbList","@id":"https:\/\/www.uai.com.br\/uainoticias\/2026\/04\/29\/jean-francois-lyotard-teorico-da-pos-modernidade-e-critico-das-metanarrativas-incredulidade-em-relacao-as-metanarrativas\/#breadcrumb","itemListElement":[{"@type":"ListItem","position":1,"name":"In\u00edcio","item":"https:\/\/www.uai.com.br\/uainoticias\/"},{"@type":"ListItem","position":2,"name":"Jean-Fran\u00e7ois Lyotard, te\u00f3rico da p\u00f3s-modernidade e cr\u00edtico das metanarrativas: \u201cIncredulidade em rela\u00e7\u00e3o \u00e0s metanarrativas\u201d"}]},{"@type":"WebSite","@id":"https:\/\/www.uai.com.br\/uainoticias\/#website","url":"https:\/\/www.uai.com.br\/uainoticias\/","name":"UAI Not\u00edcias","description":"Acompanhe as \u00faltimas not\u00edcias e fique bem informado sobre tudo o que acontece no Brasil e no mundo.","potentialAction":[{"@type":"SearchAction","target":{"@type":"EntryPoint","urlTemplate":"https:\/\/www.uai.com.br\/uainoticias\/?s={search_term_string}"},"query-input":{"@type":"PropertyValueSpecification","valueRequired":true,"valueName":"search_term_string"}}],"inLanguage":"pt-BR"},{"@type":"Person","@id":"https:\/\/www.uai.com.br\/uainoticias\/#\/schema\/person\/060f8bb02e250479c83590e2c4706fcc","name":"Gustavo Trindade","image":{"@type":"ImageObject","inLanguage":"pt-BR","@id":"https:\/\/www.uai.com.br\/uainoticias\/#\/schema\/person\/image\/","url":"https:\/\/secure.gravatar.com\/avatar\/05714a54ada0bd2b20e75b2c72a9e7802581213945810c2354d320b79f27b427?s=96&d=mm&r=g","contentUrl":"https:\/\/secure.gravatar.com\/avatar\/05714a54ada0bd2b20e75b2c72a9e7802581213945810c2354d320b79f27b427?s=96&d=mm&r=g","caption":"Gustavo Trindade"},"sameAs":["https:\/\/www.uai.com.br\/uainoticias\/"],"url":"https:\/\/www.uai.com.br\/uainoticias\/author\/gustavotrindade\/"}]}},"_links":{"self":[{"href":"https:\/\/www.uai.com.br\/uainoticias\/wp-json\/wp\/v2\/posts\/128167","targetHints":{"allow":["GET"]}}],"collection":[{"href":"https:\/\/www.uai.com.br\/uainoticias\/wp-json\/wp\/v2\/posts"}],"about":[{"href":"https:\/\/www.uai.com.br\/uainoticias\/wp-json\/wp\/v2\/types\/post"}],"author":[{"embeddable":true,"href":"https:\/\/www.uai.com.br\/uainoticias\/wp-json\/wp\/v2\/users\/23"}],"replies":[{"embeddable":true,"href":"https:\/\/www.uai.com.br\/uainoticias\/wp-json\/wp\/v2\/comments?post=128167"}],"version-history":[{"count":1,"href":"https:\/\/www.uai.com.br\/uainoticias\/wp-json\/wp\/v2\/posts\/128167\/revisions"}],"predecessor-version":[{"id":128170,"href":"https:\/\/www.uai.com.br\/uainoticias\/wp-json\/wp\/v2\/posts\/128167\/revisions\/128170"}],"wp:featuredmedia":[{"embeddable":true,"href":"https:\/\/www.uai.com.br\/uainoticias\/wp-json\/wp\/v2\/media\/128168"}],"wp:attachment":[{"href":"https:\/\/www.uai.com.br\/uainoticias\/wp-json\/wp\/v2\/media?parent=128167"}],"wp:term":[{"taxonomy":"category","embeddable":true,"href":"https:\/\/www.uai.com.br\/uainoticias\/wp-json\/wp\/v2\/categories?post=128167"},{"taxonomy":"post_tag","embeddable":true,"href":"https:\/\/www.uai.com.br\/uainoticias\/wp-json\/wp\/v2\/tags?post=128167"}],"curies":[{"name":"wp","href":"https:\/\/api.w.org\/{rel}","templated":true}]}}