{"id":128159,"date":"2026-04-29T07:15:00","date_gmt":"2026-04-29T10:15:00","guid":{"rendered":"https:\/\/www.uai.com.br\/uainoticias\/?p=128159"},"modified":"2026-04-28T13:11:00","modified_gmt":"2026-04-28T16:11:00","slug":"slavoj-zizek-critico-da-ideologia-e-analista-cultural-nos-nao-sabemos-o-que-desejamos","status":"publish","type":"post","link":"https:\/\/www.uai.com.br\/uainoticias\/2026\/04\/29\/slavoj-zizek-critico-da-ideologia-e-analista-cultural-nos-nao-sabemos-o-que-desejamos\/","title":{"rendered":"Slavoj \u017di\u017eek, cr\u00edtico da ideologia e analista cultural: \u201cN\u00f3s n\u00e3o sabemos o que desejamos\u201d"},"content":{"rendered":"\n<link href=\"https:\/\/fonts.googleapis.com\/css2?family=Merriweather:wght@700&#038;family=Open+Sans:wght@400;600;700&#038;display=swap\" rel=\"stylesheet\">\r\n<style>\r\n.rdp-resumo-wrapper {\r\n  max-width: 620px;\r\n  margin: 28px auto;\r\n  background: #FFFFFF;\r\n  border: 1px solid #D0D0D0;\r\n  border-radius: 6px;\r\n  padding: 28px 32px;\r\n  font-family: 'Open Sans', sans-serif;\r\n  box-shadow: 0 2px 12px rgba(0,0,0,0.08);\r\n}\r\n.rdp-resumo-header {\r\n  display: flex;\r\n  align-items: center;\r\n  gap: 16px;\r\n  margin-bottom: 22px;\r\n}\r\n.rdp-resumo-line {\r\n  flex: 1;\r\n  height: 1px;\r\n  background: #D0D0D0;\r\n}\r\n.rdp-resumo-title {\r\n  font-family: 'Merriweather', serif;\r\n  font-size: 13px;\r\n  font-weight: 700;\r\n  text-transform: uppercase;\r\n  letter-spacing: 3px;\r\n  color: #1A1A1A;\r\n  white-space: nowrap;\r\n}\r\n.rdp-resumo-list {\r\n  list-style: none;\r\n  padding: 0;\r\n  margin: 0;\r\n}\r\n.rdp-resumo-item {\r\n  padding: 0 0 18px 22px;\r\n  position: relative;\r\n  line-height: 1.7;\r\n}\r\n.rdp-resumo-item:last-child {\r\n  padding-bottom: 0;\r\n}\r\n.rdp-resumo-item::before {\r\n  content: \"\";\r\n  position: absolute;\r\n  left: 0;\r\n  top: 8px;\r\n  width: 8px;\r\n  height: 8px;\r\n  background: #2B5A83;\r\n  border-radius: 50%;\r\n}\r\n.rdp-resumo-item-title {\r\n  font-size: 15px;\r\n  font-weight: 700;\r\n  color: #1A1A1A;\r\n}\r\n.rdp-resumo-item-desc {\r\n  font-size: 15px;\r\n  color: #4A4A4A;\r\n  line-height: 1.7;\r\n}\r\n@media (max-width: 768px) {\r\n  .rdp-resumo-wrapper {\r\n    max-width: 100%;\r\n    margin: 20px 12px;\r\n    padding: 22px 20px;\r\n  }\r\n}\r\n<\/style>\r\n<div class=\"rdp-resumo-wrapper\">\r\n  <div class=\"rdp-resumo-header\">\r\n    <span class=\"rdp-resumo-line\"><\/span>\r\n    <span class=\"rdp-resumo-title\">Resumo<\/span>\r\n    <span class=\"rdp-resumo-line\"><\/span>\r\n  <\/div>\r\n  <ul class=\"rdp-resumo-list\">\r\n    <li class=\"rdp-resumo-item\">\r\n      <span class=\"rdp-resumo-item-title\">Frase provocadora:<\/span> <span class=\"rdp-resumo-item-desc\">\u017di\u017eek afirma que n\u00e3o sabemos o que desejamos, questionando a autonomia do indiv\u00edduo na cultura contempor\u00e2nea.<\/span>\r\n    <\/li>\r\n    <li class=\"rdp-resumo-item\">\r\n      <span class=\"rdp-resumo-item-title\">Leitura cr\u00edtica:<\/span> <span class=\"rdp-resumo-item-desc\">A ideia conecta psican\u00e1lise, ideologia e cultura de massa, revelando como o desejo \u00e9 moldado socialmente.<\/span>\r\n    <\/li>\r\n    <li class=\"rdp-resumo-item\">\r\n      <span class=\"rdp-resumo-item-title\">Contexto:<\/span> <span class=\"rdp-resumo-item-desc\">A declara\u00e7\u00e3o foi feita em entrevista e reflete debates recorrentes em sua obra filos\u00f3fica e cultural.<\/span>\r\n    <\/li>\r\n  <\/ul>\r\n<\/div>\n\n\n\n<p><em>\u201cN\u00f3s n\u00e3o sabemos o que desejamos\u201d<\/em>, afirma Slavoj \u017di\u017eek, uma das vozes mais influentes da cr\u00edtica cultural contempor\u00e2nea. A frase, recorrente em entrevistas e debates p\u00fablicos, toca em um ponto sens\u00edvel da cultura e da pol\u00edtica: a constru\u00e7\u00e3o do desejo dentro das estruturas ideol\u00f3gicas. Em um cen\u00e1rio marcado por consumo, m\u00eddia e narrativas simb\u00f3licas, a provoca\u00e7\u00e3o do fil\u00f3sofo esloveno ecoa como um diagn\u00f3stico inc\u00f4modo sobre a subjetividade moderna.<\/p>\n\n\n\n<h2 class=\"wp-block-heading\">Quem \u00e9 Slavoj \u017di\u017eek e por que sua voz importa<\/h2>\n\n\n\n<p><a href=\"https:\/\/pact.egs.edu\/biography\/slavoj-zizek\/\" target=\"_blank\" rel=\"noreferrer noopener\"><strong>Slavoj \u017di\u017eek<\/strong> <\/a>\u00e9 fil\u00f3sofo, cr\u00edtico cultural e um dos principais int\u00e9rpretes contempor\u00e2neos da teoria psicanal\u00edtica e da ideologia. Autor prol\u00edfico, ele transita entre filosofia, cinema, pol\u00edtica e cultura pop, consolidando-se como refer\u00eancia no pensamento cr\u00edtico global.<\/p>\n\n\n\n<p>Seus livros e palestras exploram conceitos complexos a partir de exemplos do cotidiano, filmes e eventos pol\u00edticos. Essa abordagem torna sua an\u00e1lise acess\u00edvel e, ao mesmo tempo, profundamente incisiva, ampliando sua relev\u00e2ncia no debate cultural contempor\u00e2neo.<\/p>\n\n\n\n<h2 class=\"wp-block-heading\">O que Slavoj \u017di\u017eek quis dizer com essa frase<\/h2>\n\n\n\n<p>Quando \u017di\u017eek afirma que n\u00e3o sabemos o que desejamos, ele dialoga diretamente com a tradi\u00e7\u00e3o psicanal\u00edtica de Jacques Lacan. O desejo, nesse contexto, n\u00e3o \u00e9 espont\u00e2neo ou puramente individual, mas estruturado por s\u00edmbolos, linguagem e ideologia.<\/p>\n\n\n\n<p>Em entrevistas, o fil\u00f3sofo refor\u00e7a que acreditamos escolher livremente, quando na verdade nossas prefer\u00eancias s\u00e3o moldadas por narrativas culturais, publicidade e sistemas sociais. O desejo, portanto, \u00e9 mediado, n\u00e3o aut\u00f4nomo.<\/p>\n\n\n<div class=\"wp-block-image\">\n<figure class=\"aligncenter size-large\"><img decoding=\"async\" width=\"1024\" height=\"576\" src=\"https:\/\/www.uai.com.br\/uainoticias\/wp-content\/uploads\/2026\/04\/Design_sem_nome-2026-04-28T130957.081-1024x576.jpg\" alt=\"Slavoj \u017di\u017eek, cr\u00edtico da ideologia e analista cultural: \u201cN\u00f3s n\u00e3o sabemos o que desejamos\u201d\" class=\"wp-image-128160\" srcset=\"https:\/\/www.uai.com.br\/uainoticias\/wp-content\/uploads\/2026\/04\/Design_sem_nome-2026-04-28T130957.081-1024x576.jpg 1024w, https:\/\/www.uai.com.br\/uainoticias\/wp-content\/uploads\/2026\/04\/Design_sem_nome-2026-04-28T130957.081-300x169.jpg 300w, https:\/\/www.uai.com.br\/uainoticias\/wp-content\/uploads\/2026\/04\/Design_sem_nome-2026-04-28T130957.081-768x432.jpg 768w, https:\/\/www.uai.com.br\/uainoticias\/wp-content\/uploads\/2026\/04\/Design_sem_nome-2026-04-28T130957.081-750x422.jpg 750w, https:\/\/www.uai.com.br\/uainoticias\/wp-content\/uploads\/2026\/04\/Design_sem_nome-2026-04-28T130957.081-1140x641.jpg 1140w, https:\/\/www.uai.com.br\/uainoticias\/wp-content\/uploads\/2026\/04\/Design_sem_nome-2026-04-28T130957.081.jpg 1280w\" sizes=\"(max-width: 1024px) 100vw, 1024px\" \/><figcaption class=\"wp-element-caption\">Din\u00e2mica inconsciente guiando escolhas e comportamentos<\/figcaption><\/figure><\/div>\n\n\n<h2 class=\"wp-block-heading\">Desejo e ideologia: o contexto por tr\u00e1s das palavras<\/h2>\n\n\n\n<p>O conceito de desejo em \u017di\u017eek est\u00e1 intimamente ligado \u00e0 ideia de ideologia. Para ele, n\u00e3o se trata apenas de cren\u00e7as pol\u00edticas expl\u00edcitas, mas de um conjunto invis\u00edvel de estruturas que organizam nossa percep\u00e7\u00e3o do mundo.<\/p>\n\n\n\n<p>Na cultura contempor\u00e2nea, marcada por consumo e entretenimento, o desejo \u00e9 constantemente estimulado e direcionado. Filmes, publicidade e redes sociais funcionam como dispositivos que moldam aquilo que acreditamos querer, refor\u00e7ando padr\u00f5es e expectativas.<\/p>\n\n\n\n<link href=\"https:\/\/fonts.googleapis.com\/css2?family=Merriweather:wght@700&#038;family=Open+Sans:wght@400;600;700&#038;display=swap\" rel=\"stylesheet\">\r\n<style>\r\n.rdp-cards-wrapper .jnews_inline_related_post_wrapper,\r\n.rdp-cards-wrapper .jnews_inline_related_post,\r\n.rdp-cards-wrapper .jeg_postblock,\r\n.rdp-cards-wrapper [class*=\"jnews_inline\"],\r\n.rdp-cards-wrapper [class*=\"jeg_postblock\"],\r\n.rdp-cards-wrapper [class*=\"jeg_block\"] {\r\n  display: none !important;\r\n  height: 0 !important;\r\n  max-height: 0 !important;\r\n  overflow: hidden !important;\r\n  visibility: hidden !important;\r\n  margin: 0 !important;\r\n  padding: 0 !important;\r\n  border: none !important;\r\n  font-size: 0 !important;\r\n  line-height: 0 !important;\r\n}\r\n.rdp-cards-wrapper {\r\n  max-width: 100%;\r\n  margin: 32px 0;\r\n  background: #F5F7FA;\r\n  border: 1px solid #E1E5EB;\r\n  border-radius: 10px;\r\n  padding: 28px 28px 20px;\r\n  font-family: 'Open Sans', sans-serif;\r\n  overflow: hidden;\r\n  contain: layout style;\r\n  isolation: isolate;\r\n  position: relative;\r\n  z-index: 1;\r\n}\r\n.rdp-cards-wrapper > *:not(.rdp-cards-title):not(.rdp-cards-grid) {\r\n  display: none !important;\r\n  height: 0 !important;\r\n  overflow: hidden !important;\r\n  margin: 0 !important;\r\n  padding: 0 !important;\r\n  border: none !important;\r\n}\r\n.rdp-cards-title {\r\n  font-family: 'Merriweather', serif;\r\n  font-size: 20px;\r\n  font-weight: 700;\r\n  color: #1A1A1A;\r\n  margin: 0 0 20px 0;\r\n  text-align: center;\r\n}\r\n.rdp-cards-grid {\r\n  display: grid;\r\n  grid-template-columns: repeat(3, 1fr);\r\n  gap: 18px;\r\n}\r\n.rdp-cards-item {\r\n  background: #FFFFFF;\r\n  border: 1px solid #E1E5EB;\r\n  border-top: 3px solid #2B5A83;\r\n  border-radius: 10px;\r\n  padding: 22px 20px;\r\n  box-shadow: 0 2px 8px rgba(0,0,0,0.04);\r\n}\r\n.rdp-cards-emoji {\r\n  font-size: 32px;\r\n  margin-bottom: 12px;\r\n  display: block;\r\n}\r\n.rdp-cards-item-title {\r\n  font-size: 15px;\r\n  font-weight: 700;\r\n  margin-bottom: 8px;\r\n}\r\n.rdp-cards-item-desc {\r\n  font-size: 14px;\r\n  color: #4A4A4A;\r\n}\r\n@media (max-width: 768px) {\r\n  .rdp-cards-grid {\r\n    grid-template-columns: 1fr;\r\n  }\r\n}\r\n<\/style>\r\n<div class=\"rdp-cards-wrapper\">\r\n  <div class=\"rdp-cards-title\">Saiba mais sobre o tema<\/div>\r\n  <div class=\"rdp-cards-grid\">\r\n    <div class=\"rdp-cards-item\">\r\n      <span class=\"rdp-cards-emoji\">\ud83d\udcda<\/span>\r\n      <div class=\"rdp-cards-item-title\">Refer\u00eancia em teoria<\/div>\r\n      <p class=\"rdp-cards-item-desc\">\u017di\u017eek combina filosofia, psican\u00e1lise e cr\u00edtica cultural, tornando-se uma das figuras mais citadas no pensamento contempor\u00e2neo.<\/p>\r\n    <\/div>\r\n    <div class=\"rdp-cards-item\">\r\n      <span class=\"rdp-cards-emoji\">\ud83c\udfac<\/span>\r\n      <div class=\"rdp-cards-item-title\">Cinema como an\u00e1lise<\/div>\r\n      <p class=\"rdp-cards-item-desc\">O fil\u00f3sofo utiliza filmes para explicar conceitos complexos, mostrando como a cultura pop revela estruturas ideol\u00f3gicas.<\/p>\r\n    <\/div>\r\n    <div class=\"rdp-cards-item\">\r\n      <span class=\"rdp-cards-emoji\">\ud83e\udde0<\/span>\r\n      <div class=\"rdp-cards-item-title\">Desejo inconsciente<\/div>\r\n      <p class=\"rdp-cards-item-desc\">Inspirado por Lacan, \u017di\u017eek argumenta que o desejo humano \u00e9 sempre mediado pelo outro e pela linguagem.<\/p>\r\n    <\/div>\r\n  <\/div>\r\n<\/div>\r\n<div style=\"clear:both;height:0;overflow:hidden;\"><\/div>\n\n\n\n<h2 class=\"wp-block-heading\">Por que essa declara\u00e7\u00e3o repercutiu<\/h2>\n\n\n\n<p>A frase ganhou destaque justamente por confrontar uma ideia central da cultura contempor\u00e2nea, a de que somos plenamente livres para desejar e escolher. Em um mundo guiado por consumo e identidade, essa afirma\u00e7\u00e3o soa quase provocativa.<\/p>\n\n\n\n<p>Ao circular em entrevistas e debates, como os concedidos a portais culturais e eventos acad\u00eamicos, o pensamento de \u017di\u017eek reacende discuss\u00f5es sobre autonomia, liberdade e manipula\u00e7\u00e3o simb\u00f3lica, temas cada vez mais presentes na an\u00e1lise cultural.<\/p>\n\n\n\n<h2 class=\"wp-block-heading\">O legado e a relev\u00e2ncia para a cultura contempor\u00e2nea<\/h2>\n\n\n\n<p>A reflex\u00e3o de \u017di\u017eek permanece central para compreender a rela\u00e7\u00e3o entre indiv\u00edduo e sociedade. Ao questionar o desejo, ele tamb\u00e9m questiona o funcionamento da cultura, da m\u00eddia e das estruturas ideol\u00f3gicas que moldam a experi\u00eancia moderna.<\/p>\n\n\n\n<p>No cen\u00e1rio cultural atual, marcado por narrativas digitais, consumo e constru\u00e7\u00e3o de identidade, a provoca\u00e7\u00e3o de Slavoj \u017di\u017eek continua ecoando como um convite \u00e0 an\u00e1lise cr\u00edtica e \u00e0 consci\u00eancia sobre aquilo que acreditamos desejar.<\/p>\n","protected":false},"excerpt":{"rendered":"<p>Resumo Frase provocadora: \u017di\u017eek afirma que n\u00e3o sabemos o que desejamos, questionando a autonomia do indiv\u00edduo na cultura contempor\u00e2nea. Leitura cr\u00edtica: A ideia conecta psican\u00e1lise, ideologia e cultura de massa, revelando como o desejo \u00e9 moldado socialmente. Contexto: A declara\u00e7\u00e3o foi feita em entrevista e reflete debates recorrentes em sua obra filos\u00f3fica e cultural. \u201cN\u00f3s [&hellip;]<\/p>\n","protected":false},"author":23,"featured_media":128161,"comment_status":"open","ping_status":"open","sticky":false,"template":"","format":"standard","meta":{"jnews-multi-image_gallery":[],"jnews_single_post":{"format":"standard"},"jnews_primary_category":[],"jnews_social_meta":[],"jnews_override_counter":[],"footnotes":""},"categories":[3046,475],"tags":[13515,23563],"class_list":["post-128159","post","type-post","status-publish","format-standard","has-post-thumbnail","hentry","category-curiosidades","category-entretenimento","tag-desejos-2","tag-slavoj-zizek"],"yoast_head":"<!-- This site is optimized with the Yoast SEO plugin v26.5 - https:\/\/yoast.com\/wordpress\/plugins\/seo\/ -->\n<title>Slavoj \u017di\u017eek, cr\u00edtico da ideologia e analista cultural: \u201cN\u00f3s n\u00e3o sabemos o que desejamos\u201d - UAI Not\u00edcias<\/title>\n<meta name=\"description\" content=\"A ideia de que n\u00e3o sabemos o que desejamos levanta quest\u00f5es profundas sobre comportamento e cultura que poucos percebem\" \/>\n<meta name=\"robots\" content=\"index, follow, max-snippet:-1, max-image-preview:large, max-video-preview:-1\" \/>\n<link rel=\"canonical\" href=\"https:\/\/www.uai.com.br\/uainoticias\/2026\/04\/29\/slavoj-zizek-critico-da-ideologia-e-analista-cultural-nos-nao-sabemos-o-que-desejamos\/\" \/>\n<meta property=\"og:locale\" content=\"pt_BR\" \/>\n<meta property=\"og:type\" content=\"article\" \/>\n<meta property=\"og:title\" content=\"Slavoj \u017di\u017eek, cr\u00edtico da ideologia e analista cultural: \u201cN\u00f3s n\u00e3o sabemos o que desejamos\u201d - UAI Not\u00edcias\" \/>\n<meta property=\"og:description\" content=\"A ideia de que n\u00e3o sabemos o que desejamos levanta quest\u00f5es profundas sobre comportamento e cultura que poucos percebem\" \/>\n<meta property=\"og:url\" content=\"https:\/\/www.uai.com.br\/uainoticias\/2026\/04\/29\/slavoj-zizek-critico-da-ideologia-e-analista-cultural-nos-nao-sabemos-o-que-desejamos\/\" \/>\n<meta property=\"og:site_name\" content=\"UAI Not\u00edcias\" \/>\n<meta property=\"article:published_time\" content=\"2026-04-29T10:15:00+00:00\" \/>\n<meta property=\"og:image\" content=\"https:\/\/www.uai.com.br\/uainoticias\/wp-content\/uploads\/2026\/04\/Design_sem_nome-2026-04-28T130921.392.jpg\" \/>\n\t<meta property=\"og:image:width\" content=\"1280\" \/>\n\t<meta property=\"og:image:height\" content=\"720\" \/>\n\t<meta property=\"og:image:type\" content=\"image\/jpeg\" \/>\n<meta name=\"author\" content=\"Gustavo Trindade\" \/>\n<meta name=\"twitter:card\" content=\"summary_large_image\" \/>\n<meta name=\"twitter:label1\" content=\"Escrito por\" \/>\n\t<meta name=\"twitter:data1\" content=\"Gustavo Trindade\" \/>\n\t<meta name=\"twitter:label2\" content=\"Est. tempo de leitura\" \/>\n\t<meta name=\"twitter:data2\" content=\"4 minutos\" \/>\n<!-- \/ Yoast SEO plugin. -->","yoast_head_json":{"title":"Slavoj \u017di\u017eek, cr\u00edtico da ideologia e analista cultural: \u201cN\u00f3s n\u00e3o sabemos o que desejamos\u201d - UAI Not\u00edcias","description":"A ideia de que n\u00e3o sabemos o que desejamos levanta quest\u00f5es profundas sobre comportamento e cultura que poucos percebem","robots":{"index":"index","follow":"follow","max-snippet":"max-snippet:-1","max-image-preview":"max-image-preview:large","max-video-preview":"max-video-preview:-1"},"canonical":"https:\/\/www.uai.com.br\/uainoticias\/2026\/04\/29\/slavoj-zizek-critico-da-ideologia-e-analista-cultural-nos-nao-sabemos-o-que-desejamos\/","og_locale":"pt_BR","og_type":"article","og_title":"Slavoj \u017di\u017eek, cr\u00edtico da ideologia e analista cultural: \u201cN\u00f3s n\u00e3o sabemos o que desejamos\u201d - UAI Not\u00edcias","og_description":"A ideia de que n\u00e3o sabemos o que desejamos levanta quest\u00f5es profundas sobre comportamento e cultura que poucos percebem","og_url":"https:\/\/www.uai.com.br\/uainoticias\/2026\/04\/29\/slavoj-zizek-critico-da-ideologia-e-analista-cultural-nos-nao-sabemos-o-que-desejamos\/","og_site_name":"UAI Not\u00edcias","article_published_time":"2026-04-29T10:15:00+00:00","og_image":[{"width":1280,"height":720,"url":"https:\/\/www.uai.com.br\/uainoticias\/wp-content\/uploads\/2026\/04\/Design_sem_nome-2026-04-28T130921.392.jpg","type":"image\/jpeg"}],"author":"Gustavo Trindade","twitter_card":"summary_large_image","twitter_misc":{"Escrito por":"Gustavo Trindade","Est. tempo de leitura":"4 minutos"},"schema":{"@context":"https:\/\/schema.org","@graph":[{"@type":"WebPage","@id":"https:\/\/www.uai.com.br\/uainoticias\/2026\/04\/29\/slavoj-zizek-critico-da-ideologia-e-analista-cultural-nos-nao-sabemos-o-que-desejamos\/","url":"https:\/\/www.uai.com.br\/uainoticias\/2026\/04\/29\/slavoj-zizek-critico-da-ideologia-e-analista-cultural-nos-nao-sabemos-o-que-desejamos\/","name":"Slavoj \u017di\u017eek, cr\u00edtico da ideologia e analista cultural: \u201cN\u00f3s n\u00e3o sabemos o que desejamos\u201d - UAI Not\u00edcias","isPartOf":{"@id":"https:\/\/www.uai.com.br\/uainoticias\/#website"},"primaryImageOfPage":{"@id":"https:\/\/www.uai.com.br\/uainoticias\/2026\/04\/29\/slavoj-zizek-critico-da-ideologia-e-analista-cultural-nos-nao-sabemos-o-que-desejamos\/#primaryimage"},"image":{"@id":"https:\/\/www.uai.com.br\/uainoticias\/2026\/04\/29\/slavoj-zizek-critico-da-ideologia-e-analista-cultural-nos-nao-sabemos-o-que-desejamos\/#primaryimage"},"thumbnailUrl":"https:\/\/www.uai.com.br\/uainoticias\/wp-content\/uploads\/2026\/04\/Design_sem_nome-2026-04-28T130921.392.jpg","datePublished":"2026-04-29T10:15:00+00:00","author":{"@id":"https:\/\/www.uai.com.br\/uainoticias\/#\/schema\/person\/060f8bb02e250479c83590e2c4706fcc"},"description":"A ideia de que n\u00e3o sabemos o que desejamos levanta quest\u00f5es profundas sobre comportamento e cultura que poucos percebem","breadcrumb":{"@id":"https:\/\/www.uai.com.br\/uainoticias\/2026\/04\/29\/slavoj-zizek-critico-da-ideologia-e-analista-cultural-nos-nao-sabemos-o-que-desejamos\/#breadcrumb"},"inLanguage":"pt-BR","potentialAction":[{"@type":"ReadAction","target":["https:\/\/www.uai.com.br\/uainoticias\/2026\/04\/29\/slavoj-zizek-critico-da-ideologia-e-analista-cultural-nos-nao-sabemos-o-que-desejamos\/"]}]},{"@type":"ImageObject","inLanguage":"pt-BR","@id":"https:\/\/www.uai.com.br\/uainoticias\/2026\/04\/29\/slavoj-zizek-critico-da-ideologia-e-analista-cultural-nos-nao-sabemos-o-que-desejamos\/#primaryimage","url":"https:\/\/www.uai.com.br\/uainoticias\/wp-content\/uploads\/2026\/04\/Design_sem_nome-2026-04-28T130921.392.jpg","contentUrl":"https:\/\/www.uai.com.br\/uainoticias\/wp-content\/uploads\/2026\/04\/Design_sem_nome-2026-04-28T130921.392.jpg","width":1280,"height":720,"caption":"Constru\u00e7\u00e3o social do desejo influenciando decis\u00f5es cotidianas"},{"@type":"BreadcrumbList","@id":"https:\/\/www.uai.com.br\/uainoticias\/2026\/04\/29\/slavoj-zizek-critico-da-ideologia-e-analista-cultural-nos-nao-sabemos-o-que-desejamos\/#breadcrumb","itemListElement":[{"@type":"ListItem","position":1,"name":"In\u00edcio","item":"https:\/\/www.uai.com.br\/uainoticias\/"},{"@type":"ListItem","position":2,"name":"Slavoj \u017di\u017eek, cr\u00edtico da ideologia e analista cultural: \u201cN\u00f3s n\u00e3o sabemos o que desejamos\u201d"}]},{"@type":"WebSite","@id":"https:\/\/www.uai.com.br\/uainoticias\/#website","url":"https:\/\/www.uai.com.br\/uainoticias\/","name":"UAI Not\u00edcias","description":"Acompanhe as \u00faltimas not\u00edcias e fique bem informado sobre tudo o que acontece no Brasil e no mundo.","potentialAction":[{"@type":"SearchAction","target":{"@type":"EntryPoint","urlTemplate":"https:\/\/www.uai.com.br\/uainoticias\/?s={search_term_string}"},"query-input":{"@type":"PropertyValueSpecification","valueRequired":true,"valueName":"search_term_string"}}],"inLanguage":"pt-BR"},{"@type":"Person","@id":"https:\/\/www.uai.com.br\/uainoticias\/#\/schema\/person\/060f8bb02e250479c83590e2c4706fcc","name":"Gustavo Trindade","image":{"@type":"ImageObject","inLanguage":"pt-BR","@id":"https:\/\/www.uai.com.br\/uainoticias\/#\/schema\/person\/image\/","url":"https:\/\/secure.gravatar.com\/avatar\/05714a54ada0bd2b20e75b2c72a9e7802581213945810c2354d320b79f27b427?s=96&d=mm&r=g","contentUrl":"https:\/\/secure.gravatar.com\/avatar\/05714a54ada0bd2b20e75b2c72a9e7802581213945810c2354d320b79f27b427?s=96&d=mm&r=g","caption":"Gustavo Trindade"},"sameAs":["https:\/\/www.uai.com.br\/uainoticias\/"],"url":"https:\/\/www.uai.com.br\/uainoticias\/author\/gustavotrindade\/"}]}},"_links":{"self":[{"href":"https:\/\/www.uai.com.br\/uainoticias\/wp-json\/wp\/v2\/posts\/128159","targetHints":{"allow":["GET"]}}],"collection":[{"href":"https:\/\/www.uai.com.br\/uainoticias\/wp-json\/wp\/v2\/posts"}],"about":[{"href":"https:\/\/www.uai.com.br\/uainoticias\/wp-json\/wp\/v2\/types\/post"}],"author":[{"embeddable":true,"href":"https:\/\/www.uai.com.br\/uainoticias\/wp-json\/wp\/v2\/users\/23"}],"replies":[{"embeddable":true,"href":"https:\/\/www.uai.com.br\/uainoticias\/wp-json\/wp\/v2\/comments?post=128159"}],"version-history":[{"count":1,"href":"https:\/\/www.uai.com.br\/uainoticias\/wp-json\/wp\/v2\/posts\/128159\/revisions"}],"predecessor-version":[{"id":128162,"href":"https:\/\/www.uai.com.br\/uainoticias\/wp-json\/wp\/v2\/posts\/128159\/revisions\/128162"}],"wp:featuredmedia":[{"embeddable":true,"href":"https:\/\/www.uai.com.br\/uainoticias\/wp-json\/wp\/v2\/media\/128161"}],"wp:attachment":[{"href":"https:\/\/www.uai.com.br\/uainoticias\/wp-json\/wp\/v2\/media?parent=128159"}],"wp:term":[{"taxonomy":"category","embeddable":true,"href":"https:\/\/www.uai.com.br\/uainoticias\/wp-json\/wp\/v2\/categories?post=128159"},{"taxonomy":"post_tag","embeddable":true,"href":"https:\/\/www.uai.com.br\/uainoticias\/wp-json\/wp\/v2\/tags?post=128159"}],"curies":[{"name":"wp","href":"https:\/\/api.w.org\/{rel}","templated":true}]}}