{"id":128122,"date":"2026-04-29T06:45:00","date_gmt":"2026-04-29T09:45:00","guid":{"rendered":"https:\/\/www.uai.com.br\/uainoticias\/?p=128122"},"modified":"2026-04-28T13:05:44","modified_gmt":"2026-04-28T16:05:44","slug":"a-geracao-que-esta-se-aposentando-agora-enfrenta-uma-dor-silenciosa-entre-o-que-construiu-e-o-que-imaginou-viver","status":"publish","type":"post","link":"https:\/\/www.uai.com.br\/uainoticias\/2026\/04\/29\/a-geracao-que-esta-se-aposentando-agora-enfrenta-uma-dor-silenciosa-entre-o-que-construiu-e-o-que-imaginou-viver\/","title":{"rendered":"A gera\u00e7\u00e3o que est\u00e1 se aposentando agora enfrenta uma dor silenciosa entre o que construiu e o que imaginou viver"},"content":{"rendered":"\n<p>A transi\u00e7\u00e3o para a aposentadoria tem se revelado um processo emocional muito mais complexo do que o simples encerramento de um ciclo profissional. Muitas pessoas que deixam o mercado agora enfrentam uma dor silenciosa, marcada pela perda da rotina que as definia e pela despedida da juventude que projetou expectativas nem sempre alcan\u00e7adas.<\/p>\n\n\n\n<h2 class=\"wp-block-heading\">O peso de perder a carreira que moldou sua identidade pessoal<\/h2>\n\n\n\n<p>Para a <strong>gera\u00e7\u00e3o<\/strong> que est\u00e1 se aposentando agora, o trabalho nunca foi apenas uma fonte de renda, mas o principal pilar de sua <strong>identidade social<\/strong>. Ao entregar o crach\u00e1, o indiv\u00edduo perde o t\u00edtulo que carregou por d\u00e9cadas, enfrentando um v\u00e1cuo existencial onde a pergunta &#8220;quem sou eu sem meu cargo?&#8221; ecoa com for\u00e7a total em sua <strong>sa\u00fade mental<\/strong>.<\/p>\n\n\n\n<p>Esse <strong>luto profissional<\/strong> \u00e9 frequentemente negligenciado por <a href=\"https:\/\/www.uai.com.br\/uainoticias\/2026\/04\/10\/a-psicologia-sugere-que-preferir-ouvir-os-outros-em-silencio-a-falar-sobre-si-mesmo-na-roda-de-amigos-e-caracteristico-desse-tipo-de-pessoa\/\" target=\"_blank\" rel=\"noreferrer noopener\">amigos<\/a> e familiares, que focam apenas no lazer e no tempo livre conquistado. No entanto, a perda do status e da utilidade percebida pode gerar um sentimento de invisibilidade, exigindo um esfor\u00e7o consciente para encontrar novos prop\u00f3sitos que n\u00e3o estejam atrelados \u00e0 produtividade corporativa ou ao sucesso financeiro.<\/p>\n\n\n<div class=\"wp-block-image\">\n<figure class=\"aligncenter size-large\"><img decoding=\"async\" width=\"1024\" height=\"576\" src=\"https:\/\/www.uai.com.br\/uainoticias\/wp-content\/uploads\/2026\/04\/aposentado_1777392248803-1024x576.jpg\" alt=\"\" class=\"wp-image-128155\" srcset=\"https:\/\/www.uai.com.br\/uainoticias\/wp-content\/uploads\/2026\/04\/aposentado_1777392248803-1024x576.jpg 1024w, https:\/\/www.uai.com.br\/uainoticias\/wp-content\/uploads\/2026\/04\/aposentado_1777392248803-300x169.jpg 300w, https:\/\/www.uai.com.br\/uainoticias\/wp-content\/uploads\/2026\/04\/aposentado_1777392248803-768x432.jpg 768w, https:\/\/www.uai.com.br\/uainoticias\/wp-content\/uploads\/2026\/04\/aposentado_1777392248803-750x422.jpg 750w, https:\/\/www.uai.com.br\/uainoticias\/wp-content\/uploads\/2026\/04\/aposentado_1777392248803-1140x641.jpg 1140w, https:\/\/www.uai.com.br\/uainoticias\/wp-content\/uploads\/2026\/04\/aposentado_1777392248803.jpg 1280w\" sizes=\"(max-width: 1024px) 100vw, 1024px\" \/><figcaption class=\"wp-element-caption\">Superar esse luto duplo exige paci\u00eancia e a disposi\u00e7\u00e3o de explorar facetas da personalidade que ficaram adormecidas &#8211; Cr\u00e9ditos: depositphotos.com \/ AndrewLozovyi<\/figcaption><\/figure><\/div>\n\n\n<h2 class=\"wp-block-heading\">O confronto com as expectativas da juventude e a realidade do tempo<\/h2>\n\n\n\n<p>Al\u00e9m da carreira, o novo aposentado lida com o luto pelo seu <strong>eu jovem<\/strong>, aquele que acreditava que o sucesso profissional traria uma satisfa\u00e7\u00e3o inabal\u00e1vel. Existe uma melancolia profunda ao perceber que o tempo passou e que certas promessas feitas a si mesmo na juventude, em <strong>Goi\u00e2nia<\/strong> ou em qualquer lugar do mundo, foram sacrificadas em prol da estabilidade e do dever.<\/p>\n\n\n\n<p>Essa percep\u00e7\u00e3o de finitude for\u00e7a um confronto direto com a pr\u00f3pria <strong>mortalidade<\/strong> e com a aceita\u00e7\u00e3o das limita\u00e7\u00f5es f\u00edsicas que surgem com a idade. Entender que o vigor dos vinte anos deu lugar \u00e0 sabedoria da maturidade \u00e9 um processo doloroso, mas essencial para que a <strong>aposentadoria<\/strong> n\u00e3o seja vista como um fim, mas como uma metamorfose necess\u00e1ria da alma.<\/p>\n\n\n\n<h2 class=\"wp-block-heading\">Sinais de que o processo de transi\u00e7\u00e3o est\u00e1 afetando o seu bem-estar<\/h2>\n\n\n\n<p>O isolamento social e a falta de interesse por atividades que antes eram prazerosas s\u00e3o sinais claros de que o luto pela vida profissional est\u00e1 cobrando seu pre\u00e7o. Se voc\u00ea sente que seus dias perderam a estrutura ou que a liberdade rec\u00e9m-adquirida parece mais um fardo do que um pr\u00eamio, \u00e9 prov\u00e1vel que esteja vivenciando uma <strong>crise de identidade<\/strong> severa.<\/p>\n\n\n<div class=\"wp-block-image\">\n<figure class=\"aligncenter size-large\"><img decoding=\"async\" width=\"1024\" height=\"576\" src=\"https:\/\/www.uai.com.br\/uainoticias\/wp-content\/uploads\/2026\/04\/aposentado_1777392208156-1024x576.jpg\" alt=\"\" class=\"wp-image-128151\" srcset=\"https:\/\/www.uai.com.br\/uainoticias\/wp-content\/uploads\/2026\/04\/aposentado_1777392208156-1024x576.jpg 1024w, https:\/\/www.uai.com.br\/uainoticias\/wp-content\/uploads\/2026\/04\/aposentado_1777392208156-300x169.jpg 300w, https:\/\/www.uai.com.br\/uainoticias\/wp-content\/uploads\/2026\/04\/aposentado_1777392208156-768x432.jpg 768w, https:\/\/www.uai.com.br\/uainoticias\/wp-content\/uploads\/2026\/04\/aposentado_1777392208156-750x422.jpg 750w, https:\/\/www.uai.com.br\/uainoticias\/wp-content\/uploads\/2026\/04\/aposentado_1777392208156-1140x641.jpg 1140w, https:\/\/www.uai.com.br\/uainoticias\/wp-content\/uploads\/2026\/04\/aposentado_1777392208156.jpg 1280w\" sizes=\"(max-width: 1024px) 100vw, 1024px\" \/><figcaption class=\"wp-element-caption\">Essa percep\u00e7\u00e3o de finitude for\u00e7a um confronto direto com a pr\u00f3pria mortalidade e com a aceita\u00e7\u00e3o das limita\u00e7\u00f5es f\u00edsicas &#8211; Cr\u00e9ditos: depositphotos.com \/ VitalikRadko<\/figcaption><\/figure><\/div>\n\n\n<p><em>Dica r\u00e1pida<\/em>: Tente n\u00e3o preencher todo o seu tempo livre com tarefas dom\u00e9sticas apenas para se sentir ocupado e evitar pensar no vazio. O segredo para um <strong>amadurecimento saud\u00e1vel<\/strong> reside em permitir-se sentir a perda antes de tentar substituir o trabalho por qualquer outro compromisso burocr\u00e1tico que n\u00e3o traga alegria real para o seu cotidiano.<\/p>\n\n\n\n<h2 class=\"wp-block-heading\">Como navegar pelas perdas duplas e redescobrir o prop\u00f3sito de vida<\/h2>\n\n\n\n<p>Superar esse luto duplo exige paci\u00eancia e a disposi\u00e7\u00e3o de explorar facetas da personalidade que ficaram adormecidas durante os anos de dedica\u00e7\u00e3o exclusiva ao emprego. Criar uma nova <strong>rotina equilibrada<\/strong>, que envolva conex\u00f5es sociais genu\u00ednas e o aprendizado de novas habilidades, \u00e9 fundamental para restabelecer a autoestima e o prazer em viver o presente.<\/p>\n\n\n\n<link href=\"https:\/\/fonts.googleapis.com\/css2?family=Inter:wght@400;600;700;800&#038;display=swap\" rel=\"stylesheet\">\n<style>\n\/* Prote\u00e7\u00e3o contra inje\u00e7\u00e3o do \"Veja Tamb\u00e9m\" (JNews inline related posts) *\/\n.rdp-pontos-wrapper .jnews_inline_related_post_wrapper,\n.rdp-pontos-wrapper .jnews_inline_related_post,\n.rdp-pontos-wrapper .jeg_postblock,\n.rdp-pontos-wrapper [class*=\"jnews_inline\"],\n.rdp-pontos-wrapper [class*=\"jeg_postblock\"],\n.rdp-pontos-wrapper [class*=\"jeg_block\"] {\n  display: none !important;\n  height: 0 !important;\n  max-height: 0 !important;\n  overflow: hidden !important;\n  visibility: hidden !important;\n  margin: 0 !important;\n  padding: 0 !important;\n  border: none !important;\n  font-size: 0 !important;\n  line-height: 0 !important;\n}\n.rdp-pontos-wrapper {\n  max-width: 100%;\n  margin: 32px 0;\n  background: #F8F9FA;\n  border: 1px solid #E0E0E0;\n  border-radius: 12px;\n  padding: 28px 28px 20px;\n  font-family: 'Inter', sans-serif;\n  box-shadow: 0 4px 20px rgba(47,195,238,0.12);\n  overflow: hidden;\n  contain: layout style;\n  isolation: isolate;\n  position: relative;\n  z-index: 1;\n}\n.rdp-pontos-wrapper > *:not(.rdp-pontos-title):not(.rdp-pontos-grid) {\n  display: none !important;\n  height: 0 !important;\n  overflow: hidden !important;\n  margin: 0 !important;\n  padding: 0 !important;\n  border: none !important;\n}\n.rdp-pontos-title {\n  font-family: 'Inter', sans-serif;\n  font-size: 20px;\n  font-weight: 800;\n  color: #1A1A1A;\n  margin: 0 0 20px 0;\n  line-height: 1.3;\n  text-align: center;\n}\n.rdp-pontos-grid {\n  display: grid;\n  grid-template-columns: repeat(3, 1fr);\n  gap: 18px;\n}\n.rdp-pontos-item {\n  background: #FFFFFF;\n  border: 1px solid #E0E0E0;\n  border-top: 3px solid #2FC3EE;\n  border-radius: 10px;\n  padding: 22px 20px;\n  box-shadow: 0 2px 10px rgba(47,195,238,0.10);\n  transition: box-shadow 0.3s ease, border-color 0.3s ease;\n  text-align: center;\n}\n.rdp-pontos-item:hover {\n  box-shadow: 0 4px 20px rgba(47,195,238,0.22);\n  border-color: #2FC3EE;\n}\n.rdp-pontos-emoji {\n  font-size: 32px;\n  line-height: 1;\n  margin-bottom: 12px;\n  display: block;\n  text-align: center;\n}\n.rdp-pontos-item-title {\n  font-size: 15px;\n  font-weight: 700;\n  color: #1A1A1A;\n  margin-bottom: 8px;\n  line-height: 1.3;\n}\n.rdp-pontos-item-desc {\n  font-size: 14px;\n  color: #333333;\n  line-height: 1.6;\n  margin: 0;\n}\n@media (max-width: 768px) {\n  .rdp-pontos-wrapper {\n    padding: 20px 16px 14px;\n  }\n  .rdp-pontos-grid {\n    grid-template-columns: 1fr;\n    gap: 14px;\n  }\n  .rdp-pontos-title {\n    font-size: 18px;\n  }\n}\n<\/style>\n\n<div class=\"rdp-pontos-wrapper\">\n  <div class=\"rdp-pontos-title\">Passos para Evolu\u00e7\u00e3o e Novos Ciclos<\/div>\n  <div class=\"rdp-pontos-grid\">\n    <div class=\"rdp-pontos-item\">\n      <span class=\"rdp-pontos-emoji\">\ud83c\udf10<\/span>\n      <div class=\"rdp-pontos-item-title\">Novos Interesses<\/div>\n      <p class=\"rdp-pontos-item-desc\">Participe de grupos que n\u00e3o tenham rela\u00e7\u00e3o direta com sua antiga profiss\u00e3o ou \u00e1rea de atua\u00e7\u00e3o.<\/p>\n    <\/div>\n    <div class=\"rdp-pontos-item\">\n      <span class=\"rdp-pontos-emoji\">\u270d\ufe0f<\/span>\n      <div class=\"rdp-pontos-item-title\">Honrar o Passado<\/div>\n      <p class=\"rdp-pontos-item-desc\">Escreva sobre suas mem\u00f3rias profissionais como forma de honrar sua trajet\u00f3ria e seguir em frente.<\/p>\n    <\/div>\n    <div class=\"rdp-pontos-item\">\n      <span class=\"rdp-pontos-emoji\">\ud83e\udd1d<\/span>\n      <div class=\"rdp-pontos-item-title\">Voluntariado<\/div>\n      <p class=\"rdp-pontos-item-desc\">Inicie projetos onde sua experi\u00eancia seja valorizada de forma humanizada e sem press\u00f5es externas.<\/p>\n    <\/div>\n    <div class=\"rdp-pontos-item\">\n      <span class=\"rdp-pontos-emoji\">\ud83d\udcaa<\/span>\n      <div class=\"rdp-pontos-item-title\">Conex\u00e3o Corporal<\/div>\n      <p class=\"rdp-pontos-item-desc\">Pratique exerc\u00edcios regulares para fortalecer a conex\u00e3o com seu corpo e celebrar suas capacidades atuais.<\/p>\n    <\/div>\n    <div class=\"rdp-pontos-item\">\n      <span class=\"rdp-pontos-emoji\">\ud83c\udf3f<\/span>\n      <div class=\"rdp-pontos-item-title\">Aux\u00edlio Terap\u00eautico<\/div>\n      <p class=\"rdp-pontos-item-desc\">Busque ajuda se sentir que a tristeza pela perda da rotina est\u00e1 impedindo sua evolu\u00e7\u00e3o emocional.<\/p>\n    <\/div>\n  <\/div>\n<\/div>\n<div style=\"clear:both;height:0;overflow:hidden;\"><\/div>\n\n\n\n<p>Ao adotar essas estrat\u00e9gias, voc\u00ea come\u00e7a a perceber que a sua <strong>ess\u00eancia<\/strong> \u00e9 independente de qualquer cargo ou idade cronol\u00f3gica espec\u00edfica. A jornada agora \u00e9 sobre profundidade e n\u00e3o sobre velocidade, permitindo que a <strong>qualidade de vida<\/strong> se torne a m\u00e9trica principal para o sucesso nesta nova fase que se inicia com tantas possibilidades.<\/p>\n\n\n\n<h2 class=\"wp-block-heading\">A aceita\u00e7\u00e3o do novo ciclo como portal para uma liberdade aut\u00eantica<\/h2>\n\n\n\n<p>Aceitar que o luto faz parte da transi\u00e7\u00e3o \u00e9 o que permite a transforma\u00e7\u00e3o da dor em uma nova forma de <strong>liberdade pessoal<\/strong>. Ao deixar para tr\u00e1s a press\u00e3o por desempenho e a nostalgia da juventude, o aposentado ganha a chance de viver com uma autenticidade que poucos jovens conseguem experimentar em meio ao caos da constru\u00e7\u00e3o de carreira.<\/p>\n\n\n\n<p>O encerramento dessa etapa n\u00e3o apaga as conquistas, mas limpa o terreno para que novas sementes de felicidade sejam plantadas sem a sombra da cobran\u00e7a. O futuro pode ser surpreendente quando paramos de olhar para o que ficou para tr\u00e1s e come\u00e7amos a enxergar as <strong>oportunidades<\/strong> que surgem quando finalmente somos donos do nosso pr\u00f3prio tempo.<\/p>\n","protected":false},"excerpt":{"rendered":"<p>A transi\u00e7\u00e3o para a aposentadoria tem se revelado um processo emocional muito mais complexo do que o simples encerramento de um ciclo profissional. Muitas pessoas que deixam o mercado agora enfrentam uma dor silenciosa, marcada pela perda da rotina que as definia e pela despedida da juventude que projetou expectativas nem sempre alcan\u00e7adas. O peso [&hellip;]<\/p>\n","protected":false},"author":24,"featured_media":128149,"comment_status":"open","ping_status":"open","sticky":false,"template":"","format":"standard","meta":{"jnews-multi-image_gallery":[],"jnews_single_post":{"format":"standard"},"jnews_primary_category":[],"jnews_social_meta":[],"jnews_override_counter":[],"footnotes":""},"categories":[3046,475],"tags":[380,12284],"class_list":["post-128122","post","type-post","status-publish","format-standard","has-post-thumbnail","hentry","category-curiosidades","category-entretenimento","tag-aposentadoria","tag-identidade-pessoal"],"yoast_head":"<!-- This site is optimized with the Yoast SEO plugin v26.5 - https:\/\/yoast.com\/wordpress\/plugins\/seo\/ -->\n<title>A gera\u00e7\u00e3o que est\u00e1 se aposentando agora enfrenta uma dor silenciosa entre o que construiu e o que imaginou viver - UAI Not\u00edcias<\/title>\n<meta name=\"description\" content=\"A aposentadoria pode trazer liberdade, mas tamb\u00e9m um luto silencioso ligado \u00e0 perda de identidade, rotina e prop\u00f3sito de vida.\" \/>\n<meta name=\"robots\" content=\"index, follow, max-snippet:-1, max-image-preview:large, max-video-preview:-1\" \/>\n<link rel=\"canonical\" href=\"https:\/\/www.uai.com.br\/uainoticias\/2026\/04\/29\/a-geracao-que-esta-se-aposentando-agora-enfrenta-uma-dor-silenciosa-entre-o-que-construiu-e-o-que-imaginou-viver\/\" \/>\n<meta property=\"og:locale\" content=\"pt_BR\" \/>\n<meta property=\"og:type\" content=\"article\" \/>\n<meta property=\"og:title\" content=\"A gera\u00e7\u00e3o que est\u00e1 se aposentando agora enfrenta uma dor silenciosa entre o que construiu e o que imaginou viver - UAI Not\u00edcias\" \/>\n<meta property=\"og:description\" content=\"A aposentadoria pode trazer liberdade, mas tamb\u00e9m um luto silencioso ligado \u00e0 perda de identidade, rotina e prop\u00f3sito de vida.\" \/>\n<meta property=\"og:url\" content=\"https:\/\/www.uai.com.br\/uainoticias\/2026\/04\/29\/a-geracao-que-esta-se-aposentando-agora-enfrenta-uma-dor-silenciosa-entre-o-que-construiu-e-o-que-imaginou-viver\/\" \/>\n<meta property=\"og:site_name\" content=\"UAI Not\u00edcias\" \/>\n<meta property=\"article:published_time\" content=\"2026-04-29T09:45:00+00:00\" \/>\n<meta property=\"og:image\" content=\"https:\/\/www.uai.com.br\/uainoticias\/wp-content\/uploads\/2026\/04\/aposentado_1777392141149.jpg\" \/>\n\t<meta property=\"og:image:width\" content=\"1280\" \/>\n\t<meta property=\"og:image:height\" content=\"720\" \/>\n\t<meta property=\"og:image:type\" content=\"image\/jpeg\" \/>\n<meta name=\"author\" content=\"Daniely Cardoso\" \/>\n<meta name=\"twitter:card\" content=\"summary_large_image\" \/>\n<meta name=\"twitter:label1\" content=\"Escrito por\" \/>\n\t<meta name=\"twitter:data1\" content=\"Daniely Cardoso\" \/>\n\t<meta name=\"twitter:label2\" content=\"Est. tempo de leitura\" \/>\n\t<meta name=\"twitter:data2\" content=\"6 minutos\" \/>\n<!-- \/ Yoast SEO plugin. -->","yoast_head_json":{"title":"A gera\u00e7\u00e3o que est\u00e1 se aposentando agora enfrenta uma dor silenciosa entre o que construiu e o que imaginou viver - UAI Not\u00edcias","description":"A aposentadoria pode trazer liberdade, mas tamb\u00e9m um luto silencioso ligado \u00e0 perda de identidade, rotina e prop\u00f3sito de vida.","robots":{"index":"index","follow":"follow","max-snippet":"max-snippet:-1","max-image-preview":"max-image-preview:large","max-video-preview":"max-video-preview:-1"},"canonical":"https:\/\/www.uai.com.br\/uainoticias\/2026\/04\/29\/a-geracao-que-esta-se-aposentando-agora-enfrenta-uma-dor-silenciosa-entre-o-que-construiu-e-o-que-imaginou-viver\/","og_locale":"pt_BR","og_type":"article","og_title":"A gera\u00e7\u00e3o que est\u00e1 se aposentando agora enfrenta uma dor silenciosa entre o que construiu e o que imaginou viver - UAI Not\u00edcias","og_description":"A aposentadoria pode trazer liberdade, mas tamb\u00e9m um luto silencioso ligado \u00e0 perda de identidade, rotina e prop\u00f3sito de vida.","og_url":"https:\/\/www.uai.com.br\/uainoticias\/2026\/04\/29\/a-geracao-que-esta-se-aposentando-agora-enfrenta-uma-dor-silenciosa-entre-o-que-construiu-e-o-que-imaginou-viver\/","og_site_name":"UAI Not\u00edcias","article_published_time":"2026-04-29T09:45:00+00:00","og_image":[{"width":1280,"height":720,"url":"https:\/\/www.uai.com.br\/uainoticias\/wp-content\/uploads\/2026\/04\/aposentado_1777392141149.jpg","type":"image\/jpeg"}],"author":"Daniely Cardoso","twitter_card":"summary_large_image","twitter_misc":{"Escrito por":"Daniely Cardoso","Est. tempo de leitura":"6 minutos"},"schema":{"@context":"https:\/\/schema.org","@graph":[{"@type":"WebPage","@id":"https:\/\/www.uai.com.br\/uainoticias\/2026\/04\/29\/a-geracao-que-esta-se-aposentando-agora-enfrenta-uma-dor-silenciosa-entre-o-que-construiu-e-o-que-imaginou-viver\/","url":"https:\/\/www.uai.com.br\/uainoticias\/2026\/04\/29\/a-geracao-que-esta-se-aposentando-agora-enfrenta-uma-dor-silenciosa-entre-o-que-construiu-e-o-que-imaginou-viver\/","name":"A gera\u00e7\u00e3o que est\u00e1 se aposentando agora enfrenta uma dor silenciosa entre o que construiu e o que imaginou viver - UAI Not\u00edcias","isPartOf":{"@id":"https:\/\/www.uai.com.br\/uainoticias\/#website"},"primaryImageOfPage":{"@id":"https:\/\/www.uai.com.br\/uainoticias\/2026\/04\/29\/a-geracao-que-esta-se-aposentando-agora-enfrenta-uma-dor-silenciosa-entre-o-que-construiu-e-o-que-imaginou-viver\/#primaryimage"},"image":{"@id":"https:\/\/www.uai.com.br\/uainoticias\/2026\/04\/29\/a-geracao-que-esta-se-aposentando-agora-enfrenta-uma-dor-silenciosa-entre-o-que-construiu-e-o-que-imaginou-viver\/#primaryimage"},"thumbnailUrl":"https:\/\/www.uai.com.br\/uainoticias\/wp-content\/uploads\/2026\/04\/aposentado_1777392141149.jpg","datePublished":"2026-04-29T09:45:00+00:00","author":{"@id":"https:\/\/www.uai.com.br\/uainoticias\/#\/schema\/person\/b40f59cad9eb0656c8ae35fee468cc57"},"description":"A aposentadoria pode trazer liberdade, mas tamb\u00e9m um luto silencioso ligado \u00e0 perda de identidade, rotina e prop\u00f3sito de vida.","breadcrumb":{"@id":"https:\/\/www.uai.com.br\/uainoticias\/2026\/04\/29\/a-geracao-que-esta-se-aposentando-agora-enfrenta-uma-dor-silenciosa-entre-o-que-construiu-e-o-que-imaginou-viver\/#breadcrumb"},"inLanguage":"pt-BR","potentialAction":[{"@type":"ReadAction","target":["https:\/\/www.uai.com.br\/uainoticias\/2026\/04\/29\/a-geracao-que-esta-se-aposentando-agora-enfrenta-uma-dor-silenciosa-entre-o-que-construiu-e-o-que-imaginou-viver\/"]}]},{"@type":"ImageObject","inLanguage":"pt-BR","@id":"https:\/\/www.uai.com.br\/uainoticias\/2026\/04\/29\/a-geracao-que-esta-se-aposentando-agora-enfrenta-uma-dor-silenciosa-entre-o-que-construiu-e-o-que-imaginou-viver\/#primaryimage","url":"https:\/\/www.uai.com.br\/uainoticias\/wp-content\/uploads\/2026\/04\/aposentado_1777392141149.jpg","contentUrl":"https:\/\/www.uai.com.br\/uainoticias\/wp-content\/uploads\/2026\/04\/aposentado_1777392141149.jpg","width":1280,"height":720,"caption":"Para a gera\u00e7\u00e3o que est\u00e1 se aposentando agora, o trabalho nunca foi apenas uma fonte de renda - Cr\u00e9ditos: depositphotos.com \/ HayDmitriy"},{"@type":"BreadcrumbList","@id":"https:\/\/www.uai.com.br\/uainoticias\/2026\/04\/29\/a-geracao-que-esta-se-aposentando-agora-enfrenta-uma-dor-silenciosa-entre-o-que-construiu-e-o-que-imaginou-viver\/#breadcrumb","itemListElement":[{"@type":"ListItem","position":1,"name":"In\u00edcio","item":"https:\/\/www.uai.com.br\/uainoticias\/"},{"@type":"ListItem","position":2,"name":"A gera\u00e7\u00e3o que est\u00e1 se aposentando agora enfrenta uma dor silenciosa entre o que construiu e o que imaginou viver"}]},{"@type":"WebSite","@id":"https:\/\/www.uai.com.br\/uainoticias\/#website","url":"https:\/\/www.uai.com.br\/uainoticias\/","name":"UAI Not\u00edcias","description":"Acompanhe as \u00faltimas not\u00edcias e fique bem informado sobre tudo o que acontece no Brasil e no mundo.","potentialAction":[{"@type":"SearchAction","target":{"@type":"EntryPoint","urlTemplate":"https:\/\/www.uai.com.br\/uainoticias\/?s={search_term_string}"},"query-input":{"@type":"PropertyValueSpecification","valueRequired":true,"valueName":"search_term_string"}}],"inLanguage":"pt-BR"},{"@type":"Person","@id":"https:\/\/www.uai.com.br\/uainoticias\/#\/schema\/person\/b40f59cad9eb0656c8ae35fee468cc57","name":"Daniely Cardoso","image":{"@type":"ImageObject","inLanguage":"pt-BR","@id":"https:\/\/www.uai.com.br\/uainoticias\/#\/schema\/person\/image\/","url":"https:\/\/secure.gravatar.com\/avatar\/b43c203f79e2ee2d699e04567f61958ba1731d1c994abcd298aa4fee5f54cb3a?s=96&d=mm&r=g","contentUrl":"https:\/\/secure.gravatar.com\/avatar\/b43c203f79e2ee2d699e04567f61958ba1731d1c994abcd298aa4fee5f54cb3a?s=96&d=mm&r=g","caption":"Daniely Cardoso"},"sameAs":["https:\/\/www.uai.com.br\/uainoticias\/"],"url":"https:\/\/www.uai.com.br\/uainoticias\/author\/daniely-morais\/"}]}},"_links":{"self":[{"href":"https:\/\/www.uai.com.br\/uainoticias\/wp-json\/wp\/v2\/posts\/128122","targetHints":{"allow":["GET"]}}],"collection":[{"href":"https:\/\/www.uai.com.br\/uainoticias\/wp-json\/wp\/v2\/posts"}],"about":[{"href":"https:\/\/www.uai.com.br\/uainoticias\/wp-json\/wp\/v2\/types\/post"}],"author":[{"embeddable":true,"href":"https:\/\/www.uai.com.br\/uainoticias\/wp-json\/wp\/v2\/users\/24"}],"replies":[{"embeddable":true,"href":"https:\/\/www.uai.com.br\/uainoticias\/wp-json\/wp\/v2\/comments?post=128122"}],"version-history":[{"count":2,"href":"https:\/\/www.uai.com.br\/uainoticias\/wp-json\/wp\/v2\/posts\/128122\/revisions"}],"predecessor-version":[{"id":128157,"href":"https:\/\/www.uai.com.br\/uainoticias\/wp-json\/wp\/v2\/posts\/128122\/revisions\/128157"}],"wp:featuredmedia":[{"embeddable":true,"href":"https:\/\/www.uai.com.br\/uainoticias\/wp-json\/wp\/v2\/media\/128149"}],"wp:attachment":[{"href":"https:\/\/www.uai.com.br\/uainoticias\/wp-json\/wp\/v2\/media?parent=128122"}],"wp:term":[{"taxonomy":"category","embeddable":true,"href":"https:\/\/www.uai.com.br\/uainoticias\/wp-json\/wp\/v2\/categories?post=128122"},{"taxonomy":"post_tag","embeddable":true,"href":"https:\/\/www.uai.com.br\/uainoticias\/wp-json\/wp\/v2\/tags?post=128122"}],"curies":[{"name":"wp","href":"https:\/\/api.w.org\/{rel}","templated":true}]}}