{"id":128117,"date":"2026-04-29T03:00:00","date_gmt":"2026-04-29T06:00:00","guid":{"rendered":"https:\/\/www.uai.com.br\/uainoticias\/?p=128117"},"modified":"2026-04-28T12:51:47","modified_gmt":"2026-04-28T15:51:47","slug":"a-mae-de-76-anos-foi-morar-com-a-filha-mas-voltou-2-anos-depois-por-um-motivo-hilario","status":"publish","type":"post","link":"https:\/\/www.uai.com.br\/uainoticias\/2026\/04\/29\/a-mae-de-76-anos-foi-morar-com-a-filha-mas-voltou-2-anos-depois-por-um-motivo-hilario\/","title":{"rendered":"A m\u00e3e de 76 anos foi morar com a filha mas voltou 2 anos depois por um motivo hil\u00e1rio"},"content":{"rendered":"\n<link href=\"https:\/\/fonts.googleapis.com\/css2?family=Inter:wght@400;600;700;800&#038;display=swap\" rel=\"stylesheet\">\r\n<style>\r\n\/* Prote\u00e7\u00e3o contra inje\u00e7\u00e3o do \"Veja Tamb\u00e9m\" (JNews inline related posts) *\/\r\n.rdp-curiosidades-wrapper .jnews_inline_related_post_wrapper,\r\n.rdp-curiosidades-wrapper .jnews_inline_related_post,\r\n.rdp-curiosidades-wrapper .jeg_postblock,\r\n.rdp-curiosidades-wrapper [class*=\"jnews_inline\"],\r\n.rdp-curiosidades-wrapper [class*=\"jeg_postblock\"],\r\n.rdp-curiosidades-wrapper [class*=\"jeg_block\"] {\r\n  display: none !important;\r\n  height: 0 !important;\r\n  max-height: 0 !important;\r\n  overflow: hidden !important;\r\n  visibility: hidden !important;\r\n  margin: 0 !important;\r\n  padding: 0 !important;\r\n  border: none !important;\r\n  font-size: 0 !important;\r\n  line-height: 0 !important;\r\n}\r\n.rdp-curiosidades-wrapper {\r\n  max-width: 620px;\r\n  margin: 28px auto;\r\n  background: #FFFFFF;\r\n  border: 1px solid #E0E0E0;\r\n  border-top: 3px solid #2FC3EE;\r\n  border-radius: 12px;\r\n  padding: 28px 32px;\r\n  font-family: 'Inter', sans-serif;\r\n  box-shadow: 0 4px 20px rgba(47,195,238,0.18);\r\n  overflow: hidden;\r\n  contain: layout style;\r\n  isolation: isolate;\r\n  position: relative;\r\n  z-index: 1;\r\n}\r\n.rdp-curiosidades-wrapper > *:not(.rdp-curiosidades-header):not(.rdp-curiosidades-list) {\r\n  display: none !important;\r\n  height: 0 !important;\r\n  overflow: hidden !important;\r\n  margin: 0 !important;\r\n  padding: 0 !important;\r\n  border: none !important;\r\n}\r\n.rdp-curiosidades-header {\r\n  display: flex;\r\n  align-items: center;\r\n  justify-content: center;\r\n  gap: 16px;\r\n  margin-bottom: 24px;\r\n}\r\n.rdp-curiosidades-line {\r\n  flex: 1;\r\n  height: 1px;\r\n  background: #E0E0E0;\r\n}\r\n.rdp-curiosidades-title {\r\n  font-size: 12px;\r\n  font-weight: 800;\r\n  text-transform: uppercase;\r\n  letter-spacing: 4px;\r\n  color: #1A1A1A;\r\n}\r\n.rdp-curiosidades-list {\r\n  list-style: none;\r\n  padding: 0;\r\n  margin: 0;\r\n  text-align: center;\r\n}\r\n.rdp-curiosidades-item {\r\n  padding-bottom: 18px;\r\n  line-height: 1.7;\r\n}\r\n.rdp-curiosidades-item:last-child {\r\n  padding-bottom: 0;\r\n}\r\n.rdp-curiosidades-item-bullet {\r\n  display: inline-block;\r\n  width: 8px;\r\n  height: 8px;\r\n  background: #2FC3EE;\r\n  border-radius: 50%;\r\n  margin-right: 10px;\r\n}\r\n.rdp-curiosidades-item-title {\r\n  font-weight: 700;\r\n  color: #1A1A1A;\r\n}\r\n.rdp-curiosidades-item-desc {\r\n  color: #333333;\r\n}\r\n<\/style>\r\n<div class=\"rdp-curiosidades-wrapper\">\r\n  <div class=\"rdp-curiosidades-header\">\r\n    <span class=\"rdp-curiosidades-line\"><\/span>\r\n    <span class=\"rdp-curiosidades-title\">Curiosidades da hist\u00f3ria<\/span>\r\n    <span class=\"rdp-curiosidades-line\"><\/span>\r\n  <\/div>\r\n  <ul class=\"rdp-curiosidades-list\">\r\n    <li class=\"rdp-curiosidades-item\">\r\n      <span class=\"rdp-curiosidades-item-bullet\"><\/span><span class=\"rdp-curiosidades-item-title\">Mudan\u00e7a inesperada:<\/span> <span class=\"rdp-curiosidades-item-desc\">A m\u00e3e deixou tudo na Fl\u00f3rida para viver com a filha, achando que seria a melhor fase da vida.<\/span>\r\n    <\/li>\r\n    <li class=\"rdp-curiosidades-item\">\r\n      <span class=\"rdp-curiosidades-item-bullet\"><\/span><span class=\"rdp-curiosidades-item-title\">Diferen\u00e7as reveladas:<\/span> <span class=\"rdp-curiosidades-item-desc\">Convivendo juntas, perceberam o quanto tinham estilos de vida completamente opostos.<\/span>\r\n    <\/li>\r\n    <li class=\"rdp-curiosidades-item\">\r\n      <span class=\"rdp-curiosidades-item-bullet\"><\/span><span class=\"rdp-curiosidades-item-title\">Decis\u00e3o marcante:<\/span> <span class=\"rdp-curiosidades-item-desc\">Depois de dois anos, ela decidiu voltar para a Fl\u00f3rida para recuperar sua liberdade e alegria.<\/span>\r\n    <\/li>\r\n  <\/ul>\r\n<\/div>\r\n<div style=\"clear:both;height:0;overflow:hidden;\"><\/div>\n\n\n\n<p>Essa \u00e9 uma daquelas hist\u00f3rias reais que fazem a gente refletir sobre fam\u00edlia, escolhas e o que realmente traz felicidade. Uma m\u00e3e cheia de vida decidiu recome\u00e7ar ao lado da filha, mas o que parecia um final perfeito acabou revelando algo surpreendente. Um relato sincero, cheio de emo\u00e7\u00e3o, que mostra como cada pessoa tem seu pr\u00f3prio jeito de viver.<\/p>\n\n\n\n<h2 class=\"wp-block-heading\">Como tudo come\u00e7ou<\/h2>\n\n\n\n<p>Essa hist\u00f3ria come\u00e7a quando uma m\u00e3e, j\u00e1 na casa dos 70 anos, percebeu que manter sua casa na Fl\u00f3rida estava ficando dif\u00edcil. Entre despesas e responsabilidades, a rotina come\u00e7ou a pesar mais do que antes.<\/p>\n\n\n\n<p>Foi ent\u00e3o que a filha fez um convite cheio de carinho. Ela sugeriu que a m\u00e3e se mudasse para Nova York, onde poderiam viver juntas, com mais tranquilidade e apoio no dia a dia. A ideia parecia perfeita para as duas.A m\u00e3e de 76 anos foi morar com a filha mas voltou 2 anos depois por um motivo hil\u00e1rio<\/p>\n\n\n\n<figure class=\"wp-block-image aligncenter size-large\"><img decoding=\"async\" width=\"1024\" height=\"576\" src=\"https:\/\/www.uai.com.br\/uainoticias\/wp-content\/uploads\/2026\/04\/Design_sem_nome-2026-04-28T124920.501-1024x576.jpg\" alt=\"A m\u00e3e de 76 anos foi morar com a filha mas voltou 2 anos depois por um motivo hil\u00e1rio\" class=\"wp-image-128133\" srcset=\"https:\/\/www.uai.com.br\/uainoticias\/wp-content\/uploads\/2026\/04\/Design_sem_nome-2026-04-28T124920.501-1024x576.jpg 1024w, https:\/\/www.uai.com.br\/uainoticias\/wp-content\/uploads\/2026\/04\/Design_sem_nome-2026-04-28T124920.501-300x169.jpg 300w, https:\/\/www.uai.com.br\/uainoticias\/wp-content\/uploads\/2026\/04\/Design_sem_nome-2026-04-28T124920.501-768x432.jpg 768w, https:\/\/www.uai.com.br\/uainoticias\/wp-content\/uploads\/2026\/04\/Design_sem_nome-2026-04-28T124920.501-750x422.jpg 750w, https:\/\/www.uai.com.br\/uainoticias\/wp-content\/uploads\/2026\/04\/Design_sem_nome-2026-04-28T124920.501-1140x641.jpg 1140w, https:\/\/www.uai.com.br\/uainoticias\/wp-content\/uploads\/2026\/04\/Design_sem_nome-2026-04-28T124920.501.jpg 1280w\" sizes=\"(max-width: 1024px) 100vw, 1024px\" \/><figcaption class=\"wp-element-caption\">A autora diz que sua m\u00e3e sempre foi ousada e de esp\u00edrito livre.  Cortesia de Jennifer Jane\n<\/figcaption><\/figure>\n\n\n\n<h2 class=\"wp-block-heading\">O momento que mudou tudo<\/h2>\n\n\n\n<p>No come\u00e7o, tudo foi maravilhoso. A conviv\u00eancia trouxe momentos de alegria, risadas e aquele aconchego de fam\u00edlia reunida depois de tantos anos separadas.<\/p>\n\n\n\n<p>Mas, com o tempo, a realidade apareceu. A m\u00e3e era <strong>extrovertida, cheia de amigos e sempre em movimento<\/strong>, enquanto a filha levava uma vida mais tranquila, reservada e focada no trabalho e nos filhos.<\/p>\n\n\n\n<figure class=\"wp-block-image aligncenter size-large\"><img decoding=\"async\" width=\"1024\" height=\"576\" src=\"https:\/\/www.uai.com.br\/uainoticias\/wp-content\/uploads\/2026\/04\/Design_sem_nome-2026-04-28T124930.242-1024x576.jpg\" alt=\"A m\u00e3e de 76 anos foi morar com a filha mas voltou 2 anos depois por um motivo hil\u00e1rio\" class=\"wp-image-128134\" srcset=\"https:\/\/www.uai.com.br\/uainoticias\/wp-content\/uploads\/2026\/04\/Design_sem_nome-2026-04-28T124930.242-1024x576.jpg 1024w, https:\/\/www.uai.com.br\/uainoticias\/wp-content\/uploads\/2026\/04\/Design_sem_nome-2026-04-28T124930.242-300x169.jpg 300w, https:\/\/www.uai.com.br\/uainoticias\/wp-content\/uploads\/2026\/04\/Design_sem_nome-2026-04-28T124930.242-768x432.jpg 768w, https:\/\/www.uai.com.br\/uainoticias\/wp-content\/uploads\/2026\/04\/Design_sem_nome-2026-04-28T124930.242-750x422.jpg 750w, https:\/\/www.uai.com.br\/uainoticias\/wp-content\/uploads\/2026\/04\/Design_sem_nome-2026-04-28T124930.242-1140x641.jpg 1140w, https:\/\/www.uai.com.br\/uainoticias\/wp-content\/uploads\/2026\/04\/Design_sem_nome-2026-04-28T124930.242.jpg 1280w\" sizes=\"(max-width: 1024px) 100vw, 1024px\" \/><figcaption class=\"wp-element-caption\">A autora e sua m\u00e3e arrecadaram dinheiro no mercado agr\u00edcola para gatos locais.  Cortesia de Jennifer Jane\n<\/figcaption><\/figure>\n\n\n\n<h2 class=\"wp-block-heading\">A solid\u00e3o silenciosa: o que mais chamou aten\u00e7\u00e3o no relato<\/h2>\n\n\n\n<p>O que mais marcou essa hist\u00f3ria foi perceber como a rotina pode impactar o cora\u00e7\u00e3o. Aos poucos, a m\u00e3e come\u00e7ou a sentir que sua vida tinha ficado pequena demais, silenciosa demais.<\/p>\n\n\n\n<p>Mesmo com momentos bonitos, como ouvir as netas cantando ou observar os p\u00e1ssaros, ela sentia falta da vida social ativa que tinha antes. Aquela mulher independente come\u00e7ou a se sentir presa em uma rotina que n\u00e3o combinava com ela.<\/p>\n\n\n\n<link href=\"https:\/\/fonts.googleapis.com\/css2?family=Inter:wght@400;600;700;800&#038;display=swap\" rel=\"stylesheet\">\r\n<style>\r\n.rdp-pontos-wrapper .jnews_inline_related_post_wrapper,\r\n.rdp-pontos-wrapper .jnews_inline_related_post,\r\n.rdp-pontos-wrapper .jeg_postblock,\r\n.rdp-pontos-wrapper [class*=\"jnews_inline\"],\r\n.rdp-pontos-wrapper [class*=\"jeg_postblock\"],\r\n.rdp-pontos-wrapper [class*=\"jeg_block\"] {\r\n  display: none !important;\r\n}\r\n.rdp-pontos-wrapper {\r\n  background: #F8F9FA;\r\n  border: 1px solid #E0E0E0;\r\n  border-radius: 12px;\r\n  padding: 28px;\r\n  font-family: 'Inter', sans-serif;\r\n  box-shadow: 0 4px 20px rgba(47,195,238,0.12);\r\n}\r\n.rdp-pontos-title {\r\n  text-align: center;\r\n  font-weight: 800;\r\n  margin-bottom: 20px;\r\n}\r\n.rdp-pontos-grid {\r\n  display: grid;\r\n  grid-template-columns: repeat(3, 1fr);\r\n  gap: 18px;\r\n}\r\n.rdp-pontos-item {\r\n  background: #FFFFFF;\r\n  border: 1px solid #E0E0E0;\r\n  border-top: 3px solid #2FC3EE;\r\n  border-radius: 10px;\r\n  padding: 20px;\r\n  text-align: center;\r\n}\r\n.rdp-pontos-emoji {\r\n  font-size: 32px;\r\n  margin-bottom: 10px;\r\n}\r\n.rdp-pontos-item-title {\r\n  font-weight: 700;\r\n}\r\n.rdp-pontos-item-desc {\r\n  color: #333333;\r\n}\r\n<\/style>\r\n<div class=\"rdp-pontos-wrapper\">\r\n  <div class=\"rdp-pontos-title\">Pontos marcantes do relato<\/div>\r\n  <div class=\"rdp-pontos-grid\">\r\n    <div class=\"rdp-pontos-item\">\r\n      <span class=\"rdp-pontos-emoji\">\ud83d\udcac<\/span>\r\n      <div class=\"rdp-pontos-item-title\">Mudan\u00e7a de vida<\/div>\r\n      <p class=\"rdp-pontos-item-desc\">A m\u00e3e decidiu deixar sua casa na Fl\u00f3rida para viver com a filha em busca de mais tranquilidade.<\/p>\r\n    <\/div>\r\n    <div class=\"rdp-pontos-item\">\r\n      <span class=\"rdp-pontos-emoji\">\u2764\ufe0f<\/span>\r\n      <div class=\"rdp-pontos-item-title\">Diferen\u00e7as claras<\/div>\r\n      <p class=\"rdp-pontos-item-desc\">A conviv\u00eancia revelou estilos de vida muito diferentes entre m\u00e3e e filha.<\/p>\r\n    <\/div>\r\n    <div class=\"rdp-pontos-item\">\r\n      <span class=\"rdp-pontos-emoji\">\u2728<\/span>\r\n      <div class=\"rdp-pontos-item-title\">Sentimento de vazio<\/div>\r\n      <p class=\"rdp-pontos-item-desc\">A rotina tranquila acabou gerando solid\u00e3o para uma mulher acostumada \u00e0 vida ativa.<\/p>\r\n    <\/div>\r\n  <\/div>\r\n<\/div>\r\n<div style=\"clear:both;height:0;overflow:hidden;\"><\/div>\n\n\n\n<h2 class=\"wp-block-heading\">Por que essa hist\u00f3ria tocou tanta gente<\/h2>\n\n\n\n<p>Esse relato emociona porque mostra algo muito comum, mas pouco falado. Nem sempre o que parece ideal para uma fam\u00edlia funciona na pr\u00e1tica. Cada pessoa carrega sua hist\u00f3ria, seu ritmo e suas necessidades.<\/p>\n\n\n\n<p>Muita gente se reconhece nessa situa\u00e7\u00e3o. Pais e filhos com estilos diferentes, tentando encontrar equil\u00edbrio. \u00c9 uma lembran\u00e7a de que <strong>amor tamb\u00e9m \u00e9 respeitar a individualidade<\/strong>.<\/p>\n\n\n\n<h2 class=\"wp-block-heading\">O que aconteceu depois<\/h2>\n\n\n\n<p>Depois de dois anos, a m\u00e3e tomou uma decis\u00e3o corajosa. Voltou para a Fl\u00f3rida, onde passou a viver sozinha, mas com apoio da fam\u00edlia por perto. Hoje, leva uma vida ativa, cercada de amigos, hobbies e tudo aquilo que a faz feliz.<\/p>\n\n\n\n<p>No fim das contas, essa hist\u00f3ria real mostra que felicidade n\u00e3o tem receita pronta. \u00c0s vezes, o melhor caminho \u00e9 aquele que respeita quem a gente realmente \u00e9. E isso, no fundo, \u00e9 o que faz qualquer hist\u00f3ria de vida valer a pena.<\/p>\n\n\n\n<p><\/p>\n","protected":false},"excerpt":{"rendered":"<p>Curiosidades da hist\u00f3ria Mudan\u00e7a inesperada: A m\u00e3e deixou tudo na Fl\u00f3rida para viver com a filha, achando que seria a melhor fase da vida. Diferen\u00e7as reveladas: Convivendo juntas, perceberam o quanto tinham estilos de vida completamente opostos. Decis\u00e3o marcante: Depois de dois anos, ela decidiu voltar para a Fl\u00f3rida para recuperar sua liberdade e alegria. [&hellip;]<\/p>\n","protected":false},"author":23,"featured_media":128132,"comment_status":"open","ping_status":"open","sticky":false,"template":"","format":"standard","meta":{"jnews-multi-image_gallery":[],"jnews_single_post":{"format":"standard"},"jnews_primary_category":[],"jnews_social_meta":[],"jnews_override_counter":[],"footnotes":""},"categories":[11601],"tags":[1051,22386,21587,23557],"class_list":["post-128117","post","type-post","status-publish","format-standard","has-post-thumbnail","hentry","category-noticia","tag-amor","tag-idosa","tag-mae","tag-morar-com-a-filha"],"yoast_head":"<!-- This site is optimized with the Yoast SEO plugin v26.5 - https:\/\/yoast.com\/wordpress\/plugins\/seo\/ -->\n<title>A m\u00e3e de 76 anos foi morar com a filha mas voltou 2 anos depois por um motivo hil\u00e1rio - UAI Not\u00edcias<\/title>\n<meta name=\"description\" content=\"A mudan\u00e7a parecia ideal, mas a rotina trouxe sentimentos que ningu\u00e9m imaginava e a decis\u00e3o final surpreende\" \/>\n<meta name=\"robots\" content=\"index, follow, max-snippet:-1, max-image-preview:large, max-video-preview:-1\" \/>\n<link rel=\"canonical\" href=\"https:\/\/www.uai.com.br\/uainoticias\/2026\/04\/29\/a-mae-de-76-anos-foi-morar-com-a-filha-mas-voltou-2-anos-depois-por-um-motivo-hilario\/\" \/>\n<meta property=\"og:locale\" content=\"pt_BR\" \/>\n<meta property=\"og:type\" content=\"article\" \/>\n<meta property=\"og:title\" content=\"A m\u00e3e de 76 anos foi morar com a filha mas voltou 2 anos depois por um motivo hil\u00e1rio - UAI Not\u00edcias\" \/>\n<meta property=\"og:description\" content=\"A mudan\u00e7a parecia ideal, mas a rotina trouxe sentimentos que ningu\u00e9m imaginava e a decis\u00e3o final surpreende\" \/>\n<meta property=\"og:url\" content=\"https:\/\/www.uai.com.br\/uainoticias\/2026\/04\/29\/a-mae-de-76-anos-foi-morar-com-a-filha-mas-voltou-2-anos-depois-por-um-motivo-hilario\/\" \/>\n<meta property=\"og:site_name\" content=\"UAI Not\u00edcias\" \/>\n<meta property=\"article:published_time\" content=\"2026-04-29T06:00:00+00:00\" \/>\n<meta property=\"og:image\" content=\"https:\/\/www.uai.com.br\/uainoticias\/wp-content\/uploads\/2026\/04\/Design_sem_nome-2026-04-28T124907.751.jpg\" \/>\n\t<meta property=\"og:image:width\" content=\"1280\" \/>\n\t<meta property=\"og:image:height\" content=\"720\" \/>\n\t<meta property=\"og:image:type\" content=\"image\/jpeg\" \/>\n<meta name=\"author\" content=\"Gustavo Trindade\" \/>\n<meta name=\"twitter:card\" content=\"summary_large_image\" \/>\n<meta name=\"twitter:label1\" content=\"Escrito por\" \/>\n\t<meta name=\"twitter:data1\" content=\"Gustavo Trindade\" \/>\n\t<meta name=\"twitter:label2\" content=\"Est. tempo de leitura\" \/>\n\t<meta name=\"twitter:data2\" content=\"4 minutos\" \/>\n<!-- \/ Yoast SEO plugin. -->","yoast_head_json":{"title":"A m\u00e3e de 76 anos foi morar com a filha mas voltou 2 anos depois por um motivo hil\u00e1rio - UAI Not\u00edcias","description":"A mudan\u00e7a parecia ideal, mas a rotina trouxe sentimentos que ningu\u00e9m imaginava e a decis\u00e3o final surpreende","robots":{"index":"index","follow":"follow","max-snippet":"max-snippet:-1","max-image-preview":"max-image-preview:large","max-video-preview":"max-video-preview:-1"},"canonical":"https:\/\/www.uai.com.br\/uainoticias\/2026\/04\/29\/a-mae-de-76-anos-foi-morar-com-a-filha-mas-voltou-2-anos-depois-por-um-motivo-hilario\/","og_locale":"pt_BR","og_type":"article","og_title":"A m\u00e3e de 76 anos foi morar com a filha mas voltou 2 anos depois por um motivo hil\u00e1rio - UAI Not\u00edcias","og_description":"A mudan\u00e7a parecia ideal, mas a rotina trouxe sentimentos que ningu\u00e9m imaginava e a decis\u00e3o final surpreende","og_url":"https:\/\/www.uai.com.br\/uainoticias\/2026\/04\/29\/a-mae-de-76-anos-foi-morar-com-a-filha-mas-voltou-2-anos-depois-por-um-motivo-hilario\/","og_site_name":"UAI Not\u00edcias","article_published_time":"2026-04-29T06:00:00+00:00","og_image":[{"width":1280,"height":720,"url":"https:\/\/www.uai.com.br\/uainoticias\/wp-content\/uploads\/2026\/04\/Design_sem_nome-2026-04-28T124907.751.jpg","type":"image\/jpeg"}],"author":"Gustavo Trindade","twitter_card":"summary_large_image","twitter_misc":{"Escrito por":"Gustavo Trindade","Est. tempo de leitura":"4 minutos"},"schema":{"@context":"https:\/\/schema.org","@graph":[{"@type":"WebPage","@id":"https:\/\/www.uai.com.br\/uainoticias\/2026\/04\/29\/a-mae-de-76-anos-foi-morar-com-a-filha-mas-voltou-2-anos-depois-por-um-motivo-hilario\/","url":"https:\/\/www.uai.com.br\/uainoticias\/2026\/04\/29\/a-mae-de-76-anos-foi-morar-com-a-filha-mas-voltou-2-anos-depois-por-um-motivo-hilario\/","name":"A m\u00e3e de 76 anos foi morar com a filha mas voltou 2 anos depois por um motivo hil\u00e1rio - UAI Not\u00edcias","isPartOf":{"@id":"https:\/\/www.uai.com.br\/uainoticias\/#website"},"primaryImageOfPage":{"@id":"https:\/\/www.uai.com.br\/uainoticias\/2026\/04\/29\/a-mae-de-76-anos-foi-morar-com-a-filha-mas-voltou-2-anos-depois-por-um-motivo-hilario\/#primaryimage"},"image":{"@id":"https:\/\/www.uai.com.br\/uainoticias\/2026\/04\/29\/a-mae-de-76-anos-foi-morar-com-a-filha-mas-voltou-2-anos-depois-por-um-motivo-hilario\/#primaryimage"},"thumbnailUrl":"https:\/\/www.uai.com.br\/uainoticias\/wp-content\/uploads\/2026\/04\/Design_sem_nome-2026-04-28T124907.751.jpg","datePublished":"2026-04-29T06:00:00+00:00","author":{"@id":"https:\/\/www.uai.com.br\/uainoticias\/#\/schema\/person\/060f8bb02e250479c83590e2c4706fcc"},"description":"A mudan\u00e7a parecia ideal, mas a rotina trouxe sentimentos que ningu\u00e9m imaginava e a decis\u00e3o final surpreende","breadcrumb":{"@id":"https:\/\/www.uai.com.br\/uainoticias\/2026\/04\/29\/a-mae-de-76-anos-foi-morar-com-a-filha-mas-voltou-2-anos-depois-por-um-motivo-hilario\/#breadcrumb"},"inLanguage":"pt-BR","potentialAction":[{"@type":"ReadAction","target":["https:\/\/www.uai.com.br\/uainoticias\/2026\/04\/29\/a-mae-de-76-anos-foi-morar-com-a-filha-mas-voltou-2-anos-depois-por-um-motivo-hilario\/"]}]},{"@type":"ImageObject","inLanguage":"pt-BR","@id":"https:\/\/www.uai.com.br\/uainoticias\/2026\/04\/29\/a-mae-de-76-anos-foi-morar-com-a-filha-mas-voltou-2-anos-depois-por-um-motivo-hilario\/#primaryimage","url":"https:\/\/www.uai.com.br\/uainoticias\/wp-content\/uploads\/2026\/04\/Design_sem_nome-2026-04-28T124907.751.jpg","contentUrl":"https:\/\/www.uai.com.br\/uainoticias\/wp-content\/uploads\/2026\/04\/Design_sem_nome-2026-04-28T124907.751.jpg","width":1280,"height":720,"caption":"A m\u00e3e do autor mudou-se da Fl\u00f3rida para Nova York para morar com ela aos 76 anos. Cortesia de Jennifer Jane"},{"@type":"BreadcrumbList","@id":"https:\/\/www.uai.com.br\/uainoticias\/2026\/04\/29\/a-mae-de-76-anos-foi-morar-com-a-filha-mas-voltou-2-anos-depois-por-um-motivo-hilario\/#breadcrumb","itemListElement":[{"@type":"ListItem","position":1,"name":"In\u00edcio","item":"https:\/\/www.uai.com.br\/uainoticias\/"},{"@type":"ListItem","position":2,"name":"A m\u00e3e de 76 anos foi morar com a filha mas voltou 2 anos depois por um motivo hil\u00e1rio"}]},{"@type":"WebSite","@id":"https:\/\/www.uai.com.br\/uainoticias\/#website","url":"https:\/\/www.uai.com.br\/uainoticias\/","name":"UAI Not\u00edcias","description":"Acompanhe as \u00faltimas not\u00edcias e fique bem informado sobre tudo o que acontece no Brasil e no mundo.","potentialAction":[{"@type":"SearchAction","target":{"@type":"EntryPoint","urlTemplate":"https:\/\/www.uai.com.br\/uainoticias\/?s={search_term_string}"},"query-input":{"@type":"PropertyValueSpecification","valueRequired":true,"valueName":"search_term_string"}}],"inLanguage":"pt-BR"},{"@type":"Person","@id":"https:\/\/www.uai.com.br\/uainoticias\/#\/schema\/person\/060f8bb02e250479c83590e2c4706fcc","name":"Gustavo Trindade","image":{"@type":"ImageObject","inLanguage":"pt-BR","@id":"https:\/\/www.uai.com.br\/uainoticias\/#\/schema\/person\/image\/","url":"https:\/\/secure.gravatar.com\/avatar\/05714a54ada0bd2b20e75b2c72a9e7802581213945810c2354d320b79f27b427?s=96&d=mm&r=g","contentUrl":"https:\/\/secure.gravatar.com\/avatar\/05714a54ada0bd2b20e75b2c72a9e7802581213945810c2354d320b79f27b427?s=96&d=mm&r=g","caption":"Gustavo Trindade"},"sameAs":["https:\/\/www.uai.com.br\/uainoticias\/"],"url":"https:\/\/www.uai.com.br\/uainoticias\/author\/gustavotrindade\/"}]}},"_links":{"self":[{"href":"https:\/\/www.uai.com.br\/uainoticias\/wp-json\/wp\/v2\/posts\/128117","targetHints":{"allow":["GET"]}}],"collection":[{"href":"https:\/\/www.uai.com.br\/uainoticias\/wp-json\/wp\/v2\/posts"}],"about":[{"href":"https:\/\/www.uai.com.br\/uainoticias\/wp-json\/wp\/v2\/types\/post"}],"author":[{"embeddable":true,"href":"https:\/\/www.uai.com.br\/uainoticias\/wp-json\/wp\/v2\/users\/23"}],"replies":[{"embeddable":true,"href":"https:\/\/www.uai.com.br\/uainoticias\/wp-json\/wp\/v2\/comments?post=128117"}],"version-history":[{"count":1,"href":"https:\/\/www.uai.com.br\/uainoticias\/wp-json\/wp\/v2\/posts\/128117\/revisions"}],"predecessor-version":[{"id":128135,"href":"https:\/\/www.uai.com.br\/uainoticias\/wp-json\/wp\/v2\/posts\/128117\/revisions\/128135"}],"wp:featuredmedia":[{"embeddable":true,"href":"https:\/\/www.uai.com.br\/uainoticias\/wp-json\/wp\/v2\/media\/128132"}],"wp:attachment":[{"href":"https:\/\/www.uai.com.br\/uainoticias\/wp-json\/wp\/v2\/media?parent=128117"}],"wp:term":[{"taxonomy":"category","embeddable":true,"href":"https:\/\/www.uai.com.br\/uainoticias\/wp-json\/wp\/v2\/categories?post=128117"},{"taxonomy":"post_tag","embeddable":true,"href":"https:\/\/www.uai.com.br\/uainoticias\/wp-json\/wp\/v2\/tags?post=128117"}],"curies":[{"name":"wp","href":"https:\/\/api.w.org\/{rel}","templated":true}]}}