{"id":128111,"date":"2026-04-29T03:15:00","date_gmt":"2026-04-29T06:15:00","guid":{"rendered":"https:\/\/www.uai.com.br\/uainoticias\/?p=128111"},"modified":"2026-04-28T11:52:49","modified_gmt":"2026-04-28T14:52:49","slug":"eu-achava-que-ter-poucos-amigos-era-um-problema-ate-perceber-que-sempre-fui-o-apoio-de-todos","status":"publish","type":"post","link":"https:\/\/www.uai.com.br\/uainoticias\/2026\/04\/29\/eu-achava-que-ter-poucos-amigos-era-um-problema-ate-perceber-que-sempre-fui-o-apoio-de-todos\/","title":{"rendered":"Eu achava que ter poucos amigos era um problema, at\u00e9 perceber que sempre fui o apoio de todos"},"content":{"rendered":"\n<p>Muitas pessoas chegam aos quarenta anos questionando a qualidade de suas conex\u00f5es sociais e o motivo de possu\u00edrem poucos amigos \u00edntimos. Essa reflex\u00e3o geralmente revela uma din\u00e2mica exaustiva onde um indiv\u00edduo assume o papel de pilar psicol\u00f3gico para os outros sem receber o mesmo amparo em troca.<\/p>\n\n\n\n<h2 class=\"wp-block-heading\">O impacto do esgotamento emocional em relacionamentos unilaterais<\/h2>\n\n\n\n<p>O ac\u00famulo de responsabilidades afetivas transforma a <strong>amizade na maturidade<\/strong> em um fardo silencioso que drena a energia vital. Quando voc\u00ea se torna o <strong>suporte emocional<\/strong> constante de um grupo, negligencia as pr\u00f3prias necessidades b\u00e1sicas em prol de problemas alheios que raramente s\u00e3o resolvidos.<\/p>\n\n\n\n<p>Essa entrega desproporcional gera um sentimento de isolamento profundo, mesmo quando se est\u00e1 cercado de conhecidos e contatos frequentes. Identificar esse padr\u00e3o \u00e9 o primeiro passo para reconstruir uma <strong>sa\u00fade mental<\/strong> equilibrada e estabelecer limites saud\u00e1veis em intera\u00e7\u00f5es cotidianas.<\/p>\n\n\n<div class=\"wp-block-image\">\n<figure class=\"aligncenter size-large\"><img decoding=\"async\" width=\"1024\" height=\"576\" src=\"https:\/\/www.uai.com.br\/uainoticias\/wp-content\/uploads\/2026\/04\/rir-de-tudo-2-1024x576.jpg\" alt=\"\" class=\"wp-image-126599\" srcset=\"https:\/\/www.uai.com.br\/uainoticias\/wp-content\/uploads\/2026\/04\/rir-de-tudo-2-1024x576.jpg 1024w, https:\/\/www.uai.com.br\/uainoticias\/wp-content\/uploads\/2026\/04\/rir-de-tudo-2-300x169.jpg 300w, https:\/\/www.uai.com.br\/uainoticias\/wp-content\/uploads\/2026\/04\/rir-de-tudo-2-768x432.jpg 768w, https:\/\/www.uai.com.br\/uainoticias\/wp-content\/uploads\/2026\/04\/rir-de-tudo-2-750x422.jpg 750w, https:\/\/www.uai.com.br\/uainoticias\/wp-content\/uploads\/2026\/04\/rir-de-tudo-2-1140x641.jpg 1140w, https:\/\/www.uai.com.br\/uainoticias\/wp-content\/uploads\/2026\/04\/rir-de-tudo-2.jpg 1280w\" sizes=\"(max-width: 1024px) 100vw, 1024px\" \/><figcaption class=\"wp-element-caption\">O uso excessivo de sarcasmo e ironia em momentos que exigem empatia pode afastar amigos e familiares<\/figcaption><\/figure><\/div>\n\n\n<h2 class=\"wp-block-heading\">Por que ter poucos amigos pode ser um sinal de evolu\u00e7\u00e3o pessoal<\/h2>\n\n\n\n<p><a href=\"https:\/\/pmc.ncbi.nlm.nih.gov\/articles\/PMC11896044\/\" target=\"_blank\" rel=\"noreferrer noopener\">A percep\u00e7\u00e3o de que algo est\u00e1 errado <\/a>por possuir um c\u00edrculo social reduzido \u00e9 um mito que pressiona a <strong>gera\u00e7\u00e3o X<\/strong> e os <strong>millennials<\/strong>. Na verdade, a redu\u00e7\u00e3o dr\u00e1stica de contatos superficiais indica um processo de filtragem natural onde a <strong>qualidade das conex\u00f5es<\/strong> prevalece sobre a quantidade de intera\u00e7\u00f5es sociais.<\/p>\n\n\n\n<p>Ao atingir os <strong>44 anos<\/strong>, a clareza sobre quem realmente soma na caminhada torna-se uma ferramenta de prote\u00e7\u00e3o contra relacionamentos parasit\u00e1rios. Valorizar a pr\u00f3pria companhia e selecionar quem merece acesso \u00e0 sua intimidade \u00e9 uma demonstra\u00e7\u00e3o de <strong>autoconhecimento<\/strong> e maturidade emocional necess\u00e1ria.<\/p>\n\n\n\n<h2 class=\"wp-block-heading\">Como identificar se voc\u00ea \u00e9 o terapeuta gratuito do seu c\u00edrculo social<\/h2>\n\n\n\n<p>Existem sinais claros de que a din\u00e2mica de uma amizade cruzou a fronteira do suporte m\u00fatuo para se tornar uma presta\u00e7\u00e3o de servi\u00e7o n\u00e3o remunerada. Se as conversas sempre orbitam os problemas do outro e n\u00e3o h\u00e1 espa\u00e7o para suas vulnerabilidades, voc\u00ea est\u00e1 ocupando o cargo de <strong>esponja emocional<\/strong>.<\/p>\n\n\n<div class=\"wp-block-image\">\n<figure class=\"aligncenter size-large\"><img decoding=\"async\" width=\"1024\" height=\"576\" src=\"https:\/\/www.uai.com.br\/uainoticias\/wp-content\/uploads\/2026\/04\/amigo_1777387605383-1024x576.jpg\" alt=\"\" class=\"wp-image-128113\" srcset=\"https:\/\/www.uai.com.br\/uainoticias\/wp-content\/uploads\/2026\/04\/amigo_1777387605383-1024x576.jpg 1024w, https:\/\/www.uai.com.br\/uainoticias\/wp-content\/uploads\/2026\/04\/amigo_1777387605383-300x169.jpg 300w, https:\/\/www.uai.com.br\/uainoticias\/wp-content\/uploads\/2026\/04\/amigo_1777387605383-768x432.jpg 768w, https:\/\/www.uai.com.br\/uainoticias\/wp-content\/uploads\/2026\/04\/amigo_1777387605383-750x422.jpg 750w, https:\/\/www.uai.com.br\/uainoticias\/wp-content\/uploads\/2026\/04\/amigo_1777387605383-1140x641.jpg 1140w, https:\/\/www.uai.com.br\/uainoticias\/wp-content\/uploads\/2026\/04\/amigo_1777387605383.jpg 1280w\" sizes=\"(max-width: 1024px) 100vw, 1024px\" \/><figcaption class=\"wp-element-caption\">Existem sinais claros de que a din\u00e2mica de uma amizade cruzou a fronteira do suporte m\u00fatuo &#8211; Cr\u00e9ditos: depositphotos.com \/ luckybusiness<\/figcaption><\/figure><\/div>\n\n\n<p>Mudar essa postura exige coragem para dizer n\u00e3o e observar quem permanece ao seu lado quando voc\u00ea para de resolver todas as crises. Avalie se o investimento de tempo em certas pessoas traz algum retorno afetivo real ou apenas gera um vazio ap\u00f3s cada encontro ou mensagem visualizada.<\/p>\n\n\n\n<h2 class=\"wp-block-heading\">Estrat\u00e9gias pr\u00e1ticas para estabelecer limites e proteger sua energia<\/h2>\n\n\n\n<p>Definir fronteiras n\u00e3o significa abandonar as pessoas, mas sim preservar a sua integridade para que a ajuda seja sustent\u00e1vel e verdadeira. Aprender a comunicar que voc\u00ea n\u00e3o tem <strong>disponibilidade emocional<\/strong> no momento \u00e9 uma habilidade essencial para sobreviver ao caos das redes sociais e das demandas externas.<\/p>\n\n\n\n<link href=\"https:\/\/fonts.googleapis.com\/css2?family=Inter:wght@400;600;700;800&#038;display=swap\" rel=\"stylesheet\">\n<style>\n\/* Prote\u00e7\u00e3o contra inje\u00e7\u00e3o do \"Veja Tamb\u00e9m\" (JNews inline related posts) *\/\n.rdp-pontos-wrapper .jnews_inline_related_post_wrapper,\n.rdp-pontos-wrapper .jnews_inline_related_post,\n.rdp-pontos-wrapper .jeg_postblock,\n.rdp-pontos-wrapper [class*=\"jnews_inline\"],\n.rdp-pontos-wrapper [class*=\"jeg_postblock\"],\n.rdp-pontos-wrapper [class*=\"jeg_block\"] {\n  display: none !important;\n  height: 0 !important;\n  max-height: 0 !important;\n  overflow: hidden !important;\n  visibility: hidden !important;\n  margin: 0 !important;\n  padding: 0 !important;\n  border: none !important;\n  font-size: 0 !important;\n  line-height: 0 !important;\n}\n.rdp-pontos-wrapper {\n  max-width: 100%;\n  margin: 32px 0;\n  background: #F8F9FA;\n  border: 1px solid #E0E0E0;\n  border-radius: 12px;\n  padding: 28px 28px 20px;\n  font-family: 'Inter', sans-serif;\n  box-shadow: 0 4px 20px rgba(47,195,238,0.12);\n  overflow: hidden;\n  contain: layout style;\n  isolation: isolate;\n  position: relative;\n  z-index: 1;\n}\n.rdp-pontos-wrapper > *:not(.rdp-pontos-title):not(.rdp-pontos-grid) {\n  display: none !important;\n  height: 0 !important;\n  overflow: hidden !important;\n  margin: 0 !important;\n  padding: 0 !important;\n  border: none !important;\n}\n.rdp-pontos-title {\n  font-family: 'Inter', sans-serif;\n  font-size: 20px;\n  font-weight: 800;\n  color: #1A1A1A;\n  margin: 0 0 20px 0;\n  line-height: 1.3;\n  text-align: center;\n}\n.rdp-pontos-grid {\n  display: grid;\n  grid-template-columns: repeat(3, 1fr);\n  gap: 18px;\n}\n.rdp-pontos-item {\n  background: #FFFFFF;\n  border: 1px solid #E0E0E0;\n  border-top: 3px solid #2FC3EE;\n  border-radius: 10px;\n  padding: 22px 20px;\n  box-shadow: 0 2px 10px rgba(47,195,238,0.10);\n  transition: box-shadow 0.3s ease, border-color 0.3s ease;\n  text-align: center;\n}\n.rdp-pontos-item:hover {\n  box-shadow: 0 4px 20px rgba(47,195,238,0.22);\n  border-color: #2FC3EE;\n}\n.rdp-pontos-emoji {\n  font-size: 32px;\n  line-height: 1;\n  margin-bottom: 12px;\n  display: block;\n  text-align: center;\n}\n.rdp-pontos-item-title {\n  font-size: 15px;\n  font-weight: 700;\n  color: #1A1A1A;\n  margin-bottom: 8px;\n  line-height: 1.3;\n}\n.rdp-pontos-item-desc {\n  font-size: 14px;\n  color: #333333;\n  line-height: 1.6;\n  margin: 0;\n}\n@media (max-width: 768px) {\n  .rdp-pontos-wrapper {\n    padding: 20px 16px 14px;\n  }\n  .rdp-pontos-grid {\n    grid-template-columns: 1fr;\n    gap: 14px;\n  }\n  .rdp-pontos-title {\n    font-size: 18px;\n  }\n}\n<\/style>\n\n<div class=\"rdp-pontos-wrapper\">\n  <div class=\"rdp-pontos-title\">Pr\u00e1ticas de Autocuidado e Preserva\u00e7\u00e3o<\/div>\n  <div class=\"rdp-pontos-grid\">\n    <div class=\"rdp-pontos-item\">\n      <span class=\"rdp-pontos-emoji\">\ud83d\udc42<\/span>\n      <div class=\"rdp-pontos-item-title\">Escuta Ativa<\/div>\n      <p class=\"rdp-pontos-item-desc\">Pratique a escuta sem tentar oferecer solu\u00e7\u00f5es imediatas para problemas que n\u00e3o s\u00e3o seus.<\/p>\n    <\/div>\n    <div class=\"rdp-pontos-item\">\n      <span class=\"rdp-pontos-emoji\">\ud83d\udcf4<\/span>\n      <div class=\"rdp-pontos-item-title\">Desconex\u00e3o Digital<\/div>\n      <p class=\"rdp-pontos-item-desc\">Reserve momentos de sil\u00eancio absoluto para processar suas pr\u00f3prias emo\u00e7\u00f5es sem interfer\u00eancias.<\/p>\n    <\/div>\n    <div class=\"rdp-pontos-item\">\n      <span class=\"rdp-pontos-emoji\">\ud83e\udec2<\/span>\n      <div class=\"rdp-pontos-item-title\">Amizades Genu\u00ednas<\/div>\n      <p class=\"rdp-pontos-item-desc\">Priorize encontros com amigos que demonstrem interesse real pela sua rotina e bem-estar.<\/p>\n    <\/div>\n    <div class=\"rdp-pontos-item\">\n      <span class=\"rdp-pontos-emoji\">\ud83d\udee1\ufe0f<\/span>\n      <div class=\"rdp-pontos-item-title\">Filtro de Urg\u00eancia<\/div>\n      <p class=\"rdp-pontos-item-desc\">Questione a pressa alheia antes de permitir que ela interrompa suas prioridades pessoais.<\/p>\n    <\/div>\n    <div class=\"rdp-pontos-item\">\n      <span class=\"rdp-pontos-emoji\">\ud83c\udfa8<\/span>\n      <div class=\"rdp-pontos-item-title\">Independ\u00eancia Criativa<\/div>\n      <p class=\"rdp-pontos-item-desc\">Invista tempo em hobbies que n\u00e3o dependam da valida\u00e7\u00e3o ou da presen\u00e7a de outras pessoas.<\/p>\n    <\/div>\n  <\/div>\n<\/div>\n<div style=\"clear:both;height:0;overflow:hidden;\"><\/div>\n\n\n\n<p><em>Ponto de aten\u00e7\u00e3o<\/em>: No in\u00edcio, as pessoas acostumadas com sua entrega total podem reagir negativamente aos novos limites estabelecidos. Persista nesse caminho, pois quem realmente valoriza sua presen\u00e7a entender\u00e1 a necessidade de um relacionamento baseado na <strong>reciprocidade<\/strong> e no respeito m\u00fatuo.<\/p>\n\n\n\n<h2 class=\"wp-block-heading\">A liberdade de escolher conex\u00f5es baseadas na reciprocidade real<\/h2>\n\n\n\n<p>Libertar-se do papel de salvador permite que novos espa\u00e7os sejam ocupados por experi\u00eancias que tragam leveza e alegria genu\u00edna. A jornada de <strong>autodescoberta<\/strong> aos quarenta anos revela que a solid\u00e3o produtiva \u00e9 muito superior a uma agenda cheia de compromissos vazios e desgastantes.<\/p>\n\n\n\n<p>Ao priorizar o pr\u00f3prio equil\u00edbrio, voc\u00ea atrai indiv\u00edduos que operam na mesma frequ\u00eancia de respeito e troca equilibrada. O resultado \u00e9 uma vida com menos ru\u00eddo externo e uma paz interior que s\u00f3 surge quando paramos de carregar o mundo dos outros nas costas.<\/p>\n","protected":false},"excerpt":{"rendered":"<p>Muitas pessoas chegam aos quarenta anos questionando a qualidade de suas conex\u00f5es sociais e o motivo de possu\u00edrem poucos amigos \u00edntimos. Essa reflex\u00e3o geralmente revela uma din\u00e2mica exaustiva onde um indiv\u00edduo assume o papel de pilar psicol\u00f3gico para os outros sem receber o mesmo amparo em troca. O impacto do esgotamento emocional em relacionamentos unilaterais [&hellip;]<\/p>\n","protected":false},"author":24,"featured_media":128112,"comment_status":"open","ping_status":"open","sticky":false,"template":"","format":"standard","meta":{"jnews-multi-image_gallery":[],"jnews_single_post":{"format":"standard"},"jnews_primary_category":[],"jnews_social_meta":[],"jnews_override_counter":[],"footnotes":""},"categories":[3046,475],"tags":[22699,23551],"class_list":["post-128111","post","type-post","status-publish","format-standard","has-post-thumbnail","hentry","category-curiosidades","category-entretenimento","tag-circulo-social","tag-poucos-amigos"],"yoast_head":"<!-- This site is optimized with the Yoast SEO plugin v26.5 - https:\/\/yoast.com\/wordpress\/plugins\/seo\/ -->\n<title>Eu achava que ter poucos amigos era um problema, at\u00e9 perceber que sempre fui o apoio de todos - UAI Not\u00edcias<\/title>\n<meta name=\"description\" content=\"Ter poucos amigos pode indicar maturidade emocional e prote\u00e7\u00e3o contra rela\u00e7\u00f5es desgastantes, segundo a psicologia.\" \/>\n<meta name=\"robots\" content=\"index, follow, max-snippet:-1, max-image-preview:large, max-video-preview:-1\" \/>\n<link rel=\"canonical\" href=\"https:\/\/www.uai.com.br\/uainoticias\/2026\/04\/29\/eu-achava-que-ter-poucos-amigos-era-um-problema-ate-perceber-que-sempre-fui-o-apoio-de-todos\/\" \/>\n<meta property=\"og:locale\" content=\"pt_BR\" \/>\n<meta property=\"og:type\" content=\"article\" \/>\n<meta property=\"og:title\" content=\"Eu achava que ter poucos amigos era um problema, at\u00e9 perceber que sempre fui o apoio de todos - UAI Not\u00edcias\" \/>\n<meta property=\"og:description\" content=\"Ter poucos amigos pode indicar maturidade emocional e prote\u00e7\u00e3o contra rela\u00e7\u00f5es desgastantes, segundo a psicologia.\" \/>\n<meta property=\"og:url\" content=\"https:\/\/www.uai.com.br\/uainoticias\/2026\/04\/29\/eu-achava-que-ter-poucos-amigos-era-um-problema-ate-perceber-que-sempre-fui-o-apoio-de-todos\/\" \/>\n<meta property=\"og:site_name\" content=\"UAI Not\u00edcias\" \/>\n<meta property=\"article:published_time\" content=\"2026-04-29T06:15:00+00:00\" \/>\n<meta property=\"og:image\" content=\"https:\/\/www.uai.com.br\/uainoticias\/wp-content\/uploads\/2026\/04\/amigo_1777387575829.jpg\" \/>\n\t<meta property=\"og:image:width\" content=\"1280\" \/>\n\t<meta property=\"og:image:height\" content=\"720\" \/>\n\t<meta property=\"og:image:type\" content=\"image\/jpeg\" \/>\n<meta name=\"author\" content=\"Daniely Cardoso\" \/>\n<meta name=\"twitter:card\" content=\"summary_large_image\" \/>\n<meta name=\"twitter:label1\" content=\"Escrito por\" \/>\n\t<meta name=\"twitter:data1\" content=\"Daniely Cardoso\" \/>\n\t<meta name=\"twitter:label2\" content=\"Est. tempo de leitura\" \/>\n\t<meta name=\"twitter:data2\" content=\"5 minutos\" \/>\n<!-- \/ Yoast SEO plugin. -->","yoast_head_json":{"title":"Eu achava que ter poucos amigos era um problema, at\u00e9 perceber que sempre fui o apoio de todos - UAI Not\u00edcias","description":"Ter poucos amigos pode indicar maturidade emocional e prote\u00e7\u00e3o contra rela\u00e7\u00f5es desgastantes, segundo a psicologia.","robots":{"index":"index","follow":"follow","max-snippet":"max-snippet:-1","max-image-preview":"max-image-preview:large","max-video-preview":"max-video-preview:-1"},"canonical":"https:\/\/www.uai.com.br\/uainoticias\/2026\/04\/29\/eu-achava-que-ter-poucos-amigos-era-um-problema-ate-perceber-que-sempre-fui-o-apoio-de-todos\/","og_locale":"pt_BR","og_type":"article","og_title":"Eu achava que ter poucos amigos era um problema, at\u00e9 perceber que sempre fui o apoio de todos - UAI Not\u00edcias","og_description":"Ter poucos amigos pode indicar maturidade emocional e prote\u00e7\u00e3o contra rela\u00e7\u00f5es desgastantes, segundo a psicologia.","og_url":"https:\/\/www.uai.com.br\/uainoticias\/2026\/04\/29\/eu-achava-que-ter-poucos-amigos-era-um-problema-ate-perceber-que-sempre-fui-o-apoio-de-todos\/","og_site_name":"UAI Not\u00edcias","article_published_time":"2026-04-29T06:15:00+00:00","og_image":[{"width":1280,"height":720,"url":"https:\/\/www.uai.com.br\/uainoticias\/wp-content\/uploads\/2026\/04\/amigo_1777387575829.jpg","type":"image\/jpeg"}],"author":"Daniely Cardoso","twitter_card":"summary_large_image","twitter_misc":{"Escrito por":"Daniely Cardoso","Est. tempo de leitura":"5 minutos"},"schema":{"@context":"https:\/\/schema.org","@graph":[{"@type":"WebPage","@id":"https:\/\/www.uai.com.br\/uainoticias\/2026\/04\/29\/eu-achava-que-ter-poucos-amigos-era-um-problema-ate-perceber-que-sempre-fui-o-apoio-de-todos\/","url":"https:\/\/www.uai.com.br\/uainoticias\/2026\/04\/29\/eu-achava-que-ter-poucos-amigos-era-um-problema-ate-perceber-que-sempre-fui-o-apoio-de-todos\/","name":"Eu achava que ter poucos amigos era um problema, at\u00e9 perceber que sempre fui o apoio de todos - UAI Not\u00edcias","isPartOf":{"@id":"https:\/\/www.uai.com.br\/uainoticias\/#website"},"primaryImageOfPage":{"@id":"https:\/\/www.uai.com.br\/uainoticias\/2026\/04\/29\/eu-achava-que-ter-poucos-amigos-era-um-problema-ate-perceber-que-sempre-fui-o-apoio-de-todos\/#primaryimage"},"image":{"@id":"https:\/\/www.uai.com.br\/uainoticias\/2026\/04\/29\/eu-achava-que-ter-poucos-amigos-era-um-problema-ate-perceber-que-sempre-fui-o-apoio-de-todos\/#primaryimage"},"thumbnailUrl":"https:\/\/www.uai.com.br\/uainoticias\/wp-content\/uploads\/2026\/04\/amigo_1777387575829.jpg","datePublished":"2026-04-29T06:15:00+00:00","author":{"@id":"https:\/\/www.uai.com.br\/uainoticias\/#\/schema\/person\/b40f59cad9eb0656c8ae35fee468cc57"},"description":"Ter poucos amigos pode indicar maturidade emocional e prote\u00e7\u00e3o contra rela\u00e7\u00f5es desgastantes, segundo a psicologia.","breadcrumb":{"@id":"https:\/\/www.uai.com.br\/uainoticias\/2026\/04\/29\/eu-achava-que-ter-poucos-amigos-era-um-problema-ate-perceber-que-sempre-fui-o-apoio-de-todos\/#breadcrumb"},"inLanguage":"pt-BR","potentialAction":[{"@type":"ReadAction","target":["https:\/\/www.uai.com.br\/uainoticias\/2026\/04\/29\/eu-achava-que-ter-poucos-amigos-era-um-problema-ate-perceber-que-sempre-fui-o-apoio-de-todos\/"]}]},{"@type":"ImageObject","inLanguage":"pt-BR","@id":"https:\/\/www.uai.com.br\/uainoticias\/2026\/04\/29\/eu-achava-que-ter-poucos-amigos-era-um-problema-ate-perceber-que-sempre-fui-o-apoio-de-todos\/#primaryimage","url":"https:\/\/www.uai.com.br\/uainoticias\/wp-content\/uploads\/2026\/04\/amigo_1777387575829.jpg","contentUrl":"https:\/\/www.uai.com.br\/uainoticias\/wp-content\/uploads\/2026\/04\/amigo_1777387575829.jpg","width":1280,"height":720,"caption":"O ac\u00famulo de responsabilidades afetivas transforma a amizade na maturidade em um fardo silencioso que drena a energia vital - Cr\u00e9ditos: depositphotos.com \/ igor.kardasov.gmail.com"},{"@type":"BreadcrumbList","@id":"https:\/\/www.uai.com.br\/uainoticias\/2026\/04\/29\/eu-achava-que-ter-poucos-amigos-era-um-problema-ate-perceber-que-sempre-fui-o-apoio-de-todos\/#breadcrumb","itemListElement":[{"@type":"ListItem","position":1,"name":"In\u00edcio","item":"https:\/\/www.uai.com.br\/uainoticias\/"},{"@type":"ListItem","position":2,"name":"Eu achava que ter poucos amigos era um problema, at\u00e9 perceber que sempre fui o apoio de todos"}]},{"@type":"WebSite","@id":"https:\/\/www.uai.com.br\/uainoticias\/#website","url":"https:\/\/www.uai.com.br\/uainoticias\/","name":"UAI Not\u00edcias","description":"Acompanhe as \u00faltimas not\u00edcias e fique bem informado sobre tudo o que acontece no Brasil e no mundo.","potentialAction":[{"@type":"SearchAction","target":{"@type":"EntryPoint","urlTemplate":"https:\/\/www.uai.com.br\/uainoticias\/?s={search_term_string}"},"query-input":{"@type":"PropertyValueSpecification","valueRequired":true,"valueName":"search_term_string"}}],"inLanguage":"pt-BR"},{"@type":"Person","@id":"https:\/\/www.uai.com.br\/uainoticias\/#\/schema\/person\/b40f59cad9eb0656c8ae35fee468cc57","name":"Daniely Cardoso","image":{"@type":"ImageObject","inLanguage":"pt-BR","@id":"https:\/\/www.uai.com.br\/uainoticias\/#\/schema\/person\/image\/","url":"https:\/\/secure.gravatar.com\/avatar\/b43c203f79e2ee2d699e04567f61958ba1731d1c994abcd298aa4fee5f54cb3a?s=96&d=mm&r=g","contentUrl":"https:\/\/secure.gravatar.com\/avatar\/b43c203f79e2ee2d699e04567f61958ba1731d1c994abcd298aa4fee5f54cb3a?s=96&d=mm&r=g","caption":"Daniely Cardoso"},"sameAs":["https:\/\/www.uai.com.br\/uainoticias\/"],"url":"https:\/\/www.uai.com.br\/uainoticias\/author\/daniely-morais\/"}]}},"_links":{"self":[{"href":"https:\/\/www.uai.com.br\/uainoticias\/wp-json\/wp\/v2\/posts\/128111","targetHints":{"allow":["GET"]}}],"collection":[{"href":"https:\/\/www.uai.com.br\/uainoticias\/wp-json\/wp\/v2\/posts"}],"about":[{"href":"https:\/\/www.uai.com.br\/uainoticias\/wp-json\/wp\/v2\/types\/post"}],"author":[{"embeddable":true,"href":"https:\/\/www.uai.com.br\/uainoticias\/wp-json\/wp\/v2\/users\/24"}],"replies":[{"embeddable":true,"href":"https:\/\/www.uai.com.br\/uainoticias\/wp-json\/wp\/v2\/comments?post=128111"}],"version-history":[{"count":1,"href":"https:\/\/www.uai.com.br\/uainoticias\/wp-json\/wp\/v2\/posts\/128111\/revisions"}],"predecessor-version":[{"id":128115,"href":"https:\/\/www.uai.com.br\/uainoticias\/wp-json\/wp\/v2\/posts\/128111\/revisions\/128115"}],"wp:featuredmedia":[{"embeddable":true,"href":"https:\/\/www.uai.com.br\/uainoticias\/wp-json\/wp\/v2\/media\/128112"}],"wp:attachment":[{"href":"https:\/\/www.uai.com.br\/uainoticias\/wp-json\/wp\/v2\/media?parent=128111"}],"wp:term":[{"taxonomy":"category","embeddable":true,"href":"https:\/\/www.uai.com.br\/uainoticias\/wp-json\/wp\/v2\/categories?post=128111"},{"taxonomy":"post_tag","embeddable":true,"href":"https:\/\/www.uai.com.br\/uainoticias\/wp-json\/wp\/v2\/tags?post=128111"}],"curies":[{"name":"wp","href":"https:\/\/api.w.org\/{rel}","templated":true}]}}