{"id":128110,"date":"2026-04-28T12:10:00","date_gmt":"2026-04-28T15:10:00","guid":{"rendered":"https:\/\/www.uai.com.br\/uainoticias\/?p=128110"},"modified":"2026-04-28T12:07:17","modified_gmt":"2026-04-28T15:07:17","slug":"brasil-se-junta-a-reino-unido-islandia-espanha-e-nova-zelandia-ao-debater-a-reducao-para-a-semana-de-trabalho-de-4-dias-em-2026-o-que-muda-na-escala-6x1-produtividade-e-salarios-dos-funcionarios","status":"publish","type":"post","link":"https:\/\/www.uai.com.br\/uainoticias\/2026\/04\/28\/brasil-se-junta-a-reino-unido-islandia-espanha-e-nova-zelandia-ao-debater-a-reducao-para-a-semana-de-trabalho-de-4-dias-em-2026-o-que-muda-na-escala-6x1-produtividade-e-salarios-dos-funcionarios\/","title":{"rendered":"Brasil se junta a Reino Unido, Isl\u00e2ndia, Espanha e Nova Zel\u00e2ndia ao debater a redu\u00e7\u00e3o para a semana de trabalho de 4 dias em 2026: o que muda na escala 6&#215;1, produtividade e sal\u00e1rios dos funcion\u00e1rios"},"content":{"rendered":"\n<div style=\"font-family: 'Inter', sans-serif; max-width: 640px; margin: 24px auto; background: #f8f9fb; border-radius: 14px; box-shadow: 0 4px 18px rgba(59,130,246,0.10); padding: 28px 32px;\">\r\n  <p style=\"text-align: center; font-size: 11px; font-weight: 700; letter-spacing: 2px; color: #3b82f6; text-transform: uppercase; margin: 0 0 16px 0;\">\u26a1 Destaques<\/p>\r\n  <div style=\"display: flex; flex-direction: column; gap: 12px;\">\r\n    <div style=\"background: #ffffff; border-radius: 9px; padding: 14px 18px; border-left: 4px solid #3b82f6; box-shadow: 0 2px 8px rgba(59,130,246,0.07);\">\r\n      <span style=\"font-size: 14px; color: #1e293b; font-weight: 600;\">\ud83d\uddf3\ufe0f CCJ aprova por unanimidade<\/span>\r\n      <p style=\"margin: 4px 0 0 0; font-size: 13px; color: #475569;\">A Comiss\u00e3o de Constitui\u00e7\u00e3o e Justi\u00e7a da C\u00e2mara aprovou por unanimidade a admissibilidade das PECs que acabam com a escala 6&#215;1 e debatem a semana de 4 dias.<\/p>\r\n    <\/div>\r\n    <div style=\"background: #ffffff; border-radius: 9px; padding: 14px 18px; border-left: 4px solid #3b82f6; box-shadow: 0 2px 8px rgba(59,130,246,0.07);\">\r\n      <span style=\"font-size: 14px; color: #1e293b; font-weight: 600;\">\ud83d\udcbc Sem corte de sal\u00e1rio<\/span>\r\n      <p style=\"margin: 4px 0 0 0; font-size: 13px; color: #475569;\">Tanto as PECs quanto o projeto de lei do governo preveem a redu\u00e7\u00e3o da jornada de trabalho sem diminui\u00e7\u00e3o da remunera\u00e7\u00e3o dos trabalhadores.<\/p>\r\n    <\/div>\r\n    <div style=\"background: #ffffff; border-radius: 9px; padding: 14px 18px; border-left: 4px solid #3b82f6; box-shadow: 0 2px 8px rgba(59,130,246,0.07);\">\r\n      <span style=\"font-size: 14px; color: #1e293b; font-weight: 600;\">\ud83c\udf0d Tend\u00eancia mundial comprovada<\/span>\r\n      <p style=\"margin: 4px 0 0 0; font-size: 13px; color: #475569;\">Reino Unido, Isl\u00e2ndia, Espanha e Nova Zel\u00e2ndia j\u00e1 testaram o modelo com resultados positivos em produtividade e qualidade de vida dos funcion\u00e1rios.<\/p>\r\n    <\/div>\r\n  <\/div>\r\n<\/div>\n\n\n\n<p>Imagine terminar a semana de trabalho na quinta-feira, com mais um dia inteiro pela frente para descansar, cuidar da fam\u00edlia ou simplesmente respirar. Essa possibilidade, que parece distante para muitos brasileiros acostumados com a pesada escala 6&#215;1, est\u00e1 mais perto do que nunca de se tornar realidade por aqui.<\/p>\n\n\n\n<h2 class=\"wp-block-heading\">O movimento que chegou ao Congresso e sacudiu o debate trabalhista<\/h2>\n\n\n\n<p>Em abril de 2026, a <a href=\"https:\/\/www.camara.leg.br\/proposicoesWeb\/fichadetramitacao?idProposicao=2218203\" target=\"_blank\" rel=\"noreferrer noopener\">Comiss\u00e3o de Constitui\u00e7\u00e3o e Justi\u00e7a (CCJ)<\/a> da C\u00e2mara dos Deputados aprovou, por unanimidade, a admissibilidade de duas propostas de emenda \u00e0 Constitui\u00e7\u00e3o que colocam o fim da escala 6&#215;1 na pauta nacional. Uma delas, apresentada pela deputada Erika Hilton (PSOL-SP), prop\u00f5e diretamente a semana de 4 dias de trabalho, com limite de <strong>36 horas semanais<\/strong> e entrada em vigor 360 dias ap\u00f3s a san\u00e7\u00e3o. A outra, do deputado Reginaldo Lopes (PT-MG), prev\u00ea a redu\u00e7\u00e3o gradual da jornada de 44 para 36 horas ao longo de dez anos.<\/p>\n\n\n\n<p>Paralelamente, o governo Lula enviou ao Congresso um projeto de lei com urg\u00eancia constitucional que prop\u00f5e uma jornada 5&#215;2, fixando <strong>40 horas semanais<\/strong> e dois dias de descanso garantidos, sem qualquer redu\u00e7\u00e3o de sal\u00e1rio. O tema virou uma das discuss\u00f5es mais quentes do ano eleitoral.<\/p>\n\n\n\n<figure class=\"wp-block-image size-large\"><img decoding=\"async\" width=\"1024\" height=\"576\" src=\"https:\/\/www.uai.com.br\/uainoticias\/wp-content\/uploads\/2026\/04\/fghghfgjhg-1024x576.jpg\" alt=\"Brasil se junta a Reino Unido, Isl\u00e2ndia, Espanha e Nova Zel\u00e2ndia ao debater a redu\u00e7\u00e3o para a semana de trabalho de 4 dias em 2026: o que muda na escala 6x1, produtividade e sal\u00e1rios dos funcion\u00e1rios\" class=\"wp-image-128119\" srcset=\"https:\/\/www.uai.com.br\/uainoticias\/wp-content\/uploads\/2026\/04\/fghghfgjhg-1024x576.jpg 1024w, https:\/\/www.uai.com.br\/uainoticias\/wp-content\/uploads\/2026\/04\/fghghfgjhg-300x169.jpg 300w, https:\/\/www.uai.com.br\/uainoticias\/wp-content\/uploads\/2026\/04\/fghghfgjhg-768x432.jpg 768w, https:\/\/www.uai.com.br\/uainoticias\/wp-content\/uploads\/2026\/04\/fghghfgjhg-750x422.jpg 750w, https:\/\/www.uai.com.br\/uainoticias\/wp-content\/uploads\/2026\/04\/fghghfgjhg-1140x641.jpg 1140w, https:\/\/www.uai.com.br\/uainoticias\/wp-content\/uploads\/2026\/04\/fghghfgjhg.jpg 1280w\" sizes=\"(max-width: 1024px) 100vw, 1024px\" \/><figcaption class=\"wp-element-caption\">A mudan\u00e7a pode alterar a rotina de milh\u00f5es de trabalhadores.<\/figcaption><\/figure>\n\n\n\n<h2 class=\"wp-block-heading\">Quem j\u00e1 testou e o que os n\u00fameros dizem<\/h2>\n\n\n\n<p>O Brasil n\u00e3o est\u00e1 inventando a roda. Outros pa\u00edses j\u00e1 percorreram esse caminho e os resultados animam quem defende a mudan\u00e7a. A experi\u00eancia mais emblem\u00e1tica aconteceu na <strong>Isl\u00e2ndia<\/strong>, entre 2015 e 2019, com 2.500 trabalhadores p\u00fablicos e privados: a produtividade foi mantida ou at\u00e9 melhorou, e os \u00edndices de bem-estar dos funcion\u00e1rios subiram consideravelmente.<\/p>\n\n\n\n<p>No <strong>Reino Unido<\/strong>, o maior teste do mundo com semana reduzida envolveu mais de 60 empresas em 2022, e 92% delas decidiram manter o novo formato ap\u00f3s o encerramento do projeto. J\u00e1 a <strong>Microsoft no Jap\u00e3o<\/strong> registrou um salto de 40% na produtividade ao testar o modelo em 2019. Veja o que cada pa\u00eds fez:<\/p>\n\n\n\n<ul class=\"wp-block-list\">\n<li><strong>Isl\u00e2ndia:<\/strong> piloto de 4 anos com 2.500 servidores; produtividade mantida e burnout reduzido, levando sindicatos a expandirem as negocia\u00e7\u00f5es.<\/li>\n\n\n\n<li><strong>Reino Unido:<\/strong> 92% das empresas participantes do maior teste global mantiveram a semana curta ap\u00f3s o programa, 18 delas de forma permanente.<\/li>\n\n\n\n<li><strong>Espanha:<\/strong> governo lan\u00e7ou projeto piloto com apoio financeiro para pequenas e m\u00e9dias empresas testarem 32 horas semanais.<\/li>\n\n\n\n<li><strong>Nova Zel\u00e2ndia:<\/strong> a Unilever local testou jornada reduzida com pagamento integral por um ano, avaliando desempenho, n\u00e3o horas.<\/li>\n\n\n\n<li><strong>Jap\u00e3o:<\/strong> al\u00e9m da Microsoft, a Panasonic tamb\u00e9m passou a oferecer a op\u00e7\u00e3o de semana de 4 dias aos seus funcion\u00e1rios interessados.<\/li>\n<\/ul>\n\n\n\n<div style=\"font-family: 'Inter', sans-serif; max-width: 640px; margin: 24px auto; background: #f8f9fb; border-radius: 14px; box-shadow: 0 4px 18px rgba(59,130,246,0.10); padding: 28px 32px;\">\r\n  <p style=\"text-align: center; font-size: 11px; font-weight: 700; letter-spacing: 2px; color: #3b82f6; text-transform: uppercase; margin: 0 0 16px 0;\">\ud83d\udccc Pontos-chave<\/p>\r\n  <div style=\"display: flex; flex-direction: column; gap: 12px;\">\r\n    <div style=\"background: #ffffff; border-radius: 9px; padding: 14px 18px; border-left: 4px solid #3b82f6; box-shadow: 0 2px 8px rgba(59,130,246,0.07);\">\r\n      <span style=\"font-size: 14px; color: #1e293b; font-weight: 600;\">\ud83d\udccb Duas frentes no Congresso<\/span>\r\n      <p style=\"margin: 4px 0 0 0; font-size: 13px; color: #475569;\">As PECs da C\u00e2mara e o PL do governo tramitam em paralelo, com propostas distintas de transi\u00e7\u00e3o e de carga hor\u00e1ria semanal.<\/p>\r\n    <\/div>\r\n    <div style=\"background: #ffffff; border-radius: 9px; padding: 14px 18px; border-left: 4px solid #3b82f6; box-shadow: 0 2px 8px rgba(59,130,246,0.07);\">\r\n      <span style=\"font-size: 14px; color: #1e293b; font-weight: 600;\">\ud83d\udcca Produtividade n\u00e3o cai<\/span>\r\n      <p style=\"margin: 4px 0 0 0; font-size: 13px; color: #475569;\">Nos principais testes internacionais, a redu\u00e7\u00e3o da jornada n\u00e3o provocou queda nos resultados; em v\u00e1rios casos, os \u00edndices at\u00e9 subiram.<\/p>\r\n    <\/div>\r\n    <div style=\"background: #ffffff; border-radius: 9px; padding: 14px 18px; border-left: 4px solid #3b82f6; box-shadow: 0 2px 8px rgba(59,130,246,0.07);\">\r\n      <span style=\"font-size: 14px; color: #1e293b; font-weight: 600;\">\u2696\ufe0f Debate ainda n\u00e3o terminou<\/span>\r\n      <p style=\"margin: 4px 0 0 0; font-size: 13px; color: #475569;\">Setores produtivos alertam para poss\u00edveis aumentos de custos e impactos econ\u00f4micos, especialmente em segmentos que dependem de jornadas cont\u00ednuas.<\/p>\r\n    <\/div>\r\n  <\/div>\r\n<\/div>\n\n\n\n<h2 class=\"wp-block-heading\">O que muda no bolso e na rotina do trabalhador brasileiro<\/h2>\n\n\n\n<p>A boa not\u00edcia \u00e9 que todas as propostas em debate, tanto as PECs quanto o projeto enviado pelo governo, garantem que a <strong>redu\u00e7\u00e3o da jornada n\u00e3o vir\u00e1 acompanhada de corte salarial<\/strong>. O ministro do Trabalho, Luiz Marinho, argumenta que ambientes de trabalho saud\u00e1veis eliminam o absente\u00edsmo e aumentam o foco, o que compensa a menor quantidade de horas na conta final das empresas. Para setores que precisam de jornadas cont\u00ednuas, a expectativa \u00e9 que as regras de transi\u00e7\u00e3o sejam negociadas por acordos coletivos.<\/p>\n\n\n\n<p>J\u00e1 para as mulheres, o impacto pode ser ainda maior. Marinho destacou que a escala 6&#215;1 \u00e9 especialmente prejudicial a elas, que ainda concentram a maior parte das responsabilidades dom\u00e9sticas e familiares. Um dia a mais de descanso representaria, na pr\u00e1tica, mais tempo para a sa\u00fade mental, a educa\u00e7\u00e3o e a conviv\u00eancia familiar.<\/p>\n\n\n\n<h2 class=\"wp-block-heading\">A caminhada ainda \u00e9 longa at\u00e9 a mudan\u00e7a chegar \u00e0 carteira de trabalho<\/h2>\n\n\n\n<p>Aprovada a admissibilidade na CCJ, as PECs seguem agora para uma comiss\u00e3o especial, onde um novo relator ser\u00e1 definido, e depois v\u00e3o ao plen\u00e1rio da C\u00e2mara, precisando de tr\u00eas quintos dos votos em dois turnos, o equivalente a 308 parlamentares. O presidente da C\u00e2mara, Hugo Motta, sinalizou interesse em concluir a tramita\u00e7\u00e3o at\u00e9 o final de maio, mas oposi\u00e7\u00f5es no setor produtivo e embates pol\u00edticos podem alongar o processo. Enquanto isso, o PL do governo corre em paralelo e, se votado antes, pode ser o primeiro passo concreto rumo ao fim da escala 6&#215;1.<\/p>\n\n\n\n<p>O Brasil est\u00e1, enfim, tendo uma conversa que outros pa\u00edses j\u00e1 conclu\u00edram h\u00e1 anos. E os exemplos de quem testou primeiro mostram que trabalhar menos dias, com mais qualidade de vida e sem perder produtividade, n\u00e3o \u00e9 utopia, \u00e9 pol\u00edtica p\u00fablica.<\/p>\n\n\n\n<p>Se esse assunto faz parte do seu dia a dia, compartilhe este artigo com colegas de trabalho e familiares. Quanto mais gente informada, melhor o debate sobre o futuro das rela\u00e7\u00f5es trabalhistas no Brasil.<\/p>\n\n\n\n<p><\/p>\n","protected":false},"excerpt":{"rendered":"<p>\u26a1 Destaques \ud83d\uddf3\ufe0f CCJ aprova por unanimidade A Comiss\u00e3o de Constitui\u00e7\u00e3o e Justi\u00e7a da C\u00e2mara aprovou por unanimidade a admissibilidade das PECs que acabam com a escala 6&#215;1 e debatem a semana de 4 dias. \ud83d\udcbc Sem corte de sal\u00e1rio Tanto as PECs quanto o projeto de lei do governo preveem a redu\u00e7\u00e3o da jornada [&hellip;]<\/p>\n","protected":false},"author":6,"featured_media":128118,"comment_status":"open","ping_status":"open","sticky":false,"template":"","format":"standard","meta":{"jnews-multi-image_gallery":[],"jnews_single_post":{"format":"standard"},"jnews_primary_category":[],"jnews_social_meta":[],"jnews_override_counter":[],"footnotes":""},"categories":[11601],"tags":[23552,19550,2097,20906],"class_list":["post-128110","post","type-post","status-publish","format-standard","has-post-thumbnail","hentry","category-noticia","tag-congresso-nacional","tag-escala-6x1","tag-jornada-de-trabalho","tag-semana-de-4-dias"],"yoast_head":"<!-- This site is optimized with the Yoast SEO plugin v26.5 - https:\/\/yoast.com\/wordpress\/plugins\/seo\/ -->\n<title>Brasil se junta a Reino Unido, Isl\u00e2ndia, Espanha e Nova Zel\u00e2ndia ao debater a redu\u00e7\u00e3o para a semana de trabalho de 4 dias em 2026: o que muda na escala 6x1, produtividade e sal\u00e1rios dos funcion\u00e1rios - UAI Not\u00edcias<\/title>\n<meta name=\"description\" content=\"Propostas recentes colocam o tema do trabalho no centro das aten\u00e7\u00f5es e levantam d\u00favidas sobre impactos no dia a dia.\" \/>\n<meta name=\"robots\" content=\"index, follow, max-snippet:-1, max-image-preview:large, max-video-preview:-1\" \/>\n<link rel=\"canonical\" href=\"https:\/\/www.uai.com.br\/uainoticias\/2026\/04\/28\/brasil-se-junta-a-reino-unido-islandia-espanha-e-nova-zelandia-ao-debater-a-reducao-para-a-semana-de-trabalho-de-4-dias-em-2026-o-que-muda-na-escala-6x1-produtividade-e-salarios-dos-funcionarios\/\" \/>\n<meta property=\"og:locale\" content=\"pt_BR\" \/>\n<meta property=\"og:type\" content=\"article\" \/>\n<meta property=\"og:title\" content=\"Brasil se junta a Reino Unido, Isl\u00e2ndia, Espanha e Nova Zel\u00e2ndia ao debater a redu\u00e7\u00e3o para a semana de trabalho de 4 dias em 2026: o que muda na escala 6x1, produtividade e sal\u00e1rios dos funcion\u00e1rios - UAI Not\u00edcias\" \/>\n<meta property=\"og:description\" content=\"Propostas recentes colocam o tema do trabalho no centro das aten\u00e7\u00f5es e levantam d\u00favidas sobre impactos no dia a dia.\" \/>\n<meta property=\"og:url\" content=\"https:\/\/www.uai.com.br\/uainoticias\/2026\/04\/28\/brasil-se-junta-a-reino-unido-islandia-espanha-e-nova-zelandia-ao-debater-a-reducao-para-a-semana-de-trabalho-de-4-dias-em-2026-o-que-muda-na-escala-6x1-produtividade-e-salarios-dos-funcionarios\/\" \/>\n<meta property=\"og:site_name\" content=\"UAI Not\u00edcias\" \/>\n<meta property=\"article:published_time\" content=\"2026-04-28T15:10:00+00:00\" \/>\n<meta property=\"og:image\" content=\"https:\/\/www.uai.com.br\/uainoticias\/wp-content\/uploads\/2026\/04\/sdfgdgdfhfgh.jpg\" \/>\n\t<meta property=\"og:image:width\" content=\"1280\" \/>\n\t<meta property=\"og:image:height\" content=\"720\" \/>\n\t<meta property=\"og:image:type\" content=\"image\/jpeg\" \/>\n<meta name=\"author\" content=\"Nubia Rangel\" \/>\n<meta name=\"twitter:card\" content=\"summary_large_image\" \/>\n<meta name=\"twitter:label1\" content=\"Escrito por\" \/>\n\t<meta name=\"twitter:data1\" content=\"Nubia Rangel\" \/>\n\t<meta name=\"twitter:label2\" content=\"Est. tempo de leitura\" \/>\n\t<meta name=\"twitter:data2\" content=\"6 minutos\" \/>\n<!-- \/ Yoast SEO plugin. -->","yoast_head_json":{"title":"Brasil se junta a Reino Unido, Isl\u00e2ndia, Espanha e Nova Zel\u00e2ndia ao debater a redu\u00e7\u00e3o para a semana de trabalho de 4 dias em 2026: o que muda na escala 6x1, produtividade e sal\u00e1rios dos funcion\u00e1rios - UAI Not\u00edcias","description":"Propostas recentes colocam o tema do trabalho no centro das aten\u00e7\u00f5es e levantam d\u00favidas sobre impactos no dia a dia.","robots":{"index":"index","follow":"follow","max-snippet":"max-snippet:-1","max-image-preview":"max-image-preview:large","max-video-preview":"max-video-preview:-1"},"canonical":"https:\/\/www.uai.com.br\/uainoticias\/2026\/04\/28\/brasil-se-junta-a-reino-unido-islandia-espanha-e-nova-zelandia-ao-debater-a-reducao-para-a-semana-de-trabalho-de-4-dias-em-2026-o-que-muda-na-escala-6x1-produtividade-e-salarios-dos-funcionarios\/","og_locale":"pt_BR","og_type":"article","og_title":"Brasil se junta a Reino Unido, Isl\u00e2ndia, Espanha e Nova Zel\u00e2ndia ao debater a redu\u00e7\u00e3o para a semana de trabalho de 4 dias em 2026: o que muda na escala 6x1, produtividade e sal\u00e1rios dos funcion\u00e1rios - UAI Not\u00edcias","og_description":"Propostas recentes colocam o tema do trabalho no centro das aten\u00e7\u00f5es e levantam d\u00favidas sobre impactos no dia a dia.","og_url":"https:\/\/www.uai.com.br\/uainoticias\/2026\/04\/28\/brasil-se-junta-a-reino-unido-islandia-espanha-e-nova-zelandia-ao-debater-a-reducao-para-a-semana-de-trabalho-de-4-dias-em-2026-o-que-muda-na-escala-6x1-produtividade-e-salarios-dos-funcionarios\/","og_site_name":"UAI Not\u00edcias","article_published_time":"2026-04-28T15:10:00+00:00","og_image":[{"width":1280,"height":720,"url":"https:\/\/www.uai.com.br\/uainoticias\/wp-content\/uploads\/2026\/04\/sdfgdgdfhfgh.jpg","type":"image\/jpeg"}],"author":"Nubia Rangel","twitter_card":"summary_large_image","twitter_misc":{"Escrito por":"Nubia Rangel","Est. tempo de leitura":"6 minutos"},"schema":{"@context":"https:\/\/schema.org","@graph":[{"@type":"WebPage","@id":"https:\/\/www.uai.com.br\/uainoticias\/2026\/04\/28\/brasil-se-junta-a-reino-unido-islandia-espanha-e-nova-zelandia-ao-debater-a-reducao-para-a-semana-de-trabalho-de-4-dias-em-2026-o-que-muda-na-escala-6x1-produtividade-e-salarios-dos-funcionarios\/","url":"https:\/\/www.uai.com.br\/uainoticias\/2026\/04\/28\/brasil-se-junta-a-reino-unido-islandia-espanha-e-nova-zelandia-ao-debater-a-reducao-para-a-semana-de-trabalho-de-4-dias-em-2026-o-que-muda-na-escala-6x1-produtividade-e-salarios-dos-funcionarios\/","name":"Brasil se junta a Reino Unido, Isl\u00e2ndia, Espanha e Nova Zel\u00e2ndia ao debater a redu\u00e7\u00e3o para a semana de trabalho de 4 dias em 2026: o que muda na escala 6x1, produtividade e sal\u00e1rios dos funcion\u00e1rios - UAI Not\u00edcias","isPartOf":{"@id":"https:\/\/www.uai.com.br\/uainoticias\/#website"},"primaryImageOfPage":{"@id":"https:\/\/www.uai.com.br\/uainoticias\/2026\/04\/28\/brasil-se-junta-a-reino-unido-islandia-espanha-e-nova-zelandia-ao-debater-a-reducao-para-a-semana-de-trabalho-de-4-dias-em-2026-o-que-muda-na-escala-6x1-produtividade-e-salarios-dos-funcionarios\/#primaryimage"},"image":{"@id":"https:\/\/www.uai.com.br\/uainoticias\/2026\/04\/28\/brasil-se-junta-a-reino-unido-islandia-espanha-e-nova-zelandia-ao-debater-a-reducao-para-a-semana-de-trabalho-de-4-dias-em-2026-o-que-muda-na-escala-6x1-produtividade-e-salarios-dos-funcionarios\/#primaryimage"},"thumbnailUrl":"https:\/\/www.uai.com.br\/uainoticias\/wp-content\/uploads\/2026\/04\/sdfgdgdfhfgh.jpg","datePublished":"2026-04-28T15:10:00+00:00","author":{"@id":"https:\/\/www.uai.com.br\/uainoticias\/#\/schema\/person\/d70e886a4103e1e8683d36d868d7aa74"},"description":"Propostas recentes colocam o tema do trabalho no centro das aten\u00e7\u00f5es e levantam d\u00favidas sobre impactos no dia a dia.","breadcrumb":{"@id":"https:\/\/www.uai.com.br\/uainoticias\/2026\/04\/28\/brasil-se-junta-a-reino-unido-islandia-espanha-e-nova-zelandia-ao-debater-a-reducao-para-a-semana-de-trabalho-de-4-dias-em-2026-o-que-muda-na-escala-6x1-produtividade-e-salarios-dos-funcionarios\/#breadcrumb"},"inLanguage":"pt-BR","potentialAction":[{"@type":"ReadAction","target":["https:\/\/www.uai.com.br\/uainoticias\/2026\/04\/28\/brasil-se-junta-a-reino-unido-islandia-espanha-e-nova-zelandia-ao-debater-a-reducao-para-a-semana-de-trabalho-de-4-dias-em-2026-o-que-muda-na-escala-6x1-produtividade-e-salarios-dos-funcionarios\/"]}]},{"@type":"ImageObject","inLanguage":"pt-BR","@id":"https:\/\/www.uai.com.br\/uainoticias\/2026\/04\/28\/brasil-se-junta-a-reino-unido-islandia-espanha-e-nova-zelandia-ao-debater-a-reducao-para-a-semana-de-trabalho-de-4-dias-em-2026-o-que-muda-na-escala-6x1-produtividade-e-salarios-dos-funcionarios\/#primaryimage","url":"https:\/\/www.uai.com.br\/uainoticias\/wp-content\/uploads\/2026\/04\/sdfgdgdfhfgh.jpg","contentUrl":"https:\/\/www.uai.com.br\/uainoticias\/wp-content\/uploads\/2026\/04\/sdfgdgdfhfgh.jpg","width":1280,"height":720,"caption":"Propostas no Congresso reacendem debate sobre jornada de trabalho."},{"@type":"BreadcrumbList","@id":"https:\/\/www.uai.com.br\/uainoticias\/2026\/04\/28\/brasil-se-junta-a-reino-unido-islandia-espanha-e-nova-zelandia-ao-debater-a-reducao-para-a-semana-de-trabalho-de-4-dias-em-2026-o-que-muda-na-escala-6x1-produtividade-e-salarios-dos-funcionarios\/#breadcrumb","itemListElement":[{"@type":"ListItem","position":1,"name":"In\u00edcio","item":"https:\/\/www.uai.com.br\/uainoticias\/"},{"@type":"ListItem","position":2,"name":"Brasil se junta a Reino Unido, Isl\u00e2ndia, Espanha e Nova Zel\u00e2ndia ao debater a redu\u00e7\u00e3o para a semana de trabalho de 4 dias em 2026: o que muda na escala 6&#215;1, produtividade e sal\u00e1rios dos funcion\u00e1rios"}]},{"@type":"WebSite","@id":"https:\/\/www.uai.com.br\/uainoticias\/#website","url":"https:\/\/www.uai.com.br\/uainoticias\/","name":"UAI Not\u00edcias","description":"Acompanhe as \u00faltimas not\u00edcias e fique bem informado sobre tudo o que acontece no Brasil e no mundo.","potentialAction":[{"@type":"SearchAction","target":{"@type":"EntryPoint","urlTemplate":"https:\/\/www.uai.com.br\/uainoticias\/?s={search_term_string}"},"query-input":{"@type":"PropertyValueSpecification","valueRequired":true,"valueName":"search_term_string"}}],"inLanguage":"pt-BR"},{"@type":"Person","@id":"https:\/\/www.uai.com.br\/uainoticias\/#\/schema\/person\/d70e886a4103e1e8683d36d868d7aa74","name":"Nubia Rangel","image":{"@type":"ImageObject","inLanguage":"pt-BR","@id":"https:\/\/www.uai.com.br\/uainoticias\/#\/schema\/person\/image\/","url":"https:\/\/secure.gravatar.com\/avatar\/252f169abe8ee815746433e68b4eaf99c7f991aa4da64e1bc97505ca39ff93e4?s=96&d=mm&r=g","contentUrl":"https:\/\/secure.gravatar.com\/avatar\/252f169abe8ee815746433e68b4eaf99c7f991aa4da64e1bc97505ca39ff93e4?s=96&d=mm&r=g","caption":"Nubia Rangel"},"sameAs":["https:\/\/www.uai.com.br\/uainoticias\/"],"url":"https:\/\/www.uai.com.br\/uainoticias\/author\/nubiamyth\/"}]}},"_links":{"self":[{"href":"https:\/\/www.uai.com.br\/uainoticias\/wp-json\/wp\/v2\/posts\/128110","targetHints":{"allow":["GET"]}}],"collection":[{"href":"https:\/\/www.uai.com.br\/uainoticias\/wp-json\/wp\/v2\/posts"}],"about":[{"href":"https:\/\/www.uai.com.br\/uainoticias\/wp-json\/wp\/v2\/types\/post"}],"author":[{"embeddable":true,"href":"https:\/\/www.uai.com.br\/uainoticias\/wp-json\/wp\/v2\/users\/6"}],"replies":[{"embeddable":true,"href":"https:\/\/www.uai.com.br\/uainoticias\/wp-json\/wp\/v2\/comments?post=128110"}],"version-history":[{"count":2,"href":"https:\/\/www.uai.com.br\/uainoticias\/wp-json\/wp\/v2\/posts\/128110\/revisions"}],"predecessor-version":[{"id":128120,"href":"https:\/\/www.uai.com.br\/uainoticias\/wp-json\/wp\/v2\/posts\/128110\/revisions\/128120"}],"wp:featuredmedia":[{"embeddable":true,"href":"https:\/\/www.uai.com.br\/uainoticias\/wp-json\/wp\/v2\/media\/128118"}],"wp:attachment":[{"href":"https:\/\/www.uai.com.br\/uainoticias\/wp-json\/wp\/v2\/media?parent=128110"}],"wp:term":[{"taxonomy":"category","embeddable":true,"href":"https:\/\/www.uai.com.br\/uainoticias\/wp-json\/wp\/v2\/categories?post=128110"},{"taxonomy":"post_tag","embeddable":true,"href":"https:\/\/www.uai.com.br\/uainoticias\/wp-json\/wp\/v2\/tags?post=128110"}],"curies":[{"name":"wp","href":"https:\/\/api.w.org\/{rel}","templated":true}]}}