{"id":127831,"date":"2026-04-28T09:20:00","date_gmt":"2026-04-28T12:20:00","guid":{"rendered":"https:\/\/www.uai.com.br\/uainoticias\/?p=127831"},"modified":"2026-04-27T16:53:05","modified_gmt":"2026-04-27T19:53:05","slug":"a-fruta-de-cacho-que-marcou-a-infancia-no-interior-e-pode-ser-cultivada-dentro-de-casa-produzindo-o-ano-inteiro","status":"publish","type":"post","link":"https:\/\/www.uai.com.br\/uainoticias\/2026\/04\/28\/a-fruta-de-cacho-que-marcou-a-infancia-no-interior-e-pode-ser-cultivada-dentro-de-casa-produzindo-o-ano-inteiro\/","title":{"rendered":"A fruta de cacho que marcou a inf\u00e2ncia no interior e pode ser cultivada dentro de casa produzindo o ano inteiro"},"content":{"rendered":"\n<p>A jabuticabeira h\u00edbrida resgata mem\u00f3rias afetivas do campo e se adapta perfeitamente ao cultivo em vasos modernos. Essa variedade permite colher frutos frescos em qualquer esta\u00e7\u00e3o do ano, mesmo dentro de pequenos apartamentos.<\/p>\n\n\n\n<h2 class=\"wp-block-heading\">Por que a jabuticabeira h\u00edbrida \u00e9 a escolha ideal para o cultivo dom\u00e9stico?<\/h2>\n\n\n\n<p>Diferente das esp\u00e9cies nativas encontradas nas matas, a vers\u00e3o h\u00edbrida come\u00e7a a produzir frutos em pouco tempo e com porte reduzido. Essa caracter\u00edstica t\u00e9cnica permite que o arbusto seja mantido em vasos sem perder a produtividade.<\/p>\n\n\n\n<p>A planta se adapta bem a ambientes com incid\u00eancia solar direta em varandas ou janelas espa\u00e7osas. Ela mant\u00e9m o ciclo de flora\u00e7\u00e3o e frutifica\u00e7\u00e3o ativo durante os doze meses do ano se receber os nutrientes necess\u00e1rios para o crescimento.<\/p>\n\n\n\n<p>Assista ao v\u00eddeo do canal <strong>Jabuticabeira Produzindo<\/strong>, que conta com <strong>28,6 mil <\/strong>inscritos. O v\u00eddeo apresenta as principais caracter\u00edsticas da <strong>Jabuticabeira H\u00edbrida<\/strong>, explicando as vantagens desta variedade, como o porte menor e a capacidade de produzir frutos diversas vezes ao ano, sendo ideal para o cultivo em vasos e pequenos espa\u00e7os:<\/p>\n\n\n\n<figure class=\"wp-block-embed is-type-video is-provider-youtube wp-block-embed-youtube wp-embed-aspect-16-9 wp-has-aspect-ratio\"><div class=\"wp-block-embed__wrapper\">\n<div class=\"jeg_video_container jeg_video_content\"><iframe loading=\"lazy\" title=\"O que \u00e9 uma Jabuticabeira H\u00edbrida?\" width=\"500\" height=\"281\" src=\"https:\/\/www.youtube.com\/embed\/qvXjouluWJI?feature=oembed\" frameborder=\"0\" allow=\"accelerometer; autoplay; clipboard-write; encrypted-media; gyroscope; picture-in-picture; web-share\" referrerpolicy=\"strict-origin-when-cross-origin\" allowfullscreen><\/iframe><\/div>\n<\/div><\/figure>\n\n\n\n<p>Leia tamb\u00e9m: <strong><a href=\"https:\/\/www.uai.com.br\/uainoticias\/2026\/04\/27\/a-fruta-azedinha-que-marcou-a-infancia-dos-nossos-pais-e-pode-ser-plantada-no-canto-do-muro-sem-estourar-o-piso\/\" target=\"_blank\" rel=\"noreferrer noopener\">A fruta azedinha que marcou a inf\u00e2ncia dos nossos pais e pode ser plantada no canto do muro sem estourar o piso<\/a><\/strong><\/p>\n\n\n\n<h2 class=\"wp-block-heading\">Quais s\u00e3o os cuidados essenciais para manter a planta saud\u00e1vel em vasos?<\/h2>\n\n\n\n<p>O cultivo em recipientes exige uma aten\u00e7\u00e3o redobrada com a drenagem do solo e a frequ\u00eancia das regas para evitar o apodrecimento das ra\u00edzes. \u00c9 fundamental utilizar uma mistura de terra rica em mat\u00e9ria org\u00e2nica para garantir o vigor necess\u00e1rio.<\/p>\n\n\n\n<p>Veja os pontos fundamentais para assegurar que sua planta produza frutos doces e suculentos em todas as esta\u00e7\u00f5es:<\/p>\n\n\n\n<ul class=\"wp-block-list\">\n<li>Mantenha a terra sempre \u00famida, mas nunca encharcada.<\/li>\n\n\n\n<li>Aplique adubos ricos em f\u00f3sforo para estimular a flora\u00e7\u00e3o constante.<\/li>\n\n\n\n<li>Garanta pelo menos seis horas de sol direto diariamente no local.<\/li>\n\n\n\n<li>Realize podas de limpeza para remover galhos secos e doentes.<\/li>\n<\/ul>\n\n\n\n<h2 class=\"wp-block-heading\">Qual a ficha t\u00e9cnica desta frut\u00edfera para o planejamento do jardim?<\/h2>\n\n\n\n<p>Analisar as especifica\u00e7\u00f5es bot\u00e2nicas ajuda a definir o melhor local para o posicionamento do vaso dentro da resid\u00eancia ou na \u00e1rea externa. O crescimento controlado \u00e9 uma das maiores vantagens para quem possui limita\u00e7\u00f5es de espa\u00e7o f\u00edsico.<\/p>\n\n\n\n<p>Confira os dados t\u00e9cnicos estruturados sobre esta esp\u00e9cie que se tornou a favorita para o cultivo residencial em todo o <strong>Brasil<\/strong>:<\/p>\n\n\n\n<figure class=\"wp-block-image size-large\"><img decoding=\"async\" width=\"1024\" height=\"374\" src=\"https:\/\/www.uai.com.br\/uainoticias\/wp-content\/uploads\/2026\/04\/Jabuticabeira-hibrida-tabela-1024x374.jpg\" alt=\"\" class=\"wp-image-127867\" srcset=\"https:\/\/www.uai.com.br\/uainoticias\/wp-content\/uploads\/2026\/04\/Jabuticabeira-hibrida-tabela-1024x374.jpg 1024w, https:\/\/www.uai.com.br\/uainoticias\/wp-content\/uploads\/2026\/04\/Jabuticabeira-hibrida-tabela-300x109.jpg 300w, https:\/\/www.uai.com.br\/uainoticias\/wp-content\/uploads\/2026\/04\/Jabuticabeira-hibrida-tabela-768x280.jpg 768w, https:\/\/www.uai.com.br\/uainoticias\/wp-content\/uploads\/2026\/04\/Jabuticabeira-hibrida-tabela-750x274.jpg 750w, https:\/\/www.uai.com.br\/uainoticias\/wp-content\/uploads\/2026\/04\/Jabuticabeira-hibrida-tabela-1140x416.jpg 1140w, https:\/\/www.uai.com.br\/uainoticias\/wp-content\/uploads\/2026\/04\/Jabuticabeira-hibrida-tabela.jpg 1280w\" sizes=\"(max-width: 1024px) 100vw, 1024px\" \/><\/figure>\n\n\n\n<h2 class=\"wp-block-heading\">Como a poda correta influencia a produ\u00e7\u00e3o de frutos no tronco?<\/h2>\n\n\n\n<p>A fruta nasce diretamente no caule, por isso a entrada de luz solar no centro da copa \u00e9 determinante para a produtividade. Remover o excesso de folhagem interna permite que os bot\u00f5es florais se desenvolvam com mais for\u00e7a na planta.<\/p>\n\n\n\n<p>O manejo deve ser feito com ferramentas limpas e afiadas para evitar a entrada de fungos na madeira. Essa t\u00e9cnica de jardinagem garante que a planta concentre energia na matura\u00e7\u00e3o dos frutos em vez de apenas crescer em altura.<\/p>\n\n\n\n<figure class=\"wp-block-image size-large\"><img decoding=\"async\" width=\"1024\" height=\"576\" src=\"https:\/\/www.uai.com.br\/uainoticias\/wp-content\/uploads\/2026\/04\/Jabuticabeira-hibrida-2-1024x576.jpg\" alt=\"\" class=\"wp-image-127872\" srcset=\"https:\/\/www.uai.com.br\/uainoticias\/wp-content\/uploads\/2026\/04\/Jabuticabeira-hibrida-2-1024x576.jpg 1024w, https:\/\/www.uai.com.br\/uainoticias\/wp-content\/uploads\/2026\/04\/Jabuticabeira-hibrida-2-300x169.jpg 300w, https:\/\/www.uai.com.br\/uainoticias\/wp-content\/uploads\/2026\/04\/Jabuticabeira-hibrida-2-768x432.jpg 768w, https:\/\/www.uai.com.br\/uainoticias\/wp-content\/uploads\/2026\/04\/Jabuticabeira-hibrida-2-750x422.jpg 750w, https:\/\/www.uai.com.br\/uainoticias\/wp-content\/uploads\/2026\/04\/Jabuticabeira-hibrida-2-1140x641.jpg 1140w, https:\/\/www.uai.com.br\/uainoticias\/wp-content\/uploads\/2026\/04\/Jabuticabeira-hibrida-2.jpg 1280w\" sizes=\"(max-width: 1024px) 100vw, 1024px\" \/><figcaption class=\"wp-element-caption\">Veja como manter frut\u00edfera em vaso saud\u00e1vel com produ\u00e7\u00e3o constante e frutos frescos mesmo em apartamentos &#8211; Cr\u00e9ditos: Imagem Ilustrativa<\/figcaption><\/figure>\n\n\n\n<p>Leia tamb\u00e9m: <strong><a href=\"https:\/\/www.uai.com.br\/uainoticias\/2026\/04\/27\/como-eliminar-manchas-brancas-das-suculentas-em-menos-de-um-minuto-truque-caseiro-eficaz-usando-oleo-mineral\/\" target=\"_blank\" rel=\"noreferrer noopener\">Como eliminar manchas brancas das suculentas em menos de um minuto: truque caseiro eficaz usando \u00f3leo mineral<\/a><\/strong><\/p>\n\n\n\n<h2 class=\"wp-block-heading\">Quais s\u00e3o os benef\u00edcios de ter uma frut\u00edfera dentro de casa?<\/h2>\n\n\n\n<p>Al\u00e9m de fornecer alimento fresco e livre de agrot\u00f3xicos, a presen\u00e7a da planta melhora a qualidade do ar e a est\u00e9tica do ambiente. O contato com a natureza dentro de casa reduz os n\u00edveis de estresse no cotidiano urbano de qualquer cidade.<\/p>\n\n\n\n<p>Cultivar uma \u00e1rvore que remete \u00e0 inf\u00e2ncia promove uma sensa\u00e7\u00e3o de bem-estar e conex\u00e3o com as ra\u00edzes culturais. \u00c9 um investimento em sa\u00fade e decora\u00e7\u00e3o que traz vida e sabor para o lar de maneira muito pr\u00e1tica e sustent\u00e1vel.<\/p>\n","protected":false},"excerpt":{"rendered":"<p>A jabuticabeira h\u00edbrida resgata mem\u00f3rias afetivas do campo e se adapta perfeitamente ao cultivo em vasos modernos. Essa variedade permite colher frutos frescos em qualquer esta\u00e7\u00e3o do ano, mesmo dentro de pequenos apartamentos. Por que a jabuticabeira h\u00edbrida \u00e9 a escolha ideal para o cultivo dom\u00e9stico? Diferente das esp\u00e9cies nativas encontradas nas matas, a vers\u00e3o [&hellip;]<\/p>\n","protected":false},"author":29,"featured_media":127871,"comment_status":"open","ping_status":"open","sticky":false,"template":"","format":"standard","meta":{"jnews-multi-image_gallery":[],"jnews_single_post":{"format":"standard"},"jnews_primary_category":[],"jnews_social_meta":[],"jnews_override_counter":[],"footnotes":""},"categories":[11599],"tags":[23530,1022,23532],"class_list":["post-127831","post","type-post","status-publish","format-standard","has-post-thumbnail","hentry","category-jardinagem","tag-cacho","tag-fruta","tag-jabuticabeira-hibrida"],"yoast_head":"<!-- This site is optimized with the Yoast SEO plugin v26.5 - https:\/\/yoast.com\/wordpress\/plugins\/seo\/ -->\n<title>A fruta de cacho que marcou a inf\u00e2ncia no interior e pode ser cultivada dentro de casa produzindo o ano inteiro - UAI Not\u00edcias<\/title>\n<meta name=\"description\" content=\"Frut\u00edfera compacta em vaso produz o ano todo e leva sabor fresco para varandas com f\u00e1cil cultivo e manuten\u00e7\u00e3o\" \/>\n<meta name=\"robots\" content=\"index, follow, max-snippet:-1, max-image-preview:large, max-video-preview:-1\" \/>\n<link rel=\"canonical\" href=\"https:\/\/www.uai.com.br\/uainoticias\/2026\/04\/28\/a-fruta-de-cacho-que-marcou-a-infancia-no-interior-e-pode-ser-cultivada-dentro-de-casa-produzindo-o-ano-inteiro\/\" \/>\n<meta property=\"og:locale\" content=\"pt_BR\" \/>\n<meta property=\"og:type\" content=\"article\" \/>\n<meta property=\"og:title\" content=\"A fruta de cacho que marcou a inf\u00e2ncia no interior e pode ser cultivada dentro de casa produzindo o ano inteiro - UAI Not\u00edcias\" \/>\n<meta property=\"og:description\" content=\"Frut\u00edfera compacta em vaso produz o ano todo e leva sabor fresco para varandas com f\u00e1cil cultivo e manuten\u00e7\u00e3o\" \/>\n<meta property=\"og:url\" content=\"https:\/\/www.uai.com.br\/uainoticias\/2026\/04\/28\/a-fruta-de-cacho-que-marcou-a-infancia-no-interior-e-pode-ser-cultivada-dentro-de-casa-produzindo-o-ano-inteiro\/\" \/>\n<meta property=\"og:site_name\" content=\"UAI Not\u00edcias\" \/>\n<meta property=\"article:published_time\" content=\"2026-04-28T12:20:00+00:00\" \/>\n<meta property=\"og:image\" content=\"https:\/\/www.uai.com.br\/uainoticias\/wp-content\/uploads\/2026\/04\/Jabuticabeira-hibrida-1.jpg\" \/>\n\t<meta property=\"og:image:width\" content=\"1280\" \/>\n\t<meta property=\"og:image:height\" content=\"720\" \/>\n\t<meta property=\"og:image:type\" content=\"image\/jpeg\" \/>\n<meta name=\"author\" content=\"Leonardo Nunes\" \/>\n<meta name=\"twitter:card\" content=\"summary_large_image\" \/>\n<meta name=\"twitter:label1\" content=\"Escrito por\" \/>\n\t<meta name=\"twitter:data1\" content=\"Leonardo Nunes\" \/>\n\t<meta name=\"twitter:label2\" content=\"Est. tempo de leitura\" \/>\n\t<meta name=\"twitter:data2\" content=\"4 minutos\" \/>\n<!-- \/ Yoast SEO plugin. -->","yoast_head_json":{"title":"A fruta de cacho que marcou a inf\u00e2ncia no interior e pode ser cultivada dentro de casa produzindo o ano inteiro - UAI Not\u00edcias","description":"Frut\u00edfera compacta em vaso produz o ano todo e leva sabor fresco para varandas com f\u00e1cil cultivo e manuten\u00e7\u00e3o","robots":{"index":"index","follow":"follow","max-snippet":"max-snippet:-1","max-image-preview":"max-image-preview:large","max-video-preview":"max-video-preview:-1"},"canonical":"https:\/\/www.uai.com.br\/uainoticias\/2026\/04\/28\/a-fruta-de-cacho-que-marcou-a-infancia-no-interior-e-pode-ser-cultivada-dentro-de-casa-produzindo-o-ano-inteiro\/","og_locale":"pt_BR","og_type":"article","og_title":"A fruta de cacho que marcou a inf\u00e2ncia no interior e pode ser cultivada dentro de casa produzindo o ano inteiro - UAI Not\u00edcias","og_description":"Frut\u00edfera compacta em vaso produz o ano todo e leva sabor fresco para varandas com f\u00e1cil cultivo e manuten\u00e7\u00e3o","og_url":"https:\/\/www.uai.com.br\/uainoticias\/2026\/04\/28\/a-fruta-de-cacho-que-marcou-a-infancia-no-interior-e-pode-ser-cultivada-dentro-de-casa-produzindo-o-ano-inteiro\/","og_site_name":"UAI Not\u00edcias","article_published_time":"2026-04-28T12:20:00+00:00","og_image":[{"width":1280,"height":720,"url":"https:\/\/www.uai.com.br\/uainoticias\/wp-content\/uploads\/2026\/04\/Jabuticabeira-hibrida-1.jpg","type":"image\/jpeg"}],"author":"Leonardo Nunes","twitter_card":"summary_large_image","twitter_misc":{"Escrito por":"Leonardo Nunes","Est. tempo de leitura":"4 minutos"},"schema":{"@context":"https:\/\/schema.org","@graph":[{"@type":"WebPage","@id":"https:\/\/www.uai.com.br\/uainoticias\/2026\/04\/28\/a-fruta-de-cacho-que-marcou-a-infancia-no-interior-e-pode-ser-cultivada-dentro-de-casa-produzindo-o-ano-inteiro\/","url":"https:\/\/www.uai.com.br\/uainoticias\/2026\/04\/28\/a-fruta-de-cacho-que-marcou-a-infancia-no-interior-e-pode-ser-cultivada-dentro-de-casa-produzindo-o-ano-inteiro\/","name":"A fruta de cacho que marcou a inf\u00e2ncia no interior e pode ser cultivada dentro de casa produzindo o ano inteiro - UAI Not\u00edcias","isPartOf":{"@id":"https:\/\/www.uai.com.br\/uainoticias\/#website"},"primaryImageOfPage":{"@id":"https:\/\/www.uai.com.br\/uainoticias\/2026\/04\/28\/a-fruta-de-cacho-que-marcou-a-infancia-no-interior-e-pode-ser-cultivada-dentro-de-casa-produzindo-o-ano-inteiro\/#primaryimage"},"image":{"@id":"https:\/\/www.uai.com.br\/uainoticias\/2026\/04\/28\/a-fruta-de-cacho-que-marcou-a-infancia-no-interior-e-pode-ser-cultivada-dentro-de-casa-produzindo-o-ano-inteiro\/#primaryimage"},"thumbnailUrl":"https:\/\/www.uai.com.br\/uainoticias\/wp-content\/uploads\/2026\/04\/Jabuticabeira-hibrida-1.jpg","datePublished":"2026-04-28T12:20:00+00:00","author":{"@id":"https:\/\/www.uai.com.br\/uainoticias\/#\/schema\/person\/f57cbcb79cae89ff53b4e2a7511676fb"},"description":"Frut\u00edfera compacta em vaso produz o ano todo e leva sabor fresco para varandas com f\u00e1cil cultivo e manuten\u00e7\u00e3o","breadcrumb":{"@id":"https:\/\/www.uai.com.br\/uainoticias\/2026\/04\/28\/a-fruta-de-cacho-que-marcou-a-infancia-no-interior-e-pode-ser-cultivada-dentro-de-casa-produzindo-o-ano-inteiro\/#breadcrumb"},"inLanguage":"pt-BR","potentialAction":[{"@type":"ReadAction","target":["https:\/\/www.uai.com.br\/uainoticias\/2026\/04\/28\/a-fruta-de-cacho-que-marcou-a-infancia-no-interior-e-pode-ser-cultivada-dentro-de-casa-produzindo-o-ano-inteiro\/"]}]},{"@type":"ImageObject","inLanguage":"pt-BR","@id":"https:\/\/www.uai.com.br\/uainoticias\/2026\/04\/28\/a-fruta-de-cacho-que-marcou-a-infancia-no-interior-e-pode-ser-cultivada-dentro-de-casa-produzindo-o-ano-inteiro\/#primaryimage","url":"https:\/\/www.uai.com.br\/uainoticias\/wp-content\/uploads\/2026\/04\/Jabuticabeira-hibrida-1.jpg","contentUrl":"https:\/\/www.uai.com.br\/uainoticias\/wp-content\/uploads\/2026\/04\/Jabuticabeira-hibrida-1.jpg","width":1280,"height":720,"caption":"Cultivo dom\u00e9stico de frut\u00edfera em vaso garante colheita frequente com porte reduzido e adapta\u00e7\u00e3o a pequenos espa\u00e7os - Cr\u00e9ditos: Imagem Ilustrativa"},{"@type":"BreadcrumbList","@id":"https:\/\/www.uai.com.br\/uainoticias\/2026\/04\/28\/a-fruta-de-cacho-que-marcou-a-infancia-no-interior-e-pode-ser-cultivada-dentro-de-casa-produzindo-o-ano-inteiro\/#breadcrumb","itemListElement":[{"@type":"ListItem","position":1,"name":"In\u00edcio","item":"https:\/\/www.uai.com.br\/uainoticias\/"},{"@type":"ListItem","position":2,"name":"A fruta de cacho que marcou a inf\u00e2ncia no interior e pode ser cultivada dentro de casa produzindo o ano inteiro"}]},{"@type":"WebSite","@id":"https:\/\/www.uai.com.br\/uainoticias\/#website","url":"https:\/\/www.uai.com.br\/uainoticias\/","name":"UAI Not\u00edcias","description":"Acompanhe as \u00faltimas not\u00edcias e fique bem informado sobre tudo o que acontece no Brasil e no mundo.","potentialAction":[{"@type":"SearchAction","target":{"@type":"EntryPoint","urlTemplate":"https:\/\/www.uai.com.br\/uainoticias\/?s={search_term_string}"},"query-input":{"@type":"PropertyValueSpecification","valueRequired":true,"valueName":"search_term_string"}}],"inLanguage":"pt-BR"},{"@type":"Person","@id":"https:\/\/www.uai.com.br\/uainoticias\/#\/schema\/person\/f57cbcb79cae89ff53b4e2a7511676fb","name":"Leonardo Nunes","image":{"@type":"ImageObject","inLanguage":"pt-BR","@id":"https:\/\/www.uai.com.br\/uainoticias\/#\/schema\/person\/image\/","url":"https:\/\/secure.gravatar.com\/avatar\/bcbad95ea1da2f5458464789977fbb5ca8a5da4f7f82d946c83505ef5f769a9c?s=96&d=mm&r=g","contentUrl":"https:\/\/secure.gravatar.com\/avatar\/bcbad95ea1da2f5458464789977fbb5ca8a5da4f7f82d946c83505ef5f769a9c?s=96&d=mm&r=g","caption":"Leonardo Nunes"},"sameAs":["https:\/\/www.uai.com.br\/uainoticias\/"],"url":"https:\/\/www.uai.com.br\/uainoticias\/author\/leonardo-nunes\/"}]}},"_links":{"self":[{"href":"https:\/\/www.uai.com.br\/uainoticias\/wp-json\/wp\/v2\/posts\/127831","targetHints":{"allow":["GET"]}}],"collection":[{"href":"https:\/\/www.uai.com.br\/uainoticias\/wp-json\/wp\/v2\/posts"}],"about":[{"href":"https:\/\/www.uai.com.br\/uainoticias\/wp-json\/wp\/v2\/types\/post"}],"author":[{"embeddable":true,"href":"https:\/\/www.uai.com.br\/uainoticias\/wp-json\/wp\/v2\/users\/29"}],"replies":[{"embeddable":true,"href":"https:\/\/www.uai.com.br\/uainoticias\/wp-json\/wp\/v2\/comments?post=127831"}],"version-history":[{"count":2,"href":"https:\/\/www.uai.com.br\/uainoticias\/wp-json\/wp\/v2\/posts\/127831\/revisions"}],"predecessor-version":[{"id":127878,"href":"https:\/\/www.uai.com.br\/uainoticias\/wp-json\/wp\/v2\/posts\/127831\/revisions\/127878"}],"wp:featuredmedia":[{"embeddable":true,"href":"https:\/\/www.uai.com.br\/uainoticias\/wp-json\/wp\/v2\/media\/127871"}],"wp:attachment":[{"href":"https:\/\/www.uai.com.br\/uainoticias\/wp-json\/wp\/v2\/media?parent=127831"}],"wp:term":[{"taxonomy":"category","embeddable":true,"href":"https:\/\/www.uai.com.br\/uainoticias\/wp-json\/wp\/v2\/categories?post=127831"},{"taxonomy":"post_tag","embeddable":true,"href":"https:\/\/www.uai.com.br\/uainoticias\/wp-json\/wp\/v2\/tags?post=127831"}],"curies":[{"name":"wp","href":"https:\/\/api.w.org\/{rel}","templated":true}]}}