{"id":127828,"date":"2026-04-28T17:20:00","date_gmt":"2026-04-28T20:20:00","guid":{"rendered":"https:\/\/www.uai.com.br\/uainoticias\/?p=127828"},"modified":"2026-04-27T17:14:03","modified_gmt":"2026-04-27T20:14:03","slug":"o-espinafre-germina-como-fermento-ao-regar-a-semente-adicione-meia-xicara-de-infusao-fria-de-casca-de-cebola","status":"publish","type":"post","link":"https:\/\/www.uai.com.br\/uainoticias\/2026\/04\/28\/o-espinafre-germina-como-fermento-ao-regar-a-semente-adicione-meia-xicara-de-infusao-fria-de-casca-de-cebola\/","title":{"rendered":"O espinafre germina como fermento: ao regar a semente, adicione meia x\u00edcara de infus\u00e3o fria de casca de cebola"},"content":{"rendered":"\n<p>O uso de infus\u00f5es naturais na horta caseira potencializa o desenvolvimento inicial de hortali\u00e7as sens\u00edveis como o espinafre. A casca de cebola atua como um bioestimulante que acelera a quebra de dorm\u00eancia das sementes de forma org\u00e2nica.<\/p>\n\n\n\n<h2 class=\"wp-block-heading\">Por que a casca de cebola auxilia na germina\u00e7\u00e3o do espinafre?<\/h2>\n\n\n\n<p>A casca desse vegetal \u00e9 rica em minerais que s\u00e3o fundamentais para o despertar do embri\u00e3o e o fortalecimento inicial. Quando esses nutrientes s\u00e3o liberados na \u00e1gua, eles auxiliam na forma\u00e7\u00e3o das ra\u00edzes prim\u00e1rias da esp\u00e9cie <strong>Nova Zel\u00e2ndia<\/strong>.<\/p>\n\n\n\n<p>Al\u00e9m disso, compostos presentes na casca possuem propriedades que protegem a semente durante o per\u00edodo cr\u00edtico na terra. Essa prote\u00e7\u00e3o natural \u00e9 recomendada por t\u00e9cnicos da <strong>Embrapa<\/strong> para evitar o apodrecimento precoce em solos \u00famidos.<\/p>\n\n\n\n<figure class=\"wp-block-image size-large\"><img decoding=\"async\" width=\"1024\" height=\"576\" src=\"https:\/\/www.uai.com.br\/uainoticias\/wp-content\/uploads\/2026\/04\/Espinafre-2-1024x576.jpg\" alt=\"\" class=\"wp-image-127888\" srcset=\"https:\/\/www.uai.com.br\/uainoticias\/wp-content\/uploads\/2026\/04\/Espinafre-2-1024x576.jpg 1024w, https:\/\/www.uai.com.br\/uainoticias\/wp-content\/uploads\/2026\/04\/Espinafre-2-300x169.jpg 300w, https:\/\/www.uai.com.br\/uainoticias\/wp-content\/uploads\/2026\/04\/Espinafre-2-768x432.jpg 768w, https:\/\/www.uai.com.br\/uainoticias\/wp-content\/uploads\/2026\/04\/Espinafre-2-750x422.jpg 750w, https:\/\/www.uai.com.br\/uainoticias\/wp-content\/uploads\/2026\/04\/Espinafre-2-1140x641.jpg 1140w, https:\/\/www.uai.com.br\/uainoticias\/wp-content\/uploads\/2026\/04\/Espinafre-2.jpg 1280w\" sizes=\"(max-width: 1024px) 100vw, 1024px\" \/><figcaption class=\"wp-element-caption\">Saiba como usar infus\u00e3o natural na horta e melhorar a germina\u00e7\u00e3o do espinafre com nutrientes org\u00e2nicos &#8211; Cr\u00e9ditos: Imagem Ilustrativa<\/figcaption><\/figure>\n\n\n\n<p>Leia tamb\u00e9m: <strong><a href=\"https:\/\/www.uai.com.br\/uainoticias\/2026\/04\/27\/a-fruta-azedinha-que-marcou-a-infancia-dos-nossos-pais-e-pode-ser-plantada-no-canto-do-muro-sem-estourar-o-piso\/\" target=\"_blank\" rel=\"noreferrer noopener\">A fruta azedinha que marcou a inf\u00e2ncia dos nossos pais e pode ser plantada no canto do muro sem estourar o piso<\/a><\/strong><\/p>\n\n\n\n<h2 class=\"wp-block-heading\">Como preparar a infus\u00e3o de forma correta para a horta?<\/h2>\n\n\n\n<p>O preparo exige aten\u00e7\u00e3o ao tempo de repouso para garantir que os nutrientes essenciais sejam extra\u00eddos de forma eficiente. \u00c9 recomend\u00e1vel utilizar \u00e1gua filtrada para preservar a integridade dos compostos que auxiliam no crescimento vegetal saud\u00e1vel.<\/p>\n\n\n\n<p>Abaixo, apresentamos a ficha t\u00e9cnica para o preparo ideal desta solu\u00e7\u00e3o natural que pode ser aplicada em diferentes tipos de cultivos residenciais no <strong>Brasil<\/strong>:<\/p>\n\n\n\n<figure class=\"wp-block-image size-large\"><img decoding=\"async\" width=\"1024\" height=\"374\" src=\"https:\/\/www.uai.com.br\/uainoticias\/wp-content\/uploads\/2026\/04\/Espinavre-colheita-tabela-1024x374.jpg\" alt=\"\" class=\"wp-image-127893\" srcset=\"https:\/\/www.uai.com.br\/uainoticias\/wp-content\/uploads\/2026\/04\/Espinavre-colheita-tabela-1024x374.jpg 1024w, https:\/\/www.uai.com.br\/uainoticias\/wp-content\/uploads\/2026\/04\/Espinavre-colheita-tabela-300x109.jpg 300w, https:\/\/www.uai.com.br\/uainoticias\/wp-content\/uploads\/2026\/04\/Espinavre-colheita-tabela-768x280.jpg 768w, https:\/\/www.uai.com.br\/uainoticias\/wp-content\/uploads\/2026\/04\/Espinavre-colheita-tabela-750x274.jpg 750w, https:\/\/www.uai.com.br\/uainoticias\/wp-content\/uploads\/2026\/04\/Espinavre-colheita-tabela-1140x416.jpg 1140w, https:\/\/www.uai.com.br\/uainoticias\/wp-content\/uploads\/2026\/04\/Espinavre-colheita-tabela.jpg 1280w\" sizes=\"(max-width: 1024px) 100vw, 1024px\" \/><\/figure>\n\n\n\n<h2 class=\"wp-block-heading\">Qual \u00e9 o momento ideal para aplicar a solu\u00e7\u00e3o nas sementes?<\/h2>\n\n\n\n<p>A aplica\u00e7\u00e3o deve ocorrer logo ap\u00f3s o semeio no solo para que a umidade rica em nutrientes penetre imediatamente no tegumento. Essa t\u00e9cnica garante que a planta receba os est\u00edmulos minerais necess\u00e1rios seguindo as normas t\u00e9cnicas de seguran\u00e7a da <strong>Anvisa<\/strong>.<\/p>\n\n\n\n<p>Confira as orienta\u00e7\u00f5es fundamentais para garantir que a rega com a infus\u00e3o proporcione os melhores resultados poss\u00edveis para a sua colheita caseira:<\/p>\n\n\n\n<ul class=\"wp-block-list\">\n<li>Regue suavemente para n\u00e3o deslocar a semente da profundidade correta no vaso.<\/li>\n\n\n\n<li>Utilize apenas meia x\u00edcara por cova para evitar o encharcamento do substrato.<\/li>\n\n\n\n<li>Garanta que o solo esteja bem drenado para que a solu\u00e7\u00e3o circule livremente.<\/li>\n\n\n\n<li>Aplique a infus\u00e3o preferencialmente no final da tarde para evitar a evapora\u00e7\u00e3o r\u00e1pida.<\/li>\n<\/ul>\n\n\n\n<h2 class=\"wp-block-heading\">Quais s\u00e3o os benef\u00edcios nutricionais para o desenvolvimento inicial?<\/h2>\n\n\n\n<p>O vegetal cultivado com esse refor\u00e7o apresenta ra\u00edzes mais vigorosas e folhas com colora\u00e7\u00e3o verde mais intensa desde cedo. O aporte de nutrientes contribui diretamente para a fotoss\u00edntese eficiente das plantas jovens que crescem no <strong>Brasil<\/strong>.<\/p>\n\n\n\n<p>Essa pr\u00e1tica reduz a necessidade de fertilizantes qu\u00edmicos pesados que podem prejudicar a qualidade final do alimento produzido. O resultado \u00e9 uma hortali\u00e7a mais saud\u00e1vel e livre de res\u00edduos sint\u00e9ticos indesejados para o consumo da fam\u00edlia.<\/p>\n\n\n\n<p>Assista ao v\u00eddeo do canal <strong>Vida Verde Sistemas Sustent\u00e1veis<\/strong>, que conta com <strong>1,96 milh\u00e3o<\/strong> de inscritos. O v\u00eddeo ensina o passo a passo completo de como cultivar <strong>espinafre<\/strong>, abrangendo desde o processo inicial de germina\u00e7\u00e3o das sementes at\u00e9 o momento ideal da colheita, com dicas pr\u00e1ticas para garantir o desenvolvimento saud\u00e1vel da horta:<\/p>\n\n\n\n<figure class=\"wp-block-embed is-type-video is-provider-youtube wp-block-embed-youtube wp-embed-aspect-16-9 wp-has-aspect-ratio\"><div class=\"wp-block-embed__wrapper\">\n<div class=\"jeg_video_container jeg_video_content\"><iframe loading=\"lazy\" title=\"Como Plantar Espinafre, passo a passo da Germina\u00e7\u00e3o at\u00e9 a Colheita\" width=\"500\" height=\"281\" src=\"https:\/\/www.youtube.com\/embed\/zIsTzKkQQ5g?feature=oembed\" frameborder=\"0\" allow=\"accelerometer; autoplay; clipboard-write; encrypted-media; gyroscope; picture-in-picture; web-share\" referrerpolicy=\"strict-origin-when-cross-origin\" allowfullscreen><\/iframe><\/div>\n<\/div><\/figure>\n\n\n\n<p>Leia tamb\u00e9m: <strong><a href=\"https:\/\/www.uai.com.br\/uainoticias\/2026\/04\/27\/como-eliminar-manchas-brancas-das-suculentas-em-menos-de-um-minuto-truque-caseiro-eficaz-usando-oleo-mineral\/\">Como eliminar manchas brancas das suculentas em menos de um minuto: truque caseiro eficaz usando \u00f3leo mineral<\/a><\/strong><\/p>\n\n\n\n<h2 class=\"wp-block-heading\">Como manter o crescimento acelerado ap\u00f3s a germina\u00e7\u00e3o inicial?<\/h2>\n\n\n\n<p>Ap\u00f3s o surgimento das primeiras folhas, a planta deve receber luz solar direta para fortalecer os tecidos vegetais. O equil\u00edbrio entre a umidade do solo e a ventila\u00e7\u00e3o \u00e9 o segredo para uma colheita produtiva e abundante.<\/p>\n\n\n\n<p>A manuten\u00e7\u00e3o da aduba\u00e7\u00e3o org\u00e2nica deve continuar em intervalos regulares para suprir as necessidades de minerais da esp\u00e9cie. Com esses cuidados simples, o seu cultivo ter\u00e1 um desenvolvimento robusto e saboroso em poucas semanas.<\/p>\n","protected":false},"excerpt":{"rendered":"<p>O uso de infus\u00f5es naturais na horta caseira potencializa o desenvolvimento inicial de hortali\u00e7as sens\u00edveis como o espinafre. A casca de cebola atua como um bioestimulante que acelera a quebra de dorm\u00eancia das sementes de forma org\u00e2nica. Por que a casca de cebola auxilia na germina\u00e7\u00e3o do espinafre? A casca desse vegetal \u00e9 rica em [&hellip;]<\/p>\n","protected":false},"author":29,"featured_media":127887,"comment_status":"open","ping_status":"open","sticky":false,"template":"","format":"standard","meta":{"jnews-multi-image_gallery":[],"jnews_single_post":{"format":"standard"},"jnews_primary_category":[],"jnews_social_meta":[],"jnews_override_counter":[],"footnotes":""},"categories":[11599],"tags":[995,8359,9992],"class_list":["post-127828","post","type-post","status-publish","format-standard","has-post-thumbnail","hentry","category-jardinagem","tag-espinafre","tag-horta","tag-semente"],"yoast_head":"<!-- This site is optimized with the Yoast SEO plugin v26.5 - https:\/\/yoast.com\/wordpress\/plugins\/seo\/ -->\n<title>O espinafre germina como fermento: ao regar a semente, adicione meia x\u00edcara de infus\u00e3o fria de casca de cebola - UAI Not\u00edcias<\/title>\n<meta name=\"description\" content=\"Aprenda como usar casca de cebola para acelerar a germina\u00e7\u00e3o do espinafre com t\u00e9cnica natural e cultivo mais saud\u00e1vel\" \/>\n<meta name=\"robots\" content=\"index, follow, max-snippet:-1, max-image-preview:large, max-video-preview:-1\" \/>\n<link rel=\"canonical\" href=\"https:\/\/www.uai.com.br\/uainoticias\/2026\/04\/28\/o-espinafre-germina-como-fermento-ao-regar-a-semente-adicione-meia-xicara-de-infusao-fria-de-casca-de-cebola\/\" \/>\n<meta property=\"og:locale\" content=\"pt_BR\" \/>\n<meta property=\"og:type\" content=\"article\" \/>\n<meta property=\"og:title\" content=\"O espinafre germina como fermento: ao regar a semente, adicione meia x\u00edcara de infus\u00e3o fria de casca de cebola - UAI Not\u00edcias\" \/>\n<meta property=\"og:description\" content=\"Aprenda como usar casca de cebola para acelerar a germina\u00e7\u00e3o do espinafre com t\u00e9cnica natural e cultivo mais saud\u00e1vel\" \/>\n<meta property=\"og:url\" content=\"https:\/\/www.uai.com.br\/uainoticias\/2026\/04\/28\/o-espinafre-germina-como-fermento-ao-regar-a-semente-adicione-meia-xicara-de-infusao-fria-de-casca-de-cebola\/\" \/>\n<meta property=\"og:site_name\" content=\"UAI Not\u00edcias\" \/>\n<meta property=\"article:published_time\" content=\"2026-04-28T20:20:00+00:00\" \/>\n<meta property=\"og:image\" content=\"https:\/\/www.uai.com.br\/uainoticias\/wp-content\/uploads\/2026\/04\/Espinafre-1.jpg\" \/>\n\t<meta property=\"og:image:width\" content=\"1280\" \/>\n\t<meta property=\"og:image:height\" content=\"720\" \/>\n\t<meta property=\"og:image:type\" content=\"image\/jpeg\" \/>\n<meta name=\"author\" content=\"Leonardo Nunes\" \/>\n<meta name=\"twitter:card\" content=\"summary_large_image\" \/>\n<meta name=\"twitter:label1\" content=\"Escrito por\" \/>\n\t<meta name=\"twitter:data1\" content=\"Leonardo Nunes\" \/>\n\t<meta name=\"twitter:label2\" content=\"Est. tempo de leitura\" \/>\n\t<meta name=\"twitter:data2\" content=\"4 minutos\" \/>\n<!-- \/ Yoast SEO plugin. -->","yoast_head_json":{"title":"O espinafre germina como fermento: ao regar a semente, adicione meia x\u00edcara de infus\u00e3o fria de casca de cebola - UAI Not\u00edcias","description":"Aprenda como usar casca de cebola para acelerar a germina\u00e7\u00e3o do espinafre com t\u00e9cnica natural e cultivo mais saud\u00e1vel","robots":{"index":"index","follow":"follow","max-snippet":"max-snippet:-1","max-image-preview":"max-image-preview:large","max-video-preview":"max-video-preview:-1"},"canonical":"https:\/\/www.uai.com.br\/uainoticias\/2026\/04\/28\/o-espinafre-germina-como-fermento-ao-regar-a-semente-adicione-meia-xicara-de-infusao-fria-de-casca-de-cebola\/","og_locale":"pt_BR","og_type":"article","og_title":"O espinafre germina como fermento: ao regar a semente, adicione meia x\u00edcara de infus\u00e3o fria de casca de cebola - UAI Not\u00edcias","og_description":"Aprenda como usar casca de cebola para acelerar a germina\u00e7\u00e3o do espinafre com t\u00e9cnica natural e cultivo mais saud\u00e1vel","og_url":"https:\/\/www.uai.com.br\/uainoticias\/2026\/04\/28\/o-espinafre-germina-como-fermento-ao-regar-a-semente-adicione-meia-xicara-de-infusao-fria-de-casca-de-cebola\/","og_site_name":"UAI Not\u00edcias","article_published_time":"2026-04-28T20:20:00+00:00","og_image":[{"width":1280,"height":720,"url":"https:\/\/www.uai.com.br\/uainoticias\/wp-content\/uploads\/2026\/04\/Espinafre-1.jpg","type":"image\/jpeg"}],"author":"Leonardo Nunes","twitter_card":"summary_large_image","twitter_misc":{"Escrito por":"Leonardo Nunes","Est. tempo de leitura":"4 minutos"},"schema":{"@context":"https:\/\/schema.org","@graph":[{"@type":"WebPage","@id":"https:\/\/www.uai.com.br\/uainoticias\/2026\/04\/28\/o-espinafre-germina-como-fermento-ao-regar-a-semente-adicione-meia-xicara-de-infusao-fria-de-casca-de-cebola\/","url":"https:\/\/www.uai.com.br\/uainoticias\/2026\/04\/28\/o-espinafre-germina-como-fermento-ao-regar-a-semente-adicione-meia-xicara-de-infusao-fria-de-casca-de-cebola\/","name":"O espinafre germina como fermento: ao regar a semente, adicione meia x\u00edcara de infus\u00e3o fria de casca de cebola - UAI Not\u00edcias","isPartOf":{"@id":"https:\/\/www.uai.com.br\/uainoticias\/#website"},"primaryImageOfPage":{"@id":"https:\/\/www.uai.com.br\/uainoticias\/2026\/04\/28\/o-espinafre-germina-como-fermento-ao-regar-a-semente-adicione-meia-xicara-de-infusao-fria-de-casca-de-cebola\/#primaryimage"},"image":{"@id":"https:\/\/www.uai.com.br\/uainoticias\/2026\/04\/28\/o-espinafre-germina-como-fermento-ao-regar-a-semente-adicione-meia-xicara-de-infusao-fria-de-casca-de-cebola\/#primaryimage"},"thumbnailUrl":"https:\/\/www.uai.com.br\/uainoticias\/wp-content\/uploads\/2026\/04\/Espinafre-1.jpg","datePublished":"2026-04-28T20:20:00+00:00","author":{"@id":"https:\/\/www.uai.com.br\/uainoticias\/#\/schema\/person\/f57cbcb79cae89ff53b4e2a7511676fb"},"description":"Aprenda como usar casca de cebola para acelerar a germina\u00e7\u00e3o do espinafre com t\u00e9cnica natural e cultivo mais saud\u00e1vel","breadcrumb":{"@id":"https:\/\/www.uai.com.br\/uainoticias\/2026\/04\/28\/o-espinafre-germina-como-fermento-ao-regar-a-semente-adicione-meia-xicara-de-infusao-fria-de-casca-de-cebola\/#breadcrumb"},"inLanguage":"pt-BR","potentialAction":[{"@type":"ReadAction","target":["https:\/\/www.uai.com.br\/uainoticias\/2026\/04\/28\/o-espinafre-germina-como-fermento-ao-regar-a-semente-adicione-meia-xicara-de-infusao-fria-de-casca-de-cebola\/"]}]},{"@type":"ImageObject","inLanguage":"pt-BR","@id":"https:\/\/www.uai.com.br\/uainoticias\/2026\/04\/28\/o-espinafre-germina-como-fermento-ao-regar-a-semente-adicione-meia-xicara-de-infusao-fria-de-casca-de-cebola\/#primaryimage","url":"https:\/\/www.uai.com.br\/uainoticias\/wp-content\/uploads\/2026\/04\/Espinafre-1.jpg","contentUrl":"https:\/\/www.uai.com.br\/uainoticias\/wp-content\/uploads\/2026\/04\/Espinafre-1.jpg","width":1280,"height":720,"caption":"Veja como preparar infus\u00e3o de casca de cebola e estimular sementes de espinafre com crescimento r\u00e1pido e org\u00e2nico - Cr\u00e9ditos: Imagem Ilustrativa"},{"@type":"BreadcrumbList","@id":"https:\/\/www.uai.com.br\/uainoticias\/2026\/04\/28\/o-espinafre-germina-como-fermento-ao-regar-a-semente-adicione-meia-xicara-de-infusao-fria-de-casca-de-cebola\/#breadcrumb","itemListElement":[{"@type":"ListItem","position":1,"name":"In\u00edcio","item":"https:\/\/www.uai.com.br\/uainoticias\/"},{"@type":"ListItem","position":2,"name":"O espinafre germina como fermento: ao regar a semente, adicione meia x\u00edcara de infus\u00e3o fria de casca de cebola"}]},{"@type":"WebSite","@id":"https:\/\/www.uai.com.br\/uainoticias\/#website","url":"https:\/\/www.uai.com.br\/uainoticias\/","name":"UAI Not\u00edcias","description":"Acompanhe as \u00faltimas not\u00edcias e fique bem informado sobre tudo o que acontece no Brasil e no mundo.","potentialAction":[{"@type":"SearchAction","target":{"@type":"EntryPoint","urlTemplate":"https:\/\/www.uai.com.br\/uainoticias\/?s={search_term_string}"},"query-input":{"@type":"PropertyValueSpecification","valueRequired":true,"valueName":"search_term_string"}}],"inLanguage":"pt-BR"},{"@type":"Person","@id":"https:\/\/www.uai.com.br\/uainoticias\/#\/schema\/person\/f57cbcb79cae89ff53b4e2a7511676fb","name":"Leonardo Nunes","image":{"@type":"ImageObject","inLanguage":"pt-BR","@id":"https:\/\/www.uai.com.br\/uainoticias\/#\/schema\/person\/image\/","url":"https:\/\/secure.gravatar.com\/avatar\/bcbad95ea1da2f5458464789977fbb5ca8a5da4f7f82d946c83505ef5f769a9c?s=96&d=mm&r=g","contentUrl":"https:\/\/secure.gravatar.com\/avatar\/bcbad95ea1da2f5458464789977fbb5ca8a5da4f7f82d946c83505ef5f769a9c?s=96&d=mm&r=g","caption":"Leonardo Nunes"},"sameAs":["https:\/\/www.uai.com.br\/uainoticias\/"],"url":"https:\/\/www.uai.com.br\/uainoticias\/author\/leonardo-nunes\/"}]}},"_links":{"self":[{"href":"https:\/\/www.uai.com.br\/uainoticias\/wp-json\/wp\/v2\/posts\/127828","targetHints":{"allow":["GET"]}}],"collection":[{"href":"https:\/\/www.uai.com.br\/uainoticias\/wp-json\/wp\/v2\/posts"}],"about":[{"href":"https:\/\/www.uai.com.br\/uainoticias\/wp-json\/wp\/v2\/types\/post"}],"author":[{"embeddable":true,"href":"https:\/\/www.uai.com.br\/uainoticias\/wp-json\/wp\/v2\/users\/29"}],"replies":[{"embeddable":true,"href":"https:\/\/www.uai.com.br\/uainoticias\/wp-json\/wp\/v2\/comments?post=127828"}],"version-history":[{"count":3,"href":"https:\/\/www.uai.com.br\/uainoticias\/wp-json\/wp\/v2\/posts\/127828\/revisions"}],"predecessor-version":[{"id":127895,"href":"https:\/\/www.uai.com.br\/uainoticias\/wp-json\/wp\/v2\/posts\/127828\/revisions\/127895"}],"wp:featuredmedia":[{"embeddable":true,"href":"https:\/\/www.uai.com.br\/uainoticias\/wp-json\/wp\/v2\/media\/127887"}],"wp:attachment":[{"href":"https:\/\/www.uai.com.br\/uainoticias\/wp-json\/wp\/v2\/media?parent=127828"}],"wp:term":[{"taxonomy":"category","embeddable":true,"href":"https:\/\/www.uai.com.br\/uainoticias\/wp-json\/wp\/v2\/categories?post=127828"},{"taxonomy":"post_tag","embeddable":true,"href":"https:\/\/www.uai.com.br\/uainoticias\/wp-json\/wp\/v2\/tags?post=127828"}],"curies":[{"name":"wp","href":"https:\/\/api.w.org\/{rel}","templated":true}]}}