{"id":127824,"date":"2026-04-28T22:15:00","date_gmt":"2026-04-29T01:15:00","guid":{"rendered":"https:\/\/www.uai.com.br\/uainoticias\/?p=127824"},"modified":"2026-04-27T16:10:53","modified_gmt":"2026-04-27T19:10:53","slug":"epicteto-teorico-do-autocontrole-e-da-liberdade-interior-nao-sao-as-coisas-que-nos-perturbam","status":"publish","type":"post","link":"https:\/\/www.uai.com.br\/uainoticias\/2026\/04\/28\/epicteto-teorico-do-autocontrole-e-da-liberdade-interior-nao-sao-as-coisas-que-nos-perturbam\/","title":{"rendered":"Epicteto, te\u00f3rico do autocontrole e da liberdade interior: \u201cN\u00e3o s\u00e3o as coisas que nos perturbam\u201d"},"content":{"rendered":"\n<link href=\"https:\/\/fonts.googleapis.com\/css2?family=Merriweather:wght@700&#038;family=Open+Sans:wght@400;600;700&#038;display=swap\" rel=\"stylesheet\">\r\n<style>\r\n.rdp-resumo-wrapper {\r\n  max-width: 620px;\r\n  margin: 28px auto;\r\n  background: #FFFFFF;\r\n  border: 1px solid #D0D0D0;\r\n  border-radius: 6px;\r\n  padding: 28px 32px;\r\n  font-family: 'Open Sans', sans-serif;\r\n  box-shadow: 0 2px 12px rgba(0,0,0,0.08);\r\n}\r\n.rdp-resumo-header {\r\n  display: flex;\r\n  align-items: center;\r\n  gap: 16px;\r\n  margin-bottom: 22px;\r\n}\r\n.rdp-resumo-line {\r\n  flex: 1;\r\n  height: 1px;\r\n  background: #D0D0D0;\r\n}\r\n.rdp-resumo-title {\r\n  font-family: 'Merriweather', serif;\r\n  font-size: 13px;\r\n  font-weight: 700;\r\n  text-transform: uppercase;\r\n  letter-spacing: 3px;\r\n  color: #1A1A1A;\r\n  white-space: nowrap;\r\n}\r\n.rdp-resumo-list {\r\n  list-style: none;\r\n  padding: 0;\r\n  margin: 0;\r\n}\r\n.rdp-resumo-item {\r\n  padding: 0 0 18px 22px;\r\n  position: relative;\r\n  line-height: 1.7;\r\n}\r\n.rdp-resumo-item:last-child {\r\n  padding-bottom: 0;\r\n}\r\n.rdp-resumo-item::before {\r\n  content: \"\";\r\n  position: absolute;\r\n  left: 0;\r\n  top: 8px;\r\n  width: 8px;\r\n  height: 8px;\r\n  background: #2B5A83;\r\n  border-radius: 50%;\r\n}\r\n.rdp-resumo-item-title {\r\n  font-size: 15px;\r\n  font-weight: 700;\r\n  color: #1A1A1A;\r\n}\r\n.rdp-resumo-item-desc {\r\n  font-size: 15px;\r\n  color: #4A4A4A;\r\n  line-height: 1.7;\r\n}\r\n@media (max-width: 768px) {\r\n  .rdp-resumo-wrapper {\r\n    max-width: 100%;\r\n    margin: 20px 12px;\r\n    padding: 22px 20px;\r\n  }\r\n}\r\n<\/style>\r\n<div class=\"rdp-resumo-wrapper\">\r\n  <div class=\"rdp-resumo-header\">\r\n    <span class=\"rdp-resumo-line\"><\/span>\r\n    <span class=\"rdp-resumo-title\">Resumo<\/span>\r\n    <span class=\"rdp-resumo-line\"><\/span>\r\n  <\/div>\r\n  <ul class=\"rdp-resumo-list\">\r\n    <li class=\"rdp-resumo-item\">\r\n      <span class=\"rdp-resumo-item-title\">Pensamento central:<\/span> <span class=\"rdp-resumo-item-desc\">Epicteto afirma que n\u00e3o s\u00e3o os fatos que perturbam, mas nossa interpreta\u00e7\u00e3o deles.<\/span>\r\n    <\/li>\r\n    <li class=\"rdp-resumo-item\">\r\n      <span class=\"rdp-resumo-item-title\">Base filos\u00f3fica:<\/span> <span class=\"rdp-resumo-item-desc\">A frase se conecta ao estoicismo, corrente que valoriza raz\u00e3o, autocontrole e liberdade interior.<\/span>\r\n    <\/li>\r\n    <li class=\"rdp-resumo-item\">\r\n      <span class=\"rdp-resumo-item-title\">Origem da ideia:<\/span> <span class=\"rdp-resumo-item-desc\">O pensamento aparece em registros de ensinamentos filos\u00f3ficos compilados por seus disc\u00edpulos na Antiguidade.<\/span>\r\n    <\/li>\r\n  <\/ul>\r\n<\/div>\n\n\n\n<p>Na tradi\u00e7\u00e3o da filosofia cl\u00e1ssica, poucas ideias s\u00e3o t\u00e3o influentes quanto a reflex\u00e3o de Epicteto: <em>\u201cN\u00e3o s\u00e3o as coisas que nos perturbam, mas as opini\u00f5es que temos sobre elas\u201d<\/em>. A frase, recorrente em seus ensinamentos, atravessa s\u00e9culos como um dos pilares do estoicismo, corrente que discute emo\u00e7\u00f5es, raz\u00e3o e comportamento humano diante dos acontecimentos da vida.<\/p>\n\n\n\n<h2 class=\"wp-block-heading\">Quem \u00e9 Epicteto e por que sua voz importa<\/h2>\n\n\n\n<p>Epicteto foi um fil\u00f3sofo grego do s\u00e9culo I, nascido como escravo e posteriormente libertado, cuja obra se tornou essencial para a tradi\u00e7\u00e3o estoica. Seus ensinamentos n\u00e3o foram escritos diretamente por ele, mas registrados por disc\u00edpulos, especialmente no <strong>Manual de Epicteto<\/strong> e nos <strong>Discursos<\/strong>.<\/p>\n\n\n\n<p>No universo da filosofia, Epicteto se destaca por tornar conceitos complexos acess\u00edveis, enfatizando pr\u00e1ticas de vida baseadas em \u00e9tica, disciplina mental e controle emocional. Sua influ\u00eancia alcan\u00e7a pensadores, psic\u00f3logos e at\u00e9 l\u00edderes contempor\u00e2neos interessados em comportamento e tomada de decis\u00e3o.<\/p>\n\n\n\n<h2 class=\"wp-block-heading\">O que Epicteto quis dizer com essa frase<\/h2>\n\n\n\n<p>Ao afirmar que n\u00e3o s\u00e3o os acontecimentos que perturbam, Epicteto prop\u00f5e uma distin\u00e7\u00e3o central do estoicismo: entre o que est\u00e1 sob nosso controle e o que n\u00e3o est\u00e1. Para ele, eventos externos s\u00e3o neutros, enquanto nossas interpreta\u00e7\u00f5es, julgamentos e cren\u00e7as s\u00e3o os verdadeiros respons\u00e1veis pelas emo\u00e7\u00f5es.<\/p>\n\n\n\n<p>Essa leitura filos\u00f3fica antecipa discuss\u00f5es modernas da psicologia cognitiva, ao sugerir que o sofrimento humano est\u00e1 ligado \u00e0 percep\u00e7\u00e3o e n\u00e3o \u00e0 realidade objetiva. Em vez de reagir impulsivamente, o indiv\u00edduo \u00e9 convidado a refletir, reinterpretar e agir com racionalidade.<\/p>\n\n\n<div class=\"wp-block-image\">\n<figure class=\"aligncenter size-large\"><img decoding=\"async\" width=\"1024\" height=\"576\" src=\"https:\/\/www.uai.com.br\/uainoticias\/wp-content\/uploads\/2026\/04\/Design_sem_nome-52-1024x576.jpg\" alt=\"Epicteto, te\u00f3rico do autocontrole e da liberdade interior: \u201cN\u00e3o s\u00e3o as coisas que nos perturbam\u201d\" class=\"wp-image-122000\" srcset=\"https:\/\/www.uai.com.br\/uainoticias\/wp-content\/uploads\/2026\/04\/Design_sem_nome-52-1024x576.jpg 1024w, https:\/\/www.uai.com.br\/uainoticias\/wp-content\/uploads\/2026\/04\/Design_sem_nome-52-300x169.jpg 300w, https:\/\/www.uai.com.br\/uainoticias\/wp-content\/uploads\/2026\/04\/Design_sem_nome-52-768x432.jpg 768w, https:\/\/www.uai.com.br\/uainoticias\/wp-content\/uploads\/2026\/04\/Design_sem_nome-52-750x422.jpg 750w, https:\/\/www.uai.com.br\/uainoticias\/wp-content\/uploads\/2026\/04\/Design_sem_nome-52-1140x641.jpg 1140w, https:\/\/www.uai.com.br\/uainoticias\/wp-content\/uploads\/2026\/04\/Design_sem_nome-52.jpg 1280w\" sizes=\"(max-width: 1024px) 100vw, 1024px\" \/><figcaption class=\"wp-element-caption\">Reestrutura\u00e7\u00e3o de pensamentos para reduzir sofrimento psicol\u00f3gico<\/figcaption><\/figure><\/div>\n\n\n<h2 class=\"wp-block-heading\">Estoicismo: o contexto por tr\u00e1s das palavras<\/h2>\n\n\n\n<p>O estoicismo, corrente filos\u00f3fica surgida na Gr\u00e9cia Antiga, ganhou for\u00e7a em Roma com nomes como S\u00eaneca e Marco Aur\u00e9lio. Seu foco est\u00e1 na constru\u00e7\u00e3o de uma vida virtuosa, baseada na raz\u00e3o, no autocontrole e na aceita\u00e7\u00e3o dos eventos inevit\u00e1veis.<\/p>\n\n\n\n<p>No centro dessa filosofia est\u00e1 a ideia de liberdade interior. Para Epicteto, ser livre n\u00e3o significa controlar o mundo externo, mas dominar as pr\u00f3prias rea\u00e7\u00f5es. Essa perspectiva conecta \u00e9tica, comportamento e bem-estar, tornando o estoicismo relevante at\u00e9 hoje.<\/p>\n\n\n\n<link href=\"https:\/\/fonts.googleapis.com\/css2?family=Merriweather:wght@700&#038;family=Open+Sans:wght@400;600;700&#038;display=swap\" rel=\"stylesheet\">\r\n<style>\r\n.rdp-cards-wrapper .jnews_inline_related_post_wrapper,\r\n.rdp-cards-wrapper .jnews_inline_related_post,\r\n.rdp-cards-wrapper .jeg_postblock,\r\n.rdp-cards-wrapper [class*=\"jnews_inline\"],\r\n.rdp-cards-wrapper [class*=\"jeg_postblock\"],\r\n.rdp-cards-wrapper [class*=\"jeg_block\"] {\r\n  display: none !important;\r\n  height: 0 !important;\r\n  max-height: 0 !important;\r\n  overflow: hidden !important;\r\n  visibility: hidden !important;\r\n  margin: 0 !important;\r\n  padding: 0 !important;\r\n  border: none !important;\r\n  font-size: 0 !important;\r\n  line-height: 0 !important;\r\n}\r\n.rdp-cards-wrapper {\r\n  max-width: 100%;\r\n  margin: 32px 0;\r\n  background: #F5F7FA;\r\n  border: 1px solid #E1E5EB;\r\n  border-radius: 10px;\r\n  padding: 28px 28px 20px;\r\n  font-family: 'Open Sans', sans-serif;\r\n  overflow: hidden;\r\n  contain: layout style;\r\n  isolation: isolate;\r\n  position: relative;\r\n  z-index: 1;\r\n}\r\n.rdp-cards-wrapper > *:not(.rdp-cards-title):not(.rdp-cards-grid) {\r\n  display: none !important;\r\n  height: 0 !important;\r\n  overflow: hidden !important;\r\n  margin: 0 !important;\r\n  padding: 0 !important;\r\n  border: none !important;\r\n}\r\n.rdp-cards-title {\r\n  font-family: 'Merriweather', serif;\r\n  font-size: 20px;\r\n  font-weight: 700;\r\n  color: #1A1A1A;\r\n  margin: 0 0 20px 0;\r\n  line-height: 1.3;\r\n  text-align: center;\r\n}\r\n.rdp-cards-grid {\r\n  display: grid;\r\n  grid-template-columns: repeat(3, 1fr);\r\n  gap: 18px;\r\n}\r\n.rdp-cards-item {\r\n  background: #FFFFFF;\r\n  border: 1px solid #E1E5EB;\r\n  border-top: 3px solid #2B5A83;\r\n  border-radius: 10px;\r\n  padding: 22px 20px;\r\n  box-shadow: 0 2px 8px rgba(0,0,0,0.04);\r\n}\r\n.rdp-cards-emoji {\r\n  font-size: 32px;\r\n  margin-bottom: 12px;\r\n}\r\n.rdp-cards-item-title {\r\n  font-size: 15px;\r\n  font-weight: 700;\r\n  margin-bottom: 8px;\r\n}\r\n.rdp-cards-item-desc {\r\n  font-size: 14px;\r\n  line-height: 1.6;\r\n}\r\n@media (max-width: 768px) {\r\n  .rdp-cards-grid {\r\n    grid-template-columns: 1fr;\r\n  }\r\n}\r\n<\/style>\r\n<div class=\"rdp-cards-wrapper\">\r\n  <div class=\"rdp-cards-title\">Saiba mais sobre o tema<\/div>\r\n  <div class=\"rdp-cards-grid\">\r\n    <div class=\"rdp-cards-item\">\r\n      <span class=\"rdp-cards-emoji\">\ud83d\udcdc<\/span>\r\n      <div class=\"rdp-cards-item-title\">Obra mais conhecida<\/div>\r\n      <p class=\"rdp-cards-item-desc\">O \u201cManual de Epicteto\u201d re\u00fane ensinamentos pr\u00e1ticos sobre disciplina mental e \u00e9tica pessoal.<\/p>\r\n    <\/div>\r\n    <div class=\"rdp-cards-item\">\r\n      <span class=\"rdp-cards-emoji\">\ud83e\udde0<\/span>\r\n      <div class=\"rdp-cards-item-title\">Influ\u00eancia moderna<\/div>\r\n      <p class=\"rdp-cards-item-desc\">A ideia de reinterpretar pensamentos \u00e9 base da terapia cognitivo-comportamental.<\/p>\r\n    <\/div>\r\n    <div class=\"rdp-cards-item\">\r\n      <span class=\"rdp-cards-emoji\">\ud83c\udfdb\ufe0f<\/span>\r\n      <div class=\"rdp-cards-item-title\">Roma Antiga<\/div>\r\n      <p class=\"rdp-cards-item-desc\">O estoicismo floresceu no Imp\u00e9rio Romano, influenciando l\u00edderes e intelectuais.<\/p>\r\n    <\/div>\r\n  <\/div>\r\n<\/div>\r\n<div style=\"clear:both;height:0;overflow:hidden;\"><\/div>\n\n\n\n<h2 class=\"wp-block-heading\">Por que essa declara\u00e7\u00e3o repercutiu<\/h2>\n\n\n\n<p>A frase de Epicteto ressoa porque dialoga com desafios contempor\u00e2neos, como ansiedade, estresse e excesso de est\u00edmulos. Em um mundo acelerado, a ideia de controlar a pr\u00f3pria interpreta\u00e7\u00e3o ganha for\u00e7a como ferramenta de equil\u00edbrio emocional.<\/p>\n\n\n\n<p>Al\u00e9m disso, sua simplicidade torna o conceito acess\u00edvel, permitindo que seja aplicado em diferentes contextos, da vida pessoal ao ambiente profissional. Essa universalidade explica por que o pensamento continua sendo citado em livros, palestras e conte\u00fados digitais.<\/p>\n\n\n\n<h2 class=\"wp-block-heading\">O legado e a relev\u00e2ncia para a cultura<\/h2>\n\n\n\n<p>O legado de Epicteto transcende a filosofia cl\u00e1ssica e se mant\u00e9m vivo na cultura contempor\u00e2nea, influenciando debates sobre comportamento, sa\u00fade mental e desenvolvimento pessoal. Sua vis\u00e3o refor\u00e7a a import\u00e2ncia da reflex\u00e3o e da consci\u00eancia emocional como ferramentas de transforma\u00e7\u00e3o.<\/p>\n\n\n\n<p>Ao revisitar o estoicismo, o leitor moderno encontra n\u00e3o apenas uma teoria, mas um guia pr\u00e1tico para lidar com incertezas e desafios. Em tempos de excesso de informa\u00e7\u00e3o, a mensagem de Epicteto permanece clara e provocadora.<\/p>\n\n\n\n<p>Mais do que uma frase hist\u00f3rica, esse pensamento convida a uma revis\u00e3o profunda da forma como interpretamos o mundo, um exerc\u00edcio essencial para quem busca equil\u00edbrio e clareza em meio \u00e0s complexidades da vida contempor\u00e2nea.<\/p>\n","protected":false},"excerpt":{"rendered":"<p>Resumo Pensamento central: Epicteto afirma que n\u00e3o s\u00e3o os fatos que perturbam, mas nossa interpreta\u00e7\u00e3o deles. Base filos\u00f3fica: A frase se conecta ao estoicismo, corrente que valoriza raz\u00e3o, autocontrole e liberdade interior. Origem da ideia: O pensamento aparece em registros de ensinamentos filos\u00f3ficos compilados por seus disc\u00edpulos na Antiguidade. Na tradi\u00e7\u00e3o da filosofia cl\u00e1ssica, poucas [&hellip;]<\/p>\n","protected":false},"author":23,"featured_media":127825,"comment_status":"open","ping_status":"open","sticky":false,"template":"","format":"standard","meta":{"jnews-multi-image_gallery":[],"jnews_single_post":{"format":"standard"},"jnews_primary_category":[],"jnews_social_meta":[],"jnews_override_counter":[],"footnotes":""},"categories":[3046,475],"tags":[],"class_list":["post-127824","post","type-post","status-publish","format-standard","has-post-thumbnail","hentry","category-curiosidades","category-entretenimento"],"yoast_head":"<!-- This site is optimized with the Yoast SEO plugin v26.5 - https:\/\/yoast.com\/wordpress\/plugins\/seo\/ -->\n<title>Epicteto, te\u00f3rico do autocontrole e da liberdade interior: \u201cN\u00e3o s\u00e3o as coisas que nos perturbam\u201d - UAI Not\u00edcias<\/title>\n<meta name=\"description\" content=\"Uma ideia da filosofia estoica est\u00e1 ganhando destaque e mostra como sua mente pode influenciar diretamente seu bem-estar\" \/>\n<meta name=\"robots\" content=\"index, follow, max-snippet:-1, max-image-preview:large, max-video-preview:-1\" \/>\n<link rel=\"canonical\" href=\"https:\/\/www.uai.com.br\/uainoticias\/2026\/04\/28\/epicteto-teorico-do-autocontrole-e-da-liberdade-interior-nao-sao-as-coisas-que-nos-perturbam\/\" \/>\n<meta property=\"og:locale\" content=\"pt_BR\" \/>\n<meta property=\"og:type\" content=\"article\" \/>\n<meta property=\"og:title\" content=\"Epicteto, te\u00f3rico do autocontrole e da liberdade interior: \u201cN\u00e3o s\u00e3o as coisas que nos perturbam\u201d - UAI Not\u00edcias\" \/>\n<meta property=\"og:description\" content=\"Uma ideia da filosofia estoica est\u00e1 ganhando destaque e mostra como sua mente pode influenciar diretamente seu bem-estar\" \/>\n<meta property=\"og:url\" content=\"https:\/\/www.uai.com.br\/uainoticias\/2026\/04\/28\/epicteto-teorico-do-autocontrole-e-da-liberdade-interior-nao-sao-as-coisas-que-nos-perturbam\/\" \/>\n<meta property=\"og:site_name\" content=\"UAI Not\u00edcias\" \/>\n<meta property=\"article:published_time\" content=\"2026-04-29T01:15:00+00:00\" \/>\n<meta property=\"og:image\" content=\"https:\/\/www.uai.com.br\/uainoticias\/wp-content\/uploads\/2026\/04\/Design_sem_nome-2026-04-27T160917.509.jpg\" \/>\n\t<meta property=\"og:image:width\" content=\"1280\" \/>\n\t<meta property=\"og:image:height\" content=\"720\" \/>\n\t<meta property=\"og:image:type\" content=\"image\/jpeg\" \/>\n<meta name=\"author\" content=\"Gustavo Trindade\" \/>\n<meta name=\"twitter:card\" content=\"summary_large_image\" \/>\n<meta name=\"twitter:label1\" content=\"Escrito por\" \/>\n\t<meta name=\"twitter:data1\" content=\"Gustavo Trindade\" \/>\n\t<meta name=\"twitter:label2\" content=\"Est. tempo de leitura\" \/>\n\t<meta name=\"twitter:data2\" content=\"4 minutos\" \/>\n<!-- \/ Yoast SEO plugin. -->","yoast_head_json":{"title":"Epicteto, te\u00f3rico do autocontrole e da liberdade interior: \u201cN\u00e3o s\u00e3o as coisas que nos perturbam\u201d - UAI Not\u00edcias","description":"Uma ideia da filosofia estoica est\u00e1 ganhando destaque e mostra como sua mente pode influenciar diretamente seu bem-estar","robots":{"index":"index","follow":"follow","max-snippet":"max-snippet:-1","max-image-preview":"max-image-preview:large","max-video-preview":"max-video-preview:-1"},"canonical":"https:\/\/www.uai.com.br\/uainoticias\/2026\/04\/28\/epicteto-teorico-do-autocontrole-e-da-liberdade-interior-nao-sao-as-coisas-que-nos-perturbam\/","og_locale":"pt_BR","og_type":"article","og_title":"Epicteto, te\u00f3rico do autocontrole e da liberdade interior: \u201cN\u00e3o s\u00e3o as coisas que nos perturbam\u201d - UAI Not\u00edcias","og_description":"Uma ideia da filosofia estoica est\u00e1 ganhando destaque e mostra como sua mente pode influenciar diretamente seu bem-estar","og_url":"https:\/\/www.uai.com.br\/uainoticias\/2026\/04\/28\/epicteto-teorico-do-autocontrole-e-da-liberdade-interior-nao-sao-as-coisas-que-nos-perturbam\/","og_site_name":"UAI Not\u00edcias","article_published_time":"2026-04-29T01:15:00+00:00","og_image":[{"width":1280,"height":720,"url":"https:\/\/www.uai.com.br\/uainoticias\/wp-content\/uploads\/2026\/04\/Design_sem_nome-2026-04-27T160917.509.jpg","type":"image\/jpeg"}],"author":"Gustavo Trindade","twitter_card":"summary_large_image","twitter_misc":{"Escrito por":"Gustavo Trindade","Est. tempo de leitura":"4 minutos"},"schema":{"@context":"https:\/\/schema.org","@graph":[{"@type":"WebPage","@id":"https:\/\/www.uai.com.br\/uainoticias\/2026\/04\/28\/epicteto-teorico-do-autocontrole-e-da-liberdade-interior-nao-sao-as-coisas-que-nos-perturbam\/","url":"https:\/\/www.uai.com.br\/uainoticias\/2026\/04\/28\/epicteto-teorico-do-autocontrole-e-da-liberdade-interior-nao-sao-as-coisas-que-nos-perturbam\/","name":"Epicteto, te\u00f3rico do autocontrole e da liberdade interior: \u201cN\u00e3o s\u00e3o as coisas que nos perturbam\u201d - UAI Not\u00edcias","isPartOf":{"@id":"https:\/\/www.uai.com.br\/uainoticias\/#website"},"primaryImageOfPage":{"@id":"https:\/\/www.uai.com.br\/uainoticias\/2026\/04\/28\/epicteto-teorico-do-autocontrole-e-da-liberdade-interior-nao-sao-as-coisas-que-nos-perturbam\/#primaryimage"},"image":{"@id":"https:\/\/www.uai.com.br\/uainoticias\/2026\/04\/28\/epicteto-teorico-do-autocontrole-e-da-liberdade-interior-nao-sao-as-coisas-que-nos-perturbam\/#primaryimage"},"thumbnailUrl":"https:\/\/www.uai.com.br\/uainoticias\/wp-content\/uploads\/2026\/04\/Design_sem_nome-2026-04-27T160917.509.jpg","datePublished":"2026-04-29T01:15:00+00:00","author":{"@id":"https:\/\/www.uai.com.br\/uainoticias\/#\/schema\/person\/060f8bb02e250479c83590e2c4706fcc"},"description":"Uma ideia da filosofia estoica est\u00e1 ganhando destaque e mostra como sua mente pode influenciar diretamente seu bem-estar","breadcrumb":{"@id":"https:\/\/www.uai.com.br\/uainoticias\/2026\/04\/28\/epicteto-teorico-do-autocontrole-e-da-liberdade-interior-nao-sao-as-coisas-que-nos-perturbam\/#breadcrumb"},"inLanguage":"pt-BR","potentialAction":[{"@type":"ReadAction","target":["https:\/\/www.uai.com.br\/uainoticias\/2026\/04\/28\/epicteto-teorico-do-autocontrole-e-da-liberdade-interior-nao-sao-as-coisas-que-nos-perturbam\/"]}]},{"@type":"ImageObject","inLanguage":"pt-BR","@id":"https:\/\/www.uai.com.br\/uainoticias\/2026\/04\/28\/epicteto-teorico-do-autocontrole-e-da-liberdade-interior-nao-sao-as-coisas-que-nos-perturbam\/#primaryimage","url":"https:\/\/www.uai.com.br\/uainoticias\/wp-content\/uploads\/2026\/04\/Design_sem_nome-2026-04-27T160917.509.jpg","contentUrl":"https:\/\/www.uai.com.br\/uainoticias\/wp-content\/uploads\/2026\/04\/Design_sem_nome-2026-04-27T160917.509.jpg","width":1280,"height":720,"caption":"Interpreta\u00e7\u00e3o mental que influencia diretamente as emo\u00e7\u00f5es humanas"},{"@type":"BreadcrumbList","@id":"https:\/\/www.uai.com.br\/uainoticias\/2026\/04\/28\/epicteto-teorico-do-autocontrole-e-da-liberdade-interior-nao-sao-as-coisas-que-nos-perturbam\/#breadcrumb","itemListElement":[{"@type":"ListItem","position":1,"name":"In\u00edcio","item":"https:\/\/www.uai.com.br\/uainoticias\/"},{"@type":"ListItem","position":2,"name":"Epicteto, te\u00f3rico do autocontrole e da liberdade interior: \u201cN\u00e3o s\u00e3o as coisas que nos perturbam\u201d"}]},{"@type":"WebSite","@id":"https:\/\/www.uai.com.br\/uainoticias\/#website","url":"https:\/\/www.uai.com.br\/uainoticias\/","name":"UAI Not\u00edcias","description":"Acompanhe as \u00faltimas not\u00edcias e fique bem informado sobre tudo o que acontece no Brasil e no mundo.","potentialAction":[{"@type":"SearchAction","target":{"@type":"EntryPoint","urlTemplate":"https:\/\/www.uai.com.br\/uainoticias\/?s={search_term_string}"},"query-input":{"@type":"PropertyValueSpecification","valueRequired":true,"valueName":"search_term_string"}}],"inLanguage":"pt-BR"},{"@type":"Person","@id":"https:\/\/www.uai.com.br\/uainoticias\/#\/schema\/person\/060f8bb02e250479c83590e2c4706fcc","name":"Gustavo Trindade","image":{"@type":"ImageObject","inLanguage":"pt-BR","@id":"https:\/\/www.uai.com.br\/uainoticias\/#\/schema\/person\/image\/","url":"https:\/\/secure.gravatar.com\/avatar\/05714a54ada0bd2b20e75b2c72a9e7802581213945810c2354d320b79f27b427?s=96&d=mm&r=g","contentUrl":"https:\/\/secure.gravatar.com\/avatar\/05714a54ada0bd2b20e75b2c72a9e7802581213945810c2354d320b79f27b427?s=96&d=mm&r=g","caption":"Gustavo Trindade"},"sameAs":["https:\/\/www.uai.com.br\/uainoticias\/"],"url":"https:\/\/www.uai.com.br\/uainoticias\/author\/gustavotrindade\/"}]}},"_links":{"self":[{"href":"https:\/\/www.uai.com.br\/uainoticias\/wp-json\/wp\/v2\/posts\/127824","targetHints":{"allow":["GET"]}}],"collection":[{"href":"https:\/\/www.uai.com.br\/uainoticias\/wp-json\/wp\/v2\/posts"}],"about":[{"href":"https:\/\/www.uai.com.br\/uainoticias\/wp-json\/wp\/v2\/types\/post"}],"author":[{"embeddable":true,"href":"https:\/\/www.uai.com.br\/uainoticias\/wp-json\/wp\/v2\/users\/23"}],"replies":[{"embeddable":true,"href":"https:\/\/www.uai.com.br\/uainoticias\/wp-json\/wp\/v2\/comments?post=127824"}],"version-history":[{"count":1,"href":"https:\/\/www.uai.com.br\/uainoticias\/wp-json\/wp\/v2\/posts\/127824\/revisions"}],"predecessor-version":[{"id":127827,"href":"https:\/\/www.uai.com.br\/uainoticias\/wp-json\/wp\/v2\/posts\/127824\/revisions\/127827"}],"wp:featuredmedia":[{"embeddable":true,"href":"https:\/\/www.uai.com.br\/uainoticias\/wp-json\/wp\/v2\/media\/127825"}],"wp:attachment":[{"href":"https:\/\/www.uai.com.br\/uainoticias\/wp-json\/wp\/v2\/media?parent=127824"}],"wp:term":[{"taxonomy":"category","embeddable":true,"href":"https:\/\/www.uai.com.br\/uainoticias\/wp-json\/wp\/v2\/categories?post=127824"},{"taxonomy":"post_tag","embeddable":true,"href":"https:\/\/www.uai.com.br\/uainoticias\/wp-json\/wp\/v2\/tags?post=127824"}],"curies":[{"name":"wp","href":"https:\/\/api.w.org\/{rel}","templated":true}]}}