{"id":127794,"date":"2026-04-28T06:45:00","date_gmt":"2026-04-28T09:45:00","guid":{"rendered":"https:\/\/www.uai.com.br\/uainoticias\/?p=127794"},"modified":"2026-04-27T17:17:02","modified_gmt":"2026-04-27T20:17:02","slug":"a-psicologia-explica-por-que-o-tedio-em-pessoas-inteligentes-nao-e-vazio-mas-excesso-de-complexidade-nao-usada","status":"publish","type":"post","link":"https:\/\/www.uai.com.br\/uainoticias\/2026\/04\/28\/a-psicologia-explica-por-que-o-tedio-em-pessoas-inteligentes-nao-e-vazio-mas-excesso-de-complexidade-nao-usada\/","title":{"rendered":"A psicologia explica por que o t\u00e9dio em pessoas inteligentes n\u00e3o \u00e9 vazio, mas excesso de complexidade n\u00e3o usada"},"content":{"rendered":"\n<p>A sensa\u00e7\u00e3o de desinteresse por atividades cotidianas \u00e9 comum a todos, mas a ci\u00eancia indica que mentes brilhantes processam o vazio de forma peculiar. A <strong>Psicologia<\/strong> revela que pessoas altamente inteligentes n\u00e3o apenas se entediam com mais facilidade, como transformam esse estado em um processo cognitivo complexo. Entender essa din\u00e2mica \u00e9 fundamental para converter a inquietude mental em uma ferramenta de produtividade e inova\u00e7\u00e3o.<\/p>\n\n\n\n<h2 class=\"wp-block-heading\">Por que mentes brilhantes buscam est\u00edmulos constantes<\/h2>\n\n\n\n<p>Para indiv\u00edduos com alto quociente de intelig\u00eancia, o t\u00e9dio n\u00e3o \u00e9 apenas falta de ocupa\u00e7\u00e3o, mas uma rea\u00e7\u00e3o \u00e0 aus\u00eancia de desafios mentais significativos. A <strong>neuroci\u00eancia<\/strong> explica que c\u00e9rebros mais ativos exigem um fluxo constante de informa\u00e7\u00f5es complexas para manter a satisfa\u00e7\u00e3o. Quando o ambiente se torna previs\u00edvel ou repetitivo, essas pessoas experimentam um desconforto que ultrapassa o simples cansa\u00e7o, gerando uma busca incessante por novos problemas a resolver.<\/p>\n\n\n\n<p>Essa fome intelectual faz com que atividades consideradas relaxantes pela maioria sejam percebidas como tortuosas para quem possui uma mente acelerada. Em grandes centros de inova\u00e7\u00e3o nos <strong>Estados Unidos<\/strong> e na <strong>Alemanha<\/strong>, empresas j\u00e1 adaptam suas rotinas para evitar que talentos se percam na monotonia. O t\u00e9dio, nesse contexto, atua como um sinal de que o potencial cognitivo n\u00e3o est\u00e1 sendo plenamente aproveitado pela realidade imediata.<\/p>\n\n\n<div class=\"wp-block-image\">\n<figure class=\"aligncenter size-large\"><img decoding=\"async\" width=\"1024\" height=\"576\" src=\"https:\/\/www.uai.com.br\/uainoticias\/wp-content\/uploads\/2026\/04\/pessoa-canhota_1776792330334-1024x576.jpg\" alt=\"\" class=\"wp-image-125808\" srcset=\"https:\/\/www.uai.com.br\/uainoticias\/wp-content\/uploads\/2026\/04\/pessoa-canhota_1776792330334-1024x576.jpg 1024w, https:\/\/www.uai.com.br\/uainoticias\/wp-content\/uploads\/2026\/04\/pessoa-canhota_1776792330334-300x169.jpg 300w, https:\/\/www.uai.com.br\/uainoticias\/wp-content\/uploads\/2026\/04\/pessoa-canhota_1776792330334-768x432.jpg 768w, https:\/\/www.uai.com.br\/uainoticias\/wp-content\/uploads\/2026\/04\/pessoa-canhota_1776792330334-750x422.jpg 750w, https:\/\/www.uai.com.br\/uainoticias\/wp-content\/uploads\/2026\/04\/pessoa-canhota_1776792330334-1140x641.jpg 1140w, https:\/\/www.uai.com.br\/uainoticias\/wp-content\/uploads\/2026\/04\/pessoa-canhota_1776792330334.jpg 1280w\" sizes=\"(max-width: 1024px) 100vw, 1024px\" \/><figcaption class=\"wp-element-caption\">Essa integra\u00e7\u00e3o hemisf\u00e9rica superior permite que o indiv\u00edduo processe est\u00edmulos variados de forma simult\u00e2nea &#8211; Cr\u00e9ditos: depositphotos.com \/ Koldunov<\/figcaption><\/figure><\/div>\n\n\n<h2 class=\"wp-block-heading\">O fen\u00f4meno da mente errante e a criatividade latente<\/h2>\n\n\n\n<p>Diferente do senso comum, o t\u00e9dio em pessoas inteligentes costuma disparar o que os pesquisadores chamam de &#8220;mente errante&#8221; produtiva. Enquanto a maioria tenta eliminar o t\u00e9dio com distra\u00e7\u00f5es r\u00e1pidas, a <strong>Pessoa Altamente Inteligente<\/strong> tende a mergulhar em pensamentos internos profundos, conectando ideias aparentemente desconexas. Esse estado de deriva mental \u00e9, frequentemente, o ber\u00e7o de grandes descobertas cient\u00edficas e solu\u00e7\u00f5es art\u00edsticas inovadoras.<\/p>\n\n\n\n<p><a href=\"https:\/\/www.bps.org.uk\/research-digest\/are-brainy-people-lazy-need-cognition-correlates-less-physical-activity\" target=\"_blank\" rel=\"noreferrer noopener\">A capacidade de criar mundos internos <\/a>complexos \u00e9 uma defesa natural contra ambientes simpl\u00f3rios ou rotinas engessadas. No <strong>Reino Unido<\/strong>, estudos sobre comportamento organizacional sugerem que permitir momentos de \u00f3cio para mentes criativas potencializa resultados extraordin\u00e1rios. Quando o c\u00e9rebro n\u00e3o encontra combust\u00edvel no mundo externo, ele come\u00e7a a minerar suas pr\u00f3prias mem\u00f3rias e conceitos para gerar novas estruturas de pensamento.<\/p>\n\n\n\n<h2 class=\"wp-block-heading\">Os riscos da subestimula\u00e7\u00e3o no ambiente de trabalho<\/h2>\n\n\n\n<p>A falta de desafios adequados pode levar indiv\u00edduos altamente inteligentes a um estado de des\u00e2nimo profundo, conhecido como <strong>boreout<\/strong>. Esse fen\u00f4meno ocorre quando o profissional se sente subutilizado, resultando em uma queda dr\u00e1stica na motiva\u00e7\u00e3o e at\u00e9 em problemas de sa\u00fade mental. \u00c9 essencial que l\u00edderes identifiquem se a falta de entrega de um colaborador talentoso \u00e9, na verdade, um sintoma de tarefas excessivamente simplistas.<\/p>\n\n\n\n<link href=\"https:\/\/fonts.googleapis.com\/css2?family=Inter:wght@400;600;700;800&#038;display=swap\" rel=\"stylesheet\">\n<style>\n\/* Prote\u00e7\u00e3o contra inje\u00e7\u00e3o do \"Veja Tamb\u00e9m\" (JNews inline related posts) *\/\n.rdp-pontos-wrapper .jnews_inline_related_post_wrapper,\n.rdp-pontos-wrapper .jnews_inline_related_post,\n.rdp-pontos-wrapper .jeg_postblock,\n.rdp-pontos-wrapper [class*=\"jnews_inline\"],\n.rdp-pontos-wrapper [class*=\"jeg_postblock\"],\n.rdp-pontos-wrapper [class*=\"jeg_block\"] {\n  display: none !important;\n  height: 0 !important;\n  max-height: 0 !important;\n  overflow: hidden !important;\n  visibility: hidden !important;\n  margin: 0 !important;\n  padding: 0 !important;\n  border: none !important;\n  font-size: 0 !important;\n  line-height: 0 !important;\n}\n.rdp-pontos-wrapper {\n  max-width: 100%;\n  margin: 32px 0;\n  background: #F8F9FA;\n  border: 1px solid #E0E0E0;\n  border-radius: 12px;\n  padding: 28px 28px 20px;\n  font-family: 'Inter', sans-serif;\n  box-shadow: 0 4px 20px rgba(47,195,238,0.12);\n  overflow: hidden;\n  contain: layout style;\n  isolation: isolate;\n  position: relative;\n  z-index: 1;\n}\n.rdp-pontos-wrapper > *:not(.rdp-pontos-title):not(.rdp-pontos-grid) {\n  display: none !important;\n  height: 0 !important;\n  overflow: hidden !important;\n  margin: 0 !important;\n  padding: 0 !important;\n  border: none !important;\n}\n.rdp-pontos-title {\n  font-family: 'Inter', sans-serif;\n  font-size: 20px;\n  font-weight: 800;\n  color: #1A1A1A;\n  margin: 0 0 20px 0;\n  line-height: 1.3;\n  text-align: center;\n}\n.rdp-pontos-grid {\n  display: grid;\n  grid-template-columns: repeat(3, 1fr);\n  gap: 18px;\n}\n.rdp-pontos-item {\n  background: #FFFFFF;\n  border: 1px solid #E0E0E0;\n  border-top: 3px solid #2FC3EE;\n  border-radius: 10px;\n  padding: 22px 20px;\n  box-shadow: 0 2px 10px rgba(47,195,238,0.10);\n  transition: box-shadow 0.3s ease, border-color 0.3s ease;\n  text-align: center;\n}\n.rdp-pontos-item:hover {\n  box-shadow: 0 4px 20px rgba(47,195,238,0.22);\n  border-color: #2FC3EE;\n}\n.rdp-pontos-emoji {\n  font-size: 32px;\n  line-height: 1;\n  margin-bottom: 12px;\n  display: block;\n  text-align: center;\n}\n.rdp-pontos-item-title {\n  font-size: 15px;\n  font-weight: 700;\n  color: #1A1A1A;\n  margin-bottom: 8px;\n  line-height: 1.3;\n}\n.rdp-pontos-item-desc {\n  font-size: 14px;\n  color: #333333;\n  line-height: 1.6;\n  margin: 0;\n}\n@media (max-width: 768px) {\n  .rdp-pontos-wrapper {\n    padding: 20px 16px 14px;\n  }\n  .rdp-pontos-grid {\n    grid-template-columns: 1fr;\n    gap: 14px;\n  }\n  .rdp-pontos-title {\n    font-size: 18px;\n  }\n}\n<\/style>\n\n<div class=\"rdp-pontos-wrapper\">\n  <div class=\"rdp-pontos-title\">Caracter\u00edsticas do Perfil Mental e Operacional<\/div>\n  <div class=\"rdp-pontos-grid\">\n    <div class=\"rdp-pontos-item\">\n      <span class=\"rdp-pontos-emoji\">\u2699\ufe0f<\/span>\n      <div class=\"rdp-pontos-item-title\">Otimiza\u00e7\u00e3o de Processos<\/div>\n      <p class=\"rdp-pontos-item-desc\">Necessidade frequente de reestruturar fluxos para torn\u00e1-los mais eficientes e l\u00f3gicos.<\/p>\n    <\/div>\n    <div class=\"rdp-pontos-item\">\n      <span class=\"rdp-pontos-emoji\">\ud83d\udcc9<\/span>\n      <div class=\"rdp-pontos-item-title\">Foco Administrativo<\/div>\n      <p class=\"rdp-pontos-item-desc\">Dificuldade acentuada em manter a concentra\u00e7\u00e3o em tarefas puramente burocr\u00e1ticas.<\/p>\n    <\/div>\n    <div class=\"rdp-pontos-item\">\n      <span class=\"rdp-pontos-emoji\">\ud83d\ude80<\/span>\n      <div class=\"rdp-pontos-item-title\">Busca por Novidade<\/div>\n      <p class=\"rdp-pontos-item-desc\">Tend\u00eancia a iniciar novos projetos antes de concluir os anteriores em busca de est\u00edmulo.<\/p>\n    <\/div>\n    <div class=\"rdp-pontos-item\">\n      <span class=\"rdp-pontos-emoji\">\u2753<\/span>\n      <div class=\"rdp-pontos-item-title\">Questionamento de Normas<\/div>\n      <p class=\"rdp-pontos-item-desc\">H\u00e1bito de contestar regras estabelecidas que n\u00e3o apresentam uma l\u00f3gica clara ou funcional.<\/p>\n    <\/div>\n    <div class=\"rdp-pontos-item\">\n      <span class=\"rdp-pontos-emoji\">\ud83e\udde0<\/span>\n      <div class=\"rdp-pontos-item-title\">Profundidade Te\u00f3rica<\/div>\n      <p class=\"rdp-pontos-item-desc\">Prefer\u00eancia por discuss\u00f5es abstratas e te\u00f3ricas em vez de intera\u00e7\u00f5es superficiais.<\/p>\n    <\/div>\n  <\/div>\n<\/div>\n<div style=\"clear:both;height:0;overflow:hidden;\"><\/div>\n\n\n\n<p>Um ponto de aten\u00e7\u00e3o crucial para gestores em <strong>Portugal<\/strong> ou no <strong>Brasil<\/strong> \u00e9 oferecer autonomia como ant\u00eddoto \u00e0 estagna\u00e7\u00e3o. Institui\u00e7\u00f5es como a <strong>Mensa<\/strong> destacam que o engajamento desses indiv\u00edduos depende diretamente da complexidade dos problemas apresentados. Criar um ambiente que premie a curiosidade \u00e9 o caminho mais curto para manter mentes inquietas conectadas aos objetivos da organiza\u00e7\u00e3o.<\/p>\n\n\n\n<h2 class=\"wp-block-heading\">Como gerenciar a inquietude para evitar o esgotamento<\/h2>\n\n\n\n<p>Aprender a lidar com a pr\u00f3pria intelig\u00eancia exige que o indiv\u00edduo reconhe\u00e7a o t\u00e9dio como um aliado, n\u00e3o como um inimigo a ser combatido com dopamina barata. A <strong>psicologia aplicada<\/strong> recomenda que essas pessoas busquem hobbies que exijam aprendizado cont\u00ednuo, como idiomas complexos ou programa\u00e7\u00e3o avan\u00e7ada. Direcionar o excesso de energia mental para \u00e1reas de interesse pessoal evita que a mente se torne autodestrutiva em momentos de \u00f3cio involunt\u00e1rio.<\/p>\n\n\n\n<p>Estabelecer limites para o consumo de informa\u00e7\u00f5es r\u00e1pidas tamb\u00e9m \u00e9 vital para preservar a capacidade de concentra\u00e7\u00e3o profunda. Pr\u00e1ticas que incentivam o foco, como o estudo de instrumentos musicais, ajudam a treinar a paci\u00eancia necess\u00e1ria para processos longos e detalhados. Dominar a arte de estar entediado sem desespero \u00e9 um diferencial competitivo que permite transformar a espera em um momento de incuba\u00e7\u00e3o intelectual valiosa.<\/p>\n\n\n<div class=\"wp-block-image\">\n<figure class=\"aligncenter size-large\"><img decoding=\"async\" width=\"1024\" height=\"576\" src=\"https:\/\/www.uai.com.br\/uainoticias\/wp-content\/uploads\/2026\/04\/trabalho-reuniao-_1775066526970-1024x576.jpg\" alt=\"\" class=\"wp-image-120577\" srcset=\"https:\/\/www.uai.com.br\/uainoticias\/wp-content\/uploads\/2026\/04\/trabalho-reuniao-_1775066526970-1024x576.jpg 1024w, https:\/\/www.uai.com.br\/uainoticias\/wp-content\/uploads\/2026\/04\/trabalho-reuniao-_1775066526970-300x169.jpg 300w, https:\/\/www.uai.com.br\/uainoticias\/wp-content\/uploads\/2026\/04\/trabalho-reuniao-_1775066526970-768x432.jpg 768w, https:\/\/www.uai.com.br\/uainoticias\/wp-content\/uploads\/2026\/04\/trabalho-reuniao-_1775066526970-750x422.jpg 750w, https:\/\/www.uai.com.br\/uainoticias\/wp-content\/uploads\/2026\/04\/trabalho-reuniao-_1775066526970-1140x641.jpg 1140w, https:\/\/www.uai.com.br\/uainoticias\/wp-content\/uploads\/2026\/04\/trabalho-reuniao-_1775066526970.jpg 1280w\" sizes=\"(max-width: 1024px) 100vw, 1024px\" \/><figcaption class=\"wp-element-caption\">Estudos indicam que o controle do tempo \u00e9 um dos fatores mais determinantes para a satisfa\u00e7\u00e3o no trabalho &#8211; Cr\u00e9ditos: depositphotos.com \/ HayDmitriy<\/figcaption><\/figure><\/div>\n\n\n<h2 class=\"wp-block-heading\">O t\u00e9dio como combust\u00edvel para a evolu\u00e7\u00e3o intelectual<\/h2>\n\n\n\n<p>Aceitar que a sua forma de vivenciar o vazio \u00e9 diferente \u00e9 o primeiro passo para uma vida mais equilibrada e satisfat\u00f3ria. A <strong>intelig\u00eancia superior<\/strong> traz consigo a responsabilidade de gerenciar um motor potente que n\u00e3o pode rodar em marcha lenta por muito tempo. Ao transformar a monotonia em uma oportunidade para a reflex\u00e3o profunda, voc\u00ea deixa de ser ref\u00e9m das circunst\u00e2ncias para se tornar o arquiteto de suas pr\u00f3prias ideias.<\/p>\n\n\n\n<p>Entenda que o desconforto com o comum \u00e9, na verdade, um indicativo de que voc\u00ea foi feito para explorar fronteiras mais distantes do conhecimento. N\u00e3o reprima sua necessidade de complexidade; em vez disso, alimente sua curiosidade com desafios que testem seus limites diariamente. O t\u00e9dio nada mais \u00e9 do que o convite da sua mente para que voc\u00ea descubra algo extraordin\u00e1rio onde ningu\u00e9m mais est\u00e1 olhando.<\/p>\n","protected":false},"excerpt":{"rendered":"<p>A sensa\u00e7\u00e3o de desinteresse por atividades cotidianas \u00e9 comum a todos, mas a ci\u00eancia indica que mentes brilhantes processam o vazio de forma peculiar. A Psicologia revela que pessoas altamente inteligentes n\u00e3o apenas se entediam com mais facilidade, como transformam esse estado em um processo cognitivo complexo. Entender essa din\u00e2mica \u00e9 fundamental para converter a [&hellip;]<\/p>\n","protected":false},"author":24,"featured_media":127900,"comment_status":"open","ping_status":"open","sticky":false,"template":"","format":"standard","meta":{"jnews-multi-image_gallery":[],"jnews_single_post":{"format":"standard"},"jnews_primary_category":[],"jnews_social_meta":[],"jnews_override_counter":[],"footnotes":""},"categories":[3046,475],"tags":[22108,4860,22109],"class_list":["post-127794","post","type-post","status-publish","format-standard","has-post-thumbnail","hentry","category-curiosidades","category-entretenimento","tag-alta-inteligencia","tag-desenvolvimento-pessoal","tag-psicologia-do-comportamento"],"yoast_head":"<!-- This site is optimized with the Yoast SEO plugin v26.5 - https:\/\/yoast.com\/wordpress\/plugins\/seo\/ -->\n<title>A psicologia explica por que o t\u00e9dio em pessoas inteligentes n\u00e3o \u00e9 vazio, mas excesso de complexidade n\u00e3o usada - UAI Not\u00edcias<\/title>\n<meta name=\"description\" content=\"O t\u00e9dio para pessoas inteligentes n\u00e3o \u00e9 falta de ocupa\u00e7\u00e3o mas sim fome de complexidade que o mundo n\u00e3o supre.\" \/>\n<meta name=\"robots\" content=\"index, follow, max-snippet:-1, max-image-preview:large, max-video-preview:-1\" \/>\n<link rel=\"canonical\" href=\"https:\/\/www.uai.com.br\/uainoticias\/2026\/04\/28\/a-psicologia-explica-por-que-o-tedio-em-pessoas-inteligentes-nao-e-vazio-mas-excesso-de-complexidade-nao-usada\/\" \/>\n<meta property=\"og:locale\" content=\"pt_BR\" \/>\n<meta property=\"og:type\" content=\"article\" \/>\n<meta property=\"og:title\" content=\"A psicologia explica por que o t\u00e9dio em pessoas inteligentes n\u00e3o \u00e9 vazio, mas excesso de complexidade n\u00e3o usada - UAI Not\u00edcias\" \/>\n<meta property=\"og:description\" content=\"O t\u00e9dio para pessoas inteligentes n\u00e3o \u00e9 falta de ocupa\u00e7\u00e3o mas sim fome de complexidade que o mundo n\u00e3o supre.\" \/>\n<meta property=\"og:url\" content=\"https:\/\/www.uai.com.br\/uainoticias\/2026\/04\/28\/a-psicologia-explica-por-que-o-tedio-em-pessoas-inteligentes-nao-e-vazio-mas-excesso-de-complexidade-nao-usada\/\" \/>\n<meta property=\"og:site_name\" content=\"UAI Not\u00edcias\" \/>\n<meta property=\"article:published_time\" content=\"2026-04-28T09:45:00+00:00\" \/>\n<meta property=\"og:image\" content=\"https:\/\/www.uai.com.br\/uainoticias\/wp-content\/uploads\/2026\/04\/Pessoa_com_tedio_202604271716.jpg\" \/>\n\t<meta property=\"og:image:width\" content=\"1280\" \/>\n\t<meta property=\"og:image:height\" content=\"720\" \/>\n\t<meta property=\"og:image:type\" content=\"image\/jpeg\" \/>\n<meta name=\"author\" content=\"Daniely Cardoso\" \/>\n<meta name=\"twitter:card\" content=\"summary_large_image\" \/>\n<meta name=\"twitter:label1\" content=\"Escrito por\" \/>\n\t<meta name=\"twitter:data1\" content=\"Daniely Cardoso\" \/>\n\t<meta name=\"twitter:label2\" content=\"Est. tempo de leitura\" \/>\n\t<meta name=\"twitter:data2\" content=\"6 minutos\" \/>\n<!-- \/ Yoast SEO plugin. -->","yoast_head_json":{"title":"A psicologia explica por que o t\u00e9dio em pessoas inteligentes n\u00e3o \u00e9 vazio, mas excesso de complexidade n\u00e3o usada - UAI Not\u00edcias","description":"O t\u00e9dio para pessoas inteligentes n\u00e3o \u00e9 falta de ocupa\u00e7\u00e3o mas sim fome de complexidade que o mundo n\u00e3o supre.","robots":{"index":"index","follow":"follow","max-snippet":"max-snippet:-1","max-image-preview":"max-image-preview:large","max-video-preview":"max-video-preview:-1"},"canonical":"https:\/\/www.uai.com.br\/uainoticias\/2026\/04\/28\/a-psicologia-explica-por-que-o-tedio-em-pessoas-inteligentes-nao-e-vazio-mas-excesso-de-complexidade-nao-usada\/","og_locale":"pt_BR","og_type":"article","og_title":"A psicologia explica por que o t\u00e9dio em pessoas inteligentes n\u00e3o \u00e9 vazio, mas excesso de complexidade n\u00e3o usada - UAI Not\u00edcias","og_description":"O t\u00e9dio para pessoas inteligentes n\u00e3o \u00e9 falta de ocupa\u00e7\u00e3o mas sim fome de complexidade que o mundo n\u00e3o supre.","og_url":"https:\/\/www.uai.com.br\/uainoticias\/2026\/04\/28\/a-psicologia-explica-por-que-o-tedio-em-pessoas-inteligentes-nao-e-vazio-mas-excesso-de-complexidade-nao-usada\/","og_site_name":"UAI Not\u00edcias","article_published_time":"2026-04-28T09:45:00+00:00","og_image":[{"width":1280,"height":720,"url":"https:\/\/www.uai.com.br\/uainoticias\/wp-content\/uploads\/2026\/04\/Pessoa_com_tedio_202604271716.jpg","type":"image\/jpeg"}],"author":"Daniely Cardoso","twitter_card":"summary_large_image","twitter_misc":{"Escrito por":"Daniely Cardoso","Est. tempo de leitura":"6 minutos"},"schema":{"@context":"https:\/\/schema.org","@graph":[{"@type":"WebPage","@id":"https:\/\/www.uai.com.br\/uainoticias\/2026\/04\/28\/a-psicologia-explica-por-que-o-tedio-em-pessoas-inteligentes-nao-e-vazio-mas-excesso-de-complexidade-nao-usada\/","url":"https:\/\/www.uai.com.br\/uainoticias\/2026\/04\/28\/a-psicologia-explica-por-que-o-tedio-em-pessoas-inteligentes-nao-e-vazio-mas-excesso-de-complexidade-nao-usada\/","name":"A psicologia explica por que o t\u00e9dio em pessoas inteligentes n\u00e3o \u00e9 vazio, mas excesso de complexidade n\u00e3o usada - UAI Not\u00edcias","isPartOf":{"@id":"https:\/\/www.uai.com.br\/uainoticias\/#website"},"primaryImageOfPage":{"@id":"https:\/\/www.uai.com.br\/uainoticias\/2026\/04\/28\/a-psicologia-explica-por-que-o-tedio-em-pessoas-inteligentes-nao-e-vazio-mas-excesso-de-complexidade-nao-usada\/#primaryimage"},"image":{"@id":"https:\/\/www.uai.com.br\/uainoticias\/2026\/04\/28\/a-psicologia-explica-por-que-o-tedio-em-pessoas-inteligentes-nao-e-vazio-mas-excesso-de-complexidade-nao-usada\/#primaryimage"},"thumbnailUrl":"https:\/\/www.uai.com.br\/uainoticias\/wp-content\/uploads\/2026\/04\/Pessoa_com_tedio_202604271716.jpg","datePublished":"2026-04-28T09:45:00+00:00","author":{"@id":"https:\/\/www.uai.com.br\/uainoticias\/#\/schema\/person\/b40f59cad9eb0656c8ae35fee468cc57"},"description":"O t\u00e9dio para pessoas inteligentes n\u00e3o \u00e9 falta de ocupa\u00e7\u00e3o mas sim fome de complexidade que o mundo n\u00e3o supre.","breadcrumb":{"@id":"https:\/\/www.uai.com.br\/uainoticias\/2026\/04\/28\/a-psicologia-explica-por-que-o-tedio-em-pessoas-inteligentes-nao-e-vazio-mas-excesso-de-complexidade-nao-usada\/#breadcrumb"},"inLanguage":"pt-BR","potentialAction":[{"@type":"ReadAction","target":["https:\/\/www.uai.com.br\/uainoticias\/2026\/04\/28\/a-psicologia-explica-por-que-o-tedio-em-pessoas-inteligentes-nao-e-vazio-mas-excesso-de-complexidade-nao-usada\/"]}]},{"@type":"ImageObject","inLanguage":"pt-BR","@id":"https:\/\/www.uai.com.br\/uainoticias\/2026\/04\/28\/a-psicologia-explica-por-que-o-tedio-em-pessoas-inteligentes-nao-e-vazio-mas-excesso-de-complexidade-nao-usada\/#primaryimage","url":"https:\/\/www.uai.com.br\/uainoticias\/wp-content\/uploads\/2026\/04\/Pessoa_com_tedio_202604271716.jpg","contentUrl":"https:\/\/www.uai.com.br\/uainoticias\/wp-content\/uploads\/2026\/04\/Pessoa_com_tedio_202604271716.jpg","width":1280,"height":720,"caption":"Pessoas com alta capacidade cognitiva tendem a buscar mais est\u00edmulos mentais"},{"@type":"BreadcrumbList","@id":"https:\/\/www.uai.com.br\/uainoticias\/2026\/04\/28\/a-psicologia-explica-por-que-o-tedio-em-pessoas-inteligentes-nao-e-vazio-mas-excesso-de-complexidade-nao-usada\/#breadcrumb","itemListElement":[{"@type":"ListItem","position":1,"name":"In\u00edcio","item":"https:\/\/www.uai.com.br\/uainoticias\/"},{"@type":"ListItem","position":2,"name":"A psicologia explica por que o t\u00e9dio em pessoas inteligentes n\u00e3o \u00e9 vazio, mas excesso de complexidade n\u00e3o usada"}]},{"@type":"WebSite","@id":"https:\/\/www.uai.com.br\/uainoticias\/#website","url":"https:\/\/www.uai.com.br\/uainoticias\/","name":"UAI Not\u00edcias","description":"Acompanhe as \u00faltimas not\u00edcias e fique bem informado sobre tudo o que acontece no Brasil e no mundo.","potentialAction":[{"@type":"SearchAction","target":{"@type":"EntryPoint","urlTemplate":"https:\/\/www.uai.com.br\/uainoticias\/?s={search_term_string}"},"query-input":{"@type":"PropertyValueSpecification","valueRequired":true,"valueName":"search_term_string"}}],"inLanguage":"pt-BR"},{"@type":"Person","@id":"https:\/\/www.uai.com.br\/uainoticias\/#\/schema\/person\/b40f59cad9eb0656c8ae35fee468cc57","name":"Daniely Cardoso","image":{"@type":"ImageObject","inLanguage":"pt-BR","@id":"https:\/\/www.uai.com.br\/uainoticias\/#\/schema\/person\/image\/","url":"https:\/\/secure.gravatar.com\/avatar\/b43c203f79e2ee2d699e04567f61958ba1731d1c994abcd298aa4fee5f54cb3a?s=96&d=mm&r=g","contentUrl":"https:\/\/secure.gravatar.com\/avatar\/b43c203f79e2ee2d699e04567f61958ba1731d1c994abcd298aa4fee5f54cb3a?s=96&d=mm&r=g","caption":"Daniely Cardoso"},"sameAs":["https:\/\/www.uai.com.br\/uainoticias\/"],"url":"https:\/\/www.uai.com.br\/uainoticias\/author\/daniely-morais\/"}]}},"_links":{"self":[{"href":"https:\/\/www.uai.com.br\/uainoticias\/wp-json\/wp\/v2\/posts\/127794","targetHints":{"allow":["GET"]}}],"collection":[{"href":"https:\/\/www.uai.com.br\/uainoticias\/wp-json\/wp\/v2\/posts"}],"about":[{"href":"https:\/\/www.uai.com.br\/uainoticias\/wp-json\/wp\/v2\/types\/post"}],"author":[{"embeddable":true,"href":"https:\/\/www.uai.com.br\/uainoticias\/wp-json\/wp\/v2\/users\/24"}],"replies":[{"embeddable":true,"href":"https:\/\/www.uai.com.br\/uainoticias\/wp-json\/wp\/v2\/comments?post=127794"}],"version-history":[{"count":2,"href":"https:\/\/www.uai.com.br\/uainoticias\/wp-json\/wp\/v2\/posts\/127794\/revisions"}],"predecessor-version":[{"id":127802,"href":"https:\/\/www.uai.com.br\/uainoticias\/wp-json\/wp\/v2\/posts\/127794\/revisions\/127802"}],"wp:featuredmedia":[{"embeddable":true,"href":"https:\/\/www.uai.com.br\/uainoticias\/wp-json\/wp\/v2\/media\/127900"}],"wp:attachment":[{"href":"https:\/\/www.uai.com.br\/uainoticias\/wp-json\/wp\/v2\/media?parent=127794"}],"wp:term":[{"taxonomy":"category","embeddable":true,"href":"https:\/\/www.uai.com.br\/uainoticias\/wp-json\/wp\/v2\/categories?post=127794"},{"taxonomy":"post_tag","embeddable":true,"href":"https:\/\/www.uai.com.br\/uainoticias\/wp-json\/wp\/v2\/tags?post=127794"}],"curies":[{"name":"wp","href":"https:\/\/api.w.org\/{rel}","templated":true}]}}