{"id":127792,"date":"2026-04-28T16:15:00","date_gmt":"2026-04-28T19:15:00","guid":{"rendered":"https:\/\/www.uai.com.br\/uainoticias\/?p=127792"},"modified":"2026-04-27T15:43:09","modified_gmt":"2026-04-27T18:43:09","slug":"aristoteles-fundador-da-logica-formal-e-autor-da-etica-a-nicomaco-o-homem-e-um-animal-politico","status":"publish","type":"post","link":"https:\/\/www.uai.com.br\/uainoticias\/2026\/04\/28\/aristoteles-fundador-da-logica-formal-e-autor-da-etica-a-nicomaco-o-homem-e-um-animal-politico\/","title":{"rendered":"Arist\u00f3teles, fundador da l\u00f3gica formal e autor da \u00c9tica a Nic\u00f4maco: \u201cO homem \u00e9 um animal pol\u00edtico\u201d"},"content":{"rendered":"\n<link href=\"https:\/\/fonts.googleapis.com\/css2?family=Merriweather:wght@700&#038;family=Open+Sans:wght@400;600;700&#038;display=swap\" rel=\"stylesheet\">\r\n<style>\r\n.rdp-resumo-wrapper {\r\n  max-width: 620px;\r\n  margin: 28px auto;\r\n  background: #FFFFFF;\r\n  border: 1px solid #D0D0D0;\r\n  border-radius: 6px;\r\n  padding: 28px 32px;\r\n  font-family: 'Open Sans', sans-serif;\r\n  box-shadow: 0 2px 12px rgba(0,0,0,0.08);\r\n}\r\n.rdp-resumo-header {\r\n  display: flex;\r\n  align-items: center;\r\n  gap: 16px;\r\n  margin-bottom: 22px;\r\n}\r\n.rdp-resumo-line {\r\n  flex: 1;\r\n  height: 1px;\r\n  background: #D0D0D0;\r\n}\r\n.rdp-resumo-title {\r\n  font-family: 'Merriweather', serif;\r\n  font-size: 13px;\r\n  font-weight: 700;\r\n  text-transform: uppercase;\r\n  letter-spacing: 3px;\r\n  color: #1A1A1A;\r\n  white-space: nowrap;\r\n}\r\n.rdp-resumo-list {\r\n  list-style: none;\r\n  padding: 0;\r\n  margin: 0;\r\n}\r\n.rdp-resumo-item {\r\n  padding: 0 0 18px 22px;\r\n  position: relative;\r\n  line-height: 1.7;\r\n}\r\n.rdp-resumo-item:last-child {\r\n  padding-bottom: 0;\r\n}\r\n.rdp-resumo-item::before {\r\n  content: \"\";\r\n  position: absolute;\r\n  left: 0;\r\n  top: 8px;\r\n  width: 8px;\r\n  height: 8px;\r\n  background: #2B5A83;\r\n  border-radius: 50%;\r\n}\r\n.rdp-resumo-item-title {\r\n  font-size: 15px;\r\n  font-weight: 700;\r\n  color: #1A1A1A;\r\n}\r\n.rdp-resumo-item-desc {\r\n  font-size: 15px;\r\n  color: #4A4A4A;\r\n  line-height: 1.7;\r\n}\r\n@media (max-width: 768px) {\r\n  .rdp-resumo-wrapper {\r\n    max-width: 100%;\r\n    margin: 20px 12px;\r\n    padding: 22px 20px;\r\n  }\r\n}\r\n<\/style>\r\n<div class=\"rdp-resumo-wrapper\">\r\n  <div class=\"rdp-resumo-header\">\r\n    <span class=\"rdp-resumo-line\"><\/span>\r\n    <span class=\"rdp-resumo-title\">Resumo<\/span>\r\n    <span class=\"rdp-resumo-line\"><\/span>\r\n  <\/div>\r\n  <ul class=\"rdp-resumo-list\">\r\n    <li class=\"rdp-resumo-item\">\r\n      <span class=\"rdp-resumo-item-title\">Pensamento cl\u00e1ssico:<\/span> <span class=\"rdp-resumo-item-desc\">Arist\u00f3teles define a natureza humana como essencialmente social e pol\u00edtica.<\/span>\r\n    <\/li>\r\n    <li class=\"rdp-resumo-item\">\r\n      <span class=\"rdp-resumo-item-title\">Conceito central:<\/span> <span class=\"rdp-resumo-item-desc\">A frase reflete a rela\u00e7\u00e3o entre indiv\u00edduo, cidadania e organiza\u00e7\u00e3o da polis.<\/span>\r\n    <\/li>\r\n    <li class=\"rdp-resumo-item\">\r\n      <span class=\"rdp-resumo-item-title\">Relev\u00e2ncia atual:<\/span> <span class=\"rdp-resumo-item-desc\">A ideia segue influente nos debates contempor\u00e2neos sobre democracia e participa\u00e7\u00e3o pol\u00edtica.<\/span>\r\n    <\/li>\r\n  <\/ul>\r\n<\/div>\n\n\n\n<p>A frase <em>\u201co homem \u00e9 um animal pol\u00edtico\u201d<\/em>, atribu\u00edda a Arist\u00f3teles, atravessa s\u00e9culos como um dos pilares do pensamento pol\u00edtico ocidental. Inserida no universo da filosofia pol\u00edtica, ela sintetiza uma vis\u00e3o profunda sobre sociedade, cidadania e organiza\u00e7\u00e3o coletiva. Mais do que uma defini\u00e7\u00e3o, trata-se de um diagn\u00f3stico sobre a natureza humana, formulado na obra \u201cPol\u00edtica\u201d, um tratado fundamental do pensamento cl\u00e1ssico.<\/p>\n\n\n\n<h2 class=\"wp-block-heading\">Quem \u00e9 Arist\u00f3teles e por que sua voz importa<\/h2>\n\n\n\n<p>Arist\u00f3teles foi um dos maiores fil\u00f3sofos da Gr\u00e9cia Antiga, disc\u00edpulo de Plat\u00e3o e tutor de Alexandre, o Grande. Sua produ\u00e7\u00e3o intelectual abrange \u00e1reas como \u00e9tica, l\u00f3gica, ret\u00f3rica e, especialmente, filosofia pol\u00edtica, onde deixou contribui\u00e7\u00f5es duradouras.<\/p>\n\n\n\n<p>Autor de obras como \u201c\u00c9tica a Nic\u00f4maco\u201d e \u201cPol\u00edtica\u201d, Arist\u00f3teles sistematizou conceitos fundamentais sobre governo, cidadania e justi\u00e7a. Sua an\u00e1lise da polis, a cidade-Estado grega, ainda serve como refer\u00eancia para entender estruturas pol\u00edticas modernas.<\/p>\n\n\n\n<blockquote class=\"instagram-media\" data-instgrm-captioned data-instgrm-permalink=\"https:\/\/www.instagram.com\/reel\/DWTrZ8AB_la\/?utm_source=ig_embed&amp;utm_campaign=loading\" data-instgrm-version=\"14\" style=\" background:#FFF; border:0; border-radius:3px; box-shadow:0 0 1px 0 rgba(0,0,0,0.5),0 1px 10px 0 rgba(0,0,0,0.15); margin: 1px; max-width:540px; min-width:326px; padding:0; width:99.375%; width:-webkit-calc(100% - 2px); width:calc(100% - 2px);\"><div style=\"padding:16px;\"> <a href=\"https:\/\/www.instagram.com\/reel\/DWTrZ8AB_la\/?utm_source=ig_embed&amp;utm_campaign=loading\" style=\" background:#FFFFFF; line-height:0; padding:0 0; text-align:center; text-decoration:none; width:100%;\" target=\"_blank\"> <div style=\" display: flex; flex-direction: row; align-items: center;\"> <div style=\"background-color: #F4F4F4; border-radius: 50%; flex-grow: 0; height: 40px; margin-right: 14px; width: 40px;\"><\/div> <div style=\"display: flex; flex-direction: column; flex-grow: 1; justify-content: center;\"> <div style=\" background-color: #F4F4F4; border-radius: 4px; flex-grow: 0; height: 14px; margin-bottom: 6px; width: 100px;\"><\/div> <div style=\" background-color: #F4F4F4; border-radius: 4px; flex-grow: 0; height: 14px; width: 60px;\"><\/div><\/div><\/div><div style=\"padding: 19% 0;\"><\/div> <div style=\"display:block; height:50px; margin:0 auto 12px; width:50px;\"><svg width=\"50px\" height=\"50px\" viewBox=\"0 0 60 60\" version=\"1.1\" xmlns=\"https:\/\/www.w3.org\/2000\/svg\" xmlns:xlink=\"https:\/\/www.w3.org\/1999\/xlink\"><g stroke=\"none\" stroke-width=\"1\" fill=\"none\" fill-rule=\"evenodd\"><g transform=\"translate(-511.000000, -20.000000)\" fill=\"#000000\"><g><path d=\"M556.869,30.41 C554.814,30.41 553.148,32.076 553.148,34.131 C553.148,36.186 554.814,37.852 556.869,37.852 C558.924,37.852 560.59,36.186 560.59,34.131 C560.59,32.076 558.924,30.41 556.869,30.41 M541,60.657 C535.114,60.657 530.342,55.887 530.342,50 C530.342,44.114 535.114,39.342 541,39.342 C546.887,39.342 551.658,44.114 551.658,50 C551.658,55.887 546.887,60.657 541,60.657 M541,33.886 C532.1,33.886 524.886,41.1 524.886,50 C524.886,58.899 532.1,66.113 541,66.113 C549.9,66.113 557.115,58.899 557.115,50 C557.115,41.1 549.9,33.886 541,33.886 M565.378,62.101 C565.244,65.022 564.756,66.606 564.346,67.663 C563.803,69.06 563.154,70.057 562.106,71.106 C561.058,72.155 560.06,72.803 558.662,73.347 C557.607,73.757 556.021,74.244 553.102,74.378 C549.944,74.521 548.997,74.552 541,74.552 C533.003,74.552 532.056,74.521 528.898,74.378 C525.979,74.244 524.393,73.757 523.338,73.347 C521.94,72.803 520.942,72.155 519.894,71.106 C518.846,70.057 518.197,69.06 517.654,67.663 C517.244,66.606 516.755,65.022 516.623,62.101 C516.479,58.943 516.448,57.996 516.448,50 C516.448,42.003 516.479,41.056 516.623,37.899 C516.755,34.978 517.244,33.391 517.654,32.338 C518.197,30.938 518.846,29.942 519.894,28.894 C520.942,27.846 521.94,27.196 523.338,26.654 C524.393,26.244 525.979,25.756 528.898,25.623 C532.057,25.479 533.004,25.448 541,25.448 C548.997,25.448 549.943,25.479 553.102,25.623 C556.021,25.756 557.607,26.244 558.662,26.654 C560.06,27.196 561.058,27.846 562.106,28.894 C563.154,29.942 563.803,30.938 564.346,32.338 C564.756,33.391 565.244,34.978 565.378,37.899 C565.522,41.056 565.552,42.003 565.552,50 C565.552,57.996 565.522,58.943 565.378,62.101 M570.82,37.631 C570.674,34.438 570.167,32.258 569.425,30.349 C568.659,28.377 567.633,26.702 565.965,25.035 C564.297,23.368 562.623,22.342 560.652,21.575 C558.743,20.834 556.562,20.326 553.369,20.18 C550.169,20.033 549.148,20 541,20 C532.853,20 531.831,20.033 528.631,20.18 C525.438,20.326 523.257,20.834 521.349,21.575 C519.376,22.342 517.703,23.368 516.035,25.035 C514.368,26.702 513.342,28.377 512.574,30.349 C511.834,32.258 511.326,34.438 511.181,37.631 C511.035,40.831 511,41.851 511,50 C511,58.147 511.035,59.17 511.181,62.369 C511.326,65.562 511.834,67.743 512.574,69.651 C513.342,71.625 514.368,73.296 516.035,74.965 C517.703,76.634 519.376,77.658 521.349,78.425 C523.257,79.167 525.438,79.673 528.631,79.82 C531.831,79.965 532.853,80.001 541,80.001 C549.148,80.001 550.169,79.965 553.369,79.82 C556.562,79.673 558.743,79.167 560.652,78.425 C562.623,77.658 564.297,76.634 565.965,74.965 C567.633,73.296 568.659,71.625 569.425,69.651 C570.167,67.743 570.674,65.562 570.82,62.369 C570.966,59.17 571,58.147 571,50 C571,41.851 570.966,40.831 570.82,37.631\"><\/path><\/g><\/g><\/g><\/svg><\/div><div style=\"padding-top: 8px;\"> <div style=\" color:#3897f0; font-family:Arial,sans-serif; font-size:14px; font-style:normal; font-weight:550; line-height:18px;\">Ver essa foto no Instagram<\/div><\/div><div style=\"padding: 12.5% 0;\"><\/div> <div style=\"display: flex; flex-direction: row; margin-bottom: 14px; align-items: center;\"><div> <div style=\"background-color: #F4F4F4; border-radius: 50%; height: 12.5px; width: 12.5px; transform: translateX(0px) translateY(7px);\"><\/div> <div style=\"background-color: #F4F4F4; height: 12.5px; transform: rotate(-45deg) translateX(3px) translateY(1px); width: 12.5px; flex-grow: 0; margin-right: 14px; margin-left: 2px;\"><\/div> <div style=\"background-color: #F4F4F4; border-radius: 50%; height: 12.5px; width: 12.5px; transform: translateX(9px) translateY(-18px);\"><\/div><\/div><div style=\"margin-left: 8px;\"> <div style=\" background-color: #F4F4F4; border-radius: 50%; flex-grow: 0; height: 20px; width: 20px;\"><\/div> <div style=\" width: 0; height: 0; border-top: 2px solid transparent; border-left: 6px solid #f4f4f4; border-bottom: 2px solid transparent; transform: translateX(16px) translateY(-4px) rotate(30deg)\"><\/div><\/div><div style=\"margin-left: auto;\"> <div style=\" width: 0px; border-top: 8px solid #F4F4F4; border-right: 8px solid transparent; transform: translateY(16px);\"><\/div> <div style=\" background-color: #F4F4F4; flex-grow: 0; height: 12px; width: 16px; transform: translateY(-4px);\"><\/div> <div style=\" width: 0; height: 0; border-top: 8px solid #F4F4F4; border-left: 8px solid transparent; transform: translateY(-4px) translateX(8px);\"><\/div><\/div><\/div> <div style=\"display: flex; flex-direction: column; flex-grow: 1; justify-content: center; margin-bottom: 24px;\"> <div style=\" background-color: #F4F4F4; border-radius: 4px; flex-grow: 0; height: 14px; margin-bottom: 6px; width: 224px;\"><\/div> <div style=\" background-color: #F4F4F4; border-radius: 4px; flex-grow: 0; height: 14px; width: 144px;\"><\/div><\/div><\/a><p style=\" color:#c9c8cd; font-family:Arial,sans-serif; font-size:14px; line-height:17px; margin-bottom:0; margin-top:8px; overflow:hidden; padding:8px 0 7px; text-align:center; text-overflow:ellipsis; white-space:nowrap;\"><a href=\"https:\/\/www.instagram.com\/reel\/DWTrZ8AB_la\/?utm_source=ig_embed&amp;utm_campaign=loading\" style=\" color:#c9c8cd; font-family:Arial,sans-serif; font-size:14px; font-style:normal; font-weight:normal; line-height:17px; text-decoration:none;\" target=\"_blank\">Um post compartilhado por Babi Turcato (@babiturcato)<\/a><\/p><\/div><\/blockquote>\n<script async src=\"\/\/www.instagram.com\/embed.js\"><\/script>\n\n\n\n<h2 class=\"wp-block-heading\">O que Arist\u00f3teles quis dizer com essa frase<\/h2>\n\n\n\n<p>Ao afirmar que o homem \u00e9 um animal pol\u00edtico, Arist\u00f3teles n\u00e3o se referia \u00e0 pol\u00edtica como disputa de poder, mas como participa\u00e7\u00e3o na vida p\u00fablica. Para ele, viver em comunidade \u00e9 uma condi\u00e7\u00e3o natural do ser humano, e n\u00e3o uma escolha opcional.<\/p>\n\n\n\n<p>Na sua vis\u00e3o, apenas dentro da polis o indiv\u00edduo alcan\u00e7a sua plena realiza\u00e7\u00e3o. A linguagem, a delibera\u00e7\u00e3o e a busca pelo bem comum s\u00e3o caracter\u00edsticas que diferenciam o ser humano de outros animais, tornando-o essencialmente social e pol\u00edtico.<\/p>\n\n\n\n<h2 class=\"wp-block-heading\">A pol\u00edtica e a polis: o contexto por tr\u00e1s das palavras<\/h2>\n\n\n\n<p>A polis grega era mais do que um territ\u00f3rio, era um espa\u00e7o de debate, decis\u00e3o e participa\u00e7\u00e3o cidad\u00e3. Nesse ambiente, pol\u00edtica significava discutir leis, organizar a sociedade e buscar justi\u00e7a coletiva.<\/p>\n\n\n\n<p>Arist\u00f3teles analisou diferentes formas de governo, como monarquia, aristocracia e democracia, sempre com foco na estabilidade e no bem comum. Sua reflex\u00e3o nasce desse contexto hist\u00f3rico, onde a cidadania ativa era central para a vida social.<\/p>\n\n\n\n<link href=\"https:\/\/fonts.googleapis.com\/css2?family=Merriweather:wght@700&#038;family=Open+Sans:wght@400;600;700&#038;display=swap\" rel=\"stylesheet\">\r\n<style>\r\n.rdp-cards-wrapper .jnews_inline_related_post_wrapper,\r\n.rdp-cards-wrapper .jnews_inline_related_post,\r\n.rdp-cards-wrapper .jeg_postblock,\r\n.rdp-cards-wrapper [class*=\"jnews_inline\"],\r\n.rdp-cards-wrapper [class*=\"jeg_postblock\"],\r\n.rdp-cards-wrapper [class*=\"jeg_block\"] {\r\n  display: none !important;\r\n  height: 0 !important;\r\n  max-height: 0 !important;\r\n  overflow: hidden !important;\r\n  visibility: hidden !important;\r\n  margin: 0 !important;\r\n  padding: 0 !important;\r\n  border: none !important;\r\n  font-size: 0 !important;\r\n  line-height: 0 !important;\r\n}\r\n.rdp-cards-wrapper {\r\n  max-width: 100%;\r\n  margin: 32px 0;\r\n  background: #F5F7FA;\r\n  border: 1px solid #E1E5EB;\r\n  border-radius: 10px;\r\n  padding: 28px 28px 20px;\r\n  font-family: 'Open Sans', sans-serif;\r\n  overflow: hidden;\r\n  contain: layout style;\r\n  isolation: isolate;\r\n  position: relative;\r\n  z-index: 1;\r\n}\r\n.rdp-cards-title {\r\n  font-family: 'Merriweather', serif;\r\n  font-size: 20px;\r\n  font-weight: 700;\r\n  color: #1A1A1A;\r\n  margin: 0 0 20px 0;\r\n  text-align: center;\r\n}\r\n.rdp-cards-grid {\r\n  display: grid;\r\n  grid-template-columns: repeat(3, 1fr);\r\n  gap: 18px;\r\n}\r\n.rdp-cards-item {\r\n  background: #FFFFFF;\r\n  border: 1px solid #E1E5EB;\r\n  border-top: 3px solid #2B5A83;\r\n  border-radius: 10px;\r\n  padding: 22px 20px;\r\n}\r\n.rdp-cards-emoji {\r\n  font-size: 32px;\r\n  margin-bottom: 12px;\r\n}\r\n.rdp-cards-item-title {\r\n  font-weight: 700;\r\n}\r\n.rdp-cards-item-desc {\r\n  font-size: 14px;\r\n}\r\n@media (max-width: 768px) {\r\n  .rdp-cards-grid {\r\n    grid-template-columns: 1fr;\r\n  }\r\n}\r\n<\/style>\r\n<div class=\"rdp-cards-wrapper\">\r\n  <div class=\"rdp-cards-title\">Saiba mais sobre o tema<\/div>\r\n  <div class=\"rdp-cards-grid\">\r\n    <div class=\"rdp-cards-item\">\r\n      <span class=\"rdp-cards-emoji\">\ud83d\udcda<\/span>\r\n      <div class=\"rdp-cards-item-title\">Obra fundamental<\/div>\r\n      <p class=\"rdp-cards-item-desc\">\u201cPol\u00edtica\u201d \u00e9 um dos textos mais influentes da filosofia pol\u00edtica ocidental.<\/p>\r\n    <\/div>\r\n    <div class=\"rdp-cards-item\">\r\n      <span class=\"rdp-cards-emoji\">\ud83c\udfdb\ufe0f<\/span>\r\n      <div class=\"rdp-cards-item-title\">Origem da democracia<\/div>\r\n      <p class=\"rdp-cards-item-desc\">A polis grega foi o ber\u00e7o das primeiras formas organizadas de governo participativo.<\/p>\r\n    <\/div>\r\n    <div class=\"rdp-cards-item\">\r\n      <span class=\"rdp-cards-emoji\">\ud83c\udf10<\/span>\r\n      <div class=\"rdp-cards-item-title\">Impacto atual<\/div>\r\n      <p class=\"rdp-cards-item-desc\">A ideia aristot\u00e9lica ainda influencia debates sobre cidadania e democracia moderna.<\/p>\r\n    <\/div>\r\n  <\/div>\r\n<\/div>\r\n<div style=\"clear:both;height:0;overflow:hidden;\"><\/div>\n\n\n\n<h2 class=\"wp-block-heading\">Por que essa declara\u00e7\u00e3o repercutiu<\/h2>\n\n\n\n<p>A frase ganhou destaque ao longo dos s\u00e9culos por sintetizar a ess\u00eancia da vida em sociedade. Em contextos de crise pol\u00edtica ou transforma\u00e7\u00e3o social, ela ressurge como refer\u00eancia para refletir sobre participa\u00e7\u00e3o e responsabilidade cidad\u00e3.<\/p>\n\n\n\n<p>Debates contempor\u00e2neos sobre democracia, representa\u00e7\u00e3o e engajamento pol\u00edtico frequentemente retomam Arist\u00f3teles. A ideia de que o indiv\u00edduo n\u00e3o existe isoladamente refor\u00e7a a import\u00e2ncia da a\u00e7\u00e3o coletiva.<\/p>\n\n\n\n<h2 class=\"wp-block-heading\">O legado e a relev\u00e2ncia para a pol\u00edtica<\/h2>\n\n\n\n<p>O pensamento de Arist\u00f3teles continua sendo um alicerce da teoria pol\u00edtica. Sua compreens\u00e3o da pol\u00edtica como pr\u00e1tica social e \u00e9tica inspira reflex\u00f5es sobre governan\u00e7a, cidadania e bem comum at\u00e9 hoje.<\/p>\n\n\n\n<p>Em um mundo marcado por transforma\u00e7\u00f5es pol\u00edticas constantes, a ideia de que somos seres pol\u00edticos permanece atual. Ela convida \u00e0 participa\u00e7\u00e3o ativa e \u00e0 reflex\u00e3o cr\u00edtica sobre o papel de cada indiv\u00edduo na constru\u00e7\u00e3o da sociedade.<\/p>\n","protected":false},"excerpt":{"rendered":"<p>Resumo Pensamento cl\u00e1ssico: Arist\u00f3teles define a natureza humana como essencialmente social e pol\u00edtica. Conceito central: A frase reflete a rela\u00e7\u00e3o entre indiv\u00edduo, cidadania e organiza\u00e7\u00e3o da polis. Relev\u00e2ncia atual: A ideia segue influente nos debates contempor\u00e2neos sobre democracia e participa\u00e7\u00e3o pol\u00edtica. A frase \u201co homem \u00e9 um animal pol\u00edtico\u201d, atribu\u00edda a Arist\u00f3teles, atravessa s\u00e9culos como [&hellip;]<\/p>\n","protected":false},"author":23,"featured_media":127795,"comment_status":"open","ping_status":"open","sticky":false,"template":"","format":"standard","meta":{"jnews-multi-image_gallery":[],"jnews_single_post":{"format":"standard"},"jnews_primary_category":[],"jnews_social_meta":[],"jnews_override_counter":[],"footnotes":""},"categories":[3046,475],"tags":[22006,8533,8807,1695],"class_list":["post-127792","post","type-post","status-publish","format-standard","has-post-thumbnail","hentry","category-curiosidades","category-entretenimento","tag-aristoteles","tag-filosofia","tag-homem","tag-politica"],"yoast_head":"<!-- This site is optimized with the Yoast SEO plugin v26.5 - https:\/\/yoast.com\/wordpress\/plugins\/seo\/ -->\n<title>Arist\u00f3teles, fundador da l\u00f3gica formal e autor da \u00c9tica a Nic\u00f4maco: \u201cO homem \u00e9 um animal pol\u00edtico\u201d - UAI Not\u00edcias<\/title>\n<meta name=\"description\" content=\"Uma frase antiga de Arist\u00f3teles continua explicando a vida em sociedade e o impacto dela pode surpreender voc\u00ea\" \/>\n<meta name=\"robots\" content=\"index, follow, max-snippet:-1, max-image-preview:large, max-video-preview:-1\" \/>\n<link rel=\"canonical\" href=\"https:\/\/www.uai.com.br\/uainoticias\/2026\/04\/28\/aristoteles-fundador-da-logica-formal-e-autor-da-etica-a-nicomaco-o-homem-e-um-animal-politico\/\" \/>\n<meta property=\"og:locale\" content=\"pt_BR\" \/>\n<meta property=\"og:type\" content=\"article\" \/>\n<meta property=\"og:title\" content=\"Arist\u00f3teles, fundador da l\u00f3gica formal e autor da \u00c9tica a Nic\u00f4maco: \u201cO homem \u00e9 um animal pol\u00edtico\u201d - UAI Not\u00edcias\" \/>\n<meta property=\"og:description\" content=\"Uma frase antiga de Arist\u00f3teles continua explicando a vida em sociedade e o impacto dela pode surpreender voc\u00ea\" \/>\n<meta property=\"og:url\" content=\"https:\/\/www.uai.com.br\/uainoticias\/2026\/04\/28\/aristoteles-fundador-da-logica-formal-e-autor-da-etica-a-nicomaco-o-homem-e-um-animal-politico\/\" \/>\n<meta property=\"og:site_name\" content=\"UAI Not\u00edcias\" \/>\n<meta property=\"article:published_time\" content=\"2026-04-28T19:15:00+00:00\" \/>\n<meta property=\"og:image\" content=\"https:\/\/www.uai.com.br\/uainoticias\/wp-content\/uploads\/2026\/04\/Design_sem_nome-2026-04-27T154247.076.jpg\" \/>\n\t<meta property=\"og:image:width\" content=\"1280\" \/>\n\t<meta property=\"og:image:height\" content=\"720\" \/>\n\t<meta property=\"og:image:type\" content=\"image\/jpeg\" \/>\n<meta name=\"author\" content=\"Gustavo Trindade\" \/>\n<meta name=\"twitter:card\" content=\"summary_large_image\" \/>\n<meta name=\"twitter:label1\" content=\"Escrito por\" \/>\n\t<meta name=\"twitter:data1\" content=\"Gustavo Trindade\" \/>\n\t<meta name=\"twitter:label2\" content=\"Est. tempo de leitura\" \/>\n\t<meta name=\"twitter:data2\" content=\"4 minutos\" \/>\n<!-- \/ Yoast SEO plugin. -->","yoast_head_json":{"title":"Arist\u00f3teles, fundador da l\u00f3gica formal e autor da \u00c9tica a Nic\u00f4maco: \u201cO homem \u00e9 um animal pol\u00edtico\u201d - UAI Not\u00edcias","description":"Uma frase antiga de Arist\u00f3teles continua explicando a vida em sociedade e o impacto dela pode surpreender voc\u00ea","robots":{"index":"index","follow":"follow","max-snippet":"max-snippet:-1","max-image-preview":"max-image-preview:large","max-video-preview":"max-video-preview:-1"},"canonical":"https:\/\/www.uai.com.br\/uainoticias\/2026\/04\/28\/aristoteles-fundador-da-logica-formal-e-autor-da-etica-a-nicomaco-o-homem-e-um-animal-politico\/","og_locale":"pt_BR","og_type":"article","og_title":"Arist\u00f3teles, fundador da l\u00f3gica formal e autor da \u00c9tica a Nic\u00f4maco: \u201cO homem \u00e9 um animal pol\u00edtico\u201d - UAI Not\u00edcias","og_description":"Uma frase antiga de Arist\u00f3teles continua explicando a vida em sociedade e o impacto dela pode surpreender voc\u00ea","og_url":"https:\/\/www.uai.com.br\/uainoticias\/2026\/04\/28\/aristoteles-fundador-da-logica-formal-e-autor-da-etica-a-nicomaco-o-homem-e-um-animal-politico\/","og_site_name":"UAI Not\u00edcias","article_published_time":"2026-04-28T19:15:00+00:00","og_image":[{"width":1280,"height":720,"url":"https:\/\/www.uai.com.br\/uainoticias\/wp-content\/uploads\/2026\/04\/Design_sem_nome-2026-04-27T154247.076.jpg","type":"image\/jpeg"}],"author":"Gustavo Trindade","twitter_card":"summary_large_image","twitter_misc":{"Escrito por":"Gustavo Trindade","Est. tempo de leitura":"4 minutos"},"schema":{"@context":"https:\/\/schema.org","@graph":[{"@type":"WebPage","@id":"https:\/\/www.uai.com.br\/uainoticias\/2026\/04\/28\/aristoteles-fundador-da-logica-formal-e-autor-da-etica-a-nicomaco-o-homem-e-um-animal-politico\/","url":"https:\/\/www.uai.com.br\/uainoticias\/2026\/04\/28\/aristoteles-fundador-da-logica-formal-e-autor-da-etica-a-nicomaco-o-homem-e-um-animal-politico\/","name":"Arist\u00f3teles, fundador da l\u00f3gica formal e autor da \u00c9tica a Nic\u00f4maco: \u201cO homem \u00e9 um animal pol\u00edtico\u201d - UAI Not\u00edcias","isPartOf":{"@id":"https:\/\/www.uai.com.br\/uainoticias\/#website"},"primaryImageOfPage":{"@id":"https:\/\/www.uai.com.br\/uainoticias\/2026\/04\/28\/aristoteles-fundador-da-logica-formal-e-autor-da-etica-a-nicomaco-o-homem-e-um-animal-politico\/#primaryimage"},"image":{"@id":"https:\/\/www.uai.com.br\/uainoticias\/2026\/04\/28\/aristoteles-fundador-da-logica-formal-e-autor-da-etica-a-nicomaco-o-homem-e-um-animal-politico\/#primaryimage"},"thumbnailUrl":"https:\/\/www.uai.com.br\/uainoticias\/wp-content\/uploads\/2026\/04\/Design_sem_nome-2026-04-27T154247.076.jpg","datePublished":"2026-04-28T19:15:00+00:00","author":{"@id":"https:\/\/www.uai.com.br\/uainoticias\/#\/schema\/person\/060f8bb02e250479c83590e2c4706fcc"},"description":"Uma frase antiga de Arist\u00f3teles continua explicando a vida em sociedade e o impacto dela pode surpreender voc\u00ea","breadcrumb":{"@id":"https:\/\/www.uai.com.br\/uainoticias\/2026\/04\/28\/aristoteles-fundador-da-logica-formal-e-autor-da-etica-a-nicomaco-o-homem-e-um-animal-politico\/#breadcrumb"},"inLanguage":"pt-BR","potentialAction":[{"@type":"ReadAction","target":["https:\/\/www.uai.com.br\/uainoticias\/2026\/04\/28\/aristoteles-fundador-da-logica-formal-e-autor-da-etica-a-nicomaco-o-homem-e-um-animal-politico\/"]}]},{"@type":"ImageObject","inLanguage":"pt-BR","@id":"https:\/\/www.uai.com.br\/uainoticias\/2026\/04\/28\/aristoteles-fundador-da-logica-formal-e-autor-da-etica-a-nicomaco-o-homem-e-um-animal-politico\/#primaryimage","url":"https:\/\/www.uai.com.br\/uainoticias\/wp-content\/uploads\/2026\/04\/Design_sem_nome-2026-04-27T154247.076.jpg","contentUrl":"https:\/\/www.uai.com.br\/uainoticias\/wp-content\/uploads\/2026\/04\/Design_sem_nome-2026-04-27T154247.076.jpg","width":1280,"height":720,"caption":"Comportamento social ligado \u00e0 organiza\u00e7\u00e3o pol\u00edtica humana"},{"@type":"BreadcrumbList","@id":"https:\/\/www.uai.com.br\/uainoticias\/2026\/04\/28\/aristoteles-fundador-da-logica-formal-e-autor-da-etica-a-nicomaco-o-homem-e-um-animal-politico\/#breadcrumb","itemListElement":[{"@type":"ListItem","position":1,"name":"In\u00edcio","item":"https:\/\/www.uai.com.br\/uainoticias\/"},{"@type":"ListItem","position":2,"name":"Arist\u00f3teles, fundador da l\u00f3gica formal e autor da \u00c9tica a Nic\u00f4maco: \u201cO homem \u00e9 um animal pol\u00edtico\u201d"}]},{"@type":"WebSite","@id":"https:\/\/www.uai.com.br\/uainoticias\/#website","url":"https:\/\/www.uai.com.br\/uainoticias\/","name":"UAI Not\u00edcias","description":"Acompanhe as \u00faltimas not\u00edcias e fique bem informado sobre tudo o que acontece no Brasil e no mundo.","potentialAction":[{"@type":"SearchAction","target":{"@type":"EntryPoint","urlTemplate":"https:\/\/www.uai.com.br\/uainoticias\/?s={search_term_string}"},"query-input":{"@type":"PropertyValueSpecification","valueRequired":true,"valueName":"search_term_string"}}],"inLanguage":"pt-BR"},{"@type":"Person","@id":"https:\/\/www.uai.com.br\/uainoticias\/#\/schema\/person\/060f8bb02e250479c83590e2c4706fcc","name":"Gustavo Trindade","image":{"@type":"ImageObject","inLanguage":"pt-BR","@id":"https:\/\/www.uai.com.br\/uainoticias\/#\/schema\/person\/image\/","url":"https:\/\/secure.gravatar.com\/avatar\/05714a54ada0bd2b20e75b2c72a9e7802581213945810c2354d320b79f27b427?s=96&d=mm&r=g","contentUrl":"https:\/\/secure.gravatar.com\/avatar\/05714a54ada0bd2b20e75b2c72a9e7802581213945810c2354d320b79f27b427?s=96&d=mm&r=g","caption":"Gustavo Trindade"},"sameAs":["https:\/\/www.uai.com.br\/uainoticias\/"],"url":"https:\/\/www.uai.com.br\/uainoticias\/author\/gustavotrindade\/"}]}},"_links":{"self":[{"href":"https:\/\/www.uai.com.br\/uainoticias\/wp-json\/wp\/v2\/posts\/127792","targetHints":{"allow":["GET"]}}],"collection":[{"href":"https:\/\/www.uai.com.br\/uainoticias\/wp-json\/wp\/v2\/posts"}],"about":[{"href":"https:\/\/www.uai.com.br\/uainoticias\/wp-json\/wp\/v2\/types\/post"}],"author":[{"embeddable":true,"href":"https:\/\/www.uai.com.br\/uainoticias\/wp-json\/wp\/v2\/users\/23"}],"replies":[{"embeddable":true,"href":"https:\/\/www.uai.com.br\/uainoticias\/wp-json\/wp\/v2\/comments?post=127792"}],"version-history":[{"count":1,"href":"https:\/\/www.uai.com.br\/uainoticias\/wp-json\/wp\/v2\/posts\/127792\/revisions"}],"predecessor-version":[{"id":127796,"href":"https:\/\/www.uai.com.br\/uainoticias\/wp-json\/wp\/v2\/posts\/127792\/revisions\/127796"}],"wp:featuredmedia":[{"embeddable":true,"href":"https:\/\/www.uai.com.br\/uainoticias\/wp-json\/wp\/v2\/media\/127795"}],"wp:attachment":[{"href":"https:\/\/www.uai.com.br\/uainoticias\/wp-json\/wp\/v2\/media?parent=127792"}],"wp:term":[{"taxonomy":"category","embeddable":true,"href":"https:\/\/www.uai.com.br\/uainoticias\/wp-json\/wp\/v2\/categories?post=127792"},{"taxonomy":"post_tag","embeddable":true,"href":"https:\/\/www.uai.com.br\/uainoticias\/wp-json\/wp\/v2\/tags?post=127792"}],"curies":[{"name":"wp","href":"https:\/\/api.w.org\/{rel}","templated":true}]}}