{"id":127780,"date":"2026-04-28T12:20:00","date_gmt":"2026-04-28T15:20:00","guid":{"rendered":"https:\/\/www.uai.com.br\/uainoticias\/?p=127780"},"modified":"2026-04-27T16:37:10","modified_gmt":"2026-04-27T19:37:10","slug":"adeus-ao-lustre-de-cristal-na-sala-de-jantar-as-tendencias-minimalistas-que-vao-dominar-em-2026","status":"publish","type":"post","link":"https:\/\/www.uai.com.br\/uainoticias\/2026\/04\/28\/adeus-ao-lustre-de-cristal-na-sala-de-jantar-as-tendencias-minimalistas-que-vao-dominar-em-2026\/","title":{"rendered":"Adeus ao lustre de cristal na sala de jantar: as tend\u00eancias minimalistas que v\u00e3o dominar em 2026"},"content":{"rendered":"\n<p>A ilumina\u00e7\u00e3o minimalista est\u00e1 redefinindo a est\u00e9tica das salas de jantar em 2026. Essa mudan\u00e7a prioriza a eleg\u00e2ncia funcional em vez do luxo ostensivo dos tradicionais lustres de cristal.<\/p>\n\n\n\n<h2 class=\"wp-block-heading\">Por que o minimalismo est\u00e1 substituindo os lustres cl\u00e1ssicos?<\/h2>\n\n\n\n<p>A busca por ambientes limpos reflete uma mudan\u00e7a no comportamento do consumidor no <strong>Brasil<\/strong>. As pessoas agora valorizam a leveza visual e a facilidade de manuten\u00e7\u00e3o em apartamentos modernos.<\/p>\n\n\n\n<p>Pe\u00e7as volumosas de cristal muitas vezes conflitam com os conceitos de design integrado encontrados no <strong>Rio de Janeiro<\/strong>. O movimento em dire\u00e7\u00e3o \u00e0 simplicidade promove uma sensa\u00e7\u00e3o de amplitude.<\/p>\n\n\n\n<figure class=\"wp-block-image size-large\"><img decoding=\"async\" width=\"1024\" height=\"576\" src=\"https:\/\/www.uai.com.br\/uainoticias\/wp-content\/uploads\/2026\/04\/Iluminacao-minimalista-2-1024x576.jpg\" alt=\"\" class=\"wp-image-127847\" srcset=\"https:\/\/www.uai.com.br\/uainoticias\/wp-content\/uploads\/2026\/04\/Iluminacao-minimalista-2-1024x576.jpg 1024w, https:\/\/www.uai.com.br\/uainoticias\/wp-content\/uploads\/2026\/04\/Iluminacao-minimalista-2-300x169.jpg 300w, https:\/\/www.uai.com.br\/uainoticias\/wp-content\/uploads\/2026\/04\/Iluminacao-minimalista-2-768x432.jpg 768w, https:\/\/www.uai.com.br\/uainoticias\/wp-content\/uploads\/2026\/04\/Iluminacao-minimalista-2-750x422.jpg 750w, https:\/\/www.uai.com.br\/uainoticias\/wp-content\/uploads\/2026\/04\/Iluminacao-minimalista-2-1140x641.jpg 1140w, https:\/\/www.uai.com.br\/uainoticias\/wp-content\/uploads\/2026\/04\/Iluminacao-minimalista-2.jpg 1280w\" sizes=\"(max-width: 1024px) 100vw, 1024px\" \/><figcaption class=\"wp-element-caption\">Veja como ilumina\u00e7\u00e3o linear e design escandinavo transformam salas de jantar com estilo moderno e aconchegante &#8211; Cr\u00e9ditos: Imagem Ilustrativa<\/figcaption><\/figure>\n\n\n\n<p>Leia tamb\u00e9m: <strong><a href=\"https:\/\/www.uai.com.br\/uainoticias\/2026\/04\/27\/o-fogao-tradicional-esta-com-os-dias-contados-conheca-a-alternativa-mais-eficiente-que-esta-chegando-as-casas\/\" target=\"_blank\" rel=\"noreferrer noopener\">O fog\u00e3o tradicional est\u00e1 com os dias contados: conhe\u00e7a a alternativa mais eficiente que est\u00e1 chegando \u00e0s casas<\/a><\/strong><\/p>\n\n\n\n<h2 class=\"wp-block-heading\">Quais s\u00e3o as lumin\u00e1rias lineares que ganham destaque?<\/h2>\n\n\n\n<p>Sistemas de ilumina\u00e7\u00e3o linear oferecem um visual elegante que complementa perfeitamente as mesas de jantar longas. Estas pe\u00e7as utilizam tecnologia de <strong>LED<\/strong> de alta efici\u00eancia para fornecer luz uniforme em toda a superf\u00edcie da mesa.<\/p>\n\n\n\n<p>Abaixo, apresentamos os dados t\u00e9cnicos sobre os modelos mais utilizados para garantir a harmonia est\u00e9tica nos projetos residenciais:<\/p>\n\n\n\n<figure class=\"wp-block-image size-large\"><img decoding=\"async\" width=\"1024\" height=\"374\" src=\"https:\/\/www.uai.com.br\/uainoticias\/wp-content\/uploads\/2026\/04\/Iluminacao-minimalista-tabela-1024x374.jpg\" alt=\"\" class=\"wp-image-127823\" srcset=\"https:\/\/www.uai.com.br\/uainoticias\/wp-content\/uploads\/2026\/04\/Iluminacao-minimalista-tabela-1024x374.jpg 1024w, https:\/\/www.uai.com.br\/uainoticias\/wp-content\/uploads\/2026\/04\/Iluminacao-minimalista-tabela-300x109.jpg 300w, https:\/\/www.uai.com.br\/uainoticias\/wp-content\/uploads\/2026\/04\/Iluminacao-minimalista-tabela-768x280.jpg 768w, https:\/\/www.uai.com.br\/uainoticias\/wp-content\/uploads\/2026\/04\/Iluminacao-minimalista-tabela-750x274.jpg 750w, https:\/\/www.uai.com.br\/uainoticias\/wp-content\/uploads\/2026\/04\/Iluminacao-minimalista-tabela-1140x416.jpg 1140w, https:\/\/www.uai.com.br\/uainoticias\/wp-content\/uploads\/2026\/04\/Iluminacao-minimalista-tabela.jpg 1280w\" sizes=\"(max-width: 1024px) 100vw, 1024px\" \/><\/figure>\n\n\n\n<h2 class=\"wp-block-heading\">Como o design escandinavo influencia a ilumina\u00e7\u00e3o em 2026?<\/h2>\n\n\n\n<p>Os estilos <strong>Hygge<\/strong> e <strong>Japandi<\/strong> continuam a influenciar fortemente os projetos de decora\u00e7\u00e3o de interiores em todo o mercado nacional. Eles utilizam materiais naturais e formas suaves para criar um clima de total conforto e sofistica\u00e7\u00e3o.<\/p>\n\n\n\n<p>Os designers est\u00e3o focando nos seguintes elementos para substituir o peso visual dos antigos cristais:<\/p>\n\n\n\n<ul class=\"wp-block-list\">\n<li>C\u00fapulas feitas de fibras org\u00e2nicas como vime ou palha tran\u00e7ada.<\/li>\n\n\n\n<li>Cores neutras como bege e preto fosco para as partes estruturais.<\/li>\n\n\n\n<li>L\u00e2mpadas inteligentes que permitem o controle preciso da temperatura.<\/li>\n\n\n\n<li>Ferragens minimalistas inspiradas no trabalho de <strong>Isamu Noguchi<\/strong>.<\/li>\n<\/ul>\n\n\n\n<h2 class=\"wp-block-heading\">Qual o papel da automa\u00e7\u00e3o na ilumina\u00e7\u00e3o minimalista?<\/h2>\n\n\n\n<p>A integra\u00e7\u00e3o com tecnologias de casa inteligente permite que os usu\u00e1rios ajustem cenas de ilumina\u00e7\u00e3o via aplicativos m\u00f3veis. Essa funcionalidade \u00e9 essencial para projetos de alto padr\u00e3o em <strong>Niter\u00f3i<\/strong>.<\/p>\n\n\n\n<p>Sistemas de marcas como <strong>Philips Hue<\/strong> ou <strong>Xiaomi<\/strong> oferecem flexibilidade sem a necessidade de lumin\u00e1rias volumosas. A automa\u00e7\u00e3o garante que a luz se adapte aos diferentes momentos do dia.<\/p>\n\n\n\n<figure class=\"wp-block-image size-large\"><img decoding=\"async\" width=\"1024\" height=\"576\" src=\"https:\/\/www.uai.com.br\/uainoticias\/wp-content\/uploads\/2026\/04\/Iluminacao-minimalista-3-1024x576.jpg\" alt=\"\" class=\"wp-image-127848\" srcset=\"https:\/\/www.uai.com.br\/uainoticias\/wp-content\/uploads\/2026\/04\/Iluminacao-minimalista-3-1024x576.jpg 1024w, https:\/\/www.uai.com.br\/uainoticias\/wp-content\/uploads\/2026\/04\/Iluminacao-minimalista-3-300x169.jpg 300w, https:\/\/www.uai.com.br\/uainoticias\/wp-content\/uploads\/2026\/04\/Iluminacao-minimalista-3-768x432.jpg 768w, https:\/\/www.uai.com.br\/uainoticias\/wp-content\/uploads\/2026\/04\/Iluminacao-minimalista-3-750x422.jpg 750w, https:\/\/www.uai.com.br\/uainoticias\/wp-content\/uploads\/2026\/04\/Iluminacao-minimalista-3-1140x641.jpg 1140w, https:\/\/www.uai.com.br\/uainoticias\/wp-content\/uploads\/2026\/04\/Iluminacao-minimalista-3.jpg 1280w\" sizes=\"(max-width: 1024px) 100vw, 1024px\" \/><figcaption class=\"wp-element-caption\">Saiba como escolher ilumina\u00e7\u00e3o minimalista ideal para sala de jantar e valorizar conforto est\u00e9tica e praticidade &#8211; Cr\u00e9ditos: Imagem Ilustrativa<\/figcaption><\/figure>\n\n\n\n<p>Leia tamb\u00e9m: <strong><a href=\"https:\/\/www.uai.com.br\/uainoticias\/2026\/04\/27\/espalhar-bicarbonato-de-sodio-sobre-o-colchao-e-deixar-agir-por-que-e-recomendado-e-para-que-serve\/\" target=\"_blank\" rel=\"noreferrer noopener\">Espalhar bicarbonato de s\u00f3dio sobre o colch\u00e3o e deixar agir: por que \u00e9 recomendado e para que serve<\/a><\/strong><\/p>\n\n\n\n<h2 class=\"wp-block-heading\">Como escolher a temperatura de cor ideal para a mesa?<\/h2>\n\n\n\n<p>A luz quente continua sendo a favorita para \u00e1reas de refei\u00e7\u00e3o pois promove o relaxamento e o conv\u00edvio social. \u00c9 recomendado utilizar l\u00e2mpadas em torno de 2700K para real\u00e7ar as cores dos alimentos servidos.<\/p>\n\n\n\n<p>Evitar o ofuscamento \u00e9 uma prioridade para arquitetos focados na experi\u00eancia do usu\u00e1rio no espa\u00e7o f\u00edsico. A escolha certa cria um ambiente sofisticado e funcional para qualquer ocasi\u00e3o especial.<\/p>\n","protected":false},"excerpt":{"rendered":"<p>A ilumina\u00e7\u00e3o minimalista est\u00e1 redefinindo a est\u00e9tica das salas de jantar em 2026. Essa mudan\u00e7a prioriza a eleg\u00e2ncia funcional em vez do luxo ostensivo dos tradicionais lustres de cristal. Por que o minimalismo est\u00e1 substituindo os lustres cl\u00e1ssicos? A busca por ambientes limpos reflete uma mudan\u00e7a no comportamento do consumidor no Brasil. As pessoas agora [&hellip;]<\/p>\n","protected":false},"author":29,"featured_media":127846,"comment_status":"open","ping_status":"open","sticky":false,"template":"","format":"standard","meta":{"jnews-multi-image_gallery":[],"jnews_single_post":{"format":"standard"},"jnews_primary_category":[],"jnews_social_meta":[],"jnews_override_counter":[],"footnotes":""},"categories":[11600],"tags":[1962,23528,582],"class_list":["post-127780","post","type-post","status-publish","format-standard","has-post-thumbnail","hentry","category-dicas-de-casa","tag-casa","tag-iluminacao-minimalista","tag-minimalismo"],"yoast_head":"<!-- This site is optimized with the Yoast SEO plugin v26.5 - https:\/\/yoast.com\/wordpress\/plugins\/seo\/ -->\n<title>Adeus ao lustre de cristal na sala de jantar: as tend\u00eancias minimalistas que v\u00e3o dominar em 2026 - UAI Not\u00edcias<\/title>\n<meta name=\"description\" content=\"Ilumina\u00e7\u00e3o minimalista substitui lustres e traz eleg\u00e2ncia funcional para salas de jantar modernas com leveza e sofistica\u00e7\u00e3o\" \/>\n<meta name=\"robots\" content=\"index, follow, max-snippet:-1, max-image-preview:large, max-video-preview:-1\" \/>\n<link rel=\"canonical\" href=\"https:\/\/www.uai.com.br\/uainoticias\/2026\/04\/28\/adeus-ao-lustre-de-cristal-na-sala-de-jantar-as-tendencias-minimalistas-que-vao-dominar-em-2026\/\" \/>\n<meta property=\"og:locale\" content=\"pt_BR\" \/>\n<meta property=\"og:type\" content=\"article\" \/>\n<meta property=\"og:title\" content=\"Adeus ao lustre de cristal na sala de jantar: as tend\u00eancias minimalistas que v\u00e3o dominar em 2026 - UAI Not\u00edcias\" \/>\n<meta property=\"og:description\" content=\"Ilumina\u00e7\u00e3o minimalista substitui lustres e traz eleg\u00e2ncia funcional para salas de jantar modernas com leveza e sofistica\u00e7\u00e3o\" \/>\n<meta property=\"og:url\" content=\"https:\/\/www.uai.com.br\/uainoticias\/2026\/04\/28\/adeus-ao-lustre-de-cristal-na-sala-de-jantar-as-tendencias-minimalistas-que-vao-dominar-em-2026\/\" \/>\n<meta property=\"og:site_name\" content=\"UAI Not\u00edcias\" \/>\n<meta property=\"article:published_time\" content=\"2026-04-28T15:20:00+00:00\" \/>\n<meta property=\"og:image\" content=\"https:\/\/www.uai.com.br\/uainoticias\/wp-content\/uploads\/2026\/04\/Iluminacao-minimalista-1.jpg\" \/>\n\t<meta property=\"og:image:width\" content=\"1280\" \/>\n\t<meta property=\"og:image:height\" content=\"720\" \/>\n\t<meta property=\"og:image:type\" content=\"image\/jpeg\" \/>\n<meta name=\"author\" content=\"Leonardo Nunes\" \/>\n<meta name=\"twitter:card\" content=\"summary_large_image\" \/>\n<meta name=\"twitter:label1\" content=\"Escrito por\" \/>\n\t<meta name=\"twitter:data1\" content=\"Leonardo Nunes\" \/>\n\t<meta name=\"twitter:label2\" content=\"Est. tempo de leitura\" \/>\n\t<meta name=\"twitter:data2\" content=\"4 minutos\" \/>\n<!-- \/ Yoast SEO plugin. -->","yoast_head_json":{"title":"Adeus ao lustre de cristal na sala de jantar: as tend\u00eancias minimalistas que v\u00e3o dominar em 2026 - UAI Not\u00edcias","description":"Ilumina\u00e7\u00e3o minimalista substitui lustres e traz eleg\u00e2ncia funcional para salas de jantar modernas com leveza e sofistica\u00e7\u00e3o","robots":{"index":"index","follow":"follow","max-snippet":"max-snippet:-1","max-image-preview":"max-image-preview:large","max-video-preview":"max-video-preview:-1"},"canonical":"https:\/\/www.uai.com.br\/uainoticias\/2026\/04\/28\/adeus-ao-lustre-de-cristal-na-sala-de-jantar-as-tendencias-minimalistas-que-vao-dominar-em-2026\/","og_locale":"pt_BR","og_type":"article","og_title":"Adeus ao lustre de cristal na sala de jantar: as tend\u00eancias minimalistas que v\u00e3o dominar em 2026 - UAI Not\u00edcias","og_description":"Ilumina\u00e7\u00e3o minimalista substitui lustres e traz eleg\u00e2ncia funcional para salas de jantar modernas com leveza e sofistica\u00e7\u00e3o","og_url":"https:\/\/www.uai.com.br\/uainoticias\/2026\/04\/28\/adeus-ao-lustre-de-cristal-na-sala-de-jantar-as-tendencias-minimalistas-que-vao-dominar-em-2026\/","og_site_name":"UAI Not\u00edcias","article_published_time":"2026-04-28T15:20:00+00:00","og_image":[{"width":1280,"height":720,"url":"https:\/\/www.uai.com.br\/uainoticias\/wp-content\/uploads\/2026\/04\/Iluminacao-minimalista-1.jpg","type":"image\/jpeg"}],"author":"Leonardo Nunes","twitter_card":"summary_large_image","twitter_misc":{"Escrito por":"Leonardo Nunes","Est. tempo de leitura":"4 minutos"},"schema":{"@context":"https:\/\/schema.org","@graph":[{"@type":"WebPage","@id":"https:\/\/www.uai.com.br\/uainoticias\/2026\/04\/28\/adeus-ao-lustre-de-cristal-na-sala-de-jantar-as-tendencias-minimalistas-que-vao-dominar-em-2026\/","url":"https:\/\/www.uai.com.br\/uainoticias\/2026\/04\/28\/adeus-ao-lustre-de-cristal-na-sala-de-jantar-as-tendencias-minimalistas-que-vao-dominar-em-2026\/","name":"Adeus ao lustre de cristal na sala de jantar: as tend\u00eancias minimalistas que v\u00e3o dominar em 2026 - UAI Not\u00edcias","isPartOf":{"@id":"https:\/\/www.uai.com.br\/uainoticias\/#website"},"primaryImageOfPage":{"@id":"https:\/\/www.uai.com.br\/uainoticias\/2026\/04\/28\/adeus-ao-lustre-de-cristal-na-sala-de-jantar-as-tendencias-minimalistas-que-vao-dominar-em-2026\/#primaryimage"},"image":{"@id":"https:\/\/www.uai.com.br\/uainoticias\/2026\/04\/28\/adeus-ao-lustre-de-cristal-na-sala-de-jantar-as-tendencias-minimalistas-que-vao-dominar-em-2026\/#primaryimage"},"thumbnailUrl":"https:\/\/www.uai.com.br\/uainoticias\/wp-content\/uploads\/2026\/04\/Iluminacao-minimalista-1.jpg","datePublished":"2026-04-28T15:20:00+00:00","author":{"@id":"https:\/\/www.uai.com.br\/uainoticias\/#\/schema\/person\/f57cbcb79cae89ff53b4e2a7511676fb"},"description":"Ilumina\u00e7\u00e3o minimalista substitui lustres e traz eleg\u00e2ncia funcional para salas de jantar modernas com leveza e sofistica\u00e7\u00e3o","breadcrumb":{"@id":"https:\/\/www.uai.com.br\/uainoticias\/2026\/04\/28\/adeus-ao-lustre-de-cristal-na-sala-de-jantar-as-tendencias-minimalistas-que-vao-dominar-em-2026\/#breadcrumb"},"inLanguage":"pt-BR","potentialAction":[{"@type":"ReadAction","target":["https:\/\/www.uai.com.br\/uainoticias\/2026\/04\/28\/adeus-ao-lustre-de-cristal-na-sala-de-jantar-as-tendencias-minimalistas-que-vao-dominar-em-2026\/"]}]},{"@type":"ImageObject","inLanguage":"pt-BR","@id":"https:\/\/www.uai.com.br\/uainoticias\/2026\/04\/28\/adeus-ao-lustre-de-cristal-na-sala-de-jantar-as-tendencias-minimalistas-que-vao-dominar-em-2026\/#primaryimage","url":"https:\/\/www.uai.com.br\/uainoticias\/wp-content\/uploads\/2026\/04\/Iluminacao-minimalista-1.jpg","contentUrl":"https:\/\/www.uai.com.br\/uainoticias\/wp-content\/uploads\/2026\/04\/Iluminacao-minimalista-1.jpg","width":1280,"height":720,"caption":"Tend\u00eancia 2026 revela como trocar lustres por ilumina\u00e7\u00e3o minimalista e criar ambientes elegantes e funcionais - Cr\u00e9ditos: Imagem Ilustrativa"},{"@type":"BreadcrumbList","@id":"https:\/\/www.uai.com.br\/uainoticias\/2026\/04\/28\/adeus-ao-lustre-de-cristal-na-sala-de-jantar-as-tendencias-minimalistas-que-vao-dominar-em-2026\/#breadcrumb","itemListElement":[{"@type":"ListItem","position":1,"name":"In\u00edcio","item":"https:\/\/www.uai.com.br\/uainoticias\/"},{"@type":"ListItem","position":2,"name":"Adeus ao lustre de cristal na sala de jantar: as tend\u00eancias minimalistas que v\u00e3o dominar em 2026"}]},{"@type":"WebSite","@id":"https:\/\/www.uai.com.br\/uainoticias\/#website","url":"https:\/\/www.uai.com.br\/uainoticias\/","name":"UAI Not\u00edcias","description":"Acompanhe as \u00faltimas not\u00edcias e fique bem informado sobre tudo o que acontece no Brasil e no mundo.","potentialAction":[{"@type":"SearchAction","target":{"@type":"EntryPoint","urlTemplate":"https:\/\/www.uai.com.br\/uainoticias\/?s={search_term_string}"},"query-input":{"@type":"PropertyValueSpecification","valueRequired":true,"valueName":"search_term_string"}}],"inLanguage":"pt-BR"},{"@type":"Person","@id":"https:\/\/www.uai.com.br\/uainoticias\/#\/schema\/person\/f57cbcb79cae89ff53b4e2a7511676fb","name":"Leonardo Nunes","image":{"@type":"ImageObject","inLanguage":"pt-BR","@id":"https:\/\/www.uai.com.br\/uainoticias\/#\/schema\/person\/image\/","url":"https:\/\/secure.gravatar.com\/avatar\/bcbad95ea1da2f5458464789977fbb5ca8a5da4f7f82d946c83505ef5f769a9c?s=96&d=mm&r=g","contentUrl":"https:\/\/secure.gravatar.com\/avatar\/bcbad95ea1da2f5458464789977fbb5ca8a5da4f7f82d946c83505ef5f769a9c?s=96&d=mm&r=g","caption":"Leonardo Nunes"},"sameAs":["https:\/\/www.uai.com.br\/uainoticias\/"],"url":"https:\/\/www.uai.com.br\/uainoticias\/author\/leonardo-nunes\/"}]}},"_links":{"self":[{"href":"https:\/\/www.uai.com.br\/uainoticias\/wp-json\/wp\/v2\/posts\/127780","targetHints":{"allow":["GET"]}}],"collection":[{"href":"https:\/\/www.uai.com.br\/uainoticias\/wp-json\/wp\/v2\/posts"}],"about":[{"href":"https:\/\/www.uai.com.br\/uainoticias\/wp-json\/wp\/v2\/types\/post"}],"author":[{"embeddable":true,"href":"https:\/\/www.uai.com.br\/uainoticias\/wp-json\/wp\/v2\/users\/29"}],"replies":[{"embeddable":true,"href":"https:\/\/www.uai.com.br\/uainoticias\/wp-json\/wp\/v2\/comments?post=127780"}],"version-history":[{"count":2,"href":"https:\/\/www.uai.com.br\/uainoticias\/wp-json\/wp\/v2\/posts\/127780\/revisions"}],"predecessor-version":[{"id":127864,"href":"https:\/\/www.uai.com.br\/uainoticias\/wp-json\/wp\/v2\/posts\/127780\/revisions\/127864"}],"wp:featuredmedia":[{"embeddable":true,"href":"https:\/\/www.uai.com.br\/uainoticias\/wp-json\/wp\/v2\/media\/127846"}],"wp:attachment":[{"href":"https:\/\/www.uai.com.br\/uainoticias\/wp-json\/wp\/v2\/media?parent=127780"}],"wp:term":[{"taxonomy":"category","embeddable":true,"href":"https:\/\/www.uai.com.br\/uainoticias\/wp-json\/wp\/v2\/categories?post=127780"},{"taxonomy":"post_tag","embeddable":true,"href":"https:\/\/www.uai.com.br\/uainoticias\/wp-json\/wp\/v2\/tags?post=127780"}],"curies":[{"name":"wp","href":"https:\/\/api.w.org\/{rel}","templated":true}]}}