{"id":127774,"date":"2026-04-28T14:15:00","date_gmt":"2026-04-28T17:15:00","guid":{"rendered":"https:\/\/www.uai.com.br\/uainoticias\/?p=127774"},"modified":"2026-04-27T15:29:27","modified_gmt":"2026-04-27T18:29:27","slug":"socrates-criador-do-metodo-socratico-e-fundador-da-etica-ocidental-uma-vida-nao-examinada-nao-vale-a-pena-ser-vivida","status":"publish","type":"post","link":"https:\/\/www.uai.com.br\/uainoticias\/2026\/04\/28\/socrates-criador-do-metodo-socratico-e-fundador-da-etica-ocidental-uma-vida-nao-examinada-nao-vale-a-pena-ser-vivida\/","title":{"rendered":"S\u00f3crates, criador do m\u00e9todo socr\u00e1tico e fundador da \u00e9tica ocidental: \u201cUma vida n\u00e3o examinada n\u00e3o vale a pena ser vivida\u201d"},"content":{"rendered":"\n<link href=\"https:\/\/fonts.googleapis.com\/css2?family=Merriweather:wght@700&#038;family=Open+Sans:wght@400;600;700&#038;display=swap\" rel=\"stylesheet\">\r\n<style>\r\n.rdp-resumo-wrapper {\r\n  max-width: 620px;\r\n  margin: 28px auto;\r\n  background: #FFFFFF;\r\n  border: 1px solid #D0D0D0;\r\n  border-radius: 6px;\r\n  padding: 28px 32px;\r\n  font-family: 'Open Sans', sans-serif;\r\n  box-shadow: 0 2px 12px rgba(0,0,0,0.08);\r\n}\r\n.rdp-resumo-header {\r\n  display: flex;\r\n  align-items: center;\r\n  gap: 16px;\r\n  margin-bottom: 22px;\r\n}\r\n.rdp-resumo-line {\r\n  flex: 1;\r\n  height: 1px;\r\n  background: #D0D0D0;\r\n}\r\n.rdp-resumo-title {\r\n  font-family: 'Merriweather', serif;\r\n  font-size: 13px;\r\n  font-weight: 700;\r\n  text-transform: uppercase;\r\n  letter-spacing: 3px;\r\n  color: #1A1A1A;\r\n  white-space: nowrap;\r\n}\r\n.rdp-resumo-list {\r\n  list-style: none;\r\n  padding: 0;\r\n  margin: 0;\r\n}\r\n.rdp-resumo-item {\r\n  padding: 0 0 18px 22px;\r\n  position: relative;\r\n  line-height: 1.7;\r\n}\r\n.rdp-resumo-item:last-child {\r\n  padding-bottom: 0;\r\n}\r\n.rdp-resumo-item::before {\r\n  content: \"\";\r\n  position: absolute;\r\n  left: 0;\r\n  top: 8px;\r\n  width: 8px;\r\n  height: 8px;\r\n  background: #2B5A83;\r\n  border-radius: 50%;\r\n}\r\n.rdp-resumo-item-title {\r\n  font-size: 15px;\r\n  font-weight: 700;\r\n  color: #1A1A1A;\r\n}\r\n.rdp-resumo-item-desc {\r\n  font-size: 15px;\r\n  color: #4A4A4A;\r\n  line-height: 1.7;\r\n}\r\n@media (max-width: 768px) {\r\n  .rdp-resumo-wrapper {\r\n    max-width: 100%;\r\n    margin: 20px 12px;\r\n    padding: 22px 20px;\r\n  }\r\n}\r\n<\/style>\r\n<div class=\"rdp-resumo-wrapper\">\r\n  <div class=\"rdp-resumo-header\">\r\n    <span class=\"rdp-resumo-line\"><\/span>\r\n    <span class=\"rdp-resumo-title\">Resumo<\/span>\r\n    <span class=\"rdp-resumo-line\"><\/span>\r\n  <\/div>\r\n  <ul class=\"rdp-resumo-list\">\r\n    <li class=\"rdp-resumo-item\">\r\n      <span class=\"rdp-resumo-item-title\">Frase central:<\/span> <span class=\"rdp-resumo-item-desc\">S\u00f3crates afirma que refletir sobre a pr\u00f3pria vida \u00e9 essencial para uma exist\u00eancia com sentido e valor.<\/span>\r\n    <\/li>\r\n    <li class=\"rdp-resumo-item\">\r\n      <span class=\"rdp-resumo-item-title\">Contexto filos\u00f3fico:<\/span> <span class=\"rdp-resumo-item-desc\">A ideia surge no ambiente da filosofia grega cl\u00e1ssica, ligada ao m\u00e9todo socr\u00e1tico e ao debate \u00e9tico.<\/span>\r\n    <\/li>\r\n    <li class=\"rdp-resumo-item\">\r\n      <span class=\"rdp-resumo-item-title\">Relev\u00e2ncia atual:<\/span> <span class=\"rdp-resumo-item-desc\">A reflex\u00e3o cr\u00edtica sobre si mesmo segue como base para discuss\u00f5es contempor\u00e2neas sobre \u00e9tica e consci\u00eancia.<\/span>\r\n    <\/li>\r\n  <\/ul>\r\n<\/div>\n\n\n\n<p>Entre os pilares da filosofia ocidental, poucas frases s\u00e3o t\u00e3o provocativas quanto a de S\u00f3crates: <em>\u201cUma vida n\u00e3o examinada n\u00e3o vale a pena ser vivida\u201d<\/em>. Inserida no universo da \u00e9tica, da reflex\u00e3o cr\u00edtica e do pensamento filos\u00f3fico, essa m\u00e1xima atravessa s\u00e9culos e continua sendo discutida em escolas, universidades e c\u00edrculos intelectuais. Mais do que uma provoca\u00e7\u00e3o, ela sintetiza a ess\u00eancia do m\u00e9todo socr\u00e1tico e da busca pelo autoconhecimento.<\/p>\n\n\n\n<h2 class=\"wp-block-heading\">Quem \u00e9 S\u00f3crates e por que sua voz importa<\/h2>\n\n\n\n<p>S\u00f3crates foi um fil\u00f3sofo grego do s\u00e9culo V a.C., amplamente reconhecido como um dos fundadores da filosofia ocidental. Sem deixar obras escritas, seu pensamento chegou at\u00e9 n\u00f3s por meio de disc\u00edpulos como Plat\u00e3o, que registrou seus di\u00e1logos e ensinamentos.<\/p>\n\n\n\n<p>Seu legado est\u00e1 profundamente ligado ao desenvolvimento da \u00e9tica e do pensamento cr\u00edtico. O chamado <strong>m\u00e9todo socr\u00e1tico<\/strong>, baseado em perguntas e argumenta\u00e7\u00e3o, influenciou a maneira como a filosofia passou a investigar a verdade, a moral e o comportamento humano.<\/p>\n\n\n\n<figure class=\"wp-block-image size-large\"><img decoding=\"async\" width=\"1024\" height=\"576\" src=\"https:\/\/www.uai.com.br\/uainoticias\/wp-content\/uploads\/2026\/04\/Socrates-1024x576.jpg\" alt=\"S\u00f3crates, criador do m\u00e9todo socr\u00e1tico e fundador da \u00e9tica ocidental: \u201cUma vida n\u00e3o examinada n\u00e3o vale a pena ser vivida\u201d\" class=\"wp-image-121265\" srcset=\"https:\/\/www.uai.com.br\/uainoticias\/wp-content\/uploads\/2026\/04\/Socrates-1024x576.jpg 1024w, https:\/\/www.uai.com.br\/uainoticias\/wp-content\/uploads\/2026\/04\/Socrates-300x169.jpg 300w, https:\/\/www.uai.com.br\/uainoticias\/wp-content\/uploads\/2026\/04\/Socrates-768x432.jpg 768w, https:\/\/www.uai.com.br\/uainoticias\/wp-content\/uploads\/2026\/04\/Socrates-750x422.jpg 750w, https:\/\/www.uai.com.br\/uainoticias\/wp-content\/uploads\/2026\/04\/Socrates-1140x641.jpg 1140w, https:\/\/www.uai.com.br\/uainoticias\/wp-content\/uploads\/2026\/04\/Socrates.jpg 1280w\" sizes=\"(max-width: 1024px) 100vw, 1024px\" \/><figcaption class=\"wp-element-caption\">Pensamento socr\u00e1tico que desafia h\u00e1bitos autom\u00e1ticos do cotidiano<\/figcaption><\/figure>\n\n\n\n<h2 class=\"wp-block-heading\">O que S\u00f3crates quis dizer com essa frase<\/h2>\n\n\n\n<p>A frase de S\u00f3crates sugere que viver sem reflex\u00e3o \u00e9 viver de forma autom\u00e1tica, sem consci\u00eancia das pr\u00f3prias escolhas. Para o fil\u00f3sofo, o exame constante da vida, por meio do di\u00e1logo e da raz\u00e3o, \u00e9 essencial para alcan\u00e7ar a virtude e a sabedoria.<\/p>\n\n\n\n<p>Esse pensamento est\u00e1 diretamente ligado ao seu m\u00e9todo filos\u00f3fico, que incentivava o questionamento das cren\u00e7as e valores estabelecidos. Ao desafiar seus interlocutores a refletirem, S\u00f3crates colocava a \u00e9tica no centro da experi\u00eancia humana.<\/p>\n\n\n\n<h2 class=\"wp-block-heading\">Filosofia socr\u00e1tica: o contexto por tr\u00e1s das palavras<\/h2>\n\n\n\n<p>A frase foi registrada por Plat\u00e3o no di\u00e1logo \u201cApologia de S\u00f3crates\u201d, que narra o julgamento do fil\u00f3sofo em Atenas. Nesse contexto, S\u00f3crates defende sua pr\u00e1tica de questionar e ensinar, mesmo diante da condena\u00e7\u00e3o.<\/p>\n\n\n\n<p>A filosofia socr\u00e1tica surge em um momento de intensa efervesc\u00eancia cultural na Gr\u00e9cia Antiga, quando debates sobre pol\u00edtica, moral e conhecimento estavam no centro da vida p\u00fablica. Nesse cen\u00e1rio, S\u00f3crates se destacou por priorizar a investiga\u00e7\u00e3o \u00e9tica e o autoconhecimento.<\/p>\n\n\n\n<link href=\"https:\/\/fonts.googleapis.com\/css2?family=Merriweather:wght@700&#038;family=Open+Sans:wght@400;600;700&#038;display=swap\" rel=\"stylesheet\">\r\n<style>\r\n.rdp-cards-wrapper .jnews_inline_related_post_wrapper,\r\n.rdp-cards-wrapper .jnews_inline_related_post,\r\n.rdp-cards-wrapper .jeg_postblock,\r\n.rdp-cards-wrapper [class*=\"jnews_inline\"],\r\n.rdp-cards-wrapper [class*=\"jeg_postblock\"],\r\n.rdp-cards-wrapper [class*=\"jeg_block\"] {\r\n  display: none !important;\r\n  height: 0 !important;\r\n  max-height: 0 !important;\r\n  overflow: hidden !important;\r\n  visibility: hidden !important;\r\n  margin: 0 !important;\r\n  padding: 0 !important;\r\n  border: none !important;\r\n  font-size: 0 !important;\r\n  line-height: 0 !important;\r\n}\r\n.rdp-cards-wrapper {\r\n  max-width: 100%;\r\n  margin: 32px 0;\r\n  background: #F5F7FA;\r\n  border: 1px solid #E1E5EB;\r\n  border-radius: 10px;\r\n  padding: 28px 28px 20px;\r\n  font-family: 'Open Sans', sans-serif;\r\n  overflow: hidden;\r\n  contain: layout style;\r\n  isolation: isolate;\r\n  position: relative;\r\n  z-index: 1;\r\n}\r\n.rdp-cards-wrapper > *:not(.rdp-cards-title):not(.rdp-cards-grid) {\r\n  display: none !important;\r\n  height: 0 !important;\r\n  overflow: hidden !important;\r\n  margin: 0 !important;\r\n  padding: 0 !important;\r\n  border: none !important;\r\n}\r\n.rdp-cards-title {\r\n  font-family: 'Merriweather', serif;\r\n  font-size: 20px;\r\n  font-weight: 700;\r\n  color: #1A1A1A;\r\n  margin: 0 0 20px 0;\r\n  line-height: 1.3;\r\n  text-align: center;\r\n}\r\n.rdp-cards-grid {\r\n  display: grid;\r\n  grid-template-columns: repeat(3, 1fr);\r\n  gap: 18px;\r\n}\r\n.rdp-cards-item {\r\n  background: #FFFFFF;\r\n  border: 1px solid #E1E5EB;\r\n  border-top: 3px solid #2B5A83;\r\n  border-radius: 10px;\r\n  padding: 22px 20px;\r\n  box-shadow: 0 2px 8px rgba(0,0,0,0.04);\r\n  transition: box-shadow 0.3s ease;\r\n}\r\n.rdp-cards-item:hover {\r\n  box-shadow: 0 4px 16px rgba(43,90,131,0.1);\r\n}\r\n.rdp-cards-emoji {\r\n  font-size: 32px;\r\n  line-height: 1;\r\n  margin-bottom: 12px;\r\n  display: block;\r\n}\r\n.rdp-cards-item-title {\r\n  font-size: 15px;\r\n  font-weight: 700;\r\n  color: #1A1A1A;\r\n  margin-bottom: 8px;\r\n  line-height: 1.3;\r\n}\r\n.rdp-cards-item-desc {\r\n  font-size: 14px;\r\n  color: #4A4A4A;\r\n  line-height: 1.6;\r\n  margin: 0;\r\n}\r\n@media (max-width: 768px) {\r\n  .rdp-cards-wrapper {\r\n    padding: 20px 16px 14px;\r\n  }\r\n  .rdp-cards-grid {\r\n    grid-template-columns: 1fr;\r\n    gap: 14px;\r\n  }\r\n  .rdp-cards-title {\r\n    font-size: 18px;\r\n  }\r\n}\r\n<\/style>\r\n<div class=\"rdp-cards-wrapper\">\r\n  <div class=\"rdp-cards-title\">Saiba mais sobre o tema<\/div>\r\n  <div class=\"rdp-cards-grid\">\r\n    <div class=\"rdp-cards-item\">\r\n      <span class=\"rdp-cards-emoji\">\ud83d\udcdc<\/span>\r\n      <div class=\"rdp-cards-item-title\">Apologia de S\u00f3crates<\/div>\r\n      <p class=\"rdp-cards-item-desc\">Texto de Plat\u00e3o que registra o julgamento do fil\u00f3sofo, onde a famosa frase aparece como defesa de sua miss\u00e3o intelectual.<\/p>\r\n    <\/div>\r\n    <div class=\"rdp-cards-item\">\r\n      <span class=\"rdp-cards-emoji\">\ud83e\udde0<\/span>\r\n      <div class=\"rdp-cards-item-title\">M\u00e9todo socr\u00e1tico<\/div>\r\n      <p class=\"rdp-cards-item-desc\">Baseado em perguntas e di\u00e1logo, o m\u00e9todo estimula o pensamento cr\u00edtico e influenciou profundamente a educa\u00e7\u00e3o e a filosofia.<\/p>\r\n    <\/div>\r\n    <div class=\"rdp-cards-item\">\r\n      <span class=\"rdp-cards-emoji\">\u2696\ufe0f<\/span>\r\n      <div class=\"rdp-cards-item-title\">\u00c9tica ocidental<\/div>\r\n      <p class=\"rdp-cards-item-desc\">S\u00f3crates \u00e9 considerado um dos pilares da \u00e9tica, ao colocar a reflex\u00e3o moral como fundamento da vida em sociedade.<\/p>\r\n    <\/div>\r\n  <\/div>\r\n<\/div>\r\n<div style=\"clear:both;height:0;overflow:hidden;\"><\/div>\n\n\n\n<h2 class=\"wp-block-heading\">Por que essa declara\u00e7\u00e3o repercutiu<\/h2>\n\n\n\n<p>A frase ganhou destaque por condensar uma vis\u00e3o radical sobre o valor da vida. Em um mundo marcado por rotinas e conven\u00e7\u00f5es, S\u00f3crates prop\u00f4s que a verdadeira exist\u00eancia exige questionamento constante e consci\u00eancia.<\/p>\n\n\n\n<p>Mesmo s\u00e9culos depois, a ideia continua sendo discutida em debates acad\u00eamicos, textos filos\u00f3ficos e produ\u00e7\u00f5es culturais. Ela dialoga com temas atuais como identidade, prop\u00f3sito e responsabilidade \u00e9tica.<\/p>\n\n\n\n<h2 class=\"wp-block-heading\">O legado e a relev\u00e2ncia para a categoria<\/h2>\n\n\n\n<p>A filosofia de S\u00f3crates permanece como um marco na hist\u00f3ria do pensamento. Sua defesa da reflex\u00e3o cr\u00edtica e da \u00e9tica continua influenciando \u00e1reas como educa\u00e7\u00e3o, pol\u00edtica e cultura, reafirmando o valor do pensamento filos\u00f3fico na sociedade contempor\u00e2nea.<\/p>\n\n\n\n<p>Ao provocar o leitor a refletir sobre sua pr\u00f3pria exist\u00eancia, a frase ecoa como um convite atemporal. Em um cen\u00e1rio cultural que valoriza o conhecimento e a consci\u00eancia, revisitar S\u00f3crates \u00e9 tamb\u00e9m revisitar o pr\u00f3prio sentido de viver.<\/p>\n","protected":false},"excerpt":{"rendered":"<p>Resumo Frase central: S\u00f3crates afirma que refletir sobre a pr\u00f3pria vida \u00e9 essencial para uma exist\u00eancia com sentido e valor. Contexto filos\u00f3fico: A ideia surge no ambiente da filosofia grega cl\u00e1ssica, ligada ao m\u00e9todo socr\u00e1tico e ao debate \u00e9tico. Relev\u00e2ncia atual: A reflex\u00e3o cr\u00edtica sobre si mesmo segue como base para discuss\u00f5es contempor\u00e2neas sobre \u00e9tica [&hellip;]<\/p>\n","protected":false},"author":23,"featured_media":127776,"comment_status":"open","ping_status":"open","sticky":false,"template":"","format":"standard","meta":{"jnews-multi-image_gallery":[],"jnews_single_post":{"format":"standard"},"jnews_primary_category":[],"jnews_social_meta":[],"jnews_override_counter":[],"footnotes":""},"categories":[3046,475],"tags":[6518,8533,22455,6363],"class_list":["post-127774","post","type-post","status-publish","format-standard","has-post-thumbnail","hentry","category-curiosidades","category-entretenimento","tag-felicidade","tag-filosofia","tag-socrates","tag-vida"],"yoast_head":"<!-- This site is optimized with the Yoast SEO plugin v26.5 - https:\/\/yoast.com\/wordpress\/plugins\/seo\/ -->\n<title>S\u00f3crates, criador do m\u00e9todo socr\u00e1tico e fundador da \u00e9tica ocidental: \u201cUma vida n\u00e3o examinada n\u00e3o vale a pena ser vivida\u201d - UAI Not\u00edcias<\/title>\n<meta name=\"description\" content=\"A frase de S\u00f3crates sobre uma vida n\u00e3o examinada ainda provoca debates e pode mudar a forma como voc\u00ea enxerga suas pr\u00f3prias escolhas\" \/>\n<meta name=\"robots\" content=\"index, follow, max-snippet:-1, max-image-preview:large, max-video-preview:-1\" \/>\n<link rel=\"canonical\" href=\"https:\/\/www.uai.com.br\/uainoticias\/2026\/04\/28\/socrates-criador-do-metodo-socratico-e-fundador-da-etica-ocidental-uma-vida-nao-examinada-nao-vale-a-pena-ser-vivida\/\" \/>\n<meta property=\"og:locale\" content=\"pt_BR\" \/>\n<meta property=\"og:type\" content=\"article\" \/>\n<meta property=\"og:title\" content=\"S\u00f3crates, criador do m\u00e9todo socr\u00e1tico e fundador da \u00e9tica ocidental: \u201cUma vida n\u00e3o examinada n\u00e3o vale a pena ser vivida\u201d - UAI Not\u00edcias\" \/>\n<meta property=\"og:description\" content=\"A frase de S\u00f3crates sobre uma vida n\u00e3o examinada ainda provoca debates e pode mudar a forma como voc\u00ea enxerga suas pr\u00f3prias escolhas\" \/>\n<meta property=\"og:url\" content=\"https:\/\/www.uai.com.br\/uainoticias\/2026\/04\/28\/socrates-criador-do-metodo-socratico-e-fundador-da-etica-ocidental-uma-vida-nao-examinada-nao-vale-a-pena-ser-vivida\/\" \/>\n<meta property=\"og:site_name\" content=\"UAI Not\u00edcias\" \/>\n<meta property=\"article:published_time\" content=\"2026-04-28T17:15:00+00:00\" \/>\n<meta property=\"og:image\" content=\"https:\/\/www.uai.com.br\/uainoticias\/wp-content\/uploads\/2026\/04\/Design_sem_nome-2026-04-27T152759.653.jpg\" \/>\n\t<meta property=\"og:image:width\" content=\"1280\" \/>\n\t<meta property=\"og:image:height\" content=\"720\" \/>\n\t<meta property=\"og:image:type\" content=\"image\/jpeg\" \/>\n<meta name=\"author\" content=\"Gustavo Trindade\" \/>\n<meta name=\"twitter:card\" content=\"summary_large_image\" \/>\n<meta name=\"twitter:label1\" content=\"Escrito por\" \/>\n\t<meta name=\"twitter:data1\" content=\"Gustavo Trindade\" \/>\n\t<meta name=\"twitter:label2\" content=\"Est. tempo de leitura\" \/>\n\t<meta name=\"twitter:data2\" content=\"4 minutos\" \/>\n<!-- \/ Yoast SEO plugin. -->","yoast_head_json":{"title":"S\u00f3crates, criador do m\u00e9todo socr\u00e1tico e fundador da \u00e9tica ocidental: \u201cUma vida n\u00e3o examinada n\u00e3o vale a pena ser vivida\u201d - UAI Not\u00edcias","description":"A frase de S\u00f3crates sobre uma vida n\u00e3o examinada ainda provoca debates e pode mudar a forma como voc\u00ea enxerga suas pr\u00f3prias escolhas","robots":{"index":"index","follow":"follow","max-snippet":"max-snippet:-1","max-image-preview":"max-image-preview:large","max-video-preview":"max-video-preview:-1"},"canonical":"https:\/\/www.uai.com.br\/uainoticias\/2026\/04\/28\/socrates-criador-do-metodo-socratico-e-fundador-da-etica-ocidental-uma-vida-nao-examinada-nao-vale-a-pena-ser-vivida\/","og_locale":"pt_BR","og_type":"article","og_title":"S\u00f3crates, criador do m\u00e9todo socr\u00e1tico e fundador da \u00e9tica ocidental: \u201cUma vida n\u00e3o examinada n\u00e3o vale a pena ser vivida\u201d - UAI Not\u00edcias","og_description":"A frase de S\u00f3crates sobre uma vida n\u00e3o examinada ainda provoca debates e pode mudar a forma como voc\u00ea enxerga suas pr\u00f3prias escolhas","og_url":"https:\/\/www.uai.com.br\/uainoticias\/2026\/04\/28\/socrates-criador-do-metodo-socratico-e-fundador-da-etica-ocidental-uma-vida-nao-examinada-nao-vale-a-pena-ser-vivida\/","og_site_name":"UAI Not\u00edcias","article_published_time":"2026-04-28T17:15:00+00:00","og_image":[{"width":1280,"height":720,"url":"https:\/\/www.uai.com.br\/uainoticias\/wp-content\/uploads\/2026\/04\/Design_sem_nome-2026-04-27T152759.653.jpg","type":"image\/jpeg"}],"author":"Gustavo Trindade","twitter_card":"summary_large_image","twitter_misc":{"Escrito por":"Gustavo Trindade","Est. tempo de leitura":"4 minutos"},"schema":{"@context":"https:\/\/schema.org","@graph":[{"@type":"WebPage","@id":"https:\/\/www.uai.com.br\/uainoticias\/2026\/04\/28\/socrates-criador-do-metodo-socratico-e-fundador-da-etica-ocidental-uma-vida-nao-examinada-nao-vale-a-pena-ser-vivida\/","url":"https:\/\/www.uai.com.br\/uainoticias\/2026\/04\/28\/socrates-criador-do-metodo-socratico-e-fundador-da-etica-ocidental-uma-vida-nao-examinada-nao-vale-a-pena-ser-vivida\/","name":"S\u00f3crates, criador do m\u00e9todo socr\u00e1tico e fundador da \u00e9tica ocidental: \u201cUma vida n\u00e3o examinada n\u00e3o vale a pena ser vivida\u201d - UAI Not\u00edcias","isPartOf":{"@id":"https:\/\/www.uai.com.br\/uainoticias\/#website"},"primaryImageOfPage":{"@id":"https:\/\/www.uai.com.br\/uainoticias\/2026\/04\/28\/socrates-criador-do-metodo-socratico-e-fundador-da-etica-ocidental-uma-vida-nao-examinada-nao-vale-a-pena-ser-vivida\/#primaryimage"},"image":{"@id":"https:\/\/www.uai.com.br\/uainoticias\/2026\/04\/28\/socrates-criador-do-metodo-socratico-e-fundador-da-etica-ocidental-uma-vida-nao-examinada-nao-vale-a-pena-ser-vivida\/#primaryimage"},"thumbnailUrl":"https:\/\/www.uai.com.br\/uainoticias\/wp-content\/uploads\/2026\/04\/Design_sem_nome-2026-04-27T152759.653.jpg","datePublished":"2026-04-28T17:15:00+00:00","author":{"@id":"https:\/\/www.uai.com.br\/uainoticias\/#\/schema\/person\/060f8bb02e250479c83590e2c4706fcc"},"description":"A frase de S\u00f3crates sobre uma vida n\u00e3o examinada ainda provoca debates e pode mudar a forma como voc\u00ea enxerga suas pr\u00f3prias escolhas","breadcrumb":{"@id":"https:\/\/www.uai.com.br\/uainoticias\/2026\/04\/28\/socrates-criador-do-metodo-socratico-e-fundador-da-etica-ocidental-uma-vida-nao-examinada-nao-vale-a-pena-ser-vivida\/#breadcrumb"},"inLanguage":"pt-BR","potentialAction":[{"@type":"ReadAction","target":["https:\/\/www.uai.com.br\/uainoticias\/2026\/04\/28\/socrates-criador-do-metodo-socratico-e-fundador-da-etica-ocidental-uma-vida-nao-examinada-nao-vale-a-pena-ser-vivida\/"]}]},{"@type":"ImageObject","inLanguage":"pt-BR","@id":"https:\/\/www.uai.com.br\/uainoticias\/2026\/04\/28\/socrates-criador-do-metodo-socratico-e-fundador-da-etica-ocidental-uma-vida-nao-examinada-nao-vale-a-pena-ser-vivida\/#primaryimage","url":"https:\/\/www.uai.com.br\/uainoticias\/wp-content\/uploads\/2026\/04\/Design_sem_nome-2026-04-27T152759.653.jpg","contentUrl":"https:\/\/www.uai.com.br\/uainoticias\/wp-content\/uploads\/2026\/04\/Design_sem_nome-2026-04-27T152759.653.jpg","width":1280,"height":720,"caption":"Reflex\u00e3o filos\u00f3fica que estimula o autoconhecimento e a consci\u00eancia cr\u00edtica"},{"@type":"BreadcrumbList","@id":"https:\/\/www.uai.com.br\/uainoticias\/2026\/04\/28\/socrates-criador-do-metodo-socratico-e-fundador-da-etica-ocidental-uma-vida-nao-examinada-nao-vale-a-pena-ser-vivida\/#breadcrumb","itemListElement":[{"@type":"ListItem","position":1,"name":"In\u00edcio","item":"https:\/\/www.uai.com.br\/uainoticias\/"},{"@type":"ListItem","position":2,"name":"S\u00f3crates, criador do m\u00e9todo socr\u00e1tico e fundador da \u00e9tica ocidental: \u201cUma vida n\u00e3o examinada n\u00e3o vale a pena ser vivida\u201d"}]},{"@type":"WebSite","@id":"https:\/\/www.uai.com.br\/uainoticias\/#website","url":"https:\/\/www.uai.com.br\/uainoticias\/","name":"UAI Not\u00edcias","description":"Acompanhe as \u00faltimas not\u00edcias e fique bem informado sobre tudo o que acontece no Brasil e no mundo.","potentialAction":[{"@type":"SearchAction","target":{"@type":"EntryPoint","urlTemplate":"https:\/\/www.uai.com.br\/uainoticias\/?s={search_term_string}"},"query-input":{"@type":"PropertyValueSpecification","valueRequired":true,"valueName":"search_term_string"}}],"inLanguage":"pt-BR"},{"@type":"Person","@id":"https:\/\/www.uai.com.br\/uainoticias\/#\/schema\/person\/060f8bb02e250479c83590e2c4706fcc","name":"Gustavo Trindade","image":{"@type":"ImageObject","inLanguage":"pt-BR","@id":"https:\/\/www.uai.com.br\/uainoticias\/#\/schema\/person\/image\/","url":"https:\/\/secure.gravatar.com\/avatar\/05714a54ada0bd2b20e75b2c72a9e7802581213945810c2354d320b79f27b427?s=96&d=mm&r=g","contentUrl":"https:\/\/secure.gravatar.com\/avatar\/05714a54ada0bd2b20e75b2c72a9e7802581213945810c2354d320b79f27b427?s=96&d=mm&r=g","caption":"Gustavo Trindade"},"sameAs":["https:\/\/www.uai.com.br\/uainoticias\/"],"url":"https:\/\/www.uai.com.br\/uainoticias\/author\/gustavotrindade\/"}]}},"_links":{"self":[{"href":"https:\/\/www.uai.com.br\/uainoticias\/wp-json\/wp\/v2\/posts\/127774","targetHints":{"allow":["GET"]}}],"collection":[{"href":"https:\/\/www.uai.com.br\/uainoticias\/wp-json\/wp\/v2\/posts"}],"about":[{"href":"https:\/\/www.uai.com.br\/uainoticias\/wp-json\/wp\/v2\/types\/post"}],"author":[{"embeddable":true,"href":"https:\/\/www.uai.com.br\/uainoticias\/wp-json\/wp\/v2\/users\/23"}],"replies":[{"embeddable":true,"href":"https:\/\/www.uai.com.br\/uainoticias\/wp-json\/wp\/v2\/comments?post=127774"}],"version-history":[{"count":1,"href":"https:\/\/www.uai.com.br\/uainoticias\/wp-json\/wp\/v2\/posts\/127774\/revisions"}],"predecessor-version":[{"id":127777,"href":"https:\/\/www.uai.com.br\/uainoticias\/wp-json\/wp\/v2\/posts\/127774\/revisions\/127777"}],"wp:featuredmedia":[{"embeddable":true,"href":"https:\/\/www.uai.com.br\/uainoticias\/wp-json\/wp\/v2\/media\/127776"}],"wp:attachment":[{"href":"https:\/\/www.uai.com.br\/uainoticias\/wp-json\/wp\/v2\/media?parent=127774"}],"wp:term":[{"taxonomy":"category","embeddable":true,"href":"https:\/\/www.uai.com.br\/uainoticias\/wp-json\/wp\/v2\/categories?post=127774"},{"taxonomy":"post_tag","embeddable":true,"href":"https:\/\/www.uai.com.br\/uainoticias\/wp-json\/wp\/v2\/tags?post=127774"}],"curies":[{"name":"wp","href":"https:\/\/api.w.org\/{rel}","templated":true}]}}