{"id":127761,"date":"2026-04-28T11:45:00","date_gmt":"2026-04-28T14:45:00","guid":{"rendered":"https:\/\/www.uai.com.br\/uainoticias\/?p=127761"},"modified":"2026-04-27T15:19:14","modified_gmt":"2026-04-27T18:19:14","slug":"nem-todos-que-mantem-o-grupo-ativo-sao-extrovertidos-alguns-aprenderam-apos-muitos-silencios-que-a-unica-forma-de-nao-se-sentir-esquecido-era-sendo-sempre-o-primeiro-a-falar","status":"publish","type":"post","link":"https:\/\/www.uai.com.br\/uainoticias\/2026\/04\/28\/nem-todos-que-mantem-o-grupo-ativo-sao-extrovertidos-alguns-aprenderam-apos-muitos-silencios-que-a-unica-forma-de-nao-se-sentir-esquecido-era-sendo-sempre-o-primeiro-a-falar\/","title":{"rendered":"Nem todos que mant\u00eam o grupo ativo s\u00e3o extrovertidos. Alguns aprenderam, ap\u00f3s muitos sil\u00eancios, que a \u00fanica forma de n\u00e3o se sentir esquecido era sendo sempre o primeiro a falar"},"content":{"rendered":"\n<p>A din\u00e2mica das mensagens instant\u00e2neas em <strong>2026<\/strong> revela um comportamento social profundo que vai al\u00e9m da simples vontade de interagir. Muitas vezes, aquela pessoa que sempre envia o primeiro &#8220;bom dia&#8221; ou prop\u00f5e o encontro do final de semana n\u00e3o \u00e9 necessariamente a mais <strong>extrovertida do grupo<\/strong>, mas sim a que carrega uma necessidade silenciosa de pertencimento.<\/p>\n\n\n\n<h2 class=\"wp-block-heading\">O fardo de ser o eterno iniciador das conversas<\/h2>\n\n\n\n<p>Para muitos, assumir o papel de quem mant\u00e9m a chama da intera\u00e7\u00e3o acesa \u00e9 uma estrat\u00e9gia de sobreviv\u00eancia emocional aprendida ao longo de anos. Esse comportamento nasce da percep\u00e7\u00e3o de que a \u00fanica forma confi\u00e1vel de confirmar que voc\u00ea ainda \u00e9 <strong>quisto ou desejado<\/strong> em um c\u00edrculo social \u00e9 tomando a iniciativa, evitando o medo paralisante da <strong>exclus\u00e3o passiva<\/strong>.<\/p>\n\n\n\n<p>Esperar ser procurado pode se tornar um teste de ansiedade exaustivo para quem tem um hist\u00f3rico de inseguran\u00e7a nos <strong>relacionamentos interpessoais<\/strong>. Ao iniciar a conversa, o indiv\u00edduo retoma o controle da situa\u00e7\u00e3o, garantindo que o sil\u00eancio n\u00e3o signifique esquecimento, mesmo que isso custe um <strong>desgaste mental<\/strong> consider\u00e1vel ao longo do tempo.<\/p>\n\n\n<div class=\"wp-block-image\">\n<figure class=\"aligncenter size-large\"><img decoding=\"async\" width=\"1024\" height=\"576\" src=\"https:\/\/www.uai.com.br\/uainoticias\/wp-content\/uploads\/2026\/04\/rir-de-tudo-2-1024x576.jpg\" alt=\"\" class=\"wp-image-126599\" srcset=\"https:\/\/www.uai.com.br\/uainoticias\/wp-content\/uploads\/2026\/04\/rir-de-tudo-2-1024x576.jpg 1024w, https:\/\/www.uai.com.br\/uainoticias\/wp-content\/uploads\/2026\/04\/rir-de-tudo-2-300x169.jpg 300w, https:\/\/www.uai.com.br\/uainoticias\/wp-content\/uploads\/2026\/04\/rir-de-tudo-2-768x432.jpg 768w, https:\/\/www.uai.com.br\/uainoticias\/wp-content\/uploads\/2026\/04\/rir-de-tudo-2-750x422.jpg 750w, https:\/\/www.uai.com.br\/uainoticias\/wp-content\/uploads\/2026\/04\/rir-de-tudo-2-1140x641.jpg 1140w, https:\/\/www.uai.com.br\/uainoticias\/wp-content\/uploads\/2026\/04\/rir-de-tudo-2.jpg 1280w\" sizes=\"(max-width: 1024px) 100vw, 1024px\" \/><figcaption class=\"wp-element-caption\">A psicologia moderna identifica que essa proatividade digital muitas vezes mascara uma vulnerabilidade emocional<\/figcaption><\/figure><\/div>\n\n\n<h2 class=\"wp-block-heading\">A ansiedade oculta por tr\u00e1s das notifica\u00e7\u00f5es constantes<\/h2>\n\n\n\n<p>A psicologia moderna identifica que essa proatividade digital muitas vezes mascara uma <strong>vulnerabilidade emocional<\/strong> latente e um medo profundo do vazio social. O &#8220;iniciador&#8221; sente que, se ele parar de puxar o assunto, o grupo pode simplesmente parar de existir para ele, revelando uma fragilidade nos <strong>v\u00ednculos de amizade<\/strong> que ele tenta desesperadamente esconder.<\/p>\n\n\n\n<p><a href=\"https:\/\/www.psychologytoday.com\/ie\/blog\/communication-success\/201507\/what-is-your-relationship-attachment-style\" target=\"_blank\" rel=\"noreferrer noopener\">Essa din\u00e2mica cria um ciclo de depend\u00eanci<\/a>a onde a pessoa se sente obrigada a ser o motor do grupo para validar sua pr\u00f3pria <strong>relev\u00e2ncia social<\/strong>. Em <strong>2026<\/strong>, com a hiperconectividade, o peso de ser o &#8220;animador&#8221; pode levar ao esgotamento, pois a reciprocidade nem sempre ocorre na mesma intensidade, gerando sentimentos de <strong>solid\u00e3o acompanhada<\/strong> e frustra\u00e7\u00e3o.<\/p>\n\n\n\n<h2 class=\"wp-block-heading\">A diferen\u00e7a entre conex\u00e3o real e manuten\u00e7\u00e3o de presen\u00e7a<\/h2>\n\n\n\n<p>Manter o chat ativo nem sempre \u00e9 sin\u00f4nimo de construir conex\u00f5es profundas; muitas vezes \u00e9 apenas um mecanismo de <strong>manuten\u00e7\u00e3o de presen\u00e7a<\/strong> digital. \u00c9 essencial distinguir entre quem compartilha algo por alegria genu\u00edna e quem o faz para testar as \u00e1guas e verificar se ainda h\u00e1 <strong>espa\u00e7o para si<\/strong> no cora\u00e7\u00e3o dos amigos e colegas.<\/p>\n\n\n<div class=\"wp-block-image\">\n<figure class=\"aligncenter size-large\"><img decoding=\"async\" width=\"1024\" height=\"576\" src=\"https:\/\/www.uai.com.br\/uainoticias\/wp-content\/uploads\/2026\/04\/observar-os-amigos-1024x576.jpg\" alt=\"\" class=\"wp-image-122709\" srcset=\"https:\/\/www.uai.com.br\/uainoticias\/wp-content\/uploads\/2026\/04\/observar-os-amigos-1024x576.jpg 1024w, https:\/\/www.uai.com.br\/uainoticias\/wp-content\/uploads\/2026\/04\/observar-os-amigos-300x169.jpg 300w, https:\/\/www.uai.com.br\/uainoticias\/wp-content\/uploads\/2026\/04\/observar-os-amigos-768x432.jpg 768w, https:\/\/www.uai.com.br\/uainoticias\/wp-content\/uploads\/2026\/04\/observar-os-amigos-750x422.jpg 750w, https:\/\/www.uai.com.br\/uainoticias\/wp-content\/uploads\/2026\/04\/observar-os-amigos-1140x641.jpg 1140w, https:\/\/www.uai.com.br\/uainoticias\/wp-content\/uploads\/2026\/04\/observar-os-amigos.jpg 1280w\" sizes=\"(max-width: 1024px) 100vw, 1024px\" \/><figcaption class=\"wp-element-caption\">O h\u00e1bito de ouvir com aten\u00e7\u00e3o plena cria um ambiente de seguran\u00e7a psicol\u00f3gica para quem est\u00e1 falando<\/figcaption><\/figure><\/div>\n\n\n<p>Quando a intera\u00e7\u00e3o se torna uma tarefa obrigat\u00f3ria para evitar a sensa\u00e7\u00e3o de ser invis\u00edvel, a qualidade das rela\u00e7\u00f5es pode sofrer uma queda brusca de <strong>autenticidade e profundidade<\/strong>. Reconhecer esse padr\u00e3o \u00e9 o primeiro passo para buscar formas mais saud\u00e1veis de se sentir seguro em seus grupos, sem precisar carregar o <strong>peso do entretenimento<\/strong> alheio sozinho.<\/p>\n\n\n\n<h2 class=\"wp-block-heading\">Como equilibrar a iniciativa e proteger sua sa\u00fade mental<\/h2>\n\n\n\n<p>Aprender a dar espa\u00e7o para o sil\u00eancio e observar como o grupo se comporta sem a sua interven\u00e7\u00e3o direta pode ser um exerc\u00edcio revelador e libertador. Fortalecer a <strong>autoconfian\u00e7a interna<\/strong> permite que voc\u00ea perceba que seu valor n\u00e3o depende da sua produtividade social ou da quantidade de <strong>mensagens enviadas<\/strong> por dia.<\/p>\n\n\n\n<link href=\"https:\/\/fonts.googleapis.com\/css2?family=Inter:wght@400;600;700;800&#038;display=swap\" rel=\"stylesheet\">\n<style>\n\/* Prote\u00e7\u00e3o contra inje\u00e7\u00e3o do \"Veja Tamb\u00e9m\" (JNews inline related posts) *\/\n.rdp-pontos-wrapper .jnews_inline_related_post_wrapper,\n.rdp-pontos-wrapper .jnews_inline_related_post,\n.rdp-pontos-wrapper .jeg_postblock,\n.rdp-pontos-wrapper [class*=\"jnews_inline\"],\n.rdp-pontos-wrapper [class*=\"jeg_postblock\"],\n.rdp-pontos-wrapper [class*=\"jeg_block\"] {\n  display: none !important;\n  height: 0 !important;\n  max-height: 0 !important;\n  overflow: hidden !important;\n  visibility: hidden !important;\n  margin: 0 !important;\n  padding: 0 !important;\n  border: none !important;\n  font-size: 0 !important;\n  line-height: 0 !important;\n}\n.rdp-pontos-wrapper {\n  max-width: 100%;\n  margin: 32px 0;\n  background: #F8F9FA;\n  border: 1px solid #E0E0E0;\n  border-radius: 12px;\n  padding: 28px 28px 20px;\n  font-family: 'Inter', sans-serif;\n  box-shadow: 0 4px 20px rgba(47,195,238,0.12);\n  overflow: hidden;\n  contain: layout style;\n  isolation: isolate;\n  position: relative;\n  z-index: 1;\n}\n.rdp-pontos-wrapper > *:not(.rdp-pontos-title):not(.rdp-pontos-grid) {\n  display: none !important;\n  height: 0 !important;\n  overflow: hidden !important;\n  margin: 0 !important;\n  padding: 0 !important;\n  border: none !important;\n}\n.rdp-pontos-title {\n  font-family: 'Inter', sans-serif;\n  font-size: 20px;\n  font-weight: 800;\n  color: #1A1A1A;\n  margin: 0 0 20px 0;\n  line-height: 1.3;\n  text-align: center;\n}\n.rdp-pontos-grid {\n  display: grid;\n  grid-template-columns: repeat(3, 1fr);\n  gap: 18px;\n}\n.rdp-pontos-item {\n  background: #FFFFFF;\n  border: 1px solid #E0E0E0;\n  border-top: 3px solid #2FC3EE;\n  border-radius: 10px;\n  padding: 22px 20px;\n  box-shadow: 0 2px 10px rgba(47,195,238,0.10);\n  transition: box-shadow 0.3s ease, border-color 0.3s ease;\n  text-align: center;\n}\n.rdp-pontos-item:hover {\n  box-shadow: 0 4px 20px rgba(47,195,238,0.22);\n  border-color: #2FC3EE;\n}\n.rdp-pontos-emoji {\n  font-size: 32px;\n  line-height: 1;\n  margin-bottom: 12px;\n  display: block;\n  text-align: center;\n}\n.rdp-pontos-item-title {\n  font-size: 15px;\n  font-weight: 700;\n  color: #1A1A1A;\n  margin-bottom: 8px;\n  line-height: 1.3;\n}\n.rdp-pontos-item-desc {\n  font-size: 14px;\n  color: #333333;\n  line-height: 1.6;\n  margin: 0;\n}\n@media (max-width: 768px) {\n  .rdp-pontos-wrapper {\n    padding: 20px 16px 14px;\n  }\n  .rdp-pontos-grid {\n    grid-template-columns: 1fr;\n    gap: 14px;\n  }\n  .rdp-pontos-title {\n    font-size: 18px;\n  }\n}\n<\/style>\n\n<div class=\"rdp-pontos-wrapper\">\n  <div class=\"rdp-pontos-title\">Estrat\u00e9gias de Conex\u00e3o e Presen\u00e7a Social<\/div>\n  <div class=\"rdp-pontos-grid\">\n    <div class=\"rdp-pontos-item\">\n      <span class=\"rdp-pontos-emoji\">\ud83e\udd2b<\/span>\n      <div class=\"rdp-pontos-item-title\">Espa\u00e7o de Sil\u00eancio<\/div>\n      <p class=\"rdp-pontos-item-desc\">Passe um dia sem iniciar conversas para observar como voc\u00ea se sente com o sil\u00eancio gerado.<\/p>\n    <\/div>\n    <div class=\"rdp-pontos-item\">\n      <span class=\"rdp-pontos-emoji\">\ud83d\udd0d<\/span>\n      <div class=\"rdp-pontos-item-title\">Motiva\u00e7\u00e3o da Fala<\/div>\n      <p class=\"rdp-pontos-item-desc\">Reflita se seu desejo de falar nasce da vontade de compartilhar ou da necessidade de valida\u00e7\u00e3o.<\/p>\n    <\/div>\n    <div class=\"rdp-pontos-item\">\n      <span class=\"rdp-pontos-emoji\">\u2696\ufe0f<\/span>\n      <div class=\"rdp-pontos-item-title\">Responsabilidade Social<\/div>\n      <p class=\"rdp-pontos-item-desc\">Incentive outros membros do grupo a tomarem a frente de decis\u00f5es simples para dividir a carga social.<\/p>\n    <\/div>\n    <div class=\"rdp-pontos-item\">\n      <span class=\"rdp-pontos-emoji\">\ud83e\udd1d<\/span>\n      <div class=\"rdp-pontos-item-title\">Conex\u00e3o Real<\/div>\n      <p class=\"rdp-pontos-item-desc\">Priorize encontros presenciais ou chamadas de v\u00eddeo, onde a conex\u00e3o emocional \u00e9 mais n\u00edtida.<\/p>\n    <\/div>\n    <div class=\"rdp-pontos-item\">\n      <span class=\"rdp-pontos-emoji\">\ud83d\udc8e<\/span>\n      <div class=\"rdp-pontos-item-title\">Transpar\u00eancia Afetiva<\/div>\n      <p class=\"rdp-pontos-item-desc\">Seja honesto com amigos pr\u00f3ximos sobre sua necessidade de se sentir procurado e valorizado.<\/p>\n    <\/div>\n  <\/div>\n<\/div>\n<div style=\"clear:both;height:0;overflow:hidden;\"><\/div>\n\n\n\n<p>Ao mudar a forma como voc\u00ea interage, voc\u00ea d\u00e1 a oportunidade para que os outros tamb\u00e9m demonstrem interesse, equilibrando a <strong>balan\u00e7a do afeto<\/strong>. Nem todo sil\u00eancio \u00e9 sinal de rejei\u00e7\u00e3o; muitas vezes, \u00e9 apenas o ritmo natural da vida de cada um em um mundo cada vez mais <strong>atarefado e barulhento<\/strong>.<\/p>\n\n\n\n<h2 class=\"wp-block-heading\">O papel da reciprocidade na constru\u00e7\u00e3o de amizades s\u00f3lidas<\/h2>\n\n\n\n<p>Amizades saud\u00e1veis em <strong>2026<\/strong> exigem um fluxo de troca onde ambos os lados se sintam respons\u00e1veis por nutrir o la\u00e7o existente. A reciprocidade \u00e9 o ant\u00eddoto para a <strong>ansiedade de inicia\u00e7\u00e3o<\/strong>, garantindo que ningu\u00e9m se sinta sobrecarregado ou descart\u00e1vel dentro de uma din\u00e2mica de grupo ou em <strong>relacionamentos individuais<\/strong>.<\/p>\n\n\n\n<p>Observar quem realmente faz o esfor\u00e7o de vir ao seu encontro \u00e9 um filtro poderoso para entender onde investir sua <strong>energia emocional<\/strong> preciosa. Ocupar o lugar de quem \u00e9 procurado tamb\u00e9m \u00e9 uma forma de autocuidado, permitindo que voc\u00ea se sinta valorizado pelo que <strong>voc\u00ea \u00e9<\/strong>, e n\u00e3o apenas pelo que voc\u00ea faz para manter o chat vivo.<\/p>\n\n\n\n<h2 class=\"wp-block-heading\">A liberdade de n\u00e3o ser o \u00fanico respons\u00e1vel pelo grupo<\/h2>\n\n\n\n<p>Concluir que voc\u00ea n\u00e3o precisa ser o motor de todas as rela\u00e7\u00f5es traz uma paz inegoci\u00e1vel para a rotina digital e para a <strong>sa\u00fade da mente<\/strong>. Entender que voc\u00ea \u00e9 quisto mesmo quando est\u00e1 em sil\u00eancio \u00e9 uma das maiores vit\u00f3rias da <strong>maturidade emocional<\/strong> no s\u00e9culo XXI.<\/p>\n\n\n\n<p>Deixe que o grupo respire e permita-se ser apenas um participante ocasional quando o cansa\u00e7o bater ou a criatividade falhar. A verdadeira amizade sobrevive ao v\u00e1cuo e se fortalece na certeza de que, quando o contato acontecer, ele ser\u00e1 fruto de um <strong>desejo genu\u00edno<\/strong> e n\u00e3o de um medo oculto de ser esquecido.<\/p>\n","protected":false},"excerpt":{"rendered":"<p>A din\u00e2mica das mensagens instant\u00e2neas em 2026 revela um comportamento social profundo que vai al\u00e9m da simples vontade de interagir. Muitas vezes, aquela pessoa que sempre envia o primeiro &#8220;bom dia&#8221; ou prop\u00f5e o encontro do final de semana n\u00e3o \u00e9 necessariamente a mais extrovertida do grupo, mas sim a que carrega uma necessidade silenciosa [&hellip;]<\/p>\n","protected":false},"author":24,"featured_media":124100,"comment_status":"open","ping_status":"open","sticky":false,"template":"","format":"standard","meta":{"jnews-multi-image_gallery":[],"jnews_single_post":{"format":"standard"},"jnews_primary_category":[],"jnews_social_meta":[],"jnews_override_counter":[],"footnotes":""},"categories":[3046,475],"tags":[5544,6867,1852],"class_list":["post-127761","post","type-post","status-publish","format-standard","has-post-thumbnail","hentry","category-curiosidades","category-entretenimento","tag-amigos","tag-extrovertido","tag-psicologia"],"yoast_head":"<!-- This site is optimized with the Yoast SEO plugin v26.5 - https:\/\/yoast.com\/wordpress\/plugins\/seo\/ -->\n<title>Nem todos que mant\u00eam o grupo ativo s\u00e3o extrovertidos. Alguns aprenderam, ap\u00f3s muitos sil\u00eancios, que a \u00fanica forma de n\u00e3o se sentir esquecido era sendo sempre o primeiro a falar - UAI Not\u00edcias<\/title>\n<meta name=\"description\" content=\"Ser quem sempre inicia conversas pode esconder ansiedade, medo de exclus\u00e3o e o desgaste de manter v\u00ednculos sociais sozinho.\" \/>\n<meta name=\"robots\" content=\"index, follow, max-snippet:-1, max-image-preview:large, max-video-preview:-1\" \/>\n<link rel=\"canonical\" href=\"https:\/\/www.uai.com.br\/uainoticias\/2026\/04\/28\/nem-todos-que-mantem-o-grupo-ativo-sao-extrovertidos-alguns-aprenderam-apos-muitos-silencios-que-a-unica-forma-de-nao-se-sentir-esquecido-era-sendo-sempre-o-primeiro-a-falar\/\" \/>\n<meta property=\"og:locale\" content=\"pt_BR\" \/>\n<meta property=\"og:type\" content=\"article\" \/>\n<meta property=\"og:title\" content=\"Nem todos que mant\u00eam o grupo ativo s\u00e3o extrovertidos. Alguns aprenderam, ap\u00f3s muitos sil\u00eancios, que a \u00fanica forma de n\u00e3o se sentir esquecido era sendo sempre o primeiro a falar - UAI Not\u00edcias\" \/>\n<meta property=\"og:description\" content=\"Ser quem sempre inicia conversas pode esconder ansiedade, medo de exclus\u00e3o e o desgaste de manter v\u00ednculos sociais sozinho.\" \/>\n<meta property=\"og:url\" content=\"https:\/\/www.uai.com.br\/uainoticias\/2026\/04\/28\/nem-todos-que-mantem-o-grupo-ativo-sao-extrovertidos-alguns-aprenderam-apos-muitos-silencios-que-a-unica-forma-de-nao-se-sentir-esquecido-era-sendo-sempre-o-primeiro-a-falar\/\" \/>\n<meta property=\"og:site_name\" content=\"UAI Not\u00edcias\" \/>\n<meta property=\"article:published_time\" content=\"2026-04-28T14:45:00+00:00\" \/>\n<meta property=\"og:image\" content=\"https:\/\/www.uai.com.br\/uainoticias\/wp-content\/uploads\/2026\/04\/amigos-comendo.jpg\" \/>\n\t<meta property=\"og:image:width\" content=\"1280\" \/>\n\t<meta property=\"og:image:height\" content=\"720\" \/>\n\t<meta property=\"og:image:type\" content=\"image\/jpeg\" \/>\n<meta name=\"author\" content=\"Daniely Cardoso\" \/>\n<meta name=\"twitter:card\" content=\"summary_large_image\" \/>\n<meta name=\"twitter:label1\" content=\"Escrito por\" \/>\n\t<meta name=\"twitter:data1\" content=\"Daniely Cardoso\" \/>\n\t<meta name=\"twitter:label2\" content=\"Est. tempo de leitura\" \/>\n\t<meta name=\"twitter:data2\" content=\"6 minutos\" \/>\n<!-- \/ Yoast SEO plugin. -->","yoast_head_json":{"title":"Nem todos que mant\u00eam o grupo ativo s\u00e3o extrovertidos. Alguns aprenderam, ap\u00f3s muitos sil\u00eancios, que a \u00fanica forma de n\u00e3o se sentir esquecido era sendo sempre o primeiro a falar - UAI Not\u00edcias","description":"Ser quem sempre inicia conversas pode esconder ansiedade, medo de exclus\u00e3o e o desgaste de manter v\u00ednculos sociais sozinho.","robots":{"index":"index","follow":"follow","max-snippet":"max-snippet:-1","max-image-preview":"max-image-preview:large","max-video-preview":"max-video-preview:-1"},"canonical":"https:\/\/www.uai.com.br\/uainoticias\/2026\/04\/28\/nem-todos-que-mantem-o-grupo-ativo-sao-extrovertidos-alguns-aprenderam-apos-muitos-silencios-que-a-unica-forma-de-nao-se-sentir-esquecido-era-sendo-sempre-o-primeiro-a-falar\/","og_locale":"pt_BR","og_type":"article","og_title":"Nem todos que mant\u00eam o grupo ativo s\u00e3o extrovertidos. Alguns aprenderam, ap\u00f3s muitos sil\u00eancios, que a \u00fanica forma de n\u00e3o se sentir esquecido era sendo sempre o primeiro a falar - UAI Not\u00edcias","og_description":"Ser quem sempre inicia conversas pode esconder ansiedade, medo de exclus\u00e3o e o desgaste de manter v\u00ednculos sociais sozinho.","og_url":"https:\/\/www.uai.com.br\/uainoticias\/2026\/04\/28\/nem-todos-que-mantem-o-grupo-ativo-sao-extrovertidos-alguns-aprenderam-apos-muitos-silencios-que-a-unica-forma-de-nao-se-sentir-esquecido-era-sendo-sempre-o-primeiro-a-falar\/","og_site_name":"UAI Not\u00edcias","article_published_time":"2026-04-28T14:45:00+00:00","og_image":[{"width":1280,"height":720,"url":"https:\/\/www.uai.com.br\/uainoticias\/wp-content\/uploads\/2026\/04\/amigos-comendo.jpg","type":"image\/jpeg"}],"author":"Daniely Cardoso","twitter_card":"summary_large_image","twitter_misc":{"Escrito por":"Daniely Cardoso","Est. tempo de leitura":"6 minutos"},"schema":{"@context":"https:\/\/schema.org","@graph":[{"@type":"WebPage","@id":"https:\/\/www.uai.com.br\/uainoticias\/2026\/04\/28\/nem-todos-que-mantem-o-grupo-ativo-sao-extrovertidos-alguns-aprenderam-apos-muitos-silencios-que-a-unica-forma-de-nao-se-sentir-esquecido-era-sendo-sempre-o-primeiro-a-falar\/","url":"https:\/\/www.uai.com.br\/uainoticias\/2026\/04\/28\/nem-todos-que-mantem-o-grupo-ativo-sao-extrovertidos-alguns-aprenderam-apos-muitos-silencios-que-a-unica-forma-de-nao-se-sentir-esquecido-era-sendo-sempre-o-primeiro-a-falar\/","name":"Nem todos que mant\u00eam o grupo ativo s\u00e3o extrovertidos. Alguns aprenderam, ap\u00f3s muitos sil\u00eancios, que a \u00fanica forma de n\u00e3o se sentir esquecido era sendo sempre o primeiro a falar - UAI Not\u00edcias","isPartOf":{"@id":"https:\/\/www.uai.com.br\/uainoticias\/#website"},"primaryImageOfPage":{"@id":"https:\/\/www.uai.com.br\/uainoticias\/2026\/04\/28\/nem-todos-que-mantem-o-grupo-ativo-sao-extrovertidos-alguns-aprenderam-apos-muitos-silencios-que-a-unica-forma-de-nao-se-sentir-esquecido-era-sendo-sempre-o-primeiro-a-falar\/#primaryimage"},"image":{"@id":"https:\/\/www.uai.com.br\/uainoticias\/2026\/04\/28\/nem-todos-que-mantem-o-grupo-ativo-sao-extrovertidos-alguns-aprenderam-apos-muitos-silencios-que-a-unica-forma-de-nao-se-sentir-esquecido-era-sendo-sempre-o-primeiro-a-falar\/#primaryimage"},"thumbnailUrl":"https:\/\/www.uai.com.br\/uainoticias\/wp-content\/uploads\/2026\/04\/amigos-comendo.jpg","datePublished":"2026-04-28T14:45:00+00:00","author":{"@id":"https:\/\/www.uai.com.br\/uainoticias\/#\/schema\/person\/b40f59cad9eb0656c8ae35fee468cc57"},"description":"Ser quem sempre inicia conversas pode esconder ansiedade, medo de exclus\u00e3o e o desgaste de manter v\u00ednculos sociais sozinho.","breadcrumb":{"@id":"https:\/\/www.uai.com.br\/uainoticias\/2026\/04\/28\/nem-todos-que-mantem-o-grupo-ativo-sao-extrovertidos-alguns-aprenderam-apos-muitos-silencios-que-a-unica-forma-de-nao-se-sentir-esquecido-era-sendo-sempre-o-primeiro-a-falar\/#breadcrumb"},"inLanguage":"pt-BR","potentialAction":[{"@type":"ReadAction","target":["https:\/\/www.uai.com.br\/uainoticias\/2026\/04\/28\/nem-todos-que-mantem-o-grupo-ativo-sao-extrovertidos-alguns-aprenderam-apos-muitos-silencios-que-a-unica-forma-de-nao-se-sentir-esquecido-era-sendo-sempre-o-primeiro-a-falar\/"]}]},{"@type":"ImageObject","inLanguage":"pt-BR","@id":"https:\/\/www.uai.com.br\/uainoticias\/2026\/04\/28\/nem-todos-que-mantem-o-grupo-ativo-sao-extrovertidos-alguns-aprenderam-apos-muitos-silencios-que-a-unica-forma-de-nao-se-sentir-esquecido-era-sendo-sempre-o-primeiro-a-falar\/#primaryimage","url":"https:\/\/www.uai.com.br\/uainoticias\/wp-content\/uploads\/2026\/04\/amigos-comendo.jpg","contentUrl":"https:\/\/www.uai.com.br\/uainoticias\/wp-content\/uploads\/2026\/04\/amigos-comendo.jpg","width":1280,"height":720,"caption":"Em ambientes como restaurantes movimentados, a press\u00e3o para decidir rapidamente sob o olhar do atendente intensifica os sintomas de ansiedade social"},{"@type":"BreadcrumbList","@id":"https:\/\/www.uai.com.br\/uainoticias\/2026\/04\/28\/nem-todos-que-mantem-o-grupo-ativo-sao-extrovertidos-alguns-aprenderam-apos-muitos-silencios-que-a-unica-forma-de-nao-se-sentir-esquecido-era-sendo-sempre-o-primeiro-a-falar\/#breadcrumb","itemListElement":[{"@type":"ListItem","position":1,"name":"In\u00edcio","item":"https:\/\/www.uai.com.br\/uainoticias\/"},{"@type":"ListItem","position":2,"name":"Nem todos que mant\u00eam o grupo ativo s\u00e3o extrovertidos. Alguns aprenderam, ap\u00f3s muitos sil\u00eancios, que a \u00fanica forma de n\u00e3o se sentir esquecido era sendo sempre o primeiro a falar"}]},{"@type":"WebSite","@id":"https:\/\/www.uai.com.br\/uainoticias\/#website","url":"https:\/\/www.uai.com.br\/uainoticias\/","name":"UAI Not\u00edcias","description":"Acompanhe as \u00faltimas not\u00edcias e fique bem informado sobre tudo o que acontece no Brasil e no mundo.","potentialAction":[{"@type":"SearchAction","target":{"@type":"EntryPoint","urlTemplate":"https:\/\/www.uai.com.br\/uainoticias\/?s={search_term_string}"},"query-input":{"@type":"PropertyValueSpecification","valueRequired":true,"valueName":"search_term_string"}}],"inLanguage":"pt-BR"},{"@type":"Person","@id":"https:\/\/www.uai.com.br\/uainoticias\/#\/schema\/person\/b40f59cad9eb0656c8ae35fee468cc57","name":"Daniely Cardoso","image":{"@type":"ImageObject","inLanguage":"pt-BR","@id":"https:\/\/www.uai.com.br\/uainoticias\/#\/schema\/person\/image\/","url":"https:\/\/secure.gravatar.com\/avatar\/b43c203f79e2ee2d699e04567f61958ba1731d1c994abcd298aa4fee5f54cb3a?s=96&d=mm&r=g","contentUrl":"https:\/\/secure.gravatar.com\/avatar\/b43c203f79e2ee2d699e04567f61958ba1731d1c994abcd298aa4fee5f54cb3a?s=96&d=mm&r=g","caption":"Daniely Cardoso"},"sameAs":["https:\/\/www.uai.com.br\/uainoticias\/"],"url":"https:\/\/www.uai.com.br\/uainoticias\/author\/daniely-morais\/"}]}},"_links":{"self":[{"href":"https:\/\/www.uai.com.br\/uainoticias\/wp-json\/wp\/v2\/posts\/127761","targetHints":{"allow":["GET"]}}],"collection":[{"href":"https:\/\/www.uai.com.br\/uainoticias\/wp-json\/wp\/v2\/posts"}],"about":[{"href":"https:\/\/www.uai.com.br\/uainoticias\/wp-json\/wp\/v2\/types\/post"}],"author":[{"embeddable":true,"href":"https:\/\/www.uai.com.br\/uainoticias\/wp-json\/wp\/v2\/users\/24"}],"replies":[{"embeddable":true,"href":"https:\/\/www.uai.com.br\/uainoticias\/wp-json\/wp\/v2\/comments?post=127761"}],"version-history":[{"count":1,"href":"https:\/\/www.uai.com.br\/uainoticias\/wp-json\/wp\/v2\/posts\/127761\/revisions"}],"predecessor-version":[{"id":127766,"href":"https:\/\/www.uai.com.br\/uainoticias\/wp-json\/wp\/v2\/posts\/127761\/revisions\/127766"}],"wp:featuredmedia":[{"embeddable":true,"href":"https:\/\/www.uai.com.br\/uainoticias\/wp-json\/wp\/v2\/media\/124100"}],"wp:attachment":[{"href":"https:\/\/www.uai.com.br\/uainoticias\/wp-json\/wp\/v2\/media?parent=127761"}],"wp:term":[{"taxonomy":"category","embeddable":true,"href":"https:\/\/www.uai.com.br\/uainoticias\/wp-json\/wp\/v2\/categories?post=127761"},{"taxonomy":"post_tag","embeddable":true,"href":"https:\/\/www.uai.com.br\/uainoticias\/wp-json\/wp\/v2\/tags?post=127761"}],"curies":[{"name":"wp","href":"https:\/\/api.w.org\/{rel}","templated":true}]}}