{"id":127758,"date":"2026-04-28T11:15:00","date_gmt":"2026-04-28T14:15:00","guid":{"rendered":"https:\/\/www.uai.com.br\/uainoticias\/?p=127758"},"modified":"2026-04-27T15:10:41","modified_gmt":"2026-04-27T18:10:41","slug":"tim-cook-ceo-da-apple-e-lider-da-expansao-global-da-empresa-deixe-seu-legado-ser-maior-que-sua-carreira","status":"publish","type":"post","link":"https:\/\/www.uai.com.br\/uainoticias\/2026\/04\/28\/tim-cook-ceo-da-apple-e-lider-da-expansao-global-da-empresa-deixe-seu-legado-ser-maior-que-sua-carreira\/","title":{"rendered":"Tim Cook, CEO da Apple e l\u00edder da expans\u00e3o global da empresa: \u201cDeixe seu legado ser maior que sua carreira\u201d"},"content":{"rendered":"\n<link href=\"https:\/\/fonts.googleapis.com\/css2?family=Merriweather:wght@700&#038;family=Open+Sans:wght@400;600;700&#038;display=swap\" rel=\"stylesheet\">\r\n<style>\r\n.rdp-resumo-wrapper {\r\n  max-width: 620px;\r\n  margin: 28px auto;\r\n  background: #FFFFFF;\r\n  border: 1px solid #D0D0D0;\r\n  border-radius: 6px;\r\n  padding: 28px 32px;\r\n  font-family: 'Open Sans', sans-serif;\r\n  box-shadow: 0 2px 12px rgba(0,0,0,0.08);\r\n}\r\n.rdp-resumo-header {\r\n  display: flex;\r\n  align-items: center;\r\n  gap: 16px;\r\n  margin-bottom: 22px;\r\n}\r\n.rdp-resumo-line {\r\n  flex: 1;\r\n  height: 1px;\r\n  background: #D0D0D0;\r\n}\r\n.rdp-resumo-title {\r\n  font-family: 'Merriweather', serif;\r\n  font-size: 13px;\r\n  font-weight: 700;\r\n  text-transform: uppercase;\r\n  letter-spacing: 3px;\r\n  color: #1A1A1A;\r\n  white-space: nowrap;\r\n}\r\n.rdp-resumo-list {\r\n  list-style: none;\r\n  padding: 0;\r\n  margin: 0;\r\n}\r\n.rdp-resumo-item {\r\n  padding: 0 0 18px 22px;\r\n  position: relative;\r\n  line-height: 1.7;\r\n}\r\n.rdp-resumo-item:last-child {\r\n  padding-bottom: 0;\r\n}\r\n.rdp-resumo-item::before {\r\n  content: \"\";\r\n  position: absolute;\r\n  left: 0;\r\n  top: 8px;\r\n  width: 8px;\r\n  height: 8px;\r\n  background: #2B5A83;\r\n  border-radius: 50%;\r\n}\r\n.rdp-resumo-item-title {\r\n  font-size: 15px;\r\n  font-weight: 700;\r\n  color: #1A1A1A;\r\n}\r\n.rdp-resumo-item-desc {\r\n  font-size: 15px;\r\n  color: #4A4A4A;\r\n  line-height: 1.7;\r\n}\r\n@media (max-width: 768px) {\r\n  .rdp-resumo-wrapper {\r\n    max-width: 100%;\r\n    margin: 20px 12px;\r\n    padding: 22px 20px;\r\n  }\r\n}\r\n<\/style>\r\n<div class=\"rdp-resumo-wrapper\">\r\n  <div class=\"rdp-resumo-header\">\r\n    <span class=\"rdp-resumo-line\"><\/span>\r\n    <span class=\"rdp-resumo-title\">Resumo<\/span>\r\n    <span class=\"rdp-resumo-line\"><\/span>\r\n  <\/div>\r\n  <ul class=\"rdp-resumo-list\">\r\n    <li class=\"rdp-resumo-item\">\r\n      <span class=\"rdp-resumo-item-title\">Declara\u00e7\u00e3o marcante:<\/span> <span class=\"rdp-resumo-item-desc\">Tim Cook defende que o impacto de uma trajet\u00f3ria deve superar o sucesso profissional individual.<\/span>\r\n    <\/li>\r\n    <li class=\"rdp-resumo-item\">\r\n      <span class=\"rdp-resumo-item-title\">Vis\u00e3o de lideran\u00e7a:<\/span> <span class=\"rdp-resumo-item-desc\">A fala conecta prop\u00f3sito, inova\u00e7\u00e3o e responsabilidade corporativa no universo da tecnologia.<\/span>\r\n    <\/li>\r\n    <li class=\"rdp-resumo-item\">\r\n      <span class=\"rdp-resumo-item-title\">Relev\u00e2ncia atual:<\/span> <span class=\"rdp-resumo-item-desc\">A ideia ganha for\u00e7a em debates sobre legado, cultura empresarial e impacto social global.<\/span>\r\n    <\/li>\r\n  <\/ul>\r\n<\/div>\n\n\n\n<p>No universo da tecnologia e da lideran\u00e7a corporativa, poucas vozes t\u00eam tanto peso quanto a de Tim Cook. Ao afirmar <em>\u201cDeixe seu legado ser maior que sua carreira\u201d<\/em>, o CEO da Apple sintetiza uma filosofia que ultrapassa m\u00e9tricas de desempenho e resultados financeiros, inserindo o debate no campo do impacto cultural, da inova\u00e7\u00e3o e da responsabilidade empresarial.<\/p>\n\n\n\n<h2 class=\"wp-block-heading\">Quem \u00e9 Tim Cook e por que sua voz importa<\/h2>\n\n\n\n<p>Tim Cook \u00e9 o atual CEO da Apple, uma das empresas mais influentes do setor de tecnologia global. Sucessor de Steve Jobs, ele assumiu o comando em 2011 e liderou a expans\u00e3o da marca em mercados estrat\u00e9gicos, consolidando produtos, servi\u00e7os digitais e inova\u00e7\u00e3o em escala mundial.<\/p>\n\n\n\n<p>Sob sua gest\u00e3o, a Apple ampliou seu portf\u00f3lio, investiu em sustentabilidade e refor\u00e7ou seu posicionamento em temas sociais. Cook se tornou refer\u00eancia em lideran\u00e7a corporativa moderna, equilibrando crescimento econ\u00f4mico com responsabilidade \u00e9tica.<\/p>\n\n\n\n<figure class=\"wp-block-embed is-type-video is-provider-youtube wp-block-embed-youtube wp-embed-aspect-16-9 wp-has-aspect-ratio\"><div class=\"wp-block-embed__wrapper\">\n<div class=\"jeg_video_container jeg_video_content\"><iframe loading=\"lazy\" title=\"Quem \u00e9 Tim Cook, o sucessor de Steve Jobs?\" width=\"500\" height=\"281\" src=\"https:\/\/www.youtube.com\/embed\/K6JLpV2V3Ag?feature=oembed\" frameborder=\"0\" allow=\"accelerometer; autoplay; clipboard-write; encrypted-media; gyroscope; picture-in-picture; web-share\" referrerpolicy=\"strict-origin-when-cross-origin\" allowfullscreen><\/iframe><\/div>\n<\/div><\/figure>\n\n\n\n<h2 class=\"wp-block-heading\">O que Tim Cook quis dizer com essa frase<\/h2>\n\n\n\n<p>A frase de Tim Cook aponta para uma mudan\u00e7a de paradigma na forma como o sucesso \u00e9 medido no ambiente corporativo. Em vez de focar apenas em resultados financeiros ou conquistas profissionais, ele prop\u00f5e uma reflex\u00e3o sobre o impacto duradouro que indiv\u00edduos e empresas deixam no mundo.<\/p>\n\n\n\n<p>Segundo entrevistas e participa\u00e7\u00f5es em eventos empresariais, onde a declara\u00e7\u00e3o foi refor\u00e7ada, Cook associa legado a valores como inova\u00e7\u00e3o respons\u00e1vel, inclus\u00e3o e sustentabilidade. Para ele, uma carreira bem-sucedida s\u00f3 ganha real significado quando contribui para transforma\u00e7\u00f5es positivas na sociedade.<\/p>\n\n\n\n<h2 class=\"wp-block-heading\">Legado corporativo: o contexto por tr\u00e1s das palavras<\/h2>\n\n\n\n<p>O conceito de legado corporativo ganhou for\u00e7a nos \u00faltimos anos, especialmente no setor de tecnologia. Empresas como a Apple passaram a ser cobradas n\u00e3o apenas por seus produtos, mas por sua atua\u00e7\u00e3o em quest\u00f5es ambientais, sociais e culturais.<\/p>\n\n\n\n<p>Nesse cen\u00e1rio, o discurso de Tim Cook dialoga diretamente com a evolu\u00e7\u00e3o da cultura empresarial. Liderar deixou de ser apenas administrar resultados e passou a envolver prop\u00f3sito, governan\u00e7a e impacto global, elementos centrais no debate contempor\u00e2neo sobre inova\u00e7\u00e3o e responsabilidade.<\/p>\n\n\n\n<link href=\"https:\/\/fonts.googleapis.com\/css2?family=Merriweather:wght@700&#038;family=Open+Sans:wght@400;600;700&#038;display=swap\" rel=\"stylesheet\">\r\n<style>\r\n.rdp-cards-wrapper .jnews_inline_related_post_wrapper,\r\n.rdp-cards-wrapper .jnews_inline_related_post,\r\n.rdp-cards-wrapper .jeg_postblock,\r\n.rdp-cards-wrapper [class*=\"jnews_inline\"],\r\n.rdp-cards-wrapper [class*=\"jeg_postblock\"],\r\n.rdp-cards-wrapper [class*=\"jeg_block\"] {\r\n  display: none !important;\r\n  height: 0 !important;\r\n  max-height: 0 !important;\r\n  overflow: hidden !important;\r\n  visibility: hidden !important;\r\n  margin: 0 !important;\r\n  padding: 0 !important;\r\n  border: none !important;\r\n  font-size: 0 !important;\r\n  line-height: 0 !important;\r\n}\r\n.rdp-cards-wrapper {\r\n  max-width: 100%;\r\n  margin: 32px 0;\r\n  background: #F5F7FA;\r\n  border: 1px solid #E1E5EB;\r\n  border-radius: 10px;\r\n  padding: 28px 28px 20px;\r\n  font-family: 'Open Sans', sans-serif;\r\n  overflow: hidden;\r\n  contain: layout style;\r\n  isolation: isolate;\r\n  position: relative;\r\n  z-index: 1;\r\n}\r\n.rdp-cards-wrapper > *:not(.rdp-cards-title):not(.rdp-cards-grid) {\r\n  display: none !important;\r\n  height: 0 !important;\r\n  overflow: hidden !important;\r\n  margin: 0 !important;\r\n  padding: 0 !important;\r\n  border: none !important;\r\n}\r\n.rdp-cards-title {\r\n  font-family: 'Merriweather', serif;\r\n  font-size: 20px;\r\n  font-weight: 700;\r\n  color: #1A1A1A;\r\n  margin: 0 0 20px 0;\r\n  line-height: 1.3;\r\n  text-align: center;\r\n}\r\n.rdp-cards-grid {\r\n  display: grid;\r\n  grid-template-columns: repeat(3, 1fr);\r\n  gap: 18px;\r\n}\r\n.rdp-cards-item {\r\n  background: #FFFFFF;\r\n  border: 1px solid #E1E5EB;\r\n  border-top: 3px solid #2B5A83;\r\n  border-radius: 10px;\r\n  padding: 22px 20px;\r\n  box-shadow: 0 2px 8px rgba(0,0,0,0.04);\r\n  transition: box-shadow 0.3s ease;\r\n}\r\n.rdp-cards-item:hover {\r\n  box-shadow: 0 4px 16px rgba(43,90,131,0.1);\r\n}\r\n.rdp-cards-emoji {\r\n  font-size: 32px;\r\n  line-height: 1;\r\n  margin-bottom: 12px;\r\n  display: block;\r\n}\r\n.rdp-cards-item-title {\r\n  font-size: 15px;\r\n  font-weight: 700;\r\n  color: #1A1A1A;\r\n  margin-bottom: 8px;\r\n  line-height: 1.3;\r\n}\r\n.rdp-cards-item-desc {\r\n  font-size: 14px;\r\n  color: #4A4A4A;\r\n  line-height: 1.6;\r\n  margin: 0;\r\n}\r\n@media (max-width: 768px) {\r\n  .rdp-cards-wrapper {\r\n    padding: 20px 16px 14px;\r\n  }\r\n  .rdp-cards-grid {\r\n    grid-template-columns: 1fr;\r\n    gap: 14px;\r\n  }\r\n  .rdp-cards-title {\r\n    font-size: 18px;\r\n  }\r\n}\r\n<\/style>\r\n<div class=\"rdp-cards-wrapper\">\r\n  <div class=\"rdp-cards-title\">Saiba mais sobre o tema<\/div>\r\n  <div class=\"rdp-cards-grid\">\r\n    <div class=\"rdp-cards-item\">\r\n      <span class=\"rdp-cards-emoji\">\ud83c\udf4f<\/span>\r\n      <div class=\"rdp-cards-item-title\">Expans\u00e3o da Apple<\/div>\r\n      <p class=\"rdp-cards-item-desc\">Sob Tim Cook, a Apple diversificou receitas com servi\u00e7os digitais, wearables e investimentos em inova\u00e7\u00e3o sustent\u00e1vel.<\/p>\r\n    <\/div>\r\n    <div class=\"rdp-cards-item\">\r\n      <span class=\"rdp-cards-emoji\">\ud83c\udf31<\/span>\r\n      <div class=\"rdp-cards-item-title\">Sustentabilidade corporativa<\/div>\r\n      <p class=\"rdp-cards-item-desc\">A empresa se comprometeu com metas ambientais ambiciosas, influenciando outras gigantes da tecnologia.<\/p>\r\n    <\/div>\r\n    <div class=\"rdp-cards-item\">\r\n      <span class=\"rdp-cards-emoji\">\ud83d\udca1<\/span>\r\n      <div class=\"rdp-cards-item-title\">Lideran\u00e7a com prop\u00f3sito<\/div>\r\n      <p class=\"rdp-cards-item-desc\">Cook refor\u00e7a a ideia de que inova\u00e7\u00e3o deve caminhar junto com responsabilidade social e impacto positivo.<\/p>\r\n    <\/div>\r\n  <\/div>\r\n<\/div>\r\n<div style=\"clear:both;height:0;overflow:hidden;\"><\/div>\n\n\n\n<h2 class=\"wp-block-heading\">Por que essa declara\u00e7\u00e3o repercutiu<\/h2>\n\n\n\n<p>A fala de Tim Cook repercutiu amplamente porque dialoga com uma transforma\u00e7\u00e3o cultural no mundo dos neg\u00f3cios. Em um cen\u00e1rio onde empresas s\u00e3o avaliadas por sua postura \u00e9tica e impacto social, a ideia de legado ganha protagonismo.<\/p>\n\n\n\n<p>Al\u00e9m disso, l\u00edderes empresariais t\u00eam sido cada vez mais cobrados por posicionamentos claros sobre quest\u00f5es globais. A declara\u00e7\u00e3o refor\u00e7a essa expectativa, conectando carreira, prop\u00f3sito e responsabilidade em uma narrativa contempor\u00e2nea.<\/p>\n\n\n\n<h2 class=\"wp-block-heading\">O legado e a relev\u00e2ncia para a categoria<\/h2>\n\n\n\n<p>No campo da tecnologia e da lideran\u00e7a corporativa, o pensamento de Tim Cook amplia a discuss\u00e3o sobre o papel das empresas na sociedade. Mais do que inova\u00e7\u00e3o e lucro, o legado se torna um indicador de relev\u00e2ncia cultural e impacto duradouro.<\/p>\n\n\n\n<p>Ao final, a reflex\u00e3o proposta por Tim Cook transcende o universo empresarial e convida o p\u00fablico a repensar o significado de sucesso. Em um mundo cada vez mais orientado por prop\u00f3sito, deixar um legado relevante pode ser o verdadeiro diferencial de uma trajet\u00f3ria.<\/p>\n","protected":false},"excerpt":{"rendered":"<p>Resumo Declara\u00e7\u00e3o marcante: Tim Cook defende que o impacto de uma trajet\u00f3ria deve superar o sucesso profissional individual. Vis\u00e3o de lideran\u00e7a: A fala conecta prop\u00f3sito, inova\u00e7\u00e3o e responsabilidade corporativa no universo da tecnologia. Relev\u00e2ncia atual: A ideia ganha for\u00e7a em debates sobre legado, cultura empresarial e impacto social global. No universo da tecnologia e da [&hellip;]<\/p>\n","protected":false},"author":23,"featured_media":127759,"comment_status":"open","ping_status":"open","sticky":false,"template":"","format":"standard","meta":{"jnews-multi-image_gallery":[],"jnews_single_post":{"format":"standard"},"jnews_primary_category":[],"jnews_social_meta":[],"jnews_override_counter":[],"footnotes":""},"categories":[3046,475],"tags":[681,1860,1974,23518],"class_list":["post-127758","post","type-post","status-publish","format-standard","has-post-thumbnail","hentry","category-curiosidades","category-entretenimento","tag-apple","tag-carreira","tag-legado","tag-tim-cook"],"yoast_head":"<!-- This site is optimized with the Yoast SEO plugin v26.5 - https:\/\/yoast.com\/wordpress\/plugins\/seo\/ -->\n<title>Tim Cook, CEO da Apple e l\u00edder da expans\u00e3o global da empresa: \u201cDeixe seu legado ser maior que sua carreira\u201d - UAI Not\u00edcias<\/title>\n<meta name=\"description\" content=\"A frase de Tim Cook sobre legado est\u00e1 fazendo muita gente repensar o pr\u00f3prio sucesso e o motivo pode surpreender voc\u00ea\" \/>\n<meta name=\"robots\" content=\"index, follow, max-snippet:-1, max-image-preview:large, max-video-preview:-1\" \/>\n<link rel=\"canonical\" href=\"https:\/\/www.uai.com.br\/uainoticias\/2026\/04\/28\/tim-cook-ceo-da-apple-e-lider-da-expansao-global-da-empresa-deixe-seu-legado-ser-maior-que-sua-carreira\/\" \/>\n<meta property=\"og:locale\" content=\"pt_BR\" \/>\n<meta property=\"og:type\" content=\"article\" \/>\n<meta property=\"og:title\" content=\"Tim Cook, CEO da Apple e l\u00edder da expans\u00e3o global da empresa: \u201cDeixe seu legado ser maior que sua carreira\u201d - UAI Not\u00edcias\" \/>\n<meta property=\"og:description\" content=\"A frase de Tim Cook sobre legado est\u00e1 fazendo muita gente repensar o pr\u00f3prio sucesso e o motivo pode surpreender voc\u00ea\" \/>\n<meta property=\"og:url\" content=\"https:\/\/www.uai.com.br\/uainoticias\/2026\/04\/28\/tim-cook-ceo-da-apple-e-lider-da-expansao-global-da-empresa-deixe-seu-legado-ser-maior-que-sua-carreira\/\" \/>\n<meta property=\"og:site_name\" content=\"UAI Not\u00edcias\" \/>\n<meta property=\"article:published_time\" content=\"2026-04-28T14:15:00+00:00\" \/>\n<meta property=\"og:image\" content=\"https:\/\/www.uai.com.br\/uainoticias\/wp-content\/uploads\/2026\/04\/Design_sem_nome-2026-04-27T151022.145.jpg\" \/>\n\t<meta property=\"og:image:width\" content=\"1280\" \/>\n\t<meta property=\"og:image:height\" content=\"720\" \/>\n\t<meta property=\"og:image:type\" content=\"image\/jpeg\" \/>\n<meta name=\"author\" content=\"Gustavo Trindade\" \/>\n<meta name=\"twitter:card\" content=\"summary_large_image\" \/>\n<meta name=\"twitter:label1\" content=\"Escrito por\" \/>\n\t<meta name=\"twitter:data1\" content=\"Gustavo Trindade\" \/>\n\t<meta name=\"twitter:label2\" content=\"Est. tempo de leitura\" \/>\n\t<meta name=\"twitter:data2\" content=\"4 minutos\" \/>\n<!-- \/ Yoast SEO plugin. -->","yoast_head_json":{"title":"Tim Cook, CEO da Apple e l\u00edder da expans\u00e3o global da empresa: \u201cDeixe seu legado ser maior que sua carreira\u201d - UAI Not\u00edcias","description":"A frase de Tim Cook sobre legado est\u00e1 fazendo muita gente repensar o pr\u00f3prio sucesso e o motivo pode surpreender voc\u00ea","robots":{"index":"index","follow":"follow","max-snippet":"max-snippet:-1","max-image-preview":"max-image-preview:large","max-video-preview":"max-video-preview:-1"},"canonical":"https:\/\/www.uai.com.br\/uainoticias\/2026\/04\/28\/tim-cook-ceo-da-apple-e-lider-da-expansao-global-da-empresa-deixe-seu-legado-ser-maior-que-sua-carreira\/","og_locale":"pt_BR","og_type":"article","og_title":"Tim Cook, CEO da Apple e l\u00edder da expans\u00e3o global da empresa: \u201cDeixe seu legado ser maior que sua carreira\u201d - UAI Not\u00edcias","og_description":"A frase de Tim Cook sobre legado est\u00e1 fazendo muita gente repensar o pr\u00f3prio sucesso e o motivo pode surpreender voc\u00ea","og_url":"https:\/\/www.uai.com.br\/uainoticias\/2026\/04\/28\/tim-cook-ceo-da-apple-e-lider-da-expansao-global-da-empresa-deixe-seu-legado-ser-maior-que-sua-carreira\/","og_site_name":"UAI Not\u00edcias","article_published_time":"2026-04-28T14:15:00+00:00","og_image":[{"width":1280,"height":720,"url":"https:\/\/www.uai.com.br\/uainoticias\/wp-content\/uploads\/2026\/04\/Design_sem_nome-2026-04-27T151022.145.jpg","type":"image\/jpeg"}],"author":"Gustavo Trindade","twitter_card":"summary_large_image","twitter_misc":{"Escrito por":"Gustavo Trindade","Est. tempo de leitura":"4 minutos"},"schema":{"@context":"https:\/\/schema.org","@graph":[{"@type":"WebPage","@id":"https:\/\/www.uai.com.br\/uainoticias\/2026\/04\/28\/tim-cook-ceo-da-apple-e-lider-da-expansao-global-da-empresa-deixe-seu-legado-ser-maior-que-sua-carreira\/","url":"https:\/\/www.uai.com.br\/uainoticias\/2026\/04\/28\/tim-cook-ceo-da-apple-e-lider-da-expansao-global-da-empresa-deixe-seu-legado-ser-maior-que-sua-carreira\/","name":"Tim Cook, CEO da Apple e l\u00edder da expans\u00e3o global da empresa: \u201cDeixe seu legado ser maior que sua carreira\u201d - UAI Not\u00edcias","isPartOf":{"@id":"https:\/\/www.uai.com.br\/uainoticias\/#website"},"primaryImageOfPage":{"@id":"https:\/\/www.uai.com.br\/uainoticias\/2026\/04\/28\/tim-cook-ceo-da-apple-e-lider-da-expansao-global-da-empresa-deixe-seu-legado-ser-maior-que-sua-carreira\/#primaryimage"},"image":{"@id":"https:\/\/www.uai.com.br\/uainoticias\/2026\/04\/28\/tim-cook-ceo-da-apple-e-lider-da-expansao-global-da-empresa-deixe-seu-legado-ser-maior-que-sua-carreira\/#primaryimage"},"thumbnailUrl":"https:\/\/www.uai.com.br\/uainoticias\/wp-content\/uploads\/2026\/04\/Design_sem_nome-2026-04-27T151022.145.jpg","datePublished":"2026-04-28T14:15:00+00:00","author":{"@id":"https:\/\/www.uai.com.br\/uainoticias\/#\/schema\/person\/060f8bb02e250479c83590e2c4706fcc"},"description":"A frase de Tim Cook sobre legado est\u00e1 fazendo muita gente repensar o pr\u00f3prio sucesso e o motivo pode surpreender voc\u00ea","breadcrumb":{"@id":"https:\/\/www.uai.com.br\/uainoticias\/2026\/04\/28\/tim-cook-ceo-da-apple-e-lider-da-expansao-global-da-empresa-deixe-seu-legado-ser-maior-que-sua-carreira\/#breadcrumb"},"inLanguage":"pt-BR","potentialAction":[{"@type":"ReadAction","target":["https:\/\/www.uai.com.br\/uainoticias\/2026\/04\/28\/tim-cook-ceo-da-apple-e-lider-da-expansao-global-da-empresa-deixe-seu-legado-ser-maior-que-sua-carreira\/"]}]},{"@type":"ImageObject","inLanguage":"pt-BR","@id":"https:\/\/www.uai.com.br\/uainoticias\/2026\/04\/28\/tim-cook-ceo-da-apple-e-lider-da-expansao-global-da-empresa-deixe-seu-legado-ser-maior-que-sua-carreira\/#primaryimage","url":"https:\/\/www.uai.com.br\/uainoticias\/wp-content\/uploads\/2026\/04\/Design_sem_nome-2026-04-27T151022.145.jpg","contentUrl":"https:\/\/www.uai.com.br\/uainoticias\/wp-content\/uploads\/2026\/04\/Design_sem_nome-2026-04-27T151022.145.jpg","width":1280,"height":720,"caption":"Constru\u00e7\u00e3o de legado com impacto al\u00e9m da trajet\u00f3ria profissional"},{"@type":"BreadcrumbList","@id":"https:\/\/www.uai.com.br\/uainoticias\/2026\/04\/28\/tim-cook-ceo-da-apple-e-lider-da-expansao-global-da-empresa-deixe-seu-legado-ser-maior-que-sua-carreira\/#breadcrumb","itemListElement":[{"@type":"ListItem","position":1,"name":"In\u00edcio","item":"https:\/\/www.uai.com.br\/uainoticias\/"},{"@type":"ListItem","position":2,"name":"Tim Cook, CEO da Apple e l\u00edder da expans\u00e3o global da empresa: \u201cDeixe seu legado ser maior que sua carreira\u201d"}]},{"@type":"WebSite","@id":"https:\/\/www.uai.com.br\/uainoticias\/#website","url":"https:\/\/www.uai.com.br\/uainoticias\/","name":"UAI Not\u00edcias","description":"Acompanhe as \u00faltimas not\u00edcias e fique bem informado sobre tudo o que acontece no Brasil e no mundo.","potentialAction":[{"@type":"SearchAction","target":{"@type":"EntryPoint","urlTemplate":"https:\/\/www.uai.com.br\/uainoticias\/?s={search_term_string}"},"query-input":{"@type":"PropertyValueSpecification","valueRequired":true,"valueName":"search_term_string"}}],"inLanguage":"pt-BR"},{"@type":"Person","@id":"https:\/\/www.uai.com.br\/uainoticias\/#\/schema\/person\/060f8bb02e250479c83590e2c4706fcc","name":"Gustavo Trindade","image":{"@type":"ImageObject","inLanguage":"pt-BR","@id":"https:\/\/www.uai.com.br\/uainoticias\/#\/schema\/person\/image\/","url":"https:\/\/secure.gravatar.com\/avatar\/05714a54ada0bd2b20e75b2c72a9e7802581213945810c2354d320b79f27b427?s=96&d=mm&r=g","contentUrl":"https:\/\/secure.gravatar.com\/avatar\/05714a54ada0bd2b20e75b2c72a9e7802581213945810c2354d320b79f27b427?s=96&d=mm&r=g","caption":"Gustavo Trindade"},"sameAs":["https:\/\/www.uai.com.br\/uainoticias\/"],"url":"https:\/\/www.uai.com.br\/uainoticias\/author\/gustavotrindade\/"}]}},"_links":{"self":[{"href":"https:\/\/www.uai.com.br\/uainoticias\/wp-json\/wp\/v2\/posts\/127758","targetHints":{"allow":["GET"]}}],"collection":[{"href":"https:\/\/www.uai.com.br\/uainoticias\/wp-json\/wp\/v2\/posts"}],"about":[{"href":"https:\/\/www.uai.com.br\/uainoticias\/wp-json\/wp\/v2\/types\/post"}],"author":[{"embeddable":true,"href":"https:\/\/www.uai.com.br\/uainoticias\/wp-json\/wp\/v2\/users\/23"}],"replies":[{"embeddable":true,"href":"https:\/\/www.uai.com.br\/uainoticias\/wp-json\/wp\/v2\/comments?post=127758"}],"version-history":[{"count":1,"href":"https:\/\/www.uai.com.br\/uainoticias\/wp-json\/wp\/v2\/posts\/127758\/revisions"}],"predecessor-version":[{"id":127760,"href":"https:\/\/www.uai.com.br\/uainoticias\/wp-json\/wp\/v2\/posts\/127758\/revisions\/127760"}],"wp:featuredmedia":[{"embeddable":true,"href":"https:\/\/www.uai.com.br\/uainoticias\/wp-json\/wp\/v2\/media\/127759"}],"wp:attachment":[{"href":"https:\/\/www.uai.com.br\/uainoticias\/wp-json\/wp\/v2\/media?parent=127758"}],"wp:term":[{"taxonomy":"category","embeddable":true,"href":"https:\/\/www.uai.com.br\/uainoticias\/wp-json\/wp\/v2\/categories?post=127758"},{"taxonomy":"post_tag","embeddable":true,"href":"https:\/\/www.uai.com.br\/uainoticias\/wp-json\/wp\/v2\/tags?post=127758"}],"curies":[{"name":"wp","href":"https:\/\/api.w.org\/{rel}","templated":true}]}}