{"id":127744,"date":"2026-04-28T05:15:00","date_gmt":"2026-04-28T08:15:00","guid":{"rendered":"https:\/\/www.uai.com.br\/uainoticias\/?p=127744"},"modified":"2026-04-27T14:46:47","modified_gmt":"2026-04-27T17:46:47","slug":"o-mais-dificil-de-ser-chamado-de-sensivel-demais-na-infancia-nao-e-o-rotulo-mas-os-anos-em-que-voce-tenta-sentir-menos-e-se-afasta-da-propria-vida-sem-perceber","status":"publish","type":"post","link":"https:\/\/www.uai.com.br\/uainoticias\/2026\/04\/28\/o-mais-dificil-de-ser-chamado-de-sensivel-demais-na-infancia-nao-e-o-rotulo-mas-os-anos-em-que-voce-tenta-sentir-menos-e-se-afasta-da-propria-vida-sem-perceber\/","title":{"rendered":"O mais dif\u00edcil de ser chamado de sens\u00edvel demais na inf\u00e2ncia n\u00e3o \u00e9 o r\u00f3tulo, mas os anos em que voc\u00ea tenta sentir menos e se afasta da pr\u00f3pria vida sem perceber"},"content":{"rendered":"\n<p>Ser rotulado como algu\u00e9m <strong>sens\u00edvel demais<\/strong> durante a inf\u00e2ncia carrega um peso que ultrapassa a simples incompreens\u00e3o moment\u00e2nea dos adultos ao redor. Em <strong>2026<\/strong>, discuss\u00f5es sobre sa\u00fade mental revelam que a parte mais dif\u00edcil desse estigma n\u00e3o \u00e9 o r\u00f3tulo em si, mas os anos de <strong>supress\u00e3o emocional<\/strong> que se seguem.<\/p>\n\n\n\n<h2 class=\"wp-block-heading\">O processo invis\u00edvel de subtrair a pr\u00f3pria ess\u00eancia<\/h2>\n\n\n\n<p>Muitas crian\u00e7as que ouvem constantemente que precisam &#8220;ser mais fortes&#8221; acabam desenvolvendo um mecanismo de defesa onde tentam <strong>sentir menos<\/strong> para se ajustar. Esse comportamento gera uma desconex\u00e3o perigosa, onde o indiv\u00edduo passa d\u00e9cadas tentando silenciar sua <strong>intui\u00e7\u00e3o e sensibilidade<\/strong> sem perceber que est\u00e1 se tornando um estranho para si mesmo.<\/p>\n\n\n\n<p>Ao tentar se moldar a um padr\u00e3o de frieza ou indiferen\u00e7a, a <a href=\"https:\/\/www.uai.com.br\/uainoticias\/2026\/04\/23\/por-que-algumas-pessoas-acordam-cansadas-mesmo-dormindo-bem-a-resposta-pode-estar-em-um-hormonio-especifico\/\" target=\"_blank\" rel=\"noreferrer noopener\">pessoa <\/a>acaba subtraindo partes fundamentais de sua <strong>personalidade aut\u00eantica<\/strong> e criatividade. Na vida adulta, esse vazio se manifesta como uma dificuldade cr\u00f4nica em estabelecer limites saud\u00e1veis ou em reconhecer as pr\u00f3prias necessidades dentro de <strong>relacionamentos profundos<\/strong> e profissionais.<\/p>\n\n\n<div class=\"wp-block-image\">\n<figure class=\"aligncenter size-large\"><img decoding=\"async\" width=\"1024\" height=\"576\" src=\"https:\/\/www.uai.com.br\/uainoticias\/wp-content\/uploads\/2026\/04\/crianca-chorando_1776369936525-1024x576.jpg\" alt=\"\" class=\"wp-image-124155\" srcset=\"https:\/\/www.uai.com.br\/uainoticias\/wp-content\/uploads\/2026\/04\/crianca-chorando_1776369936525-1024x576.jpg 1024w, https:\/\/www.uai.com.br\/uainoticias\/wp-content\/uploads\/2026\/04\/crianca-chorando_1776369936525-300x169.jpg 300w, https:\/\/www.uai.com.br\/uainoticias\/wp-content\/uploads\/2026\/04\/crianca-chorando_1776369936525-768x432.jpg 768w, https:\/\/www.uai.com.br\/uainoticias\/wp-content\/uploads\/2026\/04\/crianca-chorando_1776369936525-750x422.jpg 750w, https:\/\/www.uai.com.br\/uainoticias\/wp-content\/uploads\/2026\/04\/crianca-chorando_1776369936525-1140x641.jpg 1140w, https:\/\/www.uai.com.br\/uainoticias\/wp-content\/uploads\/2026\/04\/crianca-chorando_1776369936525.jpg 1280w\" sizes=\"(max-width: 1024px) 100vw, 1024px\" \/><figcaption class=\"wp-element-caption\">Quando uma crian\u00e7a \u00e9 for\u00e7ada a engolir o choro, ela recebe a mensagem impl\u00edcita de que sua vulnerabilidade &#8211; Cr\u00e9ditos: depositphotos.com \/ IgorTishenko<\/figcaption><\/figure><\/div>\n\n\n<h2 class=\"wp-block-heading\">A sensibilidade como uma intelig\u00eancia emocional subestimada<\/h2>\n\n\n\n<p>Diferente do que a cultura popular pregou por gera\u00e7\u00f5es, a alta sensibilidade \u00e9, na verdade, uma forma refinada de <strong>processamento sensorial<\/strong> e empatia. Pessoas que sentem o mundo com mais intensidade possuem uma capacidade \u00fanica de notar nuances e detalhes que escapam \u00e0 maioria, o que \u00e9 uma <strong>vantagem estrat\u00e9gica<\/strong> em diversas \u00e1reas.<\/p>\n\n\n\n<p>Reaprender a ver essa caracter\u00edstica como um dom, e n\u00e3o como um defeito de f\u00e1brica, \u00e9 o primeiro passo para a cura de <strong>traumas de inf\u00e2ncia<\/strong>. A aceita\u00e7\u00e3o permite que o indiv\u00edduo pare de lutar contra a pr\u00f3pria natureza, transformando a vulnerabilidade em uma ferramenta de <strong>conex\u00e3o humana<\/strong> poderosa e transformadora no cotidiano moderno.<\/p>\n\n\n\n<h2 class=\"wp-block-heading\">As consequ\u00eancias de silenciar as emo\u00e7\u00f5es por d\u00e9cadas<\/h2>\n\n\n\n<p>O esfor\u00e7o cont\u00ednuo de parecer inabal\u00e1vel consome uma energia mental absurda, muitas vezes resultando em quadros de <strong>burnout ou ansiedade<\/strong> generalizada na maturidade. A repress\u00e3o sistem\u00e1tica dos sentimentos impede que a pessoa viva de forma plena, criando uma barreira que dificulta a <strong>felicidade genu\u00edna<\/strong> e o bem-estar duradouro.<\/p>\n\n\n<div class=\"wp-block-image\">\n<figure class=\"aligncenter size-large\"><img decoding=\"async\" width=\"1024\" height=\"576\" src=\"https:\/\/www.uai.com.br\/uainoticias\/wp-content\/uploads\/2026\/04\/solidao-infancia_1777311926023-1024x576.jpg\" alt=\"\" class=\"wp-image-127750\" srcset=\"https:\/\/www.uai.com.br\/uainoticias\/wp-content\/uploads\/2026\/04\/solidao-infancia_1777311926023-1024x576.jpg 1024w, https:\/\/www.uai.com.br\/uainoticias\/wp-content\/uploads\/2026\/04\/solidao-infancia_1777311926023-300x169.jpg 300w, https:\/\/www.uai.com.br\/uainoticias\/wp-content\/uploads\/2026\/04\/solidao-infancia_1777311926023-768x432.jpg 768w, https:\/\/www.uai.com.br\/uainoticias\/wp-content\/uploads\/2026\/04\/solidao-infancia_1777311926023-750x422.jpg 750w, https:\/\/www.uai.com.br\/uainoticias\/wp-content\/uploads\/2026\/04\/solidao-infancia_1777311926023-1140x641.jpg 1140w, https:\/\/www.uai.com.br\/uainoticias\/wp-content\/uploads\/2026\/04\/solidao-infancia_1777311926023.jpg 1280w\" sizes=\"(max-width: 1024px) 100vw, 1024px\" \/><figcaption class=\"wp-element-caption\">O processo de desconstru\u00e7\u00e3o do r\u00f3tulo de &#8220;sens\u00edvel demais&#8221; envolve o perd\u00e3o \u00e0 crian\u00e7a que voc\u00ea foi e o acolhimento da sua natureza &#8211; Cr\u00e9ditos: depositphotos.com \/ aFotostock<\/figcaption><\/figure><\/div>\n\n\n<p>\u00c9 comum que, ap\u00f3s anos de nega\u00e7\u00e3o, o indiv\u00edduo sinta que perdeu o contato com seus desejos mais profundos e prop\u00f3sitos de vida. Recuperar esse terreno exige coragem para revisitar as <strong>mem\u00f3rias dolorosas<\/strong> e permitir-se, finalmente, sentir toda a gama de emo\u00e7\u00f5es que foram trancadas em busca de uma <strong>aceita\u00e7\u00e3o social<\/strong> ilus\u00f3ria.<\/p>\n\n\n\n<h2 class=\"wp-block-heading\">Caminhos para redescobrir sua voz emocional na vida adulta<\/h2>\n\n\n\n<p>O processo de desconstru\u00e7\u00e3o do r\u00f3tulo de &#8220;sens\u00edvel demais&#8221; envolve o perd\u00e3o \u00e0 crian\u00e7a que voc\u00ea foi e o acolhimento da sua <strong>natureza emp\u00e1tica<\/strong> hoje. Criar estrat\u00e9gias para proteger sua energia sem precisar se fechar para o mundo \u00e9 o grande desafio da <strong>intelig\u00eancia emocional<\/strong> contempor\u00e2nea nas grandes cidades.<\/p>\n\n\n\n<link href=\"https:\/\/fonts.googleapis.com\/css2?family=Inter:wght@400;600;700;800&#038;display=swap\" rel=\"stylesheet\">\n<style>\n\/* Prote\u00e7\u00e3o contra inje\u00e7\u00e3o do \"Veja Tamb\u00e9m\" (JNews inline related posts) *\/\n.rdp-pontos-wrapper .jnews_inline_related_post_wrapper,\n.rdp-pontos-wrapper .jnews_inline_related_post,\n.rdp-pontos-wrapper .jeg_postblock,\n.rdp-pontos-wrapper [class*=\"jnews_inline\"],\n.rdp-pontos-wrapper [class*=\"jeg_postblock\"],\n.rdp-pontos-wrapper [class*=\"jeg_block\"] {\n  display: none !important;\n  height: 0 !important;\n  max-height: 0 !important;\n  overflow: hidden !important;\n  visibility: hidden !important;\n  margin: 0 !important;\n  padding: 0 !important;\n  border: none !important;\n  font-size: 0 !important;\n  line-height: 0 !important;\n}\n.rdp-pontos-wrapper {\n  max-width: 100%;\n  margin: 32px 0;\n  background: #F8F9FA;\n  border: 1px solid #E0E0E0;\n  border-radius: 12px;\n  padding: 28px 28px 20px;\n  font-family: 'Inter', sans-serif;\n  box-shadow: 0 4px 20px rgba(47,195,238,0.12);\n  overflow: hidden;\n  contain: layout style;\n  isolation: isolate;\n  position: relative;\n  z-index: 1;\n}\n.rdp-pontos-wrapper > *:not(.rdp-pontos-title):not(.rdp-pontos-grid) {\n  display: none !important;\n  height: 0 !important;\n  overflow: hidden !important;\n  margin: 0 !important;\n  padding: 0 !important;\n  border: none !important;\n}\n.rdp-pontos-title {\n  font-family: 'Inter', sans-serif;\n  font-size: 20px;\n  font-weight: 800;\n  color: #1A1A1A;\n  margin: 0 0 20px 0;\n  line-height: 1.3;\n  text-align: center;\n}\n.rdp-pontos-grid {\n  display: grid;\n  grid-template-columns: repeat(3, 1fr);\n  gap: 18px;\n}\n.rdp-pontos-item {\n  background: #FFFFFF;\n  border: 1px solid #E0E0E0;\n  border-top: 3px solid #2FC3EE;\n  border-radius: 10px;\n  padding: 22px 20px;\n  box-shadow: 0 2px 10px rgba(47,195,238,0.10);\n  transition: box-shadow 0.3s ease, border-color 0.3s ease;\n  text-align: center;\n}\n.rdp-pontos-item:hover {\n  box-shadow: 0 4px 20px rgba(47,195,238,0.22);\n  border-color: #2FC3EE;\n}\n.rdp-pontos-emoji {\n  font-size: 32px;\n  line-height: 1;\n  margin-bottom: 12px;\n  display: block;\n  text-align: center;\n}\n.rdp-pontos-item-title {\n  font-size: 15px;\n  font-weight: 700;\n  color: #1A1A1A;\n  margin-bottom: 8px;\n  line-height: 1.3;\n}\n.rdp-pontos-item-desc {\n  font-size: 14px;\n  color: #333333;\n  line-height: 1.6;\n  margin: 0;\n}\n@media (max-width: 768px) {\n  .rdp-pontos-wrapper {\n    padding: 20px 16px 14px;\n  }\n  .rdp-pontos-grid {\n    grid-template-columns: 1fr;\n    gap: 14px;\n  }\n  .rdp-pontos-title {\n    font-size: 18px;\n  }\n}\n<\/style>\n\n<div class=\"rdp-pontos-wrapper\">\n  <div class=\"rdp-pontos-title\">Caminhos para a Autenticidade Emocional<\/div>\n  <div class=\"rdp-pontos-grid\">\n    <div class=\"rdp-pontos-item\">\n      <span class=\"rdp-pontos-emoji\">\ud83d\udd0d<\/span>\n      <div class=\"rdp-pontos-item-title\">Auto-observa\u00e7\u00e3o<\/div>\n      <p class=\"rdp-pontos-item-desc\">Identifique momentos em que voc\u00ea tenta agradar aos outros em detrimento do que realmente sente.<\/p>\n    <\/div>\n    <div class=\"rdp-pontos-item\">\n      <span class=\"rdp-pontos-emoji\">\ud83d\udee1\ufe0f<\/span>\n      <div class=\"rdp-pontos-item-title\">Limites Claros<\/div>\n      <p class=\"rdp-pontos-item-desc\">Estabele\u00e7a barreiras em ambientes que invalidam sua percep\u00e7\u00e3o e suas rea\u00e7\u00f5es naturais.<\/p>\n    <\/div>\n    <div class=\"rdp-pontos-item\">\n      <span class=\"rdp-pontos-emoji\">\ud83c\udfa8<\/span>\n      <div class=\"rdp-pontos-item-title\">Express\u00e3o Criativa<\/div>\n      <p class=\"rdp-pontos-item-desc\">Busque atividades como artes ou escrita para que sua sensibilidade possa fluir livremente.<\/p>\n    <\/div>\n    <div class=\"rdp-pontos-item\">\n      <span class=\"rdp-pontos-emoji\">\ud83d\udcaa<\/span>\n      <div class=\"rdp-pontos-item-title\">Vulnerabilidade \u00e9 For\u00e7a<\/div>\n      <p class=\"rdp-pontos-item-desc\">N\u00e3o pe\u00e7a desculpas por sentir de forma intensa; entenda que sua entrega \u00e9 uma virtude.<\/p>\n    <\/div>\n    <div class=\"rdp-pontos-item\">\n      <span class=\"rdp-pontos-emoji\">\u2728<\/span>\n      <div class=\"rdp-pontos-item-title\">C\u00edrculo de Valor<\/div>\n      <p class=\"rdp-pontos-item-desc\">Cerque-se de pessoas que valorizam quem voc\u00ea \u00e9 e n\u00e3o o pressionam a ser menos vibrante.<\/p>\n    <\/div>\n  <\/div>\n<\/div>\n<div style=\"clear:both;height:0;overflow:hidden;\"><\/div>\n\n\n\n<p>Ao implementar essas mudan\u00e7as, voc\u00ea come\u00e7a a reintegrar as partes de si mesmo que foram &#8220;subtra\u00eddas&#8221; ao longo dos anos por medo do julgamento. A verdadeira <strong>liberdade psicol\u00f3gica<\/strong> surge quando paramos de tentar diminuir nossa luz para que os outros n\u00e3o se sintam desconfort\u00e1veis com o nosso brilho e <strong>profundidade emocional<\/strong>.<\/p>\n\n\n\n<h2 class=\"wp-block-heading\">O papel da autocompaix\u00e3o na jornada de cura pessoal<\/h2>\n\n\n\n<p><a href=\"https:\/\/www.sciencedaily.com\/releases\/2025\/08\/250818102949.htm\" target=\"_blank\" rel=\"noreferrer noopener\">Tratar-se com a mesma gentileza que voc\u00ea oferece aos outros \u00e9 fundamental<\/a> para desfazer as amarras do <strong>autojulgamento severo<\/strong> herdado do passado. Em <strong>2026<\/strong>, a autocompaix\u00e3o \u00e9 vista como uma t\u00e9cnica cient\u00edfica comprovada para reduzir a autocr\u00edtica e promover uma <strong>sa\u00fade mental<\/strong> resiliente e equilibrada.<\/p>\n\n\n\n<p>Reconhecer que voc\u00ea fez o melhor que p\u00f4de com as ferramentas que tinha \u00e9 o encerramento necess\u00e1rio para esse ciclo de <strong>autoanula\u00e7\u00e3o constante<\/strong>. O futuro reserva uma vida muito mais rica para aqueles que decidem abra\u00e7ar sua <strong>sensibilidade nata<\/strong> como b\u00fassola para suas decis\u00f5es e encontros mais significativos.<\/p>\n","protected":false},"excerpt":{"rendered":"<p>Ser rotulado como algu\u00e9m sens\u00edvel demais durante a inf\u00e2ncia carrega um peso que ultrapassa a simples incompreens\u00e3o moment\u00e2nea dos adultos ao redor. Em 2026, discuss\u00f5es sobre sa\u00fade mental revelam que a parte mais dif\u00edcil desse estigma n\u00e3o \u00e9 o r\u00f3tulo em si, mas os anos de supress\u00e3o emocional que se seguem. O processo invis\u00edvel de [&hellip;]<\/p>\n","protected":false},"author":24,"featured_media":127749,"comment_status":"open","ping_status":"open","sticky":false,"template":"","format":"standard","meta":{"jnews-multi-image_gallery":[],"jnews_single_post":{"format":"standard"},"jnews_primary_category":[],"jnews_social_meta":[],"jnews_override_counter":[],"footnotes":""},"categories":[3046,475],"tags":[6829,2567,23517],"class_list":["post-127744","post","type-post","status-publish","format-standard","has-post-thumbnail","hentry","category-curiosidades","category-entretenimento","tag-emocional","tag-infancia","tag-sensivel"],"yoast_head":"<!-- This site is optimized with the Yoast SEO plugin v26.5 - https:\/\/yoast.com\/wordpress\/plugins\/seo\/ -->\n<title>O mais dif\u00edcil de ser chamado de sens\u00edvel demais na inf\u00e2ncia n\u00e3o \u00e9 o r\u00f3tulo, mas os anos em que voc\u00ea tenta sentir menos e se afasta da pr\u00f3pria vida sem perceber - UAI Not\u00edcias<\/title>\n<meta name=\"description\" content=\"Ser chamado de sens\u00edvel demais na inf\u00e2ncia pode levar \u00e0 repress\u00e3o emocional e desconex\u00e3o com a pr\u00f3pria ess\u00eancia na vida adulta.\" \/>\n<meta name=\"robots\" content=\"index, follow, max-snippet:-1, max-image-preview:large, max-video-preview:-1\" \/>\n<link rel=\"canonical\" href=\"https:\/\/www.uai.com.br\/uainoticias\/2026\/04\/28\/o-mais-dificil-de-ser-chamado-de-sensivel-demais-na-infancia-nao-e-o-rotulo-mas-os-anos-em-que-voce-tenta-sentir-menos-e-se-afasta-da-propria-vida-sem-perceber\/\" \/>\n<meta property=\"og:locale\" content=\"pt_BR\" \/>\n<meta property=\"og:type\" content=\"article\" \/>\n<meta property=\"og:title\" content=\"O mais dif\u00edcil de ser chamado de sens\u00edvel demais na inf\u00e2ncia n\u00e3o \u00e9 o r\u00f3tulo, mas os anos em que voc\u00ea tenta sentir menos e se afasta da pr\u00f3pria vida sem perceber - UAI Not\u00edcias\" \/>\n<meta property=\"og:description\" content=\"Ser chamado de sens\u00edvel demais na inf\u00e2ncia pode levar \u00e0 repress\u00e3o emocional e desconex\u00e3o com a pr\u00f3pria ess\u00eancia na vida adulta.\" \/>\n<meta property=\"og:url\" content=\"https:\/\/www.uai.com.br\/uainoticias\/2026\/04\/28\/o-mais-dificil-de-ser-chamado-de-sensivel-demais-na-infancia-nao-e-o-rotulo-mas-os-anos-em-que-voce-tenta-sentir-menos-e-se-afasta-da-propria-vida-sem-perceber\/\" \/>\n<meta property=\"og:site_name\" content=\"UAI Not\u00edcias\" \/>\n<meta property=\"article:published_time\" content=\"2026-04-28T08:15:00+00:00\" \/>\n<meta property=\"og:image\" content=\"https:\/\/www.uai.com.br\/uainoticias\/wp-content\/uploads\/2026\/04\/solidao-infancia_1777311829668.jpg\" \/>\n\t<meta property=\"og:image:width\" content=\"1280\" \/>\n\t<meta property=\"og:image:height\" content=\"720\" \/>\n\t<meta property=\"og:image:type\" content=\"image\/jpeg\" \/>\n<meta name=\"author\" content=\"Daniely Cardoso\" \/>\n<meta name=\"twitter:card\" content=\"summary_large_image\" \/>\n<meta name=\"twitter:label1\" content=\"Escrito por\" \/>\n\t<meta name=\"twitter:data1\" content=\"Daniely Cardoso\" \/>\n\t<meta name=\"twitter:label2\" content=\"Est. tempo de leitura\" \/>\n\t<meta name=\"twitter:data2\" content=\"5 minutos\" \/>\n<!-- \/ Yoast SEO plugin. -->","yoast_head_json":{"title":"O mais dif\u00edcil de ser chamado de sens\u00edvel demais na inf\u00e2ncia n\u00e3o \u00e9 o r\u00f3tulo, mas os anos em que voc\u00ea tenta sentir menos e se afasta da pr\u00f3pria vida sem perceber - UAI Not\u00edcias","description":"Ser chamado de sens\u00edvel demais na inf\u00e2ncia pode levar \u00e0 repress\u00e3o emocional e desconex\u00e3o com a pr\u00f3pria ess\u00eancia na vida adulta.","robots":{"index":"index","follow":"follow","max-snippet":"max-snippet:-1","max-image-preview":"max-image-preview:large","max-video-preview":"max-video-preview:-1"},"canonical":"https:\/\/www.uai.com.br\/uainoticias\/2026\/04\/28\/o-mais-dificil-de-ser-chamado-de-sensivel-demais-na-infancia-nao-e-o-rotulo-mas-os-anos-em-que-voce-tenta-sentir-menos-e-se-afasta-da-propria-vida-sem-perceber\/","og_locale":"pt_BR","og_type":"article","og_title":"O mais dif\u00edcil de ser chamado de sens\u00edvel demais na inf\u00e2ncia n\u00e3o \u00e9 o r\u00f3tulo, mas os anos em que voc\u00ea tenta sentir menos e se afasta da pr\u00f3pria vida sem perceber - UAI Not\u00edcias","og_description":"Ser chamado de sens\u00edvel demais na inf\u00e2ncia pode levar \u00e0 repress\u00e3o emocional e desconex\u00e3o com a pr\u00f3pria ess\u00eancia na vida adulta.","og_url":"https:\/\/www.uai.com.br\/uainoticias\/2026\/04\/28\/o-mais-dificil-de-ser-chamado-de-sensivel-demais-na-infancia-nao-e-o-rotulo-mas-os-anos-em-que-voce-tenta-sentir-menos-e-se-afasta-da-propria-vida-sem-perceber\/","og_site_name":"UAI Not\u00edcias","article_published_time":"2026-04-28T08:15:00+00:00","og_image":[{"width":1280,"height":720,"url":"https:\/\/www.uai.com.br\/uainoticias\/wp-content\/uploads\/2026\/04\/solidao-infancia_1777311829668.jpg","type":"image\/jpeg"}],"author":"Daniely Cardoso","twitter_card":"summary_large_image","twitter_misc":{"Escrito por":"Daniely Cardoso","Est. tempo de leitura":"5 minutos"},"schema":{"@context":"https:\/\/schema.org","@graph":[{"@type":"WebPage","@id":"https:\/\/www.uai.com.br\/uainoticias\/2026\/04\/28\/o-mais-dificil-de-ser-chamado-de-sensivel-demais-na-infancia-nao-e-o-rotulo-mas-os-anos-em-que-voce-tenta-sentir-menos-e-se-afasta-da-propria-vida-sem-perceber\/","url":"https:\/\/www.uai.com.br\/uainoticias\/2026\/04\/28\/o-mais-dificil-de-ser-chamado-de-sensivel-demais-na-infancia-nao-e-o-rotulo-mas-os-anos-em-que-voce-tenta-sentir-menos-e-se-afasta-da-propria-vida-sem-perceber\/","name":"O mais dif\u00edcil de ser chamado de sens\u00edvel demais na inf\u00e2ncia n\u00e3o \u00e9 o r\u00f3tulo, mas os anos em que voc\u00ea tenta sentir menos e se afasta da pr\u00f3pria vida sem perceber - UAI Not\u00edcias","isPartOf":{"@id":"https:\/\/www.uai.com.br\/uainoticias\/#website"},"primaryImageOfPage":{"@id":"https:\/\/www.uai.com.br\/uainoticias\/2026\/04\/28\/o-mais-dificil-de-ser-chamado-de-sensivel-demais-na-infancia-nao-e-o-rotulo-mas-os-anos-em-que-voce-tenta-sentir-menos-e-se-afasta-da-propria-vida-sem-perceber\/#primaryimage"},"image":{"@id":"https:\/\/www.uai.com.br\/uainoticias\/2026\/04\/28\/o-mais-dificil-de-ser-chamado-de-sensivel-demais-na-infancia-nao-e-o-rotulo-mas-os-anos-em-que-voce-tenta-sentir-menos-e-se-afasta-da-propria-vida-sem-perceber\/#primaryimage"},"thumbnailUrl":"https:\/\/www.uai.com.br\/uainoticias\/wp-content\/uploads\/2026\/04\/solidao-infancia_1777311829668.jpg","datePublished":"2026-04-28T08:15:00+00:00","author":{"@id":"https:\/\/www.uai.com.br\/uainoticias\/#\/schema\/person\/b40f59cad9eb0656c8ae35fee468cc57"},"description":"Ser chamado de sens\u00edvel demais na inf\u00e2ncia pode levar \u00e0 repress\u00e3o emocional e desconex\u00e3o com a pr\u00f3pria ess\u00eancia na vida adulta.","breadcrumb":{"@id":"https:\/\/www.uai.com.br\/uainoticias\/2026\/04\/28\/o-mais-dificil-de-ser-chamado-de-sensivel-demais-na-infancia-nao-e-o-rotulo-mas-os-anos-em-que-voce-tenta-sentir-menos-e-se-afasta-da-propria-vida-sem-perceber\/#breadcrumb"},"inLanguage":"pt-BR","potentialAction":[{"@type":"ReadAction","target":["https:\/\/www.uai.com.br\/uainoticias\/2026\/04\/28\/o-mais-dificil-de-ser-chamado-de-sensivel-demais-na-infancia-nao-e-o-rotulo-mas-os-anos-em-que-voce-tenta-sentir-menos-e-se-afasta-da-propria-vida-sem-perceber\/"]}]},{"@type":"ImageObject","inLanguage":"pt-BR","@id":"https:\/\/www.uai.com.br\/uainoticias\/2026\/04\/28\/o-mais-dificil-de-ser-chamado-de-sensivel-demais-na-infancia-nao-e-o-rotulo-mas-os-anos-em-que-voce-tenta-sentir-menos-e-se-afasta-da-propria-vida-sem-perceber\/#primaryimage","url":"https:\/\/www.uai.com.br\/uainoticias\/wp-content\/uploads\/2026\/04\/solidao-infancia_1777311829668.jpg","contentUrl":"https:\/\/www.uai.com.br\/uainoticias\/wp-content\/uploads\/2026\/04\/solidao-infancia_1777311829668.jpg","width":1280,"height":720,"caption":"Muitas crian\u00e7as que ouvem constantemente que precisam \"ser mais fortes\" acabam desenvolvendo um mecanismo de defesa - Cr\u00e9ditos: depositphotos.com \/ ArturVerkhovetskiy"},{"@type":"BreadcrumbList","@id":"https:\/\/www.uai.com.br\/uainoticias\/2026\/04\/28\/o-mais-dificil-de-ser-chamado-de-sensivel-demais-na-infancia-nao-e-o-rotulo-mas-os-anos-em-que-voce-tenta-sentir-menos-e-se-afasta-da-propria-vida-sem-perceber\/#breadcrumb","itemListElement":[{"@type":"ListItem","position":1,"name":"In\u00edcio","item":"https:\/\/www.uai.com.br\/uainoticias\/"},{"@type":"ListItem","position":2,"name":"O mais dif\u00edcil de ser chamado de sens\u00edvel demais na inf\u00e2ncia n\u00e3o \u00e9 o r\u00f3tulo, mas os anos em que voc\u00ea tenta sentir menos e se afasta da pr\u00f3pria vida sem perceber"}]},{"@type":"WebSite","@id":"https:\/\/www.uai.com.br\/uainoticias\/#website","url":"https:\/\/www.uai.com.br\/uainoticias\/","name":"UAI Not\u00edcias","description":"Acompanhe as \u00faltimas not\u00edcias e fique bem informado sobre tudo o que acontece no Brasil e no mundo.","potentialAction":[{"@type":"SearchAction","target":{"@type":"EntryPoint","urlTemplate":"https:\/\/www.uai.com.br\/uainoticias\/?s={search_term_string}"},"query-input":{"@type":"PropertyValueSpecification","valueRequired":true,"valueName":"search_term_string"}}],"inLanguage":"pt-BR"},{"@type":"Person","@id":"https:\/\/www.uai.com.br\/uainoticias\/#\/schema\/person\/b40f59cad9eb0656c8ae35fee468cc57","name":"Daniely Cardoso","image":{"@type":"ImageObject","inLanguage":"pt-BR","@id":"https:\/\/www.uai.com.br\/uainoticias\/#\/schema\/person\/image\/","url":"https:\/\/secure.gravatar.com\/avatar\/b43c203f79e2ee2d699e04567f61958ba1731d1c994abcd298aa4fee5f54cb3a?s=96&d=mm&r=g","contentUrl":"https:\/\/secure.gravatar.com\/avatar\/b43c203f79e2ee2d699e04567f61958ba1731d1c994abcd298aa4fee5f54cb3a?s=96&d=mm&r=g","caption":"Daniely Cardoso"},"sameAs":["https:\/\/www.uai.com.br\/uainoticias\/"],"url":"https:\/\/www.uai.com.br\/uainoticias\/author\/daniely-morais\/"}]}},"_links":{"self":[{"href":"https:\/\/www.uai.com.br\/uainoticias\/wp-json\/wp\/v2\/posts\/127744","targetHints":{"allow":["GET"]}}],"collection":[{"href":"https:\/\/www.uai.com.br\/uainoticias\/wp-json\/wp\/v2\/posts"}],"about":[{"href":"https:\/\/www.uai.com.br\/uainoticias\/wp-json\/wp\/v2\/types\/post"}],"author":[{"embeddable":true,"href":"https:\/\/www.uai.com.br\/uainoticias\/wp-json\/wp\/v2\/users\/24"}],"replies":[{"embeddable":true,"href":"https:\/\/www.uai.com.br\/uainoticias\/wp-json\/wp\/v2\/comments?post=127744"}],"version-history":[{"count":3,"href":"https:\/\/www.uai.com.br\/uainoticias\/wp-json\/wp\/v2\/posts\/127744\/revisions"}],"predecessor-version":[{"id":127892,"href":"https:\/\/www.uai.com.br\/uainoticias\/wp-json\/wp\/v2\/posts\/127744\/revisions\/127892"}],"wp:featuredmedia":[{"embeddable":true,"href":"https:\/\/www.uai.com.br\/uainoticias\/wp-json\/wp\/v2\/media\/127749"}],"wp:attachment":[{"href":"https:\/\/www.uai.com.br\/uainoticias\/wp-json\/wp\/v2\/media?parent=127744"}],"wp:term":[{"taxonomy":"category","embeddable":true,"href":"https:\/\/www.uai.com.br\/uainoticias\/wp-json\/wp\/v2\/categories?post=127744"},{"taxonomy":"post_tag","embeddable":true,"href":"https:\/\/www.uai.com.br\/uainoticias\/wp-json\/wp\/v2\/tags?post=127744"}],"curies":[{"name":"wp","href":"https:\/\/api.w.org\/{rel}","templated":true}]}}