{"id":127739,"date":"2026-04-28T03:15:00","date_gmt":"2026-04-28T06:15:00","guid":{"rendered":"https:\/\/www.uai.com.br\/uainoticias\/?p=127739"},"modified":"2026-04-27T14:33:35","modified_gmt":"2026-04-27T17:33:35","slug":"ha-uma-solidao-silenciosa-em-pessoas-afetuosas-nao-vem-da-falta-de-companhia-mas-do-fato-de-parecerem-sempre-bem-a-ponto-de-ninguem-perguntar-se-estao-realmente-bem","status":"publish","type":"post","link":"https:\/\/www.uai.com.br\/uainoticias\/2026\/04\/28\/ha-uma-solidao-silenciosa-em-pessoas-afetuosas-nao-vem-da-falta-de-companhia-mas-do-fato-de-parecerem-sempre-bem-a-ponto-de-ninguem-perguntar-se-estao-realmente-bem\/","title":{"rendered":"H\u00e1 uma solid\u00e3o silenciosa em pessoas afetuosas: n\u00e3o vem da falta de companhia, mas do fato de parecerem sempre bem, a ponto de ningu\u00e9m perguntar se est\u00e3o realmente bem"},"content":{"rendered":"\n<p>Muitas pessoas que transitam com facilidade em c\u00edrculos sociais e transmitem uma imagem de constante estabilidade enfrentam um isolamento silencioso e paradoxal. Este sentimento n\u00e3o nasce da falta de companhia ou de conex\u00f5es, mas sim de uma percep\u00e7\u00e3o externa de que elas s\u00e3o invulner\u00e1veis a problemas.<\/p>\n\n\n\n<h2 class=\"wp-block-heading\">O fardo emocional de ser algu\u00e9m sempre confi\u00e1vel<\/h2>\n\n\n\n<p>A <strong>solid\u00e3o de pessoas queridas<\/strong> surge quando o indiv\u00edduo \u00e9 visto como o &#8220;porto seguro&#8221; por todos ao seu redor, criando uma barreira invis\u00edvel para suas pr\u00f3prias vulnerabilidades. Por serem consideradas <strong>emocionalmente est\u00e1veis<\/strong> e resolutivas, essas <a href=\"https:\/\/www.uai.com.br\/uainoticias\/2026\/04\/23\/a-psicologia-explica-por-que-pessoas-introvertidas-se-sentem-esgotadas-apos-encontros-sociais\/\" target=\"_blank\" rel=\"noreferrer noopener\">pessoas<\/a> raramente recebem ofertas de apoio ou acolhimento em momentos de crise pessoal.<\/p>\n\n\n\n<p>Essa din\u00e2mica ocorre porque a <strong>confiabilidade constante<\/strong> projeta uma imagem de perfei\u00e7\u00e3o que intimida ou desestimula o cuidado alheio. Quando o entorno acredita que voc\u00ea est\u00e1 sempre bem, a pergunta sobre o seu real estado emocional acaba sendo negligenciada pela <strong>sociedade<\/strong> e pelos amigos pr\u00f3ximos.<\/p>\n\n\n<div class=\"wp-block-image\">\n<figure class=\"aligncenter size-large\"><img decoding=\"async\" width=\"1024\" height=\"576\" src=\"https:\/\/www.uai.com.br\/uainoticias\/wp-content\/uploads\/2026\/04\/solidao-_1777311055383-1024x576.jpg\" alt=\"\" class=\"wp-image-127742\" srcset=\"https:\/\/www.uai.com.br\/uainoticias\/wp-content\/uploads\/2026\/04\/solidao-_1777311055383-1024x576.jpg 1024w, https:\/\/www.uai.com.br\/uainoticias\/wp-content\/uploads\/2026\/04\/solidao-_1777311055383-300x169.jpg 300w, https:\/\/www.uai.com.br\/uainoticias\/wp-content\/uploads\/2026\/04\/solidao-_1777311055383-768x432.jpg 768w, https:\/\/www.uai.com.br\/uainoticias\/wp-content\/uploads\/2026\/04\/solidao-_1777311055383-750x422.jpg 750w, https:\/\/www.uai.com.br\/uainoticias\/wp-content\/uploads\/2026\/04\/solidao-_1777311055383-1140x641.jpg 1140w, https:\/\/www.uai.com.br\/uainoticias\/wp-content\/uploads\/2026\/04\/solidao-_1777311055383.jpg 1280w\" sizes=\"(max-width: 1024px) 100vw, 1024px\" \/><figcaption class=\"wp-element-caption\">Romper a imagem de pessoa inabal\u00e1vel exige coragem para admitir fraquezas e delegar responsabilidades &#8211; Cr\u00e9ditos: depositphotos.com \/ IgorVetushko<\/figcaption><\/figure><\/div>\n\n\n<h2 class=\"wp-block-heading\">Por que ningu\u00e9m pergunta se voc\u00ea est\u00e1 realmente bem<\/h2>\n\n\n\n<p>A <strong>percep\u00e7\u00e3o social<\/strong> tende a ignorar as necessidades de quem nunca pede ajuda, assumindo que a aus\u00eancia de reclama\u00e7\u00f5es equivale \u00e0 aus\u00eancia de dor. No <strong>Reino Unido<\/strong> e em diversos centros urbanos, estudos sobre comportamento indicam que o excesso de autonomia pode afastar redes de suporte emocional espont\u00e2neo.<\/p>\n\n\n\n<p>Muitas vezes, a <strong>falta de valida\u00e7\u00e3o<\/strong> ocorre porque os outros sentem que suas pr\u00f3prias quest\u00f5es s\u00e3o pequenas demais perto da for\u00e7a que voc\u00ea demonstra ter. A manuten\u00e7\u00e3o dessa <strong>m\u00e1scara de compet\u00eancia<\/strong> impede que conex\u00f5es profundas e trocas de vulnerabilidade aconte\u00e7am de forma org\u00e2nica e equilibrada nos relacionamentos cotidianos.<\/p>\n\n\n\n<h2 class=\"wp-block-heading\">Como o isolamento afeta quem possui muitos amigos<\/h2>\n\n\n\n<p>Estar cercado de pessoas n\u00e3o garante que o sentimento de incompreens\u00e3o desapare\u00e7a se a troca for superficial. A <strong>solid\u00e3o funcional<\/strong> \u00e9 o resultado de intera\u00e7\u00f5es onde voc\u00ea doa energia constantemente, mas raramente encontra espa\u00e7o para recarregar ou ser cuidado pelo grupo.<\/p>\n\n\n<div class=\"wp-block-image\">\n<figure class=\"aligncenter size-large\"><img decoding=\"async\" width=\"1024\" height=\"576\" src=\"https:\/\/www.uai.com.br\/uainoticias\/wp-content\/uploads\/2026\/04\/solidao-amigos_1775677618634-1024x576.jpg\" alt=\"\" class=\"wp-image-122383\" srcset=\"https:\/\/www.uai.com.br\/uainoticias\/wp-content\/uploads\/2026\/04\/solidao-amigos_1775677618634-1024x576.jpg 1024w, https:\/\/www.uai.com.br\/uainoticias\/wp-content\/uploads\/2026\/04\/solidao-amigos_1775677618634-300x169.jpg 300w, https:\/\/www.uai.com.br\/uainoticias\/wp-content\/uploads\/2026\/04\/solidao-amigos_1775677618634-768x432.jpg 768w, https:\/\/www.uai.com.br\/uainoticias\/wp-content\/uploads\/2026\/04\/solidao-amigos_1775677618634-750x422.jpg 750w, https:\/\/www.uai.com.br\/uainoticias\/wp-content\/uploads\/2026\/04\/solidao-amigos_1775677618634-1140x641.jpg 1140w, https:\/\/www.uai.com.br\/uainoticias\/wp-content\/uploads\/2026\/04\/solidao-amigos_1775677618634.jpg 1280w\" sizes=\"(max-width: 1024px) 100vw, 1024px\" \/><figcaption class=\"wp-element-caption\">\u00c9 sentir que faltam rela\u00e7\u00f5es consistentes, com continuidade, confian\u00e7a e apoio real &#8211; Cr\u00e9ditos: depositphotos.com \/ IgorVetushko<\/figcaption><\/figure><\/div>\n\n\n<p>A sensa\u00e7\u00e3o de ser <strong>visto mas n\u00e3o percebido<\/strong> cria um vazio existencial que pode levar ao esgotamento mental e ao distanciamento emocional preventivo. Avaliar a qualidade das conversas e permitir que pequenas falhas apare\u00e7am \u00e9 um passo fundamental para quebrar o ciclo da <strong>autossufici\u00eancia extrema<\/strong> e reencontrar a intimidade real.<\/p>\n\n\n\n<h2 class=\"wp-block-heading\">Estrat\u00e9gias para quebrar o ciclo da invisibilidade emocional<\/h2>\n\n\n\n<p>Romper a imagem de <strong>pessoa inabal\u00e1vel<\/strong> exige coragem para admitir fraquezas e delegar responsabilidades que antes eram carregadas individualmente com orgulho. Praticar a <strong>comunica\u00e7\u00e3o assertiva<\/strong> sobre sentimentos negativos ajuda a reeducar o c\u00edrculo social sobre como oferecer suporte de maneira efetiva e constante.<\/p>\n\n\n\n<link href=\"https:\/\/fonts.googleapis.com\/css2?family=Inter:wght@400;600;700;800&#038;display=swap\" rel=\"stylesheet\">\n<style>\n\/* Prote\u00e7\u00e3o contra inje\u00e7\u00e3o do \"Veja Tamb\u00e9m\" (JNews inline related posts) *\/\n.rdp-pontos-wrapper .jnews_inline_related_post_wrapper,\n.rdp-pontos-wrapper .jnews_inline_related_post,\n.rdp-pontos-wrapper .jeg_postblock,\n.rdp-pontos-wrapper [class*=\"jnews_inline\"],\n.rdp-pontos-wrapper [class*=\"jeg_postblock\"],\n.rdp-pontos-wrapper [class*=\"jeg_block\"] {\n  display: none !important;\n  height: 0 !important;\n  max-height: 0 !important;\n  overflow: hidden !important;\n  visibility: hidden !important;\n  margin: 0 !important;\n  padding: 0 !important;\n  border: none !important;\n  font-size: 0 !important;\n  line-height: 0 !important;\n}\n.rdp-pontos-wrapper {\n  max-width: 100%;\n  margin: 32px 0;\n  background: #F8F9FA;\n  border: 1px solid #E0E0E0;\n  border-radius: 12px;\n  padding: 28px 28px 20px;\n  font-family: 'Inter', sans-serif;\n  box-shadow: 0 4px 20px rgba(47,195,238,0.12);\n  overflow: hidden;\n  contain: layout style;\n  isolation: isolate;\n  position: relative;\n  z-index: 1;\n}\n.rdp-pontos-wrapper > *:not(.rdp-pontos-title):not(.rdp-pontos-grid) {\n  display: none !important;\n  height: 0 !important;\n  overflow: hidden !important;\n  margin: 0 !important;\n  padding: 0 !important;\n  border: none !important;\n}\n.rdp-pontos-title {\n  font-family: 'Inter', sans-serif;\n  font-size: 20px;\n  font-weight: 800;\n  color: #1A1A1A;\n  margin: 0 0 20px 0;\n  line-height: 1.3;\n  text-align: center;\n}\n.rdp-pontos-grid {\n  display: grid;\n  grid-template-columns: repeat(auto-fit, minmax(250px, 1fr));\n  gap: 18px;\n}\n.rdp-pontos-item {\n  background: #FFFFFF;\n  border: 1px solid #E0E0E0;\n  border-top: 3px solid #2FC3EE;\n  border-radius: 10px;\n  padding: 22px 20px;\n  box-shadow: 0 2px 10px rgba(47,195,238,0.10);\n  transition: box-shadow 0.3s ease, border-color 0.3s ease;\n  text-align: center;\n}\n.rdp-pontos-item:hover {\n  box-shadow: 0 4px 20px rgba(47,195,238,0.22);\n  border-color: #2FC3EE;\n}\n.rdp-pontos-emoji {\n  font-size: 32px;\n  line-height: 1;\n  margin-bottom: 12px;\n  display: block;\n  text-align: center;\n}\n.rdp-pontos-item-title {\n  font-size: 15px;\n  font-weight: 700;\n  color: #1A1A1A;\n  margin-bottom: 8px;\n  line-height: 1.3;\n}\n.rdp-pontos-item-desc {\n  font-size: 14px;\n  color: #333333;\n  line-height: 1.6;\n  margin: 0;\n}\n@media (max-width: 768px) {\n  .rdp-pontos-wrapper {\n    padding: 20px 16px 14px;\n  }\n  .rdp-pontos-grid {\n    grid-template-columns: 1fr;\n    gap: 14px;\n  }\n  .rdp-pontos-title {\n    font-size: 18px;\n  }\n}\n<\/style>\n\n<div class=\"rdp-pontos-wrapper\">\n  <div class=\"rdp-pontos-title\">Estrat\u00e9gias para Preserva\u00e7\u00e3o Mental e Emocional<\/div>\n  <div class=\"rdp-pontos-grid\">\n    <div class=\"rdp-pontos-item\">\n      <span class=\"rdp-pontos-emoji\">\ud83e\udd1d<\/span>\n      <div class=\"rdp-pontos-item-title\">Vulnerabilidade Estrat\u00e9gica<\/div>\n      <p class=\"rdp-pontos-item-desc\">Pratique o compartilhamento de pequenos desafios di\u00e1rios com pessoas de sua total confian\u00e7a.<\/p>\n    <\/div>\n    <div class=\"rdp-pontos-item\">\n      <span class=\"rdp-pontos-emoji\">\ud83d\udee1\ufe0f<\/span>\n      <div class=\"rdp-pontos-item-title\">Estabele\u00e7a Limites<\/div>\n      <p class=\"rdp-pontos-item-desc\">Aprenda a dizer n\u00e3o para pedidos que sobrecarregam sua capacidade de autocuidado e sa\u00fade mental.<\/p>\n    <\/div>\n    <div class=\"rdp-pontos-item\">\n      <span class=\"rdp-pontos-emoji\">\ud83d\udce2<\/span>\n      <div class=\"rdp-pontos-item-title\">Comunica\u00e7\u00e3o Expl\u00edcita<\/div>\n      <p class=\"rdp-pontos-item-desc\">Pe\u00e7a ajuda de forma direta em vez de esperar que os outros notem sinais sutis de cansa\u00e7o ou tristeza.<\/p>\n    <\/div>\n    <div class=\"rdp-pontos-item\">\n      <span class=\"rdp-pontos-emoji\">\ud83c\udfa8<\/span>\n      <div class=\"rdp-pontos-item-title\">Autonomia Pessoal<\/div>\n      <p class=\"rdp-pontos-item-desc\">Desenvolva hobbies individuais que n\u00e3o dependam da aprova\u00e7\u00e3o ou da lideran\u00e7a de outras pessoas.<\/p>\n    <\/div>\n    <div class=\"rdp-pontos-item\">\n      <span class=\"rdp-pontos-emoji\">\ud83d\udd0d<\/span>\n      <div class=\"rdp-pontos-item-title\">Reavalia\u00e7\u00e3o de V\u00ednculos<\/div>\n      <p class=\"rdp-pontos-item-desc\">Identifique em seu c\u00edrculo social quem realmente possui espa\u00e7o e disposi\u00e7\u00e3o para ouvir suas quest\u00f5es.<\/p>\n    <\/div>\n  <\/div>\n<\/div>\n<div style=\"clear:both;height:0;overflow:hidden;\"><\/div>\n\n\n\n<p>Um ponto de aten\u00e7\u00e3o importante \u00e9 notar que a <strong>mudan\u00e7a de postura<\/strong> pode causar estranhamento inicial em marcas e pessoas que se beneficiam da sua for\u00e7a constante. Observar quem permanece ao seu lado quando voc\u00ea deixa de ser o &#8220;resolvido&#8221; \u00e9 um excelente filtro para cultivar <strong>relacionamentos aut\u00eanticos<\/strong> e saud\u00e1veis.<\/p>\n\n\n\n<h2 class=\"wp-block-heading\">A import\u00e2ncia de validar a pr\u00f3pria vulnerabilidade no cotidiano<\/h2>\n\n\n\n<p>Aceitar que a <strong>necessidade de apoio<\/strong> n\u00e3o anula sua compet\u00eancia \u00e9 o primeiro passo para uma vida emocional mais integrada e menos exaustiva. Ao permitir que os outros vejam suas cicatrizes, voc\u00ea abre caminho para uma <strong>conex\u00e3o humana<\/strong> baseada na realidade e n\u00e3o apenas na utilidade social.<\/p>\n\n\n\n<p>A jornada para superar a <strong>solid\u00e3o invis\u00edvel<\/strong> come\u00e7a com o reconhecimento de que ningu\u00e9m consegue ser o pilar de sustenta\u00e7\u00e3o o tempo todo. Priorizar o pr\u00f3prio bem-estar garante que a sua presen\u00e7a continue sendo <strong>positiva e inspiradora<\/strong>, mas agora com a leveza de quem tamb\u00e9m se permite ser cuidado.<\/p>\n","protected":false},"excerpt":{"rendered":"<p>Muitas pessoas que transitam com facilidade em c\u00edrculos sociais e transmitem uma imagem de constante estabilidade enfrentam um isolamento silencioso e paradoxal. Este sentimento n\u00e3o nasce da falta de companhia ou de conex\u00f5es, mas sim de uma percep\u00e7\u00e3o externa de que elas s\u00e3o invulner\u00e1veis a problemas. O fardo emocional de ser algu\u00e9m sempre confi\u00e1vel A [&hellip;]<\/p>\n","protected":false},"author":24,"featured_media":127740,"comment_status":"open","ping_status":"open","sticky":false,"template":"","format":"standard","meta":{"jnews-multi-image_gallery":[],"jnews_single_post":{"format":"standard"},"jnews_primary_category":[],"jnews_social_meta":[],"jnews_override_counter":[],"footnotes":""},"categories":[3046,475],"tags":[23516,2004,23515],"class_list":["post-127739","post","type-post","status-publish","format-standard","has-post-thumbnail","hentry","category-curiosidades","category-entretenimento","tag-invisibilidade","tag-pessoas","tag-solidao-silenciosa"],"yoast_head":"<!-- This site is optimized with the Yoast SEO plugin v26.5 - https:\/\/yoast.com\/wordpress\/plugins\/seo\/ -->\n<title>H\u00e1 uma solid\u00e3o silenciosa em pessoas afetuosas: n\u00e3o vem da falta de companhia, mas do fato de parecerem sempre bem, a ponto de ningu\u00e9m perguntar se est\u00e3o realmente bem - UAI Not\u00edcias<\/title>\n<meta name=\"description\" content=\"Pessoas vistas como fortes podem enfrentar solid\u00e3o silenciosa e falta de apoio emocional mesmo cercadas de conex\u00f5es.\" \/>\n<meta name=\"robots\" content=\"index, follow, max-snippet:-1, max-image-preview:large, max-video-preview:-1\" \/>\n<link rel=\"canonical\" href=\"https:\/\/www.uai.com.br\/uainoticias\/2026\/04\/28\/ha-uma-solidao-silenciosa-em-pessoas-afetuosas-nao-vem-da-falta-de-companhia-mas-do-fato-de-parecerem-sempre-bem-a-ponto-de-ninguem-perguntar-se-estao-realmente-bem\/\" \/>\n<meta property=\"og:locale\" content=\"pt_BR\" \/>\n<meta property=\"og:type\" content=\"article\" \/>\n<meta property=\"og:title\" content=\"H\u00e1 uma solid\u00e3o silenciosa em pessoas afetuosas: n\u00e3o vem da falta de companhia, mas do fato de parecerem sempre bem, a ponto de ningu\u00e9m perguntar se est\u00e3o realmente bem - UAI Not\u00edcias\" \/>\n<meta property=\"og:description\" content=\"Pessoas vistas como fortes podem enfrentar solid\u00e3o silenciosa e falta de apoio emocional mesmo cercadas de conex\u00f5es.\" \/>\n<meta property=\"og:url\" content=\"https:\/\/www.uai.com.br\/uainoticias\/2026\/04\/28\/ha-uma-solidao-silenciosa-em-pessoas-afetuosas-nao-vem-da-falta-de-companhia-mas-do-fato-de-parecerem-sempre-bem-a-ponto-de-ninguem-perguntar-se-estao-realmente-bem\/\" \/>\n<meta property=\"og:site_name\" content=\"UAI Not\u00edcias\" \/>\n<meta property=\"article:published_time\" content=\"2026-04-28T06:15:00+00:00\" \/>\n<meta property=\"og:image\" content=\"https:\/\/www.uai.com.br\/uainoticias\/wp-content\/uploads\/2026\/04\/solidao-_1777310976798.jpg\" \/>\n\t<meta property=\"og:image:width\" content=\"1280\" \/>\n\t<meta property=\"og:image:height\" content=\"720\" \/>\n\t<meta property=\"og:image:type\" content=\"image\/jpeg\" \/>\n<meta name=\"author\" content=\"Daniely Cardoso\" \/>\n<meta name=\"twitter:card\" content=\"summary_large_image\" \/>\n<meta name=\"twitter:label1\" content=\"Escrito por\" \/>\n\t<meta name=\"twitter:data1\" content=\"Daniely Cardoso\" \/>\n\t<meta name=\"twitter:label2\" content=\"Est. tempo de leitura\" \/>\n\t<meta name=\"twitter:data2\" content=\"5 minutos\" \/>\n<!-- \/ Yoast SEO plugin. -->","yoast_head_json":{"title":"H\u00e1 uma solid\u00e3o silenciosa em pessoas afetuosas: n\u00e3o vem da falta de companhia, mas do fato de parecerem sempre bem, a ponto de ningu\u00e9m perguntar se est\u00e3o realmente bem - UAI Not\u00edcias","description":"Pessoas vistas como fortes podem enfrentar solid\u00e3o silenciosa e falta de apoio emocional mesmo cercadas de conex\u00f5es.","robots":{"index":"index","follow":"follow","max-snippet":"max-snippet:-1","max-image-preview":"max-image-preview:large","max-video-preview":"max-video-preview:-1"},"canonical":"https:\/\/www.uai.com.br\/uainoticias\/2026\/04\/28\/ha-uma-solidao-silenciosa-em-pessoas-afetuosas-nao-vem-da-falta-de-companhia-mas-do-fato-de-parecerem-sempre-bem-a-ponto-de-ninguem-perguntar-se-estao-realmente-bem\/","og_locale":"pt_BR","og_type":"article","og_title":"H\u00e1 uma solid\u00e3o silenciosa em pessoas afetuosas: n\u00e3o vem da falta de companhia, mas do fato de parecerem sempre bem, a ponto de ningu\u00e9m perguntar se est\u00e3o realmente bem - UAI Not\u00edcias","og_description":"Pessoas vistas como fortes podem enfrentar solid\u00e3o silenciosa e falta de apoio emocional mesmo cercadas de conex\u00f5es.","og_url":"https:\/\/www.uai.com.br\/uainoticias\/2026\/04\/28\/ha-uma-solidao-silenciosa-em-pessoas-afetuosas-nao-vem-da-falta-de-companhia-mas-do-fato-de-parecerem-sempre-bem-a-ponto-de-ninguem-perguntar-se-estao-realmente-bem\/","og_site_name":"UAI Not\u00edcias","article_published_time":"2026-04-28T06:15:00+00:00","og_image":[{"width":1280,"height":720,"url":"https:\/\/www.uai.com.br\/uainoticias\/wp-content\/uploads\/2026\/04\/solidao-_1777310976798.jpg","type":"image\/jpeg"}],"author":"Daniely Cardoso","twitter_card":"summary_large_image","twitter_misc":{"Escrito por":"Daniely Cardoso","Est. tempo de leitura":"5 minutos"},"schema":{"@context":"https:\/\/schema.org","@graph":[{"@type":"WebPage","@id":"https:\/\/www.uai.com.br\/uainoticias\/2026\/04\/28\/ha-uma-solidao-silenciosa-em-pessoas-afetuosas-nao-vem-da-falta-de-companhia-mas-do-fato-de-parecerem-sempre-bem-a-ponto-de-ninguem-perguntar-se-estao-realmente-bem\/","url":"https:\/\/www.uai.com.br\/uainoticias\/2026\/04\/28\/ha-uma-solidao-silenciosa-em-pessoas-afetuosas-nao-vem-da-falta-de-companhia-mas-do-fato-de-parecerem-sempre-bem-a-ponto-de-ninguem-perguntar-se-estao-realmente-bem\/","name":"H\u00e1 uma solid\u00e3o silenciosa em pessoas afetuosas: n\u00e3o vem da falta de companhia, mas do fato de parecerem sempre bem, a ponto de ningu\u00e9m perguntar se est\u00e3o realmente bem - UAI Not\u00edcias","isPartOf":{"@id":"https:\/\/www.uai.com.br\/uainoticias\/#website"},"primaryImageOfPage":{"@id":"https:\/\/www.uai.com.br\/uainoticias\/2026\/04\/28\/ha-uma-solidao-silenciosa-em-pessoas-afetuosas-nao-vem-da-falta-de-companhia-mas-do-fato-de-parecerem-sempre-bem-a-ponto-de-ninguem-perguntar-se-estao-realmente-bem\/#primaryimage"},"image":{"@id":"https:\/\/www.uai.com.br\/uainoticias\/2026\/04\/28\/ha-uma-solidao-silenciosa-em-pessoas-afetuosas-nao-vem-da-falta-de-companhia-mas-do-fato-de-parecerem-sempre-bem-a-ponto-de-ninguem-perguntar-se-estao-realmente-bem\/#primaryimage"},"thumbnailUrl":"https:\/\/www.uai.com.br\/uainoticias\/wp-content\/uploads\/2026\/04\/solidao-_1777310976798.jpg","datePublished":"2026-04-28T06:15:00+00:00","author":{"@id":"https:\/\/www.uai.com.br\/uainoticias\/#\/schema\/person\/b40f59cad9eb0656c8ae35fee468cc57"},"description":"Pessoas vistas como fortes podem enfrentar solid\u00e3o silenciosa e falta de apoio emocional mesmo cercadas de conex\u00f5es.","breadcrumb":{"@id":"https:\/\/www.uai.com.br\/uainoticias\/2026\/04\/28\/ha-uma-solidao-silenciosa-em-pessoas-afetuosas-nao-vem-da-falta-de-companhia-mas-do-fato-de-parecerem-sempre-bem-a-ponto-de-ninguem-perguntar-se-estao-realmente-bem\/#breadcrumb"},"inLanguage":"pt-BR","potentialAction":[{"@type":"ReadAction","target":["https:\/\/www.uai.com.br\/uainoticias\/2026\/04\/28\/ha-uma-solidao-silenciosa-em-pessoas-afetuosas-nao-vem-da-falta-de-companhia-mas-do-fato-de-parecerem-sempre-bem-a-ponto-de-ninguem-perguntar-se-estao-realmente-bem\/"]}]},{"@type":"ImageObject","inLanguage":"pt-BR","@id":"https:\/\/www.uai.com.br\/uainoticias\/2026\/04\/28\/ha-uma-solidao-silenciosa-em-pessoas-afetuosas-nao-vem-da-falta-de-companhia-mas-do-fato-de-parecerem-sempre-bem-a-ponto-de-ninguem-perguntar-se-estao-realmente-bem\/#primaryimage","url":"https:\/\/www.uai.com.br\/uainoticias\/wp-content\/uploads\/2026\/04\/solidao-_1777310976798.jpg","contentUrl":"https:\/\/www.uai.com.br\/uainoticias\/wp-content\/uploads\/2026\/04\/solidao-_1777310976798.jpg","width":1280,"height":720,"caption":"A solid\u00e3o de pessoas queridas surge quando o indiv\u00edduo \u00e9 visto como o \"porto seguro\" por todos ao seu redor - Cr\u00e9ditos: depositphotos.com \/ VitalikRadko"},{"@type":"BreadcrumbList","@id":"https:\/\/www.uai.com.br\/uainoticias\/2026\/04\/28\/ha-uma-solidao-silenciosa-em-pessoas-afetuosas-nao-vem-da-falta-de-companhia-mas-do-fato-de-parecerem-sempre-bem-a-ponto-de-ninguem-perguntar-se-estao-realmente-bem\/#breadcrumb","itemListElement":[{"@type":"ListItem","position":1,"name":"In\u00edcio","item":"https:\/\/www.uai.com.br\/uainoticias\/"},{"@type":"ListItem","position":2,"name":"H\u00e1 uma solid\u00e3o silenciosa em pessoas afetuosas: n\u00e3o vem da falta de companhia, mas do fato de parecerem sempre bem, a ponto de ningu\u00e9m perguntar se est\u00e3o realmente bem"}]},{"@type":"WebSite","@id":"https:\/\/www.uai.com.br\/uainoticias\/#website","url":"https:\/\/www.uai.com.br\/uainoticias\/","name":"UAI Not\u00edcias","description":"Acompanhe as \u00faltimas not\u00edcias e fique bem informado sobre tudo o que acontece no Brasil e no mundo.","potentialAction":[{"@type":"SearchAction","target":{"@type":"EntryPoint","urlTemplate":"https:\/\/www.uai.com.br\/uainoticias\/?s={search_term_string}"},"query-input":{"@type":"PropertyValueSpecification","valueRequired":true,"valueName":"search_term_string"}}],"inLanguage":"pt-BR"},{"@type":"Person","@id":"https:\/\/www.uai.com.br\/uainoticias\/#\/schema\/person\/b40f59cad9eb0656c8ae35fee468cc57","name":"Daniely Cardoso","image":{"@type":"ImageObject","inLanguage":"pt-BR","@id":"https:\/\/www.uai.com.br\/uainoticias\/#\/schema\/person\/image\/","url":"https:\/\/secure.gravatar.com\/avatar\/b43c203f79e2ee2d699e04567f61958ba1731d1c994abcd298aa4fee5f54cb3a?s=96&d=mm&r=g","contentUrl":"https:\/\/secure.gravatar.com\/avatar\/b43c203f79e2ee2d699e04567f61958ba1731d1c994abcd298aa4fee5f54cb3a?s=96&d=mm&r=g","caption":"Daniely Cardoso"},"sameAs":["https:\/\/www.uai.com.br\/uainoticias\/"],"url":"https:\/\/www.uai.com.br\/uainoticias\/author\/daniely-morais\/"}]}},"_links":{"self":[{"href":"https:\/\/www.uai.com.br\/uainoticias\/wp-json\/wp\/v2\/posts\/127739","targetHints":{"allow":["GET"]}}],"collection":[{"href":"https:\/\/www.uai.com.br\/uainoticias\/wp-json\/wp\/v2\/posts"}],"about":[{"href":"https:\/\/www.uai.com.br\/uainoticias\/wp-json\/wp\/v2\/types\/post"}],"author":[{"embeddable":true,"href":"https:\/\/www.uai.com.br\/uainoticias\/wp-json\/wp\/v2\/users\/24"}],"replies":[{"embeddable":true,"href":"https:\/\/www.uai.com.br\/uainoticias\/wp-json\/wp\/v2\/comments?post=127739"}],"version-history":[{"count":1,"href":"https:\/\/www.uai.com.br\/uainoticias\/wp-json\/wp\/v2\/posts\/127739\/revisions"}],"predecessor-version":[{"id":127743,"href":"https:\/\/www.uai.com.br\/uainoticias\/wp-json\/wp\/v2\/posts\/127739\/revisions\/127743"}],"wp:featuredmedia":[{"embeddable":true,"href":"https:\/\/www.uai.com.br\/uainoticias\/wp-json\/wp\/v2\/media\/127740"}],"wp:attachment":[{"href":"https:\/\/www.uai.com.br\/uainoticias\/wp-json\/wp\/v2\/media?parent=127739"}],"wp:term":[{"taxonomy":"category","embeddable":true,"href":"https:\/\/www.uai.com.br\/uainoticias\/wp-json\/wp\/v2\/categories?post=127739"},{"taxonomy":"post_tag","embeddable":true,"href":"https:\/\/www.uai.com.br\/uainoticias\/wp-json\/wp\/v2\/tags?post=127739"}],"curies":[{"name":"wp","href":"https:\/\/api.w.org\/{rel}","templated":true}]}}