{"id":127717,"date":"2026-04-30T23:45:00","date_gmt":"2026-05-01T02:45:00","guid":{"rendered":"https:\/\/www.uai.com.br\/uainoticias\/?p=127717"},"modified":"2026-04-30T03:11:33","modified_gmt":"2026-04-30T06:11:33","slug":"a-cidade-mais-alta-e-fria-do-rs-abriga-o-pico-monte-negro-de-1-403-metros-e-oito-canions-na-borda-de-santa-catarina","status":"publish","type":"post","link":"https:\/\/www.uai.com.br\/uainoticias\/2026\/04\/30\/a-cidade-mais-alta-e-fria-do-rs-abriga-o-pico-monte-negro-de-1-403-metros-e-oito-canions-na-borda-de-santa-catarina\/","title":{"rendered":"A cidade mais alta e fria do RS abriga o Pico Monte Negro de 1.403 metros e oito c\u00e2nions na borda de Santa Catarina"},"content":{"rendered":"\n<p>No extremo nordeste do <strong>Rio Grande do Sul<\/strong>, na divisa com <strong>Santa Catarina<\/strong>, <strong>S\u00e3o Jos\u00e9 dos Ausentes<\/strong> \u00e9 considerada a cidade mais alta e fria do estado. Os cerca de 4.295 moradores vivem a 1.200 metros de altitude, entre c\u00e2nions, arauc\u00e1rias e o <strong>Pico Monte Negro<\/strong>, o ponto mais alto do RS com 1.403 metros, e veem neve quase todo inverno na regi\u00e3o dos <strong>Campos de Cima da Serra<\/strong>.<\/p>\n\n\n\n<h2 class=\"wp-block-heading\">De onde veio o nome curioso da cidade<\/h2>\n\n\n\n<p>O munic\u00edpio est\u00e1 em uma regi\u00e3o cortada desde 1729 pelo <strong>Caminho dos Conventos<\/strong>, rota aberta por Souza e Faria que ligava o sul do <strong>Brasil<\/strong> a <strong>Minas Gerais<\/strong> e por onde passavam tropeiros. A <strong>Fazenda dos Ausentes<\/strong> chegou a ser o maior latif\u00fandio do estado, com mais de mil quil\u00f4metros quadrados, segundo a <a href=\"https:\/\/www.turismo.rs.gov.br\/cidade\/354\/sao-jose-dos-ausentes\" target=\"_blank\" rel=\"noreferrer noopener\"><strong>Secretaria de Estado do Turismo do Rio Grande do Sul<\/strong><\/a>.<\/p>\n\n\n\n<p>O nome curioso vem do fato de que, no s\u00e9culo XVIII, duas vezes os propriet\u00e1rios faleceram sem deixar herdeiros, e os campos foram a leil\u00e3o em \u201cju\u00edzo de ausentes\u201d. A cidade ficou subordinada a <strong>Bom Jesus<\/strong> at\u00e9 a emancipa\u00e7\u00e3o, oficializada pela Lei Estadual 9.559 em 20 de mar\u00e7o de 1992, conforme registros da <a href=\"https:\/\/www.saojosedosausentes.rs.gov.br\/municipio\/historia\/\" target=\"_blank\" rel=\"noreferrer noopener\"><strong>Prefeitura Municipal de S\u00e3o Jos\u00e9 dos Ausentes<\/strong><\/a>.<\/p>\n\n\n<div class=\"wp-block-image\">\n<figure class=\"aligncenter size-large\"><img decoding=\"async\" width=\"1024\" height=\"576\" src=\"https:\/\/www.uai.com.br\/uainoticias\/wp-content\/uploads\/2026\/04\/ngz-Sao-Jose-dos-Ausentes-2-26328-1024x576.jpg\" alt=\"\" class=\"wp-image-128775\" srcset=\"https:\/\/www.uai.com.br\/uainoticias\/wp-content\/uploads\/2026\/04\/ngz-Sao-Jose-dos-Ausentes-2-26328-1024x576.jpg 1024w, https:\/\/www.uai.com.br\/uainoticias\/wp-content\/uploads\/2026\/04\/ngz-Sao-Jose-dos-Ausentes-2-26328-300x169.jpg 300w, https:\/\/www.uai.com.br\/uainoticias\/wp-content\/uploads\/2026\/04\/ngz-Sao-Jose-dos-Ausentes-2-26328-768x432.jpg 768w, https:\/\/www.uai.com.br\/uainoticias\/wp-content\/uploads\/2026\/04\/ngz-Sao-Jose-dos-Ausentes-2-26328-750x422.jpg 750w, https:\/\/www.uai.com.br\/uainoticias\/wp-content\/uploads\/2026\/04\/ngz-Sao-Jose-dos-Ausentes-2-26328-1140x641.jpg 1140w, https:\/\/www.uai.com.br\/uainoticias\/wp-content\/uploads\/2026\/04\/ngz-Sao-Jose-dos-Ausentes-2-26328.jpg 1280w\" sizes=\"(max-width: 1024px) 100vw, 1024px\" \/><figcaption class=\"wp-element-caption\">S\u00e3o Jos\u00e9 dos Ausentes, Rio Grande do Sul \/\/ Cr\u00e9ditos: Wikipedia \/ Wikimedia Commons<\/figcaption><\/figure><\/div>\n\n\n<h2 class=\"wp-block-heading\">O reconhecimento que veio do queijo serrano<\/h2>\n\n\n\n<p>Em outubro de 2024, o modo de fazer do <strong>Queijo Artesanal Serrano<\/strong> foi inscrito no Livro de Registro dos Saberes como patrim\u00f4nio imaterial do <strong>Rio Grande do Sul<\/strong>, em solenidade no <strong>Theatro S\u00e3o Pedro<\/strong>, em <strong>Porto Alegre<\/strong>. O reconhecimento veio depois de uma tradi\u00e7\u00e3o de mais de 200 anos ligada \u00e0 pecu\u00e1ria extensiva e aos tropeiros, segundo a <a href=\"https:\/\/cultura.rs.gov.br\/modo-de-fazer-queijo-artesanal-serrano-e-registrado-como-patrimonio-imaterial-do-rio-grande-do-sul\" target=\"_blank\" rel=\"noreferrer noopener\"><strong>Secretaria de Estado da Cultura<\/strong><\/a>.<\/p>\n\n\n\n<p>S\u00e3o Jos\u00e9 dos Ausentes est\u00e1 entre os 16 munic\u00edpios do RS produtores do serrano, mapeados pela <strong>Emater\/RS<\/strong>. O queijo \u00e9 o \u00fanico do <strong>Brasil<\/strong> a ter denomina\u00e7\u00e3o de origem e indica\u00e7\u00e3o geogr\u00e1fica, e o dossi\u00ea para reconhecimento como patrim\u00f4nio imaterial brasileiro est\u00e1 em an\u00e1lise no <a href=\"http:\/\/portal.iphan.gov.br\/pagina\/detalhes\/426\" target=\"_blank\" rel=\"noreferrer noopener\"><strong>Instituto do Patrim\u00f4nio Hist\u00f3rico e Art\u00edstico Nacional (IPHAN)<\/strong><\/a>. Em maio de 2025, o registro de neve no centro da cidade levou a ocupa\u00e7\u00e3o hoteleira a 90% no fim de semana seguinte, segundo a <a href=\"https:\/\/estado.rs.gov.br\/registro-de-neve-antecipa-clima-de-inverno-e-impulsiona-turismo-no-rio-grande-do-sul\" target=\"_blank\" rel=\"noreferrer noopener\">Secretaria do Turismo do RS<\/a>.<\/p>\n\n\n<div class=\"wp-block-image\">\n<figure class=\"aligncenter size-large\"><img decoding=\"async\" width=\"1024\" height=\"576\" src=\"https:\/\/www.uai.com.br\/uainoticias\/wp-content\/uploads\/2026\/04\/ngz-Sao-Jose-dos-Ausentes-4-59587-1024x576.jpg\" alt=\"\" class=\"wp-image-128777\" srcset=\"https:\/\/www.uai.com.br\/uainoticias\/wp-content\/uploads\/2026\/04\/ngz-Sao-Jose-dos-Ausentes-4-59587-1024x576.jpg 1024w, https:\/\/www.uai.com.br\/uainoticias\/wp-content\/uploads\/2026\/04\/ngz-Sao-Jose-dos-Ausentes-4-59587-300x169.jpg 300w, https:\/\/www.uai.com.br\/uainoticias\/wp-content\/uploads\/2026\/04\/ngz-Sao-Jose-dos-Ausentes-4-59587-768x432.jpg 768w, https:\/\/www.uai.com.br\/uainoticias\/wp-content\/uploads\/2026\/04\/ngz-Sao-Jose-dos-Ausentes-4-59587-750x422.jpg 750w, https:\/\/www.uai.com.br\/uainoticias\/wp-content\/uploads\/2026\/04\/ngz-Sao-Jose-dos-Ausentes-4-59587-1140x641.jpg 1140w, https:\/\/www.uai.com.br\/uainoticias\/wp-content\/uploads\/2026\/04\/ngz-Sao-Jose-dos-Ausentes-4-59587.jpg 1280w\" sizes=\"(max-width: 1024px) 100vw, 1024px\" \/><figcaption class=\"wp-element-caption\">S\u00e3o Jos\u00e9 dos Ausentes, Rio Grande do Sul \/\/ Cr\u00e9ditos: Wikipedia \/ Wikimedia Commons<\/figcaption><\/figure><\/div>\n\n\n<h2 class=\"wp-block-heading\">C\u00e2nions, cachoeiras e onde provar a culin\u00e1ria serrana<\/h2>\n\n\n\n<p>O munic\u00edpio concentra atrativos naturais que ficam em fazendas privadas e em estradas de ch\u00e3o. As atra\u00e7\u00f5es est\u00e3o a poucos quil\u00f4metros do centro, mas exigem tempo de deslocamento por estradas rurais.<\/p>\n\n\n\n<ul class=\"wp-block-list\">\n<li><strong>Pico e C\u00e2nion Monte Negro<\/strong>: ponto mais alto do RS, a 1.403 m, com pared\u00e3o de quase 1 km de borda e vista do litoral em dias claros. Fica a 42 km do centro, conforme a <a href=\"https:\/\/www.saojosedosausentes.rs.gov.br\/turismo\/pontos-turistico\/\" target=\"_blank\" rel=\"noreferrer noopener\">Prefeitura de S\u00e3o Jos\u00e9 dos Ausentes<\/a>.<\/li>\n\n\n\n<li><strong>C\u00e2nion Amola Faca<\/strong>: trilha leva \u00e0 cachoeira que des\u00e1gua no rio Ararangu\u00e1, com vista privilegiada da face nordeste dos Aparados da Serra.<\/li>\n\n\n\n<li><strong>C\u00e2nion Boa Vista<\/strong>: cen\u00e1rio da novela \u201cAl\u00e9m do Tempo\u201d, da TV Globo, em propriedade particular a cerca de 43 km do centro.<\/li>\n\n\n\n<li><strong>Cachoeir\u00e3o dos Rodrigues<\/strong>: queda de cerca de 28 metros em fazenda hist\u00f3rica, j\u00e1 cen\u00e1rio de novelas da TV Globo.<\/li>\n\n\n\n<li><strong>Desn\u00edvel de Rios<\/strong>: ponto raro onde os rios Silveira e Divisa correm a poucos metros, com diferen\u00e7a de 18 metros de altura entre seus leitos.<\/li>\n\n\n\n<li><strong>Mangueir\u00f5es de Pedra<\/strong>: estruturas de pedra empilhadas pelos tropeiros, tombadas como patrim\u00f4nio hist\u00f3rico estadual e entre as constru\u00e7\u00f5es mais antigas do RS.<\/li>\n<\/ul>\n\n\n\n<p>A culin\u00e1ria local \u00e9 o convite para terminar o dia na pousada com fog\u00e3o a lenha. A mesa serrana tem ingredientes que nascem ao redor.<\/p>\n\n\n\n<ul class=\"wp-block-list\">\n<li><strong>Queijo Artesanal Serrano<\/strong>: produzido com leite cru de gado de corte, \u00e9 patrim\u00f4nio imaterial do RS desde 2024 e moeda de troca dos tropeiros h\u00e1 dois s\u00e9culos.<\/li>\n\n\n\n<li><strong>Pinh\u00e3o<\/strong>: semente da arauc\u00e1ria, servida assada na chapa do fog\u00e3o a lenha, costuma acompanhar o chimarr\u00e3o amargo.<\/li>\n\n\n\n<li><strong>Truta<\/strong>: criada em tanques no Vale das Trutas, \u00e9 prato fixo nos caf\u00e9s coloniais e restaurantes de pousada.<\/li>\n\n\n\n<li><strong>Lingui\u00e7a com pinh\u00e3o<\/strong>: combina\u00e7\u00e3o t\u00edpica da serra, oferecida em pousadas como produto caseiro.<\/li>\n\n\n\n<li><strong>Caf\u00e9 colonial e licores artesanais<\/strong>: bolinhos, compotas e licores de frutas da serra fecham o dia em quase toda fazenda tur\u00edstica.<\/li>\n<\/ul>\n\n\n\n<p>Quem quer conhecer a cidade\u00a0<strong>mais alta e fria do Rio Grande do Sul<\/strong>, vai curtir esse v\u00eddeo do canal\u00a0<strong>Diogo Elzinga e Extra do Ordin\u00e1rio<\/strong>, onde o apresentador mostra\u00a0<strong>S\u00e3o Jos\u00e9 dos Ausentes<\/strong>\u00a0em document\u00e1rio:<\/p>\n\n\n\n<figure class=\"wp-block-embed is-type-video is-provider-youtube wp-block-embed-youtube wp-embed-aspect-16-9 wp-has-aspect-ratio\"><div class=\"wp-block-embed__wrapper\">\n<div class=\"jeg_video_container jeg_video_content\"><iframe loading=\"lazy\" title=\"A cidade MAIS ALTA E FRIA do RS | S\u00e3o Jos\u00e9 dos Ausentes [DOCUMENT\u00c1RIO]\" width=\"500\" height=\"281\" src=\"https:\/\/www.youtube.com\/embed\/esVGAuwEJwU?feature=oembed\" frameborder=\"0\" allow=\"accelerometer; autoplay; clipboard-write; encrypted-media; gyroscope; picture-in-picture; web-share\" referrerpolicy=\"strict-origin-when-cross-origin\" allowfullscreen><\/iframe><\/div>\n<\/div><\/figure>\n\n\n\n<h2 class=\"wp-block-heading\">Quando o frio favorece cada tipo de viagem<\/h2>\n\n\n\n<p>O clima \u00e9 oce\u00e2nico de altitude, classificado como Cfb, com temperatura m\u00e9dia anual de 13\u00b0C, segundo registros climatol\u00f3gicos. O inverno \u00e9 a temporada-estrela, quando a cidade aparece em manchetes nacionais por causa da neve.<\/p>\n\n\n\n<style>\n    .ant-grid { \n        \/* CORES DO PORTAL UAI *\/\n        --cor-primaria: #0278c0;\n        --cor-secundaria: #ffd31a;\n        --cor-txt-secundaria: #0278c0; \n\n        display: grid; grid-template-columns: repeat(auto-fit, minmax(190px, 1fr)); gap: 15px; justify-content: center; padding: 10px;\n    }\n    \n    .ant-card { \n        border: 5px solid var(--cor-primaria); border-top: 5px solid var(--cor-secundaria); \n        border-radius: 4px; \/* CANTOS RETOS *\/\n        background-color: var(--cor-primaria); background-clip: padding-box; \n        display: flex; flex-direction: column; overflow: hidden; cursor: pointer; \n        box-shadow: 0 6px 12px rgba(0,0,0, 0.2); \n        transition: transform 0.2s ease, box-shadow 0.2s ease; \n        -webkit-tap-highlight-color: transparent; user-select: none; transform: translateZ(0);\n        animation: wmFadeIn 0.6s cubic-bezier(0.2, 0.8, 0.2, 1) backwards;\n    }\n    .ant-card:nth-child(1) { animation-delay: 0.1s; } .ant-card:nth-child(2) { animation-delay: 0.2s; }\n    .ant-card:nth-child(3) { animation-delay: 0.3s; } .ant-card:nth-child(4) { animation-delay: 0.4s; }\n\n    @keyframes wmFadeIn { from { opacity: 0; transform: translateY(30px); } to { opacity: 1; transform: translateY(0); } }\n\n    .ant-card:hover { transform: translateY(-5px); box-shadow: 0 15px 30px rgba(0,0,0, 0.3); }\n    .ant-card:active { transform: translateY(-1px) scale(0.97); box-shadow: 0 3px 6px rgba(0,0,0, 0.2); transition: transform 0.05s ease, box-shadow 0.05s ease; }\n    \n    .ant-header { background: #f0f8f9; padding: 15px 10px; text-align: center; display: flex; flex-direction: column; align-items: center; justify-content: center; }\n    .ant-body { background: #ffffff; padding: 15px; display: flex; flex-direction: column; flex-grow: 1; align-items: center; }\n    \n    .ant-card-destaque { box-shadow: 0 8px 16px rgba(0,0,0, 0.25); }\n    .ant-card-destaque:hover { box-shadow: 0 18px 36px rgba(0,0,0, 0.35); }\n    .ant-card-destaque .ant-header { background: var(--cor-secundaria); }\n    .ant-card-destaque .ant-header .ant-titulo { color: var(--cor-txt-secundaria) !important; } \n    \n    .pill-ant { display: flex; white-space: normal; max-width: 100%; box-sizing: border-box; justify-content: center; align-items: center; text-align: center; background: #e0f4f6; color: var(--cor-primaria); font-size: 11px; font-weight: 900 !important; letter-spacing: 0.5px; padding: 8px 16px; border-radius: 4px; text-transform: uppercase; line-height: 1.4; box-shadow: 0 4px 8px rgba(0,0,0, 0.15); margin-top: auto; transition: transform 0.2s ease; }\n    .ant-card-destaque .pill-ant { background: var(--cor-primaria); color: var(--cor-txt-secundaria); } \n    .ant-card:hover .pill-ant { transform: scale(1.06); }\n    .pill-ant span { font-weight: 900 !important; color: inherit; } \n    \n    .ant-emoji { font-size: 24px; line-height: 1; margin-bottom: 5px; }\n    .ant-titulo { color: var(--cor-primaria); font-size: 16px; text-transform: uppercase; margin-top: 5px; font-weight: bold; }\n    .ant-mes { font-size: 11px; font-weight: 800; color: var(--cor-primaria); text-transform: uppercase; margin-bottom: 5px; }\n    .ant-temp { font-size: 26px; font-weight: 900; color: var(--cor-primaria); margin-bottom: 10px; }\n    .ant-desc { font-size: 13px; color: #444; text-align: center; line-height: 1.5; margin-bottom: 15px; flex-grow: 1;}\n    .ant-desc strong { color: #111; }\n\n    @media (prefers-color-scheme: dark) {\n        .ant-card { border-color: #1b7a8c; background-color: #1b7a8c; box-shadow: 0 6px 12px rgba(0,0,0, 0.5); }\n        .ant-header { background: #1a1a1a; } .ant-body { background: #121212; }\n        .ant-card-destaque .ant-header { background: var(--cor-secundaria); }\n        .ant-card-destaque .ant-header .ant-titulo { color: var(--cor-txt-secundaria) !important; }\n        .ant-titulo { color: #5ce1f5; } .ant-mes { color: #8eeaf7; } .ant-temp { color: #5ce1f5; } .ant-desc { color: #cccccc; } .ant-desc strong { color: #ffffff; }\n        .pill-ant { background: #1a1a1a; color: #5ce1f5; box-shadow: 0 4px 8px rgba(0, 0, 0, 0.5); }\n        .ant-card-destaque .pill-ant { background: var(--cor-primaria); color: var(--cor-txt-secundaria); }\n    }\n\n    @media print {\n        .ant-card { border: 2px solid #ccc !important; background: transparent !important; box-shadow: none !important; break-inside: avoid; page-break-inside: avoid; }\n        .ant-header, .ant-body { background: transparent !important; }\n        .ant-titulo, .ant-mes, .ant-temp, .ant-desc, .pill-ant { color: #000 !important; text-shadow: none !important; }\n        .pill-ant { border: 1px solid #000; box-shadow: none !important; }\n        .ant-card-destaque { border: 3px solid #000 !important; }\n    }\n<\/style>\n\n<div class=\"google-auto-ads-ignore ant-grid\" style=\"box-sizing: border-box; width: 100%; max-width: 980px; margin: 30px auto; font-family: 'Segoe UI', Roboto, Helvetica, Arial, sans-serif;\">\n    \n    <!-- CARD 1: VER\u00c3O -->\n    <div class=\"ant-card\">\n        <div class=\"ant-header\">\n            <div class=\"ant-emoji\">\ud83e\udd7e<\/div>\n            <div class=\"ant-titulo\">Ver\u00e3o<\/div>\n        <\/div>\n        <div class=\"ant-body\">\n            <div class=\"ant-mes\">Dezembro a Fevereiro<\/div>\n            <div class=\"ant-temp\">11\u00b0C a 25\u00b0C<\/div>\n            <div class=\"ant-desc\">As temperaturas sobem e as chuvas aumentam. \u00c9poca recomendada para aproveitar as <strong>Cachoeiras e trilhas<\/strong>.<\/div>\n            <div class=\"pill-ant\"><span>\u2614 CHUVA ALTA<\/span><\/div>\n        <\/div>\n    <\/div>\n\n    <!-- CARD 2: OUTONO -->\n    <div class=\"ant-card\">\n        <div class=\"ant-header\">\n            <div class=\"ant-emoji\">\ud83d\udc0e<\/div>\n            <div class=\"ant-titulo\">Outono<\/div>\n        <\/div>\n        <div class=\"ant-body\">\n            <div class=\"ant-mes\">Mar\u00e7o a Maio<\/div>\n            <div class=\"ant-temp\">7\u00b0C a 22\u00b0C<\/div>\n            <div class=\"ant-desc\">O clima oce\u00e2nico de altitude come\u00e7a a esfriar. Cen\u00e1rio prop\u00edcio para explorar os <strong>C\u00e2nions e cavalgadas<\/strong>.<\/div>\n            <div class=\"pill-ant\"><span>\ud83c\udf27\ufe0f CHUVA M\u00c9DIA<\/span><\/div>\n        <\/div>\n    <\/div>\n\n    <!-- CARD 3: INVERNO (DESTAQUE) -->\n    <div class=\"ant-card ant-card-destaque\">\n        <div class=\"ant-header\">\n            <div class=\"ant-emoji\">\u26c4<\/div>\n            <div class=\"ant-titulo\">Inverno<\/div>\n        <\/div>\n        <div class=\"ant-body\">\n            <div class=\"ant-mes\">Junho a Agosto<\/div>\n            <div class=\"ant-temp\">0\u00b0C a 15\u00b0C<\/div>\n            <div class=\"ant-desc\">A temporada-estrela da cidade! \u00c9poca de manchetes nacionais, ideal para curtir <strong>Geada, neve e fog\u00e3o a lenha<\/strong>.<\/div>\n            <!-- CORRE\u00c7\u00c3O INLINE APLICADA AQUI -->\n            <div class=\"pill-ant\" style=\"color: #ffffff;\"><span>\u2b50 MELHOR \u00c9POCA \/ NEVE<\/span><\/div>\n        <\/div>\n    <\/div>\n\n    <!-- CARD 4: PRIMAVERA -->\n    <div class=\"ant-card\">\n        <div class=\"ant-header\">\n            <div class=\"ant-emoji\">\ud83c\udf92<\/div>\n            <div class=\"ant-titulo\">Primavera<\/div>\n        <\/div>\n        <div class=\"ant-body\">\n            <div class=\"ant-mes\">Setembro a Novembro<\/div>\n            <div class=\"ant-temp\">5\u00b0C a 20\u00b0C<\/div>\n            <div class=\"ant-desc\">O gelo d\u00e1 lugar ao clima ameno, mas as noites seguem frias. Aproveite os dias para <strong>Trekking e turismo rural<\/strong>.<\/div>\n            <div class=\"pill-ant\"><span>\ud83c\udf27\ufe0f CHUVA M\u00c9DIA<\/span><\/div>\n        <\/div>\n    <\/div>\n\n<\/div>\n\n\n\n<p><em>Temperaturas aproximadas com base no <a href=\"https:\/\/www.climatempo.com.br\/previsao-do-tempo\/cidade\/3139\/saojosedosausentes-rs\" target=\"_blank\" rel=\"noreferrer noopener\"><strong>Climatempo<\/strong><\/a> de S\u00e3o Jos\u00e9 dos Ausentes. Condi\u00e7\u00f5es podem variar.<\/em><\/p>\n\n\n\n<h2 class=\"wp-block-heading\">Como chegar a S\u00e3o Jos\u00e9 dos Ausentes<\/h2>\n\n\n\n<p>De <strong>Porto Alegre<\/strong>, s\u00e3o cerca de 220 km at\u00e9 o munic\u00edpio, com aproximadamente quatro horas de viagem pela <strong>RS-020<\/strong>, passando por <strong>Taquara<\/strong>, <strong>S\u00e3o Francisco de Paula<\/strong> e <strong>Cambar\u00e1 do Sul<\/strong>. Quem vem de <strong>Florian\u00f3polis<\/strong> percorre cerca de 312 km pela <strong>BR-101<\/strong> e pela <strong>Serra da Rocinha<\/strong>.<\/p>\n\n\n\n<p>Os aeroportos comerciais mais pr\u00f3ximos s\u00e3o o <strong>Aeroporto Hugo Cantergiani<\/strong>, em <strong>Caxias do Sul<\/strong>, a 202 km, o <strong>Aeroporto Internacional Salgado Filho<\/strong>, em Porto Alegre, a cerca de 295 km, e o <strong>Aeroporto Herc\u00edlio Luz<\/strong>, em Florian\u00f3polis. Boa parte das estradas de acesso aos c\u00e2nions \u00e9 de ch\u00e3o batido, e ve\u00edculo com tra\u00e7\u00e3o ajuda no inverno.<\/p>\n\n\n\n<h2 class=\"wp-block-heading\">V\u00e1 conhecer S\u00e3o Jos\u00e9 dos Ausentes<\/h2>\n\n\n\n<p>Poucos lugares no Brasil entregam neve, c\u00e2nions vertiginosos, queijo com selo de patrim\u00f4nio e pousadas com fog\u00e3o a lenha em um \u00fanico endere\u00e7o. S\u00e3o Jos\u00e9 dos Ausentes faz tudo isso a 1.200 metros de altitude, em ritmo de fazenda e com a hospitalidade ga\u00facha como marca.<\/p>\n\n\n\n<p>Voc\u00ea precisa subir at\u00e9 S\u00e3o Jos\u00e9 dos Ausentes e ver o sol nascer na borda do Pico Monte Negro para entender por que essa cidade do alto da Serra Geral virou ref\u00fagio de quem busca o inverno mais aut\u00eantico do sul do pa\u00eds.<\/p>\n","protected":false},"excerpt":{"rendered":"<p>No extremo nordeste do Rio Grande do Sul, na divisa com Santa Catarina, S\u00e3o Jos\u00e9 dos Ausentes \u00e9 considerada a cidade mais alta e fria do estado. Os cerca de 4.295 moradores vivem a 1.200 metros de altitude, entre c\u00e2nions, arauc\u00e1rias e o Pico Monte Negro, o ponto mais alto do RS com 1.403 metros, [&hellip;]<\/p>\n","protected":false},"author":14,"featured_media":128774,"comment_status":"open","ping_status":"open","sticky":false,"template":"","format":"standard","meta":{"jnews-multi-image_gallery":[],"jnews_single_post":{"format":"standard"},"jnews_primary_category":[],"jnews_social_meta":[],"jnews_override_counter":[],"footnotes":""},"categories":[210],"tags":[234],"class_list":["post-127717","post","type-post","status-publish","format-standard","has-post-thumbnail","hentry","category-cidades","tag-cidades"],"yoast_head":"<!-- This site is optimized with the Yoast SEO plugin v26.5 - https:\/\/yoast.com\/wordpress\/plugins\/seo\/ -->\n<title>A cidade mais alta e fria do RS abriga o Pico Monte Negro de 1.403 metros e oito c\u00e2nions na borda de Santa Catarina - UAI Not\u00edcias<\/title>\n<meta name=\"description\" content=\"Com oito c\u00e2nions na borda de SC, a cidade mais fria do RS abriga o Pico Monte Negro. Descubra o ref\u00fagio perfeito para quem ama as alturas.\" \/>\n<meta name=\"robots\" content=\"index, follow, max-snippet:-1, max-image-preview:large, max-video-preview:-1\" \/>\n<link rel=\"canonical\" href=\"https:\/\/www.uai.com.br\/uainoticias\/2026\/04\/30\/a-cidade-mais-alta-e-fria-do-rs-abriga-o-pico-monte-negro-de-1-403-metros-e-oito-canions-na-borda-de-santa-catarina\/\" \/>\n<meta property=\"og:locale\" content=\"pt_BR\" \/>\n<meta property=\"og:type\" content=\"article\" \/>\n<meta property=\"og:title\" content=\"A cidade mais alta e fria do RS abriga o Pico Monte Negro de 1.403 metros e oito c\u00e2nions na borda de Santa Catarina - UAI Not\u00edcias\" \/>\n<meta property=\"og:description\" content=\"Com oito c\u00e2nions na borda de SC, a cidade mais fria do RS abriga o Pico Monte Negro. Descubra o ref\u00fagio perfeito para quem ama as alturas.\" \/>\n<meta property=\"og:url\" content=\"https:\/\/www.uai.com.br\/uainoticias\/2026\/04\/30\/a-cidade-mais-alta-e-fria-do-rs-abriga-o-pico-monte-negro-de-1-403-metros-e-oito-canions-na-borda-de-santa-catarina\/\" \/>\n<meta property=\"og:site_name\" content=\"UAI Not\u00edcias\" \/>\n<meta property=\"article:published_time\" content=\"2026-05-01T02:45:00+00:00\" \/>\n<meta property=\"og:image\" content=\"https:\/\/www.uai.com.br\/uainoticias\/wp-content\/uploads\/2026\/04\/ngz-Sao-Jose-dos-Ausentes-1-44110.jpg\" \/>\n\t<meta property=\"og:image:width\" content=\"1280\" \/>\n\t<meta property=\"og:image:height\" content=\"720\" \/>\n\t<meta property=\"og:image:type\" content=\"image\/jpeg\" \/>\n<meta name=\"author\" content=\"Vitor Bruno\" \/>\n<meta name=\"twitter:card\" content=\"summary_large_image\" \/>\n<meta name=\"twitter:label1\" content=\"Escrito por\" \/>\n\t<meta name=\"twitter:data1\" content=\"Vitor Bruno\" \/>\n\t<meta name=\"twitter:label2\" content=\"Est. tempo de leitura\" \/>\n\t<meta name=\"twitter:data2\" content=\"7 minutos\" \/>\n<!-- \/ Yoast SEO plugin. -->","yoast_head_json":{"title":"A cidade mais alta e fria do RS abriga o Pico Monte Negro de 1.403 metros e oito c\u00e2nions na borda de Santa Catarina - UAI Not\u00edcias","description":"Com oito c\u00e2nions na borda de SC, a cidade mais fria do RS abriga o Pico Monte Negro. Descubra o ref\u00fagio perfeito para quem ama as alturas.","robots":{"index":"index","follow":"follow","max-snippet":"max-snippet:-1","max-image-preview":"max-image-preview:large","max-video-preview":"max-video-preview:-1"},"canonical":"https:\/\/www.uai.com.br\/uainoticias\/2026\/04\/30\/a-cidade-mais-alta-e-fria-do-rs-abriga-o-pico-monte-negro-de-1-403-metros-e-oito-canions-na-borda-de-santa-catarina\/","og_locale":"pt_BR","og_type":"article","og_title":"A cidade mais alta e fria do RS abriga o Pico Monte Negro de 1.403 metros e oito c\u00e2nions na borda de Santa Catarina - UAI Not\u00edcias","og_description":"Com oito c\u00e2nions na borda de SC, a cidade mais fria do RS abriga o Pico Monte Negro. Descubra o ref\u00fagio perfeito para quem ama as alturas.","og_url":"https:\/\/www.uai.com.br\/uainoticias\/2026\/04\/30\/a-cidade-mais-alta-e-fria-do-rs-abriga-o-pico-monte-negro-de-1-403-metros-e-oito-canions-na-borda-de-santa-catarina\/","og_site_name":"UAI Not\u00edcias","article_published_time":"2026-05-01T02:45:00+00:00","og_image":[{"width":1280,"height":720,"url":"https:\/\/www.uai.com.br\/uainoticias\/wp-content\/uploads\/2026\/04\/ngz-Sao-Jose-dos-Ausentes-1-44110.jpg","type":"image\/jpeg"}],"author":"Vitor Bruno","twitter_card":"summary_large_image","twitter_misc":{"Escrito por":"Vitor Bruno","Est. tempo de leitura":"7 minutos"},"schema":{"@context":"https:\/\/schema.org","@graph":[{"@type":"WebPage","@id":"https:\/\/www.uai.com.br\/uainoticias\/2026\/04\/30\/a-cidade-mais-alta-e-fria-do-rs-abriga-o-pico-monte-negro-de-1-403-metros-e-oito-canions-na-borda-de-santa-catarina\/","url":"https:\/\/www.uai.com.br\/uainoticias\/2026\/04\/30\/a-cidade-mais-alta-e-fria-do-rs-abriga-o-pico-monte-negro-de-1-403-metros-e-oito-canions-na-borda-de-santa-catarina\/","name":"A cidade mais alta e fria do RS abriga o Pico Monte Negro de 1.403 metros e oito c\u00e2nions na borda de Santa Catarina - UAI Not\u00edcias","isPartOf":{"@id":"https:\/\/www.uai.com.br\/uainoticias\/#website"},"primaryImageOfPage":{"@id":"https:\/\/www.uai.com.br\/uainoticias\/2026\/04\/30\/a-cidade-mais-alta-e-fria-do-rs-abriga-o-pico-monte-negro-de-1-403-metros-e-oito-canions-na-borda-de-santa-catarina\/#primaryimage"},"image":{"@id":"https:\/\/www.uai.com.br\/uainoticias\/2026\/04\/30\/a-cidade-mais-alta-e-fria-do-rs-abriga-o-pico-monte-negro-de-1-403-metros-e-oito-canions-na-borda-de-santa-catarina\/#primaryimage"},"thumbnailUrl":"https:\/\/www.uai.com.br\/uainoticias\/wp-content\/uploads\/2026\/04\/ngz-Sao-Jose-dos-Ausentes-1-44110.jpg","datePublished":"2026-05-01T02:45:00+00:00","author":{"@id":"https:\/\/www.uai.com.br\/uainoticias\/#\/schema\/person\/03130d752d0ce4e3bb0f607f1bc85084"},"description":"Com oito c\u00e2nions na borda de SC, a cidade mais fria do RS abriga o Pico Monte Negro. Descubra o ref\u00fagio perfeito para quem ama as alturas.","breadcrumb":{"@id":"https:\/\/www.uai.com.br\/uainoticias\/2026\/04\/30\/a-cidade-mais-alta-e-fria-do-rs-abriga-o-pico-monte-negro-de-1-403-metros-e-oito-canions-na-borda-de-santa-catarina\/#breadcrumb"},"inLanguage":"pt-BR","potentialAction":[{"@type":"ReadAction","target":["https:\/\/www.uai.com.br\/uainoticias\/2026\/04\/30\/a-cidade-mais-alta-e-fria-do-rs-abriga-o-pico-monte-negro-de-1-403-metros-e-oito-canions-na-borda-de-santa-catarina\/"]}]},{"@type":"ImageObject","inLanguage":"pt-BR","@id":"https:\/\/www.uai.com.br\/uainoticias\/2026\/04\/30\/a-cidade-mais-alta-e-fria-do-rs-abriga-o-pico-monte-negro-de-1-403-metros-e-oito-canions-na-borda-de-santa-catarina\/#primaryimage","url":"https:\/\/www.uai.com.br\/uainoticias\/wp-content\/uploads\/2026\/04\/ngz-Sao-Jose-dos-Ausentes-1-44110.jpg","contentUrl":"https:\/\/www.uai.com.br\/uainoticias\/wp-content\/uploads\/2026\/04\/ngz-Sao-Jose-dos-Ausentes-1-44110.jpg","width":1280,"height":720,"caption":"S\u00e3o Jos\u00e9 dos Ausentes, Rio Grande do Sul \/\/ Cr\u00e9ditos: Wikipedia \/ Wikimedia Commons"},{"@type":"BreadcrumbList","@id":"https:\/\/www.uai.com.br\/uainoticias\/2026\/04\/30\/a-cidade-mais-alta-e-fria-do-rs-abriga-o-pico-monte-negro-de-1-403-metros-e-oito-canions-na-borda-de-santa-catarina\/#breadcrumb","itemListElement":[{"@type":"ListItem","position":1,"name":"In\u00edcio","item":"https:\/\/www.uai.com.br\/uainoticias\/"},{"@type":"ListItem","position":2,"name":"A cidade mais alta e fria do RS abriga o Pico Monte Negro de 1.403 metros e oito c\u00e2nions na borda de Santa Catarina"}]},{"@type":"WebSite","@id":"https:\/\/www.uai.com.br\/uainoticias\/#website","url":"https:\/\/www.uai.com.br\/uainoticias\/","name":"UAI Not\u00edcias","description":"Acompanhe as \u00faltimas not\u00edcias e fique bem informado sobre tudo o que acontece no Brasil e no mundo.","potentialAction":[{"@type":"SearchAction","target":{"@type":"EntryPoint","urlTemplate":"https:\/\/www.uai.com.br\/uainoticias\/?s={search_term_string}"},"query-input":{"@type":"PropertyValueSpecification","valueRequired":true,"valueName":"search_term_string"}}],"inLanguage":"pt-BR"},{"@type":"Person","@id":"https:\/\/www.uai.com.br\/uainoticias\/#\/schema\/person\/03130d752d0ce4e3bb0f607f1bc85084","name":"Vitor Bruno","image":{"@type":"ImageObject","inLanguage":"pt-BR","@id":"https:\/\/www.uai.com.br\/uainoticias\/#\/schema\/person\/image\/","url":"https:\/\/secure.gravatar.com\/avatar\/ab0513148053bbb80c117cdd35f8a0f2742d41eebbac321acf8df2e633d81609?s=96&d=mm&r=g","contentUrl":"https:\/\/secure.gravatar.com\/avatar\/ab0513148053bbb80c117cdd35f8a0f2742d41eebbac321acf8df2e633d81609?s=96&d=mm&r=g","caption":"Vitor Bruno"},"sameAs":["https:\/\/www.uai.com.br\/uainoticias\/"],"url":"https:\/\/www.uai.com.br\/uainoticias\/author\/vitor\/"}]}},"_links":{"self":[{"href":"https:\/\/www.uai.com.br\/uainoticias\/wp-json\/wp\/v2\/posts\/127717","targetHints":{"allow":["GET"]}}],"collection":[{"href":"https:\/\/www.uai.com.br\/uainoticias\/wp-json\/wp\/v2\/posts"}],"about":[{"href":"https:\/\/www.uai.com.br\/uainoticias\/wp-json\/wp\/v2\/types\/post"}],"author":[{"embeddable":true,"href":"https:\/\/www.uai.com.br\/uainoticias\/wp-json\/wp\/v2\/users\/14"}],"replies":[{"embeddable":true,"href":"https:\/\/www.uai.com.br\/uainoticias\/wp-json\/wp\/v2\/comments?post=127717"}],"version-history":[{"count":4,"href":"https:\/\/www.uai.com.br\/uainoticias\/wp-json\/wp\/v2\/posts\/127717\/revisions"}],"predecessor-version":[{"id":128781,"href":"https:\/\/www.uai.com.br\/uainoticias\/wp-json\/wp\/v2\/posts\/127717\/revisions\/128781"}],"wp:featuredmedia":[{"embeddable":true,"href":"https:\/\/www.uai.com.br\/uainoticias\/wp-json\/wp\/v2\/media\/128774"}],"wp:attachment":[{"href":"https:\/\/www.uai.com.br\/uainoticias\/wp-json\/wp\/v2\/media?parent=127717"}],"wp:term":[{"taxonomy":"category","embeddable":true,"href":"https:\/\/www.uai.com.br\/uainoticias\/wp-json\/wp\/v2\/categories?post=127717"},{"taxonomy":"post_tag","embeddable":true,"href":"https:\/\/www.uai.com.br\/uainoticias\/wp-json\/wp\/v2\/tags?post=127717"}],"curies":[{"name":"wp","href":"https:\/\/api.w.org\/{rel}","templated":true}]}}