{"id":127716,"date":"2026-04-30T23:15:00","date_gmt":"2026-05-01T02:15:00","guid":{"rendered":"https:\/\/www.uai.com.br\/uainoticias\/?p=127716"},"modified":"2026-04-30T03:05:25","modified_gmt":"2026-04-30T06:05:25","slug":"shawn-mendes-bruna-marquezine-camila-pitanga-e-tais-araujo-escolhem-esse-paraiso-alagoano-de-23-km-com-a-1a-praia-premiada-internacionalmente-do-estado","status":"publish","type":"post","link":"https:\/\/www.uai.com.br\/uainoticias\/2026\/04\/30\/shawn-mendes-bruna-marquezine-camila-pitanga-e-tais-araujo-escolhem-esse-paraiso-alagoano-de-23-km-com-a-1a-praia-premiada-internacionalmente-do-estado\/","title":{"rendered":"Shawn Mendes, Bruna Marquezine, Camila Pitanga e Ta\u00eds Ara\u00fajo escolhem esse para\u00edso alagoano de 23 km com a 1\u00aa praia premiada internacionalmente do estado"},"content":{"rendered":"\n<p>No litoral norte de <strong>Alagoas<\/strong>, a 100 km de <strong>Macei\u00f3<\/strong>, tr\u00eas munic\u00edpios formam o trecho mais cobi\u00e7ado do Caribe brasileiro. <strong>S\u00e3o Miguel dos Milagres<\/strong>, junto com Passo de <strong>Camaragibe <\/strong>e <strong>Porto de Pedras<\/strong>, integra a <strong>Rota Ecol\u00f3gica dos Milagres<\/strong>, com 23 km de praias preservadas, piscinas naturais e mans\u00f5es \u00e0 beira-mar.<\/p>\n\n\n\n<h2 class=\"wp-block-heading\">Quais famosos passaram o r\u00e9veillon em S\u00e3o Miguel dos Milagres?<\/h2>\n\n\n\n<p>O r\u00e9veillon de 2026 transformou o vilarejo alagoano em pauta nacional. <strong>Shawn Mendes<\/strong> e <strong>Bruna Marquezine<\/strong> desembarcaram juntos no Aeroporto Zumbi dos Palmares e seguiram para uma das mans\u00f5es \u00e0 beira-mar do destino, com tapumes instalados em frente ao im\u00f3vel para garantir privacidade, segundo a <strong>Secretaria de Turismo de Alagoas<\/strong>.<\/p>\n\n\n\n<p>Na Praia do Patacho, complexos de mans\u00f5es receberam os atores <strong>Camila Pitanga<\/strong>, <strong>Ta\u00eds Ara\u00fajo<\/strong> e <strong>L\u00e1zaro Ramos<\/strong>, junto com familiares e amigos. A presen\u00e7a das celebridades movimentou hot\u00e9is boutique, passeios de jangada e restaurantes da regi\u00e3o no fim de 2025 e in\u00edcio de 2026.<\/p>\n\n\n<div class=\"wp-block-image\">\n<figure class=\"aligncenter size-large\"><img decoding=\"async\" width=\"1024\" height=\"576\" src=\"https:\/\/www.uai.com.br\/uainoticias\/wp-content\/uploads\/2026\/04\/Sao-Miguel-dos-Milagres_1775031925418-1024x576.jpg\" alt=\"Essa vila de 8 mil habitantes com ruas de terra e piscinas naturais protegidas pela maior \u00e1rea marinha do Brasil\" class=\"wp-image-120413\" srcset=\"https:\/\/www.uai.com.br\/uainoticias\/wp-content\/uploads\/2026\/04\/Sao-Miguel-dos-Milagres_1775031925418-1024x576.jpg 1024w, https:\/\/www.uai.com.br\/uainoticias\/wp-content\/uploads\/2026\/04\/Sao-Miguel-dos-Milagres_1775031925418-300x169.jpg 300w, https:\/\/www.uai.com.br\/uainoticias\/wp-content\/uploads\/2026\/04\/Sao-Miguel-dos-Milagres_1775031925418-768x432.jpg 768w, https:\/\/www.uai.com.br\/uainoticias\/wp-content\/uploads\/2026\/04\/Sao-Miguel-dos-Milagres_1775031925418-750x422.jpg 750w, https:\/\/www.uai.com.br\/uainoticias\/wp-content\/uploads\/2026\/04\/Sao-Miguel-dos-Milagres_1775031925418-1140x641.jpg 1140w, https:\/\/www.uai.com.br\/uainoticias\/wp-content\/uploads\/2026\/04\/Sao-Miguel-dos-Milagres_1775031925418.jpg 1280w\" sizes=\"(max-width: 1024px) 100vw, 1024px\" \/><figcaption class=\"wp-element-caption\">S\u00e3o Miguel dos Milagres, Alagoas \/\/ Cr\u00e9ditos: depositphotos.com \/ Cristian_Lourenco<\/figcaption><\/figure><\/div>\n\n\n<h2 class=\"wp-block-heading\">O que \u00e9 a Rota Ecol\u00f3gica dos Milagres?<\/h2>\n\n\n\n<p>\u00c9 um trecho de 23 km do litoral norte alagoano que conecta os munic\u00edpios de <strong>Passo de Camaragibe<\/strong>, <strong>S\u00e3o Miguel dos Milagres<\/strong> e <strong>Porto de Pedras<\/strong>, segundo o <a href=\"https:\/\/www.gov.br\/turismo\/pt-br\/assuntos\/noticias\/rota-dos-milagres-e-opcao-para-quem-busca-descanso-e-praias-paradisiacas-em-alagoas\" target=\"_blank\" rel=\"noreferrer noopener\"><strong>Minist\u00e9rio do Turismo<\/strong><\/a>. Faz parte da <strong>Costa dos Corais<\/strong>, a segunda maior barreira de corais do mundo, com \u00e1guas mornas, calmas e cristalinas.<\/p>\n\n\n\n<p>A regi\u00e3o \u00e9 protegida por uma APA federal, o que limitou a especula\u00e7\u00e3o imobili\u00e1ria por d\u00e9cadas e preservou o cen\u00e1rio de coqueirais, vilas de pescadores e praias praticamente desertas. A <strong>Praia do Patacho<\/strong>, em Porto de Pedras, foi a primeira de <strong>Alagoas<\/strong> a receber o selo internacional <strong>Bandeira Azul<\/strong>, certifica\u00e7\u00e3o concedida apenas a praias com crit\u00e9rios rigorosos de gest\u00e3o ambiental.<\/p>\n\n\n<div class=\"wp-block-image\">\n<figure class=\"aligncenter size-large\"><img decoding=\"async\" width=\"1024\" height=\"576\" src=\"https:\/\/www.uai.com.br\/uainoticias\/wp-content\/uploads\/2026\/04\/Sao-Miguel-dos-Milagres_1775031962640-1024x576.jpg\" alt=\"Essa vila de 8 mil habitantes com ruas de terra e piscinas naturais protegidas pela maior \u00e1rea marinha do Brasil\" class=\"wp-image-120415\" srcset=\"https:\/\/www.uai.com.br\/uainoticias\/wp-content\/uploads\/2026\/04\/Sao-Miguel-dos-Milagres_1775031962640-1024x576.jpg 1024w, https:\/\/www.uai.com.br\/uainoticias\/wp-content\/uploads\/2026\/04\/Sao-Miguel-dos-Milagres_1775031962640-300x169.jpg 300w, https:\/\/www.uai.com.br\/uainoticias\/wp-content\/uploads\/2026\/04\/Sao-Miguel-dos-Milagres_1775031962640-768x432.jpg 768w, https:\/\/www.uai.com.br\/uainoticias\/wp-content\/uploads\/2026\/04\/Sao-Miguel-dos-Milagres_1775031962640-750x422.jpg 750w, https:\/\/www.uai.com.br\/uainoticias\/wp-content\/uploads\/2026\/04\/Sao-Miguel-dos-Milagres_1775031962640-1140x641.jpg 1140w, https:\/\/www.uai.com.br\/uainoticias\/wp-content\/uploads\/2026\/04\/Sao-Miguel-dos-Milagres_1775031962640.jpg 1280w\" sizes=\"(max-width: 1024px) 100vw, 1024px\" \/><figcaption class=\"wp-element-caption\">S\u00e3o Miguel dos Milagres, Alagoas \/\/ Cr\u00e9ditos: depositphotos.com \/ Cristian_Lourenco<\/figcaption><\/figure><\/div>\n\n\n<p><strong>Leia tamb\u00e9m: <a href=\"https:\/\/www.uai.com.br\/uainoticias\/2026\/04\/25\/essa-cidade-nordestina-esta-em-alta-447-mais-estrangeiros-escolheram-esse-paraiso-de-mar-morno-e-brisa-perfeita\/\" target=\"_blank\" rel=\"noreferrer noopener\">Essa cidade nordestina est\u00e1 em alta: 44,7% mais estrangeiros escolheram esse para\u00edso de mar morno e brisa perfeita<\/a><\/strong><\/p>\n\n\n\n<h2 class=\"wp-block-heading\">O que fazer em S\u00e3o Miguel dos Milagres?<\/h2>\n\n\n\n<p>O destino re\u00fane praias desertas, piscinas naturais e um santu\u00e1rio de peixes-boi raros no <strong>Brasil<\/strong>. Os imperd\u00edveis come\u00e7am pelo litoral e seguem pelo interior:<\/p>\n\n\n\n<ul class=\"wp-block-list\">\n<li><strong>Praia do Patacho<\/strong>: a 1\u00aa de <strong>Alagoas<\/strong> com selo Bandeira Azul, com coqueirais e mar cristalino, frequentada por celebridades.<\/li>\n\n\n\n<li><strong>Praia do Toque<\/strong>: piscinas naturais entre arrecifes e pousadas de charme escondidas no coqueiral.<\/li>\n\n\n\n<li><strong>Praia do Marceneiro<\/strong>: areia clara e barracas charmosas, ideal para passar o dia.<\/li>\n\n\n\n<li><strong>Praia do Riacho<\/strong>: trechos quase desertos para caminhada \u00e0 beira-mar com \u00e1guas transparentes.<\/li>\n\n\n\n<li><strong>Santu\u00e1rio do Peixe-Boi de Tatuamunha<\/strong>: passeio de jangada pelo Rio Tatuamunha em projeto de prote\u00e7\u00e3o da esp\u00e9cie amea\u00e7ada, com agendamento pr\u00e9vio.<\/li>\n\n\n\n<li><strong>Vilinha Marceneiro<\/strong>: shopping a c\u00e9u aberto com lojas, restaurantes e a flagship da estilista alagoana <strong>Martha Medeiros<\/strong>.<\/li>\n<\/ul>\n\n\n\n<p>A gastronomia da rota se firmou como um dos polos de alta cozinha do Nordeste, com chefs que valorizam ingredientes locais e o cen\u00e1rio p\u00e9 na areia, segundo o site <a href=\"https:\/\/www.rotaecologicadosmilagres.com.br\/\" target=\"_blank\" rel=\"noreferrer noopener\"><strong>Rota Ecol\u00f3gica dos Milagres<\/strong><\/a>:<\/p>\n\n\n\n<ul class=\"wp-block-list\">\n<li><strong>Paru Bistrot<\/strong>: card\u00e1pio inspirado na <strong>Costa dos Milagres<\/strong>, com canaviais, mata tropical e rios como refer\u00eancia.<\/li>\n\n\n\n<li><strong>Banami<\/strong>: aconchego e eleg\u00e2ncia p\u00e9 na areia, com destaque para o espetinho de polvo.<\/li>\n\n\n\n<li><strong>Patr\u00edcia Bistr\u00f4<\/strong>: cozinha brasileira autoral com horta org\u00e2nica no jardim e produtos locais frescos.<\/li>\n\n\n\n<li><strong>Passeio de jangada<\/strong>: parada obrigat\u00f3ria nas piscinas naturais protegidas pelos recifes, com sa\u00edda das praias do Patacho, Laje e Toque.<\/li>\n<\/ul>\n\n\n\n<p>Quem deseja explorar o para\u00edso de <strong>Alagoas<\/strong>, vai curtir esse v\u00eddeo do canal <strong>Rol\u00ea Fam\u00edlia<\/strong>, que conta com mais de <strong>112 mil<\/strong> visualiza\u00e7\u00f5es, onde <strong>Bruno e Paula<\/strong> mostram o melhor de <strong>S\u00e3o Miguel dos Milagres<\/strong>:<\/p>\n\n\n\n<figure class=\"wp-block-embed is-type-video is-provider-youtube wp-block-embed-youtube wp-embed-aspect-16-9 wp-has-aspect-ratio\"><div class=\"wp-block-embed__wrapper\">\n<div class=\"jeg_video_container jeg_video_content\"><iframe loading=\"lazy\" title=\"AS PRAIAS MAIS LINDAS DO ALAGOAS? | Roteiro de 4 dias em S\u00e3o Miguel dos Milagres e regi\u00e3o\" width=\"500\" height=\"281\" src=\"https:\/\/www.youtube.com\/embed\/S7RXgDJa-eI?feature=oembed\" frameborder=\"0\" allow=\"accelerometer; autoplay; clipboard-write; encrypted-media; gyroscope; picture-in-picture; web-share\" referrerpolicy=\"strict-origin-when-cross-origin\" allowfullscreen><\/iframe><\/div>\n<\/div><\/figure>\n\n\n\n<h2 class=\"wp-block-heading\">Como \u00e9 o clima em S\u00e3o Miguel dos Milagres?<\/h2>\n\n\n\n<p>O clima \u00e9 tropical \u00famido, com sol o ano inteiro e temperaturas entre 23 e 31 graus na maior parte do ano. As esta\u00e7\u00f5es se notam pela quantidade de chuva, mais que pela temperatura:<\/p>\n\n\n\n<style>\n    .clima-grid-uai127 { \n        --cor-primaria: #0278c0; --cor-secundaria: #ffd31a; --cor-txt-secundaria: #0278c0;\n        display: grid; grid-template-columns: repeat(auto-fit, minmax(190px, 1fr)); gap: 15px; justify-content: center; padding: 10px;\n    }\n    .clima-card-uai127 { border: 5px solid var(--cor-primaria); border-top: 5px solid var(--cor-secundaria); border-radius: 12px; background-color: var(--cor-primaria); background-clip: padding-box; display: flex; flex-direction: column; overflow: hidden; cursor: pointer; box-shadow: 0 6px 12px rgba(0,0,0, 0.2); transition: transform 0.2s ease, box-shadow 0.2s ease; -webkit-tap-highlight-color: transparent; user-select: none; transform: translateZ(0); animation: wmFadeIn 0.6s cubic-bezier(0.2, 0.8, 0.2, 1) backwards; }\n    .clima-card-uai127:focus-visible { outline: 3px dashed var(--cor-secundaria); outline-offset: 4px; }\n    .clima-card-uai127:nth-child(1) { animation-delay: 0.1s; } .clima-card-uai127:nth-child(2) { animation-delay: 0.2s; } .clima-card-uai127:nth-child(3) { animation-delay: 0.3s; } .clima-card-uai127:nth-child(4) { animation-delay: 0.4s; }\n    @keyframes wmFadeIn { from { opacity: 0; transform: translateY(30px); } to { opacity: 1; transform: translateY(0); } }\n    .clima-card-uai127:hover { transform: translateY(-5px); box-shadow: 0 15px 30px rgba(0,0,0, 0.3); }\n    .clima-card-uai127:active { transform: translateY(-1px) scale(0.97); box-shadow: 0 3px 6px rgba(0,0,0, 0.2); transition: transform 0.05s ease, box-shadow 0.05s ease; }\n    .clima-header-uai127 { background: #fdfbf5; padding: 15px 10px; text-align: center; display: flex; flex-direction: column; align-items: center; justify-content: center; }\n    .clima-body-uai127 { background: #ffffff; padding: 15px; display: flex; flex-direction: column; flex-grow: 1; align-items: center; }\n    .clima-destaque-uai127 { box-shadow: 0 8px 16px rgba(0,0,0, 0.25); }\n    .clima-destaque-uai127:hover { box-shadow: 0 18px 36px rgba(0,0,0, 0.35); }\n    .clima-destaque-uai127 .clima-header-uai127 { background: var(--cor-secundaria); }\n    .clima-destaque-uai127 .clima-header-uai127 .clima-titulo-uai127 { color: var(--cor-txt-secundaria) !important; } \n    .clima-pill-uai127 { display: flex; white-space: normal; max-width: 100%; box-sizing: border-box; justify-content: center; align-items: center; text-align: center; background: #e6f2fa; color: var(--cor-primaria); font-size: 11px; font-weight: 900 !important; letter-spacing: 0.5px; padding: 8px 16px; border-radius: 16px; text-transform: uppercase; line-height: 1.4; box-shadow: 0 4px 8px rgba(0,0,0, 0.15); margin-top: auto; transition: transform 0.2s ease; }\n    .clima-destaque-uai127 .clima-pill-uai127 { background: var(--cor-primaria); color: #ffffff; border: 1px solid #ffffff; } \n    .clima-card-uai127:hover .clima-pill-uai127 { transform: scale(1.06); }\n    .clima-pill-uai127 span { font-weight: 900 !important; color: inherit; } \n    .clima-emoji-uai127 { font-size: 24px; line-height: 1; margin-bottom: 5px; }\n    .clima-titulo-uai127 { color: var(--cor-primaria); font-size: 16px; text-transform: uppercase; margin-top: 5px; font-weight: bold; }\n    .clima-mes-uai127 { font-size: 11px; font-weight: 800; color: var(--cor-primaria); text-transform: uppercase; margin-bottom: 5px; display: block; }\n    .clima-temp-uai127 { font-size: 26px; font-weight: 900; color: var(--cor-primaria); margin-bottom: 10px; }\n    .clima-desc-uai127 { font-size: 13px; color: #444; text-align: center; line-height: 1.5; margin-bottom: 15px; flex-grow: 1;}\n    .clima-desc-uai127 strong { color: #111; }\n    @media (prefers-color-scheme: dark) {\n        .clima-card-uai127 { border-color: #014f7d; background-color: #014f7d; box-shadow: 0 6px 12px rgba(0,0,0, 0.5); }\n        .clima-header-uai127 { background: #1a1a1a; } .clima-body-uai127 { background: #121212; }\n        .clima-destaque-uai127 .clima-header-uai127 { background: var(--cor-secundaria); }\n        .clima-destaque-uai127 .clima-header-uai127 .clima-titulo-uai127 { color: var(--cor-txt-secundaria) !important; }\n        .clima-titulo-uai127 { color: #63b2e8; } .clima-mes-uai127 { color: #63b2e8; } .clima-temp-uai127 { color: #63b2e8; } .clima-desc-uai127 { color: #cccccc; } .clima-desc-uai127 strong { color: #ffffff; }\n        .clima-pill-uai127 { background: #014f7d; color: #ffffff; box-shadow: 0 4px 8px rgba(0, 0, 0, 0.5); }\n        .clima-destaque-uai127 .clima-pill-uai127 { background: #013859; color: #ffffff; border-color: #63b2e8; }\n    }\n<\/style>\n<div class=\"google-auto-ads-ignore clima-grid-uai127\" style=\"box-sizing: border-box; width: 100%; max-width: 980px; margin: 30px auto; font-family: 'Segoe UI', Roboto, Helvetica, Arial, sans-serif;\">\n    <div class=\"clima-card-uai127 clima-destaque-uai127\" tabindex=\"0\">\n        <div class=\"clima-header-uai127\"><div class=\"clima-emoji-uai127\" aria-hidden=\"true\">\ud83e\udd42<\/div><div class=\"clima-titulo-uai127\">Ver\u00e3o<\/div><\/div>\n        <div class=\"clima-body-uai127\">\n            <time class=\"clima-mes-uai127\">Dezembro a fevereiro<\/time><div class=\"clima-temp-uai127\">25\u00b0C a 31\u00b0C<\/div>\n            <div class=\"clima-desc-uai127\">As chuvas d\u00e3o uma tr\u00e9gua e o mar Bandeira Azul brilha sob sol forte. O destino fica muito badalado por abrigar um dos mais cobi\u00e7ados <strong>R\u00e9veillons de luxo<\/strong> do pa\u00eds.<\/div>\n            <div class=\"clima-pill-uai127\"><span>\u2b50 Alta Temporada \/ R\u00e9veillon<\/span><\/div>\n        <\/div>\n    <\/div>\n    <div class=\"clima-card-uai127\" tabindex=\"0\">\n        <div class=\"clima-header-uai127\"><div class=\"clima-emoji-uai127\" aria-hidden=\"true\">\ud83c\udf34<\/div><div class=\"clima-titulo-uai127\">Outono<\/div><\/div>\n        <div class=\"clima-body-uai127\">\n            <time class=\"clima-mes-uai127\">Mar\u00e7o a maio<\/time><div class=\"clima-temp-uai127\">24\u00b0C a 30\u00b0C<\/div>\n            <div class=\"clima-desc-uai127\">O regime de chuvas se intensifica na costa de Alagoas. Como o mar perde um pouco da sua clareza, a recompensa \u00e9 curtir <strong>praias quase desertas e bons pre\u00e7os<\/strong>.<\/div>\n            <div class=\"clima-pill-uai127\"><span>\u2614 Chuva Alta<\/span><\/div>\n        <\/div>\n    <\/div>\n    <div class=\"clima-card-uai127\" tabindex=\"0\">\n        <div class=\"clima-header-uai127\"><div class=\"clima-emoji-uai127\" aria-hidden=\"true\">\ud83d\udc0b<\/div><div class=\"clima-titulo-uai127\">Inverno<\/div><\/div>\n        <div class=\"clima-body-uai127\">\n            <time class=\"clima-mes-uai127\">Junho a agosto<\/time><div class=\"clima-temp-uai127\">22\u00b0C a 28\u00b0C<\/div>\n            <div class=\"clima-desc-uai127\">O inverno continua bem quente, mas com alto \u00edndice de umidade e chuvas. Para fugir da \u00e1gua turva, fa\u00e7a o passeio ao <strong>Santu\u00e1rio do peixe-boi sem fila<\/strong>.<\/div>\n            <div class=\"clima-pill-uai127\"><span>\u2614 Chuva Alta<\/span><\/div>\n        <\/div>\n    <\/div>\n    <div class=\"clima-card-uai127\" tabindex=\"0\">\n        <div class=\"clima-header-uai127\"><div class=\"clima-emoji-uai127\" aria-hidden=\"true\">\u26f5<\/div><div class=\"clima-titulo-uai127\">Primavera<\/div><\/div>\n        <div class=\"clima-body-uai127\">\n            <time class=\"clima-mes-uai127\">Setembro a novembro<\/time><div class=\"clima-temp-uai127\">24\u00b0C a 30\u00b0C<\/div>\n            <div class=\"clima-desc-uai127\">As chuvas se despedem e o mar retorna \u00e0 sua cl\u00e1ssica cor esmeralda. O momento exato para visitar as famosas <strong>piscinas naturais de jangada<\/strong>.<\/div>\n            <div class=\"clima-pill-uai127\"><span>\ud83c\udf24\ufe0f Chuva Baixa<\/span><\/div>\n        <\/div>\n    <\/div>\n<\/div>\n\n\n\n<p><em>Temperaturas aproximadas com base no <a href=\"https:\/\/www.climatempo.com.br\/previsao-do-tempo\/cidade\/6831\/saomigueldosmilagres-al\" target=\"_blank\" rel=\"noreferrer noopener\"><strong>Climatempo<\/strong><\/a>. Condi\u00e7\u00f5es podem variar.<\/em><\/p>\n\n\n\n<h2 class=\"wp-block-heading\">Como chegar em S\u00e3o Miguel dos Milagres?<\/h2>\n\n\n\n<p>O acesso principal \u00e9 pelo <strong>Aeroporto Internacional Zumbi dos Palmares<\/strong>, em <strong>Macei\u00f3<\/strong>, com voos diretos das principais capitais do <strong>Brasil<\/strong>. Do aeroporto, o trajeto at\u00e9 a vila tem 100 km pela rodovia AL-101 e leva cerca de 1h55 de carro.<\/p>\n\n\n\n<p>Quem vem de <strong>Recife<\/strong> percorre cerca de 200 km, com travessia de balsa em <strong>Japaratinga<\/strong> ou <strong>Porto de Pedras<\/strong>, dependendo do roteiro escolhido. As estradas finais s\u00e3o de pista simples, e a ilumina\u00e7\u00e3o noturna \u00e9 escassa, ent\u00e3o o trajeto \u00e9 mais tranquilo durante o dia.<\/p>\n\n\n\n<h2 class=\"wp-block-heading\">Conhe\u00e7a o Caribe brasileiro preservado<\/h2>\n\n\n\n<p>Pouca gente sabe que <strong>S\u00e3o Miguel dos Milagres<\/strong> guarda 23 km de praias com mar morno, mans\u00f5es discretas e a primeira praia <strong>Bandeira Azul<\/strong> de <strong>Alagoas<\/strong>. O destino virou ref\u00fagio de celebridades justamente por insistir em preservar o cen\u00e1rio r\u00fastico, com pousadas p\u00e9 na areia em vez de grandes resorts.<\/p>\n\n\n\n<p>Voc\u00ea precisa pegar a AL-101 e descobrir por que <strong>Shawn Mendes<\/strong>, <strong>Bruna Marquezine<\/strong>, <strong>Camila Pitanga<\/strong> e <strong>Ta\u00eds Ara\u00fajo<\/strong> escolheram esse peda\u00e7o do litoral norte alagoano para dar boas-vindas a 2026.<\/p>\n","protected":false},"excerpt":{"rendered":"<p>No litoral norte de Alagoas, a 100 km de Macei\u00f3, tr\u00eas munic\u00edpios formam o trecho mais cobi\u00e7ado do Caribe brasileiro. S\u00e3o Miguel dos Milagres, junto com Passo de Camaragibe e Porto de Pedras, integra a Rota Ecol\u00f3gica dos Milagres, com 23 km de praias preservadas, piscinas naturais e mans\u00f5es \u00e0 beira-mar. Quais famosos passaram o [&hellip;]<\/p>\n","protected":false},"author":14,"featured_media":128772,"comment_status":"open","ping_status":"open","sticky":false,"template":"","format":"standard","meta":{"jnews-multi-image_gallery":[],"jnews_single_post":{"format":"standard"},"jnews_primary_category":[],"jnews_social_meta":[],"jnews_override_counter":[],"footnotes":""},"categories":[210],"tags":[1661,234,3258],"class_list":["post-127716","post","type-post","status-publish","format-standard","has-post-thumbnail","hentry","category-cidades","tag-alagoas","tag-cidades","tag-maceio"],"yoast_head":"<!-- This site is optimized with the Yoast SEO plugin v26.5 - https:\/\/yoast.com\/wordpress\/plugins\/seo\/ -->\n<title>Shawn Mendes, Bruna Marquezine, Camila Pitanga e Ta\u00eds Ara\u00fajo escolhem esse para\u00edso alagoano de 23 km com a 1\u00aa praia premiada internacionalmente do estado - UAI Not\u00edcias<\/title>\n<meta name=\"description\" content=\"Descubra o destino alagoano com 23 km de beleza pura e selo internacional. O lugar favorito dos famosos para fugir da rotina. Confira.\" \/>\n<meta name=\"robots\" content=\"index, follow, max-snippet:-1, max-image-preview:large, max-video-preview:-1\" \/>\n<link rel=\"canonical\" href=\"https:\/\/www.uai.com.br\/uainoticias\/2026\/04\/30\/shawn-mendes-bruna-marquezine-camila-pitanga-e-tais-araujo-escolhem-esse-paraiso-alagoano-de-23-km-com-a-1a-praia-premiada-internacionalmente-do-estado\/\" \/>\n<meta property=\"og:locale\" content=\"pt_BR\" \/>\n<meta property=\"og:type\" content=\"article\" \/>\n<meta property=\"og:title\" content=\"Shawn Mendes, Bruna Marquezine, Camila Pitanga e Ta\u00eds Ara\u00fajo escolhem esse para\u00edso alagoano de 23 km com a 1\u00aa praia premiada internacionalmente do estado - UAI Not\u00edcias\" \/>\n<meta property=\"og:description\" content=\"Descubra o destino alagoano com 23 km de beleza pura e selo internacional. O lugar favorito dos famosos para fugir da rotina. Confira.\" \/>\n<meta property=\"og:url\" content=\"https:\/\/www.uai.com.br\/uainoticias\/2026\/04\/30\/shawn-mendes-bruna-marquezine-camila-pitanga-e-tais-araujo-escolhem-esse-paraiso-alagoano-de-23-km-com-a-1a-praia-premiada-internacionalmente-do-estado\/\" \/>\n<meta property=\"og:site_name\" content=\"UAI Not\u00edcias\" \/>\n<meta property=\"article:published_time\" content=\"2026-05-01T02:15:00+00:00\" \/>\n<meta property=\"og:image\" content=\"https:\/\/www.uai.com.br\/uainoticias\/wp-content\/uploads\/2026\/04\/Tropical_coastline_with_jangada_202604300303.jpg\" \/>\n\t<meta property=\"og:image:width\" content=\"1280\" \/>\n\t<meta property=\"og:image:height\" content=\"720\" \/>\n\t<meta property=\"og:image:type\" content=\"image\/jpeg\" \/>\n<meta name=\"author\" content=\"Vitor Bruno\" \/>\n<meta name=\"twitter:card\" content=\"summary_large_image\" \/>\n<meta name=\"twitter:label1\" content=\"Escrito por\" \/>\n\t<meta name=\"twitter:data1\" content=\"Vitor Bruno\" \/>\n\t<meta name=\"twitter:label2\" content=\"Est. tempo de leitura\" \/>\n\t<meta name=\"twitter:data2\" content=\"6 minutos\" \/>\n<!-- \/ Yoast SEO plugin. -->","yoast_head_json":{"title":"Shawn Mendes, Bruna Marquezine, Camila Pitanga e Ta\u00eds Ara\u00fajo escolhem esse para\u00edso alagoano de 23 km com a 1\u00aa praia premiada internacionalmente do estado - UAI Not\u00edcias","description":"Descubra o destino alagoano com 23 km de beleza pura e selo internacional. O lugar favorito dos famosos para fugir da rotina. Confira.","robots":{"index":"index","follow":"follow","max-snippet":"max-snippet:-1","max-image-preview":"max-image-preview:large","max-video-preview":"max-video-preview:-1"},"canonical":"https:\/\/www.uai.com.br\/uainoticias\/2026\/04\/30\/shawn-mendes-bruna-marquezine-camila-pitanga-e-tais-araujo-escolhem-esse-paraiso-alagoano-de-23-km-com-a-1a-praia-premiada-internacionalmente-do-estado\/","og_locale":"pt_BR","og_type":"article","og_title":"Shawn Mendes, Bruna Marquezine, Camila Pitanga e Ta\u00eds Ara\u00fajo escolhem esse para\u00edso alagoano de 23 km com a 1\u00aa praia premiada internacionalmente do estado - UAI Not\u00edcias","og_description":"Descubra o destino alagoano com 23 km de beleza pura e selo internacional. O lugar favorito dos famosos para fugir da rotina. Confira.","og_url":"https:\/\/www.uai.com.br\/uainoticias\/2026\/04\/30\/shawn-mendes-bruna-marquezine-camila-pitanga-e-tais-araujo-escolhem-esse-paraiso-alagoano-de-23-km-com-a-1a-praia-premiada-internacionalmente-do-estado\/","og_site_name":"UAI Not\u00edcias","article_published_time":"2026-05-01T02:15:00+00:00","og_image":[{"width":1280,"height":720,"url":"https:\/\/www.uai.com.br\/uainoticias\/wp-content\/uploads\/2026\/04\/Tropical_coastline_with_jangada_202604300303.jpg","type":"image\/jpeg"}],"author":"Vitor Bruno","twitter_card":"summary_large_image","twitter_misc":{"Escrito por":"Vitor Bruno","Est. tempo de leitura":"6 minutos"},"schema":{"@context":"https:\/\/schema.org","@graph":[{"@type":"WebPage","@id":"https:\/\/www.uai.com.br\/uainoticias\/2026\/04\/30\/shawn-mendes-bruna-marquezine-camila-pitanga-e-tais-araujo-escolhem-esse-paraiso-alagoano-de-23-km-com-a-1a-praia-premiada-internacionalmente-do-estado\/","url":"https:\/\/www.uai.com.br\/uainoticias\/2026\/04\/30\/shawn-mendes-bruna-marquezine-camila-pitanga-e-tais-araujo-escolhem-esse-paraiso-alagoano-de-23-km-com-a-1a-praia-premiada-internacionalmente-do-estado\/","name":"Shawn Mendes, Bruna Marquezine, Camila Pitanga e Ta\u00eds Ara\u00fajo escolhem esse para\u00edso alagoano de 23 km com a 1\u00aa praia premiada internacionalmente do estado - UAI Not\u00edcias","isPartOf":{"@id":"https:\/\/www.uai.com.br\/uainoticias\/#website"},"primaryImageOfPage":{"@id":"https:\/\/www.uai.com.br\/uainoticias\/2026\/04\/30\/shawn-mendes-bruna-marquezine-camila-pitanga-e-tais-araujo-escolhem-esse-paraiso-alagoano-de-23-km-com-a-1a-praia-premiada-internacionalmente-do-estado\/#primaryimage"},"image":{"@id":"https:\/\/www.uai.com.br\/uainoticias\/2026\/04\/30\/shawn-mendes-bruna-marquezine-camila-pitanga-e-tais-araujo-escolhem-esse-paraiso-alagoano-de-23-km-com-a-1a-praia-premiada-internacionalmente-do-estado\/#primaryimage"},"thumbnailUrl":"https:\/\/www.uai.com.br\/uainoticias\/wp-content\/uploads\/2026\/04\/Tropical_coastline_with_jangada_202604300303.jpg","datePublished":"2026-05-01T02:15:00+00:00","author":{"@id":"https:\/\/www.uai.com.br\/uainoticias\/#\/schema\/person\/03130d752d0ce4e3bb0f607f1bc85084"},"description":"Descubra o destino alagoano com 23 km de beleza pura e selo internacional. O lugar favorito dos famosos para fugir da rotina. Confira.","breadcrumb":{"@id":"https:\/\/www.uai.com.br\/uainoticias\/2026\/04\/30\/shawn-mendes-bruna-marquezine-camila-pitanga-e-tais-araujo-escolhem-esse-paraiso-alagoano-de-23-km-com-a-1a-praia-premiada-internacionalmente-do-estado\/#breadcrumb"},"inLanguage":"pt-BR","potentialAction":[{"@type":"ReadAction","target":["https:\/\/www.uai.com.br\/uainoticias\/2026\/04\/30\/shawn-mendes-bruna-marquezine-camila-pitanga-e-tais-araujo-escolhem-esse-paraiso-alagoano-de-23-km-com-a-1a-praia-premiada-internacionalmente-do-estado\/"]}]},{"@type":"ImageObject","inLanguage":"pt-BR","@id":"https:\/\/www.uai.com.br\/uainoticias\/2026\/04\/30\/shawn-mendes-bruna-marquezine-camila-pitanga-e-tais-araujo-escolhem-esse-paraiso-alagoano-de-23-km-com-a-1a-praia-premiada-internacionalmente-do-estado\/#primaryimage","url":"https:\/\/www.uai.com.br\/uainoticias\/wp-content\/uploads\/2026\/04\/Tropical_coastline_with_jangada_202604300303.jpg","contentUrl":"https:\/\/www.uai.com.br\/uainoticias\/wp-content\/uploads\/2026\/04\/Tropical_coastline_with_jangada_202604300303.jpg","width":1280,"height":720,"caption":"Shawn Mendes, Bruna Marquezine, Camila Pitanga e Ta\u00eds Ara\u00fajo escolhem essa rota alagoana de 23 km com a 1\u00aa praia premiada internacionalmente do estado"},{"@type":"BreadcrumbList","@id":"https:\/\/www.uai.com.br\/uainoticias\/2026\/04\/30\/shawn-mendes-bruna-marquezine-camila-pitanga-e-tais-araujo-escolhem-esse-paraiso-alagoano-de-23-km-com-a-1a-praia-premiada-internacionalmente-do-estado\/#breadcrumb","itemListElement":[{"@type":"ListItem","position":1,"name":"In\u00edcio","item":"https:\/\/www.uai.com.br\/uainoticias\/"},{"@type":"ListItem","position":2,"name":"Shawn Mendes, Bruna Marquezine, Camila Pitanga e Ta\u00eds Ara\u00fajo escolhem esse para\u00edso alagoano de 23 km com a 1\u00aa praia premiada internacionalmente do estado"}]},{"@type":"WebSite","@id":"https:\/\/www.uai.com.br\/uainoticias\/#website","url":"https:\/\/www.uai.com.br\/uainoticias\/","name":"UAI Not\u00edcias","description":"Acompanhe as \u00faltimas not\u00edcias e fique bem informado sobre tudo o que acontece no Brasil e no mundo.","potentialAction":[{"@type":"SearchAction","target":{"@type":"EntryPoint","urlTemplate":"https:\/\/www.uai.com.br\/uainoticias\/?s={search_term_string}"},"query-input":{"@type":"PropertyValueSpecification","valueRequired":true,"valueName":"search_term_string"}}],"inLanguage":"pt-BR"},{"@type":"Person","@id":"https:\/\/www.uai.com.br\/uainoticias\/#\/schema\/person\/03130d752d0ce4e3bb0f607f1bc85084","name":"Vitor Bruno","image":{"@type":"ImageObject","inLanguage":"pt-BR","@id":"https:\/\/www.uai.com.br\/uainoticias\/#\/schema\/person\/image\/","url":"https:\/\/secure.gravatar.com\/avatar\/ab0513148053bbb80c117cdd35f8a0f2742d41eebbac321acf8df2e633d81609?s=96&d=mm&r=g","contentUrl":"https:\/\/secure.gravatar.com\/avatar\/ab0513148053bbb80c117cdd35f8a0f2742d41eebbac321acf8df2e633d81609?s=96&d=mm&r=g","caption":"Vitor Bruno"},"sameAs":["https:\/\/www.uai.com.br\/uainoticias\/"],"url":"https:\/\/www.uai.com.br\/uainoticias\/author\/vitor\/"}]}},"_links":{"self":[{"href":"https:\/\/www.uai.com.br\/uainoticias\/wp-json\/wp\/v2\/posts\/127716","targetHints":{"allow":["GET"]}}],"collection":[{"href":"https:\/\/www.uai.com.br\/uainoticias\/wp-json\/wp\/v2\/posts"}],"about":[{"href":"https:\/\/www.uai.com.br\/uainoticias\/wp-json\/wp\/v2\/types\/post"}],"author":[{"embeddable":true,"href":"https:\/\/www.uai.com.br\/uainoticias\/wp-json\/wp\/v2\/users\/14"}],"replies":[{"embeddable":true,"href":"https:\/\/www.uai.com.br\/uainoticias\/wp-json\/wp\/v2\/comments?post=127716"}],"version-history":[{"count":7,"href":"https:\/\/www.uai.com.br\/uainoticias\/wp-json\/wp\/v2\/posts\/127716\/revisions"}],"predecessor-version":[{"id":128773,"href":"https:\/\/www.uai.com.br\/uainoticias\/wp-json\/wp\/v2\/posts\/127716\/revisions\/128773"}],"wp:featuredmedia":[{"embeddable":true,"href":"https:\/\/www.uai.com.br\/uainoticias\/wp-json\/wp\/v2\/media\/128772"}],"wp:attachment":[{"href":"https:\/\/www.uai.com.br\/uainoticias\/wp-json\/wp\/v2\/media?parent=127716"}],"wp:term":[{"taxonomy":"category","embeddable":true,"href":"https:\/\/www.uai.com.br\/uainoticias\/wp-json\/wp\/v2\/categories?post=127716"},{"taxonomy":"post_tag","embeddable":true,"href":"https:\/\/www.uai.com.br\/uainoticias\/wp-json\/wp\/v2\/tags?post=127716"}],"curies":[{"name":"wp","href":"https:\/\/api.w.org\/{rel}","templated":true}]}}