{"id":127715,"date":"2026-04-30T20:25:00","date_gmt":"2026-04-30T23:25:00","guid":{"rendered":"https:\/\/www.uai.com.br\/uainoticias\/?p=127715"},"modified":"2026-04-30T03:01:21","modified_gmt":"2026-04-30T06:01:21","slug":"tom-cruise-almocou-aqui-e-dua-lipa-tambem-a-cidade-do-litoral-brasileiro-com-365-ilhas-onde-xuxa-neymar-e-luciano-huck-tem-mansao","status":"publish","type":"post","link":"https:\/\/www.uai.com.br\/uainoticias\/2026\/04\/30\/tom-cruise-almocou-aqui-e-dua-lipa-tambem-a-cidade-do-litoral-brasileiro-com-365-ilhas-onde-xuxa-neymar-e-luciano-huck-tem-mansao\/","title":{"rendered":"Tom Cruise almo\u00e7ou aqui e Dua Lipa tamb\u00e9m: a cidade do litoral brasileiro com 365 ilhas onde Xuxa, Neymar e Luciano Huck t\u00eam mans\u00e3o"},"content":{"rendered":"\n<p>A ba\u00eda recortada da <strong>Costa Verde<\/strong> fluminense esconde 365 ilhas, mais de 2 mil praias e algumas das propriedades mais discretas do <strong>Brasil<\/strong>. Em <strong>Angra dos Reis<\/strong>, a 158 km do <strong>Rio de Janeiro<\/strong>, ilhas particulares j\u00e1 receberam <strong>Tom Cruise<\/strong>, <strong>Jackie Onassis<\/strong> e os <strong>Rolling Stones<\/strong>, e mans\u00f5es \u00e0 beira-mar hoje pertencem a <strong>Xuxa<\/strong>, <strong>Neymar<\/strong>, <strong>Luciano Huck<\/strong> e <strong>Bruna Marquezine<\/strong>.<\/p>\n\n\n\n<h2 class=\"wp-block-heading\">A ba\u00eda descoberta no Dia de Reis e batizada por uma esquadra portuguesa<\/h2>\n\n\n\n<p>Uma esquadra portuguesa que mapeava o litoral chegou \u00e0 regi\u00e3o no dia 6 de janeiro de 1502, durante a celebra\u00e7\u00e3o do Dia de Reis, e batizou o lugar com o nome que ficou. A bordo, o navegador <strong>Am\u00e9rico Vesp\u00facio<\/strong> escreveu cartas a <strong>Portugal<\/strong> descrevendo oito ba\u00edas, mais de 300 ilhas e praias quase selvagens cobertas pela <strong>Mata Atl\u00e2ntica<\/strong>.<\/p>\n\n\n\n<p>Cinco s\u00e9culos depois, <a href=\"https:\/\/visite.angra.rj.gov.br\/ponto-turistico.asp?id=46\" target=\"_blank\" rel=\"noreferrer noopener\"><strong>conforme o portal Visite Angra dos Reis<\/strong><\/a>, o munic\u00edpio mant\u00e9m 365 ilhas, oito enseadas principais e mais de 2 mil praias de \u00e1guas verde-esmeralda. A lenda local diz que existe uma ilha para cada dia do ano. A geografia recortada cria piscinas naturais, ilhotas de areia branca e enseadas escondidas que lembram o cen\u00e1rio caribenho.<\/p>\n\n\n<div class=\"wp-block-image\">\n<figure class=\"aligncenter size-large\"><img decoding=\"async\" width=\"1024\" height=\"576\" src=\"https:\/\/www.uai.com.br\/uainoticias\/wp-content\/uploads\/2025\/12\/Angra-dos-Reis_1748902786165-1024x576.jpg\" alt=\"\" class=\"wp-image-95739\" srcset=\"https:\/\/www.uai.com.br\/uainoticias\/wp-content\/uploads\/2025\/12\/Angra-dos-Reis_1748902786165-1024x576.jpg 1024w, https:\/\/www.uai.com.br\/uainoticias\/wp-content\/uploads\/2025\/12\/Angra-dos-Reis_1748902786165-300x169.jpg 300w, https:\/\/www.uai.com.br\/uainoticias\/wp-content\/uploads\/2025\/12\/Angra-dos-Reis_1748902786165-768x432.jpg 768w, https:\/\/www.uai.com.br\/uainoticias\/wp-content\/uploads\/2025\/12\/Angra-dos-Reis_1748902786165-750x422.jpg 750w, https:\/\/www.uai.com.br\/uainoticias\/wp-content\/uploads\/2025\/12\/Angra-dos-Reis_1748902786165-1140x641.jpg 1140w, https:\/\/www.uai.com.br\/uainoticias\/wp-content\/uploads\/2025\/12\/Angra-dos-Reis_1748902786165.jpg 1280w\" sizes=\"(max-width: 1024px) 100vw, 1024px\" \/><figcaption class=\"wp-element-caption\">Angra dos Reis encanta com suas ilhas paradis\u00edacas e mar cristalino \/\/ Cr\u00e9ditos: depositphotos.com \/ Ranimiro<\/figcaption><\/figure><\/div>\n\n\n<h2 class=\"wp-block-heading\">O reconhecimento da UNESCO em 2019<\/h2>\n\n\n\n<p>Em 5 de julho de 2019, durante reuni\u00e3o em <strong>Baku<\/strong>, no <strong>Azerbaij\u00e3o<\/strong>, a <strong>Organiza\u00e7\u00e3o das Na\u00e7\u00f5es Unidas para a Educa\u00e7\u00e3o, a Ci\u00eancia e a Cultura (UNESCO)<\/strong> declarou a regi\u00e3o formada pela <strong>Ilha Grande<\/strong>, em <strong>Angra dos Reis<\/strong>, e por <strong>Paraty<\/strong> como Patrim\u00f4nio Mundial da Humanidade na categoria s\u00edtio misto.<\/p>\n\n\n\n<p>Foi o primeiro bem brasileiro inscrito nessa categoria, que re\u00fane valor cultural e natural em uma \u00fanica chancela, e o primeiro da <strong>Am\u00e9rica Latina<\/strong>. <a href=\"https:\/\/www.uai.com.br\/uainoticias\/2026\/04\/13\/o-caribe-brasileiro-reconhecido-no-mundo-inteiro-com-365-ilhas-e-mais-de-2-mil-praias-de-aguas-cristalinas\/\" target=\"_blank\" rel=\"noreferrer noopener\"><strong>De acordo com o Instituto do Patrim\u00f4nio Hist\u00f3rico e Art\u00edstico Nacional (IPHAN)<\/strong><\/a>, a \u00e1rea protegida soma quase 149 mil hectares, com cerca de 85% da cobertura vegetal nativa preservada. S\u00f3 a <strong>Ilha Grande<\/strong> tem 192 km\u00b2 e 106 praias.<\/p>\n\n\n<div class=\"wp-block-image\">\n<figure class=\"aligncenter size-large\"><img decoding=\"async\" width=\"1024\" height=\"576\" src=\"https:\/\/www.uai.com.br\/uainoticias\/wp-content\/uploads\/2025\/12\/Angra-dos-Reis_1739226471296-1024x576.jpg\" alt=\"O Caribe brasileiro com 365 ilhas e mais de 2 mil praias de \u00e1guas cristalinas reconhecido no mundo inteiro\" class=\"wp-image-95738\" srcset=\"https:\/\/www.uai.com.br\/uainoticias\/wp-content\/uploads\/2025\/12\/Angra-dos-Reis_1739226471296-1024x576.jpg 1024w, https:\/\/www.uai.com.br\/uainoticias\/wp-content\/uploads\/2025\/12\/Angra-dos-Reis_1739226471296-300x169.jpg 300w, https:\/\/www.uai.com.br\/uainoticias\/wp-content\/uploads\/2025\/12\/Angra-dos-Reis_1739226471296-768x432.jpg 768w, https:\/\/www.uai.com.br\/uainoticias\/wp-content\/uploads\/2025\/12\/Angra-dos-Reis_1739226471296-750x422.jpg 750w, https:\/\/www.uai.com.br\/uainoticias\/wp-content\/uploads\/2025\/12\/Angra-dos-Reis_1739226471296-1140x641.jpg 1140w, https:\/\/www.uai.com.br\/uainoticias\/wp-content\/uploads\/2025\/12\/Angra-dos-Reis_1739226471296.jpg 1280w\" sizes=\"(max-width: 1024px) 100vw, 1024px\" \/><figcaption class=\"wp-element-caption\">Angra dos Reis encanta com mar azul e paisagens paradis\u00edacas \/\/ Cr\u00e9ditos: depositphotos.com \/ bermed2009.hotmail.com<\/figcaption><\/figure><\/div>\n\n\n<h2 class=\"wp-block-heading\">A ilha de 800 mil m\u00b2 que recebeu Tom Cruise, Jackie Onassis e os Rolling Stones<\/h2>\n\n\n\n<p>O cap\u00edtulo mais glamouroso da hist\u00f3ria recente de <strong>Angra<\/strong> tem endere\u00e7o fixo: a <strong>Ilha dos Porcos Grande<\/strong>, tamb\u00e9m conhecida como <strong>Ilha do Pitanguy<\/strong>. Com cerca de 800 mil metros quadrados, ela foi adquirida pelo cirurgi\u00e3o pl\u00e1stico <strong>Ivo Pitanguy<\/strong>, que a transformou em ref\u00fagio ecol\u00f3gico e ponto de encontro de celebridades.<\/p>\n\n\n\n<p>Pelos jardins da ilha passaram, ao longo das d\u00e9cadas, nomes como <strong>Roger Moore<\/strong>, <strong>Jackie Onassis<\/strong>, <strong>Ivana Trump<\/strong>, <strong>Alain Delon<\/strong> e os <strong>Rolling Stones<\/strong>. Em fevereiro de 2009, o casal <strong>Tom Cruise<\/strong> e <strong>Katie Holmes<\/strong> chegou de helic\u00f3ptero com a filha <strong>Suri<\/strong> para um almo\u00e7o de quatro horas na propriedade. O card\u00e1pio t\u00edpico brasileiro incluiu picanha, peixe e caipirinha, al\u00e9m de visita aos pav\u00f5es, cutias e tartarugas que vivem soltos no terreno.<\/p>\n\n\n\n<h2 class=\"wp-block-heading\">O bairro n\u00e1utico das celebridades brasileiras<\/h2>\n\n\n\n<p>Hoje, a parte continental da cidade abriga uma vizinhan\u00e7a de mans\u00f5es \u00e0 beira-mar que poucas regi\u00f5es do <strong>Brasil<\/strong> re\u00fanem em t\u00e3o pouco espa\u00e7o. <strong>Xuxa Meneghel<\/strong> foi uma das primeiras a comprar uma propriedade na regi\u00e3o, em 2013. Tr\u00eas anos depois, <strong>Neymar<\/strong> adquiriu uma casa pr\u00f3xima.<\/p>\n\n\n\n<p>A vizinhan\u00e7a hoje inclui <strong>Gusttavo Lima<\/strong>, <strong>Michel Tel\u00f3<\/strong>, <strong>Ronaldo Naz\u00e1rio<\/strong>, <strong>Luciano Huck<\/strong> e <strong>Ang\u00e9lica<\/strong>, <strong>Bruna Marquezine<\/strong>, <strong>Rafa Kalimann<\/strong>, <strong>Bruno Gagliasso<\/strong> e <strong>Roberto Justus<\/strong>. A explica\u00e7\u00e3o \u00e9 geogr\u00e1fica: <strong>Angra<\/strong> fica praticamente equidistante de <strong>Rio<\/strong> e <strong>S\u00e3o Paulo<\/strong>, com acesso ao mar quase exclusivamente por lancha, o que garante a privacidade que o p\u00fablico dessa lista costuma procurar.<\/p>\n\n\n\n<p>O movimento internacional n\u00e3o parou. Em novembro de 2025, durante a turn\u00ea brasileira, a cantora <strong>Dua Lipa<\/strong> foi recebida na casa de praia de <strong>Luciano Huck<\/strong> e <strong>Ang\u00e9lica<\/strong> em <strong>Angra<\/strong>, conforme registrado pelo pr\u00f3prio apresentador nas redes sociais. A visita refor\u00e7ou o status da ba\u00eda como ponto de pouso de astros internacionais que passam pelo <strong>Brasil<\/strong>.<\/p>\n\n\n\n<p><strong>Leia tamb\u00e9m: <a href=\"https:\/\/www.uai.com.br\/uainoticias\/2026\/04\/25\/essa-cidade-nordestina-esta-em-alta-447-mais-estrangeiros-escolheram-esse-paraiso-de-mar-morno-e-brisa-perfeita\/\" target=\"_blank\" rel=\"noreferrer noopener\">Essa cidade nordestina est\u00e1 em alta: 44,7% mais estrangeiros escolheram esse para\u00edso de mar morno e brisa perfeita<\/a><\/strong><\/p>\n\n\n\n<h2 class=\"wp-block-heading\">O que fazer em Angra dos Reis<\/h2>\n\n\n\n<p>O passeio de barco \u00e9 o cora\u00e7\u00e3o da experi\u00eancia local, mas a cidade reserva tamb\u00e9m trilhas, praias selvagens e um centro hist\u00f3rico colonial. As paradas mais procuradas:<\/p>\n\n\n\n<ul class=\"wp-block-list\">\n<li><strong>Praia de Lopes Mendes<\/strong>: na face sul da <strong>Ilha Grande<\/strong>, com 3 km de areia branca e fina, considerada uma das praias mais bonitas do mundo. Acesso por trilha de 25 minutos a partir da <strong>Praia do Pouso<\/strong>.<\/li>\n\n\n\n<li><strong>Lagoa Azul<\/strong>: piscina natural de \u00e1guas transparentes na <strong>Ilha Grande<\/strong>, ponto obrigat\u00f3rio dos passeios de escuna para snorkel e flutua\u00e7\u00e3o.<\/li>\n\n\n\n<li><strong>Praia do Dentista<\/strong>: enseada de \u00e1guas calmas na <strong>Ilha da Gip\u00f3ia<\/strong>, ponto de encontro de iates e lanchas com baladas no mar.<\/li>\n\n\n\n<li><strong>Ilhas Botinas<\/strong>: duas pequenas ilhas g\u00eameas de \u00e1guas azul-turquesa que lembram cen\u00e1rio caribenho, ideais para mergulho livre.<\/li>\n\n\n\n<li><strong>Pico do Papagaio<\/strong>: trilha de cerca de 2 horas at\u00e9 quase mil metros de altitude, com vista panor\u00e2mica da <strong>Ilha Grande<\/strong>.<\/li>\n\n\n\n<li><strong>Praia do Aventureiro<\/strong>: praia selvagem no extremo sul da <strong>Ilha Grande<\/strong>, com o famoso coqueiro deitado e areia praticamente intocada.<\/li>\n\n\n\n<li><strong>Centro Hist\u00f3rico<\/strong>: casar\u00f5es coloniais, o <strong>Convento do Carmo<\/strong>, a <strong>Igreja de Santa Luzia<\/strong> e a <strong>Igreja Matriz de Nossa Senhora da Concei\u00e7\u00e3o<\/strong>, com pr\u00e9dios tombados pelo <strong>IPHAN<\/strong>.<\/li>\n\n\n\n<li><strong>Cachoeira da Feiticeira<\/strong>: queda de 15 metros na mata da <strong>Ilha Grande<\/strong>, acessada por trilha leve a partir do <strong>Vila do Abra\u00e3o<\/strong>.<\/li>\n<\/ul>\n\n\n\n<p>A culin\u00e1ria mistura a tradi\u00e7\u00e3o cai\u00e7ara com peixes e frutos do mar fresqu\u00edssimos, sempre com leite de coco e azeite de dend\u00ea na base de muitas receitas. Os pratos que definem a regi\u00e3o:<\/p>\n\n\n\n<ul class=\"wp-block-list\">\n<li><strong>Peixe na telha<\/strong>: receita cai\u00e7ara cl\u00e1ssica com peixe fresco, leite de coco, leite condensado e camar\u00e3o, servida na pr\u00f3pria telha de barro.<\/li>\n\n\n\n<li><strong>Camar\u00e3o na moranga<\/strong>: ab\u00f3bora japonesa recheada com camar\u00e3o ao molho de catupiry, servida em fatias.<\/li>\n\n\n\n<li><strong>Lula \u00e0 dor\u00ea<\/strong>: an\u00e9is empanados servidos em quase todos os restaurantes p\u00e9 na areia das ilhas.<\/li>\n\n\n\n<li><strong>Bob\u00f3 de camar\u00e3o<\/strong>: ensopado cremoso \u00e0 base de pur\u00ea de mandioca, leite de coco e azeite de dend\u00ea.<\/li>\n\n\n\n<li><strong>Caldeirada de frutos do mar<\/strong>: panela com camar\u00e3o, lula, polvo, mexilh\u00e3o e peixe servida com pir\u00e3o e arroz branco.<\/li>\n<\/ul>\n\n\n\n<p>Quem sonha em conhecer ilhas paradis\u00edacas, vai curtir este v\u00eddeo especialmente selecionado do canal <strong>Vamos Fugir Blog<\/strong>, que conta com mais de <strong>271 mil<\/strong> visualiza\u00e7\u00f5es, onde <strong>L\u00edgia e Ulisses<\/strong> mostram o que fazer em <strong>Angra dos Reis<\/strong>:<\/p>\n\n\n\n<figure class=\"wp-block-embed is-type-video is-provider-youtube wp-block-embed-youtube wp-embed-aspect-16-9 wp-has-aspect-ratio\"><div class=\"wp-block-embed__wrapper\">\n<div class=\"jeg_video_container jeg_video_content\"><iframe loading=\"lazy\" title=\"O que fazer em ANGRA DOS REIS  em 3 dias - Roteiro Completo com PRE\u00c7OS + Pousada p\u00e9 na Areia\" width=\"500\" height=\"281\" src=\"https:\/\/www.youtube.com\/embed\/OUjdSo4xSfc?feature=oembed\" frameborder=\"0\" allow=\"accelerometer; autoplay; clipboard-write; encrypted-media; gyroscope; picture-in-picture; web-share\" referrerpolicy=\"strict-origin-when-cross-origin\" allowfullscreen><\/iframe><\/div>\n<\/div><\/figure>\n\n\n\n<h2 class=\"wp-block-heading\">Quando ir e o que fazer em cada esta\u00e7\u00e3o<\/h2>\n\n\n\n<p>O clima \u00e9 tropical \u00famido o ano todo. As \u00e1guas da ba\u00eda permanecem calmas pela prote\u00e7\u00e3o da <strong>Serra do Mar<\/strong>, mas a transpar\u00eancia do mar muda bastante conforme o regime de chuvas. Para ajudar no planejamento:<\/p>\n\n\n\n<style>\n    .clima-grid-uai126 { \n        --cor-primaria: #0278c0; --cor-secundaria: #ffd31a; --cor-txt-secundaria: #0278c0;\n        display: grid; grid-template-columns: repeat(auto-fit, minmax(190px, 1fr)); gap: 15px; justify-content: center; padding: 10px;\n    }\n    .clima-card-uai126 { border: 5px solid var(--cor-primaria); border-top: 5px solid var(--cor-secundaria); border-radius: 12px; background-color: var(--cor-primaria); background-clip: padding-box; display: flex; flex-direction: column; overflow: hidden; cursor: pointer; box-shadow: 0 6px 12px rgba(0,0,0, 0.2); transition: transform 0.2s ease, box-shadow 0.2s ease; -webkit-tap-highlight-color: transparent; user-select: none; transform: translateZ(0); animation: wmFadeIn 0.6s cubic-bezier(0.2, 0.8, 0.2, 1) backwards; }\n    .clima-card-uai126:focus-visible { outline: 3px dashed var(--cor-secundaria); outline-offset: 4px; }\n    .clima-card-uai126:nth-child(1) { animation-delay: 0.1s; } .clima-card-uai126:nth-child(2) { animation-delay: 0.2s; } .clima-card-uai126:nth-child(3) { animation-delay: 0.3s; } .clima-card-uai126:nth-child(4) { animation-delay: 0.4s; }\n    @keyframes wmFadeIn { from { opacity: 0; transform: translateY(30px); } to { opacity: 1; transform: translateY(0); } }\n    .clima-card-uai126:hover { transform: translateY(-5px); box-shadow: 0 15px 30px rgba(0,0,0, 0.3); }\n    .clima-card-uai126:active { transform: translateY(-1px) scale(0.97); box-shadow: 0 3px 6px rgba(0,0,0, 0.2); transition: transform 0.05s ease, box-shadow 0.05s ease; }\n    .clima-header-uai126 { background: #fdfbf5; padding: 15px 10px; text-align: center; display: flex; flex-direction: column; align-items: center; justify-content: center; }\n    .clima-body-uai126 { background: #ffffff; padding: 15px; display: flex; flex-direction: column; flex-grow: 1; align-items: center; }\n    .clima-destaque-uai126 { box-shadow: 0 8px 16px rgba(0,0,0, 0.25); }\n    .clima-destaque-uai126:hover { box-shadow: 0 18px 36px rgba(0,0,0, 0.35); }\n    .clima-destaque-uai126 .clima-header-uai126 { background: var(--cor-secundaria); }\n    .clima-destaque-uai126 .clima-header-uai126 .clima-titulo-uai126 { color: var(--cor-txt-secundaria) !important; } \n    .clima-pill-uai126 { display: flex; white-space: normal; max-width: 100%; box-sizing: border-box; justify-content: center; align-items: center; text-align: center; background: #e6f2fa; color: var(--cor-primaria); font-size: 11px; font-weight: 900 !important; letter-spacing: 0.5px; padding: 8px 16px; border-radius: 16px; text-transform: uppercase; line-height: 1.4; box-shadow: 0 4px 8px rgba(0,0,0, 0.15); margin-top: auto; transition: transform 0.2s ease; }\n    .clima-destaque-uai126 .clima-pill-uai126 { background: var(--cor-primaria); color: #ffffff; border: 1px solid #ffffff; } \n    .clima-card-uai126:hover .clima-pill-uai126 { transform: scale(1.06); }\n    .clima-pill-uai126 span { font-weight: 900 !important; color: inherit; } \n    .clima-emoji-uai126 { font-size: 24px; line-height: 1; margin-bottom: 5px; }\n    .clima-titulo-uai126 { color: var(--cor-primaria); font-size: 16px; text-transform: uppercase; margin-top: 5px; font-weight: bold; }\n    .clima-mes-uai126 { font-size: 11px; font-weight: 800; color: var(--cor-primaria); text-transform: uppercase; margin-bottom: 5px; display: block; }\n    .clima-temp-uai126 { font-size: 26px; font-weight: 900; color: var(--cor-primaria); margin-bottom: 10px; }\n    .clima-desc-uai126 { font-size: 13px; color: #444; text-align: center; line-height: 1.5; margin-bottom: 15px; flex-grow: 1;}\n    .clima-desc-uai126 strong { color: #111; }\n    @media (prefers-color-scheme: dark) {\n        .clima-card-uai126 { border-color: #014f7d; background-color: #014f7d; box-shadow: 0 6px 12px rgba(0,0,0, 0.5); }\n        .clima-header-uai126 { background: #1a1a1a; } .clima-body-uai126 { background: #121212; }\n        .clima-destaque-uai126 .clima-header-uai126 { background: var(--cor-secundaria); }\n        .clima-destaque-uai126 .clima-header-uai126 .clima-titulo-uai126 { color: var(--cor-txt-secundaria) !important; }\n        .clima-titulo-uai126 { color: #63b2e8; } .clima-mes-uai126 { color: #63b2e8; } .clima-temp-uai126 { color: #63b2e8; } .clima-desc-uai126 { color: #cccccc; } .clima-desc-uai126 strong { color: #ffffff; }\n        .clima-pill-uai126 { background: #014f7d; color: #ffffff; box-shadow: 0 4px 8px rgba(0, 0, 0, 0.5); }\n        .clima-destaque-uai126 .clima-pill-uai126 { background: #013859; color: #ffffff; border-color: #63b2e8; }\n    }\n<\/style>\n<div class=\"google-auto-ads-ignore clima-grid-uai126\" style=\"box-sizing: border-box; width: 100%; max-width: 980px; margin: 30px auto; font-family: 'Segoe UI', Roboto, Helvetica, Arial, sans-serif;\">\n    <div class=\"clima-card-uai126\" tabindex=\"0\">\n        <div class=\"clima-header-uai126\"><div class=\"clima-emoji-uai126\" aria-hidden=\"true\">\u26f5<\/div><div class=\"clima-titulo-uai126\">Ver\u00e3o<\/div><\/div>\n        <div class=\"clima-body-uai126\">\n            <time class=\"clima-mes-uai126\">Dezembro a fevereiro<\/time><div class=\"clima-temp-uai126\">22\u00b0C a 32\u00b0C<\/div>\n            <div class=\"clima-desc-uai126\">A esta\u00e7\u00e3o de alt\u00edssima ocupa\u00e7\u00e3o nos resorts. Como a chuva costuma cair \u00e0 tarde, garanta seus <strong>passeios de barco pela manh\u00e3<\/strong> sob \u00e1guas quentes e mar calmo.<\/div>\n            <div class=\"clima-pill-uai126\"><span>\u2614 Chuva Alta<\/span><\/div>\n        <\/div>\n    <\/div>\n    <div class=\"clima-card-uai126\" tabindex=\"0\">\n        <div class=\"clima-header-uai126\"><div class=\"clima-emoji-uai126\" aria-hidden=\"true\">\ud83e\udd7e<\/div><div class=\"clima-titulo-uai126\">Outono<\/div><\/div>\n        <div class=\"clima-body-uai126\">\n            <time class=\"clima-mes-uai126\">Mar\u00e7o a maio<\/time><div class=\"clima-temp-uai126\">20\u00b0C a 29\u00b0C<\/div>\n            <div class=\"clima-desc-uai126\">O forte calor recua, trazendo uma atmosfera bem mais agrad\u00e1vel. \u00c9poca excelente e muito confort\u00e1vel para desbravar as belas <strong>trilhas na Ilha Grande<\/strong>.<\/div>\n            <div class=\"clima-pill-uai126\"><span>\u2601\ufe0f Chuva M\u00e9dia<\/span><\/div>\n        <\/div>\n    <\/div>\n    <div class=\"clima-card-uai126 clima-destaque-uai126\" tabindex=\"0\">\n        <div class=\"clima-header-uai126\"><div class=\"clima-emoji-uai126\" aria-hidden=\"true\">\ud83e\udd3f<\/div><div class=\"clima-titulo-uai126\">Inverno<\/div><\/div>\n        <div class=\"clima-body-uai126\">\n            <time class=\"clima-mes-uai126\">Junho a agosto<\/time><div class=\"clima-temp-uai126\">17\u00b0C a 26\u00b0C<\/div>\n            <div class=\"clima-desc-uai126\">A esta\u00e7\u00e3o preferida dos mergulhadores! A baixa quantidade de chuvas e o c\u00e9u limpo transformam o mar, oferecendo um espetacular <strong>mergulho com visibilidade<\/strong>.<\/div>\n            <div class=\"clima-pill-uai126\"><span>\u2b50 Melhor \u00c9poca \/ Mergulho<\/span><\/div>\n        <\/div>\n    <\/div>\n    <div class=\"clima-card-uai126\" tabindex=\"0\">\n        <div class=\"clima-header-uai126\"><div class=\"clima-emoji-uai126\" aria-hidden=\"true\">\ud83c\udfd6\ufe0f<\/div><div class=\"clima-titulo-uai126\">Primavera<\/div><\/div>\n        <div class=\"clima-body-uai126\">\n            <time class=\"clima-mes-uai126\">Setembro a novembro<\/time><div class=\"clima-temp-uai126\">19\u00b0C a 29\u00b0C<\/div>\n            <div class=\"clima-desc-uai126\">O tempo volta a esquentar aos poucos. Uma \u00f3tima janela para escapar do grande fluxo e curtir o charme das <strong>praias quase desertas<\/strong> e serenas da regi\u00e3o.<\/div>\n            <div class=\"clima-pill-uai126\"><span>\u2601\ufe0f Chuva M\u00e9dia<\/span><\/div>\n        <\/div>\n    <\/div>\n<\/div>\n\n\n\n<p><em>Temperaturas aproximadas com base no <a href=\"https:\/\/www.climatempo.com.br\/previsao-do-tempo\/cidade\/769\/angradosreis-rj\" target=\"_blank\" rel=\"noreferrer noopener\"><strong>Climatempo<\/strong><\/a>. Condi\u00e7\u00f5es podem variar.<\/em><\/p>\n\n\n\n<p>O inverno costuma ser a esta\u00e7\u00e3o preferida dos mergulhadores pela \u00e1gua mais clara e pelo c\u00e9u limpo. J\u00e1 o ver\u00e3o tem mar mais quente e chuvas concentradas no fim de tarde, com alt\u00edssima ocupa\u00e7\u00e3o dos passeios e dos resorts.<\/p>\n\n\n\n<h2 class=\"wp-block-heading\">Como chegar \u00e0 Costa Verde<\/h2>\n\n\n\n<p><strong>Angra dos Reis<\/strong> fica a aproximadamente 158 km do <strong>Rio de Janeiro<\/strong> e 400 km de <strong>S\u00e3o Paulo<\/strong>. O acesso pela rodovia <strong>BR-101<\/strong>, conhecida como <strong>Rodovia Rio-Santos<\/strong>, atravessa toda a costa fluminense entre serra e mar.<\/p>\n\n\n\n<p>O <strong>Aeroporto Internacional do Gale\u00e3o<\/strong> \u00e9 o ponto de chegada mais comum, e do <strong>Rio<\/strong> a viagem leva cerca de 2h30 de carro sem tr\u00e2nsito. \u00d4nibus diretos partem das rodovi\u00e1rias do <strong>Rio<\/strong> e de <strong>S\u00e3o Paulo<\/strong> com frequ\u00eancia di\u00e1ria. Para chegar \u00e0 <strong>Ilha Grande<\/strong>, \u00e9 preciso pegar um fast boat ou uma barca a partir do <strong>Cais da Lapa<\/strong> ou de <strong>Concei\u00e7\u00e3o de Jacare\u00ed<\/strong>.<\/p>\n\n\n\n<h2 class=\"wp-block-heading\">V\u00e1 conhecer a ba\u00eda com uma ilha para cada dia do ano<\/h2>\n\n\n\n<p>Poucos destinos brasileiros entregam tanto em t\u00e3o pouco espa\u00e7o. Em <strong>Angra dos Reis<\/strong>, \u00e9 poss\u00edvel tomar caf\u00e9 com vista para o mar, almo\u00e7ar em uma ilha, mergulhar em uma piscina natural \u00e0 tarde e jantar peixe na telha \u00e0 beira da areia, tudo no mesmo dia.<\/p>\n\n\n\n<p>Voc\u00ea precisa subir num barco e descobrir por que a ba\u00eda dos 365 para\u00edsos virou ref\u00fagio de quem pode escolher qualquer lugar do mundo para fugir.<\/p>\n","protected":false},"excerpt":{"rendered":"<p>A ba\u00eda recortada da Costa Verde fluminense esconde 365 ilhas, mais de 2 mil praias e algumas das propriedades mais discretas do Brasil. Em Angra dos Reis, a 158 km do Rio de Janeiro, ilhas particulares j\u00e1 receberam Tom Cruise, Jackie Onassis e os Rolling Stones, e mans\u00f5es \u00e0 beira-mar hoje pertencem a Xuxa, Neymar, [&hellip;]<\/p>\n","protected":false},"author":14,"featured_media":128770,"comment_status":"open","ping_status":"open","sticky":false,"template":"","format":"standard","meta":{"jnews-multi-image_gallery":[],"jnews_single_post":{"format":"standard"},"jnews_primary_category":[],"jnews_social_meta":[],"jnews_override_counter":[],"footnotes":""},"categories":[210],"tags":[17982,234,346],"class_list":["post-127715","post","type-post","status-publish","format-standard","has-post-thumbnail","hentry","category-cidades","tag-angra-dos-reis","tag-cidades","tag-rio-de-janeiro"],"yoast_head":"<!-- This site is optimized with the Yoast SEO plugin v26.5 - https:\/\/yoast.com\/wordpress\/plugins\/seo\/ -->\n<title>Tom Cruise almo\u00e7ou aqui e Dua Lipa tamb\u00e9m: a cidade do litoral brasileiro com 365 ilhas onde Xuxa, Neymar e Luciano Huck t\u00eam mans\u00e3o - UAI Not\u00edcias<\/title>\n<meta name=\"description\" content=\"Com uma ilha para cada dia do ano, este destino \u00e9 o favorito das estrelas mundiais. Veja as curiosidades deste ref\u00fagio de luxo no litoral.\" \/>\n<meta name=\"robots\" content=\"index, follow, max-snippet:-1, max-image-preview:large, max-video-preview:-1\" \/>\n<link rel=\"canonical\" href=\"https:\/\/www.uai.com.br\/uainoticias\/2026\/04\/30\/tom-cruise-almocou-aqui-e-dua-lipa-tambem-a-cidade-do-litoral-brasileiro-com-365-ilhas-onde-xuxa-neymar-e-luciano-huck-tem-mansao\/\" \/>\n<meta property=\"og:locale\" content=\"pt_BR\" \/>\n<meta property=\"og:type\" content=\"article\" \/>\n<meta property=\"og:title\" content=\"Tom Cruise almo\u00e7ou aqui e Dua Lipa tamb\u00e9m: a cidade do litoral brasileiro com 365 ilhas onde Xuxa, Neymar e Luciano Huck t\u00eam mans\u00e3o - UAI Not\u00edcias\" \/>\n<meta property=\"og:description\" content=\"Com uma ilha para cada dia do ano, este destino \u00e9 o favorito das estrelas mundiais. Veja as curiosidades deste ref\u00fagio de luxo no litoral.\" \/>\n<meta property=\"og:url\" content=\"https:\/\/www.uai.com.br\/uainoticias\/2026\/04\/30\/tom-cruise-almocou-aqui-e-dua-lipa-tambem-a-cidade-do-litoral-brasileiro-com-365-ilhas-onde-xuxa-neymar-e-luciano-huck-tem-mansao\/\" \/>\n<meta property=\"og:site_name\" content=\"UAI Not\u00edcias\" \/>\n<meta property=\"article:published_time\" content=\"2026-04-30T23:25:00+00:00\" \/>\n<meta property=\"og:image\" content=\"https:\/\/www.uai.com.br\/uainoticias\/wp-content\/uploads\/2026\/04\/Tropical_coastal_panorama_luxury\u2026_202604300259.jpg\" \/>\n\t<meta property=\"og:image:width\" content=\"1280\" \/>\n\t<meta property=\"og:image:height\" content=\"720\" \/>\n\t<meta property=\"og:image:type\" content=\"image\/jpeg\" \/>\n<meta name=\"author\" content=\"Vitor Bruno\" \/>\n<meta name=\"twitter:card\" content=\"summary_large_image\" \/>\n<meta name=\"twitter:label1\" content=\"Escrito por\" \/>\n\t<meta name=\"twitter:data1\" content=\"Vitor Bruno\" \/>\n\t<meta name=\"twitter:label2\" content=\"Est. tempo de leitura\" \/>\n\t<meta name=\"twitter:data2\" content=\"9 minutos\" \/>\n<!-- \/ Yoast SEO plugin. -->","yoast_head_json":{"title":"Tom Cruise almo\u00e7ou aqui e Dua Lipa tamb\u00e9m: a cidade do litoral brasileiro com 365 ilhas onde Xuxa, Neymar e Luciano Huck t\u00eam mans\u00e3o - UAI Not\u00edcias","description":"Com uma ilha para cada dia do ano, este destino \u00e9 o favorito das estrelas mundiais. Veja as curiosidades deste ref\u00fagio de luxo no litoral.","robots":{"index":"index","follow":"follow","max-snippet":"max-snippet:-1","max-image-preview":"max-image-preview:large","max-video-preview":"max-video-preview:-1"},"canonical":"https:\/\/www.uai.com.br\/uainoticias\/2026\/04\/30\/tom-cruise-almocou-aqui-e-dua-lipa-tambem-a-cidade-do-litoral-brasileiro-com-365-ilhas-onde-xuxa-neymar-e-luciano-huck-tem-mansao\/","og_locale":"pt_BR","og_type":"article","og_title":"Tom Cruise almo\u00e7ou aqui e Dua Lipa tamb\u00e9m: a cidade do litoral brasileiro com 365 ilhas onde Xuxa, Neymar e Luciano Huck t\u00eam mans\u00e3o - UAI Not\u00edcias","og_description":"Com uma ilha para cada dia do ano, este destino \u00e9 o favorito das estrelas mundiais. Veja as curiosidades deste ref\u00fagio de luxo no litoral.","og_url":"https:\/\/www.uai.com.br\/uainoticias\/2026\/04\/30\/tom-cruise-almocou-aqui-e-dua-lipa-tambem-a-cidade-do-litoral-brasileiro-com-365-ilhas-onde-xuxa-neymar-e-luciano-huck-tem-mansao\/","og_site_name":"UAI Not\u00edcias","article_published_time":"2026-04-30T23:25:00+00:00","og_image":[{"width":1280,"height":720,"url":"https:\/\/www.uai.com.br\/uainoticias\/wp-content\/uploads\/2026\/04\/Tropical_coastal_panorama_luxury\u2026_202604300259.jpg","type":"image\/jpeg"}],"author":"Vitor Bruno","twitter_card":"summary_large_image","twitter_misc":{"Escrito por":"Vitor Bruno","Est. tempo de leitura":"9 minutos"},"schema":{"@context":"https:\/\/schema.org","@graph":[{"@type":"WebPage","@id":"https:\/\/www.uai.com.br\/uainoticias\/2026\/04\/30\/tom-cruise-almocou-aqui-e-dua-lipa-tambem-a-cidade-do-litoral-brasileiro-com-365-ilhas-onde-xuxa-neymar-e-luciano-huck-tem-mansao\/","url":"https:\/\/www.uai.com.br\/uainoticias\/2026\/04\/30\/tom-cruise-almocou-aqui-e-dua-lipa-tambem-a-cidade-do-litoral-brasileiro-com-365-ilhas-onde-xuxa-neymar-e-luciano-huck-tem-mansao\/","name":"Tom Cruise almo\u00e7ou aqui e Dua Lipa tamb\u00e9m: a cidade do litoral brasileiro com 365 ilhas onde Xuxa, Neymar e Luciano Huck t\u00eam mans\u00e3o - UAI Not\u00edcias","isPartOf":{"@id":"https:\/\/www.uai.com.br\/uainoticias\/#website"},"primaryImageOfPage":{"@id":"https:\/\/www.uai.com.br\/uainoticias\/2026\/04\/30\/tom-cruise-almocou-aqui-e-dua-lipa-tambem-a-cidade-do-litoral-brasileiro-com-365-ilhas-onde-xuxa-neymar-e-luciano-huck-tem-mansao\/#primaryimage"},"image":{"@id":"https:\/\/www.uai.com.br\/uainoticias\/2026\/04\/30\/tom-cruise-almocou-aqui-e-dua-lipa-tambem-a-cidade-do-litoral-brasileiro-com-365-ilhas-onde-xuxa-neymar-e-luciano-huck-tem-mansao\/#primaryimage"},"thumbnailUrl":"https:\/\/www.uai.com.br\/uainoticias\/wp-content\/uploads\/2026\/04\/Tropical_coastal_panorama_luxury\u2026_202604300259.jpg","datePublished":"2026-04-30T23:25:00+00:00","author":{"@id":"https:\/\/www.uai.com.br\/uainoticias\/#\/schema\/person\/03130d752d0ce4e3bb0f607f1bc85084"},"description":"Com uma ilha para cada dia do ano, este destino \u00e9 o favorito das estrelas mundiais. Veja as curiosidades deste ref\u00fagio de luxo no litoral.","breadcrumb":{"@id":"https:\/\/www.uai.com.br\/uainoticias\/2026\/04\/30\/tom-cruise-almocou-aqui-e-dua-lipa-tambem-a-cidade-do-litoral-brasileiro-com-365-ilhas-onde-xuxa-neymar-e-luciano-huck-tem-mansao\/#breadcrumb"},"inLanguage":"pt-BR","potentialAction":[{"@type":"ReadAction","target":["https:\/\/www.uai.com.br\/uainoticias\/2026\/04\/30\/tom-cruise-almocou-aqui-e-dua-lipa-tambem-a-cidade-do-litoral-brasileiro-com-365-ilhas-onde-xuxa-neymar-e-luciano-huck-tem-mansao\/"]}]},{"@type":"ImageObject","inLanguage":"pt-BR","@id":"https:\/\/www.uai.com.br\/uainoticias\/2026\/04\/30\/tom-cruise-almocou-aqui-e-dua-lipa-tambem-a-cidade-do-litoral-brasileiro-com-365-ilhas-onde-xuxa-neymar-e-luciano-huck-tem-mansao\/#primaryimage","url":"https:\/\/www.uai.com.br\/uainoticias\/wp-content\/uploads\/2026\/04\/Tropical_coastal_panorama_luxury\u2026_202604300259.jpg","contentUrl":"https:\/\/www.uai.com.br\/uainoticias\/wp-content\/uploads\/2026\/04\/Tropical_coastal_panorama_luxury\u2026_202604300259.jpg","width":1280,"height":720,"caption":"Tom Cruise almo\u00e7ou aqui e Dua Lipa tamb\u00e9m: a cidade do litoral brasileiro com 365 ilhas onde Xuxa, Neymar e Luciano Huck t\u00eam mans\u00e3o \/\/ IMAGEM ILUSTRATIVA"},{"@type":"BreadcrumbList","@id":"https:\/\/www.uai.com.br\/uainoticias\/2026\/04\/30\/tom-cruise-almocou-aqui-e-dua-lipa-tambem-a-cidade-do-litoral-brasileiro-com-365-ilhas-onde-xuxa-neymar-e-luciano-huck-tem-mansao\/#breadcrumb","itemListElement":[{"@type":"ListItem","position":1,"name":"In\u00edcio","item":"https:\/\/www.uai.com.br\/uainoticias\/"},{"@type":"ListItem","position":2,"name":"Tom Cruise almo\u00e7ou aqui e Dua Lipa tamb\u00e9m: a cidade do litoral brasileiro com 365 ilhas onde Xuxa, Neymar e Luciano Huck t\u00eam mans\u00e3o"}]},{"@type":"WebSite","@id":"https:\/\/www.uai.com.br\/uainoticias\/#website","url":"https:\/\/www.uai.com.br\/uainoticias\/","name":"UAI Not\u00edcias","description":"Acompanhe as \u00faltimas not\u00edcias e fique bem informado sobre tudo o que acontece no Brasil e no mundo.","potentialAction":[{"@type":"SearchAction","target":{"@type":"EntryPoint","urlTemplate":"https:\/\/www.uai.com.br\/uainoticias\/?s={search_term_string}"},"query-input":{"@type":"PropertyValueSpecification","valueRequired":true,"valueName":"search_term_string"}}],"inLanguage":"pt-BR"},{"@type":"Person","@id":"https:\/\/www.uai.com.br\/uainoticias\/#\/schema\/person\/03130d752d0ce4e3bb0f607f1bc85084","name":"Vitor Bruno","image":{"@type":"ImageObject","inLanguage":"pt-BR","@id":"https:\/\/www.uai.com.br\/uainoticias\/#\/schema\/person\/image\/","url":"https:\/\/secure.gravatar.com\/avatar\/ab0513148053bbb80c117cdd35f8a0f2742d41eebbac321acf8df2e633d81609?s=96&d=mm&r=g","contentUrl":"https:\/\/secure.gravatar.com\/avatar\/ab0513148053bbb80c117cdd35f8a0f2742d41eebbac321acf8df2e633d81609?s=96&d=mm&r=g","caption":"Vitor Bruno"},"sameAs":["https:\/\/www.uai.com.br\/uainoticias\/"],"url":"https:\/\/www.uai.com.br\/uainoticias\/author\/vitor\/"}]}},"_links":{"self":[{"href":"https:\/\/www.uai.com.br\/uainoticias\/wp-json\/wp\/v2\/posts\/127715","targetHints":{"allow":["GET"]}}],"collection":[{"href":"https:\/\/www.uai.com.br\/uainoticias\/wp-json\/wp\/v2\/posts"}],"about":[{"href":"https:\/\/www.uai.com.br\/uainoticias\/wp-json\/wp\/v2\/types\/post"}],"author":[{"embeddable":true,"href":"https:\/\/www.uai.com.br\/uainoticias\/wp-json\/wp\/v2\/users\/14"}],"replies":[{"embeddable":true,"href":"https:\/\/www.uai.com.br\/uainoticias\/wp-json\/wp\/v2\/comments?post=127715"}],"version-history":[{"count":7,"href":"https:\/\/www.uai.com.br\/uainoticias\/wp-json\/wp\/v2\/posts\/127715\/revisions"}],"predecessor-version":[{"id":128771,"href":"https:\/\/www.uai.com.br\/uainoticias\/wp-json\/wp\/v2\/posts\/127715\/revisions\/128771"}],"wp:featuredmedia":[{"embeddable":true,"href":"https:\/\/www.uai.com.br\/uainoticias\/wp-json\/wp\/v2\/media\/128770"}],"wp:attachment":[{"href":"https:\/\/www.uai.com.br\/uainoticias\/wp-json\/wp\/v2\/media?parent=127715"}],"wp:term":[{"taxonomy":"category","embeddable":true,"href":"https:\/\/www.uai.com.br\/uainoticias\/wp-json\/wp\/v2\/categories?post=127715"},{"taxonomy":"post_tag","embeddable":true,"href":"https:\/\/www.uai.com.br\/uainoticias\/wp-json\/wp\/v2\/tags?post=127715"}],"curies":[{"name":"wp","href":"https:\/\/api.w.org\/{rel}","templated":true}]}}