{"id":127714,"date":"2026-04-30T17:00:00","date_gmt":"2026-04-30T20:00:00","guid":{"rendered":"https:\/\/www.uai.com.br\/uainoticias\/?p=127714"},"modified":"2026-04-30T02:57:40","modified_gmt":"2026-04-30T05:57:40","slug":"vini-jr-virginia-fonseca-neymar-beyonce-lewis-hamilton-e-shawn-mendes-escolhem-essa-vila-baiana-para-passar-as-ferias","status":"publish","type":"post","link":"https:\/\/www.uai.com.br\/uainoticias\/2026\/04\/30\/vini-jr-virginia-fonseca-neymar-beyonce-lewis-hamilton-e-shawn-mendes-escolhem-essa-vila-baiana-para-passar-as-ferias\/","title":{"rendered":"Vini Jr, Virginia Fonseca, Neymar, Beyonc\u00e9, Lewis Hamilton e Shawn Mendes escolhem essa vila baiana para passar as f\u00e9rias"},"content":{"rendered":"\n<p>No litoral sul da <strong>Bahia<\/strong>, a 47 km de <strong>Porto Seguro<\/strong>, uma antiga aldeia ind\u00edgena virou o destino mais cobi\u00e7ado da Costa do Descobrimento. <strong>Trancoso<\/strong> nasceu em 1586 como miss\u00e3o jesu\u00edta e ainda preserva o tra\u00e7ado original em torno do <strong>Quadrado<\/strong>, gramado tombado pelo IPHAN.<\/p>\n\n\n\n<h2 class=\"wp-block-heading\">Quais famosos frequentam Trancoso?<\/h2>\n\n\n\n<p>A vila re\u00fane todo dezembro um elenco que mistura m\u00fasica, futebol e televis\u00e3o. No r\u00e9veillon de 2026, <strong>Vini Jr.<\/strong> e <strong>Virginia Fonseca<\/strong> organizaram a Festa do Branco na <strong>Pousada Reserva Jacum\u00e3<\/strong>, com show de <strong>Nattan<\/strong> e a presen\u00e7a de <strong>Luciano Huck<\/strong>, <strong>Ang\u00e9lica<\/strong>, <strong>Eva Huck<\/strong>, <strong>Ben\u00edcio Huck<\/strong> e do zagueiro <strong>\u00c9der Milit\u00e3o<\/strong>, segundo a coluna de Cl\u00e1udia Meireles do <strong>Metr\u00f3poles<\/strong>.<\/p>\n\n\n\n<p>O vilarejo tamb\u00e9m recebeu <strong>Beyonc\u00e9<\/strong> em 2023, durante a passagem da turn\u00ea pelo <strong>Brasil<\/strong>, e <strong>Shawn Mendes<\/strong> em 2024, ap\u00f3s o Rock in Rio, segundo o <strong>g1 Bahia<\/strong>. A lista de visitantes inclui ainda <strong>Naomi Campbell<\/strong>, <strong>Bruna Marquezine<\/strong>, <strong>Marina Ruy Barbosa<\/strong>, <strong>Bruno Gagliasso<\/strong>, <strong>Giovanna Ewbank<\/strong>, <strong>Neymar<\/strong>, <strong>Bruna Biancardi<\/strong> e <strong>Luciana Gimenez<\/strong>. <strong>Elba Ramalho<\/strong> mora na vila desde a d\u00e9cada de 1980 e mant\u00e9m o projeto Elba Convida h\u00e1 mais de 20 anos.<\/p>\n\n\n\n<blockquote class=\"instagram-media\" data-instgrm-captioned data-instgrm-permalink=\"https:\/\/www.instagram.com\/p\/DSw8SdODLpR\/?utm_source=ig_embed&amp;utm_campaign=loading\" data-instgrm-version=\"14\" style=\" background:#FFF; border:0; border-radius:3px; box-shadow:0 0 1px 0 rgba(0,0,0,0.5),0 1px 10px 0 rgba(0,0,0,0.15); margin: 1px; max-width:540px; min-width:326px; padding:0; width:99.375%; width:-webkit-calc(100% - 2px); width:calc(100% - 2px);\"><div style=\"padding:16px;\"> <a href=\"https:\/\/www.instagram.com\/p\/DSw8SdODLpR\/?utm_source=ig_embed&amp;utm_campaign=loading\" style=\" background:#FFFFFF; line-height:0; padding:0 0; text-align:center; text-decoration:none; width:100%;\" target=\"_blank\"> <div style=\" display: flex; flex-direction: row; align-items: center;\"> <div style=\"background-color: #F4F4F4; border-radius: 50%; flex-grow: 0; height: 40px; margin-right: 14px; width: 40px;\"><\/div> <div style=\"display: flex; flex-direction: column; flex-grow: 1; justify-content: center;\"> <div style=\" background-color: #F4F4F4; border-radius: 4px; flex-grow: 0; height: 14px; margin-bottom: 6px; width: 100px;\"><\/div> <div style=\" background-color: #F4F4F4; border-radius: 4px; flex-grow: 0; height: 14px; width: 60px;\"><\/div><\/div><\/div><div style=\"padding: 19% 0;\"><\/div> <div style=\"display:block; height:50px; margin:0 auto 12px; width:50px;\"><svg width=\"50px\" height=\"50px\" viewBox=\"0 0 60 60\" version=\"1.1\" xmlns=\"https:\/\/www.w3.org\/2000\/svg\" xmlns:xlink=\"https:\/\/www.w3.org\/1999\/xlink\"><g stroke=\"none\" stroke-width=\"1\" fill=\"none\" fill-rule=\"evenodd\"><g transform=\"translate(-511.000000, -20.000000)\" fill=\"#000000\"><g><path d=\"M556.869,30.41 C554.814,30.41 553.148,32.076 553.148,34.131 C553.148,36.186 554.814,37.852 556.869,37.852 C558.924,37.852 560.59,36.186 560.59,34.131 C560.59,32.076 558.924,30.41 556.869,30.41 M541,60.657 C535.114,60.657 530.342,55.887 530.342,50 C530.342,44.114 535.114,39.342 541,39.342 C546.887,39.342 551.658,44.114 551.658,50 C551.658,55.887 546.887,60.657 541,60.657 M541,33.886 C532.1,33.886 524.886,41.1 524.886,50 C524.886,58.899 532.1,66.113 541,66.113 C549.9,66.113 557.115,58.899 557.115,50 C557.115,41.1 549.9,33.886 541,33.886 M565.378,62.101 C565.244,65.022 564.756,66.606 564.346,67.663 C563.803,69.06 563.154,70.057 562.106,71.106 C561.058,72.155 560.06,72.803 558.662,73.347 C557.607,73.757 556.021,74.244 553.102,74.378 C549.944,74.521 548.997,74.552 541,74.552 C533.003,74.552 532.056,74.521 528.898,74.378 C525.979,74.244 524.393,73.757 523.338,73.347 C521.94,72.803 520.942,72.155 519.894,71.106 C518.846,70.057 518.197,69.06 517.654,67.663 C517.244,66.606 516.755,65.022 516.623,62.101 C516.479,58.943 516.448,57.996 516.448,50 C516.448,42.003 516.479,41.056 516.623,37.899 C516.755,34.978 517.244,33.391 517.654,32.338 C518.197,30.938 518.846,29.942 519.894,28.894 C520.942,27.846 521.94,27.196 523.338,26.654 C524.393,26.244 525.979,25.756 528.898,25.623 C532.057,25.479 533.004,25.448 541,25.448 C548.997,25.448 549.943,25.479 553.102,25.623 C556.021,25.756 557.607,26.244 558.662,26.654 C560.06,27.196 561.058,27.846 562.106,28.894 C563.154,29.942 563.803,30.938 564.346,32.338 C564.756,33.391 565.244,34.978 565.378,37.899 C565.522,41.056 565.552,42.003 565.552,50 C565.552,57.996 565.522,58.943 565.378,62.101 M570.82,37.631 C570.674,34.438 570.167,32.258 569.425,30.349 C568.659,28.377 567.633,26.702 565.965,25.035 C564.297,23.368 562.623,22.342 560.652,21.575 C558.743,20.834 556.562,20.326 553.369,20.18 C550.169,20.033 549.148,20 541,20 C532.853,20 531.831,20.033 528.631,20.18 C525.438,20.326 523.257,20.834 521.349,21.575 C519.376,22.342 517.703,23.368 516.035,25.035 C514.368,26.702 513.342,28.377 512.574,30.349 C511.834,32.258 511.326,34.438 511.181,37.631 C511.035,40.831 511,41.851 511,50 C511,58.147 511.035,59.17 511.181,62.369 C511.326,65.562 511.834,67.743 512.574,69.651 C513.342,71.625 514.368,73.296 516.035,74.965 C517.703,76.634 519.376,77.658 521.349,78.425 C523.257,79.167 525.438,79.673 528.631,79.82 C531.831,79.965 532.853,80.001 541,80.001 C549.148,80.001 550.169,79.965 553.369,79.82 C556.562,79.673 558.743,79.167 560.652,78.425 C562.623,77.658 564.297,76.634 565.965,74.965 C567.633,73.296 568.659,71.625 569.425,69.651 C570.167,67.743 570.674,65.562 570.82,62.369 C570.966,59.17 571,58.147 571,50 C571,41.851 570.966,40.831 570.82,37.631\"><\/path><\/g><\/g><\/g><\/svg><\/div><div style=\"padding-top: 8px;\"> <div style=\" color:#3897f0; font-family:Arial,sans-serif; font-size:14px; font-style:normal; font-weight:550; line-height:18px;\">Ver essa foto no Instagram<\/div><\/div><div style=\"padding: 12.5% 0;\"><\/div> <div style=\"display: flex; flex-direction: row; margin-bottom: 14px; align-items: center;\"><div> <div style=\"background-color: #F4F4F4; border-radius: 50%; height: 12.5px; width: 12.5px; transform: translateX(0px) translateY(7px);\"><\/div> <div style=\"background-color: #F4F4F4; height: 12.5px; transform: rotate(-45deg) translateX(3px) translateY(1px); width: 12.5px; flex-grow: 0; margin-right: 14px; margin-left: 2px;\"><\/div> <div style=\"background-color: #F4F4F4; border-radius: 50%; height: 12.5px; width: 12.5px; transform: translateX(9px) translateY(-18px);\"><\/div><\/div><div style=\"margin-left: 8px;\"> <div style=\" background-color: #F4F4F4; border-radius: 50%; flex-grow: 0; height: 20px; width: 20px;\"><\/div> <div style=\" width: 0; height: 0; border-top: 2px solid transparent; border-left: 6px solid #f4f4f4; border-bottom: 2px solid transparent; transform: translateX(16px) translateY(-4px) rotate(30deg)\"><\/div><\/div><div style=\"margin-left: auto;\"> <div style=\" width: 0px; border-top: 8px solid #F4F4F4; border-right: 8px solid transparent; transform: translateY(16px);\"><\/div> <div style=\" background-color: #F4F4F4; flex-grow: 0; height: 12px; width: 16px; transform: translateY(-4px);\"><\/div> <div style=\" width: 0; height: 0; border-top: 8px solid #F4F4F4; border-left: 8px solid transparent; transform: translateY(-4px) translateX(8px);\"><\/div><\/div><\/div> <div style=\"display: flex; flex-direction: column; flex-grow: 1; justify-content: center; margin-bottom: 24px;\"> <div style=\" background-color: #F4F4F4; border-radius: 4px; flex-grow: 0; height: 14px; margin-bottom: 6px; width: 224px;\"><\/div> <div style=\" background-color: #F4F4F4; border-radius: 4px; flex-grow: 0; height: 14px; width: 144px;\"><\/div><\/div><\/a><p style=\" color:#c9c8cd; font-family:Arial,sans-serif; font-size:14px; line-height:17px; margin-bottom:0; margin-top:8px; overflow:hidden; padding:8px 0 7px; text-align:center; text-overflow:ellipsis; white-space:nowrap;\"><a href=\"https:\/\/www.instagram.com\/p\/DSw8SdODLpR\/?utm_source=ig_embed&amp;utm_campaign=loading\" style=\" color:#c9c8cd; font-family:Arial,sans-serif; font-size:14px; font-style:normal; font-weight:normal; line-height:17px; text-decoration:none;\" target=\"_blank\">Um post compartilhado por Hotel Boutique Bahia Bonita (@bahiabonitatrancoso)<\/a><\/p><\/div><\/blockquote>\n<script async src=\"\/\/www.instagram.com\/embed.js\"><\/script>\n\n\n\n<h2 class=\"wp-block-heading\">Por que Trancoso virou ref\u00fagio de celebridades?<\/h2>\n\n\n\n<p>O segredo est\u00e1 na combina\u00e7\u00e3o rara de hist\u00f3ria preservada e isolamento natural. A vila ficou praticamente esquecida por quase quatro s\u00e9culos, at\u00e9 ser descoberta por hippies que percorriam o litoral sul baiano nos anos 1970, segundo a <a href=\"https:\/\/trancoso.org\/trancoso\" target=\"_blank\" rel=\"noreferrer noopener\"><strong>Organiza\u00e7\u00e3o Turismo de Trancoso (OTT)<\/strong><\/a>.<\/p>\n\n\n\n<p>O <strong>Quadrado<\/strong> \u00e9 tombado pelo IPHAN, com regras r\u00edgidas que pro\u00edbem postes de luz e impedem qualquer constru\u00e7\u00e3o que descaracterize o cen\u00e1rio. Esse rigor garante a privacidade que os famosos buscam, em hot\u00e9is boutique com di\u00e1rias que chegam a R$ 6 mil e condom\u00ednios fechados que d\u00e3o acesso direto \u00e0s praias preservadas.<\/p>\n\n\n<div class=\"wp-block-image\">\n<figure class=\"aligncenter size-large\"><img decoding=\"async\" width=\"1024\" height=\"576\" src=\"https:\/\/www.uai.com.br\/uainoticias\/wp-content\/uploads\/2025\/12\/Trancoso-Bahia_1767083179893-1024x576.jpg\" alt=\"O Caribe Baiano que transformou praias calmas no maior desejo de viagem\" class=\"wp-image-99268\" srcset=\"https:\/\/www.uai.com.br\/uainoticias\/wp-content\/uploads\/2025\/12\/Trancoso-Bahia_1767083179893-1024x576.jpg 1024w, https:\/\/www.uai.com.br\/uainoticias\/wp-content\/uploads\/2025\/12\/Trancoso-Bahia_1767083179893-300x169.jpg 300w, https:\/\/www.uai.com.br\/uainoticias\/wp-content\/uploads\/2025\/12\/Trancoso-Bahia_1767083179893-768x432.jpg 768w, https:\/\/www.uai.com.br\/uainoticias\/wp-content\/uploads\/2025\/12\/Trancoso-Bahia_1767083179893-750x422.jpg 750w, https:\/\/www.uai.com.br\/uainoticias\/wp-content\/uploads\/2025\/12\/Trancoso-Bahia_1767083179893-1140x641.jpg 1140w, https:\/\/www.uai.com.br\/uainoticias\/wp-content\/uploads\/2025\/12\/Trancoso-Bahia_1767083179893.jpg 1280w\" sizes=\"(max-width: 1024px) 100vw, 1024px\" \/><figcaption class=\"wp-element-caption\">Trancoso combina praias tranquilas e vida cultural no Quadrado \/\/ Cr\u00e9ditos: depositphotos.com \/ Cristian_Lourenco<\/figcaption><\/figure><\/div>\n\n\n<h2 class=\"wp-block-heading\">O Quadrado tombado pelo IPHAN \u00e9 o cora\u00e7\u00e3o da vila<\/h2>\n\n\n\n<p>O cart\u00e3o-postal da cidade \u00e9 uma pra\u00e7a gramada cercada por casinhas coloridas, com a <strong>Igreja de S\u00e3o Jo\u00e3o Batista<\/strong> ao fundo, de costas para o mar. A constru\u00e7\u00e3o atual data de 1815, erguida com pedras de arrecifes e o tradicional reboco Santa F\u00e9, mistura de areia e \u00f3leo de baleia, segundo a <a href=\"https:\/\/www.igrejasaojoaobatista.com.br\/historia-da-igreja\/\" target=\"_blank\" rel=\"noreferrer noopener\"><strong>Par\u00f3quia S\u00e3o Jo\u00e3o Batista<\/strong><\/a>.<\/p>\n\n\n\n<p>A vila foi fundada em 1586 como Aldeia de S\u00e3o Jo\u00e3o Batista dos \u00cdndios, miss\u00e3o jesu\u00edta de catequese dos povos origin\u00e1rios. Em 1759, foi elevada \u00e0 condi\u00e7\u00e3o de Vila de S\u00e3o Jo\u00e3o, e o conjunto arquitet\u00f4nico mant\u00e9m at\u00e9 hoje as casas coloniais tombadas em torno do gramado retangular.<\/p>\n\n\n<div class=\"wp-block-image\">\n<figure class=\"aligncenter size-large\"><img decoding=\"async\" width=\"1024\" height=\"576\" src=\"https:\/\/www.uai.com.br\/uainoticias\/wp-content\/uploads\/2025\/12\/Trancoso-Bahia_1767083192731-1024x576.jpg\" alt=\"O Caribe Baiano que transformou praias calmas no maior desejo de viagem\" class=\"wp-image-99269\" srcset=\"https:\/\/www.uai.com.br\/uainoticias\/wp-content\/uploads\/2025\/12\/Trancoso-Bahia_1767083192731-1024x576.jpg 1024w, https:\/\/www.uai.com.br\/uainoticias\/wp-content\/uploads\/2025\/12\/Trancoso-Bahia_1767083192731-300x169.jpg 300w, https:\/\/www.uai.com.br\/uainoticias\/wp-content\/uploads\/2025\/12\/Trancoso-Bahia_1767083192731-768x432.jpg 768w, https:\/\/www.uai.com.br\/uainoticias\/wp-content\/uploads\/2025\/12\/Trancoso-Bahia_1767083192731-750x422.jpg 750w, https:\/\/www.uai.com.br\/uainoticias\/wp-content\/uploads\/2025\/12\/Trancoso-Bahia_1767083192731-1140x641.jpg 1140w, https:\/\/www.uai.com.br\/uainoticias\/wp-content\/uploads\/2025\/12\/Trancoso-Bahia_1767083192731.jpg 1280w\" sizes=\"(max-width: 1024px) 100vw, 1024px\" \/><figcaption class=\"wp-element-caption\">Trancoso \u00e9 destino ideal para relaxar com estilo \/\/ Cr\u00e9ditos: depositphotos.com \/ vbacarin<\/figcaption><\/figure><\/div>\n\n\n<p><strong>Leia tamb\u00e9m: <a href=\"https:\/\/www.uai.com.br\/uainoticias\/2026\/04\/25\/essa-cidade-nordestina-esta-em-alta-447-mais-estrangeiros-escolheram-esse-paraiso-de-mar-morno-e-brisa-perfeita\/\" target=\"_blank\" rel=\"noreferrer noopener\">Essa cidade nordestina est\u00e1 em alta: 44,7% mais estrangeiros escolheram esse para\u00edso de mar morno e brisa perfeita<\/a><\/strong><\/p>\n\n\n\n<h2 class=\"wp-block-heading\">O que fazer em Trancoso?<\/h2>\n\n\n\n<p>A vila combina patrim\u00f4nio hist\u00f3rico, praias preservadas e gastronomia sofisticada em poucos quil\u00f4metros. Os imperd\u00edveis come\u00e7am pelo <strong>Quadrado<\/strong> e se espalham pela orla:<\/p>\n\n\n\n<ul class=\"wp-block-list\">\n<li><strong>Quadrado<\/strong>: pra\u00e7a gramada com casinhas coloniais coloridas, restaurantes, lojas e ateli\u00eas em torno da igrejinha hist\u00f3rica.<\/li>\n\n\n\n<li><strong>Igreja de S\u00e3o Jo\u00e3o Batista<\/strong>: erguida com pedras de arrecifes e reboco de \u00f3leo de baleia, com mirante para o mar nos fundos.<\/li>\n\n\n\n<li><strong>Praia dos Nativos<\/strong>: encontro do <strong>Rio Trancoso<\/strong> com o mar, com piscinas naturais e mirante das fal\u00e9sias coloridas.<\/li>\n\n\n\n<li><strong>Praia dos Coqueiros<\/strong>: a mais pr\u00f3xima do <strong>Quadrado<\/strong>, com recifes que formam piscinas naturais na mar\u00e9 baixa.<\/li>\n\n\n\n<li><strong>Praia do Espelho<\/strong>: a 25 km, em <strong>Cara\u00edva<\/strong>, considerada uma das mais bonitas do <strong>Brasil<\/strong>, com fal\u00e9sias rosadas e \u00e1guas cristalinas.<\/li>\n\n\n\n<li><strong>Mirante do Quadrado<\/strong>: nos fundos da igreja, vista panor\u00e2mica das praias e da orla preservada.<\/li>\n<\/ul>\n\n\n\n<p>A gastronomia transformou a vila em um polo de alta cozinha do Nordeste, com chefs reconhecidos nacionalmente. Algumas refer\u00eancias locais:<\/p>\n\n\n\n<ul class=\"wp-block-list\">\n<li><strong>Capim Santo<\/strong>: comandado pela chef <strong>Morena Leite<\/strong>, \u00e9 um dos restaurantes mais badalados da vila, com pratos que valorizam ingredientes regionais.<\/li>\n\n\n\n<li><strong>El Gordo<\/strong>: cl\u00e1ssico do <strong>Quadrado<\/strong>, com culin\u00e1ria autoral em ambiente r\u00fastico iluminado por velas.<\/li>\n\n\n\n<li><strong>Festival de M\u00fasica<\/strong>: organizado pelo <strong>Mozarteum Brasileiro<\/strong> desde 2012, com concertos no Teatro L&#8217;Occitane e no Bosque do Quadrado, em mar\u00e7o.<\/li>\n\n\n\n<li><strong>Mercado de tapiocas e moquecas<\/strong>: a culin\u00e1ria baiana tradicional aparece em barracas e restaurantes simples nas praias dos Coqueiros e dos Nativos.<\/li>\n<\/ul>\n\n\n\n<p>Quem sonha em conhecer o destino mais \u201chypado\u201d da <strong>Bahia<\/strong>, vai curtir esse v\u00eddeo especialmente selecionado do canal <strong>errei<\/strong>, que conta com mais de <strong>57 mil<\/strong> visualiza\u00e7\u00f5es, onde <strong>Luan e Lezinha<\/strong> mostram o que fazer, praias e pre\u00e7os em <strong>Trancoso<\/strong>:<\/p>\n\n\n\n<figure class=\"wp-block-embed is-type-video is-provider-youtube wp-block-embed-youtube wp-embed-aspect-16-9 wp-has-aspect-ratio\"><div class=\"wp-block-embed__wrapper\">\n<div class=\"jeg_video_container jeg_video_content\"><iframe loading=\"lazy\" title=\"TRANCOSO, Bahia: O que Fazer, Praias, Restaurantes e TODOS os Pre\u00e7os\" width=\"500\" height=\"281\" src=\"https:\/\/www.youtube.com\/embed\/XsDkCsjl2j8?feature=oembed\" frameborder=\"0\" allow=\"accelerometer; autoplay; clipboard-write; encrypted-media; gyroscope; picture-in-picture; web-share\" referrerpolicy=\"strict-origin-when-cross-origin\" allowfullscreen><\/iframe><\/div>\n<\/div><\/figure>\n\n\n\n<h2 class=\"wp-block-heading\">Como \u00e9 o clima em Trancoso?<\/h2>\n\n\n\n<p>O clima \u00e9 tropical \u00famido, com sol o ano inteiro e chuvas distribu\u00eddas. As esta\u00e7\u00f5es se notam mais pela intensidade dos eventos do que pela temperatura, que costuma se manter entre 22 e 32 graus na maior parte do ano:<\/p>\n\n\n\n<style>\n    .clima-grid-uai125 { \n        --cor-primaria: #0278c0; --cor-secundaria: #ffd31a; --cor-txt-secundaria: #0278c0;\n        display: grid; grid-template-columns: repeat(auto-fit, minmax(190px, 1fr)); gap: 15px; justify-content: center; padding: 10px;\n    }\n    .clima-card-uai125 { border: 5px solid var(--cor-primaria); border-top: 5px solid var(--cor-secundaria); border-radius: 12px; background-color: var(--cor-primaria); background-clip: padding-box; display: flex; flex-direction: column; overflow: hidden; cursor: pointer; box-shadow: 0 6px 12px rgba(0,0,0, 0.2); transition: transform 0.2s ease, box-shadow 0.2s ease; -webkit-tap-highlight-color: transparent; user-select: none; transform: translateZ(0); animation: wmFadeIn 0.6s cubic-bezier(0.2, 0.8, 0.2, 1) backwards; }\n    .clima-card-uai125:focus-visible { outline: 3px dashed var(--cor-secundaria); outline-offset: 4px; }\n    .clima-card-uai125:nth-child(1) { animation-delay: 0.1s; } .clima-card-uai125:nth-child(2) { animation-delay: 0.2s; } .clima-card-uai125:nth-child(3) { animation-delay: 0.3s; } .clima-card-uai125:nth-child(4) { animation-delay: 0.4s; }\n    @keyframes wmFadeIn { from { opacity: 0; transform: translateY(30px); } to { opacity: 1; transform: translateY(0); } }\n    .clima-card-uai125:hover { transform: translateY(-5px); box-shadow: 0 15px 30px rgba(0,0,0, 0.3); }\n    .clima-card-uai125:active { transform: translateY(-1px) scale(0.97); box-shadow: 0 3px 6px rgba(0,0,0, 0.2); transition: transform 0.05s ease, box-shadow 0.05s ease; }\n    .clima-header-uai125 { background: #fdfbf5; padding: 15px 10px; text-align: center; display: flex; flex-direction: column; align-items: center; justify-content: center; }\n    .clima-body-uai125 { background: #ffffff; padding: 15px; display: flex; flex-direction: column; flex-grow: 1; align-items: center; }\n    .clima-destaque-uai125 { box-shadow: 0 8px 16px rgba(0,0,0, 0.25); }\n    .clima-destaque-uai125:hover { box-shadow: 0 18px 36px rgba(0,0,0, 0.35); }\n    .clima-destaque-uai125 .clima-header-uai125 { background: var(--cor-secundaria); }\n    .clima-destaque-uai125 .clima-header-uai125 .clima-titulo-uai125 { color: var(--cor-txt-secundaria) !important; } \n    .clima-pill-uai125 { display: flex; white-space: normal; max-width: 100%; box-sizing: border-box; justify-content: center; align-items: center; text-align: center; background: #e6f2fa; color: var(--cor-primaria); font-size: 11px; font-weight: 900 !important; letter-spacing: 0.5px; padding: 8px 16px; border-radius: 16px; text-transform: uppercase; line-height: 1.4; box-shadow: 0 4px 8px rgba(0,0,0, 0.15); margin-top: auto; transition: transform 0.2s ease; }\n    .clima-destaque-uai125 .clima-pill-uai125 { background: var(--cor-primaria); color: #ffffff; border: 1px solid #ffffff; } \n    .clima-card-uai125:hover .clima-pill-uai125 { transform: scale(1.06); }\n    .clima-pill-uai125 span { font-weight: 900 !important; color: inherit; } \n    .clima-emoji-uai125 { font-size: 24px; line-height: 1; margin-bottom: 5px; }\n    .clima-titulo-uai125 { color: var(--cor-primaria); font-size: 16px; text-transform: uppercase; margin-top: 5px; font-weight: bold; }\n    .clima-mes-uai125 { font-size: 11px; font-weight: 800; color: var(--cor-primaria); text-transform: uppercase; margin-bottom: 5px; display: block; }\n    .clima-temp-uai125 { font-size: 26px; font-weight: 900; color: var(--cor-primaria); margin-bottom: 10px; }\n    .clima-desc-uai125 { font-size: 13px; color: #444; text-align: center; line-height: 1.5; margin-bottom: 15px; flex-grow: 1;}\n    .clima-desc-uai125 strong { color: #111; }\n    @media (prefers-color-scheme: dark) {\n        .clima-card-uai125 { border-color: #014f7d; background-color: #014f7d; box-shadow: 0 6px 12px rgba(0,0,0, 0.5); }\n        .clima-header-uai125 { background: #1a1a1a; } .clima-body-uai125 { background: #121212; }\n        .clima-destaque-uai125 .clima-header-uai125 { background: var(--cor-secundaria); }\n        .clima-destaque-uai125 .clima-header-uai125 .clima-titulo-uai125 { color: var(--cor-txt-secundaria) !important; }\n        .clima-titulo-uai125 { color: #63b2e8; } .clima-mes-uai125 { color: #63b2e8; } .clima-temp-uai125 { color: #63b2e8; } .clima-desc-uai125 { color: #cccccc; } .clima-desc-uai125 strong { color: #ffffff; }\n        .clima-pill-uai125 { background: #014f7d; color: #ffffff; box-shadow: 0 4px 8px rgba(0, 0, 0, 0.5); }\n        .clima-destaque-uai125 .clima-pill-uai125 { background: #013859; color: #ffffff; border-color: #63b2e8; }\n    }\n<\/style>\n<div class=\"google-auto-ads-ignore clima-grid-uai125\" style=\"box-sizing: border-box; width: 100%; max-width: 980px; margin: 30px auto; font-family: 'Segoe UI', Roboto, Helvetica, Arial, sans-serif;\">\n    <div class=\"clima-card-uai125 clima-destaque-uai125\" tabindex=\"0\">\n        <div class=\"clima-header-uai125\"><div class=\"clima-emoji-uai125\" aria-hidden=\"true\">\ud83e\udd42<\/div><div class=\"clima-titulo-uai125\">Ver\u00e3o<\/div><\/div>\n        <div class=\"clima-body-uai125\">\n            <time class=\"clima-mes-uai125\">Dezembro a fevereiro<\/time><div class=\"clima-temp-uai125\">24\u00b0C a 32\u00b0C<\/div>\n            <div class=\"clima-desc-uai125\">A praia mais desejada do Brasil ganha ritmo intenso! O sol a pino ilumina o cobi\u00e7ado <strong>R\u00e9veillon e atrai multid\u00f5es para as praias lotadas<\/strong>.<\/div>\n            <div class=\"clima-pill-uai125\"><span>\u2b50 Alta Temporada \/ R\u00e9veillon<\/span><\/div>\n        <\/div>\n    <\/div>\n    <div class=\"clima-card-uai125\" tabindex=\"0\">\n        <div class=\"clima-header-uai125\"><div class=\"clima-emoji-uai125\" aria-hidden=\"true\">\ud83c\udfb5<\/div><div class=\"clima-titulo-uai125\">Outono<\/div><\/div>\n        <div class=\"clima-body-uai125\">\n            <time class=\"clima-mes-uai125\">Mar\u00e7o a maio<\/time><div class=\"clima-temp-uai125\">22\u00b0C a 29\u00b0C<\/div>\n            <div class=\"clima-desc-uai125\">O regime de chuvas fica alto nesta \u00e9poca de calor moderado. A cidade recebe em mar\u00e7o os aclamados concertos do <strong>Festival de M\u00fasica<\/strong>.<\/div>\n            <div class=\"clima-pill-uai125\"><span>\u2614 Chuva Alta<\/span><\/div>\n        <\/div>\n    <\/div>\n    <div class=\"clima-card-uai125\" tabindex=\"0\">\n        <div class=\"clima-header-uai125\"><div class=\"clima-emoji-uai125\" aria-hidden=\"true\">\ud83d\udc0b<\/div><div class=\"clima-titulo-uai125\">Inverno<\/div><\/div>\n        <div class=\"clima-body-uai125\">\n            <time class=\"clima-mes-uai125\">Junho a agosto<\/time><div class=\"clima-temp-uai125\">20\u00b0C a 27\u00b0C<\/div>\n            <div class=\"clima-desc-uai125\">As temperaturas se mant\u00eam firmes, acompanhadas de tempo mais seco. A costa ferve de vida natural para a maravilhosa <strong>observa\u00e7\u00e3o de baleias jubarte<\/strong>.<\/div>\n            <div class=\"clima-pill-uai125\"><span>\ud83c\udf92 Chuva Baixa \/ Seco<\/span><\/div>\n        <\/div>\n    <\/div>\n    <div class=\"clima-card-uai125\" tabindex=\"0\">\n        <div class=\"clima-header-uai125\"><div class=\"clima-emoji-uai125\" aria-hidden=\"true\">\ud83c\udf3f<\/div><div class=\"clima-titulo-uai125\">Primavera<\/div><\/div>\n        <div class=\"clima-body-uai125\">\n            <time class=\"clima-mes-uai125\">Setembro a novembro<\/time><div class=\"clima-temp-uai125\">22\u00b0C a 30\u00b0C<\/div>\n            <div class=\"clima-desc-uai125\">A calmaria reina no litoral! Sol ameno e clima seco formam a temporada ideal de praias intocadas e do <strong>Quadrado vazio e muito bem preservado<\/strong>.<\/div>\n            <div class=\"clima-pill-uai125\"><span>\ud83c\udf24\ufe0f Chuva Baixa \/ Vazio<\/span><\/div>\n        <\/div>\n    <\/div>\n<\/div>\n\n\n\n<p><em>Temperaturas aproximadas com base no <a href=\"https:\/\/www.climatempo.com.br\/previsao-do-tempo\/cidade\/58\/trancoso-ba\" target=\"_blank\" rel=\"noreferrer noopener\"><strong>Climatempo<\/strong><\/a>. Condi\u00e7\u00f5es podem variar.<\/em><\/p>\n\n\n\n<h2 class=\"wp-block-heading\">Como chegar em Trancoso?<\/h2>\n\n\n\n<p>O acesso principal \u00e9 pelo <strong>Aeroporto Internacional de Porto Seguro<\/strong>, a cerca de 47 km de dist\u00e2ncia, com voos diretos das principais capitais. A partir do aeroporto, o trajeto envolve travessia de balsa pelo Rio Buranh\u00e9m at\u00e9 <strong>Arraial d&#8217;Ajuda<\/strong> e mais 22 km de estrada asfaltada at\u00e9 a vila.<\/p>\n\n\n\n<p>Quem prefere evitar a balsa pode fazer o trajeto por terra, em cerca de 75 km pela BR-367 e BA-001, com tempo m\u00e9dio de uma hora e meia. Dentro da vila, a circula\u00e7\u00e3o \u00e9 predominantemente a p\u00e9, sobretudo no <strong>Quadrado<\/strong>, fechado para ve\u00edculos durante boa parte do dia.<\/p>\n\n\n\n<h2 class=\"wp-block-heading\">Conhe\u00e7a o para\u00edso preservado da Bahia<\/h2>\n\n\n\n<p>Pouca gente sabe que o <strong>Quadrado<\/strong> de <strong>Trancoso<\/strong> mant\u00e9m a mesma planta desde a funda\u00e7\u00e3o jesu\u00edta de 1586, com a igreja de pedra e \u00f3leo de baleia ainda de p\u00e9 sobre a fal\u00e9sia. A vila baiana virou refer\u00eancia mundial em luxo discreto justamente por insistir em preservar o que outros destinos perderam.<\/p>\n\n\n\n<p>Voc\u00ea precisa atravessar a balsa de <strong>Porto Seguro<\/strong> e descobrir por que esse peda\u00e7o de litoral baiano segue conquistando celebridades e viajantes an\u00f4nimos com a mesma intensidade.<\/p>\n","protected":false},"excerpt":{"rendered":"<p>No litoral sul da Bahia, a 47 km de Porto Seguro, uma antiga aldeia ind\u00edgena virou o destino mais cobi\u00e7ado da Costa do Descobrimento. Trancoso nasceu em 1586 como miss\u00e3o jesu\u00edta e ainda preserva o tra\u00e7ado original em torno do Quadrado, gramado tombado pelo IPHAN. Quais famosos frequentam Trancoso? A vila re\u00fane todo dezembro um [&hellip;]<\/p>\n","protected":false},"author":14,"featured_media":128769,"comment_status":"open","ping_status":"open","sticky":false,"template":"","format":"standard","meta":{"jnews-multi-image_gallery":[],"jnews_single_post":{"format":"standard"},"jnews_primary_category":[],"jnews_social_meta":[],"jnews_override_counter":[],"footnotes":""},"categories":[210],"tags":[1233,234,18509],"class_list":["post-127714","post","type-post","status-publish","format-standard","has-post-thumbnail","hentry","category-cidades","tag-bahia","tag-cidades","tag-trancoso"],"yoast_head":"<!-- This site is optimized with the Yoast SEO plugin v26.5 - https:\/\/yoast.com\/wordpress\/plugins\/seo\/ -->\n<title>Vini Jr, Virginia Fonseca, Neymar, Beyonc\u00e9, Lewis Hamilton e Shawn Mendes escolhem essa vila baiana para passar as f\u00e9rias - UAI Not\u00edcias<\/title>\n<meta name=\"description\" content=\"Saiba por que celebridades internacionais e brasileiras n\u00e3o abrem m\u00e3o de passar as f\u00e9rias nesta charmosa vila baiana. Veja os detalhes.\" \/>\n<meta name=\"robots\" content=\"index, follow, max-snippet:-1, max-image-preview:large, max-video-preview:-1\" \/>\n<link rel=\"canonical\" href=\"https:\/\/www.uai.com.br\/uainoticias\/2026\/04\/30\/vini-jr-virginia-fonseca-neymar-beyonce-lewis-hamilton-e-shawn-mendes-escolhem-essa-vila-baiana-para-passar-as-ferias\/\" \/>\n<meta property=\"og:locale\" content=\"pt_BR\" \/>\n<meta property=\"og:type\" content=\"article\" \/>\n<meta property=\"og:title\" content=\"Vini Jr, Virginia Fonseca, Neymar, Beyonc\u00e9, Lewis Hamilton e Shawn Mendes escolhem essa vila baiana para passar as f\u00e9rias - UAI Not\u00edcias\" \/>\n<meta property=\"og:description\" content=\"Saiba por que celebridades internacionais e brasileiras n\u00e3o abrem m\u00e3o de passar as f\u00e9rias nesta charmosa vila baiana. Veja os detalhes.\" \/>\n<meta property=\"og:url\" content=\"https:\/\/www.uai.com.br\/uainoticias\/2026\/04\/30\/vini-jr-virginia-fonseca-neymar-beyonce-lewis-hamilton-e-shawn-mendes-escolhem-essa-vila-baiana-para-passar-as-ferias\/\" \/>\n<meta property=\"og:site_name\" content=\"UAI Not\u00edcias\" \/>\n<meta property=\"article:published_time\" content=\"2026-04-30T20:00:00+00:00\" \/>\n<meta property=\"og:image\" content=\"https:\/\/www.uai.com.br\/uainoticias\/wp-content\/uploads\/2026\/04\/Coastal_village_scene_with_churc\u2026_202604300257.jpg\" \/>\n\t<meta property=\"og:image:width\" content=\"1280\" \/>\n\t<meta property=\"og:image:height\" content=\"720\" \/>\n\t<meta property=\"og:image:type\" content=\"image\/jpeg\" \/>\n<meta name=\"author\" content=\"Vitor Bruno\" \/>\n<meta name=\"twitter:card\" content=\"summary_large_image\" \/>\n<meta name=\"twitter:label1\" content=\"Escrito por\" \/>\n\t<meta name=\"twitter:data1\" content=\"Vitor Bruno\" \/>\n\t<meta name=\"twitter:label2\" content=\"Est. tempo de leitura\" \/>\n\t<meta name=\"twitter:data2\" content=\"7 minutos\" \/>\n<!-- \/ Yoast SEO plugin. -->","yoast_head_json":{"title":"Vini Jr, Virginia Fonseca, Neymar, Beyonc\u00e9, Lewis Hamilton e Shawn Mendes escolhem essa vila baiana para passar as f\u00e9rias - UAI Not\u00edcias","description":"Saiba por que celebridades internacionais e brasileiras n\u00e3o abrem m\u00e3o de passar as f\u00e9rias nesta charmosa vila baiana. Veja os detalhes.","robots":{"index":"index","follow":"follow","max-snippet":"max-snippet:-1","max-image-preview":"max-image-preview:large","max-video-preview":"max-video-preview:-1"},"canonical":"https:\/\/www.uai.com.br\/uainoticias\/2026\/04\/30\/vini-jr-virginia-fonseca-neymar-beyonce-lewis-hamilton-e-shawn-mendes-escolhem-essa-vila-baiana-para-passar-as-ferias\/","og_locale":"pt_BR","og_type":"article","og_title":"Vini Jr, Virginia Fonseca, Neymar, Beyonc\u00e9, Lewis Hamilton e Shawn Mendes escolhem essa vila baiana para passar as f\u00e9rias - UAI Not\u00edcias","og_description":"Saiba por que celebridades internacionais e brasileiras n\u00e3o abrem m\u00e3o de passar as f\u00e9rias nesta charmosa vila baiana. Veja os detalhes.","og_url":"https:\/\/www.uai.com.br\/uainoticias\/2026\/04\/30\/vini-jr-virginia-fonseca-neymar-beyonce-lewis-hamilton-e-shawn-mendes-escolhem-essa-vila-baiana-para-passar-as-ferias\/","og_site_name":"UAI Not\u00edcias","article_published_time":"2026-04-30T20:00:00+00:00","og_image":[{"width":1280,"height":720,"url":"https:\/\/www.uai.com.br\/uainoticias\/wp-content\/uploads\/2026\/04\/Coastal_village_scene_with_churc\u2026_202604300257.jpg","type":"image\/jpeg"}],"author":"Vitor Bruno","twitter_card":"summary_large_image","twitter_misc":{"Escrito por":"Vitor Bruno","Est. tempo de leitura":"7 minutos"},"schema":{"@context":"https:\/\/schema.org","@graph":[{"@type":"WebPage","@id":"https:\/\/www.uai.com.br\/uainoticias\/2026\/04\/30\/vini-jr-virginia-fonseca-neymar-beyonce-lewis-hamilton-e-shawn-mendes-escolhem-essa-vila-baiana-para-passar-as-ferias\/","url":"https:\/\/www.uai.com.br\/uainoticias\/2026\/04\/30\/vini-jr-virginia-fonseca-neymar-beyonce-lewis-hamilton-e-shawn-mendes-escolhem-essa-vila-baiana-para-passar-as-ferias\/","name":"Vini Jr, Virginia Fonseca, Neymar, Beyonc\u00e9, Lewis Hamilton e Shawn Mendes escolhem essa vila baiana para passar as f\u00e9rias - UAI Not\u00edcias","isPartOf":{"@id":"https:\/\/www.uai.com.br\/uainoticias\/#website"},"primaryImageOfPage":{"@id":"https:\/\/www.uai.com.br\/uainoticias\/2026\/04\/30\/vini-jr-virginia-fonseca-neymar-beyonce-lewis-hamilton-e-shawn-mendes-escolhem-essa-vila-baiana-para-passar-as-ferias\/#primaryimage"},"image":{"@id":"https:\/\/www.uai.com.br\/uainoticias\/2026\/04\/30\/vini-jr-virginia-fonseca-neymar-beyonce-lewis-hamilton-e-shawn-mendes-escolhem-essa-vila-baiana-para-passar-as-ferias\/#primaryimage"},"thumbnailUrl":"https:\/\/www.uai.com.br\/uainoticias\/wp-content\/uploads\/2026\/04\/Coastal_village_scene_with_churc\u2026_202604300257.jpg","datePublished":"2026-04-30T20:00:00+00:00","author":{"@id":"https:\/\/www.uai.com.br\/uainoticias\/#\/schema\/person\/03130d752d0ce4e3bb0f607f1bc85084"},"description":"Saiba por que celebridades internacionais e brasileiras n\u00e3o abrem m\u00e3o de passar as f\u00e9rias nesta charmosa vila baiana. Veja os detalhes.","breadcrumb":{"@id":"https:\/\/www.uai.com.br\/uainoticias\/2026\/04\/30\/vini-jr-virginia-fonseca-neymar-beyonce-lewis-hamilton-e-shawn-mendes-escolhem-essa-vila-baiana-para-passar-as-ferias\/#breadcrumb"},"inLanguage":"pt-BR","potentialAction":[{"@type":"ReadAction","target":["https:\/\/www.uai.com.br\/uainoticias\/2026\/04\/30\/vini-jr-virginia-fonseca-neymar-beyonce-lewis-hamilton-e-shawn-mendes-escolhem-essa-vila-baiana-para-passar-as-ferias\/"]}]},{"@type":"ImageObject","inLanguage":"pt-BR","@id":"https:\/\/www.uai.com.br\/uainoticias\/2026\/04\/30\/vini-jr-virginia-fonseca-neymar-beyonce-lewis-hamilton-e-shawn-mendes-escolhem-essa-vila-baiana-para-passar-as-ferias\/#primaryimage","url":"https:\/\/www.uai.com.br\/uainoticias\/wp-content\/uploads\/2026\/04\/Coastal_village_scene_with_churc\u2026_202604300257.jpg","contentUrl":"https:\/\/www.uai.com.br\/uainoticias\/wp-content\/uploads\/2026\/04\/Coastal_village_scene_with_churc\u2026_202604300257.jpg","width":1280,"height":720,"caption":"Vini Jr, Virginia Fonseca, Neymar, Beyonc\u00e9, Lewis Hamilton e Shawn Mendes escolhem essa vila baiana para passar as f\u00e9rias \/\/ IMAGEM ILUSTRATIVA"},{"@type":"BreadcrumbList","@id":"https:\/\/www.uai.com.br\/uainoticias\/2026\/04\/30\/vini-jr-virginia-fonseca-neymar-beyonce-lewis-hamilton-e-shawn-mendes-escolhem-essa-vila-baiana-para-passar-as-ferias\/#breadcrumb","itemListElement":[{"@type":"ListItem","position":1,"name":"In\u00edcio","item":"https:\/\/www.uai.com.br\/uainoticias\/"},{"@type":"ListItem","position":2,"name":"Vini Jr, Virginia Fonseca, Neymar, Beyonc\u00e9, Lewis Hamilton e Shawn Mendes escolhem essa vila baiana para passar as f\u00e9rias"}]},{"@type":"WebSite","@id":"https:\/\/www.uai.com.br\/uainoticias\/#website","url":"https:\/\/www.uai.com.br\/uainoticias\/","name":"UAI Not\u00edcias","description":"Acompanhe as \u00faltimas not\u00edcias e fique bem informado sobre tudo o que acontece no Brasil e no mundo.","potentialAction":[{"@type":"SearchAction","target":{"@type":"EntryPoint","urlTemplate":"https:\/\/www.uai.com.br\/uainoticias\/?s={search_term_string}"},"query-input":{"@type":"PropertyValueSpecification","valueRequired":true,"valueName":"search_term_string"}}],"inLanguage":"pt-BR"},{"@type":"Person","@id":"https:\/\/www.uai.com.br\/uainoticias\/#\/schema\/person\/03130d752d0ce4e3bb0f607f1bc85084","name":"Vitor Bruno","image":{"@type":"ImageObject","inLanguage":"pt-BR","@id":"https:\/\/www.uai.com.br\/uainoticias\/#\/schema\/person\/image\/","url":"https:\/\/secure.gravatar.com\/avatar\/ab0513148053bbb80c117cdd35f8a0f2742d41eebbac321acf8df2e633d81609?s=96&d=mm&r=g","contentUrl":"https:\/\/secure.gravatar.com\/avatar\/ab0513148053bbb80c117cdd35f8a0f2742d41eebbac321acf8df2e633d81609?s=96&d=mm&r=g","caption":"Vitor Bruno"},"sameAs":["https:\/\/www.uai.com.br\/uainoticias\/"],"url":"https:\/\/www.uai.com.br\/uainoticias\/author\/vitor\/"}]}},"_links":{"self":[{"href":"https:\/\/www.uai.com.br\/uainoticias\/wp-json\/wp\/v2\/posts\/127714","targetHints":{"allow":["GET"]}}],"collection":[{"href":"https:\/\/www.uai.com.br\/uainoticias\/wp-json\/wp\/v2\/posts"}],"about":[{"href":"https:\/\/www.uai.com.br\/uainoticias\/wp-json\/wp\/v2\/types\/post"}],"author":[{"embeddable":true,"href":"https:\/\/www.uai.com.br\/uainoticias\/wp-json\/wp\/v2\/users\/14"}],"replies":[{"embeddable":true,"href":"https:\/\/www.uai.com.br\/uainoticias\/wp-json\/wp\/v2\/comments?post=127714"}],"version-history":[{"count":6,"href":"https:\/\/www.uai.com.br\/uainoticias\/wp-json\/wp\/v2\/posts\/127714\/revisions"}],"predecessor-version":[{"id":128768,"href":"https:\/\/www.uai.com.br\/uainoticias\/wp-json\/wp\/v2\/posts\/127714\/revisions\/128768"}],"wp:featuredmedia":[{"embeddable":true,"href":"https:\/\/www.uai.com.br\/uainoticias\/wp-json\/wp\/v2\/media\/128769"}],"wp:attachment":[{"href":"https:\/\/www.uai.com.br\/uainoticias\/wp-json\/wp\/v2\/media?parent=127714"}],"wp:term":[{"taxonomy":"category","embeddable":true,"href":"https:\/\/www.uai.com.br\/uainoticias\/wp-json\/wp\/v2\/categories?post=127714"},{"taxonomy":"post_tag","embeddable":true,"href":"https:\/\/www.uai.com.br\/uainoticias\/wp-json\/wp\/v2\/tags?post=127714"}],"curies":[{"name":"wp","href":"https:\/\/api.w.org\/{rel}","templated":true}]}}