{"id":127713,"date":"2026-04-30T16:25:00","date_gmt":"2026-04-30T19:25:00","guid":{"rendered":"https:\/\/www.uai.com.br\/uainoticias\/?p=127713"},"modified":"2026-04-30T02:51:26","modified_gmt":"2026-04-30T05:51:26","slug":"cidade-dona-do-maior-carnaval-de-rua-do-planeta-a-primeira-capital-do-brasil-onde-800-kg-de-ouro-forraram-uma-so-igreja","status":"publish","type":"post","link":"https:\/\/www.uai.com.br\/uainoticias\/2026\/04\/30\/cidade-dona-do-maior-carnaval-de-rua-do-planeta-a-primeira-capital-do-brasil-onde-800-kg-de-ouro-forraram-uma-so-igreja\/","title":{"rendered":"Cidade dona do maior carnaval de rua do planeta: a primeira capital do Brasil onde 800 kg de ouro forraram uma s\u00f3 igreja"},"content":{"rendered":"\n<p>A primeira capital brasileira mistura cidade-fortaleza, ladeiras de pedra e tambor o tempo todo. Em <strong>Salvador<\/strong>, o <strong>Pelourinho<\/strong> guarda o maior conjunto colonial preservado da Am\u00e9rica Latina, uma igreja barroca recoberta de ouro e o carnaval que o <strong>Guinness World Records<\/strong> consagrou como o maior do mundo em cima de trio el\u00e9trico.<\/p>\n\n\n\n<h2 class=\"wp-block-heading\">O lugar onde o Brasil come\u00e7ou<\/h2>\n\n\n\n<p>A cidade foi fundada em 29 de mar\u00e7o de 1549 pelo governador-geral <strong>Tom\u00e9 de Sousa<\/strong> como sede do governo portugu\u00eas na <strong>Am\u00e9rica<\/strong>. Erguida sobre uma falha geol\u00f3gica, ficou dividida desde sempre em <strong>Cidade Alta<\/strong> e <strong>Cidade Baixa<\/strong>, com as fun\u00e7\u00f5es administrativas e residenciais no plat\u00f4 e o porto e o com\u00e9rcio na faixa estreita de terra junto \u00e0 <strong>Ba\u00eda de Todos os Santos<\/strong>.<\/p>\n\n\n\n<p>O tra\u00e7ado urbano original \u00e9 creditado ao arquiteto portugu\u00eas <strong>Lu\u00eds Dias<\/strong>, que adaptou \u00e0 topografia o modelo de cidade do s\u00e9culo XVI. Por aqui circularam, ao longo de quase 500 anos, ind\u00edgenas, portugueses e africanos que moldaram a identidade brasileira. Salvador deixou de ser capital do <strong>Brasil<\/strong> em 1763, quando a sede da col\u00f4nia foi transferida para o <strong>Rio de Janeiro<\/strong>.<\/p>\n\n\n<div class=\"wp-block-image\">\n<figure class=\"aligncenter size-large\"><img decoding=\"async\" width=\"1024\" height=\"576\" src=\"https:\/\/www.uai.com.br\/uainoticias\/wp-content\/uploads\/2025\/12\/Salvador_1733089478807-1-1024x576.jpg\" alt=\"\" class=\"wp-image-98485\" srcset=\"https:\/\/www.uai.com.br\/uainoticias\/wp-content\/uploads\/2025\/12\/Salvador_1733089478807-1-1024x576.jpg 1024w, https:\/\/www.uai.com.br\/uainoticias\/wp-content\/uploads\/2025\/12\/Salvador_1733089478807-1-300x169.jpg 300w, https:\/\/www.uai.com.br\/uainoticias\/wp-content\/uploads\/2025\/12\/Salvador_1733089478807-1-768x432.jpg 768w, https:\/\/www.uai.com.br\/uainoticias\/wp-content\/uploads\/2025\/12\/Salvador_1733089478807-1-750x422.jpg 750w, https:\/\/www.uai.com.br\/uainoticias\/wp-content\/uploads\/2025\/12\/Salvador_1733089478807-1-1140x641.jpg 1140w, https:\/\/www.uai.com.br\/uainoticias\/wp-content\/uploads\/2025\/12\/Salvador_1733089478807-1.jpg 1280w\" sizes=\"(max-width: 1024px) 100vw, 1024px\" \/><figcaption class=\"wp-element-caption\">Salvador encanta brasileiros com suas praias e cultura vibrante \/\/ Cr\u00e9ditos: depositphotos.com \/ rmnunes<\/figcaption><\/figure><\/div>\n\n\n<h2 class=\"wp-block-heading\">O Pelourinho que a UNESCO reconheceu como Patrim\u00f4nio da Humanidade<\/h2>\n\n\n\n<p>O Centro Hist\u00f3rico foi declarado Patrim\u00f4nio Cultural da Humanidade pela <strong>Organiza\u00e7\u00e3o das Na\u00e7\u00f5es Unidas para a Educa\u00e7\u00e3o, a Ci\u00eancia e a Cultura (UNESCO)<\/strong> em 1985. <a href=\"http:\/\/portal.iphan.gov.br\/pagina\/detalhes\/241\/\" target=\"_blank\" rel=\"noreferrer noopener\"><strong>Conforme o Instituto do Patrim\u00f4nio Hist\u00f3rico e Art\u00edstico Nacional (IPHAN)<\/strong><\/a>, o conjunto urban\u00edstico contido na poligonal tombada \u00e9 um dos exemplares mais importantes do urbanismo ultramarino portugu\u00eas, com 80 hectares protegidos desde 1984.<\/p>\n\n\n\n<p>A regi\u00e3o re\u00fane o maior conjunto arquitet\u00f4nico colonial preservado da <strong>Am\u00e9rica Latina<\/strong>, com constru\u00e7\u00f5es erguidas principalmente entre os s\u00e9culos XVII e XX. O <strong>Pelourinho<\/strong>, cora\u00e7\u00e3o desse n\u00facleo, ganhou os casar\u00f5es coloridos, as ladeiras de paralelep\u00edpedo e os largos ic\u00f4nicos que se tornaram s\u00edmbolo da cidade.<\/p>\n\n\n\n<p>Em 2015, <a href=\"https:\/\/www.ocbpm.org.br\/2026\/03\/29\/ocbpm-homenageia-salvador-ba-pelo-aniversario-de-477-anos\/\" target=\"_blank\" rel=\"noreferrer noopener\"><strong>segundo a Organiza\u00e7\u00e3o das Cidades Brasileiras Patrim\u00f4nio Mundial<\/strong><\/a>, Salvador conquistou da <strong>UNESCO<\/strong> mais um reconhecimento internacional ao se tornar a primeira cidade brasileira da Rede de Cidades Criativas na categoria M\u00fasica.<\/p>\n\n\n<div class=\"wp-block-image\">\n<figure class=\"aligncenter size-large\"><img decoding=\"async\" width=\"1024\" height=\"576\" src=\"https:\/\/www.uai.com.br\/uainoticias\/wp-content\/uploads\/2025\/12\/Salvador_1748041341819-1024x576.jpg\" alt=\"\" class=\"wp-image-98486\" srcset=\"https:\/\/www.uai.com.br\/uainoticias\/wp-content\/uploads\/2025\/12\/Salvador_1748041341819-1024x576.jpg 1024w, https:\/\/www.uai.com.br\/uainoticias\/wp-content\/uploads\/2025\/12\/Salvador_1748041341819-300x169.jpg 300w, https:\/\/www.uai.com.br\/uainoticias\/wp-content\/uploads\/2025\/12\/Salvador_1748041341819-768x432.jpg 768w, https:\/\/www.uai.com.br\/uainoticias\/wp-content\/uploads\/2025\/12\/Salvador_1748041341819-750x422.jpg 750w, https:\/\/www.uai.com.br\/uainoticias\/wp-content\/uploads\/2025\/12\/Salvador_1748041341819-1140x641.jpg 1140w, https:\/\/www.uai.com.br\/uainoticias\/wp-content\/uploads\/2025\/12\/Salvador_1748041341819.jpg 1280w\" sizes=\"(max-width: 1024px) 100vw, 1024px\" \/><figcaption class=\"wp-element-caption\">Pelourinho em Salvador, Bahia \/\/ Cr\u00e9ditos: depositphotos.com \/ gustavomello162.hotmail.com<\/figcaption><\/figure><\/div>\n\n\n<h2 class=\"wp-block-heading\">A maior festa de rua do planeta<\/h2>\n\n\n\n<p>O Carnaval de Salvador entrou oficialmente para o <strong>Guinness World Records<\/strong> em 2025 como o maior carnaval de rua do mundo em cima de trios el\u00e9tricos. A certifica\u00e7\u00e3o reconheceu a maior quantidade de atos musicais j\u00e1 realizados em trios el\u00e9tricos em uma \u00fanica edi\u00e7\u00e3o: 229 apresenta\u00e7\u00f5es em pouco mais de cinco horas.<\/p>\n\n\n\n<p>A folia se espalha por sete circuitos e doze bairros soteropolitanos, com destaque para os tr\u00eas principais: <strong>Dod\u00f4<\/strong>, entre Barra e Ondina; <strong>Osmar<\/strong>, entre o <strong>Campo Grande<\/strong> e a <strong>Avenida Sete<\/strong>; e <strong>Batatinha<\/strong>, no Centro Hist\u00f3rico. O trio el\u00e9trico que virou marca registrada da festa nasceu em 1950, cria\u00e7\u00e3o dos baianos <strong>Dod\u00f4<\/strong> e <strong>Osmar<\/strong>. Mais de 2.500 horas de m\u00fasica e 700 atra\u00e7\u00f5es se somam ao calend\u00e1rio oficial, que costuma come\u00e7ar seis dias antes da quarta-feira de cinzas.<\/p>\n\n\n\n<p><strong>Leia tamb\u00e9m: <a href=\"https:\/\/www.uai.com.br\/uainoticias\/2026\/04\/25\/essa-cidade-nordestina-esta-em-alta-447-mais-estrangeiros-escolheram-esse-paraiso-de-mar-morno-e-brisa-perfeita\/\" target=\"_blank\" rel=\"noreferrer noopener\">Essa cidade nordestina est\u00e1 em alta: 44,7% mais estrangeiros escolheram esse para\u00edso de mar morno e brisa perfeita<\/a><\/strong><\/p>\n\n\n\n<h2 class=\"wp-block-heading\">O que fazer em Salvador<\/h2>\n\n\n\n<p>O roteiro cl\u00e1ssico mistura igrejas barrocas, mirantes para a ba\u00eda e os bairros vizinhos ao Centro Hist\u00f3rico. Estes s\u00e3o os imperd\u00edveis:<\/p>\n\n\n\n<ul class=\"wp-block-list\">\n<li><strong>Largo do Pelourinho<\/strong>: pra\u00e7a-cart\u00e3o postal cercada por casar\u00f5es coloridos, ateli\u00eas, galerias e os tambores dos ensaios do <strong>Olodum<\/strong>.<\/li>\n\n\n\n<li><strong>Igreja e Convento de S\u00e3o Francisco<\/strong>: obra-prima do barroco brasileiro, com cerca de 800 kg de ouro nos ornamentos da nave e dos altares.<\/li>\n\n\n\n<li><strong>Elevador Lacerda<\/strong>: liga\u00e7\u00e3o entre a Cidade Alta e a Cidade Baixa por meio de quatro cabines em uma torre de 72 metros, com vista para a <strong>Ba\u00eda de Todos os Santos<\/strong>.<\/li>\n\n\n\n<li><strong>Mercado Modelo<\/strong>: galp\u00e3o hist\u00f3rico com lojinhas de artesanato, restaurantes e roda de capoeira na frente.<\/li>\n\n\n\n<li><strong>Igreja do Senhor do Bonfim<\/strong>: santu\u00e1rio onde se amarram as fitinhas que viraram souvenir e s\u00edmbolo de f\u00e9.<\/li>\n\n\n\n<li><strong>Farol da Barra<\/strong>: ponto de partida dos 50 quil\u00f4metros de praias da capital, com museu n\u00e1utico instalado dentro da torre.<\/li>\n\n\n\n<li><strong>Catedral Bas\u00edlica de Salvador<\/strong>: antiga igreja do col\u00e9gio jesu\u00edta, com acervo de arte sacra colonial e altares em ouro.<\/li>\n\n\n\n<li><strong>Forte de Monte Serrat<\/strong>: fortifica\u00e7\u00e3o do s\u00e9culo XVI na ponta da pen\u00ednsula, com vista de 360 graus para a ba\u00eda.<\/li>\n\n\n\n<li><strong>Rio Vermelho<\/strong>: bairro bo\u00eamio onde a vida noturna ferve, com tabuleiros de baianas, casas de show e bares de m\u00fasica ao vivo.<\/li>\n<\/ul>\n\n\n\n<p>A gastronomia baiana \u00e9 t\u00e3o central na experi\u00eancia de Salvador quanto suas igrejas. Os pratos costumam misturar dend\u00ea, leite de coco, camar\u00e3o e a heran\u00e7a africana, e algumas iguarias entraram para o patrim\u00f4nio cultural do pa\u00eds:<\/p>\n\n\n\n<ul class=\"wp-block-list\">\n<li><strong>Acaraj\u00e9<\/strong>: bolinho de feij\u00e3o-fradinho frito no dend\u00ea e recheado com camar\u00e3o seco, vatap\u00e1, caruru e salada. <a href=\"https:\/\/bcr.iphan.gov.br\/bens-culturais\/oficio-das-baianas-de-acaraje\/\" target=\"_blank\" rel=\"noreferrer noopener\"><strong>Segundo o IPHAN<\/strong><\/a>, o of\u00edcio das baianas de acaraj\u00e9 \u00e9 Patrim\u00f4nio Cultural do <strong>Brasil<\/strong> desde 2005.<\/li>\n\n\n\n<li><strong>Moqueca baiana<\/strong>: peixe ou frutos do mar cozidos em panela de barro com leite de coco, dend\u00ea, piment\u00f5es e coentro.<\/li>\n\n\n\n<li><strong>Vatap\u00e1<\/strong>: creme \u00e0 base de p\u00e3o amanhecido, camar\u00e3o seco, leite de coco, dend\u00ea e amendoim, servido como recheio do acaraj\u00e9 ou prato principal.<\/li>\n\n\n\n<li><strong>Caruru<\/strong>: cozido de quiabo com camar\u00e3o, amendoim, dend\u00ea e castanhas, ligado ao culto dos orix\u00e1s <strong>Cosme<\/strong> e <strong>Dami\u00e3o<\/strong>.<\/li>\n\n\n\n<li><strong>Bob\u00f3 de camar\u00e3o<\/strong>: ensopado de camar\u00e3o com pur\u00ea de mandioca, leite de coco e dend\u00ea.<\/li>\n\n\n\n<li><strong>Sorvete da Sorveteria da Ribeira<\/strong>: tradi\u00e7\u00e3o centen\u00e1ria de Salvador com sabores como tapioca, cupua\u00e7u e tamarindo, no bairro da <strong>Ribeira<\/strong>.<\/li>\n<\/ul>\n\n\n\n<p>Quem planeja visitar a capital baiana, vai curtir esse v\u00eddeo especialmente selecionado do canal <strong>A Vida em Salvador<\/strong>, que conta com mais de <strong>600<\/strong> visualiza\u00e7\u00f5es, onde <strong>Cai Costa<\/strong> mostra como \u00e9 o movimento e a energia de <strong>Salvador<\/strong>, na <strong>Bahia<\/strong>, durante a baixa temporada:<\/p>\n\n\n\n<figure class=\"wp-block-embed is-type-video is-provider-youtube wp-block-embed-youtube wp-embed-aspect-16-9 wp-has-aspect-ratio\"><div class=\"wp-block-embed__wrapper\">\n<div class=\"jeg_video_container jeg_video_content\"><iframe loading=\"lazy\" title=\"SALVADOR NA BAIXA TEMPORADA: como fica o movimento da cidade?\" width=\"500\" height=\"281\" src=\"https:\/\/www.youtube.com\/embed\/rI-sQn94d-o?feature=oembed\" frameborder=\"0\" allow=\"accelerometer; autoplay; clipboard-write; encrypted-media; gyroscope; picture-in-picture; web-share\" referrerpolicy=\"strict-origin-when-cross-origin\" allowfullscreen><\/iframe><\/div>\n<\/div><\/figure>\n\n\n\n<h2 class=\"wp-block-heading\">Quando ir e o que fazer em cada esta\u00e7\u00e3o<\/h2>\n\n\n\n<p>O clima \u00e9 tropical \u00famido o ano todo, com temperatura raramente fora da faixa entre 23 \u00b0C e 30 \u00b0C. A diferen\u00e7a est\u00e1 no volume de chuva e no calend\u00e1rio cultural, que muda completamente a cara da cidade. Para ajudar no planejamento:<\/p>\n\n\n\n<style>\n    .clima-grid-uai124 { \n        --cor-primaria: #0278c0; --cor-secundaria: #ffd31a; --cor-txt-secundaria: #0278c0;\n        display: grid; grid-template-columns: repeat(auto-fit, minmax(190px, 1fr)); gap: 15px; justify-content: center; padding: 10px;\n    }\n    .clima-card-uai124 { border: 5px solid var(--cor-primaria); border-top: 5px solid var(--cor-secundaria); border-radius: 12px; background-color: var(--cor-primaria); background-clip: padding-box; display: flex; flex-direction: column; overflow: hidden; cursor: pointer; box-shadow: 0 6px 12px rgba(0,0,0, 0.2); transition: transform 0.2s ease, box-shadow 0.2s ease; -webkit-tap-highlight-color: transparent; user-select: none; transform: translateZ(0); animation: wmFadeIn 0.6s cubic-bezier(0.2, 0.8, 0.2, 1) backwards; }\n    .clima-card-uai124:focus-visible { outline: 3px dashed var(--cor-secundaria); outline-offset: 4px; }\n    .clima-card-uai124:nth-child(1) { animation-delay: 0.1s; } .clima-card-uai124:nth-child(2) { animation-delay: 0.2s; } .clima-card-uai124:nth-child(3) { animation-delay: 0.3s; } .clima-card-uai124:nth-child(4) { animation-delay: 0.4s; }\n    @keyframes wmFadeIn { from { opacity: 0; transform: translateY(30px); } to { opacity: 1; transform: translateY(0); } }\n    .clima-card-uai124:hover { transform: translateY(-5px); box-shadow: 0 15px 30px rgba(0,0,0, 0.3); }\n    .clima-card-uai124:active { transform: translateY(-1px) scale(0.97); box-shadow: 0 3px 6px rgba(0,0,0, 0.2); transition: transform 0.05s ease, box-shadow 0.05s ease; }\n    .clima-header-uai124 { background: #fdfbf5; padding: 15px 10px; text-align: center; display: flex; flex-direction: column; align-items: center; justify-content: center; }\n    .clima-body-uai124 { background: #ffffff; padding: 15px; display: flex; flex-direction: column; flex-grow: 1; align-items: center; }\n    .clima-destaque-uai124 { box-shadow: 0 8px 16px rgba(0,0,0, 0.25); }\n    .clima-destaque-uai124:hover { box-shadow: 0 18px 36px rgba(0,0,0, 0.35); }\n    .clima-destaque-uai124 .clima-header-uai124 { background: var(--cor-secundaria); }\n    .clima-destaque-uai124 .clima-header-uai124 .clima-titulo-uai124 { color: var(--cor-txt-secundaria) !important; } \n    .clima-pill-uai124 { display: flex; white-space: normal; max-width: 100%; box-sizing: border-box; justify-content: center; align-items: center; text-align: center; background: #e6f2fa; color: var(--cor-primaria); font-size: 11px; font-weight: 900 !important; letter-spacing: 0.5px; padding: 8px 16px; border-radius: 16px; text-transform: uppercase; line-height: 1.4; box-shadow: 0 4px 8px rgba(0,0,0, 0.15); margin-top: auto; transition: transform 0.2s ease; }\n    .clima-destaque-uai124 .clima-pill-uai124 { background: var(--cor-primaria); color: #ffffff; border: 1px solid #ffffff; } \n    .clima-card-uai124:hover .clima-pill-uai124 { transform: scale(1.06); }\n    .clima-pill-uai124 span { font-weight: 900 !important; color: inherit; } \n    .clima-emoji-uai124 { font-size: 24px; line-height: 1; margin-bottom: 5px; }\n    .clima-titulo-uai124 { color: var(--cor-primaria); font-size: 16px; text-transform: uppercase; margin-top: 5px; font-weight: bold; }\n    .clima-mes-uai124 { font-size: 11px; font-weight: 800; color: var(--cor-primaria); text-transform: uppercase; margin-bottom: 5px; display: block; }\n    .clima-temp-uai124 { font-size: 26px; font-weight: 900; color: var(--cor-primaria); margin-bottom: 10px; }\n    .clima-desc-uai124 { font-size: 13px; color: #444; text-align: center; line-height: 1.5; margin-bottom: 15px; flex-grow: 1;}\n    .clima-desc-uai124 strong { color: #111; }\n    @media (prefers-color-scheme: dark) {\n        .clima-card-uai124 { border-color: #014f7d; background-color: #014f7d; box-shadow: 0 6px 12px rgba(0,0,0, 0.5); }\n        .clima-header-uai124 { background: #1a1a1a; } .clima-body-uai124 { background: #121212; }\n        .clima-destaque-uai124 .clima-header-uai124 { background: var(--cor-secundaria); }\n        .clima-destaque-uai124 .clima-header-uai124 .clima-titulo-uai124 { color: var(--cor-txt-secundaria) !important; }\n        .clima-titulo-uai124 { color: #63b2e8; } .clima-mes-uai124 { color: #63b2e8; } .clima-temp-uai124 { color: #63b2e8; } .clima-desc-uai124 { color: #cccccc; } .clima-desc-uai124 strong { color: #ffffff; }\n        .clima-pill-uai124 { background: #014f7d; color: #ffffff; box-shadow: 0 4px 8px rgba(0, 0, 0, 0.5); }\n        .clima-destaque-uai124 .clima-pill-uai124 { background: #013859; color: #ffffff; border-color: #63b2e8; }\n    }\n<\/style>\n<div class=\"google-auto-ads-ignore clima-grid-uai124\" style=\"box-sizing: border-box; width: 100%; max-width: 980px; margin: 30px auto; font-family: 'Segoe UI', Roboto, Helvetica, Arial, sans-serif;\">\n    <div class=\"clima-card-uai124 clima-destaque-uai124\" tabindex=\"0\">\n        <div class=\"clima-header-uai124\"><div class=\"clima-emoji-uai124\" aria-hidden=\"true\">\ud83c\udf89<\/div><div class=\"clima-titulo-uai124\">Ver\u00e3o<\/div><\/div>\n        <div class=\"clima-body-uai124\">\n            <time class=\"clima-mes-uai124\">Dezembro a fevereiro<\/time><div class=\"clima-temp-uai124\">25\u00b0C a 31\u00b0C<\/div>\n            <div class=\"clima-desc-uai124\">A maior e mais quente janela de festas da Bahia. O sol garante muita curti\u00e7\u00e3o nas <strong>praias e ferve durante o aclamado Carnaval<\/strong> soteropolitano.<\/div>\n            <div class=\"clima-pill-uai124\"><span>\u2b50 Alta Temporada \/ Carnaval<\/span><\/div>\n        <\/div>\n    <\/div>\n    <div class=\"clima-card-uai124\" tabindex=\"0\">\n        <div class=\"clima-header-uai124\"><div class=\"clima-emoji-uai124\" aria-hidden=\"true\">\ud83e\udd41<\/div><div class=\"clima-titulo-uai124\">Outono<\/div><\/div>\n        <div class=\"clima-body-uai124\">\n            <time class=\"clima-mes-uai124\">Mar\u00e7o a maio<\/time><div class=\"clima-temp-uai124\">24\u00b0C a 30\u00b0C<\/div>\n            <div class=\"clima-desc-uai124\">As chuvas chegam fortes ao litoral. A dica para evitar molhar a viagem \u00e9 abra\u00e7ar a cultura local indo ao <strong>Pelourinho e visitando museus<\/strong>.<\/div>\n            <div class=\"clima-pill-uai124\"><span>\u2614 Chuva Alta<\/span><\/div>\n        <\/div>\n    <\/div>\n    <div class=\"clima-card-uai124\" tabindex=\"0\">\n        <div class=\"clima-header-uai124\"><div class=\"clima-emoji-uai124\" aria-hidden=\"true\">\u26ea<\/div><div class=\"clima-titulo-uai124\">Inverno<\/div><\/div>\n        <div class=\"clima-body-uai124\">\n            <time class=\"clima-mes-uai124\">Junho a agosto<\/time><div class=\"clima-temp-uai124\">22\u00b0C a 27\u00b0C<\/div>\n            <div class=\"clima-desc-uai124\">O clima fresco e encharcado marca a \u00e9poca. Por\u00e9m, o turismo n\u00e3o para por conta das lindas tradi\u00e7\u00f5es baianas: a <strong>Festa do Bonfim e Iemanj\u00e1<\/strong>.<\/div>\n            <div class=\"clima-pill-uai124\"><span>\u2614 Chuva Alta<\/span><\/div>\n        <\/div>\n    <\/div>\n    <div class=\"clima-card-uai124\" tabindex=\"0\">\n        <div class=\"clima-header-uai124\"><div class=\"clima-emoji-uai124\" aria-hidden=\"true\">\ud83c\udfd6\ufe0f<\/div><div class=\"clima-titulo-uai124\">Primavera<\/div><\/div>\n        <div class=\"clima-body-uai124\">\n            <time class=\"clima-mes-uai124\">Setembro a novembro<\/time><div class=\"clima-temp-uai124\">23\u00b0C a 29\u00b0C<\/div>\n            <div class=\"clima-desc-uai124\">O calor e a seca se reapresentam na Bahia. \u00c9poca super confort\u00e1vel para aproveitar as belas <strong>Praias da orla e caminhar pela Cidade Baixa<\/strong>.<\/div>\n            <div class=\"clima-pill-uai124\"><span>\ud83c\udf24\ufe0f Chuva Baixa<\/span><\/div>\n        <\/div>\n    <\/div>\n<\/div>\n\n\n\n<p><em>Temperaturas aproximadas com base no <a href=\"https:\/\/www.climatempo.com.br\/previsao-do-tempo\/cidade\/56\/salvador-ba\" target=\"_blank\" rel=\"noreferrer noopener\"><strong>Climatempo<\/strong><\/a>. Condi\u00e7\u00f5es podem variar.<\/em><\/p>\n\n\n\n<p>Os meses de novembro a fevereiro concentram menos chuva e o calend\u00e1rio das grandes festas, do <strong>R\u00e9veillon<\/strong> ao <strong>Carnaval<\/strong>. J\u00e1 entre abril e julho, as pancadas s\u00e3o frequentes, mas a cidade fica menos cheia e os pre\u00e7os de hospedagem caem fora da alta temporada.<\/p>\n\n\n\n<h2 class=\"wp-block-heading\">V\u00e1 conhecer a cidade que inventou o Brasil<\/h2>\n\n\n\n<p>Salvador \u00e9 o tipo de destino em que cada esquina conta uma hist\u00f3ria de quase cinco s\u00e9culos. O barulho dos tambores, o cheiro de dend\u00ea nos tabuleiros e a vista do <strong>Elevador Lacerda<\/strong> sobre a ba\u00eda resumem por que a cidade segue sendo conhecida como Capital da Alegria.<\/p>\n\n\n\n<p>Voc\u00ea precisa subir as ladeiras do <strong>Pelourinho<\/strong>, sentar \u00e0 mesa de uma baiana e entender por que a primeira capital do <strong>Brasil<\/strong> continua sendo, h\u00e1 477 anos, um dos lugares mais vivos do pa\u00eds.<\/p>\n","protected":false},"excerpt":{"rendered":"<p>A primeira capital brasileira mistura cidade-fortaleza, ladeiras de pedra e tambor o tempo todo. Em Salvador, o Pelourinho guarda o maior conjunto colonial preservado da Am\u00e9rica Latina, uma igreja barroca recoberta de ouro e o carnaval que o Guinness World Records consagrou como o maior do mundo em cima de trio el\u00e9trico. O lugar onde [&hellip;]<\/p>\n","protected":false},"author":14,"featured_media":128766,"comment_status":"open","ping_status":"open","sticky":false,"template":"","format":"standard","meta":{"jnews-multi-image_gallery":[],"jnews_single_post":{"format":"standard"},"jnews_primary_category":[],"jnews_social_meta":[],"jnews_override_counter":[],"footnotes":""},"categories":[210],"tags":[1233,234,1232],"class_list":["post-127713","post","type-post","status-publish","format-standard","has-post-thumbnail","hentry","category-cidades","tag-bahia","tag-cidades","tag-salvador"],"yoast_head":"<!-- This site is optimized with the Yoast SEO plugin v26.5 - https:\/\/yoast.com\/wordpress\/plugins\/seo\/ -->\n<title>Cidade dona do maior carnaval de rua do planeta: a primeira capital do Brasil onde 800 kg de ouro forraram uma s\u00f3 igreja - UAI Not\u00edcias<\/title>\n<meta name=\"description\" content=\"Da primeira capital do pa\u00eds ao maior carnaval de rua do planeta. Explore as igrejas de ouro e a energia contagiante deste destino \u00fanico.\" \/>\n<meta name=\"robots\" content=\"index, follow, max-snippet:-1, max-image-preview:large, max-video-preview:-1\" \/>\n<link rel=\"canonical\" href=\"https:\/\/www.uai.com.br\/uainoticias\/2026\/04\/30\/cidade-dona-do-maior-carnaval-de-rua-do-planeta-a-primeira-capital-do-brasil-onde-800-kg-de-ouro-forraram-uma-so-igreja\/\" \/>\n<meta property=\"og:locale\" content=\"pt_BR\" \/>\n<meta property=\"og:type\" content=\"article\" \/>\n<meta property=\"og:title\" content=\"Cidade dona do maior carnaval de rua do planeta: a primeira capital do Brasil onde 800 kg de ouro forraram uma s\u00f3 igreja - UAI Not\u00edcias\" \/>\n<meta property=\"og:description\" content=\"Da primeira capital do pa\u00eds ao maior carnaval de rua do planeta. Explore as igrejas de ouro e a energia contagiante deste destino \u00fanico.\" \/>\n<meta property=\"og:url\" content=\"https:\/\/www.uai.com.br\/uainoticias\/2026\/04\/30\/cidade-dona-do-maior-carnaval-de-rua-do-planeta-a-primeira-capital-do-brasil-onde-800-kg-de-ouro-forraram-uma-so-igreja\/\" \/>\n<meta property=\"og:site_name\" content=\"UAI Not\u00edcias\" \/>\n<meta property=\"article:published_time\" content=\"2026-04-30T19:25:00+00:00\" \/>\n<meta property=\"og:image\" content=\"https:\/\/www.uai.com.br\/uainoticias\/wp-content\/uploads\/2026\/04\/Church_interior_and_carnival_street_202604300250-scaled.jpg\" \/>\n\t<meta property=\"og:image:width\" content=\"2560\" \/>\n\t<meta property=\"og:image:height\" content=\"1440\" \/>\n\t<meta property=\"og:image:type\" content=\"image\/jpeg\" \/>\n<meta name=\"author\" content=\"Vitor Bruno\" \/>\n<meta name=\"twitter:card\" content=\"summary_large_image\" \/>\n<meta name=\"twitter:label1\" content=\"Escrito por\" \/>\n\t<meta name=\"twitter:data1\" content=\"Vitor Bruno\" \/>\n\t<meta name=\"twitter:label2\" content=\"Est. tempo de leitura\" \/>\n\t<meta name=\"twitter:data2\" content=\"8 minutos\" \/>\n<!-- \/ Yoast SEO plugin. -->","yoast_head_json":{"title":"Cidade dona do maior carnaval de rua do planeta: a primeira capital do Brasil onde 800 kg de ouro forraram uma s\u00f3 igreja - UAI Not\u00edcias","description":"Da primeira capital do pa\u00eds ao maior carnaval de rua do planeta. Explore as igrejas de ouro e a energia contagiante deste destino \u00fanico.","robots":{"index":"index","follow":"follow","max-snippet":"max-snippet:-1","max-image-preview":"max-image-preview:large","max-video-preview":"max-video-preview:-1"},"canonical":"https:\/\/www.uai.com.br\/uainoticias\/2026\/04\/30\/cidade-dona-do-maior-carnaval-de-rua-do-planeta-a-primeira-capital-do-brasil-onde-800-kg-de-ouro-forraram-uma-so-igreja\/","og_locale":"pt_BR","og_type":"article","og_title":"Cidade dona do maior carnaval de rua do planeta: a primeira capital do Brasil onde 800 kg de ouro forraram uma s\u00f3 igreja - UAI Not\u00edcias","og_description":"Da primeira capital do pa\u00eds ao maior carnaval de rua do planeta. Explore as igrejas de ouro e a energia contagiante deste destino \u00fanico.","og_url":"https:\/\/www.uai.com.br\/uainoticias\/2026\/04\/30\/cidade-dona-do-maior-carnaval-de-rua-do-planeta-a-primeira-capital-do-brasil-onde-800-kg-de-ouro-forraram-uma-so-igreja\/","og_site_name":"UAI Not\u00edcias","article_published_time":"2026-04-30T19:25:00+00:00","og_image":[{"width":2560,"height":1440,"url":"https:\/\/www.uai.com.br\/uainoticias\/wp-content\/uploads\/2026\/04\/Church_interior_and_carnival_street_202604300250-scaled.jpg","type":"image\/jpeg"}],"author":"Vitor Bruno","twitter_card":"summary_large_image","twitter_misc":{"Escrito por":"Vitor Bruno","Est. tempo de leitura":"8 minutos"},"schema":{"@context":"https:\/\/schema.org","@graph":[{"@type":"WebPage","@id":"https:\/\/www.uai.com.br\/uainoticias\/2026\/04\/30\/cidade-dona-do-maior-carnaval-de-rua-do-planeta-a-primeira-capital-do-brasil-onde-800-kg-de-ouro-forraram-uma-so-igreja\/","url":"https:\/\/www.uai.com.br\/uainoticias\/2026\/04\/30\/cidade-dona-do-maior-carnaval-de-rua-do-planeta-a-primeira-capital-do-brasil-onde-800-kg-de-ouro-forraram-uma-so-igreja\/","name":"Cidade dona do maior carnaval de rua do planeta: a primeira capital do Brasil onde 800 kg de ouro forraram uma s\u00f3 igreja - UAI Not\u00edcias","isPartOf":{"@id":"https:\/\/www.uai.com.br\/uainoticias\/#website"},"primaryImageOfPage":{"@id":"https:\/\/www.uai.com.br\/uainoticias\/2026\/04\/30\/cidade-dona-do-maior-carnaval-de-rua-do-planeta-a-primeira-capital-do-brasil-onde-800-kg-de-ouro-forraram-uma-so-igreja\/#primaryimage"},"image":{"@id":"https:\/\/www.uai.com.br\/uainoticias\/2026\/04\/30\/cidade-dona-do-maior-carnaval-de-rua-do-planeta-a-primeira-capital-do-brasil-onde-800-kg-de-ouro-forraram-uma-so-igreja\/#primaryimage"},"thumbnailUrl":"https:\/\/www.uai.com.br\/uainoticias\/wp-content\/uploads\/2026\/04\/Church_interior_and_carnival_street_202604300250-scaled.jpg","datePublished":"2026-04-30T19:25:00+00:00","author":{"@id":"https:\/\/www.uai.com.br\/uainoticias\/#\/schema\/person\/03130d752d0ce4e3bb0f607f1bc85084"},"description":"Da primeira capital do pa\u00eds ao maior carnaval de rua do planeta. Explore as igrejas de ouro e a energia contagiante deste destino \u00fanico.","breadcrumb":{"@id":"https:\/\/www.uai.com.br\/uainoticias\/2026\/04\/30\/cidade-dona-do-maior-carnaval-de-rua-do-planeta-a-primeira-capital-do-brasil-onde-800-kg-de-ouro-forraram-uma-so-igreja\/#breadcrumb"},"inLanguage":"pt-BR","potentialAction":[{"@type":"ReadAction","target":["https:\/\/www.uai.com.br\/uainoticias\/2026\/04\/30\/cidade-dona-do-maior-carnaval-de-rua-do-planeta-a-primeira-capital-do-brasil-onde-800-kg-de-ouro-forraram-uma-so-igreja\/"]}]},{"@type":"ImageObject","inLanguage":"pt-BR","@id":"https:\/\/www.uai.com.br\/uainoticias\/2026\/04\/30\/cidade-dona-do-maior-carnaval-de-rua-do-planeta-a-primeira-capital-do-brasil-onde-800-kg-de-ouro-forraram-uma-so-igreja\/#primaryimage","url":"https:\/\/www.uai.com.br\/uainoticias\/wp-content\/uploads\/2026\/04\/Church_interior_and_carnival_street_202604300250-scaled.jpg","contentUrl":"https:\/\/www.uai.com.br\/uainoticias\/wp-content\/uploads\/2026\/04\/Church_interior_and_carnival_street_202604300250-scaled.jpg","width":2560,"height":1440,"caption":"Cidade dona do maior carnaval de rua do planeta: a primeira capital do Brasil onde 800 kg de ouro forraram uma s\u00f3 igreja \/\/ IMAGEM ILUSTRATIVA"},{"@type":"BreadcrumbList","@id":"https:\/\/www.uai.com.br\/uainoticias\/2026\/04\/30\/cidade-dona-do-maior-carnaval-de-rua-do-planeta-a-primeira-capital-do-brasil-onde-800-kg-de-ouro-forraram-uma-so-igreja\/#breadcrumb","itemListElement":[{"@type":"ListItem","position":1,"name":"In\u00edcio","item":"https:\/\/www.uai.com.br\/uainoticias\/"},{"@type":"ListItem","position":2,"name":"Cidade dona do maior carnaval de rua do planeta: a primeira capital do Brasil onde 800 kg de ouro forraram uma s\u00f3 igreja"}]},{"@type":"WebSite","@id":"https:\/\/www.uai.com.br\/uainoticias\/#website","url":"https:\/\/www.uai.com.br\/uainoticias\/","name":"UAI Not\u00edcias","description":"Acompanhe as \u00faltimas not\u00edcias e fique bem informado sobre tudo o que acontece no Brasil e no mundo.","potentialAction":[{"@type":"SearchAction","target":{"@type":"EntryPoint","urlTemplate":"https:\/\/www.uai.com.br\/uainoticias\/?s={search_term_string}"},"query-input":{"@type":"PropertyValueSpecification","valueRequired":true,"valueName":"search_term_string"}}],"inLanguage":"pt-BR"},{"@type":"Person","@id":"https:\/\/www.uai.com.br\/uainoticias\/#\/schema\/person\/03130d752d0ce4e3bb0f607f1bc85084","name":"Vitor Bruno","image":{"@type":"ImageObject","inLanguage":"pt-BR","@id":"https:\/\/www.uai.com.br\/uainoticias\/#\/schema\/person\/image\/","url":"https:\/\/secure.gravatar.com\/avatar\/ab0513148053bbb80c117cdd35f8a0f2742d41eebbac321acf8df2e633d81609?s=96&d=mm&r=g","contentUrl":"https:\/\/secure.gravatar.com\/avatar\/ab0513148053bbb80c117cdd35f8a0f2742d41eebbac321acf8df2e633d81609?s=96&d=mm&r=g","caption":"Vitor Bruno"},"sameAs":["https:\/\/www.uai.com.br\/uainoticias\/"],"url":"https:\/\/www.uai.com.br\/uainoticias\/author\/vitor\/"}]}},"_links":{"self":[{"href":"https:\/\/www.uai.com.br\/uainoticias\/wp-json\/wp\/v2\/posts\/127713","targetHints":{"allow":["GET"]}}],"collection":[{"href":"https:\/\/www.uai.com.br\/uainoticias\/wp-json\/wp\/v2\/posts"}],"about":[{"href":"https:\/\/www.uai.com.br\/uainoticias\/wp-json\/wp\/v2\/types\/post"}],"author":[{"embeddable":true,"href":"https:\/\/www.uai.com.br\/uainoticias\/wp-json\/wp\/v2\/users\/14"}],"replies":[{"embeddable":true,"href":"https:\/\/www.uai.com.br\/uainoticias\/wp-json\/wp\/v2\/comments?post=127713"}],"version-history":[{"count":7,"href":"https:\/\/www.uai.com.br\/uainoticias\/wp-json\/wp\/v2\/posts\/127713\/revisions"}],"predecessor-version":[{"id":128767,"href":"https:\/\/www.uai.com.br\/uainoticias\/wp-json\/wp\/v2\/posts\/127713\/revisions\/128767"}],"wp:featuredmedia":[{"embeddable":true,"href":"https:\/\/www.uai.com.br\/uainoticias\/wp-json\/wp\/v2\/media\/128766"}],"wp:attachment":[{"href":"https:\/\/www.uai.com.br\/uainoticias\/wp-json\/wp\/v2\/media?parent=127713"}],"wp:term":[{"taxonomy":"category","embeddable":true,"href":"https:\/\/www.uai.com.br\/uainoticias\/wp-json\/wp\/v2\/categories?post=127713"},{"taxonomy":"post_tag","embeddable":true,"href":"https:\/\/www.uai.com.br\/uainoticias\/wp-json\/wp\/v2\/tags?post=127713"}],"curies":[{"name":"wp","href":"https:\/\/api.w.org\/{rel}","templated":true}]}}