{"id":127711,"date":"2026-04-30T06:25:00","date_gmt":"2026-04-30T09:25:00","guid":{"rendered":"https:\/\/www.uai.com.br\/uainoticias\/?p=127711"},"modified":"2026-04-30T02:35:16","modified_gmt":"2026-04-30T05:35:16","slug":"capital-nacional-dos-parques-tematicos-com-22-atracoes-a-cidade-gaucha-de-837-metros-de-altitude-com-cascata-de-131-metros-e-plataforma-de-vidro-a-360-metros-do-solo","status":"publish","type":"post","link":"https:\/\/www.uai.com.br\/uainoticias\/2026\/04\/30\/capital-nacional-dos-parques-tematicos-com-22-atracoes-a-cidade-gaucha-de-837-metros-de-altitude-com-cascata-de-131-metros-e-plataforma-de-vidro-a-360-metros-do-solo\/","title":{"rendered":"Capital Nacional dos Parques Tem\u00e1ticos com 22 atra\u00e7\u00f5es: a cidade ga\u00facha de 837 metros de altitude com cascata de 131 metros e plataforma de vidro a 360 metros do solo"},"content":{"rendered":"\n<p>A 130 km de <strong>Porto Alegre<\/strong> e a 7 km de <strong>Gramado<\/strong>, <strong>Canela<\/strong> re\u00fane em um s\u00f3 roteiro cascatas, plataformas de vidro suspensas no vale e uma catedral neog\u00f3tica que ilumina o centro todas as noites. Em 2023, virou oficialmente a \u00fanica Capital Nacional dos Parques Tem\u00e1ticos do <strong>Brasil<\/strong>.<\/p>\n\n\n\n<h2 class=\"wp-block-heading\">Como uma vila de tropeiros virou Capital dos Parques Tem\u00e1ticos<\/h2>\n\n\n\n<p>O turismo transformou <strong>Canela<\/strong> de vez em novembro de 2023, quando o presidente em exerc\u00edcio <strong>Geraldo Alckmin<\/strong> sancionou a Lei Federal 14.738. <a href=\"https:\/\/www12.senado.leg.br\/noticias\/materias\/2023\/11\/29\/canela-e-reconhecida-como-a-capital-nacional-dos-parques-tematicos\" target=\"_blank\" rel=\"noreferrer noopener\"><strong>Conforme o Senado Federal<\/strong><\/a>, o munic\u00edpio concentra 22 parques tem\u00e1ticos, dos mais variados tamanhos e conte\u00fados.<\/p>\n\n\n\n<p>O reconhecimento veio depois de d\u00e9cadas de investimento que come\u00e7ou em 1973, com a funda\u00e7\u00e3o do <strong>Parque Estadual do Caracol<\/strong>. Hoje, segundo a <a href=\"https:\/\/setur.rs.gov.br\/municipio-de-canela-na-serra-gaucha-recebe-titulo-de-capital-nacional-dos-parques-tematicos\" target=\"_blank\" rel=\"noreferrer noopener\"><strong>Secretaria de Turismo do Rio Grande do Sul<\/strong><\/a>, a cidade recebe mais de 2,6 milh\u00f5es de turistas por ano, com perman\u00eancia m\u00e9dia de tr\u00eas dias.<\/p>\n\n\n<div class=\"wp-block-image\">\n<figure class=\"aligncenter size-large\"><img decoding=\"async\" width=\"1024\" height=\"576\" src=\"https:\/\/www.uai.com.br\/uainoticias\/wp-content\/uploads\/2025\/12\/canela_1765088558074-1024x576.jpg\" alt=\"\" class=\"wp-image-97171\" srcset=\"https:\/\/www.uai.com.br\/uainoticias\/wp-content\/uploads\/2025\/12\/canela_1765088558074-1024x576.jpg 1024w, https:\/\/www.uai.com.br\/uainoticias\/wp-content\/uploads\/2025\/12\/canela_1765088558074-300x169.jpg 300w, https:\/\/www.uai.com.br\/uainoticias\/wp-content\/uploads\/2025\/12\/canela_1765088558074-768x432.jpg 768w, https:\/\/www.uai.com.br\/uainoticias\/wp-content\/uploads\/2025\/12\/canela_1765088558074-750x422.jpg 750w, https:\/\/www.uai.com.br\/uainoticias\/wp-content\/uploads\/2025\/12\/canela_1765088558074-1140x641.jpg 1140w, https:\/\/www.uai.com.br\/uainoticias\/wp-content\/uploads\/2025\/12\/canela_1765088558074.jpg 1280w\" sizes=\"(max-width: 1024px) 100vw, 1024px\" \/><figcaption class=\"wp-element-caption\">Canela surpreende com turismo, eleg\u00e2ncia e cen\u00e1rios de cinema \/\/ Cr\u00e9ditos: depositphotos.com \/ diegograndi<\/figcaption><\/figure><\/div>\n\n\n<h2 class=\"wp-block-heading\">A cascata de 131 metros que \u00e9 cart\u00e3o postal da Serra Ga\u00facha<\/h2>\n\n\n\n<p>A imagem mais reproduzida de <strong>Canela<\/strong> \u00e9 a queda d&#8217;\u00e1gua do <strong>Rio Caracol<\/strong>, que despenca por rochas bas\u00e1lticas da <strong>Forma\u00e7\u00e3o Serra Geral<\/strong> em 131 metros de queda livre. A cachoeira fica dentro do <strong>Parque Estadual do Caracol<\/strong>, unidade de conserva\u00e7\u00e3o criada na d\u00e9cada de 1970 que reserva 25 dos seus 100 hectares para visita\u00e7\u00e3o.<\/p>\n\n\n\n<p>O parque oferece tr\u00eas pontos principais para apreciar a queda: o mirante panor\u00e2mico no alto, a trilha por dentro da mata atl\u00e2ntica e o passeio a\u00e9reo nos bondinhos su\u00ed\u00e7os do parque vizinho. A cerca de 8 km do centro, \u00e9 parada quase obrigat\u00f3ria para quem chega \u00e0 <strong>Serra Ga\u00facha<\/strong>.<\/p>\n\n\n\n<h2 class=\"wp-block-heading\">A catedral neog\u00f3tica eleita uma das Sete Maravilhas do Brasil<\/h2>\n\n\n\n<p>No cora\u00e7\u00e3o de <strong>Canela<\/strong>, a <strong>Igreja Matriz de Nossa Senhora de Lourdes<\/strong>, conhecida como <strong>Catedral de Pedra<\/strong>, levou 34 anos para ser constru\u00edda. A pedra fundamental foi lan\u00e7ada em 1953, e o templo s\u00f3 foi finalizado em 1987, com projeto do arquiteto <strong>Bernardo Sartori<\/strong> em estilo neog\u00f3tico ingl\u00eas.<\/p>\n\n\n\n<p>A torre principal tem 65 metros de altura e abriga um carrilh\u00e3o de 12 sinos de bronze fundidos na <strong>It\u00e1lia<\/strong>, conhecido como <strong>Carrilh\u00e3o da Independ\u00eancia<\/strong>, instalado em 1972. Em 2010, a igreja foi eleita uma das <strong>Sete Maravilhas do Brasil<\/strong>. Todas as noites, a fachada se ilumina em tons coloridos durante o show de luzes gratuito que acontece em frente \u00e0 <strong>Pra\u00e7a da Matriz<\/strong>.<\/p>\n\n\n<div class=\"wp-block-image\">\n<figure class=\"aligncenter size-large\"><img decoding=\"async\" width=\"1024\" height=\"576\" src=\"https:\/\/www.uai.com.br\/uainoticias\/wp-content\/uploads\/2025\/12\/canela_1765088655601-1024x576.jpg\" alt=\"\" class=\"wp-image-97172\" srcset=\"https:\/\/www.uai.com.br\/uainoticias\/wp-content\/uploads\/2025\/12\/canela_1765088655601-1024x576.jpg 1024w, https:\/\/www.uai.com.br\/uainoticias\/wp-content\/uploads\/2025\/12\/canela_1765088655601-300x169.jpg 300w, https:\/\/www.uai.com.br\/uainoticias\/wp-content\/uploads\/2025\/12\/canela_1765088655601-768x432.jpg 768w, https:\/\/www.uai.com.br\/uainoticias\/wp-content\/uploads\/2025\/12\/canela_1765088655601-750x422.jpg 750w, https:\/\/www.uai.com.br\/uainoticias\/wp-content\/uploads\/2025\/12\/canela_1765088655601-1140x641.jpg 1140w, https:\/\/www.uai.com.br\/uainoticias\/wp-content\/uploads\/2025\/12\/canela_1765088655601.jpg 1280w\" sizes=\"(max-width: 1024px) 100vw, 1024px\" \/><figcaption class=\"wp-element-caption\">Canela encanta visitantes com seu clima europeu e arquitetura deslumbrante \/\/ Cr\u00e9ditos: depositphotos.com \/ diegograndi<\/figcaption><\/figure><\/div>\n\n\n<p><strong>Leia tamb\u00e9m: <a href=\"https:\/\/www.uai.com.br\/uainoticias\/2026\/04\/25\/essa-cidade-nordestina-esta-em-alta-447-mais-estrangeiros-escolheram-esse-paraiso-de-mar-morno-e-brisa-perfeita\/\" target=\"_blank\" rel=\"noreferrer noopener\">Essa cidade nordestina est\u00e1 em alta: 44,7% mais estrangeiros escolheram esse para\u00edso de mar morno e brisa perfeita<\/a><\/strong><\/p>\n\n\n\n<h2 class=\"wp-block-heading\">O que fazer em Canela<\/h2>\n\n\n\n<p>O roteiro mistura natureza preservada, adrenalina e parques tem\u00e1ticos premiados. Algumas atra\u00e7\u00f5es ficam a menos de 15 minutos do centro:<\/p>\n\n\n\n<ul class=\"wp-block-list\">\n<li><strong>Parque do Caracol<\/strong>: abriga a <strong>Cascata do Caracol<\/strong>, com mirante panor\u00e2mico, trilhas e centro de visitantes na <strong>Estrada do Caracol<\/strong>.<\/li>\n\n\n\n<li><strong>Skyglass Canela<\/strong>: plataforma de a\u00e7o e vidro que avan\u00e7a 35 metros sobre o <strong>Vale da Ferradura<\/strong>, suspensa a 360 metros acima do <strong>Rio Ca\u00ed<\/strong>, inaugurada em 2020.<\/li>\n\n\n\n<li><strong>Catedral de Pedra<\/strong>: igreja neog\u00f3tica com torre de 65 metros, vitrais coloridos, museu dos sinos e show de luzes di\u00e1rio na fachada.<\/li>\n\n\n\n<li><strong>Alpen Park<\/strong>: 60 mil m\u00b2 de \u00e1rea verde com montanha-russa, tirolesas, arvorismo e o <strong>Alpine Coaster<\/strong>, em que o visitante controla a velocidade do tren\u00f3.<\/li>\n\n\n\n<li><strong>Parque Terra M\u00e1gica Florybal<\/strong>: parque com dinossauros em tamanho real, 13\u00ba colocado no <strong>Travellers Choice 2024<\/strong> do <strong>Tripadvisor<\/strong>.<\/li>\n\n\n\n<li><strong>Mundo a Vapor<\/strong>: parque que recria uma cidade no estilo steampunk com miniaturas mec\u00e2nicas movidas a vapor.<\/li>\n\n\n\n<li><strong>Bondinhos A\u00e9reos Parques da Serra<\/strong>: cabines su\u00ed\u00e7as com vista para a <strong>Cascata do Caracol<\/strong>, complementadas pela tirolesa Eagle e pelo Aerozuum.<\/li>\n\n\n\n<li><strong>Castelinho Caracol<\/strong>: museu da imigra\u00e7\u00e3o alem\u00e3 instalado em uma casa de madeira de 1913, com ch\u00e1 da tarde e o famoso apfelstrudel.<\/li>\n<\/ul>\n\n\n\n<p>A gastronomia da Serra Ga\u00facha mistura heran\u00e7a alem\u00e3, italiana e o que o ga\u00facho preparou em fogo de ch\u00e3o por gera\u00e7\u00f5es. Estas s\u00e3o as receitas que ningu\u00e9m deve deixar de experimentar:<\/p>\n\n\n\n<ul class=\"wp-block-list\">\n<li><strong>Fondue de queijo<\/strong>: cl\u00e1ssico das noites frias, servido com p\u00e3es e legumes em panela de barro.<\/li>\n\n\n\n<li><strong>Caf\u00e9 colonial<\/strong>: refei\u00e7\u00e3o farta com mais de 40 itens entre p\u00e3es, geleias, embutidos, bolos e cucas.<\/li>\n\n\n\n<li><strong>Costel\u00e3o de ch\u00e3o<\/strong>: costela bovina assada por horas em fogo baixo, servida em churrascarias com show tradicional ga\u00facho.<\/li>\n\n\n\n<li><strong>Apfelstrudel<\/strong>: torta austr\u00edaca de ma\u00e7\u00e3 com canela, especialidade do <strong>Castelinho Caracol<\/strong>.<\/li>\n\n\n\n<li><strong>Pinh\u00e3o<\/strong>: semente da arauc\u00e1ria servida cozida ou em receitas como o pa\u00e7oca de pinh\u00e3o e o entrevero.<\/li>\n\n\n\n<li><strong>Chimarr\u00e3o<\/strong>: bebida quente \u00e0 base de erva-mate, ritual di\u00e1rio do <strong>Rio Grande do Sul<\/strong>.<\/li>\n<\/ul>\n\n\n\n<p>Quem sonha em conhecer a <strong>Serra Ga\u00facha<\/strong>, vai curtir esse v\u00eddeo especialmente selecionado do canal <strong>VIVA ESSA VIAGEM<\/strong>, que conta com mais de <strong>344 mil<\/strong> visualiza\u00e7\u00f5es, onde os apresentadores mostram o que fazer em <strong>Canela<\/strong>, visitando a <strong>Cascata do Caracol<\/strong> e outros pontos incr\u00edveis do <strong>Rio Grande do Sul<\/strong>:<\/p>\n\n\n\n<figure class=\"wp-block-embed is-type-video is-provider-youtube wp-block-embed-youtube wp-embed-aspect-16-9 wp-has-aspect-ratio\"><div class=\"wp-block-embed__wrapper\">\n<div class=\"jeg_video_container jeg_video_content\"><iframe loading=\"lazy\" title=\"O que fazer em Canela | melhores passeios e atrativos na Serra Ga\u00facha\" width=\"500\" height=\"281\" src=\"https:\/\/www.youtube.com\/embed\/7U_j5o94D4E?feature=oembed\" frameborder=\"0\" allow=\"accelerometer; autoplay; clipboard-write; encrypted-media; gyroscope; picture-in-picture; web-share\" referrerpolicy=\"strict-origin-when-cross-origin\" allowfullscreen><\/iframe><\/div>\n<\/div><\/figure>\n\n\n\n<h2 class=\"wp-block-heading\">Quando ir e o que fazer em cada esta\u00e7\u00e3o<\/h2>\n\n\n\n<p>A 837 metros de altitude, <strong>Canela<\/strong> tem o clima mais ameno do <strong>Brasil<\/strong> em rela\u00e7\u00e3o \u00e0 m\u00e9dia nacional. O inverno traz geadas frequentes e chance rara de neve, enquanto a primavera abre as hort\u00eansias azuis nas estradas. Para ajudar no planejamento:<\/p>\n\n\n\n<style>\n    .clima-grid-uai122 { \n        --cor-primaria: #0278c0; --cor-secundaria: #ffd31a; --cor-txt-secundaria: #0278c0;\n        display: grid; grid-template-columns: repeat(auto-fit, minmax(190px, 1fr)); gap: 15px; justify-content: center; padding: 10px;\n    }\n    .clima-card-uai122 { border: 5px solid var(--cor-primaria); border-top: 5px solid var(--cor-secundaria); border-radius: 12px; background-color: var(--cor-primaria); background-clip: padding-box; display: flex; flex-direction: column; overflow: hidden; cursor: pointer; box-shadow: 0 6px 12px rgba(0,0,0, 0.2); transition: transform 0.2s ease, box-shadow 0.2s ease; -webkit-tap-highlight-color: transparent; user-select: none; transform: translateZ(0); animation: wmFadeIn 0.6s cubic-bezier(0.2, 0.8, 0.2, 1) backwards; }\n    .clima-card-uai122:focus-visible { outline: 3px dashed var(--cor-secundaria); outline-offset: 4px; }\n    .clima-card-uai122:nth-child(1) { animation-delay: 0.1s; } .clima-card-uai122:nth-child(2) { animation-delay: 0.2s; } .clima-card-uai122:nth-child(3) { animation-delay: 0.3s; } .clima-card-uai122:nth-child(4) { animation-delay: 0.4s; }\n    @keyframes wmFadeIn { from { opacity: 0; transform: translateY(30px); } to { opacity: 1; transform: translateY(0); } }\n    .clima-card-uai122:hover { transform: translateY(-5px); box-shadow: 0 15px 30px rgba(0,0,0, 0.3); }\n    .clima-card-uai122:active { transform: translateY(-1px) scale(0.97); box-shadow: 0 3px 6px rgba(0,0,0, 0.2); transition: transform 0.05s ease, box-shadow 0.05s ease; }\n    .clima-header-uai122 { background: #fdfbf5; padding: 15px 10px; text-align: center; display: flex; flex-direction: column; align-items: center; justify-content: center; }\n    .clima-body-uai122 { background: #ffffff; padding: 15px; display: flex; flex-direction: column; flex-grow: 1; align-items: center; }\n    .clima-destaque-uai122 { box-shadow: 0 8px 16px rgba(0,0,0, 0.25); }\n    .clima-destaque-uai122:hover { box-shadow: 0 18px 36px rgba(0,0,0, 0.35); }\n    .clima-destaque-uai122 .clima-header-uai122 { background: var(--cor-secundaria); }\n    .clima-destaque-uai122 .clima-header-uai122 .clima-titulo-uai122 { color: var(--cor-txt-secundaria) !important; } \n    .clima-pill-uai122 { display: flex; white-space: normal; max-width: 100%; box-sizing: border-box; justify-content: center; align-items: center; text-align: center; background: #e6f2fa; color: var(--cor-primaria); font-size: 11px; font-weight: 900 !important; letter-spacing: 0.5px; padding: 8px 16px; border-radius: 16px; text-transform: uppercase; line-height: 1.4; box-shadow: 0 4px 8px rgba(0,0,0, 0.15); margin-top: auto; transition: transform 0.2s ease; }\n    .clima-destaque-uai122 .clima-pill-uai122 { background: var(--cor-primaria); color: #ffffff; border: 1px solid #ffffff; } \n    .clima-card-uai122:hover .clima-pill-uai122 { transform: scale(1.06); }\n    .clima-pill-uai122 span { font-weight: 900 !important; color: inherit; } \n    .clima-emoji-uai122 { font-size: 24px; line-height: 1; margin-bottom: 5px; }\n    .clima-titulo-uai122 { color: var(--cor-primaria); font-size: 16px; text-transform: uppercase; margin-top: 5px; font-weight: bold; }\n    .clima-mes-uai122 { font-size: 11px; font-weight: 800; color: var(--cor-primaria); text-transform: uppercase; margin-bottom: 5px; display: block; }\n    .clima-temp-uai122 { font-size: 26px; font-weight: 900; color: var(--cor-primaria); margin-bottom: 10px; }\n    .clima-desc-uai122 { font-size: 13px; color: #444; text-align: center; line-height: 1.5; margin-bottom: 15px; flex-grow: 1;}\n    .clima-desc-uai122 strong { color: #111; }\n    @media (prefers-color-scheme: dark) {\n        .clima-card-uai122 { border-color: #014f7d; background-color: #014f7d; box-shadow: 0 6px 12px rgba(0,0,0, 0.5); }\n        .clima-header-uai122 { background: #1a1a1a; } .clima-body-uai122 { background: #121212; }\n        .clima-destaque-uai122 .clima-header-uai122 { background: var(--cor-secundaria); }\n        .clima-destaque-uai122 .clima-header-uai122 .clima-titulo-uai122 { color: var(--cor-txt-secundaria) !important; }\n        .clima-titulo-uai122 { color: #63b2e8; } .clima-mes-uai122 { color: #63b2e8; } .clima-temp-uai122 { color: #63b2e8; } .clima-desc-uai122 { color: #cccccc; } .clima-desc-uai122 strong { color: #ffffff; }\n        .clima-pill-uai122 { background: #014f7d; color: #ffffff; box-shadow: 0 4px 8px rgba(0, 0, 0, 0.5); }\n        .clima-destaque-uai122 .clima-pill-uai122 { background: #013859; color: #ffffff; border-color: #63b2e8; }\n    }\n<\/style>\n<div class=\"google-auto-ads-ignore clima-grid-uai122\" style=\"box-sizing: border-box; width: 100%; max-width: 980px; margin: 30px auto; font-family: 'Segoe UI', Roboto, Helvetica, Arial, sans-serif;\">\n    <div class=\"clima-card-uai122\" tabindex=\"0\">\n        <div class=\"clima-header-uai122\"><div class=\"clima-emoji-uai122\" aria-hidden=\"true\">\ud83d\udca6<\/div><div class=\"clima-titulo-uai122\">Ver\u00e3o<\/div><\/div>\n        <div class=\"clima-body-uai122\">\n            <time class=\"clima-mes-uai122\">Dezembro a fevereiro<\/time><div class=\"clima-temp-uai122\">16\u00b0C a 26\u00b0C<\/div>\n            <div class=\"clima-desc-uai122\">O ver\u00e3o mais ameno do Brasil concentra a chuva da serra. Visite a exuberante natureza das <strong>cascatas e trilhas logo pela manh\u00e3<\/strong>.<\/div>\n            <div class=\"clima-pill-uai122\"><span>\u2614 Chuva Alta<\/span><\/div>\n        <\/div>\n    <\/div>\n    <div class=\"clima-card-uai122\" tabindex=\"0\">\n        <div class=\"clima-header-uai122\"><div class=\"clima-emoji-uai122\" aria-hidden=\"true\">\ud83c\udf30<\/div><div class=\"clima-titulo-uai122\">Outono<\/div><\/div>\n        <div class=\"clima-body-uai122\">\n            <time class=\"clima-mes-uai122\">Mar\u00e7o a maio<\/time><div class=\"clima-temp-uai122\">11\u00b0C a 22\u00b0C<\/div>\n            <div class=\"clima-desc-uai122\">O friozinho d\u00e1 as caras nas montanhas ga\u00fachas. A \u00e9poca traz o charme r\u00fastico do cl\u00e1ssico <strong>Caf\u00e9 colonial e da valiosa safra do pinh\u00e3o<\/strong>.<\/div>\n            <div class=\"clima-pill-uai122\"><span>\u2601\ufe0f Chuva M\u00e9dia<\/span><\/div>\n        <\/div>\n    <\/div>\n    <div class=\"clima-card-uai122 clima-destaque-uai122\" tabindex=\"0\">\n        <div class=\"clima-header-uai122\"><div class=\"clima-emoji-uai122\" aria-hidden=\"true\">\ud83e\uddc0<\/div><div class=\"clima-titulo-uai122\">Inverno<\/div><\/div>\n        <div class=\"clima-body-uai122\">\n            <time class=\"clima-mes-uai122\">Junho a agosto<\/time><div class=\"clima-temp-uai122\">5\u00b0C a 18\u00b0C<\/div>\n            <div class=\"clima-desc-uai122\">A grande alta temporada! A serra lota de turistas em busca de geadas, do inconfund\u00edvel <strong>Fondue e as magias do Sonho de Natal<\/strong>.<\/div>\n            <div class=\"clima-pill-uai122\"><span>\u2b50 Alta Temporada \/ Fondue<\/span><\/div>\n        <\/div>\n    <\/div>\n    <div class=\"clima-card-uai122\" tabindex=\"0\">\n        <div class=\"clima-header-uai122\"><div class=\"clima-emoji-uai122\" aria-hidden=\"true\">\ud83c\udf38<\/div><div class=\"clima-titulo-uai122\">Primavera<\/div><\/div>\n        <div class=\"clima-body-uai122\">\n            <time class=\"clima-mes-uai122\">Setembro a novembro<\/time><div class=\"clima-temp-uai122\">10\u00b0C a 23\u00b0C<\/div>\n            <div class=\"clima-desc-uai122\">As chuvas disparam e as flores tomam a cidade. Cen\u00e1rio visualmente deslumbrante marcado pelas <strong>hort\u00eansias e os verdes parques<\/strong>.<\/div>\n            <div class=\"clima-pill-uai122\"><span>\u2614 Chuva Alta<\/span><\/div>\n        <\/div>\n    <\/div>\n<\/div>\n\n\n\n<p><em>Temperaturas aproximadas com base no <a href=\"https:\/\/www.climatempo.com.br\/previsao-do-tempo\/cidade\/2170\/canela-rs\" target=\"_blank\" rel=\"noreferrer noopener\"><strong>Climatempo<\/strong><\/a>. Condi\u00e7\u00f5es podem variar.<\/em><\/p>\n\n\n\n<p>O inverno \u00e9 a alta temporada da serra, com hospedagem cheia entre junho e agosto. J\u00e1 a primavera ganha das demais esta\u00e7\u00f5es pelas hort\u00eansias floridas e por pre\u00e7os mais convidativos do que nos meses de fondue.<\/p>\n\n\n\n<h2 class=\"wp-block-heading\">Como chegar \u00e0 serra das hort\u00eansias<\/h2>\n\n\n\n<p><strong>Canela<\/strong> fica a aproximadamente 130 km de <strong>Porto Alegre<\/strong>, com acesso pela <strong>BR-116<\/strong> e pela <strong>RS-235<\/strong> em pouco mais de duas horas de carro. O <strong>Aeroporto Internacional Salgado Filho<\/strong>, na capital ga\u00facha, recebe voos de todo o pa\u00eds, e o <strong>Aeroporto de Caxias do Sul<\/strong> fica a cerca de 75 km do munic\u00edpio.<\/p>\n\n\n\n<p>Para quem prefere \u00f4nibus, a <strong>Citral<\/strong> faz a rota direta entre <strong>Porto Alegre<\/strong> e <strong>Canela<\/strong> com sa\u00eddas di\u00e1rias da rodovi\u00e1ria da capital. Quem chega de <strong>Gramado<\/strong> percorre apenas 7 km pela <strong>RS-235<\/strong>, o que torna comum hospedar-se em uma cidade e visitar a outra.<\/p>\n\n\n\n<h2 class=\"wp-block-heading\">V\u00e1 conhecer a cidade que cabe na palma da Serra Ga\u00facha<\/h2>\n\n\n\n<p>Em poucos lugares do <strong>Brasil<\/strong> \u00e9 poss\u00edvel tomar caf\u00e9 colonial pela manh\u00e3, atravessar uma plataforma de vidro suspensa sobre um vale ao meio-dia e jantar fondue assistindo a um show de luzes em uma catedral neog\u00f3tica. <strong>Canela<\/strong> oferece tudo isso em um raio de poucos quil\u00f4metros.<\/p>\n\n\n\n<p>Voc\u00ea precisa subir a serra e descobrir como uma antiga vila de tropeiros virou a capital nacional onde o frio, a aventura e o charme europeu convivem em pleno <strong>Rio Grande do Sul<\/strong>.<\/p>\n","protected":false},"excerpt":{"rendered":"<p>A 130 km de Porto Alegre e a 7 km de Gramado, Canela re\u00fane em um s\u00f3 roteiro cascatas, plataformas de vidro suspensas no vale e uma catedral neog\u00f3tica que ilumina o centro todas as noites. Em 2023, virou oficialmente a \u00fanica Capital Nacional dos Parques Tem\u00e1ticos do Brasil. Como uma vila de tropeiros virou [&hellip;]<\/p>\n","protected":false},"author":14,"featured_media":128763,"comment_status":"open","ping_status":"open","sticky":false,"template":"","format":"standard","meta":{"jnews-multi-image_gallery":[],"jnews_single_post":{"format":"standard"},"jnews_primary_category":[],"jnews_social_meta":[],"jnews_override_counter":[],"footnotes":""},"categories":[210],"tags":[938,234,1182],"class_list":["post-127711","post","type-post","status-publish","format-standard","has-post-thumbnail","hentry","category-cidades","tag-canela","tag-cidades","tag-rio-grande-do-sul"],"yoast_head":"<!-- This site is optimized with the Yoast SEO plugin v26.5 - https:\/\/yoast.com\/wordpress\/plugins\/seo\/ -->\n<title>Capital Nacional dos Parques Tem\u00e1ticos com 22 atra\u00e7\u00f5es: a cidade ga\u00facha de 837 metros de altitude com cascata de 131 metros e plataforma de vidro a 360 metros do solo - UAI Not\u00edcias<\/title>\n<meta name=\"description\" content=\"Aventure-se na cidade das 22 atra\u00e7\u00f5es. Do topo da plataforma de vidro \u00e0 queda d&#039;\u00e1gua monumental, veja o que fazer neste destino ga\u00facho.\" \/>\n<meta name=\"robots\" content=\"index, follow, max-snippet:-1, max-image-preview:large, max-video-preview:-1\" \/>\n<link rel=\"canonical\" href=\"https:\/\/www.uai.com.br\/uainoticias\/2026\/04\/30\/capital-nacional-dos-parques-tematicos-com-22-atracoes-a-cidade-gaucha-de-837-metros-de-altitude-com-cascata-de-131-metros-e-plataforma-de-vidro-a-360-metros-do-solo\/\" \/>\n<meta property=\"og:locale\" content=\"pt_BR\" \/>\n<meta property=\"og:type\" content=\"article\" \/>\n<meta property=\"og:title\" content=\"Capital Nacional dos Parques Tem\u00e1ticos com 22 atra\u00e7\u00f5es: a cidade ga\u00facha de 837 metros de altitude com cascata de 131 metros e plataforma de vidro a 360 metros do solo - UAI Not\u00edcias\" \/>\n<meta property=\"og:description\" content=\"Aventure-se na cidade das 22 atra\u00e7\u00f5es. Do topo da plataforma de vidro \u00e0 queda d&#039;\u00e1gua monumental, veja o que fazer neste destino ga\u00facho.\" \/>\n<meta property=\"og:url\" content=\"https:\/\/www.uai.com.br\/uainoticias\/2026\/04\/30\/capital-nacional-dos-parques-tematicos-com-22-atracoes-a-cidade-gaucha-de-837-metros-de-altitude-com-cascata-de-131-metros-e-plataforma-de-vidro-a-360-metros-do-solo\/\" \/>\n<meta property=\"og:site_name\" content=\"UAI Not\u00edcias\" \/>\n<meta property=\"article:published_time\" content=\"2026-04-30T09:25:00+00:00\" \/>\n<meta property=\"og:image\" content=\"https:\/\/www.uai.com.br\/uainoticias\/wp-content\/uploads\/2026\/04\/Cityscape_with_glass_platform_wa\u2026_202604300233-scaled.jpg\" \/>\n\t<meta property=\"og:image:width\" content=\"2560\" \/>\n\t<meta property=\"og:image:height\" content=\"1440\" \/>\n\t<meta property=\"og:image:type\" content=\"image\/jpeg\" \/>\n<meta name=\"author\" content=\"Vitor Bruno\" \/>\n<meta name=\"twitter:card\" content=\"summary_large_image\" \/>\n<meta name=\"twitter:label1\" content=\"Escrito por\" \/>\n\t<meta name=\"twitter:data1\" content=\"Vitor Bruno\" \/>\n\t<meta name=\"twitter:label2\" content=\"Est. tempo de leitura\" \/>\n\t<meta name=\"twitter:data2\" content=\"8 minutos\" \/>\n<!-- \/ Yoast SEO plugin. -->","yoast_head_json":{"title":"Capital Nacional dos Parques Tem\u00e1ticos com 22 atra\u00e7\u00f5es: a cidade ga\u00facha de 837 metros de altitude com cascata de 131 metros e plataforma de vidro a 360 metros do solo - UAI Not\u00edcias","description":"Aventure-se na cidade das 22 atra\u00e7\u00f5es. Do topo da plataforma de vidro \u00e0 queda d'\u00e1gua monumental, veja o que fazer neste destino ga\u00facho.","robots":{"index":"index","follow":"follow","max-snippet":"max-snippet:-1","max-image-preview":"max-image-preview:large","max-video-preview":"max-video-preview:-1"},"canonical":"https:\/\/www.uai.com.br\/uainoticias\/2026\/04\/30\/capital-nacional-dos-parques-tematicos-com-22-atracoes-a-cidade-gaucha-de-837-metros-de-altitude-com-cascata-de-131-metros-e-plataforma-de-vidro-a-360-metros-do-solo\/","og_locale":"pt_BR","og_type":"article","og_title":"Capital Nacional dos Parques Tem\u00e1ticos com 22 atra\u00e7\u00f5es: a cidade ga\u00facha de 837 metros de altitude com cascata de 131 metros e plataforma de vidro a 360 metros do solo - UAI Not\u00edcias","og_description":"Aventure-se na cidade das 22 atra\u00e7\u00f5es. Do topo da plataforma de vidro \u00e0 queda d'\u00e1gua monumental, veja o que fazer neste destino ga\u00facho.","og_url":"https:\/\/www.uai.com.br\/uainoticias\/2026\/04\/30\/capital-nacional-dos-parques-tematicos-com-22-atracoes-a-cidade-gaucha-de-837-metros-de-altitude-com-cascata-de-131-metros-e-plataforma-de-vidro-a-360-metros-do-solo\/","og_site_name":"UAI Not\u00edcias","article_published_time":"2026-04-30T09:25:00+00:00","og_image":[{"width":2560,"height":1440,"url":"https:\/\/www.uai.com.br\/uainoticias\/wp-content\/uploads\/2026\/04\/Cityscape_with_glass_platform_wa\u2026_202604300233-scaled.jpg","type":"image\/jpeg"}],"author":"Vitor Bruno","twitter_card":"summary_large_image","twitter_misc":{"Escrito por":"Vitor Bruno","Est. tempo de leitura":"8 minutos"},"schema":{"@context":"https:\/\/schema.org","@graph":[{"@type":"WebPage","@id":"https:\/\/www.uai.com.br\/uainoticias\/2026\/04\/30\/capital-nacional-dos-parques-tematicos-com-22-atracoes-a-cidade-gaucha-de-837-metros-de-altitude-com-cascata-de-131-metros-e-plataforma-de-vidro-a-360-metros-do-solo\/","url":"https:\/\/www.uai.com.br\/uainoticias\/2026\/04\/30\/capital-nacional-dos-parques-tematicos-com-22-atracoes-a-cidade-gaucha-de-837-metros-de-altitude-com-cascata-de-131-metros-e-plataforma-de-vidro-a-360-metros-do-solo\/","name":"Capital Nacional dos Parques Tem\u00e1ticos com 22 atra\u00e7\u00f5es: a cidade ga\u00facha de 837 metros de altitude com cascata de 131 metros e plataforma de vidro a 360 metros do solo - UAI Not\u00edcias","isPartOf":{"@id":"https:\/\/www.uai.com.br\/uainoticias\/#website"},"primaryImageOfPage":{"@id":"https:\/\/www.uai.com.br\/uainoticias\/2026\/04\/30\/capital-nacional-dos-parques-tematicos-com-22-atracoes-a-cidade-gaucha-de-837-metros-de-altitude-com-cascata-de-131-metros-e-plataforma-de-vidro-a-360-metros-do-solo\/#primaryimage"},"image":{"@id":"https:\/\/www.uai.com.br\/uainoticias\/2026\/04\/30\/capital-nacional-dos-parques-tematicos-com-22-atracoes-a-cidade-gaucha-de-837-metros-de-altitude-com-cascata-de-131-metros-e-plataforma-de-vidro-a-360-metros-do-solo\/#primaryimage"},"thumbnailUrl":"https:\/\/www.uai.com.br\/uainoticias\/wp-content\/uploads\/2026\/04\/Cityscape_with_glass_platform_wa\u2026_202604300233-scaled.jpg","datePublished":"2026-04-30T09:25:00+00:00","author":{"@id":"https:\/\/www.uai.com.br\/uainoticias\/#\/schema\/person\/03130d752d0ce4e3bb0f607f1bc85084"},"description":"Aventure-se na cidade das 22 atra\u00e7\u00f5es. Do topo da plataforma de vidro \u00e0 queda d'\u00e1gua monumental, veja o que fazer neste destino ga\u00facho.","breadcrumb":{"@id":"https:\/\/www.uai.com.br\/uainoticias\/2026\/04\/30\/capital-nacional-dos-parques-tematicos-com-22-atracoes-a-cidade-gaucha-de-837-metros-de-altitude-com-cascata-de-131-metros-e-plataforma-de-vidro-a-360-metros-do-solo\/#breadcrumb"},"inLanguage":"pt-BR","potentialAction":[{"@type":"ReadAction","target":["https:\/\/www.uai.com.br\/uainoticias\/2026\/04\/30\/capital-nacional-dos-parques-tematicos-com-22-atracoes-a-cidade-gaucha-de-837-metros-de-altitude-com-cascata-de-131-metros-e-plataforma-de-vidro-a-360-metros-do-solo\/"]}]},{"@type":"ImageObject","inLanguage":"pt-BR","@id":"https:\/\/www.uai.com.br\/uainoticias\/2026\/04\/30\/capital-nacional-dos-parques-tematicos-com-22-atracoes-a-cidade-gaucha-de-837-metros-de-altitude-com-cascata-de-131-metros-e-plataforma-de-vidro-a-360-metros-do-solo\/#primaryimage","url":"https:\/\/www.uai.com.br\/uainoticias\/wp-content\/uploads\/2026\/04\/Cityscape_with_glass_platform_wa\u2026_202604300233-scaled.jpg","contentUrl":"https:\/\/www.uai.com.br\/uainoticias\/wp-content\/uploads\/2026\/04\/Cityscape_with_glass_platform_wa\u2026_202604300233-scaled.jpg","width":2560,"height":1440,"caption":"Capital Nacional dos Parques Tem\u00e1ticos com 22 atra\u00e7\u00f5es: a cidade ga\u00facha de 837 metros de altitude com cascata de 131 metros e plataforma de vidro a 360 metros do solo"},{"@type":"BreadcrumbList","@id":"https:\/\/www.uai.com.br\/uainoticias\/2026\/04\/30\/capital-nacional-dos-parques-tematicos-com-22-atracoes-a-cidade-gaucha-de-837-metros-de-altitude-com-cascata-de-131-metros-e-plataforma-de-vidro-a-360-metros-do-solo\/#breadcrumb","itemListElement":[{"@type":"ListItem","position":1,"name":"In\u00edcio","item":"https:\/\/www.uai.com.br\/uainoticias\/"},{"@type":"ListItem","position":2,"name":"Capital Nacional dos Parques Tem\u00e1ticos com 22 atra\u00e7\u00f5es: a cidade ga\u00facha de 837 metros de altitude com cascata de 131 metros e plataforma de vidro a 360 metros do solo"}]},{"@type":"WebSite","@id":"https:\/\/www.uai.com.br\/uainoticias\/#website","url":"https:\/\/www.uai.com.br\/uainoticias\/","name":"UAI Not\u00edcias","description":"Acompanhe as \u00faltimas not\u00edcias e fique bem informado sobre tudo o que acontece no Brasil e no mundo.","potentialAction":[{"@type":"SearchAction","target":{"@type":"EntryPoint","urlTemplate":"https:\/\/www.uai.com.br\/uainoticias\/?s={search_term_string}"},"query-input":{"@type":"PropertyValueSpecification","valueRequired":true,"valueName":"search_term_string"}}],"inLanguage":"pt-BR"},{"@type":"Person","@id":"https:\/\/www.uai.com.br\/uainoticias\/#\/schema\/person\/03130d752d0ce4e3bb0f607f1bc85084","name":"Vitor Bruno","image":{"@type":"ImageObject","inLanguage":"pt-BR","@id":"https:\/\/www.uai.com.br\/uainoticias\/#\/schema\/person\/image\/","url":"https:\/\/secure.gravatar.com\/avatar\/ab0513148053bbb80c117cdd35f8a0f2742d41eebbac321acf8df2e633d81609?s=96&d=mm&r=g","contentUrl":"https:\/\/secure.gravatar.com\/avatar\/ab0513148053bbb80c117cdd35f8a0f2742d41eebbac321acf8df2e633d81609?s=96&d=mm&r=g","caption":"Vitor Bruno"},"sameAs":["https:\/\/www.uai.com.br\/uainoticias\/"],"url":"https:\/\/www.uai.com.br\/uainoticias\/author\/vitor\/"}]}},"_links":{"self":[{"href":"https:\/\/www.uai.com.br\/uainoticias\/wp-json\/wp\/v2\/posts\/127711","targetHints":{"allow":["GET"]}}],"collection":[{"href":"https:\/\/www.uai.com.br\/uainoticias\/wp-json\/wp\/v2\/posts"}],"about":[{"href":"https:\/\/www.uai.com.br\/uainoticias\/wp-json\/wp\/v2\/types\/post"}],"author":[{"embeddable":true,"href":"https:\/\/www.uai.com.br\/uainoticias\/wp-json\/wp\/v2\/users\/14"}],"replies":[{"embeddable":true,"href":"https:\/\/www.uai.com.br\/uainoticias\/wp-json\/wp\/v2\/comments?post=127711"}],"version-history":[{"count":8,"href":"https:\/\/www.uai.com.br\/uainoticias\/wp-json\/wp\/v2\/posts\/127711\/revisions"}],"predecessor-version":[{"id":128764,"href":"https:\/\/www.uai.com.br\/uainoticias\/wp-json\/wp\/v2\/posts\/127711\/revisions\/128764"}],"wp:featuredmedia":[{"embeddable":true,"href":"https:\/\/www.uai.com.br\/uainoticias\/wp-json\/wp\/v2\/media\/128763"}],"wp:attachment":[{"href":"https:\/\/www.uai.com.br\/uainoticias\/wp-json\/wp\/v2\/media?parent=127711"}],"wp:term":[{"taxonomy":"category","embeddable":true,"href":"https:\/\/www.uai.com.br\/uainoticias\/wp-json\/wp\/v2\/categories?post=127711"},{"taxonomy":"post_tag","embeddable":true,"href":"https:\/\/www.uai.com.br\/uainoticias\/wp-json\/wp\/v2\/tags?post=127711"}],"curies":[{"name":"wp","href":"https:\/\/api.w.org\/{rel}","templated":true}]}}