{"id":127710,"date":"2026-04-30T02:00:00","date_gmt":"2026-04-30T05:00:00","guid":{"rendered":"https:\/\/www.uai.com.br\/uainoticias\/?p=127710"},"modified":"2026-04-30T02:25:36","modified_gmt":"2026-04-30T05:25:36","slug":"a-3a-cidade-mais-segura-do-brasil-tem-fontes-termais-a-37c-consideradas-as-2as-mais-radioativas-do-pais-e-um-museu-ferroviario-entre-os-maiores-da-america-latina","status":"publish","type":"post","link":"https:\/\/www.uai.com.br\/uainoticias\/2026\/04\/30\/a-3a-cidade-mais-segura-do-brasil-tem-fontes-termais-a-37c-consideradas-as-2as-mais-radioativas-do-pais-e-um-museu-ferroviario-entre-os-maiores-da-america-latina\/","title":{"rendered":"A 3\u00aa cidade mais segura do Brasil tem fontes termais a 37\u00b0C consideradas as 2\u00aas mais radioativas do pa\u00eds e um museu ferrovi\u00e1rio entre os maiores da Am\u00e9rica Latina"},"content":{"rendered":"\n<p>No sul de <strong>Santa Catarina<\/strong>, a 144 km de <strong>Florian\u00f3polis<\/strong>, uma cidade de 117 mil habitantes re\u00fane \u00e1guas medicinais, locomotivas centen\u00e1rias e os melhores \u00edndices de seguran\u00e7a do pa\u00eds. <strong>Tubar\u00e3o<\/strong> registrou 2,8 homic\u00eddios por 100 mil habitantes em 2025 e ostenta o apelido de Cidade Azul.<\/p>\n\n\n\n<h2 class=\"wp-block-heading\">Por que Tubar\u00e3o \u00e9 chamada de Cidade Azul?<\/h2>\n\n\n\n<p>O apelido nasceu da poesia. O escritor <strong>Virg\u00edlio V\u00e1rzea<\/strong> batizou o munic\u00edpio ao observar o reflexo das montanhas nas \u00e1guas do <strong>Rio Tubar\u00e3o<\/strong> que corta toda a \u00e1rea urbana. A imagem virou marca da cidade e atravessou o s\u00e9culo 20 como um dos cart\u00f5es-postais do sul catarinense.<\/p>\n\n\n\n<p>A cidade tamb\u00e9m figura entre os destaques nacionais de seguran\u00e7a p\u00fablica. Segundo o <a href=\"https:\/\/myside.com.br\/guia-imoveis\/cidades-mais-seguras-brasil\" target=\"_blank\" rel=\"noreferrer noopener\"><strong>Anu\u00e1rio 2025 Cidades Mais Seguras do Brasil<\/strong><\/a>, da plataforma <strong>MySide<\/strong>, Tubar\u00e3o \u00e9 a 3\u00aa cidade mais segura do pa\u00eds, atr\u00e1s apenas de <strong>Brusque<\/strong> e <strong>Jaragu\u00e1 do Sul<\/strong>, ambas catarinenses.<\/p>\n\n\n<div class=\"wp-block-image\">\n<figure class=\"aligncenter size-large\"><img decoding=\"async\" width=\"1024\" height=\"576\" src=\"https:\/\/www.uai.com.br\/uainoticias\/wp-content\/uploads\/2025\/12\/Aquele-Voo-em-Tubarao-Santa-Catarina-3-50-screenshot-1024x576.jpg\" alt=\"\" class=\"wp-image-94779\" srcset=\"https:\/\/www.uai.com.br\/uainoticias\/wp-content\/uploads\/2025\/12\/Aquele-Voo-em-Tubarao-Santa-Catarina-3-50-screenshot-1024x576.jpg 1024w, https:\/\/www.uai.com.br\/uainoticias\/wp-content\/uploads\/2025\/12\/Aquele-Voo-em-Tubarao-Santa-Catarina-3-50-screenshot-300x169.jpg 300w, https:\/\/www.uai.com.br\/uainoticias\/wp-content\/uploads\/2025\/12\/Aquele-Voo-em-Tubarao-Santa-Catarina-3-50-screenshot-768x432.jpg 768w, https:\/\/www.uai.com.br\/uainoticias\/wp-content\/uploads\/2025\/12\/Aquele-Voo-em-Tubarao-Santa-Catarina-3-50-screenshot-750x422.jpg 750w, https:\/\/www.uai.com.br\/uainoticias\/wp-content\/uploads\/2025\/12\/Aquele-Voo-em-Tubarao-Santa-Catarina-3-50-screenshot-1140x641.jpg 1140w, https:\/\/www.uai.com.br\/uainoticias\/wp-content\/uploads\/2025\/12\/Aquele-Voo-em-Tubarao-Santa-Catarina-3-50-screenshot.jpg 1280w\" sizes=\"(max-width: 1024px) 100vw, 1024px\" \/><figcaption class=\"wp-element-caption\">Tubar\u00e3o, Santa Catarina, Sul do Brasil, atrai novos moradores pela infraestrutura em crescimento e pelo ambiente acolhedor. \/\/ YouTube.com\/@DRONETUBARAOIMAGENS<\/figcaption><\/figure><\/div>\n\n\n<h2 class=\"wp-block-heading\">\u00c1guas termais a 37\u00b0C entre as mais radioativas do Brasil<\/h2>\n\n\n\n<p>O turismo de sa\u00fade \u00e9 a voca\u00e7\u00e3o hist\u00f3rica do munic\u00edpio. As <strong>Est\u00e2ncias Termais da Guarda e do Rio do Pouso<\/strong>, segundo o <a href=\"https:\/\/turismo.tubarao.sc.gov.br\/o-que-fazer\/item\/estancias-termais\" target=\"_blank\" rel=\"noreferrer noopener\"><strong>Portal Municipal de Turismo de Tubar\u00e3o<\/strong><\/a>, oferecem \u00e1guas a 37\u00b0C reconhecidas como as segundas mais radioativas do pa\u00eds, com efic\u00e1cia comprovada no tratamento de reumatismos, hipertens\u00e3o e estresse.<\/p>\n\n\n\n<p>A Est\u00e2ncia da Guarda fica a 10 km do centro, na margem direita do <strong>Rio Tubar\u00e3o<\/strong>, e abriga hot\u00e9is com piscinas t\u00e9rmicas, banhos de lama medicinal e parque aqu\u00e1tico. J\u00e1 a Est\u00e2ncia do Rio do Pouso, na margem esquerda, mant\u00e9m arquitetura de antiga casa de fazenda, com banheiras individuais e trilhas pelas cachoeiras do entorno.<\/p>\n\n\n\n<p><strong>Leia tamb\u00e9m: <a href=\"https:\/\/www.uai.com.br\/uainoticias\/2026\/04\/25\/essa-cidade-nordestina-esta-em-alta-447-mais-estrangeiros-escolheram-esse-paraiso-de-mar-morno-e-brisa-perfeita\/\" target=\"_blank\" rel=\"noreferrer noopener\">Essa cidade nordestina est\u00e1 em alta: 44,7% mais estrangeiros escolheram esse para\u00edso de mar morno e brisa perfeita<\/a><\/strong><\/p>\n\n\n\n<h2 class=\"wp-block-heading\">O que fazer em Tubar\u00e3o?<\/h2>\n\n\n\n<p>A cidade combina turismo de sa\u00fade, mem\u00f3ria ferrovi\u00e1ria e patrim\u00f4nio hist\u00f3rico em poucos quil\u00f4metros. As atra\u00e7\u00f5es imperd\u00edveis percorrem o centro urbano e os arredores rurais:<\/p>\n\n\n\n<ul class=\"wp-block-list\">\n<li><strong>Est\u00e2ncia Termal da Guarda<\/strong>: hot\u00e9is termais com piscinas a 37\u00b0C, banhos de lama medicinal e parque aqu\u00e1tico.<\/li>\n\n\n\n<li><strong>Est\u00e2ncia Termal do Rio do Pouso<\/strong>: balne\u00e1rio com banheiras individuais, trilhas e cachoeiras, em ambiente de antiga fazenda.<\/li>\n\n\n\n<li><strong>Museu Ferrovi\u00e1rio<\/strong>: um dos maiores da <strong>Am\u00e9rica Latina<\/strong>, \u00fanico em Santa Catarina, com locomotivas a vapor da Inglaterra, Alemanha e da antiga Tchecoslov\u00e1quia entre 1912 e 1956.<\/li>\n\n\n\n<li><strong>Maria-Fuma\u00e7a<\/strong>: passeio hist\u00f3rico que percorre a Estrada de Ferro Dona Thereza Christina rumo a <strong>Imbituba<\/strong>, <strong>Laguna<\/strong>, <strong>Jaguaruna<\/strong> e <strong>Urussanga<\/strong>.<\/li>\n\n\n\n<li><strong>Casa da Cidade Huberto Rohden<\/strong>: palacete neocl\u00e1ssico de 1897 tombado como patrim\u00f4nio hist\u00f3rico, hoje sede da Academia Tubaronense de Letras.<\/li>\n\n\n\n<li><strong>Casario Hist\u00f3rico<\/strong>: conjunto de fachadas coloridas em estilo colonial \u00e0s margens do Rio Tubar\u00e3o, com deck que conecta os antigos sobrados.<\/li>\n<\/ul>\n\n\n\n<p>A gastronomia segue a heran\u00e7a dos imigrantes europeus que ajudaram a fundar a cidade, com forte presen\u00e7a de pratos italianos e ingredientes frescos do litoral pr\u00f3ximo. Algumas refer\u00eancias locais:<\/p>\n\n\n\n<ul class=\"wp-block-list\">\n<li><strong>Frutos do mar<\/strong>: a proximidade com <strong>Laguna<\/strong> e o litoral catarinense garante peixe e camar\u00e3o fresco em v\u00e1rios restaurantes do centro.<\/li>\n\n\n\n<li><strong>Cozinha italiana<\/strong>: heran\u00e7a dos imigrantes do Vale do Tubar\u00e3o, com massas artesanais e cantinas tradicionais.<\/li>\n\n\n\n<li><strong>Produtos coloniais<\/strong>: queijos, doces e embutidos vendidos na regi\u00e3o das est\u00e2ncias termais e em feiras municipais.<\/li>\n\n\n\n<li><strong>Vinhos de Urussanga<\/strong>: a vizinha catarinense \u00e9 refer\u00eancia em produ\u00e7\u00e3o de vinhos finos e est\u00e1 inclu\u00edda no roteiro da Maria-Fuma\u00e7a.<\/li>\n<\/ul>\n\n\n\n<p>Quem busca curiosidades e hist\u00f3ria sobre a <strong>Cidade Azul<\/strong>, vai curtir esse v\u00eddeo especialmente selecionado do canal <strong>Inda V\u00edrus<\/strong>, que conta com mais de <strong>176 mil<\/strong> visualiza\u00e7\u00f5es, onde <strong>Lauro e seu parceiro<\/strong> mostram o <strong>Museu Ferrovi\u00e1rio<\/strong>, \u00e1guas termais e outros pontos de <strong>Tubar\u00e3o<\/strong>, em <strong>Santa Catarina<\/strong>:<\/p>\n\n\n\n<figure class=\"wp-block-embed is-type-video is-provider-youtube wp-block-embed-youtube wp-embed-aspect-16-9 wp-has-aspect-ratio\"><div class=\"wp-block-embed__wrapper\">\n<div class=\"jeg_video_container jeg_video_content\"><iframe loading=\"lazy\" title=\"A CIDADE DE TUBAR\u00c3O (Santa Catarina)\" width=\"500\" height=\"281\" src=\"https:\/\/www.youtube.com\/embed\/GDRnbYZ0_RA?feature=oembed\" frameborder=\"0\" allow=\"accelerometer; autoplay; clipboard-write; encrypted-media; gyroscope; picture-in-picture; web-share\" referrerpolicy=\"strict-origin-when-cross-origin\" allowfullscreen><\/iframe><\/div>\n<\/div><\/figure>\n\n\n\n<h2 class=\"wp-block-heading\">Como \u00e9 o clima em Tubar\u00e3o?<\/h2>\n\n\n\n<p>O clima \u00e9 subtropical \u00famido, com ver\u00f5es quentes e invernos amenos t\u00edpicos do litoral sul brasileiro. A umidade \u00e9 constante por causa da bacia do <strong>Rio Tubar\u00e3o<\/strong>, e cada esta\u00e7\u00e3o rende um tipo de passeio diferente:<\/p>\n\n\n\n<style>\n    .clima-grid-uai121 { \n        --cor-primaria: #0278c0; --cor-secundaria: #ffd31a; --cor-txt-secundaria: #0278c0;\n        display: grid; grid-template-columns: repeat(auto-fit, minmax(190px, 1fr)); gap: 15px; justify-content: center; padding: 10px;\n    }\n    .clima-card-uai121 { border: 5px solid var(--cor-primaria); border-top: 5px solid var(--cor-secundaria); border-radius: 12px; background-color: var(--cor-primaria); background-clip: padding-box; display: flex; flex-direction: column; overflow: hidden; cursor: pointer; box-shadow: 0 6px 12px rgba(0,0,0, 0.2); transition: transform 0.2s ease, box-shadow 0.2s ease; -webkit-tap-highlight-color: transparent; user-select: none; transform: translateZ(0); animation: wmFadeIn 0.6s cubic-bezier(0.2, 0.8, 0.2, 1) backwards; }\n    .clima-card-uai121:focus-visible { outline: 3px dashed var(--cor-secundaria); outline-offset: 4px; }\n    .clima-card-uai121:nth-child(1) { animation-delay: 0.1s; } .clima-card-uai121:nth-child(2) { animation-delay: 0.2s; } .clima-card-uai121:nth-child(3) { animation-delay: 0.3s; } .clima-card-uai121:nth-child(4) { animation-delay: 0.4s; }\n    @keyframes wmFadeIn { from { opacity: 0; transform: translateY(30px); } to { opacity: 1; transform: translateY(0); } }\n    .clima-card-uai121:hover { transform: translateY(-5px); box-shadow: 0 15px 30px rgba(0,0,0, 0.3); }\n    .clima-card-uai121:active { transform: translateY(-1px) scale(0.97); box-shadow: 0 3px 6px rgba(0,0,0, 0.2); transition: transform 0.05s ease, box-shadow 0.05s ease; }\n    .clima-header-uai121 { background: #fdfbf5; padding: 15px 10px; text-align: center; display: flex; flex-direction: column; align-items: center; justify-content: center; }\n    .clima-body-uai121 { background: #ffffff; padding: 15px; display: flex; flex-direction: column; flex-grow: 1; align-items: center; }\n    .clima-destaque-uai121 { box-shadow: 0 8px 16px rgba(0,0,0, 0.25); }\n    .clima-destaque-uai121:hover { box-shadow: 0 18px 36px rgba(0,0,0, 0.35); }\n    .clima-destaque-uai121 .clima-header-uai121 { background: var(--cor-secundaria); }\n    .clima-destaque-uai121 .clima-header-uai121 .clima-titulo-uai121 { color: var(--cor-txt-secundaria) !important; } \n    .clima-pill-uai121 { display: flex; white-space: normal; max-width: 100%; box-sizing: border-box; justify-content: center; align-items: center; text-align: center; background: #e6f2fa; color: var(--cor-primaria); font-size: 11px; font-weight: 900 !important; letter-spacing: 0.5px; padding: 8px 16px; border-radius: 16px; text-transform: uppercase; line-height: 1.4; box-shadow: 0 4px 8px rgba(0,0,0, 0.15); margin-top: auto; transition: transform 0.2s ease; }\n    .clima-destaque-uai121 .clima-pill-uai121 { background: var(--cor-primaria); color: #ffffff; border: 1px solid #ffffff; } \n    .clima-card-uai121:hover .clima-pill-uai121 { transform: scale(1.06); }\n    .clima-pill-uai121 span { font-weight: 900 !important; color: inherit; } \n    .clima-emoji-uai121 { font-size: 24px; line-height: 1; margin-bottom: 5px; }\n    .clima-titulo-uai121 { color: var(--cor-primaria); font-size: 16px; text-transform: uppercase; margin-top: 5px; font-weight: bold; }\n    .clima-mes-uai121 { font-size: 11px; font-weight: 800; color: var(--cor-primaria); text-transform: uppercase; margin-bottom: 5px; display: block; }\n    .clima-temp-uai121 { font-size: 26px; font-weight: 900; color: var(--cor-primaria); margin-bottom: 10px; }\n    .clima-desc-uai121 { font-size: 13px; color: #444; text-align: center; line-height: 1.5; margin-bottom: 15px; flex-grow: 1;}\n    .clima-desc-uai121 strong { color: #111; }\n    @media (prefers-color-scheme: dark) {\n        .clima-card-uai121 { border-color: #014f7d; background-color: #014f7d; box-shadow: 0 6px 12px rgba(0,0,0, 0.5); }\n        .clima-header-uai121 { background: #1a1a1a; } .clima-body-uai121 { background: #121212; }\n        .clima-destaque-uai121 .clima-header-uai121 { background: var(--cor-secundaria); }\n        .clima-destaque-uai121 .clima-header-uai121 .clima-titulo-uai121 { color: var(--cor-txt-secundaria) !important; }\n        .clima-titulo-uai121 { color: #63b2e8; } .clima-mes-uai121 { color: #63b2e8; } .clima-temp-uai121 { color: #63b2e8; } .clima-desc-uai121 { color: #cccccc; } .clima-desc-uai121 strong { color: #ffffff; }\n        .clima-pill-uai121 { background: #014f7d; color: #ffffff; box-shadow: 0 4px 8px rgba(0, 0, 0, 0.5); }\n        .clima-destaque-uai121 .clima-pill-uai121 { background: #013859; color: #ffffff; border-color: #63b2e8; }\n    }\n<\/style>\n<div class=\"google-auto-ads-ignore clima-grid-uai121\" style=\"box-sizing: border-box; width: 100%; max-width: 980px; margin: 30px auto; font-family: 'Segoe UI', Roboto, Helvetica, Arial, sans-serif;\">\n    <div class=\"clima-card-uai121\" tabindex=\"0\">\n        <div class=\"clima-header-uai121\"><div class=\"clima-emoji-uai121\" aria-hidden=\"true\">\ud83c\udfd6\ufe0f<\/div><div class=\"clima-titulo-uai121\">Ver\u00e3o<\/div><\/div>\n        <div class=\"clima-body-uai121\">\n            <time class=\"clima-mes-uai121\">Dezembro a fevereiro<\/time><div class=\"clima-temp-uai121\">20\u00b0C a 30\u00b0C<\/div>\n            <div class=\"clima-desc-uai121\">O calor eleva a umidade e a precipita\u00e7\u00e3o. \u00c9 o momento de maior fluxo de turistas focados em curtir muito as belas <strong>Praias de Laguna e Jaguaruna<\/strong>.<\/div>\n            <div class=\"clima-pill-uai121\"><span>\u2614 Chuva Alta<\/span><\/div>\n        <\/div>\n    <\/div>\n    <div class=\"clima-card-uai121\" tabindex=\"0\">\n        <div class=\"clima-header-uai121\"><div class=\"clima-emoji-uai121\" aria-hidden=\"true\">\ud83d\ude82<\/div><div class=\"clima-titulo-uai121\">Outono<\/div><\/div>\n        <div class=\"clima-body-uai121\">\n            <time class=\"clima-mes-uai121\">Mar\u00e7o a maio<\/time><div class=\"clima-temp-uai121\">15\u00b0C a 25\u00b0C<\/div>\n            <div class=\"clima-desc-uai121\">As nuvens diminuem e o clima nost\u00e1lgico reina no sul. Janela incr\u00edvel para reviver a hist\u00f3ria na <strong>Maria-Fuma\u00e7a e conhecer os ricos museus<\/strong>.<\/div>\n            <div class=\"clima-pill-uai121\"><span>\u2601\ufe0f Chuva M\u00e9dia<\/span><\/div>\n        <\/div>\n    <\/div>\n    <div class=\"clima-card-uai121 clima-destaque-uai121\" tabindex=\"0\">\n        <div class=\"clima-header-uai121\"><div class=\"clima-emoji-uai121\" aria-hidden=\"true\">\ud83e\uddd6<\/div><div class=\"clima-titulo-uai121\">Inverno<\/div><\/div>\n        <div class=\"clima-body-uai121\">\n            <time class=\"clima-mes-uai121\">Junho a agosto<\/time><div class=\"clima-temp-uai121\">10\u00b0C a 21\u00b0C<\/div>\n            <div class=\"clima-desc-uai121\">A alta temporada de frio e conforto! Com poucas chuvas, \u00e9 perfeito para relaxar de vez nas cl\u00e1ssicas <strong>\u00c1guas termais e curtir a gastronomia<\/strong>.<\/div>\n            <div class=\"clima-pill-uai121\"><span>\u2b50 Melhor \u00c9poca \/ Termais<\/span><\/div>\n        <\/div>\n    <\/div>\n    <div class=\"clima-card-uai121\" tabindex=\"0\">\n        <div class=\"clima-header-uai121\"><div class=\"clima-emoji-uai121\" aria-hidden=\"true\">\ud83e\udd7e<\/div><div class=\"clima-titulo-uai121\">Primavera<\/div><\/div>\n        <div class=\"clima-body-uai121\">\n            <time class=\"clima-mes-uai121\">Setembro a novembro<\/time><div class=\"clima-temp-uai121\">14\u00b0C a 25\u00b0C<\/div>\n            <div class=\"clima-desc-uai121\">O verde retoma o f\u00f4lego nas matas com chuva est\u00e1vel. Explore a vasta natureza com as \u00f3timas <strong>trilhas e cachoeiras do Rio do Pouso<\/strong>.<\/div>\n            <div class=\"clima-pill-uai121\"><span>\u2601\ufe0f Chuva M\u00e9dia<\/span><\/div>\n        <\/div>\n    <\/div>\n<\/div>\n\n\n\n<p><em>Temperaturas aproximadas com base no <a href=\"https:\/\/www.climatempo.com.br\/previsao-do-tempo\/cidade\/1445\/tubarao-sc\" target=\"_blank\" rel=\"noreferrer noopener\"><strong>Climatempo<\/strong><\/a>. Condi\u00e7\u00f5es podem variar.<\/em><\/p>\n\n\n\n<h2 class=\"wp-block-heading\">Como chegar em Tubar\u00e3o?<\/h2>\n\n\n\n<p>A cidade \u00e9 cortada pela rodovia BR-101 e fica a 144 km da capital catarinense. O acesso por carro \u00e9 direto e rende cerca de duas horas de viagem a partir de <strong>Florian\u00f3polis<\/strong>.<\/p>\n\n\n\n<p>O aeroporto mais pr\u00f3ximo \u00e9 o <strong>Aeroporto Regional Sul Humberto Bortoluzzi<\/strong>, em <strong>Jaguaruna<\/strong>, a 30 km do centro. Voos comerciais regulares tamb\u00e9m desembarcam no <strong>Aeroporto Internacional Herc\u00edlio Luz<\/strong>, em Florian\u00f3polis, a aproximadamente 155 km da cidade.<\/p>\n\n\n\n<h2 class=\"wp-block-heading\">Conhe\u00e7a a Cidade Azul de Santa Catarina<\/h2>\n\n\n\n<p>Pouca gente sabe que o sul catarinense re\u00fane em um s\u00f3 munic\u00edpio \u00e1guas termais entre as mais terap\u00eauticas do pa\u00eds, um dos maiores acervos ferrovi\u00e1rios da <strong>Am\u00e9rica Latina<\/strong> e \u00edndices de seguran\u00e7a que colocam <strong>Tubar\u00e3o<\/strong> no p\u00f3dio nacional. A heran\u00e7a italiana est\u00e1 nas cantinas, e a mem\u00f3ria ferrovi\u00e1ria ainda corre nos trilhos da Maria-Fuma\u00e7a.<\/p>\n\n\n\n<p>Voc\u00ea precisa pegar a BR-101 e descobrir por que essa cidade catarinense virou refer\u00eancia em sa\u00fade, cultura e tranquilidade no mesmo endere\u00e7o.<\/p>\n","protected":false},"excerpt":{"rendered":"<p>No sul de Santa Catarina, a 144 km de Florian\u00f3polis, uma cidade de 117 mil habitantes re\u00fane \u00e1guas medicinais, locomotivas centen\u00e1rias e os melhores \u00edndices de seguran\u00e7a do pa\u00eds. Tubar\u00e3o registrou 2,8 homic\u00eddios por 100 mil habitantes em 2025 e ostenta o apelido de Cidade Azul. Por que Tubar\u00e3o \u00e9 chamada de Cidade Azul? O [&hellip;]<\/p>\n","protected":false},"author":14,"featured_media":128761,"comment_status":"open","ping_status":"open","sticky":false,"template":"","format":"standard","meta":{"jnews-multi-image_gallery":[],"jnews_single_post":{"format":"standard"},"jnews_primary_category":[],"jnews_social_meta":[],"jnews_override_counter":[],"footnotes":""},"categories":[210],"tags":[234,2611,3789],"class_list":["post-127710","post","type-post","status-publish","format-standard","has-post-thumbnail","hentry","category-cidades","tag-cidades","tag-santa-catarina","tag-tubarao"],"yoast_head":"<!-- This site is optimized with the Yoast SEO plugin v26.5 - https:\/\/yoast.com\/wordpress\/plugins\/seo\/ -->\n<title>A 3\u00aa cidade mais segura do Brasil tem fontes termais a 37\u00b0C consideradas as 2\u00aas mais radioativas do pa\u00eds e um museu ferrovi\u00e1rio entre os maiores da Am\u00e9rica Latina - UAI Not\u00edcias<\/title>\n<meta name=\"description\" content=\"Com fontes entre as mais radioativas do pa\u00eds e infraestrutura de ponta, esta cidade \u00e9 refer\u00eancia em qualidade de vida e lazer. Veja.\" \/>\n<meta name=\"robots\" content=\"index, follow, max-snippet:-1, max-image-preview:large, max-video-preview:-1\" \/>\n<link rel=\"canonical\" href=\"https:\/\/www.uai.com.br\/uainoticias\/2026\/04\/30\/a-3a-cidade-mais-segura-do-brasil-tem-fontes-termais-a-37c-consideradas-as-2as-mais-radioativas-do-pais-e-um-museu-ferroviario-entre-os-maiores-da-america-latina\/\" \/>\n<meta property=\"og:locale\" content=\"pt_BR\" \/>\n<meta property=\"og:type\" content=\"article\" \/>\n<meta property=\"og:title\" content=\"A 3\u00aa cidade mais segura do Brasil tem fontes termais a 37\u00b0C consideradas as 2\u00aas mais radioativas do pa\u00eds e um museu ferrovi\u00e1rio entre os maiores da Am\u00e9rica Latina - UAI Not\u00edcias\" \/>\n<meta property=\"og:description\" content=\"Com fontes entre as mais radioativas do pa\u00eds e infraestrutura de ponta, esta cidade \u00e9 refer\u00eancia em qualidade de vida e lazer. Veja.\" \/>\n<meta property=\"og:url\" content=\"https:\/\/www.uai.com.br\/uainoticias\/2026\/04\/30\/a-3a-cidade-mais-segura-do-brasil-tem-fontes-termais-a-37c-consideradas-as-2as-mais-radioativas-do-pais-e-um-museu-ferroviario-entre-os-maiores-da-america-latina\/\" \/>\n<meta property=\"og:site_name\" content=\"UAI Not\u00edcias\" \/>\n<meta property=\"article:published_time\" content=\"2026-04-30T05:00:00+00:00\" \/>\n<meta property=\"article:modified_time\" content=\"2026-04-30T05:25:36+00:00\" \/>\n<meta property=\"og:image\" content=\"https:\/\/www.uai.com.br\/uainoticias\/wp-content\/uploads\/2026\/04\/Historic_train_station_thermal_w\u2026_202604300221.jpg\" \/>\n\t<meta property=\"og:image:width\" content=\"1280\" \/>\n\t<meta property=\"og:image:height\" content=\"720\" \/>\n\t<meta property=\"og:image:type\" content=\"image\/jpeg\" \/>\n<meta name=\"author\" content=\"Vitor Bruno\" \/>\n<meta name=\"twitter:card\" content=\"summary_large_image\" \/>\n<meta name=\"twitter:label1\" content=\"Escrito por\" \/>\n\t<meta name=\"twitter:data1\" content=\"Vitor Bruno\" \/>\n\t<meta name=\"twitter:label2\" content=\"Est. tempo de leitura\" \/>\n\t<meta name=\"twitter:data2\" content=\"6 minutos\" \/>\n<!-- \/ Yoast SEO plugin. -->","yoast_head_json":{"title":"A 3\u00aa cidade mais segura do Brasil tem fontes termais a 37\u00b0C consideradas as 2\u00aas mais radioativas do pa\u00eds e um museu ferrovi\u00e1rio entre os maiores da Am\u00e9rica Latina - UAI Not\u00edcias","description":"Com fontes entre as mais radioativas do pa\u00eds e infraestrutura de ponta, esta cidade \u00e9 refer\u00eancia em qualidade de vida e lazer. Veja.","robots":{"index":"index","follow":"follow","max-snippet":"max-snippet:-1","max-image-preview":"max-image-preview:large","max-video-preview":"max-video-preview:-1"},"canonical":"https:\/\/www.uai.com.br\/uainoticias\/2026\/04\/30\/a-3a-cidade-mais-segura-do-brasil-tem-fontes-termais-a-37c-consideradas-as-2as-mais-radioativas-do-pais-e-um-museu-ferroviario-entre-os-maiores-da-america-latina\/","og_locale":"pt_BR","og_type":"article","og_title":"A 3\u00aa cidade mais segura do Brasil tem fontes termais a 37\u00b0C consideradas as 2\u00aas mais radioativas do pa\u00eds e um museu ferrovi\u00e1rio entre os maiores da Am\u00e9rica Latina - UAI Not\u00edcias","og_description":"Com fontes entre as mais radioativas do pa\u00eds e infraestrutura de ponta, esta cidade \u00e9 refer\u00eancia em qualidade de vida e lazer. Veja.","og_url":"https:\/\/www.uai.com.br\/uainoticias\/2026\/04\/30\/a-3a-cidade-mais-segura-do-brasil-tem-fontes-termais-a-37c-consideradas-as-2as-mais-radioativas-do-pais-e-um-museu-ferroviario-entre-os-maiores-da-america-latina\/","og_site_name":"UAI Not\u00edcias","article_published_time":"2026-04-30T05:00:00+00:00","article_modified_time":"2026-04-30T05:25:36+00:00","og_image":[{"width":1280,"height":720,"url":"https:\/\/www.uai.com.br\/uainoticias\/wp-content\/uploads\/2026\/04\/Historic_train_station_thermal_w\u2026_202604300221.jpg","type":"image\/jpeg"}],"author":"Vitor Bruno","twitter_card":"summary_large_image","twitter_misc":{"Escrito por":"Vitor Bruno","Est. tempo de leitura":"6 minutos"},"schema":{"@context":"https:\/\/schema.org","@graph":[{"@type":"WebPage","@id":"https:\/\/www.uai.com.br\/uainoticias\/2026\/04\/30\/a-3a-cidade-mais-segura-do-brasil-tem-fontes-termais-a-37c-consideradas-as-2as-mais-radioativas-do-pais-e-um-museu-ferroviario-entre-os-maiores-da-america-latina\/","url":"https:\/\/www.uai.com.br\/uainoticias\/2026\/04\/30\/a-3a-cidade-mais-segura-do-brasil-tem-fontes-termais-a-37c-consideradas-as-2as-mais-radioativas-do-pais-e-um-museu-ferroviario-entre-os-maiores-da-america-latina\/","name":"A 3\u00aa cidade mais segura do Brasil tem fontes termais a 37\u00b0C consideradas as 2\u00aas mais radioativas do pa\u00eds e um museu ferrovi\u00e1rio entre os maiores da Am\u00e9rica Latina - UAI Not\u00edcias","isPartOf":{"@id":"https:\/\/www.uai.com.br\/uainoticias\/#website"},"primaryImageOfPage":{"@id":"https:\/\/www.uai.com.br\/uainoticias\/2026\/04\/30\/a-3a-cidade-mais-segura-do-brasil-tem-fontes-termais-a-37c-consideradas-as-2as-mais-radioativas-do-pais-e-um-museu-ferroviario-entre-os-maiores-da-america-latina\/#primaryimage"},"image":{"@id":"https:\/\/www.uai.com.br\/uainoticias\/2026\/04\/30\/a-3a-cidade-mais-segura-do-brasil-tem-fontes-termais-a-37c-consideradas-as-2as-mais-radioativas-do-pais-e-um-museu-ferroviario-entre-os-maiores-da-america-latina\/#primaryimage"},"thumbnailUrl":"https:\/\/www.uai.com.br\/uainoticias\/wp-content\/uploads\/2026\/04\/Historic_train_station_thermal_w\u2026_202604300221.jpg","datePublished":"2026-04-30T05:00:00+00:00","dateModified":"2026-04-30T05:25:36+00:00","author":{"@id":"https:\/\/www.uai.com.br\/uainoticias\/#\/schema\/person\/03130d752d0ce4e3bb0f607f1bc85084"},"description":"Com fontes entre as mais radioativas do pa\u00eds e infraestrutura de ponta, esta cidade \u00e9 refer\u00eancia em qualidade de vida e lazer. Veja.","breadcrumb":{"@id":"https:\/\/www.uai.com.br\/uainoticias\/2026\/04\/30\/a-3a-cidade-mais-segura-do-brasil-tem-fontes-termais-a-37c-consideradas-as-2as-mais-radioativas-do-pais-e-um-museu-ferroviario-entre-os-maiores-da-america-latina\/#breadcrumb"},"inLanguage":"pt-BR","potentialAction":[{"@type":"ReadAction","target":["https:\/\/www.uai.com.br\/uainoticias\/2026\/04\/30\/a-3a-cidade-mais-segura-do-brasil-tem-fontes-termais-a-37c-consideradas-as-2as-mais-radioativas-do-pais-e-um-museu-ferroviario-entre-os-maiores-da-america-latina\/"]}]},{"@type":"ImageObject","inLanguage":"pt-BR","@id":"https:\/\/www.uai.com.br\/uainoticias\/2026\/04\/30\/a-3a-cidade-mais-segura-do-brasil-tem-fontes-termais-a-37c-consideradas-as-2as-mais-radioativas-do-pais-e-um-museu-ferroviario-entre-os-maiores-da-america-latina\/#primaryimage","url":"https:\/\/www.uai.com.br\/uainoticias\/wp-content\/uploads\/2026\/04\/Historic_train_station_thermal_w\u2026_202604300221.jpg","contentUrl":"https:\/\/www.uai.com.br\/uainoticias\/wp-content\/uploads\/2026\/04\/Historic_train_station_thermal_w\u2026_202604300221.jpg","width":1280,"height":720,"caption":"A 3\u00aa cidade mais segura do Brasil tem fontes termais a 37\u00b0C consideradas as 2\u00aas mais radioativas do pa\u00eds e um museu ferrovi\u00e1rio entre os maiores da Am\u00e9rica Latina \/\/ IMAGEM ILUSTRATIVA"},{"@type":"BreadcrumbList","@id":"https:\/\/www.uai.com.br\/uainoticias\/2026\/04\/30\/a-3a-cidade-mais-segura-do-brasil-tem-fontes-termais-a-37c-consideradas-as-2as-mais-radioativas-do-pais-e-um-museu-ferroviario-entre-os-maiores-da-america-latina\/#breadcrumb","itemListElement":[{"@type":"ListItem","position":1,"name":"In\u00edcio","item":"https:\/\/www.uai.com.br\/uainoticias\/"},{"@type":"ListItem","position":2,"name":"A 3\u00aa cidade mais segura do Brasil tem fontes termais a 37\u00b0C consideradas as 2\u00aas mais radioativas do pa\u00eds e um museu ferrovi\u00e1rio entre os maiores da Am\u00e9rica Latina"}]},{"@type":"WebSite","@id":"https:\/\/www.uai.com.br\/uainoticias\/#website","url":"https:\/\/www.uai.com.br\/uainoticias\/","name":"UAI Not\u00edcias","description":"Acompanhe as \u00faltimas not\u00edcias e fique bem informado sobre tudo o que acontece no Brasil e no mundo.","potentialAction":[{"@type":"SearchAction","target":{"@type":"EntryPoint","urlTemplate":"https:\/\/www.uai.com.br\/uainoticias\/?s={search_term_string}"},"query-input":{"@type":"PropertyValueSpecification","valueRequired":true,"valueName":"search_term_string"}}],"inLanguage":"pt-BR"},{"@type":"Person","@id":"https:\/\/www.uai.com.br\/uainoticias\/#\/schema\/person\/03130d752d0ce4e3bb0f607f1bc85084","name":"Vitor Bruno","image":{"@type":"ImageObject","inLanguage":"pt-BR","@id":"https:\/\/www.uai.com.br\/uainoticias\/#\/schema\/person\/image\/","url":"https:\/\/secure.gravatar.com\/avatar\/ab0513148053bbb80c117cdd35f8a0f2742d41eebbac321acf8df2e633d81609?s=96&d=mm&r=g","contentUrl":"https:\/\/secure.gravatar.com\/avatar\/ab0513148053bbb80c117cdd35f8a0f2742d41eebbac321acf8df2e633d81609?s=96&d=mm&r=g","caption":"Vitor Bruno"},"sameAs":["https:\/\/www.uai.com.br\/uainoticias\/"],"url":"https:\/\/www.uai.com.br\/uainoticias\/author\/vitor\/"}]}},"_links":{"self":[{"href":"https:\/\/www.uai.com.br\/uainoticias\/wp-json\/wp\/v2\/posts\/127710","targetHints":{"allow":["GET"]}}],"collection":[{"href":"https:\/\/www.uai.com.br\/uainoticias\/wp-json\/wp\/v2\/posts"}],"about":[{"href":"https:\/\/www.uai.com.br\/uainoticias\/wp-json\/wp\/v2\/types\/post"}],"author":[{"embeddable":true,"href":"https:\/\/www.uai.com.br\/uainoticias\/wp-json\/wp\/v2\/users\/14"}],"replies":[{"embeddable":true,"href":"https:\/\/www.uai.com.br\/uainoticias\/wp-json\/wp\/v2\/comments?post=127710"}],"version-history":[{"count":7,"href":"https:\/\/www.uai.com.br\/uainoticias\/wp-json\/wp\/v2\/posts\/127710\/revisions"}],"predecessor-version":[{"id":128760,"href":"https:\/\/www.uai.com.br\/uainoticias\/wp-json\/wp\/v2\/posts\/127710\/revisions\/128760"}],"wp:featuredmedia":[{"embeddable":true,"href":"https:\/\/www.uai.com.br\/uainoticias\/wp-json\/wp\/v2\/media\/128761"}],"wp:attachment":[{"href":"https:\/\/www.uai.com.br\/uainoticias\/wp-json\/wp\/v2\/media?parent=127710"}],"wp:term":[{"taxonomy":"category","embeddable":true,"href":"https:\/\/www.uai.com.br\/uainoticias\/wp-json\/wp\/v2\/categories?post=127710"},{"taxonomy":"post_tag","embeddable":true,"href":"https:\/\/www.uai.com.br\/uainoticias\/wp-json\/wp\/v2\/tags?post=127710"}],"curies":[{"name":"wp","href":"https:\/\/api.w.org\/{rel}","templated":true}]}}