{"id":127709,"date":"2026-04-29T23:45:00","date_gmt":"2026-04-30T02:45:00","guid":{"rendered":"https:\/\/www.uai.com.br\/uainoticias\/?p=127709"},"modified":"2026-04-28T06:52:32","modified_gmt":"2026-04-28T09:52:32","slug":"essa-cidade-e-a-segunda-maior-de-minas-e-a-10a-melhor-do-brasil-para-viver","status":"publish","type":"post","link":"https:\/\/www.uai.com.br\/uainoticias\/2026\/04\/29\/essa-cidade-e-a-segunda-maior-de-minas-e-a-10a-melhor-do-brasil-para-viver\/","title":{"rendered":"Essa cidade \u00e9 a segunda maior de Minas e a 10\u00aa melhor do Brasil para viver"},"content":{"rendered":"\n<p>A 556 km de <strong>Belo Horizonte<\/strong>, na ponta oeste do estado, <strong>Uberl\u00e2ndia<\/strong> re\u00fane 755 mil habitantes, uma das melhores universidades federais do <strong>Brasil<\/strong> e um complexo de lazer maior que muitas cidades inteiras. A Capital do Tri\u00e2ngulo Mineiro figura entre as refer\u00eancias nacionais em qualidade de vida e cresce como polo log\u00edstico do Brasil Central.<\/p>\n\n\n\n<h2 class=\"wp-block-heading\">Por que Uberl\u00e2ndia virou refer\u00eancia nacional em ESG e qualidade de vida<\/h2>\n\n\n\n<p>Os n\u00fameros explicam a posi\u00e7\u00e3o. Em <a href=\"https:\/\/www.uberlandia.mg.gov.br\/2025\/06\/04\/uberlandia-esta-entre-as-10-cidades-do-pais-com-melhor-performance-nos-criterios-ambiental-social-e-governanca\/\" target=\"_blank\" rel=\"noreferrer noopener\"><strong>levantamento divulgado pela Prefeitura de Uberl\u00e2ndia<\/strong><\/a>, com base no Ranking de Competitividade dos Munic\u00edpios do <strong>Centro de Lideran\u00e7a P\u00fablica (CLP)<\/strong>, a cidade aparece em 7\u00ba lugar entre os munic\u00edpios brasileiros mais bem avaliados nos crit\u00e9rios Ambiental, Social e de Governan\u00e7a (ESG). No ranking geral, com 65 indicadores e 13 pilares tem\u00e1ticos, ficou em 24\u00ba lugar entre as cidades analisadas no pa\u00eds.<\/p>\n\n\n\n<p>Os outros estudos confirmam o desempenho. No ranking Melhores Cidades do Brasil 2022, da revista Isto\u00c9 em parceria com a ag\u00eancia Austin Rating, Uberl\u00e2ndia foi a 1\u00aa de <strong>Minas Gerais<\/strong> e a 10\u00aa nacional, \u00e0 frente da capital mineira. O <a href=\"https:\/\/cidades.ibge.gov.br\/brasil\/mg\/uberlandia\" target=\"_blank\" rel=\"noreferrer noopener\"><strong>Instituto Brasileiro de Geografia e Estat\u00edstica (IBGE)<\/strong><\/a> registra qualidade de vida 0,789 na cidade, terceira melhor do estado e classificada como alta.<\/p>\n\n\n<div class=\"wp-block-image\">\n<figure class=\"aligncenter size-large\"><img decoding=\"async\" width=\"1024\" height=\"576\" src=\"https:\/\/www.uai.com.br\/uainoticias\/wp-content\/uploads\/2026\/04\/Uberlandia-1024x576.jpg\" alt=\"Essa cidade \u00e9 a segunda maior de Minas e a 10\u00aa melhor do Brasil para viver\" class=\"wp-image-128093\" srcset=\"https:\/\/www.uai.com.br\/uainoticias\/wp-content\/uploads\/2026\/04\/Uberlandia-1024x576.jpg 1024w, https:\/\/www.uai.com.br\/uainoticias\/wp-content\/uploads\/2026\/04\/Uberlandia-300x169.jpg 300w, https:\/\/www.uai.com.br\/uainoticias\/wp-content\/uploads\/2026\/04\/Uberlandia-768x432.jpg 768w, https:\/\/www.uai.com.br\/uainoticias\/wp-content\/uploads\/2026\/04\/Uberlandia-750x422.jpg 750w, https:\/\/www.uai.com.br\/uainoticias\/wp-content\/uploads\/2026\/04\/Uberlandia-1140x641.jpg 1140w, https:\/\/www.uai.com.br\/uainoticias\/wp-content\/uploads\/2026\/04\/Uberlandia.jpg 1280w\" sizes=\"(max-width: 1024px) 100vw, 1024px\" \/><figcaption class=\"wp-element-caption\">Uberl\u00e2ndia, Minas Gerais \/\/ Cr\u00e9ditos: Wikipedia \/ Wikimedia Commons<\/figcaption><\/figure><\/div>\n\n\n<h2 class=\"wp-block-heading\">O Parque do Sabi\u00e1 e o complexo de 1,85 milh\u00e3o de metros quadrados<\/h2>\n\n\n\n<p>O cart\u00e3o-postal da cidade \u00e9 gigante. O <a href=\"https:\/\/www.uberlandia.mg.gov.br\/parque-do-sabia\/\" target=\"_blank\" rel=\"noreferrer noopener\"><strong>Complexo Virg\u00edlio Galassi<\/strong><\/a>, mais conhecido como Parque do Sabi\u00e1, ocupa 1,85 milh\u00e3o de metros quadrados na zona leste, dos quais 350 mil s\u00e3o de bosque com vegeta\u00e7\u00e3o nativa do cerrado. A constru\u00e7\u00e3o come\u00e7ou em 7 de julho de 1977, a inaugura\u00e7\u00e3o veio em 7 de novembro de 1982, e o nome veio da grande quantidade de ninhos da ave que existia no local.<\/p>\n\n\n\n<p>O complexo concentra um est\u00e1dio para mais de 50 mil pessoas, a Arena Multiuso Tancredo Neves de 2007, parque aqu\u00e1tico, zool\u00f3gico com mais de 250 animais, aqu\u00e1rio com cerca de 30 esp\u00e9cies, lago artificial com pedalinhos e pista de 5 km de extens\u00e3o para caminhada e ciclismo. A m\u00e9dia \u00e9 de 10 mil visitantes por dia, e nos fins de semana chega a 25 mil. A entrada \u00e9 gratuita.<\/p>\n\n\n\n<p><strong>Leia tamb\u00e9m: <a href=\"https:\/\/www.uai.com.br\/uainoticias\/2026\/04\/25\/essa-cidade-nordestina-esta-em-alta-447-mais-estrangeiros-escolheram-esse-paraiso-de-mar-morno-e-brisa-perfeita\/\" target=\"_blank\" rel=\"noreferrer noopener\">Essa cidade nordestina est\u00e1 em alta: 44,7% mais estrangeiros escolheram esse para\u00edso de mar morno e brisa perfeita<\/a><\/strong><\/p>\n\n\n\n<h2 class=\"wp-block-heading\">O que mais fazer e onde comer na cidade do Tri\u00e2ngulo?<\/h2>\n\n\n\n<p>O eixo tur\u00edstico vai al\u00e9m do Parque do Sabi\u00e1 e inclui atra\u00e7\u00f5es culturais, naturais e o campus da universidade federal. Veja os pontos essenciais:<\/p>\n\n\n\n<ul class=\"wp-block-list\">\n<li><strong>Universidade Federal de Uberl\u00e2ndia (UFU)<\/strong>: classificada como a 14\u00aa melhor do <strong>Brasil<\/strong> pelo Ranking Universit\u00e1rio Folha 2024 e a 11\u00aa em inova\u00e7\u00e3o. O campus Santa M\u00f4nica funciona como espa\u00e7o aberto \u00e0 comunidade.<\/li>\n\n\n\n<li><strong>Pra\u00e7a Tubal Vilela<\/strong>: marco zero da cidade, ponto de encontro tradicional no centro com chafariz e arquitetura preservada.<\/li>\n\n\n\n<li><strong>Museu Municipal de Uberl\u00e2ndia<\/strong>: instalado no antigo pr\u00e9dio da Prefeitura, guarda o acervo hist\u00f3rico da funda\u00e7\u00e3o da cidade.<\/li>\n\n\n\n<li><strong>Cachoeira do Sucupira<\/strong>: ref\u00fagio natural a 15 km do centro, com queda d&#8217;\u00e1gua e \u00e1rea para banho.<\/li>\n\n\n\n<li><strong>Catedral Santa Terezinha<\/strong>: igreja matriz da arquidiocese, com arquitetura modernista no centro.<\/li>\n\n\n\n<li><strong>Center Shopping e Praia Clube<\/strong>: dois dos principais polos de gastronomia, lazer e compras da cidade.<\/li>\n<\/ul>\n\n\n\n<p>A gastronomia mineira aparece em pratos servidos no centro e nos restaurantes do entorno do Parque do Sabi\u00e1:<\/p>\n\n\n\n<ul class=\"wp-block-list\">\n<li><strong>Frango com quiabo e angu<\/strong>: prato s\u00edmbolo da cozinha mineira, presen\u00e7a garantida nos restaurantes familiares.<\/li>\n\n\n\n<li><strong>P\u00e3o de queijo<\/strong>: feito em padarias e cafeterias do centro, heran\u00e7a do tri\u00e2ngulo mineiro.<\/li>\n\n\n\n<li><strong>Tutu de feij\u00e3o com torresmo<\/strong>: cl\u00e1ssico que combina feij\u00e3o batido com farinha de mandioca e carne de porco.<\/li>\n\n\n\n<li><strong>Doce de leite e queijos artesanais<\/strong>: vendidos nas feiras livres dos bairros e nas mercearias tradicionais.<\/li>\n<\/ul>\n\n\n\n<p>Quem planeja visitar <strong>Uberl\u00e2ndia<\/strong>, vai curtir esse v\u00eddeo especialmente selecionado do canal <strong>Dell Por Aqui<\/strong>, que conta com mais de <strong>32 mil<\/strong> visualiza\u00e7\u00f5es, onde <strong>Dell<\/strong> mostra surpresas, sabores e experi\u00eancias em <strong>Minas Gerais<\/strong>:<\/p>\n\n\n\n<figure class=\"wp-block-embed is-type-video is-provider-youtube wp-block-embed-youtube wp-embed-aspect-16-9 wp-has-aspect-ratio\"><div class=\"wp-block-embed__wrapper\">\n<div class=\"jeg_video_container jeg_video_content\"><iframe loading=\"lazy\" title=\"Ningu\u00e9m Imagina Que Uberl\u00e2ndia Tem Tudo Isso!\" width=\"500\" height=\"281\" src=\"https:\/\/www.youtube.com\/embed\/6CTT8KU0xYw?feature=oembed\" frameborder=\"0\" allow=\"accelerometer; autoplay; clipboard-write; encrypted-media; gyroscope; picture-in-picture; web-share\" referrerpolicy=\"strict-origin-when-cross-origin\" allowfullscreen><\/iframe><\/div>\n<\/div><\/figure>\n\n\n\n<h2 class=\"wp-block-heading\">Como \u00e9 o clima em Uberl\u00e2ndia?<\/h2>\n\n\n\n<p>Tropical de altitude, marcado por ver\u00f5es quentes e chuvosos e invernos secos com noites frescas. Veja como planejar a viagem:<\/p>\n\n\n\n<style>\n    .clima-grid-uai120 { \n        --cor-primaria: #0278c0; --cor-secundaria: #ffd31a; --cor-txt-secundaria: #0278c0;\n        display: grid; grid-template-columns: repeat(auto-fit, minmax(190px, 1fr)); gap: 15px; justify-content: center; padding: 10px;\n    }\n    .clima-card-uai120 { border: 5px solid var(--cor-primaria); border-top: 5px solid var(--cor-secundaria); border-radius: 12px; background-color: var(--cor-primaria); background-clip: padding-box; display: flex; flex-direction: column; overflow: hidden; cursor: pointer; box-shadow: 0 6px 12px rgba(0,0,0, 0.2); transition: transform 0.2s ease, box-shadow 0.2s ease; -webkit-tap-highlight-color: transparent; user-select: none; transform: translateZ(0); animation: wmFadeIn 0.6s cubic-bezier(0.2, 0.8, 0.2, 1) backwards; }\n    .clima-card-uai120:focus-visible { outline: 3px dashed var(--cor-secundaria); outline-offset: 4px; }\n    .clima-card-uai120:nth-child(1) { animation-delay: 0.1s; } .clima-card-uai120:nth-child(2) { animation-delay: 0.2s; } .clima-card-uai120:nth-child(3) { animation-delay: 0.3s; } .clima-card-uai120:nth-child(4) { animation-delay: 0.4s; }\n    @keyframes wmFadeIn { from { opacity: 0; transform: translateY(30px); } to { opacity: 1; transform: translateY(0); } }\n    .clima-card-uai120:hover { transform: translateY(-5px); box-shadow: 0 15px 30px rgba(0,0,0, 0.3); }\n    .clima-card-uai120:active { transform: translateY(-1px) scale(0.97); box-shadow: 0 3px 6px rgba(0,0,0, 0.2); transition: transform 0.05s ease, box-shadow 0.05s ease; }\n    .clima-header-uai120 { background: #fdfbf5; padding: 15px 10px; text-align: center; display: flex; flex-direction: column; align-items: center; justify-content: center; }\n    .clima-body-uai120 { background: #ffffff; padding: 15px; display: flex; flex-direction: column; flex-grow: 1; align-items: center; }\n    .clima-destaque-uai120 { box-shadow: 0 8px 16px rgba(0,0,0, 0.25); }\n    .clima-destaque-uai120:hover { box-shadow: 0 18px 36px rgba(0,0,0, 0.35); }\n    .clima-destaque-uai120 .clima-header-uai120 { background: var(--cor-secundaria); }\n    .clima-destaque-uai120 .clima-header-uai120 .clima-titulo-uai120 { color: var(--cor-txt-secundaria) !important; } \n    .clima-pill-uai120 { display: flex; white-space: normal; max-width: 100%; box-sizing: border-box; justify-content: center; align-items: center; text-align: center; background: #e6f2fa; color: var(--cor-primaria); font-size: 11px; font-weight: 900 !important; letter-spacing: 0.5px; padding: 8px 16px; border-radius: 16px; text-transform: uppercase; line-height: 1.4; box-shadow: 0 4px 8px rgba(0,0,0, 0.15); margin-top: auto; transition: transform 0.2s ease; }\n    .clima-destaque-uai120 .clima-pill-uai120 { background: var(--cor-primaria); color: #ffffff; border: 1px solid #ffffff; } \n    .clima-card-uai120:hover .clima-pill-uai120 { transform: scale(1.06); }\n    .clima-pill-uai120 span { font-weight: 900 !important; color: inherit; } \n    .clima-emoji-uai120 { font-size: 24px; line-height: 1; margin-bottom: 5px; }\n    .clima-titulo-uai120 { color: var(--cor-primaria); font-size: 16px; text-transform: uppercase; margin-top: 5px; font-weight: bold; }\n    .clima-mes-uai120 { font-size: 11px; font-weight: 800; color: var(--cor-primaria); text-transform: uppercase; margin-bottom: 5px; display: block; }\n    .clima-temp-uai120 { font-size: 26px; font-weight: 900; color: var(--cor-primaria); margin-bottom: 10px; }\n    .clima-desc-uai120 { font-size: 13px; color: #444; text-align: center; line-height: 1.5; margin-bottom: 15px; flex-grow: 1;}\n    .clima-desc-uai120 strong { color: #111; }\n    @media (prefers-color-scheme: dark) {\n        .clima-card-uai120 { border-color: #014f7d; background-color: #014f7d; box-shadow: 0 6px 12px rgba(0,0,0, 0.5); }\n        .clima-header-uai120 { background: #1a1a1a; } .clima-body-uai120 { background: #121212; }\n        .clima-destaque-uai120 .clima-header-uai120 { background: var(--cor-secundaria); }\n        .clima-destaque-uai120 .clima-header-uai120 .clima-titulo-uai120 { color: var(--cor-txt-secundaria) !important; }\n        .clima-titulo-uai120 { color: #63b2e8; } .clima-mes-uai120 { color: #63b2e8; } .clima-temp-uai120 { color: #63b2e8; } .clima-desc-uai120 { color: #cccccc; } .clima-desc-uai120 strong { color: #ffffff; }\n        .clima-pill-uai120 { background: #014f7d; color: #ffffff; box-shadow: 0 4px 8px rgba(0, 0, 0, 0.5); }\n        .clima-destaque-uai120 .clima-pill-uai120 { background: #013859; color: #ffffff; border-color: #63b2e8; }\n    }\n<\/style>\n<div class=\"google-auto-ads-ignore clima-grid-uai120\" style=\"box-sizing: border-box; width: 100%; max-width: 980px; margin: 30px auto; font-family: 'Segoe UI', Roboto, Helvetica, Arial, sans-serif;\">\n    <div class=\"clima-card-uai120\" tabindex=\"0\">\n        <div class=\"clima-header-uai120\"><div class=\"clima-emoji-uai120\" aria-hidden=\"true\">\ud83d\udca6<\/div><div class=\"clima-titulo-uai120\">Ver\u00e3o<\/div><\/div>\n        <div class=\"clima-body-uai120\">\n            <time class=\"clima-mes-uai120\">Dezembro a fevereiro<\/time><div class=\"clima-temp-uai120\">20\u00b0C a 30\u00b0C<\/div>\n            <div class=\"clima-desc-uai120\">A \u00e9poca quente dita fortes chuvas em Uberl\u00e2ndia. Organize seu roteiro para fugir do sol forte e curtir as <strong>cachoeiras sempre pela manh\u00e3<\/strong>.<\/div>\n            <div class=\"clima-pill-uai120\"><span>\u2614 Chuva Alta<\/span><\/div>\n        <\/div>\n    <\/div>\n    <div class=\"clima-card-uai120\" tabindex=\"0\">\n        <div class=\"clima-header-uai120\"><div class=\"clima-emoji-uai120\" aria-hidden=\"true\">\ud83e\udd7e<\/div><div class=\"clima-titulo-uai120\">Outono<\/div><\/div>\n        <div class=\"clima-body-uai120\">\n            <time class=\"clima-mes-uai120\">Mar\u00e7o a maio<\/time><div class=\"clima-temp-uai120\">16\u00b0C a 28\u00b0C<\/div>\n            <div class=\"clima-desc-uai120\">O ar esfria e o clima ameno toma conta do Tri\u00e2ngulo Mineiro. Fica perfeito para curtir a natureza das <strong>trilhas no Parque do Sabi\u00e1<\/strong>.<\/div>\n            <div class=\"clima-pill-uai120\"><span>\u2601\ufe0f Chuva M\u00e9dia<\/span><\/div>\n        <\/div>\n    <\/div>\n    <div class=\"clima-card-uai120 clima-destaque-uai120\" tabindex=\"0\">\n        <div class=\"clima-header-uai120\"><div class=\"clima-emoji-uai120\" aria-hidden=\"true\">\ud83c\udfad<\/div><div class=\"clima-titulo-uai120\">Inverno<\/div><\/div>\n        <div class=\"clima-body-uai120\">\n            <time class=\"clima-mes-uai120\">Junho a agosto<\/time><div class=\"clima-temp-uai120\">12\u00b0C a 26\u00b0C<\/div>\n            <div class=\"clima-desc-uai120\">A melhor \u00e9poca! As noites ficam muito frescas com tempo limpo e seco. Ideal para prestigiar o cl\u00e1ssico <strong>Festival de Inverno e os ricos museus<\/strong>.<\/div>\n            <div class=\"clima-pill-uai120\"><span>\u2b50 Melhor \u00c9poca \/ Festival<\/span><\/div>\n        <\/div>\n    <\/div>\n    <div class=\"clima-card-uai120\" tabindex=\"0\">\n        <div class=\"clima-header-uai120\"><div class=\"clima-emoji-uai120\" aria-hidden=\"true\">\u26bd<\/div><div class=\"clima-titulo-uai120\">Primavera<\/div><\/div>\n        <div class=\"clima-body-uai120\">\n            <time class=\"clima-mes-uai120\">Setembro a novembro<\/time><div class=\"clima-temp-uai120\">17\u00b0C a 32\u00b0C<\/div>\n            <div class=\"clima-desc-uai120\">A temperatura sobe com pancadas moderadas \u00e0 tarde. \u00c9 uma fase com foco urbano para acompanhar o <strong>Est\u00e1dio e os agitados eventos esportivos<\/strong>.<\/div>\n            <div class=\"clima-pill-uai120\"><span>\u2601\ufe0f Chuva M\u00e9dia<\/span><\/div>\n        <\/div>\n    <\/div>\n<\/div>\n\n\n\n<p><em>Temperaturas aproximadas com base no <a href=\"https:\/\/www.climatempo.com.br\/previsao-do-tempo\/cidade\/203\/uberlandia-mg\" target=\"_blank\" rel=\"noreferrer noopener\"><strong>Climatempo<\/strong><\/a>. Condi\u00e7\u00f5es podem variar.<\/em><\/p>\n\n\n\n<h2 class=\"wp-block-heading\">Como chegar a Uberl\u00e2ndia<\/h2>\n\n\n\n<p>De carro, o caminho mais usado vem de <strong>Belo Horizonte<\/strong> pela BR-262 e BR-365 num trajeto de cerca de 556 km. De <strong>S\u00e3o Paulo<\/strong>, s\u00e3o aproximadamente 580 km pela rodovia Anhanguera. O <strong>Aeroporto Internacional de Uberl\u00e2ndia<\/strong> recebe voos comerciais regulares para S\u00e3o Paulo, Belo Horizonte, Rio de Janeiro e outras capitais, sendo um dos principais terminais a\u00e9reos do interior brasileiro.<\/p>\n\n\n\n<h2 class=\"wp-block-heading\">Conhe\u00e7a a Capital do Tri\u00e2ngulo Mineiro<\/h2>\n\n\n\n<p>Uberl\u00e2ndia oferece uma combina\u00e7\u00e3o rara para uma cidade do interior: ranking nacional em qualidade de vida, universidade federal entre as 15 melhores do <strong>Brasil<\/strong>, parque urbano de quase dois milh\u00f5es de metros quadrados e infraestrutura de polo log\u00edstico nacional. Tudo a pouco mais de 500 km da capital mineira.<\/p>\n\n\n\n<p>Voc\u00ea precisa atravessar o oeste de Minas e caminhar pelos 5 km de pista do Parque do Sabi\u00e1 para entender por que tantas fam\u00edlias est\u00e3o escolhendo o Tri\u00e2ngulo para morar.<\/p>\n","protected":false},"excerpt":{"rendered":"<p>A 556 km de Belo Horizonte, na ponta oeste do estado, Uberl\u00e2ndia re\u00fane 755 mil habitantes, uma das melhores universidades federais do Brasil e um complexo de lazer maior que muitas cidades inteiras. A Capital do Tri\u00e2ngulo Mineiro figura entre as refer\u00eancias nacionais em qualidade de vida e cresce como polo log\u00edstico do Brasil Central. [&hellip;]<\/p>\n","protected":false},"author":14,"featured_media":128097,"comment_status":"open","ping_status":"open","sticky":false,"template":"","format":"standard","meta":{"jnews-multi-image_gallery":[],"jnews_single_post":{"format":"standard"},"jnews_primary_category":[],"jnews_social_meta":[],"jnews_override_counter":[],"footnotes":""},"categories":[210],"tags":[234,253,1517],"class_list":["post-127709","post","type-post","status-publish","format-standard","has-post-thumbnail","hentry","category-cidades","tag-cidades","tag-minas-gerais","tag-uberlandia"],"yoast_head":"<!-- This site is optimized with the Yoast SEO plugin v26.5 - https:\/\/yoast.com\/wordpress\/plugins\/seo\/ -->\n<title>Essa cidade \u00e9 a segunda maior de Minas e a 10\u00aa melhor do Brasil para viver - UAI Not\u00edcias<\/title>\n<meta name=\"description\" content=\"Conhe\u00e7a a Capital do Tri\u00e2ngulo Mineiro, refer\u00eancia em bem-estar e dona de um dos maiores parques urbanos do pa\u00eds. Veja mais detalhes.\" \/>\n<meta name=\"robots\" content=\"index, follow, max-snippet:-1, max-image-preview:large, max-video-preview:-1\" \/>\n<link rel=\"canonical\" href=\"https:\/\/www.uai.com.br\/uainoticias\/2026\/04\/29\/essa-cidade-e-a-segunda-maior-de-minas-e-a-10a-melhor-do-brasil-para-viver\/\" \/>\n<meta property=\"og:locale\" content=\"pt_BR\" \/>\n<meta property=\"og:type\" content=\"article\" \/>\n<meta property=\"og:title\" content=\"Essa cidade \u00e9 a segunda maior de Minas e a 10\u00aa melhor do Brasil para viver - UAI Not\u00edcias\" \/>\n<meta property=\"og:description\" content=\"Conhe\u00e7a a Capital do Tri\u00e2ngulo Mineiro, refer\u00eancia em bem-estar e dona de um dos maiores parques urbanos do pa\u00eds. Veja mais detalhes.\" \/>\n<meta property=\"og:url\" content=\"https:\/\/www.uai.com.br\/uainoticias\/2026\/04\/29\/essa-cidade-e-a-segunda-maior-de-minas-e-a-10a-melhor-do-brasil-para-viver\/\" \/>\n<meta property=\"og:site_name\" content=\"UAI Not\u00edcias\" \/>\n<meta property=\"article:published_time\" content=\"2026-04-30T02:45:00+00:00\" \/>\n<meta property=\"og:image\" content=\"https:\/\/www.uai.com.br\/uainoticias\/wp-content\/uploads\/2026\/04\/Urban_park_lake_202604280651-1-scaled.jpg\" \/>\n\t<meta property=\"og:image:width\" content=\"2560\" \/>\n\t<meta property=\"og:image:height\" content=\"1440\" \/>\n\t<meta property=\"og:image:type\" content=\"image\/jpeg\" \/>\n<meta name=\"author\" content=\"Vitor Bruno\" \/>\n<meta name=\"twitter:card\" content=\"summary_large_image\" \/>\n<meta name=\"twitter:label1\" content=\"Escrito por\" \/>\n\t<meta name=\"twitter:data1\" content=\"Vitor Bruno\" \/>\n\t<meta name=\"twitter:label2\" content=\"Est. tempo de leitura\" \/>\n\t<meta name=\"twitter:data2\" content=\"6 minutos\" \/>\n<!-- \/ Yoast SEO plugin. -->","yoast_head_json":{"title":"Essa cidade \u00e9 a segunda maior de Minas e a 10\u00aa melhor do Brasil para viver - UAI Not\u00edcias","description":"Conhe\u00e7a a Capital do Tri\u00e2ngulo Mineiro, refer\u00eancia em bem-estar e dona de um dos maiores parques urbanos do pa\u00eds. Veja mais detalhes.","robots":{"index":"index","follow":"follow","max-snippet":"max-snippet:-1","max-image-preview":"max-image-preview:large","max-video-preview":"max-video-preview:-1"},"canonical":"https:\/\/www.uai.com.br\/uainoticias\/2026\/04\/29\/essa-cidade-e-a-segunda-maior-de-minas-e-a-10a-melhor-do-brasil-para-viver\/","og_locale":"pt_BR","og_type":"article","og_title":"Essa cidade \u00e9 a segunda maior de Minas e a 10\u00aa melhor do Brasil para viver - UAI Not\u00edcias","og_description":"Conhe\u00e7a a Capital do Tri\u00e2ngulo Mineiro, refer\u00eancia em bem-estar e dona de um dos maiores parques urbanos do pa\u00eds. Veja mais detalhes.","og_url":"https:\/\/www.uai.com.br\/uainoticias\/2026\/04\/29\/essa-cidade-e-a-segunda-maior-de-minas-e-a-10a-melhor-do-brasil-para-viver\/","og_site_name":"UAI Not\u00edcias","article_published_time":"2026-04-30T02:45:00+00:00","og_image":[{"width":2560,"height":1440,"url":"https:\/\/www.uai.com.br\/uainoticias\/wp-content\/uploads\/2026\/04\/Urban_park_lake_202604280651-1-scaled.jpg","type":"image\/jpeg"}],"author":"Vitor Bruno","twitter_card":"summary_large_image","twitter_misc":{"Escrito por":"Vitor Bruno","Est. tempo de leitura":"6 minutos"},"schema":{"@context":"https:\/\/schema.org","@graph":[{"@type":"WebPage","@id":"https:\/\/www.uai.com.br\/uainoticias\/2026\/04\/29\/essa-cidade-e-a-segunda-maior-de-minas-e-a-10a-melhor-do-brasil-para-viver\/","url":"https:\/\/www.uai.com.br\/uainoticias\/2026\/04\/29\/essa-cidade-e-a-segunda-maior-de-minas-e-a-10a-melhor-do-brasil-para-viver\/","name":"Essa cidade \u00e9 a segunda maior de Minas e a 10\u00aa melhor do Brasil para viver - UAI Not\u00edcias","isPartOf":{"@id":"https:\/\/www.uai.com.br\/uainoticias\/#website"},"primaryImageOfPage":{"@id":"https:\/\/www.uai.com.br\/uainoticias\/2026\/04\/29\/essa-cidade-e-a-segunda-maior-de-minas-e-a-10a-melhor-do-brasil-para-viver\/#primaryimage"},"image":{"@id":"https:\/\/www.uai.com.br\/uainoticias\/2026\/04\/29\/essa-cidade-e-a-segunda-maior-de-minas-e-a-10a-melhor-do-brasil-para-viver\/#primaryimage"},"thumbnailUrl":"https:\/\/www.uai.com.br\/uainoticias\/wp-content\/uploads\/2026\/04\/Urban_park_lake_202604280651-1-scaled.jpg","datePublished":"2026-04-30T02:45:00+00:00","author":{"@id":"https:\/\/www.uai.com.br\/uainoticias\/#\/schema\/person\/03130d752d0ce4e3bb0f607f1bc85084"},"description":"Conhe\u00e7a a Capital do Tri\u00e2ngulo Mineiro, refer\u00eancia em bem-estar e dona de um dos maiores parques urbanos do pa\u00eds. Veja mais detalhes.","breadcrumb":{"@id":"https:\/\/www.uai.com.br\/uainoticias\/2026\/04\/29\/essa-cidade-e-a-segunda-maior-de-minas-e-a-10a-melhor-do-brasil-para-viver\/#breadcrumb"},"inLanguage":"pt-BR","potentialAction":[{"@type":"ReadAction","target":["https:\/\/www.uai.com.br\/uainoticias\/2026\/04\/29\/essa-cidade-e-a-segunda-maior-de-minas-e-a-10a-melhor-do-brasil-para-viver\/"]}]},{"@type":"ImageObject","inLanguage":"pt-BR","@id":"https:\/\/www.uai.com.br\/uainoticias\/2026\/04\/29\/essa-cidade-e-a-segunda-maior-de-minas-e-a-10a-melhor-do-brasil-para-viver\/#primaryimage","url":"https:\/\/www.uai.com.br\/uainoticias\/wp-content\/uploads\/2026\/04\/Urban_park_lake_202604280651-1-scaled.jpg","contentUrl":"https:\/\/www.uai.com.br\/uainoticias\/wp-content\/uploads\/2026\/04\/Urban_park_lake_202604280651-1-scaled.jpg","width":2560,"height":1440,"caption":"Essa cidade \u00e9 a segunda maior de Minas e a 10\u00aa melhor do Brasil para viver \/\/ IMAGEM ILUSTRATIVA"},{"@type":"BreadcrumbList","@id":"https:\/\/www.uai.com.br\/uainoticias\/2026\/04\/29\/essa-cidade-e-a-segunda-maior-de-minas-e-a-10a-melhor-do-brasil-para-viver\/#breadcrumb","itemListElement":[{"@type":"ListItem","position":1,"name":"In\u00edcio","item":"https:\/\/www.uai.com.br\/uainoticias\/"},{"@type":"ListItem","position":2,"name":"Essa cidade \u00e9 a segunda maior de Minas e a 10\u00aa melhor do Brasil para viver"}]},{"@type":"WebSite","@id":"https:\/\/www.uai.com.br\/uainoticias\/#website","url":"https:\/\/www.uai.com.br\/uainoticias\/","name":"UAI Not\u00edcias","description":"Acompanhe as \u00faltimas not\u00edcias e fique bem informado sobre tudo o que acontece no Brasil e no mundo.","potentialAction":[{"@type":"SearchAction","target":{"@type":"EntryPoint","urlTemplate":"https:\/\/www.uai.com.br\/uainoticias\/?s={search_term_string}"},"query-input":{"@type":"PropertyValueSpecification","valueRequired":true,"valueName":"search_term_string"}}],"inLanguage":"pt-BR"},{"@type":"Person","@id":"https:\/\/www.uai.com.br\/uainoticias\/#\/schema\/person\/03130d752d0ce4e3bb0f607f1bc85084","name":"Vitor Bruno","image":{"@type":"ImageObject","inLanguage":"pt-BR","@id":"https:\/\/www.uai.com.br\/uainoticias\/#\/schema\/person\/image\/","url":"https:\/\/secure.gravatar.com\/avatar\/ab0513148053bbb80c117cdd35f8a0f2742d41eebbac321acf8df2e633d81609?s=96&d=mm&r=g","contentUrl":"https:\/\/secure.gravatar.com\/avatar\/ab0513148053bbb80c117cdd35f8a0f2742d41eebbac321acf8df2e633d81609?s=96&d=mm&r=g","caption":"Vitor Bruno"},"sameAs":["https:\/\/www.uai.com.br\/uainoticias\/"],"url":"https:\/\/www.uai.com.br\/uainoticias\/author\/vitor\/"}]}},"_links":{"self":[{"href":"https:\/\/www.uai.com.br\/uainoticias\/wp-json\/wp\/v2\/posts\/127709","targetHints":{"allow":["GET"]}}],"collection":[{"href":"https:\/\/www.uai.com.br\/uainoticias\/wp-json\/wp\/v2\/posts"}],"about":[{"href":"https:\/\/www.uai.com.br\/uainoticias\/wp-json\/wp\/v2\/types\/post"}],"author":[{"embeddable":true,"href":"https:\/\/www.uai.com.br\/uainoticias\/wp-json\/wp\/v2\/users\/14"}],"replies":[{"embeddable":true,"href":"https:\/\/www.uai.com.br\/uainoticias\/wp-json\/wp\/v2\/comments?post=127709"}],"version-history":[{"count":7,"href":"https:\/\/www.uai.com.br\/uainoticias\/wp-json\/wp\/v2\/posts\/127709\/revisions"}],"predecessor-version":[{"id":128095,"href":"https:\/\/www.uai.com.br\/uainoticias\/wp-json\/wp\/v2\/posts\/127709\/revisions\/128095"}],"wp:featuredmedia":[{"embeddable":true,"href":"https:\/\/www.uai.com.br\/uainoticias\/wp-json\/wp\/v2\/media\/128097"}],"wp:attachment":[{"href":"https:\/\/www.uai.com.br\/uainoticias\/wp-json\/wp\/v2\/media?parent=127709"}],"wp:term":[{"taxonomy":"category","embeddable":true,"href":"https:\/\/www.uai.com.br\/uainoticias\/wp-json\/wp\/v2\/categories?post=127709"},{"taxonomy":"post_tag","embeddable":true,"href":"https:\/\/www.uai.com.br\/uainoticias\/wp-json\/wp\/v2\/tags?post=127709"}],"curies":[{"name":"wp","href":"https:\/\/api.w.org\/{rel}","templated":true}]}}