{"id":127708,"date":"2026-04-29T23:15:00","date_gmt":"2026-04-30T02:15:00","guid":{"rendered":"https:\/\/www.uai.com.br\/uainoticias\/?p=127708"},"modified":"2026-04-28T06:47:54","modified_gmt":"2026-04-28T09:47:54","slug":"nove-fontes-de-aguas-minerais-e-o-segundo-maior-parque-hoteleiro-de-minas-a-cidade-da-mantiqueira-que-vive-ao-redor-de-um-lago-de-90-mil-metros-quadrados","status":"publish","type":"post","link":"https:\/\/www.uai.com.br\/uainoticias\/2026\/04\/29\/nove-fontes-de-aguas-minerais-e-o-segundo-maior-parque-hoteleiro-de-minas-a-cidade-da-mantiqueira-que-vive-ao-redor-de-um-lago-de-90-mil-metros-quadrados\/","title":{"rendered":"Nove fontes de \u00e1guas minerais e o segundo maior parque hoteleiro de Minas: a cidade da Mantiqueira que vive ao redor de um lago de 90 mil metros quadrados"},"content":{"rendered":"\n<p>A 867 metros de altitude e ao p\u00e9 da <strong>Serra da Mantiqueira<\/strong>, <strong>S\u00e3o Louren\u00e7o<\/strong> \u00e9 uma das est\u00e2ncias hidrominerais mais tradicionais do <strong>Brasil<\/strong>. A cidade nasceu em torno de uma fazenda onde uma nascente cristalina foi descoberta no s\u00e9culo XIX e, mais de cem anos depois, ainda atrai quem busca os benef\u00edcios de suas \u00e1guas terap\u00eauticas.<\/p>\n\n\n\n<h2 class=\"wp-block-heading\">A hist\u00f3ria que come\u00e7ou com uma nascente de \u00e1gua gasosa<\/h2>\n\n\n\n<p>O ponto de partida foi uma fazenda. No s\u00e9culo XIX, na propriedade rural de Jo\u00e3o Francisco Viana, foi descoberta uma nascente de \u00e1gua pura, naturalmente gasosa e cristalina. As not\u00edcias dos efeitos terap\u00eauticos se espalharam pela regi\u00e3o, e o lugar passou a ser chamado de \u00c1guas Santas do Viana.<\/p>\n\n\n\n<p>O comendador Bernardo Saturnino da Veiga adquiriu o terreno e, em 1890, fundou a Companhia de \u00c1guas Minerais de S\u00e3o Louren\u00e7o. A primeira fonte, batizada de Oriente, foi captada em 1892. A inaugura\u00e7\u00e3o da Esta\u00e7\u00e3o Ferrovi\u00e1ria trouxe levas de visitantes do Rio e de S\u00e3o Paulo. O povoado virou distrito e, depois, munic\u00edpio.<\/p>\n\n\n<div class=\"wp-block-image\">\n<figure class=\"aligncenter size-large\"><img decoding=\"async\" width=\"1024\" height=\"576\" src=\"https:\/\/www.uai.com.br\/uainoticias\/wp-content\/uploads\/2026\/04\/ngz-Sao-Lourenco-2-37361-1024x576.jpg\" alt=\"Nove fontes de \u00e1guas minerais e o segundo maior parque hoteleiro de Minas: a cidade da Mantiqueira que vive ao redor de um lago de 90 mil metros quadrados\" class=\"wp-image-128089\" srcset=\"https:\/\/www.uai.com.br\/uainoticias\/wp-content\/uploads\/2026\/04\/ngz-Sao-Lourenco-2-37361-1024x576.jpg 1024w, https:\/\/www.uai.com.br\/uainoticias\/wp-content\/uploads\/2026\/04\/ngz-Sao-Lourenco-2-37361-300x169.jpg 300w, https:\/\/www.uai.com.br\/uainoticias\/wp-content\/uploads\/2026\/04\/ngz-Sao-Lourenco-2-37361-768x432.jpg 768w, https:\/\/www.uai.com.br\/uainoticias\/wp-content\/uploads\/2026\/04\/ngz-Sao-Lourenco-2-37361-750x422.jpg 750w, https:\/\/www.uai.com.br\/uainoticias\/wp-content\/uploads\/2026\/04\/ngz-Sao-Lourenco-2-37361-1140x641.jpg 1140w, https:\/\/www.uai.com.br\/uainoticias\/wp-content\/uploads\/2026\/04\/ngz-Sao-Lourenco-2-37361.jpg 1280w\" sizes=\"(max-width: 1024px) 100vw, 1024px\" \/><figcaption class=\"wp-element-caption\">S\u00e3o Louren\u00e7o, Minas Gerais \/\/ Cr\u00e9ditos: Wikipedia \/ Wikimedia Commons<\/figcaption><\/figure><\/div>\n\n\n<h2 class=\"wp-block-heading\">Por que o Parque das \u00c1guas virou patrim\u00f4nio tombado?<\/h2>\n\n\n\n<p>O conjunto guarda a mem\u00f3ria da Belle \u00c9poque do turismo brasileiro. O <a href=\"https:\/\/www.iepha.mg.gov.br\/index.php\/programas-e-acoes\/patrimonio-cultural-protegido\/bens-tombados\/details\/1\/147\/bens-tombados-parque-das-%C3%A1guas-de-s%C3%A3o-louren%C3%A7o\" target=\"_blank\" rel=\"noreferrer noopener\"><strong>Instituto Estadual do Patrim\u00f4nio Hist\u00f3rico e Art\u00edstico de Minas Gerais (IEPHA)<\/strong><\/a> tombou o Parque das \u00c1guas como bem cultural protegido, reconhecendo o complexo como uma das principais evid\u00eancias do per\u00edodo entre 1930 e 1945, quando est\u00e2ncias hidrominerais inseriram o sul do estado no circuito de turismo balne\u00e1rio internacional.<\/p>\n\n\n\n<p>Inaugurado em 1936 e administrado hoje pela Minalba, o parque concentra nove fontes de \u00e1guas minerais, cada uma com propriedades distintas. A Fonte Oriente, de onde sai a \u00e1gua envasada e comercializada em todo o pa\u00eds desde 1890, \u00e9 a mais antiga. H\u00e1 ainda fontes alcalinas, ferruginosas e sulfurosas, al\u00e9m da ermida Bom Jesus do Monte, edifica\u00e7\u00e3o de 1892, e da Gruta de Nossa Senhora dos Rem\u00e9dios.<\/p>\n\n\n<div class=\"wp-block-image\">\n<figure class=\"aligncenter size-large\"><img decoding=\"async\" width=\"1024\" height=\"576\" src=\"https:\/\/www.uai.com.br\/uainoticias\/wp-content\/uploads\/2026\/04\/ngz-Sao-Lourenco-4-16772-1024x576.jpg\" alt=\"Nove fontes de \u00e1guas minerais e o segundo maior parque hoteleiro de Minas: a cidade da Mantiqueira que vive ao redor de um lago de 90 mil metros quadrados\" class=\"wp-image-128091\" srcset=\"https:\/\/www.uai.com.br\/uainoticias\/wp-content\/uploads\/2026\/04\/ngz-Sao-Lourenco-4-16772-1024x576.jpg 1024w, https:\/\/www.uai.com.br\/uainoticias\/wp-content\/uploads\/2026\/04\/ngz-Sao-Lourenco-4-16772-300x169.jpg 300w, https:\/\/www.uai.com.br\/uainoticias\/wp-content\/uploads\/2026\/04\/ngz-Sao-Lourenco-4-16772-768x432.jpg 768w, https:\/\/www.uai.com.br\/uainoticias\/wp-content\/uploads\/2026\/04\/ngz-Sao-Lourenco-4-16772-750x422.jpg 750w, https:\/\/www.uai.com.br\/uainoticias\/wp-content\/uploads\/2026\/04\/ngz-Sao-Lourenco-4-16772-1140x641.jpg 1140w, https:\/\/www.uai.com.br\/uainoticias\/wp-content\/uploads\/2026\/04\/ngz-Sao-Lourenco-4-16772.jpg 1280w\" sizes=\"(max-width: 1024px) 100vw, 1024px\" \/><figcaption class=\"wp-element-caption\">S\u00e3o Louren\u00e7o, Minas Gerais \/\/ Cr\u00e9ditos: Wikipedia \/ Wikimedia Commons<\/figcaption><\/figure><\/div>\n\n\n<p><strong>Leia tamb\u00e9m: <a href=\"https:\/\/www.uai.com.br\/uainoticias\/2026\/04\/25\/essa-cidade-nordestina-esta-em-alta-447-mais-estrangeiros-escolheram-esse-paraiso-de-mar-morno-e-brisa-perfeita\/\" target=\"_blank\" rel=\"noreferrer noopener\">Essa cidade nordestina est\u00e1 em alta: 44,7% mais estrangeiros escolheram esse para\u00edso de mar morno e brisa perfeita<\/a><\/strong><\/p>\n\n\n\n<h2 class=\"wp-block-heading\">O que fazer e onde comer na est\u00e2ncia hidromineral?<\/h2>\n\n\n\n<p>O eixo tur\u00edstico se concentra no centro, com atra\u00e7\u00f5es a poucos minutos a p\u00e9 umas das outras. Veja o roteiro essencial:<\/p>\n\n\n\n<ul class=\"wp-block-list\">\n<li><a href=\"https:\/\/minasgerais.com.br\/pt\/atracoes\/sao-lourenco\/parque-das-aguas\" target=\"_blank\" rel=\"noreferrer noopener\"><strong>Parque das \u00c1guas<\/strong><\/a>: nove fontes minerais, lago de 90 mil m\u00b2 com pedalinhos, balne\u00e1rio com banhos de espuma, sauna e centro hidroter\u00e1pico, jardim japon\u00eas inaugurado em 2008 e a Catedral de Bambu, onde casamentos s\u00e3o celebrados.<\/li>\n\n\n\n<li><strong>Trem das \u00c1guas<\/strong>: passeio de Maria-Fuma\u00e7a operado pela <a href=\"https:\/\/www.tremdasaguas.tur.br\/\" target=\"_blank\" rel=\"noreferrer noopener\"><strong>Associa\u00e7\u00e3o Brasileira de Preserva\u00e7\u00e3o Ferrovi\u00e1ria (ABPF)<\/strong><\/a>. Sai da esta\u00e7\u00e3o central, cruza 10 km da ferrovia Minas e Rio at\u00e9 <strong>Soledade de Minas<\/strong> e dura cerca de 2 horas. As locomotivas a vapor datam de 1927 e 1928.<\/li>\n\n\n\n<li><strong>Esta\u00e7\u00e3o Ferrovi\u00e1ria<\/strong>: inaugurada em 1925 em estilo ingl\u00eas, \u00e9 o \u00fanico pr\u00e9dio da cidade que preservou a arquitetura europeia do in\u00edcio do s\u00e9culo XX. Hoje abriga a Casa da Cultura, com acervo fotogr\u00e1fico.<\/li>\n\n\n\n<li><strong>Mirante e Telef\u00e9rico<\/strong>: o telef\u00e9rico foi inaugurado em 1993 e leva ao Morro do Mirante, ponto mais alto da cidade, com vista panor\u00e2mica de S\u00e3o Louren\u00e7o.<\/li>\n\n\n\n<li><strong>Templo Maitreya<\/strong>: sede da Sociedade Brasileira de Eubiose, institui\u00e7\u00e3o espiritualista fundada em 1924 que escolheu a cidade como ponto de converg\u00eancia de energias.<\/li>\n\n\n\n<li><strong>Voo de bal\u00e3o<\/strong>: o passeio parte do Parque das \u00c1guas nos finais de semana e dura cerca de duas horas, com vista panor\u00e2mica do vale do <strong>Rio Verde<\/strong>.<\/li>\n<\/ul>\n\n\n\n<p>A gastronomia mineira aparece em pratos servidos no Parque e nos restaurantes do centro:<\/p>\n\n\n\n<ul class=\"wp-block-list\">\n<li><strong>Truta da Mantiqueira<\/strong>: pescada nas \u00e1guas frias da serra, costuma chegar grelhada com legumes ou em molhos de ervas.<\/li>\n\n\n\n<li><strong>Frango com quiabo e angu<\/strong>: cl\u00e1ssico mineiro presente em quase todos os restaurantes familiares.<\/li>\n\n\n\n<li><strong>P\u00e3o de queijo e quitandas<\/strong>: feitos no fog\u00e3o a lenha em padarias e caf\u00e9s da cidade.<\/li>\n\n\n\n<li><strong>Doces caseiros<\/strong>: doce de leite, goiabada casc\u00e3o e geleias artesanais vendidos nas feiras de Soledade de Minas, parada do Trem das \u00c1guas.<\/li>\n<\/ul>\n\n\n\n<p>Quem sonha em conhecer a cidade das \u00e1guas e do caf\u00e9, vai curtir esse v\u00eddeo especialmente selecionado do canal <strong>Boa Sorte Viajante &#8211; Matheus Boa Sorte<\/strong>, que conta com mais de <strong>436 mil<\/strong> visualiza\u00e7\u00f5es, onde <strong>Matheus Boa Sorte<\/strong> mostra um roteiro completo por <strong>S\u00e3o Louren\u00e7o<\/strong>, em <strong>Minas Gerais<\/strong>:<\/p>\n\n\n\n<figure class=\"wp-block-embed is-type-video is-provider-youtube wp-block-embed-youtube wp-embed-aspect-16-9 wp-has-aspect-ratio\"><div class=\"wp-block-embed__wrapper\">\n<div class=\"jeg_video_container jeg_video_content\"><iframe loading=\"lazy\" title=\"S\u00e3o Louren\u00e7o, em Minas Gerais! Cidade das \u00e1guas, do trem e do caf\u00e9!\" width=\"500\" height=\"281\" src=\"https:\/\/www.youtube.com\/embed\/-PflxStdxUc?feature=oembed\" frameborder=\"0\" allow=\"accelerometer; autoplay; clipboard-write; encrypted-media; gyroscope; picture-in-picture; web-share\" referrerpolicy=\"strict-origin-when-cross-origin\" allowfullscreen><\/iframe><\/div>\n<\/div><\/figure>\n\n\n\n<h2 class=\"wp-block-heading\">Como \u00e9 o clima em S\u00e3o Louren\u00e7o?<\/h2>\n\n\n\n<p>Tropical de altitude, marcado por ver\u00f5es amenos e invernos secos com m\u00ednimas baixas. A temperatura m\u00e9dia anual gira em torno de 19\u00b0C. Veja como planejar a viagem:<\/p>\n\n\n\n<style>\n    .clima-grid-uai119 { \n        --cor-primaria: #0278c0; --cor-secundaria: #ffd31a; --cor-txt-secundaria: #0278c0;\n        display: grid; grid-template-columns: repeat(auto-fit, minmax(190px, 1fr)); gap: 15px; justify-content: center; padding: 10px;\n    }\n    .clima-card-uai119 { border: 5px solid var(--cor-primaria); border-top: 5px solid var(--cor-secundaria); border-radius: 12px; background-color: var(--cor-primaria); background-clip: padding-box; display: flex; flex-direction: column; overflow: hidden; cursor: pointer; box-shadow: 0 6px 12px rgba(0,0,0, 0.2); transition: transform 0.2s ease, box-shadow 0.2s ease; -webkit-tap-highlight-color: transparent; user-select: none; transform: translateZ(0); animation: wmFadeIn 0.6s cubic-bezier(0.2, 0.8, 0.2, 1) backwards; }\n    .clima-card-uai119:focus-visible { outline: 3px dashed var(--cor-secundaria); outline-offset: 4px; }\n    .clima-card-uai119:nth-child(1) { animation-delay: 0.1s; } .clima-card-uai119:nth-child(2) { animation-delay: 0.2s; } .clima-card-uai119:nth-child(3) { animation-delay: 0.3s; } .clima-card-uai119:nth-child(4) { animation-delay: 0.4s; }\n    @keyframes wmFadeIn { from { opacity: 0; transform: translateY(30px); } to { opacity: 1; transform: translateY(0); } }\n    .clima-card-uai119:hover { transform: translateY(-5px); box-shadow: 0 15px 30px rgba(0,0,0, 0.3); }\n    .clima-card-uai119:active { transform: translateY(-1px) scale(0.97); box-shadow: 0 3px 6px rgba(0,0,0, 0.2); transition: transform 0.05s ease, box-shadow 0.05s ease; }\n    .clima-header-uai119 { background: #fdfbf5; padding: 15px 10px; text-align: center; display: flex; flex-direction: column; align-items: center; justify-content: center; }\n    .clima-body-uai119 { background: #ffffff; padding: 15px; display: flex; flex-direction: column; flex-grow: 1; align-items: center; }\n    .clima-destaque-uai119 { box-shadow: 0 8px 16px rgba(0,0,0, 0.25); }\n    .clima-destaque-uai119:hover { box-shadow: 0 18px 36px rgba(0,0,0, 0.35); }\n    .clima-destaque-uai119 .clima-header-uai119 { background: var(--cor-secundaria); }\n    .clima-destaque-uai119 .clima-header-uai119 .clima-titulo-uai119 { color: var(--cor-txt-secundaria) !important; } \n    .clima-pill-uai119 { display: flex; white-space: normal; max-width: 100%; box-sizing: border-box; justify-content: center; align-items: center; text-align: center; background: #e6f2fa; color: var(--cor-primaria); font-size: 11px; font-weight: 900 !important; letter-spacing: 0.5px; padding: 8px 16px; border-radius: 16px; text-transform: uppercase; line-height: 1.4; box-shadow: 0 4px 8px rgba(0,0,0, 0.15); margin-top: auto; transition: transform 0.2s ease; }\n    .clima-destaque-uai119 .clima-pill-uai119 { background: var(--cor-primaria); color: #ffffff; border: 1px solid #ffffff; } \n    .clima-card-uai119:hover .clima-pill-uai119 { transform: scale(1.06); }\n    .clima-pill-uai119 span { font-weight: 900 !important; color: inherit; } \n    .clima-emoji-uai119 { font-size: 24px; line-height: 1; margin-bottom: 5px; }\n    .clima-titulo-uai119 { color: var(--cor-primaria); font-size: 16px; text-transform: uppercase; margin-top: 5px; font-weight: bold; }\n    .clima-mes-uai119 { font-size: 11px; font-weight: 800; color: var(--cor-primaria); text-transform: uppercase; margin-bottom: 5px; display: block; }\n    .clima-temp-uai119 { font-size: 26px; font-weight: 900; color: var(--cor-primaria); margin-bottom: 10px; }\n    .clima-desc-uai119 { font-size: 13px; color: #444; text-align: center; line-height: 1.5; margin-bottom: 15px; flex-grow: 1;}\n    .clima-desc-uai119 strong { color: #111; }\n    @media (prefers-color-scheme: dark) {\n        .clima-card-uai119 { border-color: #014f7d; background-color: #014f7d; box-shadow: 0 6px 12px rgba(0,0,0, 0.5); }\n        .clima-header-uai119 { background: #1a1a1a; } .clima-body-uai119 { background: #121212; }\n        .clima-destaque-uai119 .clima-header-uai119 { background: var(--cor-secundaria); }\n        .clima-destaque-uai119 .clima-header-uai119 .clima-titulo-uai119 { color: var(--cor-txt-secundaria) !important; }\n        .clima-titulo-uai119 { color: #63b2e8; } .clima-mes-uai119 { color: #63b2e8; } .clima-temp-uai119 { color: #63b2e8; } .clima-desc-uai119 { color: #cccccc; } .clima-desc-uai119 strong { color: #ffffff; }\n        .clima-pill-uai119 { background: #014f7d; color: #ffffff; box-shadow: 0 4px 8px rgba(0, 0, 0, 0.5); }\n        .clima-destaque-uai119 .clima-pill-uai119 { background: #013859; color: #ffffff; border-color: #63b2e8; }\n    }\n<\/style>\n<div class=\"google-auto-ads-ignore clima-grid-uai119\" style=\"box-sizing: border-box; width: 100%; max-width: 980px; margin: 30px auto; font-family: 'Segoe UI', Roboto, Helvetica, Arial, sans-serif;\">\n    <div class=\"clima-card-uai119\" tabindex=\"0\">\n        <div class=\"clima-header-uai119\"><div class=\"clima-emoji-uai119\" aria-hidden=\"true\">\ud83d\udca6<\/div><div class=\"clima-titulo-uai119\">Ver\u00e3o<\/div><\/div>\n        <div class=\"clima-body-uai119\">\n            <time class=\"clima-mes-uai119\">Dezembro a fevereiro<\/time><div class=\"clima-temp-uai119\">17\u00b0C a 28\u00b0C<\/div>\n            <div class=\"clima-desc-uai119\">O ver\u00e3o ameno atrai pancadas de chuva. A dica para escapar das \u00e1guas vespertinas \u00e9 fazer os <strong>banhos no balne\u00e1rio logo pela manh\u00e3<\/strong>.<\/div>\n            <div class=\"clima-pill-uai119\"><span>\u2614 Chuva Alta<\/span><\/div>\n        <\/div>\n    <\/div>\n    <div class=\"clima-card-uai119\" tabindex=\"0\">\n        <div class=\"clima-header-uai119\"><div class=\"clima-emoji-uai119\" aria-hidden=\"true\">\ud83d\ude82<\/div><div class=\"clima-titulo-uai119\">Outono<\/div><\/div>\n        <div class=\"clima-body-uai119\">\n            <time class=\"clima-mes-uai119\">Mar\u00e7o a maio<\/time><div class=\"clima-temp-uai119\">13\u00b0C a 25\u00b0C<\/div>\n            <div class=\"clima-desc-uai119\">A transi\u00e7\u00e3o cria um clima agrad\u00e1vel e fresco em Minas. \u00c9poca muito c\u00eanica para focar no <strong>Trem das \u00c1guas e na paisagem dos mirantes<\/strong>.<\/div>\n            <div class=\"clima-pill-uai119\"><span>\u2601\ufe0f Chuva M\u00e9dia<\/span><\/div>\n        <\/div>\n    <\/div>\n    <div class=\"clima-card-uai119 clima-destaque-uai119\" tabindex=\"0\">\n        <div class=\"clima-header-uai119\"><div class=\"clima-emoji-uai119\" aria-hidden=\"true\">\ud83c\udf72<\/div><div class=\"clima-titulo-uai119\">Inverno<\/div><\/div>\n        <div class=\"clima-body-uai119\">\n            <time class=\"clima-mes-uai119\">Junho a agosto<\/time><div class=\"clima-temp-uai119\">8\u00b0C a 22\u00b0C<\/div>\n            <div class=\"clima-desc-uai119\">A melhor \u00e9poca! As m\u00ednimas deixam o clima gelado e seco. Cen\u00e1rio espetacular para vivenciar o <strong>Parque das \u00c1guas e a forte gastronomia local<\/strong>.<\/div>\n            <div class=\"clima-pill-uai119\"><span>\u2b50 Melhor \u00c9poca \/ Seco<\/span><\/div>\n        <\/div>\n    <\/div>\n    <div class=\"clima-card-uai119\" tabindex=\"0\">\n        <div class=\"clima-header-uai119\"><div class=\"clima-emoji-uai119\" aria-hidden=\"true\">\ud83c\udf88<\/div><div class=\"clima-titulo-uai119\">Primavera<\/div><\/div>\n        <div class=\"clima-body-uai119\">\n            <time class=\"clima-mes-uai119\">Setembro a novembro<\/time><div class=\"clima-temp-uai119\">13\u00b0C a 26\u00b0C<\/div>\n            <div class=\"clima-desc-uai119\">O vento calmo e os dias floridos marcam a transi\u00e7\u00e3o. Excelente fase clim\u00e1tica para viver o encanto do <strong>Voo de bal\u00e3o e o belo jardim japon\u00eas<\/strong>.<\/div>\n            <div class=\"clima-pill-uai119\"><span>\u2601\ufe0f Chuva M\u00e9dia<\/span><\/div>\n        <\/div>\n    <\/div>\n<\/div>\n\n\n\n<p><em>Temperaturas aproximadas com base no <a href=\"https:\/\/www.climatempo.com.br\/previsao-do-tempo\/cidade\/745\/saolourenco-mg\" target=\"_blank\" rel=\"noreferrer noopener\"><strong>Climatempo<\/strong><\/a>. Condi\u00e7\u00f5es podem variar.<\/em><\/p>\n\n\n\n<h2 class=\"wp-block-heading\">Como chegar a S\u00e3o Louren\u00e7o<\/h2>\n\n\n\n<p>De carro, a cidade fica a cerca de 384 km de <strong>Belo Horizonte<\/strong>, 280 km do <strong>Rio de Janeiro<\/strong> e 300 km de <strong>S\u00e3o Paulo<\/strong>. O acesso mais comum vem pela BR-381 a partir de BH, e pela rodovia Presidente Dutra mais o ramal da BR-460 a partir do Rio e de S\u00e3o Paulo. Os aeroportos de refer\u00eancia mais pr\u00f3ximos com voos regulares ficam nas duas capitais paulista e fluminense.<\/p>\n\n\n\n<h2 class=\"wp-block-heading\">Conhe\u00e7a a est\u00e2ncia hidromineral da Mantiqueira<\/h2>\n\n\n\n<p>S\u00e3o Louren\u00e7o guarda em poucos quil\u00f4metros o que muitas cidades grandes perderam: um centro hist\u00f3rico tombado, fontes de \u00e1guas minerais que brotam h\u00e1 mais de 130 anos e uma Maria-Fuma\u00e7a que ainda corta o vale do Rio Verde. A combina\u00e7\u00e3o de altitude, mata atl\u00e2ntica e turismo de bem-estar \u00e9 rara no <strong>Brasil<\/strong>.<\/p>\n\n\n\n<p>Voc\u00ea precisa subir at\u00e9 o p\u00e9 da Mantiqueira, beber direto das nove fontes e embarcar no Trem das \u00c1guas para entender por que tanta gente volta sempre.<\/p>\n","protected":false},"excerpt":{"rendered":"<p>A 867 metros de altitude e ao p\u00e9 da Serra da Mantiqueira, S\u00e3o Louren\u00e7o \u00e9 uma das est\u00e2ncias hidrominerais mais tradicionais do Brasil. A cidade nasceu em torno de uma fazenda onde uma nascente cristalina foi descoberta no s\u00e9culo XIX e, mais de cem anos depois, ainda atrai quem busca os benef\u00edcios de suas \u00e1guas [&hellip;]<\/p>\n","protected":false},"author":14,"featured_media":128086,"comment_status":"open","ping_status":"open","sticky":false,"template":"","format":"standard","meta":{"jnews-multi-image_gallery":[],"jnews_single_post":{"format":"standard"},"jnews_primary_category":[],"jnews_social_meta":[],"jnews_override_counter":[],"footnotes":""},"categories":[210],"tags":[234,253,23540],"class_list":["post-127708","post","type-post","status-publish","format-standard","has-post-thumbnail","hentry","category-cidades","tag-cidades","tag-minas-gerais","tag-sao-lourenco"],"yoast_head":"<!-- This site is optimized with the Yoast SEO plugin v26.5 - https:\/\/yoast.com\/wordpress\/plugins\/seo\/ -->\n<title>Nove fontes de \u00e1guas minerais e o segundo maior parque hoteleiro de Minas: a cidade da Mantiqueira que vive ao redor de um lago de 90 mil metros quadrados - UAI Not\u00edcias<\/title>\n<meta name=\"description\" content=\"Refer\u00eancia em bem-estar, esta cidade mineira une nove fontes curativas, o segundo maior parque hoteleiro do estado e muita natureza.\" \/>\n<meta name=\"robots\" content=\"index, follow, max-snippet:-1, max-image-preview:large, max-video-preview:-1\" \/>\n<link rel=\"canonical\" href=\"https:\/\/www.uai.com.br\/uainoticias\/2026\/04\/29\/nove-fontes-de-aguas-minerais-e-o-segundo-maior-parque-hoteleiro-de-minas-a-cidade-da-mantiqueira-que-vive-ao-redor-de-um-lago-de-90-mil-metros-quadrados\/\" \/>\n<meta property=\"og:locale\" content=\"pt_BR\" \/>\n<meta property=\"og:type\" content=\"article\" \/>\n<meta property=\"og:title\" content=\"Nove fontes de \u00e1guas minerais e o segundo maior parque hoteleiro de Minas: a cidade da Mantiqueira que vive ao redor de um lago de 90 mil metros quadrados - UAI Not\u00edcias\" \/>\n<meta property=\"og:description\" content=\"Refer\u00eancia em bem-estar, esta cidade mineira une nove fontes curativas, o segundo maior parque hoteleiro do estado e muita natureza.\" \/>\n<meta property=\"og:url\" content=\"https:\/\/www.uai.com.br\/uainoticias\/2026\/04\/29\/nove-fontes-de-aguas-minerais-e-o-segundo-maior-parque-hoteleiro-de-minas-a-cidade-da-mantiqueira-que-vive-ao-redor-de-um-lago-de-90-mil-metros-quadrados\/\" \/>\n<meta property=\"og:site_name\" content=\"UAI Not\u00edcias\" \/>\n<meta property=\"article:published_time\" content=\"2026-04-30T02:15:00+00:00\" \/>\n<meta property=\"og:image\" content=\"https:\/\/www.uai.com.br\/uainoticias\/wp-content\/uploads\/2026\/04\/Woman_sitting_near_202604280643.jpg\" \/>\n\t<meta property=\"og:image:width\" content=\"1280\" \/>\n\t<meta property=\"og:image:height\" content=\"720\" \/>\n\t<meta property=\"og:image:type\" content=\"image\/jpeg\" \/>\n<meta name=\"author\" content=\"Vitor Bruno\" \/>\n<meta name=\"twitter:card\" content=\"summary_large_image\" \/>\n<meta name=\"twitter:label1\" content=\"Escrito por\" \/>\n\t<meta name=\"twitter:data1\" content=\"Vitor Bruno\" \/>\n\t<meta name=\"twitter:label2\" content=\"Est. tempo de leitura\" \/>\n\t<meta name=\"twitter:data2\" content=\"7 minutos\" \/>\n<!-- \/ Yoast SEO plugin. -->","yoast_head_json":{"title":"Nove fontes de \u00e1guas minerais e o segundo maior parque hoteleiro de Minas: a cidade da Mantiqueira que vive ao redor de um lago de 90 mil metros quadrados - UAI Not\u00edcias","description":"Refer\u00eancia em bem-estar, esta cidade mineira une nove fontes curativas, o segundo maior parque hoteleiro do estado e muita natureza.","robots":{"index":"index","follow":"follow","max-snippet":"max-snippet:-1","max-image-preview":"max-image-preview:large","max-video-preview":"max-video-preview:-1"},"canonical":"https:\/\/www.uai.com.br\/uainoticias\/2026\/04\/29\/nove-fontes-de-aguas-minerais-e-o-segundo-maior-parque-hoteleiro-de-minas-a-cidade-da-mantiqueira-que-vive-ao-redor-de-um-lago-de-90-mil-metros-quadrados\/","og_locale":"pt_BR","og_type":"article","og_title":"Nove fontes de \u00e1guas minerais e o segundo maior parque hoteleiro de Minas: a cidade da Mantiqueira que vive ao redor de um lago de 90 mil metros quadrados - UAI Not\u00edcias","og_description":"Refer\u00eancia em bem-estar, esta cidade mineira une nove fontes curativas, o segundo maior parque hoteleiro do estado e muita natureza.","og_url":"https:\/\/www.uai.com.br\/uainoticias\/2026\/04\/29\/nove-fontes-de-aguas-minerais-e-o-segundo-maior-parque-hoteleiro-de-minas-a-cidade-da-mantiqueira-que-vive-ao-redor-de-um-lago-de-90-mil-metros-quadrados\/","og_site_name":"UAI Not\u00edcias","article_published_time":"2026-04-30T02:15:00+00:00","og_image":[{"width":1280,"height":720,"url":"https:\/\/www.uai.com.br\/uainoticias\/wp-content\/uploads\/2026\/04\/Woman_sitting_near_202604280643.jpg","type":"image\/jpeg"}],"author":"Vitor Bruno","twitter_card":"summary_large_image","twitter_misc":{"Escrito por":"Vitor Bruno","Est. tempo de leitura":"7 minutos"},"schema":{"@context":"https:\/\/schema.org","@graph":[{"@type":"WebPage","@id":"https:\/\/www.uai.com.br\/uainoticias\/2026\/04\/29\/nove-fontes-de-aguas-minerais-e-o-segundo-maior-parque-hoteleiro-de-minas-a-cidade-da-mantiqueira-que-vive-ao-redor-de-um-lago-de-90-mil-metros-quadrados\/","url":"https:\/\/www.uai.com.br\/uainoticias\/2026\/04\/29\/nove-fontes-de-aguas-minerais-e-o-segundo-maior-parque-hoteleiro-de-minas-a-cidade-da-mantiqueira-que-vive-ao-redor-de-um-lago-de-90-mil-metros-quadrados\/","name":"Nove fontes de \u00e1guas minerais e o segundo maior parque hoteleiro de Minas: a cidade da Mantiqueira que vive ao redor de um lago de 90 mil metros quadrados - UAI Not\u00edcias","isPartOf":{"@id":"https:\/\/www.uai.com.br\/uainoticias\/#website"},"primaryImageOfPage":{"@id":"https:\/\/www.uai.com.br\/uainoticias\/2026\/04\/29\/nove-fontes-de-aguas-minerais-e-o-segundo-maior-parque-hoteleiro-de-minas-a-cidade-da-mantiqueira-que-vive-ao-redor-de-um-lago-de-90-mil-metros-quadrados\/#primaryimage"},"image":{"@id":"https:\/\/www.uai.com.br\/uainoticias\/2026\/04\/29\/nove-fontes-de-aguas-minerais-e-o-segundo-maior-parque-hoteleiro-de-minas-a-cidade-da-mantiqueira-que-vive-ao-redor-de-um-lago-de-90-mil-metros-quadrados\/#primaryimage"},"thumbnailUrl":"https:\/\/www.uai.com.br\/uainoticias\/wp-content\/uploads\/2026\/04\/Woman_sitting_near_202604280643.jpg","datePublished":"2026-04-30T02:15:00+00:00","author":{"@id":"https:\/\/www.uai.com.br\/uainoticias\/#\/schema\/person\/03130d752d0ce4e3bb0f607f1bc85084"},"description":"Refer\u00eancia em bem-estar, esta cidade mineira une nove fontes curativas, o segundo maior parque hoteleiro do estado e muita natureza.","breadcrumb":{"@id":"https:\/\/www.uai.com.br\/uainoticias\/2026\/04\/29\/nove-fontes-de-aguas-minerais-e-o-segundo-maior-parque-hoteleiro-de-minas-a-cidade-da-mantiqueira-que-vive-ao-redor-de-um-lago-de-90-mil-metros-quadrados\/#breadcrumb"},"inLanguage":"pt-BR","potentialAction":[{"@type":"ReadAction","target":["https:\/\/www.uai.com.br\/uainoticias\/2026\/04\/29\/nove-fontes-de-aguas-minerais-e-o-segundo-maior-parque-hoteleiro-de-minas-a-cidade-da-mantiqueira-que-vive-ao-redor-de-um-lago-de-90-mil-metros-quadrados\/"]}]},{"@type":"ImageObject","inLanguage":"pt-BR","@id":"https:\/\/www.uai.com.br\/uainoticias\/2026\/04\/29\/nove-fontes-de-aguas-minerais-e-o-segundo-maior-parque-hoteleiro-de-minas-a-cidade-da-mantiqueira-que-vive-ao-redor-de-um-lago-de-90-mil-metros-quadrados\/#primaryimage","url":"https:\/\/www.uai.com.br\/uainoticias\/wp-content\/uploads\/2026\/04\/Woman_sitting_near_202604280643.jpg","contentUrl":"https:\/\/www.uai.com.br\/uainoticias\/wp-content\/uploads\/2026\/04\/Woman_sitting_near_202604280643.jpg","width":1280,"height":720,"caption":"Nove fontes de \u00e1guas minerais e o segundo maior parque hoteleiro de Minas: a cidade da Mantiqueira que vive ao redor de um lago de 90 mil metros quadrados \/\/ IMAGEM ILUSTRATIVA"},{"@type":"BreadcrumbList","@id":"https:\/\/www.uai.com.br\/uainoticias\/2026\/04\/29\/nove-fontes-de-aguas-minerais-e-o-segundo-maior-parque-hoteleiro-de-minas-a-cidade-da-mantiqueira-que-vive-ao-redor-de-um-lago-de-90-mil-metros-quadrados\/#breadcrumb","itemListElement":[{"@type":"ListItem","position":1,"name":"In\u00edcio","item":"https:\/\/www.uai.com.br\/uainoticias\/"},{"@type":"ListItem","position":2,"name":"Nove fontes de \u00e1guas minerais e o segundo maior parque hoteleiro de Minas: a cidade da Mantiqueira que vive ao redor de um lago de 90 mil metros quadrados"}]},{"@type":"WebSite","@id":"https:\/\/www.uai.com.br\/uainoticias\/#website","url":"https:\/\/www.uai.com.br\/uainoticias\/","name":"UAI Not\u00edcias","description":"Acompanhe as \u00faltimas not\u00edcias e fique bem informado sobre tudo o que acontece no Brasil e no mundo.","potentialAction":[{"@type":"SearchAction","target":{"@type":"EntryPoint","urlTemplate":"https:\/\/www.uai.com.br\/uainoticias\/?s={search_term_string}"},"query-input":{"@type":"PropertyValueSpecification","valueRequired":true,"valueName":"search_term_string"}}],"inLanguage":"pt-BR"},{"@type":"Person","@id":"https:\/\/www.uai.com.br\/uainoticias\/#\/schema\/person\/03130d752d0ce4e3bb0f607f1bc85084","name":"Vitor Bruno","image":{"@type":"ImageObject","inLanguage":"pt-BR","@id":"https:\/\/www.uai.com.br\/uainoticias\/#\/schema\/person\/image\/","url":"https:\/\/secure.gravatar.com\/avatar\/ab0513148053bbb80c117cdd35f8a0f2742d41eebbac321acf8df2e633d81609?s=96&d=mm&r=g","contentUrl":"https:\/\/secure.gravatar.com\/avatar\/ab0513148053bbb80c117cdd35f8a0f2742d41eebbac321acf8df2e633d81609?s=96&d=mm&r=g","caption":"Vitor Bruno"},"sameAs":["https:\/\/www.uai.com.br\/uainoticias\/"],"url":"https:\/\/www.uai.com.br\/uainoticias\/author\/vitor\/"}]}},"_links":{"self":[{"href":"https:\/\/www.uai.com.br\/uainoticias\/wp-json\/wp\/v2\/posts\/127708","targetHints":{"allow":["GET"]}}],"collection":[{"href":"https:\/\/www.uai.com.br\/uainoticias\/wp-json\/wp\/v2\/posts"}],"about":[{"href":"https:\/\/www.uai.com.br\/uainoticias\/wp-json\/wp\/v2\/types\/post"}],"author":[{"embeddable":true,"href":"https:\/\/www.uai.com.br\/uainoticias\/wp-json\/wp\/v2\/users\/14"}],"replies":[{"embeddable":true,"href":"https:\/\/www.uai.com.br\/uainoticias\/wp-json\/wp\/v2\/comments?post=127708"}],"version-history":[{"count":7,"href":"https:\/\/www.uai.com.br\/uainoticias\/wp-json\/wp\/v2\/posts\/127708\/revisions"}],"predecessor-version":[{"id":128092,"href":"https:\/\/www.uai.com.br\/uainoticias\/wp-json\/wp\/v2\/posts\/127708\/revisions\/128092"}],"wp:featuredmedia":[{"embeddable":true,"href":"https:\/\/www.uai.com.br\/uainoticias\/wp-json\/wp\/v2\/media\/128086"}],"wp:attachment":[{"href":"https:\/\/www.uai.com.br\/uainoticias\/wp-json\/wp\/v2\/media?parent=127708"}],"wp:term":[{"taxonomy":"category","embeddable":true,"href":"https:\/\/www.uai.com.br\/uainoticias\/wp-json\/wp\/v2\/categories?post=127708"},{"taxonomy":"post_tag","embeddable":true,"href":"https:\/\/www.uai.com.br\/uainoticias\/wp-json\/wp\/v2\/tags?post=127708"}],"curies":[{"name":"wp","href":"https:\/\/api.w.org\/{rel}","templated":true}]}}