{"id":127707,"date":"2026-04-29T20:25:00","date_gmt":"2026-04-29T23:25:00","guid":{"rendered":"https:\/\/www.uai.com.br\/uainoticias\/?p=127707"},"modified":"2026-04-28T06:41:29","modified_gmt":"2026-04-28T09:41:29","slug":"1-617-suicos-cruzaram-o-atlantico-em-1819-e-fundaram-a-primeira-colonia-europeia-organizada-do-brasil-a-846-metros-de-altitude","status":"publish","type":"post","link":"https:\/\/www.uai.com.br\/uainoticias\/2026\/04\/29\/1-617-suicos-cruzaram-o-atlantico-em-1819-e-fundaram-a-primeira-colonia-europeia-organizada-do-brasil-a-846-metros-de-altitude\/","title":{"rendered":"1.617 su\u00ed\u00e7os cruzaram o Atl\u00e2ntico em 1819 e fundaram a primeira col\u00f4nia europeia organizada do Brasil a 846 metros de altitude"},"content":{"rendered":"\n<p>Em 16 de maio de 1818, um decreto de <strong>D. Jo\u00e3o VI<\/strong> autorizou a vinda de 100 fam\u00edlias do Cant\u00e3o de Friburgo, na <strong>Su\u00ed\u00e7a<\/strong>, para uma fazenda na serra fluminense. Nasceu ali <strong>Nova Friburgo<\/strong>, a primeira empresa colonial contratada pelo governo portugu\u00eas em terras brasileiras.<\/p>\n\n\n\n<h2 class=\"wp-block-heading\">Por que Nova Friburgo \u00e9 chamada de Su\u00ed\u00e7a brasileira?<\/h2>\n\n\n\n<p>O apelido vem da pr\u00f3pria origem da cidade. Em 1819, 1.617 imigrantes su\u00ed\u00e7os chegaram do <strong>Cant\u00e3o de Friburgo<\/strong> \u00e0 Fazenda do Morro Queimado, no Distrito de <strong>Cantagalo<\/strong>, escolhida por ter clima e relevo parecidos com os Alpes, segundo o <a href=\"http:\/\/portal.iphan.gov.br\/pagina\/detalhes\/1508\/\" target=\"_blank\" rel=\"noreferrer noopener\"><strong>Instituto do Patrim\u00f4nio Hist\u00f3rico e Art\u00edstico Nacional (IPHAN)<\/strong><\/a>.<\/p>\n\n\n\n<p>O contrato firmado entre o governo portugu\u00eas e o cant\u00e3o su\u00ed\u00e7o determinava que os colonos perderiam a cidadania original e se tornariam s\u00faditos do rei de Portugal. Foi o primeiro movimento organizado de imigrantes europeus contratados pelo governo brasileiro, anterior \u00e0 imigra\u00e7\u00e3o alem\u00e3 para o Sul.<\/p>\n\n\n<div class=\"wp-block-image\">\n<figure class=\"aligncenter size-large\"><img decoding=\"async\" width=\"1024\" height=\"576\" src=\"https:\/\/www.uai.com.br\/uainoticias\/wp-content\/uploads\/2025\/12\/Nova-Friburgo_1743133302290-1024x576.jpg\" alt=\"Essa cidade do Rio de Janeiro \u00e9 conhecida como a Su\u00ed\u00e7a Brasileira\" class=\"wp-image-99549\" srcset=\"https:\/\/www.uai.com.br\/uainoticias\/wp-content\/uploads\/2025\/12\/Nova-Friburgo_1743133302290-1024x576.jpg 1024w, https:\/\/www.uai.com.br\/uainoticias\/wp-content\/uploads\/2025\/12\/Nova-Friburgo_1743133302290-300x169.jpg 300w, https:\/\/www.uai.com.br\/uainoticias\/wp-content\/uploads\/2025\/12\/Nova-Friburgo_1743133302290-768x432.jpg 768w, https:\/\/www.uai.com.br\/uainoticias\/wp-content\/uploads\/2025\/12\/Nova-Friburgo_1743133302290-750x422.jpg 750w, https:\/\/www.uai.com.br\/uainoticias\/wp-content\/uploads\/2025\/12\/Nova-Friburgo_1743133302290-1140x641.jpg 1140w, https:\/\/www.uai.com.br\/uainoticias\/wp-content\/uploads\/2025\/12\/Nova-Friburgo_1743133302290.jpg 1280w\" sizes=\"(max-width: 1024px) 100vw, 1024px\" \/><figcaption class=\"wp-element-caption\">Nova Friburgo est\u00e1 encantando viajantes com clima e charme europeu \/\/ Cr\u00e9ditos: depositphotos.com \/ dabldy<\/figcaption><\/figure><\/div>\n\n\n<h2 class=\"wp-block-heading\">A maior reserva preservada do estado fica na serra fluminense<\/h2>\n\n\n\n<p>Quem chega \u00e0 cidade encontra atra\u00e7\u00f5es naturais a poucos quil\u00f4metros do centro. O <strong>Parque Estadual dos Tr\u00eas Picos<\/strong> re\u00fane 46.350 hectares de floresta preservada e \u00e9 refer\u00eancia nacional em montanhismo, com 19% do territ\u00f3rio dentro do munic\u00edpio, segundo a <a href=\"https:\/\/www.turismo.rj.gov.br\/cidades\/nova-friburgo\/\" target=\"_blank\" rel=\"noreferrer noopener\"><strong>Secretaria de Estado de Turismo do Rio de Janeiro<\/strong><\/a>.<\/p>\n\n\n\n<p>Outro s\u00edmbolo \u00e9 a <strong>Pedra do C\u00e3o Sentado<\/strong>, forma\u00e7\u00e3o rochosa de 111 metros de altura reconhecida oficialmente como Monumento Natural Municipal. A 846 metros de altitude, a sede da cidade tem clima ameno o ano todo e \u00e9 ponto de partida para os buc\u00f3licos distritos de <strong>Lumiar<\/strong> e <strong>S\u00e3o Pedro da Serra<\/strong>.<\/p>\n\n\n<div class=\"wp-block-image\">\n<figure class=\"aligncenter size-large\"><img decoding=\"async\" width=\"1024\" height=\"576\" src=\"https:\/\/www.uai.com.br\/uainoticias\/wp-content\/uploads\/2025\/12\/Nova-Friburgo_1743133317004-1-1024x576.jpg\" alt=\"Essa cidade do Rio de Janeiro \u00e9 conhecida como a Su\u00ed\u00e7a Brasileira\" class=\"wp-image-99550\" srcset=\"https:\/\/www.uai.com.br\/uainoticias\/wp-content\/uploads\/2025\/12\/Nova-Friburgo_1743133317004-1-1024x576.jpg 1024w, https:\/\/www.uai.com.br\/uainoticias\/wp-content\/uploads\/2025\/12\/Nova-Friburgo_1743133317004-1-300x169.jpg 300w, https:\/\/www.uai.com.br\/uainoticias\/wp-content\/uploads\/2025\/12\/Nova-Friburgo_1743133317004-1-768x432.jpg 768w, https:\/\/www.uai.com.br\/uainoticias\/wp-content\/uploads\/2025\/12\/Nova-Friburgo_1743133317004-1-750x422.jpg 750w, https:\/\/www.uai.com.br\/uainoticias\/wp-content\/uploads\/2025\/12\/Nova-Friburgo_1743133317004-1-1140x641.jpg 1140w, https:\/\/www.uai.com.br\/uainoticias\/wp-content\/uploads\/2025\/12\/Nova-Friburgo_1743133317004-1.jpg 1280w\" sizes=\"(max-width: 1024px) 100vw, 1024px\" \/><figcaption class=\"wp-element-caption\">Nova Friburgo une clima de montanha e qualidade de vida no Rio de Janeiro \/\/ Cr\u00e9ditos: depositphotos.com \/ dabldy<\/figcaption><\/figure><\/div>\n\n\n<p><strong>Leia tamb\u00e9m: <a href=\"https:\/\/www.uai.com.br\/uainoticias\/2026\/04\/25\/essa-cidade-nordestina-esta-em-alta-447-mais-estrangeiros-escolheram-esse-paraiso-de-mar-morno-e-brisa-perfeita\/\" target=\"_blank\" rel=\"noreferrer noopener\">Essa cidade nordestina est\u00e1 em alta: 44,7% mais estrangeiros escolheram esse para\u00edso de mar morno e brisa perfeita<\/a><\/strong><\/p>\n\n\n\n<h2 class=\"wp-block-heading\">O que fazer em Nova Friburgo?<\/h2>\n\n\n\n<p>A cidade combina ecoturismo, gastronomia, montanhismo e turismo de compras em poucos quil\u00f4metros. As atra\u00e7\u00f5es imperd\u00edveis v\u00e3o do centro hist\u00f3rico aos distritos rurais:<\/p>\n\n\n\n<ul class=\"wp-block-list\">\n<li><strong>Parque Estadual dos Tr\u00eas Picos<\/strong>: maior reserva preservada do estado do <strong>Rio de Janeiro<\/strong>, com trilhas ao Vale dos Deuses e \u00e0 Montanha do Capacete.<\/li>\n\n\n\n<li><strong>Pedra do C\u00e3o Sentado<\/strong>: cart\u00e3o-postal natural de 111 metros e ponto de escalada com vista panor\u00e2mica da serra.<\/li>\n\n\n\n<li><strong>Pra\u00e7a do Suspiro<\/strong>: abriga o telef\u00e9rico que sobe ao Morro da Cruz, com vista de toda a cidade, e fica pr\u00f3xima ao Centro de Turismo.<\/li>\n\n\n\n<li><strong>Distrito de S\u00e3o Pedro da Serra<\/strong>: vilarejo buc\u00f3lico com pousadas, restaurantes e o cart\u00e3o-postal Encontro dos Rios, onde se juntam dois afluentes do Rio Bonito.<\/li>\n\n\n\n<li><strong>Distrito de Lumiar<\/strong>: rota de cachoeiras, piscinas naturais e cervejarias artesanais, com o famoso po\u00e7o Boa Esperan\u00e7a.<\/li>\n\n\n\n<li><strong>Jardim do N\u00eago<\/strong>: ateli\u00ea a c\u00e9u aberto com esculturas gigantescas moldadas nos declives do s\u00edtio, segundo o portal oficial de turismo do estado.<\/li>\n<\/ul>\n\n\n\n<p>A gastronomia carrega a heran\u00e7a su\u00ed\u00e7a, alem\u00e3 e italiana, com forte presen\u00e7a de queijos artesanais, trutas e cervejas locais. Algumas refer\u00eancias da cidade:<\/p>\n\n\n\n<ul class=\"wp-block-list\">\n<li><strong>Queijaria Su\u00ed\u00e7a<\/strong>: produ\u00e7\u00e3o artesanal de queijos t\u00edpicos como o gruy\u00e8re e o emmental, com arquitetura inspirada nos Alpes.<\/li>\n\n\n\n<li><strong>Truta<\/strong>: a cidade \u00e9 a maior produtora do estado, servida grelhada ou ao molho de ervas em restaurantes da serra.<\/li>\n\n\n\n<li><strong>B\u00fcrgermeister<\/strong>: culin\u00e1ria alem\u00e3 tradicional no bairro <strong>C\u00f4nego<\/strong>, segundo o portal oficial do turismo fluminense.<\/li>\n\n\n\n<li><strong>Circuito de Cervejas Artesanais<\/strong>: parte do trajeto Serra Verde Imperial, com cervejarias que oferecem visita guiada e degusta\u00e7\u00e3o.<\/li>\n<\/ul>\n\n\n\n<p>Quem deseja descobrir o que fazer na <strong>Su\u00ed\u00e7a Brasileira<\/strong>, vai curtir esse v\u00eddeo do canal <strong>Achadinhos da Carioca<\/strong>, com mais de <strong>19 mil<\/strong> visualiza\u00e7\u00f5es, onde <strong>Gabi<\/strong> mostra as melhores dicas de <strong>Nova Friburgo<\/strong>:<\/p>\n\n\n\n<figure class=\"wp-block-embed is-type-video is-provider-youtube wp-block-embed-youtube wp-embed-aspect-16-9 wp-has-aspect-ratio\"><div class=\"wp-block-embed__wrapper\">\n<div class=\"jeg_video_container jeg_video_content\"><iframe loading=\"lazy\" title=\"NOVA FRIBURGO - RJ: O que fazer na Su\u00ed\u00e7a brasileira com pre\u00e7os e melhores dicas\" width=\"500\" height=\"281\" src=\"https:\/\/www.youtube.com\/embed\/skjxJwzpTAc?feature=oembed\" frameborder=\"0\" allow=\"accelerometer; autoplay; clipboard-write; encrypted-media; gyroscope; picture-in-picture; web-share\" referrerpolicy=\"strict-origin-when-cross-origin\" allowfullscreen><\/iframe><\/div>\n<\/div><\/figure>\n\n\n\n<h2 class=\"wp-block-heading\">Como \u00e9 o clima em Nova Friburgo?<\/h2>\n\n\n\n<p>O clima \u00e9 tropical de altitude, com temperatura m\u00e9dia anual de 18,7\u00b0C, segundo o <strong>Instituto Nacional de Meteorologia (INMET)<\/strong>. As esta\u00e7\u00f5es s\u00e3o bem marcadas e cada \u00e9poca pede um tipo de passeio:<\/p>\n\n\n\n<style>\n    .clima-grid-uai118 { \n        --cor-primaria: #0278c0; --cor-secundaria: #ffd31a; --cor-txt-secundaria: #0278c0;\n        display: grid; grid-template-columns: repeat(auto-fit, minmax(190px, 1fr)); gap: 15px; justify-content: center; padding: 10px;\n    }\n    .clima-card-uai118 { border: 5px solid var(--cor-primaria); border-top: 5px solid var(--cor-secundaria); border-radius: 12px; background-color: var(--cor-primaria); background-clip: padding-box; display: flex; flex-direction: column; overflow: hidden; cursor: pointer; box-shadow: 0 6px 12px rgba(0,0,0, 0.2); transition: transform 0.2s ease, box-shadow 0.2s ease; -webkit-tap-highlight-color: transparent; user-select: none; transform: translateZ(0); animation: wmFadeIn 0.6s cubic-bezier(0.2, 0.8, 0.2, 1) backwards; }\n    .clima-card-uai118:focus-visible { outline: 3px dashed var(--cor-secundaria); outline-offset: 4px; }\n    .clima-card-uai118:nth-child(1) { animation-delay: 0.1s; } .clima-card-uai118:nth-child(2) { animation-delay: 0.2s; } .clima-card-uai118:nth-child(3) { animation-delay: 0.3s; } .clima-card-uai118:nth-child(4) { animation-delay: 0.4s; }\n    @keyframes wmFadeIn { from { opacity: 0; transform: translateY(30px); } to { opacity: 1; transform: translateY(0); } }\n    .clima-card-uai118:hover { transform: translateY(-5px); box-shadow: 0 15px 30px rgba(0,0,0, 0.3); }\n    .clima-card-uai118:active { transform: translateY(-1px) scale(0.97); box-shadow: 0 3px 6px rgba(0,0,0, 0.2); transition: transform 0.05s ease, box-shadow 0.05s ease; }\n    .clima-header-uai118 { background: #fdfbf5; padding: 15px 10px; text-align: center; display: flex; flex-direction: column; align-items: center; justify-content: center; }\n    .clima-body-uai118 { background: #ffffff; padding: 15px; display: flex; flex-direction: column; flex-grow: 1; align-items: center; }\n    .clima-destaque-uai118 { box-shadow: 0 8px 16px rgba(0,0,0, 0.25); }\n    .clima-destaque-uai118:hover { box-shadow: 0 18px 36px rgba(0,0,0, 0.35); }\n    .clima-destaque-uai118 .clima-header-uai118 { background: var(--cor-secundaria); }\n    .clima-destaque-uai118 .clima-header-uai118 .clima-titulo-uai118 { color: var(--cor-txt-secundaria) !important; } \n    .clima-pill-uai118 { display: flex; white-space: normal; max-width: 100%; box-sizing: border-box; justify-content: center; align-items: center; text-align: center; background: #e6f2fa; color: var(--cor-primaria); font-size: 11px; font-weight: 900 !important; letter-spacing: 0.5px; padding: 8px 16px; border-radius: 16px; text-transform: uppercase; line-height: 1.4; box-shadow: 0 4px 8px rgba(0,0,0, 0.15); margin-top: auto; transition: transform 0.2s ease; }\n    .clima-destaque-uai118 .clima-pill-uai118 { background: var(--cor-primaria); color: #ffffff; border: 1px solid #ffffff; } \n    .clima-card-uai118:hover .clima-pill-uai118 { transform: scale(1.06); }\n    .clima-pill-uai118 span { font-weight: 900 !important; color: inherit; } \n    .clima-emoji-uai118 { font-size: 24px; line-height: 1; margin-bottom: 5px; }\n    .clima-titulo-uai118 { color: var(--cor-primaria); font-size: 16px; text-transform: uppercase; margin-top: 5px; font-weight: bold; }\n    .clima-mes-uai118 { font-size: 11px; font-weight: 800; color: var(--cor-primaria); text-transform: uppercase; margin-bottom: 5px; display: block; }\n    .clima-temp-uai118 { font-size: 26px; font-weight: 900; color: var(--cor-primaria); margin-bottom: 10px; }\n    .clima-desc-uai118 { font-size: 13px; color: #444; text-align: center; line-height: 1.5; margin-bottom: 15px; flex-grow: 1;}\n    .clima-desc-uai118 strong { color: #111; }\n    @media (prefers-color-scheme: dark) {\n        .clima-card-uai118 { border-color: #014f7d; background-color: #014f7d; box-shadow: 0 6px 12px rgba(0,0,0, 0.5); }\n        .clima-header-uai118 { background: #1a1a1a; } .clima-body-uai118 { background: #121212; }\n        .clima-destaque-uai118 .clima-header-uai118 { background: var(--cor-secundaria); }\n        .clima-destaque-uai118 .clima-header-uai118 .clima-titulo-uai118 { color: var(--cor-txt-secundaria) !important; }\n        .clima-titulo-uai118 { color: #63b2e8; } .clima-mes-uai118 { color: #63b2e8; } .clima-temp-uai118 { color: #63b2e8; } .clima-desc-uai118 { color: #cccccc; } .clima-desc-uai118 strong { color: #ffffff; }\n        .clima-pill-uai118 { background: #014f7d; color: #ffffff; box-shadow: 0 4px 8px rgba(0, 0, 0, 0.5); }\n        .clima-destaque-uai118 .clima-pill-uai118 { background: #013859; color: #ffffff; border-color: #63b2e8; }\n    }\n<\/style>\n<div class=\"google-auto-ads-ignore clima-grid-uai118\" style=\"box-sizing: border-box; width: 100%; max-width: 980px; margin: 30px auto; font-family: 'Segoe UI', Roboto, Helvetica, Arial, sans-serif;\">\n    <div class=\"clima-card-uai118\" tabindex=\"0\">\n        <div class=\"clima-header-uai118\"><div class=\"clima-emoji-uai118\" aria-hidden=\"true\">\ud83d\udca6<\/div><div class=\"clima-titulo-uai118\">Ver\u00e3o<\/div><\/div>\n        <div class=\"clima-body-uai118\">\n            <time class=\"clima-mes-uai118\">Dezembro a fevereiro<\/time><div class=\"clima-temp-uai118\">16\u00b0C a 26\u00b0C<\/div>\n            <div class=\"clima-desc-uai118\">As chuvas de ver\u00e3o atingem a serra. Apesar das pancadas, o clima fresco atrai visitantes em busca das lindas <strong>Cachoeiras de Lumiar<\/strong>.<\/div>\n            <div class=\"clima-pill-uai118\"><span>\u2614 Chuva Alta<\/span><\/div>\n        <\/div>\n    <\/div>\n    <div class=\"clima-card-uai118\" tabindex=\"0\">\n        <div class=\"clima-header-uai118\"><div class=\"clima-emoji-uai118\" aria-hidden=\"true\">\ud83e\udd7e<\/div><div class=\"clima-titulo-uai118\">Outono<\/div><\/div>\n        <div class=\"clima-body-uai118\">\n            <time class=\"clima-mes-uai118\">Mar\u00e7o a maio<\/time><div class=\"clima-temp-uai118\">13\u00b0C a 23\u00b0C<\/div>\n            <div class=\"clima-desc-uai118\">As nuvens diminuem e o cen\u00e1rio serrano ganha destaque. Condi\u00e7\u00e3o amena excelente para encarar as famosas <strong>Trilhas no Tr\u00eas Picos<\/strong>.<\/div>\n            <div class=\"clima-pill-uai118\"><span>\u2601\ufe0f Chuva M\u00e9dia<\/span><\/div>\n        <\/div>\n    <\/div>\n    <div class=\"clima-card-uai118 clima-destaque-uai118\" tabindex=\"0\">\n        <div class=\"clima-header-uai118\"><div class=\"clima-emoji-uai118\" aria-hidden=\"true\">\ud83e\uddc0<\/div><div class=\"clima-titulo-uai118\">Inverno<\/div><\/div>\n        <div class=\"clima-body-uai118\">\n            <time class=\"clima-mes-uai118\">Junho a agosto<\/time><div class=\"clima-temp-uai118\">9\u00b0C a 21\u00b0C<\/div>\n            <div class=\"clima-desc-uai118\">A melhor \u00e9poca! Friburgo ferve de visitantes para aproveitar o tempo seco no delicioso <strong>Festival de Inverno e as feiras de queijos<\/strong>.<\/div>\n            <div class=\"clima-pill-uai118\"><span>\u2b50 Alta Temporada \/ Festival<\/span><\/div>\n        <\/div>\n    <\/div>\n    <div class=\"clima-card-uai118\" tabindex=\"0\">\n        <div class=\"clima-header-uai118\"><div class=\"clima-emoji-uai118\" aria-hidden=\"true\">\ud83c\udf7b<\/div><div class=\"clima-titulo-uai118\">Primavera<\/div><\/div>\n        <div class=\"clima-body-uai118\">\n            <time class=\"clima-mes-uai118\">Setembro a novembro<\/time><div class=\"clima-temp-uai118\">12\u00b0C a 24\u00b0C<\/div>\n            <div class=\"clima-desc-uai118\">O clima volta a esquentar na serra com precipita\u00e7\u00f5es na m\u00e9dia. Excelente janela para visitar <strong>S\u00e3o Pedro da Serra e as tradicionais cervejarias<\/strong>.<\/div>\n            <div class=\"clima-pill-uai118\"><span>\u2601\ufe0f Chuva M\u00e9dia<\/span><\/div>\n        <\/div>\n    <\/div>\n<\/div>\n\n\n\n<p><em>Temperaturas aproximadas com base no <a href=\"https:\/\/www.climatempo.com.br\/previsao-do-tempo\/cidade\/314\/novafriburgo-rj\" target=\"_blank\" rel=\"noreferrer noopener\"><strong>Climatempo<\/strong><\/a>. Condi\u00e7\u00f5es podem variar.<\/em><\/p>\n\n\n\n<h2 class=\"wp-block-heading\">Como chegar em Nova Friburgo?<\/h2>\n\n\n\n<p>O acesso principal \u00e9 pela rodovia BR-116 (R\u00e9gis Bittencourt) e pela RJ-116, em uma viagem de cerca de duas horas e meia a partir da capital fluminense. A cidade fica a 142 km do centro do <strong>Rio de Janeiro<\/strong>, segundo a Prefeitura Municipal.<\/p>\n\n\n\n<p>De \u00f4nibus, h\u00e1 linhas regulares que partem da Rodovi\u00e1ria Novo Rio com v\u00e1rias frequ\u00eancias di\u00e1rias. Quem chega de avi\u00e3o costuma desembarcar no <strong>Aeroporto Internacional Tom Jobim (Gale\u00e3o)<\/strong>, a aproximadamente 130 km do centro de Friburgo.<\/p>\n\n\n\n<h2 class=\"wp-block-heading\">Conhe\u00e7a a Su\u00ed\u00e7a brasileira<\/h2>\n\n\n\n<p>Pouca gente sabe que a primeira col\u00f4nia europeia organizada do <strong>Brasil<\/strong> nasceu na serra fluminense, com clima de 18,7\u00b0C e arquitetura ainda inspirada nos Alpes. <strong>Nova Friburgo<\/strong> guarda essa heran\u00e7a nos sobrenomes, nas queijarias artesanais e nas trutas servidas frescas em restaurantes de pedra.<\/p>\n\n\n\n<p>Voc\u00ea precisa subir a serra e descobrir por que essa cidade ainda mant\u00e9m ritmo europeu a duas horas e meia da praia mais movimentada do pa\u00eds.<\/p>\n","protected":false},"excerpt":{"rendered":"<p>Em 16 de maio de 1818, um decreto de D. Jo\u00e3o VI autorizou a vinda de 100 fam\u00edlias do Cant\u00e3o de Friburgo, na Su\u00ed\u00e7a, para uma fazenda na serra fluminense. Nasceu ali Nova Friburgo, a primeira empresa colonial contratada pelo governo portugu\u00eas em terras brasileiras. Por que Nova Friburgo \u00e9 chamada de Su\u00ed\u00e7a brasileira? O [&hellip;]<\/p>\n","protected":false},"author":14,"featured_media":128084,"comment_status":"open","ping_status":"open","sticky":false,"template":"","format":"standard","meta":{"jnews-multi-image_gallery":[],"jnews_single_post":{"format":"standard"},"jnews_primary_category":[],"jnews_social_meta":[],"jnews_override_counter":[],"footnotes":""},"categories":[210],"tags":[234,3176,346],"class_list":["post-127707","post","type-post","status-publish","format-standard","has-post-thumbnail","hentry","category-cidades","tag-cidades","tag-nova-friburgo","tag-rio-de-janeiro"],"yoast_head":"<!-- This site is optimized with the Yoast SEO plugin v26.5 - https:\/\/yoast.com\/wordpress\/plugins\/seo\/ -->\n<title>1.617 su\u00ed\u00e7os cruzaram o Atl\u00e2ntico em 1819 e fundaram a primeira col\u00f4nia europeia organizada do Brasil a 846 metros de altitude - UAI Not\u00edcias<\/title>\n<meta name=\"description\" content=\"Conhe\u00e7a o destino na serra fundado por su\u00ed\u00e7os em 1819. A 846m de altitude, \u00e9 a primeira col\u00f4nia organizada do Brasil. Veja detalhes.\" \/>\n<meta name=\"robots\" content=\"index, follow, max-snippet:-1, max-image-preview:large, max-video-preview:-1\" \/>\n<link rel=\"canonical\" href=\"https:\/\/www.uai.com.br\/uainoticias\/2026\/04\/29\/1-617-suicos-cruzaram-o-atlantico-em-1819-e-fundaram-a-primeira-colonia-europeia-organizada-do-brasil-a-846-metros-de-altitude\/\" \/>\n<meta property=\"og:locale\" content=\"pt_BR\" \/>\n<meta property=\"og:type\" content=\"article\" \/>\n<meta property=\"og:title\" content=\"1.617 su\u00ed\u00e7os cruzaram o Atl\u00e2ntico em 1819 e fundaram a primeira col\u00f4nia europeia organizada do Brasil a 846 metros de altitude - UAI Not\u00edcias\" \/>\n<meta property=\"og:description\" content=\"Conhe\u00e7a o destino na serra fundado por su\u00ed\u00e7os em 1819. A 846m de altitude, \u00e9 a primeira col\u00f4nia organizada do Brasil. Veja detalhes.\" \/>\n<meta property=\"og:url\" content=\"https:\/\/www.uai.com.br\/uainoticias\/2026\/04\/29\/1-617-suicos-cruzaram-o-atlantico-em-1819-e-fundaram-a-primeira-colonia-europeia-organizada-do-brasil-a-846-metros-de-altitude\/\" \/>\n<meta property=\"og:site_name\" content=\"UAI Not\u00edcias\" \/>\n<meta property=\"article:published_time\" content=\"2026-04-29T23:25:00+00:00\" \/>\n<meta property=\"og:image\" content=\"https:\/\/www.uai.com.br\/uainoticias\/wp-content\/uploads\/2026\/04\/Woman_at_scenic_202604280639.jpg\" \/>\n\t<meta property=\"og:image:width\" content=\"1280\" \/>\n\t<meta property=\"og:image:height\" content=\"720\" \/>\n\t<meta property=\"og:image:type\" content=\"image\/jpeg\" \/>\n<meta name=\"author\" content=\"Vitor Bruno\" \/>\n<meta name=\"twitter:card\" content=\"summary_large_image\" \/>\n<meta name=\"twitter:label1\" content=\"Escrito por\" \/>\n\t<meta name=\"twitter:data1\" content=\"Vitor Bruno\" \/>\n\t<meta name=\"twitter:label2\" content=\"Est. tempo de leitura\" \/>\n\t<meta name=\"twitter:data2\" content=\"6 minutos\" \/>\n<!-- \/ Yoast SEO plugin. -->","yoast_head_json":{"title":"1.617 su\u00ed\u00e7os cruzaram o Atl\u00e2ntico em 1819 e fundaram a primeira col\u00f4nia europeia organizada do Brasil a 846 metros de altitude - UAI Not\u00edcias","description":"Conhe\u00e7a o destino na serra fundado por su\u00ed\u00e7os em 1819. A 846m de altitude, \u00e9 a primeira col\u00f4nia organizada do Brasil. Veja detalhes.","robots":{"index":"index","follow":"follow","max-snippet":"max-snippet:-1","max-image-preview":"max-image-preview:large","max-video-preview":"max-video-preview:-1"},"canonical":"https:\/\/www.uai.com.br\/uainoticias\/2026\/04\/29\/1-617-suicos-cruzaram-o-atlantico-em-1819-e-fundaram-a-primeira-colonia-europeia-organizada-do-brasil-a-846-metros-de-altitude\/","og_locale":"pt_BR","og_type":"article","og_title":"1.617 su\u00ed\u00e7os cruzaram o Atl\u00e2ntico em 1819 e fundaram a primeira col\u00f4nia europeia organizada do Brasil a 846 metros de altitude - UAI Not\u00edcias","og_description":"Conhe\u00e7a o destino na serra fundado por su\u00ed\u00e7os em 1819. A 846m de altitude, \u00e9 a primeira col\u00f4nia organizada do Brasil. Veja detalhes.","og_url":"https:\/\/www.uai.com.br\/uainoticias\/2026\/04\/29\/1-617-suicos-cruzaram-o-atlantico-em-1819-e-fundaram-a-primeira-colonia-europeia-organizada-do-brasil-a-846-metros-de-altitude\/","og_site_name":"UAI Not\u00edcias","article_published_time":"2026-04-29T23:25:00+00:00","og_image":[{"width":1280,"height":720,"url":"https:\/\/www.uai.com.br\/uainoticias\/wp-content\/uploads\/2026\/04\/Woman_at_scenic_202604280639.jpg","type":"image\/jpeg"}],"author":"Vitor Bruno","twitter_card":"summary_large_image","twitter_misc":{"Escrito por":"Vitor Bruno","Est. tempo de leitura":"6 minutos"},"schema":{"@context":"https:\/\/schema.org","@graph":[{"@type":"WebPage","@id":"https:\/\/www.uai.com.br\/uainoticias\/2026\/04\/29\/1-617-suicos-cruzaram-o-atlantico-em-1819-e-fundaram-a-primeira-colonia-europeia-organizada-do-brasil-a-846-metros-de-altitude\/","url":"https:\/\/www.uai.com.br\/uainoticias\/2026\/04\/29\/1-617-suicos-cruzaram-o-atlantico-em-1819-e-fundaram-a-primeira-colonia-europeia-organizada-do-brasil-a-846-metros-de-altitude\/","name":"1.617 su\u00ed\u00e7os cruzaram o Atl\u00e2ntico em 1819 e fundaram a primeira col\u00f4nia europeia organizada do Brasil a 846 metros de altitude - UAI Not\u00edcias","isPartOf":{"@id":"https:\/\/www.uai.com.br\/uainoticias\/#website"},"primaryImageOfPage":{"@id":"https:\/\/www.uai.com.br\/uainoticias\/2026\/04\/29\/1-617-suicos-cruzaram-o-atlantico-em-1819-e-fundaram-a-primeira-colonia-europeia-organizada-do-brasil-a-846-metros-de-altitude\/#primaryimage"},"image":{"@id":"https:\/\/www.uai.com.br\/uainoticias\/2026\/04\/29\/1-617-suicos-cruzaram-o-atlantico-em-1819-e-fundaram-a-primeira-colonia-europeia-organizada-do-brasil-a-846-metros-de-altitude\/#primaryimage"},"thumbnailUrl":"https:\/\/www.uai.com.br\/uainoticias\/wp-content\/uploads\/2026\/04\/Woman_at_scenic_202604280639.jpg","datePublished":"2026-04-29T23:25:00+00:00","author":{"@id":"https:\/\/www.uai.com.br\/uainoticias\/#\/schema\/person\/03130d752d0ce4e3bb0f607f1bc85084"},"description":"Conhe\u00e7a o destino na serra fundado por su\u00ed\u00e7os em 1819. A 846m de altitude, \u00e9 a primeira col\u00f4nia organizada do Brasil. Veja detalhes.","breadcrumb":{"@id":"https:\/\/www.uai.com.br\/uainoticias\/2026\/04\/29\/1-617-suicos-cruzaram-o-atlantico-em-1819-e-fundaram-a-primeira-colonia-europeia-organizada-do-brasil-a-846-metros-de-altitude\/#breadcrumb"},"inLanguage":"pt-BR","potentialAction":[{"@type":"ReadAction","target":["https:\/\/www.uai.com.br\/uainoticias\/2026\/04\/29\/1-617-suicos-cruzaram-o-atlantico-em-1819-e-fundaram-a-primeira-colonia-europeia-organizada-do-brasil-a-846-metros-de-altitude\/"]}]},{"@type":"ImageObject","inLanguage":"pt-BR","@id":"https:\/\/www.uai.com.br\/uainoticias\/2026\/04\/29\/1-617-suicos-cruzaram-o-atlantico-em-1819-e-fundaram-a-primeira-colonia-europeia-organizada-do-brasil-a-846-metros-de-altitude\/#primaryimage","url":"https:\/\/www.uai.com.br\/uainoticias\/wp-content\/uploads\/2026\/04\/Woman_at_scenic_202604280639.jpg","contentUrl":"https:\/\/www.uai.com.br\/uainoticias\/wp-content\/uploads\/2026\/04\/Woman_at_scenic_202604280639.jpg","width":1280,"height":720,"caption":"1.617 su\u00ed\u00e7os cruzaram o Atl\u00e2ntico em 1819 e fundaram a primeira col\u00f4nia europeia organizada do Brasil a 846 metros de altitude \/\/ IMAGEM ILUSTRATIVA"},{"@type":"BreadcrumbList","@id":"https:\/\/www.uai.com.br\/uainoticias\/2026\/04\/29\/1-617-suicos-cruzaram-o-atlantico-em-1819-e-fundaram-a-primeira-colonia-europeia-organizada-do-brasil-a-846-metros-de-altitude\/#breadcrumb","itemListElement":[{"@type":"ListItem","position":1,"name":"In\u00edcio","item":"https:\/\/www.uai.com.br\/uainoticias\/"},{"@type":"ListItem","position":2,"name":"1.617 su\u00ed\u00e7os cruzaram o Atl\u00e2ntico em 1819 e fundaram a primeira col\u00f4nia europeia organizada do Brasil a 846 metros de altitude"}]},{"@type":"WebSite","@id":"https:\/\/www.uai.com.br\/uainoticias\/#website","url":"https:\/\/www.uai.com.br\/uainoticias\/","name":"UAI Not\u00edcias","description":"Acompanhe as \u00faltimas not\u00edcias e fique bem informado sobre tudo o que acontece no Brasil e no mundo.","potentialAction":[{"@type":"SearchAction","target":{"@type":"EntryPoint","urlTemplate":"https:\/\/www.uai.com.br\/uainoticias\/?s={search_term_string}"},"query-input":{"@type":"PropertyValueSpecification","valueRequired":true,"valueName":"search_term_string"}}],"inLanguage":"pt-BR"},{"@type":"Person","@id":"https:\/\/www.uai.com.br\/uainoticias\/#\/schema\/person\/03130d752d0ce4e3bb0f607f1bc85084","name":"Vitor Bruno","image":{"@type":"ImageObject","inLanguage":"pt-BR","@id":"https:\/\/www.uai.com.br\/uainoticias\/#\/schema\/person\/image\/","url":"https:\/\/secure.gravatar.com\/avatar\/ab0513148053bbb80c117cdd35f8a0f2742d41eebbac321acf8df2e633d81609?s=96&d=mm&r=g","contentUrl":"https:\/\/secure.gravatar.com\/avatar\/ab0513148053bbb80c117cdd35f8a0f2742d41eebbac321acf8df2e633d81609?s=96&d=mm&r=g","caption":"Vitor Bruno"},"sameAs":["https:\/\/www.uai.com.br\/uainoticias\/"],"url":"https:\/\/www.uai.com.br\/uainoticias\/author\/vitor\/"}]}},"_links":{"self":[{"href":"https:\/\/www.uai.com.br\/uainoticias\/wp-json\/wp\/v2\/posts\/127707","targetHints":{"allow":["GET"]}}],"collection":[{"href":"https:\/\/www.uai.com.br\/uainoticias\/wp-json\/wp\/v2\/posts"}],"about":[{"href":"https:\/\/www.uai.com.br\/uainoticias\/wp-json\/wp\/v2\/types\/post"}],"author":[{"embeddable":true,"href":"https:\/\/www.uai.com.br\/uainoticias\/wp-json\/wp\/v2\/users\/14"}],"replies":[{"embeddable":true,"href":"https:\/\/www.uai.com.br\/uainoticias\/wp-json\/wp\/v2\/comments?post=127707"}],"version-history":[{"count":7,"href":"https:\/\/www.uai.com.br\/uainoticias\/wp-json\/wp\/v2\/posts\/127707\/revisions"}],"predecessor-version":[{"id":128085,"href":"https:\/\/www.uai.com.br\/uainoticias\/wp-json\/wp\/v2\/posts\/127707\/revisions\/128085"}],"wp:featuredmedia":[{"embeddable":true,"href":"https:\/\/www.uai.com.br\/uainoticias\/wp-json\/wp\/v2\/media\/128084"}],"wp:attachment":[{"href":"https:\/\/www.uai.com.br\/uainoticias\/wp-json\/wp\/v2\/media?parent=127707"}],"wp:term":[{"taxonomy":"category","embeddable":true,"href":"https:\/\/www.uai.com.br\/uainoticias\/wp-json\/wp\/v2\/categories?post=127707"},{"taxonomy":"post_tag","embeddable":true,"href":"https:\/\/www.uai.com.br\/uainoticias\/wp-json\/wp\/v2\/tags?post=127707"}],"curies":[{"name":"wp","href":"https:\/\/api.w.org\/{rel}","templated":true}]}}