{"id":127706,"date":"2026-04-29T17:00:00","date_gmt":"2026-04-29T20:00:00","guid":{"rendered":"https:\/\/www.uai.com.br\/uainoticias\/?p=127706"},"modified":"2026-04-28T06:33:42","modified_gmt":"2026-04-28T09:33:42","slug":"com-2-bilhoes-de-anos-e-2-810-m-de-altitude-a-montanha-que-inspirou-o-mundo-perdido-e-marca-fronteira-do-brasil-com-2-paises","status":"publish","type":"post","link":"https:\/\/www.uai.com.br\/uainoticias\/2026\/04\/29\/com-2-bilhoes-de-anos-e-2-810-m-de-altitude-a-montanha-que-inspirou-o-mundo-perdido-e-marca-fronteira-do-brasil-com-2-paises\/","title":{"rendered":"Com 2 bilh\u00f5es de anos e 2.810 m de altitude: a montanha que inspirou \u201cO Mundo Perdido\u201d e marca fronteira do Brasil com 2 paises"},"content":{"rendered":"\n<p>O <strong>Monte Roraima<\/strong> \u00e9 mais antigo que os dinossauros, mais alto que o <strong>P\u00e3o de A\u00e7\u00facar<\/strong> tr\u00eas vezes seguidas e t\u00e3o isolado em sua mesa de pedra que dezenas de esp\u00e9cies s\u00f3 existem ali. Erguido na fronteira do <strong>Brasil<\/strong> com a <strong>Venezuela<\/strong> e a <strong>Guiana<\/strong>, esse tepui de topo plano inspirou um dos romances de aventura mais famosos do mundo.<\/p>\n\n\n\n<h2 class=\"wp-block-heading\">Uma rocha mais velha que quase tudo na Terra<\/h2>\n\n\n\n<p>O Monte Roraima \u00e9 o maior representante dos tepuis, montanhas tabulares do <strong>Escudo das Guianas<\/strong>. Suas rochas de arenito quartz\u00edtico t\u00eam cerca de 2 bilh\u00f5es de anos, o que coloca a forma\u00e7\u00e3o entre as superf\u00edcies mais antigas ainda expostas no planeta, segundo levantamentos do <a href=\"https:\/\/www.gov.br\/icmbio\/pt-br\/assuntos\/biodiversidade\/unidade-de-conservacao\/unidades-de-biomas\/amazonia\/lista-de-ucs\/parna-do-monte-roraima\" target=\"_blank\" rel=\"noreferrer noopener\"><strong>Instituto Chico Mendes de Conserva\u00e7\u00e3o da Biodiversidade (ICMBio)<\/strong><\/a>.<\/p>\n\n\n\n<p>O processo que esculpiu o tepui levou centenas de milh\u00f5es de anos. A eros\u00e3o lavou as rochas mais fr\u00e1geis ao redor enquanto o n\u00facleo de quartzo do <strong>Roraima<\/strong> resistia, criando paredes verticais que chegam a mil metros de altura. O topo, hoje a 2.810 m de altitude, \u00e9, na pr\u00e1tica, uma rel\u00edquia geol\u00f3gica de uma superf\u00edcie terrestre anterior ao surgimento dos primeiros r\u00e9pteis.<\/p>\n\n\n<div class=\"wp-block-image\">\n<figure class=\"aligncenter size-large\"><img decoding=\"async\" width=\"1024\" height=\"576\" src=\"https:\/\/www.uai.com.br\/uainoticias\/wp-content\/uploads\/2025\/12\/Monte-Roraima_1764788275798-1024x576.jpg\" alt=\"Esse lugar no Brasil tem uma vista t\u00e3o diferente que muita gente acha que est\u00e1 fora do planeta\" class=\"wp-image-92284\" srcset=\"https:\/\/www.uai.com.br\/uainoticias\/wp-content\/uploads\/2025\/12\/Monte-Roraima_1764788275798-1024x576.jpg 1024w, https:\/\/www.uai.com.br\/uainoticias\/wp-content\/uploads\/2025\/12\/Monte-Roraima_1764788275798-300x169.jpg 300w, https:\/\/www.uai.com.br\/uainoticias\/wp-content\/uploads\/2025\/12\/Monte-Roraima_1764788275798-768x432.jpg 768w, https:\/\/www.uai.com.br\/uainoticias\/wp-content\/uploads\/2025\/12\/Monte-Roraima_1764788275798-750x422.jpg 750w, https:\/\/www.uai.com.br\/uainoticias\/wp-content\/uploads\/2025\/12\/Monte-Roraima_1764788275798-1140x641.jpg 1140w, https:\/\/www.uai.com.br\/uainoticias\/wp-content\/uploads\/2025\/12\/Monte-Roraima_1764788275798.jpg 1280w\" sizes=\"(max-width: 1024px) 100vw, 1024px\" \/><figcaption class=\"wp-element-caption\">Monte Roraima \u00e9 o gigante brasileiro que parece outro planeta \/\/ Cr\u00e9ditos: depositphotos.com \/ sunsinger<\/figcaption><\/figure><\/div>\n\n\n<h2 class=\"wp-block-heading\">O ponto onde tr\u00eas pa\u00edses se encontram acima das nuvens<\/h2>\n\n\n\n<p>A divis\u00e3o \u00e9 geograficamente desigual. <a href=\"https:\/\/uc.socioambiental.org\/arp\/594\" target=\"_blank\" rel=\"noreferrer noopener\"><strong>Conforme o Instituto Socioambiental<\/strong><\/a>, 85% do tepui ficam na <strong>Venezuela<\/strong>, 10% na <strong>Guiana<\/strong> e apenas 5% em territ\u00f3rio brasileiro, no munic\u00edpio de <strong>Uiramut\u00e3<\/strong>, no estado de <strong>Roraima<\/strong>.<\/p>\n\n\n\n<p>No plat\u00f4 existe um marco geogr\u00e1fico raro: o <strong>Marco da Tr\u00edplice Fronteira<\/strong>, monumento piramidal cravado na rocha onde os tr\u00eas pa\u00edses se encontram. Em dias de c\u00e9u aberto, \u00e9 poss\u00edvel enxergar territ\u00f3rios da <strong>Guiana<\/strong>, da <strong>Venezuela<\/strong> e do <strong>Brasil<\/strong> ao mesmo tempo, com a vista sempre flutuando acima de uma camada permanente de nuvens.<\/p>\n\n\n<div class=\"wp-block-image\">\n<figure class=\"aligncenter size-large\"><img decoding=\"async\" width=\"1024\" height=\"576\" src=\"https:\/\/www.uai.com.br\/uainoticias\/wp-content\/uploads\/2025\/12\/Monte-Roraima_1764788246756-1024x576.jpg\" alt=\"\" class=\"wp-image-92282\" srcset=\"https:\/\/www.uai.com.br\/uainoticias\/wp-content\/uploads\/2025\/12\/Monte-Roraima_1764788246756-1024x576.jpg 1024w, https:\/\/www.uai.com.br\/uainoticias\/wp-content\/uploads\/2025\/12\/Monte-Roraima_1764788246756-300x169.jpg 300w, https:\/\/www.uai.com.br\/uainoticias\/wp-content\/uploads\/2025\/12\/Monte-Roraima_1764788246756-768x432.jpg 768w, https:\/\/www.uai.com.br\/uainoticias\/wp-content\/uploads\/2025\/12\/Monte-Roraima_1764788246756-750x422.jpg 750w, https:\/\/www.uai.com.br\/uainoticias\/wp-content\/uploads\/2025\/12\/Monte-Roraima_1764788246756-1140x641.jpg 1140w, https:\/\/www.uai.com.br\/uainoticias\/wp-content\/uploads\/2025\/12\/Monte-Roraima_1764788246756.jpg 1280w\" sizes=\"(max-width: 1024px) 100vw, 1024px\" \/><figcaption class=\"wp-element-caption\">Monte Roraima impressiona com paisagens que lembram outro mundo \/\/ Cr\u00e9ditos: depositphotos.com \/ Curioso_Travel_Photography<\/figcaption><\/figure><\/div>\n\n\n<p><strong>Leia tamb\u00e9m: <a href=\"https:\/\/www.uai.com.br\/uainoticias\/2026\/04\/25\/essa-cidade-nordestina-esta-em-alta-447-mais-estrangeiros-escolheram-esse-paraiso-de-mar-morno-e-brisa-perfeita\/\" target=\"_blank\" rel=\"noreferrer noopener\">Essa cidade nordestina est\u00e1 em alta: 44,7% mais estrangeiros escolheram esse para\u00edso de mar morno e brisa perfeita<\/a><\/strong><\/p>\n\n\n\n<h2 class=\"wp-block-heading\">O Mundo Perdido que existiu antes do romance<\/h2>\n\n\n\n<p>O nome liter\u00e1rio veio do escritor brit\u00e2nico <strong>Arthur Conan Doyle<\/strong>, que em 1912 publicou o romance The Lost World, sobre uma expedi\u00e7\u00e3o que encontra dinossauros vivos no topo de uma montanha sul-americana. A inspira\u00e7\u00e3o nasceu dos relatos do bot\u00e2nico ingl\u00eas <strong>Everard Im Thurn<\/strong>, que liderou a primeira escalada documentada ao cume em dezembro de 1884.<\/p>\n\n\n\n<p>Ao chegar ao topo, Im Thurn encontrou um cen\u00e1rio que parecia mesmo de outro mundo. Rochas negras esculpidas pelo vento em formas que lembram esculturas, cavernas com cristais de quartzo e plantas que jamais haviam sido catalogadas pela ci\u00eancia. Os relatos foram publicados pela <strong>Royal Geographical Society<\/strong> e pela <strong>National Geographic<\/strong>, alimentando a febre por expedi\u00e7\u00f5es cient\u00edficas que dura at\u00e9 hoje.<\/p>\n\n\n\n<p>Quem sonha em conhecer o <strong>Monte Roraima<\/strong>, vai curtir esse v\u00eddeo especialmente selecionado do canal <strong>Rol\u00ea Fam\u00edlia<\/strong>, que conta com mais de <strong>1,5 milh\u00e3o<\/strong> de visualiza\u00e7\u00f5es, onde <strong>Bruno e Paula<\/strong> mostram uma expedi\u00e7\u00e3o completa por um dos lugares mais antigos e incr\u00edveis do mundo:<\/p>\n\n\n\n<figure class=\"wp-block-embed is-type-video is-provider-youtube wp-block-embed-youtube wp-embed-aspect-16-9 wp-has-aspect-ratio\"><div class=\"wp-block-embed__wrapper\">\n<div class=\"jeg_video_container jeg_video_content\"><iframe loading=\"lazy\" title=\"Por que o MONTE RORAIMA \u00e9 um dos lugares mais incr\u00edveis do mundo? | Document\u00e1rio\" width=\"500\" height=\"281\" src=\"https:\/\/www.youtube.com\/embed\/E9tWR_3DDL0?feature=oembed\" frameborder=\"0\" allow=\"accelerometer; autoplay; clipboard-write; encrypted-media; gyroscope; picture-in-picture; web-share\" referrerpolicy=\"strict-origin-when-cross-origin\" allowfullscreen><\/iframe><\/div>\n<\/div><\/figure>\n\n\n\n<h2 class=\"wp-block-heading\">Esp\u00e9cies que s\u00f3 existem ali<\/h2>\n\n\n\n<p>O isolamento das paredes verticais transformou o plat\u00f4 do <strong>Roraima<\/strong> no que bi\u00f3logos chamam de ilha no c\u00e9u. A vida no topo evoluiu de forma independente da floresta tropical da base, dando origem a esp\u00e9cies que n\u00e3o existem em nenhum outro lugar.<\/p>\n\n\n\n<p>Entre as end\u00eamicas mais conhecidas est\u00e1 a <strong>Heliamphora<\/strong>, planta carn\u00edvora em formato de jarro que captura insetos para suprir a falta de nutrientes do solo de quartzo. Pequenos sapos pretos que n\u00e3o saltam, l\u00edquens raros e orqu\u00eddeas miniatura completam o ecossistema. <a href=\"https:\/\/en.wikipedia.org\/wiki\/Mount_Roraima\" target=\"_blank\" rel=\"noreferrer noopener\"><strong>De acordo com registros geol\u00f3gicos<\/strong><\/a>, a temperatura no plat\u00f4 gira entre 20 \u00b0C e 22 \u00b0C ao longo do ano, mas pode despencar a 2 \u00b0C nas noites mais frias.<\/p>\n\n\n\n<h2 class=\"wp-block-heading\">A casa de Makunaima na cosmovis\u00e3o ind\u00edgena<\/h2>\n\n\n\n<p>Muito antes de virar fen\u00f4meno liter\u00e1rio, o <strong>Roraima<\/strong> j\u00e1 era central na vida espiritual dos povos da regi\u00e3o. <a href=\"https:\/\/uc.socioambiental.org\/arp\/594\" target=\"_blank\" rel=\"noreferrer noopener\"><strong>Segundo o Instituto Socioambiental<\/strong><\/a>, os <strong>Pem\u00f3n<\/strong> da Venezuela e os <strong>Ingarik\u00f3<\/strong> e <strong>Macuxi<\/strong> do Brasil chamam o tepui de Casa de Makunaima e de M\u00e3e de Todas as \u00c1guas.<\/p>\n\n\n\n<p>A lenda conta que <strong>Makunaima<\/strong>, her\u00f3i criador, derrubou a Wazak\u00e1, a \u00e1rvore do mundo, cujos galhos sustentavam todas as frutas existentes. O tronco ca\u00eddo transformou-se na montanha de pedra, e dos galhos brotaram os rios. A explica\u00e7\u00e3o m\u00edtica conversa com a ci\u00eancia: as nascentes do <strong>Rio Cotingo<\/strong>, do <strong>Rio Ma\u00fa<\/strong> e do <strong>Rio Uailan<\/strong> realmente brotam aos p\u00e9s do tepui, alimentando depois a bacia do <strong>Rio Branco<\/strong>.<\/p>\n\n\n\n<h2 class=\"wp-block-heading\">O parque que tem dupla fun\u00e7\u00e3o<\/h2>\n\n\n\n<p>O <strong>Parque Nacional do Monte Roraima<\/strong> foi criado pelo Decreto 97.887, de 28 de junho de 1989, com 116.747 hectares no extremo norte do estado de <strong>Roraima<\/strong>. <a href=\"https:\/\/www.gov.br\/icmbio\/pt-br\/assuntos\/biodiversidade\/unidade-de-conservacao\/unidades-de-biomas\/amazonia\/lista-de-ucs\/parna-do-monte-roraima\" target=\"_blank\" rel=\"noreferrer noopener\"><strong>Conforme o ICMBio<\/strong><\/a>, a sede fica em <strong>Pacaraima<\/strong>, na <strong>BR-174<\/strong>.<\/p>\n\n\n\n<p>O parque \u00e9 um dos poucos do <strong>Brasil<\/strong> com regime de dupla afeta\u00e7\u00e3o, institu\u00eddo pelo decreto de 15 de abril de 2005. Ele coexiste com a <strong>Terra Ind\u00edgena Raposa Serra do Sol<\/strong>, e a gest\u00e3o \u00e9 compartilhada entre o <strong>ICMBio<\/strong>, a <strong>Funda\u00e7\u00e3o Nacional do \u00cdndio (FUNAI)<\/strong> e a comunidade <strong>Ingarik\u00f3<\/strong>. Por isso, o acesso ao Monte Roraima pelo territ\u00f3rio brasileiro \u00e9 restrito e depende de autoriza\u00e7\u00e3o especial.<\/p>\n\n\n<div class=\"wp-block-image\">\n<figure class=\"aligncenter size-large\"><img decoding=\"async\" width=\"1024\" height=\"576\" src=\"https:\/\/www.uai.com.br\/uainoticias\/wp-content\/uploads\/2025\/12\/Monte-Roraima_1764788301207-1024x576.jpg\" alt=\"\" class=\"wp-image-92285\" srcset=\"https:\/\/www.uai.com.br\/uainoticias\/wp-content\/uploads\/2025\/12\/Monte-Roraima_1764788301207-1024x576.jpg 1024w, https:\/\/www.uai.com.br\/uainoticias\/wp-content\/uploads\/2025\/12\/Monte-Roraima_1764788301207-300x169.jpg 300w, https:\/\/www.uai.com.br\/uainoticias\/wp-content\/uploads\/2025\/12\/Monte-Roraima_1764788301207-768x432.jpg 768w, https:\/\/www.uai.com.br\/uainoticias\/wp-content\/uploads\/2025\/12\/Monte-Roraima_1764788301207-750x422.jpg 750w, https:\/\/www.uai.com.br\/uainoticias\/wp-content\/uploads\/2025\/12\/Monte-Roraima_1764788301207-1140x641.jpg 1140w, https:\/\/www.uai.com.br\/uainoticias\/wp-content\/uploads\/2025\/12\/Monte-Roraima_1764788301207.jpg 1280w\" sizes=\"(max-width: 1024px) 100vw, 1024px\" \/><figcaption class=\"wp-element-caption\">Monte Roraima surpreende com forma\u00e7\u00f5es que parecem de outro mundo \/\/ Cr\u00e9ditos: depositphotos.com \/ MaRabelo<\/figcaption><\/figure><\/div>\n\n\n<h2 class=\"wp-block-heading\">O caminho real at\u00e9 o topo passa pela Venezuela<\/h2>\n\n\n\n<p>Apesar de o tepui marcar a fronteira com o Brasil, todas as expedi\u00e7\u00f5es tur\u00edsticas comerciais saem do lado venezuelano, pela aldeia <strong>Pem\u00f3n<\/strong> de <strong>Paraitepuy<\/strong>. A travessia leva entre 6 e 8 dias e cobre cerca de 95 km entre savana, rios e a subida pela \u00fanica rampa natural que vence as paredes verticais.<\/p>\n\n\n\n<p>Quem segue do <strong>Brasil<\/strong> normalmente desembarca no <strong>Aeroporto Internacional de Boa Vista<\/strong> e percorre 213 km pela <strong>BR-174<\/strong> at\u00e9 <strong>Pacaraima<\/strong>, onde se faz a travessia da fronteira. De l\u00e1, a base de ag\u00eancias fica em <strong>Santa Elena de Uair\u00e9n<\/strong>, na Venezuela, antes do trajeto em ve\u00edculos 4&#215;4 at\u00e9 o in\u00edcio da trilha. O passaporte e a vacina contra febre amarela s\u00e3o obrigat\u00f3rios.<\/p>\n\n\n\n<h2 class=\"wp-block-heading\">Quando o c\u00e9u se abre na cordilheira de Pacaraima<\/h2>\n\n\n\n<p>O microclima do tepui \u00e9 trai\u00e7oeiro. Na base, faz calor amaz\u00f4nico; no topo, a 2.810 m, a temperatura pode despencar e a chuva cair quase todos os dias, mesmo na esta\u00e7\u00e3o seca. O per\u00edodo de menor chance de tempestades \u00e9 o que garante boas travessias:<\/p>\n\n\n\n<style>\n    .clima-grid-uai117 { \n        --cor-primaria: #0278c0; --cor-secundaria: #ffd31a; --cor-txt-secundaria: #0278c0;\n        display: grid; grid-template-columns: repeat(auto-fit, minmax(190px, 1fr)); gap: 15px; justify-content: center; padding: 10px;\n    }\n    .clima-card-uai117 { border: 5px solid var(--cor-primaria); border-top: 5px solid var(--cor-secundaria); border-radius: 12px; background-color: var(--cor-primaria); background-clip: padding-box; display: flex; flex-direction: column; overflow: hidden; cursor: pointer; box-shadow: 0 6px 12px rgba(0,0,0, 0.2); transition: transform 0.2s ease, box-shadow 0.2s ease; -webkit-tap-highlight-color: transparent; user-select: none; transform: translateZ(0); animation: wmFadeIn 0.6s cubic-bezier(0.2, 0.8, 0.2, 1) backwards; }\n    .clima-card-uai117:focus-visible { outline: 3px dashed var(--cor-secundaria); outline-offset: 4px; }\n    .clima-card-uai117:nth-child(1) { animation-delay: 0.1s; } .clima-card-uai117:nth-child(2) { animation-delay: 0.2s; } .clima-card-uai117:nth-child(3) { animation-delay: 0.3s; } .clima-card-uai117:nth-child(4) { animation-delay: 0.4s; }\n    @keyframes wmFadeIn { from { opacity: 0; transform: translateY(30px); } to { opacity: 1; transform: translateY(0); } }\n    .clima-card-uai117:hover { transform: translateY(-5px); box-shadow: 0 15px 30px rgba(0,0,0, 0.3); }\n    .clima-card-uai117:active { transform: translateY(-1px) scale(0.97); box-shadow: 0 3px 6px rgba(0,0,0, 0.2); transition: transform 0.05s ease, box-shadow 0.05s ease; }\n    .clima-header-uai117 { background: #fdfbf5; padding: 15px 10px; text-align: center; display: flex; flex-direction: column; align-items: center; justify-content: center; }\n    .clima-body-uai117 { background: #ffffff; padding: 15px; display: flex; flex-direction: column; flex-grow: 1; align-items: center; }\n    .clima-destaque-uai117 { box-shadow: 0 8px 16px rgba(0,0,0, 0.25); }\n    .clima-destaque-uai117:hover { box-shadow: 0 18px 36px rgba(0,0,0, 0.35); }\n    .clima-destaque-uai117 .clima-header-uai117 { background: var(--cor-secundaria); }\n    .clima-destaque-uai117 .clima-header-uai117 .clima-titulo-uai117 { color: var(--cor-txt-secundaria) !important; } \n    .clima-pill-uai117 { display: flex; white-space: normal; max-width: 100%; box-sizing: border-box; justify-content: center; align-items: center; text-align: center; background: #e6f2fa; color: var(--cor-primaria); font-size: 11px; font-weight: 900 !important; letter-spacing: 0.5px; padding: 8px 16px; border-radius: 16px; text-transform: uppercase; line-height: 1.4; box-shadow: 0 4px 8px rgba(0,0,0, 0.15); margin-top: auto; transition: transform 0.2s ease; }\n    .clima-destaque-uai117 .clima-pill-uai117 { background: var(--cor-primaria); color: #ffffff; border: 1px solid #ffffff; } \n    .clima-card-uai117:hover .clima-pill-uai117 { transform: scale(1.06); }\n    .clima-pill-uai117 span { font-weight: 900 !important; color: inherit; } \n    .clima-emoji-uai117 { font-size: 24px; line-height: 1; margin-bottom: 5px; }\n    .clima-titulo-uai117 { color: var(--cor-primaria); font-size: 16px; text-transform: uppercase; margin-top: 5px; font-weight: bold; }\n    .clima-mes-uai117 { font-size: 11px; font-weight: 800; color: var(--cor-primaria); text-transform: uppercase; margin-bottom: 5px; display: block; }\n    .clima-temp-uai117 { font-size: 26px; font-weight: 900; color: var(--cor-primaria); margin-bottom: 10px; }\n    .clima-desc-uai117 { font-size: 13px; color: #444; text-align: center; line-height: 1.5; margin-bottom: 15px; flex-grow: 1;}\n    .clima-desc-uai117 strong { color: #111; }\n    @media (prefers-color-scheme: dark) {\n        .clima-card-uai117 { border-color: #014f7d; background-color: #014f7d; box-shadow: 0 6px 12px rgba(0,0,0, 0.5); }\n        .clima-header-uai117 { background: #1a1a1a; } .clima-body-uai117 { background: #121212; }\n        .clima-destaque-uai117 .clima-header-uai117 { background: var(--cor-secundaria); }\n        .clima-destaque-uai117 .clima-header-uai117 .clima-titulo-uai117 { color: var(--cor-txt-secundaria) !important; }\n        .clima-titulo-uai117 { color: #63b2e8; } .clima-mes-uai117 { color: #63b2e8; } .clima-temp-uai117 { color: #63b2e8; } .clima-desc-uai117 { color: #cccccc; } .clima-desc-uai117 strong { color: #ffffff; }\n        .clima-pill-uai117 { background: #014f7d; color: #ffffff; box-shadow: 0 4px 8px rgba(0, 0, 0, 0.5); }\n        .clima-destaque-uai117 .clima-pill-uai117 { background: #013859; color: #ffffff; border-color: #63b2e8; }\n    }\n<\/style>\n<div class=\"google-auto-ads-ignore clima-grid-uai117\" style=\"box-sizing: border-box; width: 100%; max-width: 980px; margin: 30px auto; font-family: 'Segoe UI', Roboto, Helvetica, Arial, sans-serif;\">\n    <div class=\"clima-card-uai117 clima-destaque-uai117\" tabindex=\"0\">\n        <div class=\"clima-header-uai117\"><div class=\"clima-emoji-uai117\" aria-hidden=\"true\">\u26f0\ufe0f<\/div><div class=\"clima-titulo-uai117\">Seca<\/div><\/div>\n        <div class=\"clima-body-uai117\">\n            <time class=\"clima-mes-uai117\">Dezembro a mar\u00e7o<\/time><div class=\"clima-temp-uai117\">20\u00b0C a 32\u00b0C (Base)<\/div>\n            <div class=\"clima-desc-uai117\">A melhor \u00e9poca! Com chuvas mais escassas, as condi\u00e7\u00f5es ficam seguras para uma excelente travessia e com os <strong>rios atravess\u00e1veis<\/strong>.<\/div>\n            <div class=\"clima-pill-uai117\"><span>\u2b50 Melhor \u00c9poca \/ Travessia<\/span><\/div>\n        <\/div>\n    <\/div>\n    <div class=\"clima-card-uai117\" tabindex=\"0\">\n        <div class=\"clima-header-uai117\"><div class=\"clima-emoji-uai117\" aria-hidden=\"true\">\ud83e\udd7e<\/div><div class=\"clima-titulo-uai117\">Transi\u00e7\u00e3o<\/div><\/div>\n        <div class=\"clima-body-uai117\">\n            <time class=\"clima-mes-uai117\">Abril a maio<\/time><div class=\"clima-temp-uai117\">20\u00b0C a 30\u00b0C (Base)<\/div>\n            <div class=\"clima-desc-uai117\">A precipita\u00e7\u00e3o come\u00e7a a se fazer mais presente, marcando a volta das chuvas na regi\u00e3o. A <strong>trilha \u00famida<\/strong> exige mais preparo dos aventureiros.<\/div>\n            <div class=\"clima-pill-uai117\"><span>\u2601\ufe0f Chuva M\u00e9dia<\/span><\/div>\n        <\/div>\n    <\/div>\n    <div class=\"clima-card-uai117\" tabindex=\"0\">\n        <div class=\"clima-header-uai117\"><div class=\"clima-emoji-uai117\" aria-hidden=\"true\">\ud83d\udca6<\/div><div class=\"clima-titulo-uai117\">Chuvosa<\/div><\/div>\n        <div class=\"clima-body-uai117\">\n            <time class=\"clima-mes-uai117\">Junho a agosto<\/time><div class=\"clima-temp-uai117\">19\u00b0C a 28\u00b0C (Base)<\/div>\n            <div class=\"clima-desc-uai117\">O per\u00edodo exige extremo cuidado no tepui. Com temporais di\u00e1rios, a condi\u00e7\u00e3o torna os <strong>rios cheios e as travessias mais desafiadoras<\/strong>.<\/div>\n            <div class=\"clima-pill-uai117\"><span>\u2614 Chuva Alta<\/span><\/div>\n        <\/div>\n    <\/div>\n    <div class=\"clima-card-uai117\" tabindex=\"0\">\n        <div class=\"clima-header-uai117\"><div class=\"clima-emoji-uai117\" aria-hidden=\"true\">\ud83c\udf0c<\/div><div class=\"clima-titulo-uai117\">Pr\u00e9-Seca<\/div><\/div>\n        <div class=\"clima-body-uai117\">\n            <time class=\"clima-mes-uai117\">Setembro a novembro<\/time><div class=\"clima-temp-uai117\">20\u00b0C a 30\u00b0C (Base)<\/div>\n            <div class=\"clima-desc-uai117\">O volume de \u00e1gua volta a recuar. O topo ganha uma tr\u00e9gua e recompensa com paisagens estonteantes devido \u00e0 <strong>boa visibilidade<\/strong>.<\/div>\n            <div class=\"clima-pill-uai117\"><span>\u2601\ufe0f Chuva M\u00e9dia<\/span><\/div>\n        <\/div>\n    <\/div>\n<\/div>\n\n\n\n<p><em>Temperaturas aproximadas com base no <a href=\"https:\/\/www.climatempo.com.br\/previsao-do-tempo\/cidade\/5334\/pacaraima-rr\" target=\"_blank\" rel=\"noreferrer noopener\"><strong>Climatempo<\/strong><\/a> de Pacara\u00edma. Condi\u00e7\u00f5es no topo do tepui s\u00e3o significativamente mais frias.<\/em><\/p>\n\n\n\n<p>Mesmo na alta temporada, a noite no plat\u00f4 pode chegar a 2 \u00b0C. Sacos de dormir t\u00e9rmicos e roupas imperme\u00e1veis s\u00e3o considerados essenciais pelos guias ind\u00edgenas que conduzem as expedi\u00e7\u00f5es.<\/p>\n\n\n\n<h2 class=\"wp-block-heading\">V\u00e1 conhecer o plat\u00f4 que existe h\u00e1 mais tempo que a vida complexa<\/h2>\n\n\n\n<p>Subir o <strong>Monte Roraima<\/strong> n\u00e3o \u00e9 passeio. \u00c9 uma travessia que exige f\u00f4lego, respeito e disposi\u00e7\u00e3o para passar dias longe de qualquer sinal de celular. O que se ganha em troca \u00e9 a sensa\u00e7\u00e3o de pisar em um ch\u00e3o mais antigo que quase tudo o que existe sobre a Terra.<\/p>\n\n\n\n<p>Voc\u00ea precisa contemplar pelo menos uma vez na vida o tepui que inspirou Conan Doyle e ainda guarda, l\u00e1 em cima, um peda\u00e7o do mundo perdido que sobreviveu ao tempo.<\/p>\n","protected":false},"excerpt":{"rendered":"<p>O Monte Roraima \u00e9 mais antigo que os dinossauros, mais alto que o P\u00e3o de A\u00e7\u00facar tr\u00eas vezes seguidas e t\u00e3o isolado em sua mesa de pedra que dezenas de esp\u00e9cies s\u00f3 existem ali. Erguido na fronteira do Brasil com a Venezuela e a Guiana, esse tepui de topo plano inspirou um dos romances de [&hellip;]<\/p>\n","protected":false},"author":14,"featured_media":128082,"comment_status":"open","ping_status":"open","sticky":false,"template":"","format":"standard","meta":{"jnews-multi-image_gallery":[],"jnews_single_post":{"format":"standard"},"jnews_primary_category":[],"jnews_social_meta":[],"jnews_override_counter":[],"footnotes":""},"categories":[210],"tags":[234,8749,18618],"class_list":["post-127706","post","type-post","status-publish","format-standard","has-post-thumbnail","hentry","category-cidades","tag-cidades","tag-montanha","tag-monte-roraima"],"yoast_head":"<!-- This site is optimized with the Yoast SEO plugin v26.5 - https:\/\/yoast.com\/wordpress\/plugins\/seo\/ -->\n<title>Com 2 bilh\u00f5es de anos e 2.810 m de altitude: a montanha que inspirou \u201cO Mundo Perdido\u201d e marca fronteira do Brasil com 2 paises - UAI Not\u00edcias<\/title>\n<meta name=\"description\" content=\"Localizado a 2.810 m de altitude, este para\u00edso milenar faz fronteira com Venezuela e Guiana. Veja os mist\u00e9rios dessa montanha sagrada.\" \/>\n<meta name=\"robots\" content=\"index, follow, max-snippet:-1, max-image-preview:large, max-video-preview:-1\" \/>\n<link rel=\"canonical\" href=\"https:\/\/www.uai.com.br\/uainoticias\/2026\/04\/29\/com-2-bilhoes-de-anos-e-2-810-m-de-altitude-a-montanha-que-inspirou-o-mundo-perdido-e-marca-fronteira-do-brasil-com-2-paises\/\" \/>\n<meta property=\"og:locale\" content=\"pt_BR\" \/>\n<meta property=\"og:type\" content=\"article\" \/>\n<meta property=\"og:title\" content=\"Com 2 bilh\u00f5es de anos e 2.810 m de altitude: a montanha que inspirou \u201cO Mundo Perdido\u201d e marca fronteira do Brasil com 2 paises - UAI Not\u00edcias\" \/>\n<meta property=\"og:description\" content=\"Localizado a 2.810 m de altitude, este para\u00edso milenar faz fronteira com Venezuela e Guiana. Veja os mist\u00e9rios dessa montanha sagrada.\" \/>\n<meta property=\"og:url\" content=\"https:\/\/www.uai.com.br\/uainoticias\/2026\/04\/29\/com-2-bilhoes-de-anos-e-2-810-m-de-altitude-a-montanha-que-inspirou-o-mundo-perdido-e-marca-fronteira-do-brasil-com-2-paises\/\" \/>\n<meta property=\"og:site_name\" content=\"UAI Not\u00edcias\" \/>\n<meta property=\"article:published_time\" content=\"2026-04-29T20:00:00+00:00\" \/>\n<meta property=\"og:image\" content=\"https:\/\/www.uai.com.br\/uainoticias\/wp-content\/uploads\/2026\/04\/Woman_near_boundary_202604280632.jpg\" \/>\n\t<meta property=\"og:image:width\" content=\"1280\" \/>\n\t<meta property=\"og:image:height\" content=\"720\" \/>\n\t<meta property=\"og:image:type\" content=\"image\/jpeg\" \/>\n<meta name=\"author\" content=\"Vitor Bruno\" \/>\n<meta name=\"twitter:card\" content=\"summary_large_image\" \/>\n<meta name=\"twitter:label1\" content=\"Escrito por\" \/>\n\t<meta name=\"twitter:data1\" content=\"Vitor Bruno\" \/>\n\t<meta name=\"twitter:label2\" content=\"Est. tempo de leitura\" \/>\n\t<meta name=\"twitter:data2\" content=\"9 minutos\" \/>\n<!-- \/ Yoast SEO plugin. -->","yoast_head_json":{"title":"Com 2 bilh\u00f5es de anos e 2.810 m de altitude: a montanha que inspirou \u201cO Mundo Perdido\u201d e marca fronteira do Brasil com 2 paises - UAI Not\u00edcias","description":"Localizado a 2.810 m de altitude, este para\u00edso milenar faz fronteira com Venezuela e Guiana. Veja os mist\u00e9rios dessa montanha sagrada.","robots":{"index":"index","follow":"follow","max-snippet":"max-snippet:-1","max-image-preview":"max-image-preview:large","max-video-preview":"max-video-preview:-1"},"canonical":"https:\/\/www.uai.com.br\/uainoticias\/2026\/04\/29\/com-2-bilhoes-de-anos-e-2-810-m-de-altitude-a-montanha-que-inspirou-o-mundo-perdido-e-marca-fronteira-do-brasil-com-2-paises\/","og_locale":"pt_BR","og_type":"article","og_title":"Com 2 bilh\u00f5es de anos e 2.810 m de altitude: a montanha que inspirou \u201cO Mundo Perdido\u201d e marca fronteira do Brasil com 2 paises - UAI Not\u00edcias","og_description":"Localizado a 2.810 m de altitude, este para\u00edso milenar faz fronteira com Venezuela e Guiana. Veja os mist\u00e9rios dessa montanha sagrada.","og_url":"https:\/\/www.uai.com.br\/uainoticias\/2026\/04\/29\/com-2-bilhoes-de-anos-e-2-810-m-de-altitude-a-montanha-que-inspirou-o-mundo-perdido-e-marca-fronteira-do-brasil-com-2-paises\/","og_site_name":"UAI Not\u00edcias","article_published_time":"2026-04-29T20:00:00+00:00","og_image":[{"width":1280,"height":720,"url":"https:\/\/www.uai.com.br\/uainoticias\/wp-content\/uploads\/2026\/04\/Woman_near_boundary_202604280632.jpg","type":"image\/jpeg"}],"author":"Vitor Bruno","twitter_card":"summary_large_image","twitter_misc":{"Escrito por":"Vitor Bruno","Est. tempo de leitura":"9 minutos"},"schema":{"@context":"https:\/\/schema.org","@graph":[{"@type":"WebPage","@id":"https:\/\/www.uai.com.br\/uainoticias\/2026\/04\/29\/com-2-bilhoes-de-anos-e-2-810-m-de-altitude-a-montanha-que-inspirou-o-mundo-perdido-e-marca-fronteira-do-brasil-com-2-paises\/","url":"https:\/\/www.uai.com.br\/uainoticias\/2026\/04\/29\/com-2-bilhoes-de-anos-e-2-810-m-de-altitude-a-montanha-que-inspirou-o-mundo-perdido-e-marca-fronteira-do-brasil-com-2-paises\/","name":"Com 2 bilh\u00f5es de anos e 2.810 m de altitude: a montanha que inspirou \u201cO Mundo Perdido\u201d e marca fronteira do Brasil com 2 paises - UAI Not\u00edcias","isPartOf":{"@id":"https:\/\/www.uai.com.br\/uainoticias\/#website"},"primaryImageOfPage":{"@id":"https:\/\/www.uai.com.br\/uainoticias\/2026\/04\/29\/com-2-bilhoes-de-anos-e-2-810-m-de-altitude-a-montanha-que-inspirou-o-mundo-perdido-e-marca-fronteira-do-brasil-com-2-paises\/#primaryimage"},"image":{"@id":"https:\/\/www.uai.com.br\/uainoticias\/2026\/04\/29\/com-2-bilhoes-de-anos-e-2-810-m-de-altitude-a-montanha-que-inspirou-o-mundo-perdido-e-marca-fronteira-do-brasil-com-2-paises\/#primaryimage"},"thumbnailUrl":"https:\/\/www.uai.com.br\/uainoticias\/wp-content\/uploads\/2026\/04\/Woman_near_boundary_202604280632.jpg","datePublished":"2026-04-29T20:00:00+00:00","author":{"@id":"https:\/\/www.uai.com.br\/uainoticias\/#\/schema\/person\/03130d752d0ce4e3bb0f607f1bc85084"},"description":"Localizado a 2.810 m de altitude, este para\u00edso milenar faz fronteira com Venezuela e Guiana. Veja os mist\u00e9rios dessa montanha sagrada.","breadcrumb":{"@id":"https:\/\/www.uai.com.br\/uainoticias\/2026\/04\/29\/com-2-bilhoes-de-anos-e-2-810-m-de-altitude-a-montanha-que-inspirou-o-mundo-perdido-e-marca-fronteira-do-brasil-com-2-paises\/#breadcrumb"},"inLanguage":"pt-BR","potentialAction":[{"@type":"ReadAction","target":["https:\/\/www.uai.com.br\/uainoticias\/2026\/04\/29\/com-2-bilhoes-de-anos-e-2-810-m-de-altitude-a-montanha-que-inspirou-o-mundo-perdido-e-marca-fronteira-do-brasil-com-2-paises\/"]}]},{"@type":"ImageObject","inLanguage":"pt-BR","@id":"https:\/\/www.uai.com.br\/uainoticias\/2026\/04\/29\/com-2-bilhoes-de-anos-e-2-810-m-de-altitude-a-montanha-que-inspirou-o-mundo-perdido-e-marca-fronteira-do-brasil-com-2-paises\/#primaryimage","url":"https:\/\/www.uai.com.br\/uainoticias\/wp-content\/uploads\/2026\/04\/Woman_near_boundary_202604280632.jpg","contentUrl":"https:\/\/www.uai.com.br\/uainoticias\/wp-content\/uploads\/2026\/04\/Woman_near_boundary_202604280632.jpg","width":1280,"height":720,"caption":"Com 2 bilh\u00f5es de anos e 2.810 m de altitude: a montanha que inspirou \u201cO Mundo Perdido\u201d e marca fronteira do Brasil com 2 paises \/\/ IMAGEM ILUSTRATIVA"},{"@type":"BreadcrumbList","@id":"https:\/\/www.uai.com.br\/uainoticias\/2026\/04\/29\/com-2-bilhoes-de-anos-e-2-810-m-de-altitude-a-montanha-que-inspirou-o-mundo-perdido-e-marca-fronteira-do-brasil-com-2-paises\/#breadcrumb","itemListElement":[{"@type":"ListItem","position":1,"name":"In\u00edcio","item":"https:\/\/www.uai.com.br\/uainoticias\/"},{"@type":"ListItem","position":2,"name":"Com 2 bilh\u00f5es de anos e 2.810 m de altitude: a montanha que inspirou \u201cO Mundo Perdido\u201d e marca fronteira do Brasil com 2 paises"}]},{"@type":"WebSite","@id":"https:\/\/www.uai.com.br\/uainoticias\/#website","url":"https:\/\/www.uai.com.br\/uainoticias\/","name":"UAI Not\u00edcias","description":"Acompanhe as \u00faltimas not\u00edcias e fique bem informado sobre tudo o que acontece no Brasil e no mundo.","potentialAction":[{"@type":"SearchAction","target":{"@type":"EntryPoint","urlTemplate":"https:\/\/www.uai.com.br\/uainoticias\/?s={search_term_string}"},"query-input":{"@type":"PropertyValueSpecification","valueRequired":true,"valueName":"search_term_string"}}],"inLanguage":"pt-BR"},{"@type":"Person","@id":"https:\/\/www.uai.com.br\/uainoticias\/#\/schema\/person\/03130d752d0ce4e3bb0f607f1bc85084","name":"Vitor Bruno","image":{"@type":"ImageObject","inLanguage":"pt-BR","@id":"https:\/\/www.uai.com.br\/uainoticias\/#\/schema\/person\/image\/","url":"https:\/\/secure.gravatar.com\/avatar\/ab0513148053bbb80c117cdd35f8a0f2742d41eebbac321acf8df2e633d81609?s=96&d=mm&r=g","contentUrl":"https:\/\/secure.gravatar.com\/avatar\/ab0513148053bbb80c117cdd35f8a0f2742d41eebbac321acf8df2e633d81609?s=96&d=mm&r=g","caption":"Vitor Bruno"},"sameAs":["https:\/\/www.uai.com.br\/uainoticias\/"],"url":"https:\/\/www.uai.com.br\/uainoticias\/author\/vitor\/"}]}},"_links":{"self":[{"href":"https:\/\/www.uai.com.br\/uainoticias\/wp-json\/wp\/v2\/posts\/127706","targetHints":{"allow":["GET"]}}],"collection":[{"href":"https:\/\/www.uai.com.br\/uainoticias\/wp-json\/wp\/v2\/posts"}],"about":[{"href":"https:\/\/www.uai.com.br\/uainoticias\/wp-json\/wp\/v2\/types\/post"}],"author":[{"embeddable":true,"href":"https:\/\/www.uai.com.br\/uainoticias\/wp-json\/wp\/v2\/users\/14"}],"replies":[{"embeddable":true,"href":"https:\/\/www.uai.com.br\/uainoticias\/wp-json\/wp\/v2\/comments?post=127706"}],"version-history":[{"count":7,"href":"https:\/\/www.uai.com.br\/uainoticias\/wp-json\/wp\/v2\/posts\/127706\/revisions"}],"predecessor-version":[{"id":128083,"href":"https:\/\/www.uai.com.br\/uainoticias\/wp-json\/wp\/v2\/posts\/127706\/revisions\/128083"}],"wp:featuredmedia":[{"embeddable":true,"href":"https:\/\/www.uai.com.br\/uainoticias\/wp-json\/wp\/v2\/media\/128082"}],"wp:attachment":[{"href":"https:\/\/www.uai.com.br\/uainoticias\/wp-json\/wp\/v2\/media?parent=127706"}],"wp:term":[{"taxonomy":"category","embeddable":true,"href":"https:\/\/www.uai.com.br\/uainoticias\/wp-json\/wp\/v2\/categories?post=127706"},{"taxonomy":"post_tag","embeddable":true,"href":"https:\/\/www.uai.com.br\/uainoticias\/wp-json\/wp\/v2\/tags?post=127706"}],"curies":[{"name":"wp","href":"https:\/\/api.w.org\/{rel}","templated":true}]}}