{"id":127705,"date":"2026-04-29T16:25:00","date_gmt":"2026-04-29T19:25:00","guid":{"rendered":"https:\/\/www.uai.com.br\/uainoticias\/?p=127705"},"modified":"2026-04-28T06:29:24","modified_gmt":"2026-04-28T09:29:24","slug":"a-cidade-mais-segura-do-brasil-esconde-qualidade-de-vida-europeia-com-120-mil-m%c2%b2-de-mata-no-centro-e-o-maior-parque-de-esculturas-a-ceu-aberto-da-america-do-sul","status":"publish","type":"post","link":"https:\/\/www.uai.com.br\/uainoticias\/2026\/04\/29\/a-cidade-mais-segura-do-brasil-esconde-qualidade-de-vida-europeia-com-120-mil-m%c2%b2-de-mata-no-centro-e-o-maior-parque-de-esculturas-a-ceu-aberto-da-america-do-sul\/","title":{"rendered":"A cidade mais segura do Brasil esconde qualidade de vida europeia com 120 mil m\u00b2 de mata no centro e o maior parque de esculturas a c\u00e9u aberto da Am\u00e9rica do Sul"},"content":{"rendered":"\n<p>No <strong>Vale do Itaja\u00ed<\/strong>, em <strong>Santa Catarina<\/strong>, uma cidade de pouco mais de 150 mil habitantes lidera o ranking nacional de seguran\u00e7a e guarda atra\u00e7\u00f5es de ecoturismo dentro do pr\u00f3prio centro. <strong>Brusque<\/strong> registrou apenas 1,4 homic\u00eddio por 100 mil habitantes em 2025, a menor taxa do pa\u00eds.<\/p>\n\n\n\n<h2 class=\"wp-block-heading\">Por que Brusque foi eleita a cidade mais segura do Brasil?<\/h2>\n\n\n\n<p>O t\u00edtulo veio do <a href=\"https:\/\/myside.com.br\/guia-imoveis\/cidades-mais-seguras-brasil\" target=\"_blank\" rel=\"noreferrer noopener\"><strong>Anu\u00e1rio 2025 Cidades Mais Seguras do Brasil<\/strong><\/a>, indicador exclusivo da plataforma <strong>MySide<\/strong> baseado em dados do <strong>Instituto Brasileiro de Geografia e Estat\u00edstica (IBGE)<\/strong> e do <strong>Minist\u00e9rio da Sa\u00fade<\/strong>.<\/p>\n\n\n\n<p>O salto foi expressivo: em 2024, o munic\u00edpio ocupava a 13\u00aa posi\u00e7\u00e3o com \u00edndice de 4,0, e saltou para o topo em 2025 com 1,4 homic\u00eddio por 100 mil habitantes, quase 16 vezes abaixo da m\u00e9dia brasileira de 23. O p\u00f3dio \u00e9 inteiramente catarinense, com <strong>Jaragu\u00e1 do Sul<\/strong> (2,2) e <strong>Tubar\u00e3o<\/strong> (2,8) completando as tr\u00eas primeiras posi\u00e7\u00f5es.<\/p>\n\n\n<div class=\"wp-block-image\">\n<figure class=\"aligncenter size-large\"><img decoding=\"async\" width=\"1024\" height=\"576\" src=\"https:\/\/www.uai.com.br\/uainoticias\/wp-content\/uploads\/2026\/02\/Brusque1-1024x576.jpg\" alt=\"A cidade mais segura do Brasil fica no Vale Europeu e ompressiona com qualidade de vida excepcional\" class=\"wp-image-113047\" srcset=\"https:\/\/www.uai.com.br\/uainoticias\/wp-content\/uploads\/2026\/02\/Brusque1-1024x576.jpg 1024w, https:\/\/www.uai.com.br\/uainoticias\/wp-content\/uploads\/2026\/02\/Brusque1-300x169.jpg 300w, https:\/\/www.uai.com.br\/uainoticias\/wp-content\/uploads\/2026\/02\/Brusque1-768x432.jpg 768w, https:\/\/www.uai.com.br\/uainoticias\/wp-content\/uploads\/2026\/02\/Brusque1-750x422.jpg 750w, https:\/\/www.uai.com.br\/uainoticias\/wp-content\/uploads\/2026\/02\/Brusque1-1140x641.jpg 1140w, https:\/\/www.uai.com.br\/uainoticias\/wp-content\/uploads\/2026\/02\/Brusque1.jpg 1280w\" sizes=\"(max-width: 1024px) 100vw, 1024px\" \/><figcaption class=\"wp-element-caption\">Brusque, localizada no Vale do Itaja\u00ed, em Santa Catarina \/\/ Cr\u00e9ditos: Wikipedia \/ Wikimedia Commons<\/figcaption><\/figure><\/div>\n\n\n<h2 class=\"wp-block-heading\">Uma floresta de Mata Atl\u00e2ntica dentro do centro<\/h2>\n\n\n\n<p>O principal cart\u00e3o de ecoturismo da cidade fica a poucos minutos a p\u00e9 do centro hist\u00f3rico. O <a href=\"https:\/\/zoo.brusque.sc.gov.br\/o-zoo\/\" target=\"_blank\" rel=\"noreferrer noopener\"><strong>Parque Zoobot\u00e2nico de Brusque<\/strong><\/a>, fundado em 1992, ocupa 120 mil m\u00b2 de Mata Atl\u00e2ntica e abriga mais de 70 esp\u00e9cies da fauna brasileira.<\/p>\n\n\n\n<p>O parque tem 3.200 metros de caminhos pavimentados, 800 metros de trilhas ecol\u00f3gicas e um telef\u00e9rico de quase 600 metros que liga o zool\u00f3gico ao Morro da Caixa d&#8217;\u00c1gua, com vista panor\u00e2mica do vale. A unidade integra um corredor ecol\u00f3gico que conecta o bairro <strong>Guarani<\/strong> ao munic\u00edpio de <strong>Guabiruba<\/strong>.<\/p>\n\n\n<div class=\"wp-block-image\">\n<figure class=\"aligncenter size-large\"><img decoding=\"async\" width=\"1024\" height=\"576\" src=\"https:\/\/www.uai.com.br\/uainoticias\/wp-content\/uploads\/2026\/02\/Brusque2-1024x576.jpg\" alt=\"A cidade mais segura do Brasil fica no Vale Europeu e ompressiona com qualidade de vida excepcional\" class=\"wp-image-113046\" srcset=\"https:\/\/www.uai.com.br\/uainoticias\/wp-content\/uploads\/2026\/02\/Brusque2-1024x576.jpg 1024w, https:\/\/www.uai.com.br\/uainoticias\/wp-content\/uploads\/2026\/02\/Brusque2-300x169.jpg 300w, https:\/\/www.uai.com.br\/uainoticias\/wp-content\/uploads\/2026\/02\/Brusque2-768x432.jpg 768w, https:\/\/www.uai.com.br\/uainoticias\/wp-content\/uploads\/2026\/02\/Brusque2-750x422.jpg 750w, https:\/\/www.uai.com.br\/uainoticias\/wp-content\/uploads\/2026\/02\/Brusque2-1140x641.jpg 1140w, https:\/\/www.uai.com.br\/uainoticias\/wp-content\/uploads\/2026\/02\/Brusque2.jpg 1280w\" sizes=\"(max-width: 1024px) 100vw, 1024px\" \/><figcaption class=\"wp-element-caption\">Brusque, localizada no Vale do Itaja\u00ed, em Santa Catarina \/\/ Cr\u00e9ditos: Wikipedia \/ Wikimedia Commons<\/figcaption><\/figure><\/div>\n\n\n<p><strong>Leia tamb\u00e9m: <a href=\"https:\/\/www.uai.com.br\/uainoticias\/2026\/04\/25\/essa-cidade-nordestina-esta-em-alta-447-mais-estrangeiros-escolheram-esse-paraiso-de-mar-morno-e-brisa-perfeita\/\" target=\"_blank\" rel=\"noreferrer noopener\">Essa cidade nordestina est\u00e1 em alta: 44,7% mais estrangeiros escolheram esse para\u00edso de mar morno e brisa perfeita<\/a><\/strong><\/p>\n\n\n\n<h2 class=\"wp-block-heading\">O que fazer em Brusque?<\/h2>\n\n\n\n<p>A cidade re\u00fane ecoturismo, arte e religiosidade em poucos quil\u00f4metros, com a vantagem de poder caminhar com tranquilidade entre uma atra\u00e7\u00e3o e outra. Os pontos imperd\u00edveis s\u00e3o:<\/p>\n\n\n\n<ul class=\"wp-block-list\">\n<li><strong>Parque Zoobot\u00e2nico<\/strong>: 120 mil m\u00b2 de Mata Atl\u00e2ntica preservada, com trilhas, lagos e telef\u00e9rico de quase 600 metros.<\/li>\n\n\n\n<li><strong>Parque das Esculturas Ilse Teske<\/strong>: maior acervo de esculturas em m\u00e1rmore a c\u00e9u aberto da <strong>Am\u00e9rica do Sul<\/strong>, com 40 obras de artistas internacionais e uma pe\u00e7a assinada por <strong>Oscar Niemeyer<\/strong>, intitulada Tortura Nunca Mais.<\/li>\n\n\n\n<li><strong>Santu\u00e1rio de Nossa Senhora de Azambuja<\/strong>: templo erguido por colonos italianos em 1876, com Gruta de Lourdes e o <strong>Museu Arquidiocesano Dom Joaquim<\/strong>, que re\u00fane cerca de 4 mil pe\u00e7as de arte sacra.<\/li>\n\n\n\n<li><strong>Parque Leopoldo Moritz<\/strong>: ref\u00fagio verde urbano com lagos, quiosques e churrasqueiras, ligado ao Zoobot\u00e2nico pelo telef\u00e9rico.<\/li>\n\n\n\n<li><strong>Casa de Brusque<\/strong>: museu hist\u00f3rico do Itaja\u00ed-Mirim que conta a saga dos imigrantes alem\u00e3es, italianos e poloneses.<\/li>\n\n\n\n<li><strong>FIP, Feira da Moda de Brusque<\/strong>: complexo com mais de 200 lojas, \u00edcone do turismo de compras que faz da cidade a Capital do Tecido.<\/li>\n<\/ul>\n\n\n\n<p>Quem quer saber se ainda vale a pena fazer compras em <strong>Brusque<\/strong>, vai curtir esse v\u00eddeo especialmente selecionado do canal <strong>Na Rota da Trip<\/strong>, que conta com mais de <strong>10 mil<\/strong> visualiza\u00e7\u00f5es, onde o casal mostra os pre\u00e7os das f\u00e1bricas de roupas e a famosa loja <strong>Havan<\/strong> em <strong>Santa Catarina<\/strong>:<\/p>\n\n\n\n<figure class=\"wp-block-embed is-type-video is-provider-youtube wp-block-embed-youtube wp-embed-aspect-16-9 wp-has-aspect-ratio\"><div class=\"wp-block-embed__wrapper\">\n<div class=\"jeg_video_container jeg_video_content\"><iframe loading=\"lazy\" title=\"Comprar em Brusque em 2025 ainda vale a pena ?\" width=\"500\" height=\"281\" src=\"https:\/\/www.youtube.com\/embed\/8zIdGo1hxS0?feature=oembed\" frameborder=\"0\" allow=\"accelerometer; autoplay; clipboard-write; encrypted-media; gyroscope; picture-in-picture; web-share\" referrerpolicy=\"strict-origin-when-cross-origin\" allowfullscreen><\/iframe><\/div>\n<\/div><\/figure>\n\n\n\n<h2 class=\"wp-block-heading\">Como \u00e9 o clima em Brusque?<\/h2>\n\n\n\n<p>O clima \u00e9 subtropical \u00famido, com esta\u00e7\u00f5es bem definidas e chuvas distribu\u00eddas ao longo do ano. O ver\u00e3o \u00e9 quente e \u00famido, e o inverno traz dias mais secos e noites frias, ideais para a rota do caf\u00e9 colonial:<\/p>\n\n\n\n<style>\n    .clima-grid-uai116 { \n        --cor-primaria: #0278c0; --cor-secundaria: #ffd31a; --cor-txt-secundaria: #0278c0;\n        display: grid; grid-template-columns: repeat(auto-fit, minmax(190px, 1fr)); gap: 15px; justify-content: center; padding: 10px;\n    }\n    .clima-card-uai116 { border: 5px solid var(--cor-primaria); border-top: 5px solid var(--cor-secundaria); border-radius: 12px; background-color: var(--cor-primaria); background-clip: padding-box; display: flex; flex-direction: column; overflow: hidden; cursor: pointer; box-shadow: 0 6px 12px rgba(0,0,0, 0.2); transition: transform 0.2s ease, box-shadow 0.2s ease; -webkit-tap-highlight-color: transparent; user-select: none; transform: translateZ(0); animation: wmFadeIn 0.6s cubic-bezier(0.2, 0.8, 0.2, 1) backwards; }\n    .clima-card-uai116:focus-visible { outline: 3px dashed var(--cor-secundaria); outline-offset: 4px; }\n    .clima-card-uai116:nth-child(1) { animation-delay: 0.1s; } .clima-card-uai116:nth-child(2) { animation-delay: 0.2s; } .clima-card-uai116:nth-child(3) { animation-delay: 0.3s; } .clima-card-uai116:nth-child(4) { animation-delay: 0.4s; }\n    @keyframes wmFadeIn { from { opacity: 0; transform: translateY(30px); } to { opacity: 1; transform: translateY(0); } }\n    .clima-card-uai116:hover { transform: translateY(-5px); box-shadow: 0 15px 30px rgba(0,0,0, 0.3); }\n    .clima-card-uai116:active { transform: translateY(-1px) scale(0.97); box-shadow: 0 3px 6px rgba(0,0,0, 0.2); transition: transform 0.05s ease, box-shadow 0.05s ease; }\n    .clima-header-uai116 { background: #fdfbf5; padding: 15px 10px; text-align: center; display: flex; flex-direction: column; align-items: center; justify-content: center; }\n    .clima-body-uai116 { background: #ffffff; padding: 15px; display: flex; flex-direction: column; flex-grow: 1; align-items: center; }\n    .clima-destaque-uai116 { box-shadow: 0 8px 16px rgba(0,0,0, 0.25); }\n    .clima-destaque-uai116:hover { box-shadow: 0 18px 36px rgba(0,0,0, 0.35); }\n    .clima-destaque-uai116 .clima-header-uai116 { background: var(--cor-secundaria); }\n    .clima-destaque-uai116 .clima-header-uai116 .clima-titulo-uai116 { color: var(--cor-txt-secundaria) !important; } \n    .clima-pill-uai116 { display: flex; white-space: normal; max-width: 100%; box-sizing: border-box; justify-content: center; align-items: center; text-align: center; background: #e6f2fa; color: var(--cor-primaria); font-size: 11px; font-weight: 900 !important; letter-spacing: 0.5px; padding: 8px 16px; border-radius: 16px; text-transform: uppercase; line-height: 1.4; box-shadow: 0 4px 8px rgba(0,0,0, 0.15); margin-top: auto; transition: transform 0.2s ease; }\n    .clima-destaque-uai116 .clima-pill-uai116 { background: var(--cor-primaria); color: #ffffff; border: 1px solid #ffffff; } \n    .clima-card-uai116:hover .clima-pill-uai116 { transform: scale(1.06); }\n    .clima-pill-uai116 span { font-weight: 900 !important; color: inherit; } \n    .clima-emoji-uai116 { font-size: 24px; line-height: 1; margin-bottom: 5px; }\n    .clima-titulo-uai116 { color: var(--cor-primaria); font-size: 16px; text-transform: uppercase; margin-top: 5px; font-weight: bold; }\n    .clima-mes-uai116 { font-size: 11px; font-weight: 800; color: var(--cor-primaria); text-transform: uppercase; margin-bottom: 5px; display: block; }\n    .clima-temp-uai116 { font-size: 26px; font-weight: 900; color: var(--cor-primaria); margin-bottom: 10px; }\n    .clima-desc-uai116 { font-size: 13px; color: #444; text-align: center; line-height: 1.5; margin-bottom: 15px; flex-grow: 1;}\n    .clima-desc-uai116 strong { color: #111; }\n    @media (prefers-color-scheme: dark) {\n        .clima-card-uai116 { border-color: #014f7d; background-color: #014f7d; box-shadow: 0 6px 12px rgba(0,0,0, 0.5); }\n        .clima-header-uai116 { background: #1a1a1a; } .clima-body-uai116 { background: #121212; }\n        .clima-destaque-uai116 .clima-header-uai116 { background: var(--cor-secundaria); }\n        .clima-destaque-uai116 .clima-header-uai116 .clima-titulo-uai116 { color: var(--cor-txt-secundaria) !important; }\n        .clima-titulo-uai116 { color: #63b2e8; } .clima-mes-uai116 { color: #63b2e8; } .clima-temp-uai116 { color: #63b2e8; } .clima-desc-uai116 { color: #cccccc; } .clima-desc-uai116 strong { color: #ffffff; }\n        .clima-pill-uai116 { background: #014f7d; color: #ffffff; box-shadow: 0 4px 8px rgba(0, 0, 0, 0.5); }\n        .clima-destaque-uai116 .clima-pill-uai116 { background: #013859; color: #ffffff; border-color: #63b2e8; }\n    }\n<\/style>\n<div class=\"google-auto-ads-ignore clima-grid-uai116\" style=\"box-sizing: border-box; width: 100%; max-width: 980px; margin: 30px auto; font-family: 'Segoe UI', Roboto, Helvetica, Arial, sans-serif;\">\n    <div class=\"clima-card-uai116\" tabindex=\"0\">\n        <div class=\"clima-header-uai116\"><div class=\"clima-emoji-uai116\" aria-hidden=\"true\">\ud83d\udea1<\/div><div class=\"clima-titulo-uai116\">Ver\u00e3o<\/div><\/div>\n        <div class=\"clima-body-uai116\">\n            <time class=\"clima-mes-uai116\">Dezembro a fevereiro<\/time><div class=\"clima-temp-uai116\">20\u00b0C a 32\u00b0C<\/div>\n            <div class=\"clima-desc-uai116\">A temperatura sobe muito na regi\u00e3o, com alta umidade e chuvas. \u00d3tima pedida para ver as vistas espetaculares das <strong>trilhas e o telef\u00e9rico do Zoobot\u00e2nico<\/strong>.<\/div>\n            <div class=\"clima-pill-uai116\"><span>\u2614 Chuva Alta<\/span><\/div>\n        <\/div>\n    <\/div>\n    <div class=\"clima-card-uai116\" tabindex=\"0\">\n        <div class=\"clima-header-uai116\"><div class=\"clima-emoji-uai116\" aria-hidden=\"true\">\ud83d\udecd\ufe0f<\/div><div class=\"clima-titulo-uai116\">Outono<\/div><\/div>\n        <div class=\"clima-body-uai116\">\n            <time class=\"clima-mes-uai116\">Mar\u00e7o a maio<\/time><div class=\"clima-temp-uai116\">15\u00b0C a 27\u00b0C<\/div>\n            <div class=\"clima-desc-uai116\">A chuva come\u00e7a a cair e os dias ficam confort\u00e1veis. Fase tradicional para bater pernas sem o sol castigador, fazendo <strong>compras e os museus do centro<\/strong>.<\/div>\n            <div class=\"clima-pill-uai116\"><span>\u2601\ufe0f Chuva M\u00e9dia<\/span><\/div>\n        <\/div>\n    <\/div>\n    <div class=\"clima-card-uai116 clima-destaque-uai116\" tabindex=\"0\">\n        <div class=\"clima-header-uai116\"><div class=\"clima-emoji-uai116\" aria-hidden=\"true\">\u2615<\/div><div class=\"clima-titulo-uai116\">Inverno<\/div><\/div>\n        <div class=\"clima-body-uai116\">\n            <time class=\"clima-mes-uai116\">Junho a agosto<\/time><div class=\"clima-temp-uai116\">9\u00b0C a 22\u00b0C<\/div>\n            <div class=\"clima-desc-uai116\">A melhor e mais charmosa \u00e9poca de Brusque. A seca fria traz o ambiente perfeito para aproveitar os fartos <strong>caf\u00e9s coloniais e o Santu\u00e1rio de Azambuja<\/strong>.<\/div>\n            <div class=\"clima-pill-uai116\"><span>\u2b50 Melhor \u00c9poca \/ Seco e Frio<\/span><\/div>\n        <\/div>\n    <\/div>\n    <div class=\"clima-card-uai116\" tabindex=\"0\">\n        <div class=\"clima-header-uai116\"><div class=\"clima-emoji-uai116\" aria-hidden=\"true\">\ud83c\udf33<\/div><div class=\"clima-titulo-uai116\">Primavera<\/div><\/div>\n        <div class=\"clima-body-uai116\">\n            <time class=\"clima-mes-uai116\">Setembro a novembro<\/time><div class=\"clima-temp-uai116\">14\u00b0C a 26\u00b0C<\/div>\n            <div class=\"clima-desc-uai116\">As chuvas m\u00e9dias retornam deixando o ar \u00famido novamente. Roteiro muito agrad\u00e1vel para as <strong>caminhadas floridas e ver o Parque das Esculturas<\/strong>.<\/div>\n            <div class=\"clima-pill-uai116\"><span>\u2601\ufe0f Chuva M\u00e9dia<\/span><\/div>\n        <\/div>\n    <\/div>\n<\/div>\n\n\n\n<p><em>Temperaturas aproximadas com base no <a href=\"https:\/\/www.climatempo.com.br\/previsao-do-tempo\/cidade\/1429\/brusque-sc\" target=\"_blank\" rel=\"noreferrer noopener\"><strong>Climatempo<\/strong><\/a>. Condi\u00e7\u00f5es podem variar.<\/em><\/p>\n\n\n\n<h2 class=\"wp-block-heading\">Como chegar em Brusque?<\/h2>\n\n\n\n<p>O acesso principal \u00e9 pela rodovia BR-101 e pela SC-486 (Rodovia Ant\u00f4nio Heil), que liga a cidade a <strong>Itaja\u00ed<\/strong> em cerca de 30 km. A capital <strong>Florian\u00f3polis<\/strong> fica a 99 km, em pouco mais de uma hora de viagem.<\/p>\n\n\n\n<p>O aeroporto mais pr\u00f3ximo \u00e9 o <strong>Ministro Victor Konder<\/strong>, em <strong>Navegantes<\/strong>, a cerca de 50 km do centro. O <strong>Aeroporto Internacional Herc\u00edlio Luz<\/strong>, em Florian\u00f3polis, atende voos de maior porte e fica a aproximadamente 100 km da cidade.<\/p>\n\n\n\n<h2 class=\"wp-block-heading\">Conhe\u00e7a a cidade que une seguran\u00e7a e Mata Atl\u00e2ntica<\/h2>\n\n\n\n<p>Poucos lugares no <strong>Brasil<\/strong> re\u00fanem o t\u00edtulo de cidade mais segura do pa\u00eds, uma floresta inteira no centro e o maior acervo de esculturas em m\u00e1rmore a c\u00e9u aberto do continente. O ritmo tranquilo das ruas \u00e9 heran\u00e7a direta da imigra\u00e7\u00e3o europeia que fundou o munic\u00edpio em 1860.<\/p>\n\n\n\n<p>Voc\u00ea precisa pegar a Ant\u00f4nio Heil e descobrir por que Brusque virou refer\u00eancia nacional em qualidade de vida sem perder o sotaque germ\u00e2nico das padarias.<\/p>\n","protected":false},"excerpt":{"rendered":"<p>No Vale do Itaja\u00ed, em Santa Catarina, uma cidade de pouco mais de 150 mil habitantes lidera o ranking nacional de seguran\u00e7a e guarda atra\u00e7\u00f5es de ecoturismo dentro do pr\u00f3prio centro. Brusque registrou apenas 1,4 homic\u00eddio por 100 mil habitantes em 2025, a menor taxa do pa\u00eds. Por que Brusque foi eleita a cidade mais [&hellip;]<\/p>\n","protected":false},"author":14,"featured_media":128080,"comment_status":"open","ping_status":"open","sticky":false,"template":"","format":"standard","meta":{"jnews-multi-image_gallery":[],"jnews_single_post":{"format":"standard"},"jnews_primary_category":[],"jnews_social_meta":[],"jnews_override_counter":[],"footnotes":""},"categories":[210],"tags":[17262,234,2611],"class_list":["post-127705","post","type-post","status-publish","format-standard","has-post-thumbnail","hentry","category-cidades","tag-brusque","tag-cidades","tag-santa-catarina"],"yoast_head":"<!-- This site is optimized with the Yoast SEO plugin v26.5 - https:\/\/yoast.com\/wordpress\/plugins\/seo\/ -->\n<title>A cidade mais segura do Brasil esconde qualidade de vida europeia com 120 mil m\u00b2 de mata no centro e o maior parque de esculturas a c\u00e9u aberto da Am\u00e9rica do Sul - UAI Not\u00edcias<\/title>\n<meta name=\"description\" content=\"Conhe\u00e7a a cidade mais segura do pa\u00eds tem 120 mil m\u00b2 de mata no centro e o maior parque de esculturas da Am\u00e9rica do Sul.\" \/>\n<meta name=\"robots\" content=\"index, follow, max-snippet:-1, max-image-preview:large, max-video-preview:-1\" \/>\n<link rel=\"canonical\" href=\"https:\/\/www.uai.com.br\/uainoticias\/2026\/04\/29\/a-cidade-mais-segura-do-brasil-esconde-qualidade-de-vida-europeia-com-120-mil-m\u00b2-de-mata-no-centro-e-o-maior-parque-de-esculturas-a-ceu-aberto-da-america-do-sul\/\" \/>\n<meta property=\"og:locale\" content=\"pt_BR\" \/>\n<meta property=\"og:type\" content=\"article\" \/>\n<meta property=\"og:title\" content=\"A cidade mais segura do Brasil esconde qualidade de vida europeia com 120 mil m\u00b2 de mata no centro e o maior parque de esculturas a c\u00e9u aberto da Am\u00e9rica do Sul - UAI Not\u00edcias\" \/>\n<meta property=\"og:description\" content=\"Conhe\u00e7a a cidade mais segura do pa\u00eds tem 120 mil m\u00b2 de mata no centro e o maior parque de esculturas da Am\u00e9rica do Sul.\" \/>\n<meta property=\"og:url\" content=\"https:\/\/www.uai.com.br\/uainoticias\/2026\/04\/29\/a-cidade-mais-segura-do-brasil-esconde-qualidade-de-vida-europeia-com-120-mil-m\u00b2-de-mata-no-centro-e-o-maior-parque-de-esculturas-a-ceu-aberto-da-america-do-sul\/\" \/>\n<meta property=\"og:site_name\" content=\"UAI Not\u00edcias\" \/>\n<meta property=\"article:published_time\" content=\"2026-04-29T19:25:00+00:00\" \/>\n<meta property=\"og:image\" content=\"https:\/\/www.uai.com.br\/uainoticias\/wp-content\/uploads\/2026\/04\/City_integrated_with_202604280626.jpg\" \/>\n\t<meta property=\"og:image:width\" content=\"1280\" \/>\n\t<meta property=\"og:image:height\" content=\"720\" \/>\n\t<meta property=\"og:image:type\" content=\"image\/jpeg\" \/>\n<meta name=\"author\" content=\"Vitor Bruno\" \/>\n<meta name=\"twitter:card\" content=\"summary_large_image\" \/>\n<meta name=\"twitter:label1\" content=\"Escrito por\" \/>\n\t<meta name=\"twitter:data1\" content=\"Vitor Bruno\" \/>\n\t<meta name=\"twitter:label2\" content=\"Est. tempo de leitura\" \/>\n\t<meta name=\"twitter:data2\" content=\"6 minutos\" \/>\n<!-- \/ Yoast SEO plugin. -->","yoast_head_json":{"title":"A cidade mais segura do Brasil esconde qualidade de vida europeia com 120 mil m\u00b2 de mata no centro e o maior parque de esculturas a c\u00e9u aberto da Am\u00e9rica do Sul - UAI Not\u00edcias","description":"Conhe\u00e7a a cidade mais segura do pa\u00eds tem 120 mil m\u00b2 de mata no centro e o maior parque de esculturas da Am\u00e9rica do Sul.","robots":{"index":"index","follow":"follow","max-snippet":"max-snippet:-1","max-image-preview":"max-image-preview:large","max-video-preview":"max-video-preview:-1"},"canonical":"https:\/\/www.uai.com.br\/uainoticias\/2026\/04\/29\/a-cidade-mais-segura-do-brasil-esconde-qualidade-de-vida-europeia-com-120-mil-m\u00b2-de-mata-no-centro-e-o-maior-parque-de-esculturas-a-ceu-aberto-da-america-do-sul\/","og_locale":"pt_BR","og_type":"article","og_title":"A cidade mais segura do Brasil esconde qualidade de vida europeia com 120 mil m\u00b2 de mata no centro e o maior parque de esculturas a c\u00e9u aberto da Am\u00e9rica do Sul - UAI Not\u00edcias","og_description":"Conhe\u00e7a a cidade mais segura do pa\u00eds tem 120 mil m\u00b2 de mata no centro e o maior parque de esculturas da Am\u00e9rica do Sul.","og_url":"https:\/\/www.uai.com.br\/uainoticias\/2026\/04\/29\/a-cidade-mais-segura-do-brasil-esconde-qualidade-de-vida-europeia-com-120-mil-m\u00b2-de-mata-no-centro-e-o-maior-parque-de-esculturas-a-ceu-aberto-da-america-do-sul\/","og_site_name":"UAI Not\u00edcias","article_published_time":"2026-04-29T19:25:00+00:00","og_image":[{"width":1280,"height":720,"url":"https:\/\/www.uai.com.br\/uainoticias\/wp-content\/uploads\/2026\/04\/City_integrated_with_202604280626.jpg","type":"image\/jpeg"}],"author":"Vitor Bruno","twitter_card":"summary_large_image","twitter_misc":{"Escrito por":"Vitor Bruno","Est. tempo de leitura":"6 minutos"},"schema":{"@context":"https:\/\/schema.org","@graph":[{"@type":"WebPage","@id":"https:\/\/www.uai.com.br\/uainoticias\/2026\/04\/29\/a-cidade-mais-segura-do-brasil-esconde-qualidade-de-vida-europeia-com-120-mil-m%c2%b2-de-mata-no-centro-e-o-maior-parque-de-esculturas-a-ceu-aberto-da-america-do-sul\/","url":"https:\/\/www.uai.com.br\/uainoticias\/2026\/04\/29\/a-cidade-mais-segura-do-brasil-esconde-qualidade-de-vida-europeia-com-120-mil-m%c2%b2-de-mata-no-centro-e-o-maior-parque-de-esculturas-a-ceu-aberto-da-america-do-sul\/","name":"A cidade mais segura do Brasil esconde qualidade de vida europeia com 120 mil m\u00b2 de mata no centro e o maior parque de esculturas a c\u00e9u aberto da Am\u00e9rica do Sul - UAI Not\u00edcias","isPartOf":{"@id":"https:\/\/www.uai.com.br\/uainoticias\/#website"},"primaryImageOfPage":{"@id":"https:\/\/www.uai.com.br\/uainoticias\/2026\/04\/29\/a-cidade-mais-segura-do-brasil-esconde-qualidade-de-vida-europeia-com-120-mil-m%c2%b2-de-mata-no-centro-e-o-maior-parque-de-esculturas-a-ceu-aberto-da-america-do-sul\/#primaryimage"},"image":{"@id":"https:\/\/www.uai.com.br\/uainoticias\/2026\/04\/29\/a-cidade-mais-segura-do-brasil-esconde-qualidade-de-vida-europeia-com-120-mil-m%c2%b2-de-mata-no-centro-e-o-maior-parque-de-esculturas-a-ceu-aberto-da-america-do-sul\/#primaryimage"},"thumbnailUrl":"https:\/\/www.uai.com.br\/uainoticias\/wp-content\/uploads\/2026\/04\/City_integrated_with_202604280626.jpg","datePublished":"2026-04-29T19:25:00+00:00","author":{"@id":"https:\/\/www.uai.com.br\/uainoticias\/#\/schema\/person\/03130d752d0ce4e3bb0f607f1bc85084"},"description":"Conhe\u00e7a a cidade mais segura do pa\u00eds tem 120 mil m\u00b2 de mata no centro e o maior parque de esculturas da Am\u00e9rica do Sul.","breadcrumb":{"@id":"https:\/\/www.uai.com.br\/uainoticias\/2026\/04\/29\/a-cidade-mais-segura-do-brasil-esconde-qualidade-de-vida-europeia-com-120-mil-m%c2%b2-de-mata-no-centro-e-o-maior-parque-de-esculturas-a-ceu-aberto-da-america-do-sul\/#breadcrumb"},"inLanguage":"pt-BR","potentialAction":[{"@type":"ReadAction","target":["https:\/\/www.uai.com.br\/uainoticias\/2026\/04\/29\/a-cidade-mais-segura-do-brasil-esconde-qualidade-de-vida-europeia-com-120-mil-m%c2%b2-de-mata-no-centro-e-o-maior-parque-de-esculturas-a-ceu-aberto-da-america-do-sul\/"]}]},{"@type":"ImageObject","inLanguage":"pt-BR","@id":"https:\/\/www.uai.com.br\/uainoticias\/2026\/04\/29\/a-cidade-mais-segura-do-brasil-esconde-qualidade-de-vida-europeia-com-120-mil-m%c2%b2-de-mata-no-centro-e-o-maior-parque-de-esculturas-a-ceu-aberto-da-america-do-sul\/#primaryimage","url":"https:\/\/www.uai.com.br\/uainoticias\/wp-content\/uploads\/2026\/04\/City_integrated_with_202604280626.jpg","contentUrl":"https:\/\/www.uai.com.br\/uainoticias\/wp-content\/uploads\/2026\/04\/City_integrated_with_202604280626.jpg","width":1280,"height":720,"caption":"A cidade mais segura do Brasil esconde qualidade de vida europeia com 120 mil m\u00b2 de mata no centro e o maior parque de esculturas a c\u00e9u aberto da Am\u00e9rica do Sul \/\/ IMAGEM ILUSTRATIVA"},{"@type":"BreadcrumbList","@id":"https:\/\/www.uai.com.br\/uainoticias\/2026\/04\/29\/a-cidade-mais-segura-do-brasil-esconde-qualidade-de-vida-europeia-com-120-mil-m%c2%b2-de-mata-no-centro-e-o-maior-parque-de-esculturas-a-ceu-aberto-da-america-do-sul\/#breadcrumb","itemListElement":[{"@type":"ListItem","position":1,"name":"In\u00edcio","item":"https:\/\/www.uai.com.br\/uainoticias\/"},{"@type":"ListItem","position":2,"name":"A cidade mais segura do Brasil esconde qualidade de vida europeia com 120 mil m\u00b2 de mata no centro e o maior parque de esculturas a c\u00e9u aberto da Am\u00e9rica do Sul"}]},{"@type":"WebSite","@id":"https:\/\/www.uai.com.br\/uainoticias\/#website","url":"https:\/\/www.uai.com.br\/uainoticias\/","name":"UAI Not\u00edcias","description":"Acompanhe as \u00faltimas not\u00edcias e fique bem informado sobre tudo o que acontece no Brasil e no mundo.","potentialAction":[{"@type":"SearchAction","target":{"@type":"EntryPoint","urlTemplate":"https:\/\/www.uai.com.br\/uainoticias\/?s={search_term_string}"},"query-input":{"@type":"PropertyValueSpecification","valueRequired":true,"valueName":"search_term_string"}}],"inLanguage":"pt-BR"},{"@type":"Person","@id":"https:\/\/www.uai.com.br\/uainoticias\/#\/schema\/person\/03130d752d0ce4e3bb0f607f1bc85084","name":"Vitor Bruno","image":{"@type":"ImageObject","inLanguage":"pt-BR","@id":"https:\/\/www.uai.com.br\/uainoticias\/#\/schema\/person\/image\/","url":"https:\/\/secure.gravatar.com\/avatar\/ab0513148053bbb80c117cdd35f8a0f2742d41eebbac321acf8df2e633d81609?s=96&d=mm&r=g","contentUrl":"https:\/\/secure.gravatar.com\/avatar\/ab0513148053bbb80c117cdd35f8a0f2742d41eebbac321acf8df2e633d81609?s=96&d=mm&r=g","caption":"Vitor Bruno"},"sameAs":["https:\/\/www.uai.com.br\/uainoticias\/"],"url":"https:\/\/www.uai.com.br\/uainoticias\/author\/vitor\/"}]}},"_links":{"self":[{"href":"https:\/\/www.uai.com.br\/uainoticias\/wp-json\/wp\/v2\/posts\/127705","targetHints":{"allow":["GET"]}}],"collection":[{"href":"https:\/\/www.uai.com.br\/uainoticias\/wp-json\/wp\/v2\/posts"}],"about":[{"href":"https:\/\/www.uai.com.br\/uainoticias\/wp-json\/wp\/v2\/types\/post"}],"author":[{"embeddable":true,"href":"https:\/\/www.uai.com.br\/uainoticias\/wp-json\/wp\/v2\/users\/14"}],"replies":[{"embeddable":true,"href":"https:\/\/www.uai.com.br\/uainoticias\/wp-json\/wp\/v2\/comments?post=127705"}],"version-history":[{"count":7,"href":"https:\/\/www.uai.com.br\/uainoticias\/wp-json\/wp\/v2\/posts\/127705\/revisions"}],"predecessor-version":[{"id":128081,"href":"https:\/\/www.uai.com.br\/uainoticias\/wp-json\/wp\/v2\/posts\/127705\/revisions\/128081"}],"wp:featuredmedia":[{"embeddable":true,"href":"https:\/\/www.uai.com.br\/uainoticias\/wp-json\/wp\/v2\/media\/128080"}],"wp:attachment":[{"href":"https:\/\/www.uai.com.br\/uainoticias\/wp-json\/wp\/v2\/media?parent=127705"}],"wp:term":[{"taxonomy":"category","embeddable":true,"href":"https:\/\/www.uai.com.br\/uainoticias\/wp-json\/wp\/v2\/categories?post=127705"},{"taxonomy":"post_tag","embeddable":true,"href":"https:\/\/www.uai.com.br\/uainoticias\/wp-json\/wp\/v2\/tags?post=127705"}],"curies":[{"name":"wp","href":"https:\/\/api.w.org\/{rel}","templated":true}]}}